{"id":1352,"date":"2009-06-15T09:58:37","date_gmt":"2009-06-15T08:58:37","guid":{"rendered":"http:\/\/blog.infoempleo.com\/?p=1352"},"modified":"2023-03-13T19:29:11","modified_gmt":"2023-03-13T17:29:11","slug":"las-tres-ventajas-de-la-recolocacion","status":"publish","type":"post","link":"https:\/\/empresas.infoempleo.com\/hrtrends\/las-tres-ventajas-de-la-recolocacion\/","title":{"rendered":"Las tres ventajas de la recolocaci\u00f3n"},"content":{"rendered":"<p>Seg\u00fan un informe elaborado por <a class=\"wp-caption-dd\" title=\"Informe Recolocaci\u00f3n 2008. Creade\" href=\"https:\/\/www.adecco.es\/error.html\" target=\"_blank\" rel=\"noopener\">Creade<\/a>, entre 2007 y 2008, el n\u00famero de expedientes de regulaci\u00f3n de empleo creci\u00f3 en un 153,6% y el de usuarios de programas de recolocaci\u00f3n pas\u00f3 de 2.429 a 5.253. \u00bfProporcional? \u00bfl\u00f3gico? Para un matem\u00e1tico s\u00ed, sin embargo, dado el poco uso que hasta el momento se le hab\u00eda dado a estos planes, sus especialistas quieren matizar que dicho incremento se debe a que <strong>empezamos a descubrir las ventajas de estos planes y que son tres:<\/strong> ayuda a la empresa de salida en su imagen y negociaci\u00f3n de despidos; al empleado, en la recuperaci\u00f3n de la autoestima y la b\u00fasqueda de empleo; y&#8230; a la compa\u00f1\u00eda de destino, que recibe a un trabajador motivado sin ning\u00fan coste de selecci\u00f3n previa.<\/p>\n<p style=\"text-align: center\">\n<p>El director de Recursos Humanos de Gallina Blanca pas\u00f3 de contratar servicios de \u2018outplacement&#8217; para los empleados de esta firma a ser \u00e9l mismo uno de sus usuarios tras la reestructuraci\u00f3n de su departamento. Y de ah\u00ed, y ya en su nuevo puesto en Carburos Met\u00e1licos, a tenerlos en cuenta para los procesos de selecci\u00f3n de esta compa\u00f1\u00eda. \u00abHay muchos y muy buenos profesionales entre ellos -explica-. Adem\u00e1s, tienen m\u00e1s motivaci\u00f3n que otros que siguen trabajando, y el acceso a este colectivo, a trav\u00e9s de este tipo de consultoras, es gratuito\u00bb. Visto ahora desde sus m\u00faltiples \u00e1ngulos -\u00abporque el que seas experto en recursos humanos no te hace conocer el otro lado de la cadena\u00bb-, Nieto no s\u00f3lo destaca los beneficios para las posibles empresas receptoras. Tambi\u00e9n insiste en la ayuda que supone para las originarias, que gracias a sus servicios, mejoran su plan social y los pactos de la desvinculaci\u00f3n de empleados, y sobre todo, para el empleado \u00abque lleva tanto tiempo en la misma compa\u00f1\u00eda, que no sabe c\u00f3mo regresar al mercado laboral o si va a poder hacerlo alg\u00fan d\u00eda\u00bb.<\/p>\n<p><strong>Un largo camino<\/strong><\/p>\n<p><strong>Jos\u00e9 Miguel Espinar<\/strong> llevaba treinta a\u00f1os en el sector de las tecnolog\u00edas de la informaci\u00f3n y la comunicaci\u00f3n, veinte de ellos como directivo, que en mayo del a\u00f1o pasado llegaron a su fin. Dentro del plan de recolocaci\u00f3n de su ex compa\u00f1\u00eda, Indra, accedi\u00f3 a un programa de recolocaci\u00f3n de Creade. \u00abSab\u00eda que por sueldo y responsabilidad, pod\u00eda ocurrir, pero no qu\u00e9 era lo que har\u00eda despu\u00e9s\u00bb, comenta Espinar. Porque a m\u00e1s tiempo en una empresa menos perspectiva del mercado laboral. Y el \u2018outplacement&#8217; puso nombre y apellidos a su perfil y lo prepar\u00f3 para aprovechar con fuerza y conocimiento su nueva situaci\u00f3n: \u00abMe ayud\u00f3 a verme con objetividad, a preparar mi curr\u00edculum para un mercado que no conoc\u00eda y a hacerme valer\u00bb. Diez meses despu\u00e9s consigui\u00f3 su meta, de nuevo en el universo TIC y con una conclusi\u00f3n: \u00abEn Espa\u00f1a todav\u00eda no utilizamos lo suficiente estos m\u00e9todos, a ciertas escalas preferimos los contactos, que tienen muchas m\u00e1s posibilidades de error y pueden terminar perjudicando a la compa\u00f1\u00eda\u00bb. \u00abEn el mundo anglosaj\u00f3n, en cambio, es completamente distinto y, por eso, les va mejor en todo lo relacionado con selecci\u00f3n\u00bb, explica.<\/p>\n<p>Para los expertos, nuestro pa\u00eds sigue lento pero seguro hacia ese nuevo escenario con m\u00e1s empresas y sindicatos de parte del universo de la recolocaci\u00f3n. Pero no todo est\u00e1 de su mano. Desgraciadamente, y como concluye <strong>Jes\u00fas Nieto<\/strong>, \u00abtodav\u00eda son muchos los empleados que rechazan la posibilidad de este servicio; piden que se les d\u00e9 el dinero que este programa le costar\u00eda a la compa\u00f1\u00eda antes de beneficiarse de \u00e9l\u00bb.<\/p>\n","protected":false},"excerpt":{"rendered":"<p>Un estudio elaborado por la consultora Creade LHH de Adecco, pone de manifiesto el aumento en el n\u00famero de personas que se han acogido a planes de \u201coutplacement\u201d en Espa\u00f1a. En menos de un a\u00f1o, la cifra de usuarios de estos servicios ha pasado de 2.429 a 5.253.<\/p>\n","protected":false},"author":35,"featured_media":29665,"comment_status":"closed","ping_status":"open","sticky":false,"template":"","format":"standard","meta":{"footnotes":""},"categories":[3],"tags":[208,209,210,211,212,213,214,215],"class_list":["post-1352","post","type-post","status-publish","format-standard","has-post-thumbnail","hentry","category-actualidad","tag-autoestima","tag-creade","tag-curriculum","tag-head-hunter","tag-jesus-nieto","tag-jose-miguel-espinar","tag-outplacement","tag-recolocacion"],"yoast_head":"<!-- This site is optimized with the Yoast SEO plugin v26.1.1 - https:\/\/yoast.com\/wordpress\/plugins\/seo\/ -->\n<title>Las tres ventajas de la recolocaci\u00f3n | HRTRENDS<\/title>\n<meta name=\"robots\" content=\"index, follow, max-snippet:-1, max-image-preview:large, max-video-preview:-1\" \/>\n<link rel=\"canonical\" href=\"https:\/\/empresas.infoempleo.com\/hrtrends\/las-tres-ventajas-de-la-recolocacion\/\" \/>\n<meta property=\"og:locale\" content=\"es_ES\" \/>\n<meta property=\"og:type\" content=\"article\" \/>\n<meta property=\"og:title\" content=\"Las tres ventajas de la recolocaci\u00f3n | HRTRENDS\" \/>\n<meta property=\"og:description\" content=\"Un estudio elaborado por la consultora Creade LHH de Adecco, pone de manifiesto el aumento en el n\u00famero de personas que se han acogido a planes de \u201coutplacement\u201d en Espa\u00f1a. En menos de un a\u00f1o, la cifra de usuarios de estos servicios ha pasado de 2.429 a 5.253.\" \/>\n<meta property=\"og:url\" content=\"https:\/\/empresas.infoempleo.com\/hrtrends\/las-tres-ventajas-de-la-recolocacion\/\" \/>\n<meta property=\"og:site_name\" content=\"HRTRENDS\" \/>\n<meta property=\"article:publisher\" content=\"https:\/\/www.facebook.com\/Infoempleo\" \/>\n<meta property=\"article:published_time\" content=\"2009-06-15T08:58:37+00:00\" \/>\n<meta property=\"article:modified_time\" content=\"2023-03-13T17:29:11+00:00\" \/>\n<meta property=\"og:image\" content=\"https:\/\/empresas.infoempleo.com\/hrtrends\/media\/2017\/05\/pexels-photo-205508.jpg\" \/>\n\t<meta property=\"og:image:width\" content=\"1280\" \/>\n\t<meta property=\"og:image:height\" content=\"960\" \/>\n\t<meta property=\"og:image:type\" content=\"image\/jpeg\" \/>\n<meta name=\"author\" content=\"Laura de Cubas\" \/>\n<meta name=\"twitter:card\" content=\"summary_large_image\" \/>\n<meta name=\"twitter:creator\" content=\"@infoempleo\" \/>\n<meta name=\"twitter:site\" content=\"@infoempleo\" \/>\n<meta name=\"twitter:label1\" content=\"Escrito por\" \/>\n\t<meta name=\"twitter:data1\" content=\"Laura de Cubas\" \/>\n\t<meta name=\"twitter:label2\" content=\"Tiempo de lectura\" \/>\n\t<meta name=\"twitter:data2\" content=\"3 minutos\" \/>\n<script type=\"application\/ld+json\" class=\"yoast-schema-graph\">{\"@context\":\"https:\/\/schema.org\",\"@graph\":[{\"@type\":\"NewsArticle\",\"@id\":\"https:\/\/empresas.infoempleo.com\/hrtrends\/las-tres-ventajas-de-la-recolocacion\/#article\",\"isPartOf\":{\"@id\":\"https:\/\/empresas.infoempleo.com\/hrtrends\/las-tres-ventajas-de-la-recolocacion\/\"},\"author\":{\"name\":\"Laura de Cubas\",\"@id\":\"https:\/\/empresas.infoempleo.com\/hrtrends\/#\/schema\/person\/eee830fc2082cd3b52302e59ea0d2c05\"},\"headline\":\"Las tres ventajas de la recolocaci\u00f3n\",\"datePublished\":\"2009-06-15T08:58:37+00:00\",\"dateModified\":\"2023-03-13T17:29:11+00:00\",\"mainEntityOfPage\":{\"@id\":\"https:\/\/empresas.infoempleo.com\/hrtrends\/las-tres-ventajas-de-la-recolocacion\/\"},\"wordCount\":636,\"publisher\":{\"@id\":\"https:\/\/empresas.infoempleo.com\/hrtrends\/#organization\"},\"image\":{\"@id\":\"https:\/\/empresas.infoempleo.com\/hrtrends\/las-tres-ventajas-de-la-recolocacion\/#primaryimage\"},\"thumbnailUrl\":\"https:\/\/empresas.infoempleo.com\/hrtrends\/media\/2017\/05\/pexels-photo-205508.jpg\",\"keywords\":[\"autoestima\",\"Creade\",\"curr\u00edculum\",\"Head hunter\",\"Jes\u00fas Nieto\",\"Jos\u00e9 Miguel Espinar\",\"Outplacement\",\"recolocaci\u00f3n\"],\"articleSection\":[\"Actualidad\"],\"inLanguage\":\"es\",\"copyrightYear\":\"2009\",\"copyrightHolder\":{\"@id\":\"https:\/\/empresas.infoempleo.com\/hrtrends\/#organization\"}},{\"@type\":\"WebPage\",\"@id\":\"https:\/\/empresas.infoempleo.com\/hrtrends\/las-tres-ventajas-de-la-recolocacion\/\",\"url\":\"https:\/\/empresas.infoempleo.com\/hrtrends\/las-tres-ventajas-de-la-recolocacion\/\",\"name\":\"Las tres ventajas de la recolocaci\u00f3n | HRTRENDS\",\"isPartOf\":{\"@id\":\"https:\/\/empresas.infoempleo.com\/hrtrends\/#website\"},\"primaryImageOfPage\":{\"@id\":\"https:\/\/empresas.infoempleo.com\/hrtrends\/las-tres-ventajas-de-la-recolocacion\/#primaryimage\"},\"image\":{\"@id\":\"https:\/\/empresas.infoempleo.com\/hrtrends\/las-tres-ventajas-de-la-recolocacion\/#primaryimage\"},\"thumbnailUrl\":\"https:\/\/empresas.infoempleo.com\/hrtrends\/media\/2017\/05\/pexels-photo-205508.jpg\",\"datePublished\":\"2009-06-15T08:58:37+00:00\",\"dateModified\":\"2023-03-13T17:29:11+00:00\",\"breadcrumb\":{\"@id\":\"https:\/\/empresas.infoempleo.com\/hrtrends\/las-tres-ventajas-de-la-recolocacion\/#breadcrumb\"},\"inLanguage\":\"es\",\"potentialAction\":[{\"@type\":\"ReadAction\",\"target\":[\"https:\/\/empresas.infoempleo.com\/hrtrends\/las-tres-ventajas-de-la-recolocacion\/\"]}]},{\"@type\":\"ImageObject\",\"inLanguage\":\"es\",\"@id\":\"https:\/\/empresas.infoempleo.com\/hrtrends\/las-tres-ventajas-de-la-recolocacion\/#primaryimage\",\"url\":\"https:\/\/empresas.infoempleo.com\/hrtrends\/media\/2017\/05\/pexels-photo-205508-150x150.jpg\",\"contentUrl\":\"https:\/\/empresas.infoempleo.com\/hrtrends\/media\/2017\/05\/pexels-photo-205508-150x150.jpg\",\"width\":150,\"height\":150},{\"@type\":\"BreadcrumbList\",\"@id\":\"https:\/\/empresas.infoempleo.com\/hrtrends\/las-tres-ventajas-de-la-recolocacion\/#breadcrumb\",\"itemListElement\":[{\"@type\":\"ListItem\",\"position\":1,\"name\":\"Portada\",\"item\":\"https:\/\/empresas.infoempleo.com\/hrtrends\/\"},{\"@type\":\"ListItem\",\"position\":2,\"name\":\"Las tres ventajas de la recolocaci\u00f3n\"}]},{\"@type\":\"WebSite\",\"@id\":\"https:\/\/empresas.infoempleo.com\/hrtrends\/#website\",\"url\":\"https:\/\/empresas.infoempleo.com\/hrtrends\",\"name\":\"HRTrends by Infoempleo\",\"description\":\"\",\"publisher\":{\"@id\":\"https:\/\/empresas.infoempleo.com\/hrtrends\/#organization\"},\"potentialAction\":{\"@type\":\"SearchAction\",\"target\":\"https:\/\/empresas.infoempleo.com\/hrtrends\/?s={search_term_string}\",\"query-input\":\"required name=search_term_string\"},\"inLanguage\":\"es\"},{\"@type\":\"Organization\",\"@id\":\"https:\/\/empresas.infoempleo.com\/hrtrends\/#organization\",\"name\":\"Infoempleo\",\"url\":\"https:\/\/www.infoempleo.com\/\",\"logo\":{\"@type\":\"ImageObject\",\"@id\":\"https:\/\/empresas.infoempleo.com\/hrtrends\/#logo\",\"inLanguage\":\"es\",\"url\":\"https:\/\/cdnazure.infoempleo.com\/infoempleo\/assets\/style\/gfx\/logo.svg\",\"contentUrl\":\"https:\/\/cdnazure.infoempleo.com\/infoempleo\/assets\/style\/gfx\/logo.svg\",\"width\":150,\"height\":40,\"caption\":\"Infoempleo\"},\"image\":{\"@id\":\"https:\/\/empresas.infoempleo.com\/hrtrends\/#logo\"},\"sameAs\":[\"https:\/\/www.facebook.com\/Infoempleo\",\"https:\/\/x.com\/infoempleo\",\"http:\/\/instagram.com\/infoempleo\/\",\"http:\/\/www.linkedin.com\/groups\/Empleo-Espa\u00f1a-Infoempleocom-111276\",\"http:\/\/pinterest.com\/infoempleo\/\"],\"address\":{\"@type\":\"PostalAddress\",\"addressLocality\":\"Madrid\",\"postalCode\":\"28050\",\"streetAddress\":\"Avenida de Burgos 114\"},\"brand\":[\"Infoempleo\"]},{\"@type\":\"Person\",\"@id\":\"https:\/\/empresas.infoempleo.com\/hrtrends\/#\/schema\/person\/eee830fc2082cd3b52302e59ea0d2c05\",\"name\":\"Laura de Cubas\",\"image\":{\"@type\":\"ImageObject\",\"inLanguage\":\"es\",\"@id\":\"https:\/\/empresas.infoempleo.com\/hrtrends\/#\/schema\/person\/image\/\",\"url\":\"https:\/\/secure.gravatar.com\/avatar\/c13d88dcd67943e13f74372e711c3ba2accf296b195ba5dd59566bd5f5df94c8?s=96&d=mm&r=g\",\"contentUrl\":\"https:\/\/secure.gravatar.com\/avatar\/c13d88dcd67943e13f74372e711c3ba2accf296b195ba5dd59566bd5f5df94c8?s=96&d=mm&r=g\",\"caption\":\"Laura de Cubas\"},\"url\":\"https:\/\/empresas.infoempleo.com\/hrtrends\/author\/laura-de-cubas\/\"}]}<\/script>\n<!-- \/ Yoast SEO plugin. -->","yoast_head_json":{"title":"Las tres ventajas de la recolocaci\u00f3n | HRTRENDS","robots":{"index":"index","follow":"follow","max-snippet":"max-snippet:-1","max-image-preview":"max-image-preview:large","max-video-preview":"max-video-preview:-1"},"canonical":"https:\/\/empresas.infoempleo.com\/hrtrends\/las-tres-ventajas-de-la-recolocacion\/","og_locale":"es_ES","og_type":"article","og_title":"Las tres ventajas de la recolocaci\u00f3n | HRTRENDS","og_description":"Un estudio elaborado por la consultora Creade LHH de Adecco, pone de manifiesto el aumento en el n\u00famero de personas que se han acogido a planes de \u201coutplacement\u201d en Espa\u00f1a. En menos de un a\u00f1o, la cifra de usuarios de estos servicios ha pasado de 2.429 a 5.253.","og_url":"https:\/\/empresas.infoempleo.com\/hrtrends\/las-tres-ventajas-de-la-recolocacion\/","og_site_name":"HRTRENDS","article_publisher":"https:\/\/www.facebook.com\/Infoempleo","article_published_time":"2009-06-15T08:58:37+00:00","article_modified_time":"2023-03-13T17:29:11+00:00","og_image":[{"width":1280,"height":960,"url":"https:\/\/empresas.infoempleo.com\/hrtrends\/media\/2017\/05\/pexels-photo-205508.jpg","type":"image\/jpeg"}],"author":"Laura de Cubas","twitter_card":"summary_large_image","twitter_creator":"@infoempleo","twitter_site":"@infoempleo","twitter_misc":{"Escrito por":"Laura de Cubas","Tiempo de lectura":"3 minutos"},"schema":{"@context":"https:\/\/schema.org","@graph":[{"@type":"NewsArticle","@id":"https:\/\/empresas.infoempleo.com\/hrtrends\/las-tres-ventajas-de-la-recolocacion\/#article","isPartOf":{"@id":"https:\/\/empresas.infoempleo.com\/hrtrends\/las-tres-ventajas-de-la-recolocacion\/"},"author":{"name":"Laura de Cubas","@id":"https:\/\/empresas.infoempleo.com\/hrtrends\/#\/schema\/person\/eee830fc2082cd3b52302e59ea0d2c05"},"headline":"Las tres ventajas de la recolocaci\u00f3n","datePublished":"2009-06-15T08:58:37+00:00","dateModified":"2023-03-13T17:29:11+00:00","mainEntityOfPage":{"@id":"https:\/\/empresas.infoempleo.com\/hrtrends\/las-tres-ventajas-de-la-recolocacion\/"},"wordCount":636,"publisher":{"@id":"https:\/\/empresas.infoempleo.com\/hrtrends\/#organization"},"image":{"@id":"https:\/\/empresas.infoempleo.com\/hrtrends\/las-tres-ventajas-de-la-recolocacion\/#primaryimage"},"thumbnailUrl":"https:\/\/empresas.infoempleo.com\/hrtrends\/media\/2017\/05\/pexels-photo-205508.jpg","keywords":["autoestima","Creade","curr\u00edculum","Head hunter","Jes\u00fas Nieto","Jos\u00e9 Miguel Espinar","Outplacement","recolocaci\u00f3n"],"articleSection":["Actualidad"],"inLanguage":"es","copyrightYear":"2009","copyrightHolder":{"@id":"https:\/\/empresas.infoempleo.com\/hrtrends\/#organization"}},{"@type":"WebPage","@id":"https:\/\/empresas.infoempleo.com\/hrtrends\/las-tres-ventajas-de-la-recolocacion\/","url":"https:\/\/empresas.infoempleo.com\/hrtrends\/las-tres-ventajas-de-la-recolocacion\/","name":"Las tres ventajas de la recolocaci\u00f3n | HRTRENDS","isPartOf":{"@id":"https:\/\/empresas.infoempleo.com\/hrtrends\/#website"},"primaryImageOfPage":{"@id":"https:\/\/empresas.infoempleo.com\/hrtrends\/las-tres-ventajas-de-la-recolocacion\/#primaryimage"},"image":{"@id":"https:\/\/empresas.infoempleo.com\/hrtrends\/las-tres-ventajas-de-la-recolocacion\/#primaryimage"},"thumbnailUrl":"https:\/\/empresas.infoempleo.com\/hrtrends\/media\/2017\/05\/pexels-photo-205508.jpg","datePublished":"2009-06-15T08:58:37+00:00","dateModified":"2023-03-13T17:29:11+00:00","breadcrumb":{"@id":"https:\/\/empresas.infoempleo.com\/hrtrends\/las-tres-ventajas-de-la-recolocacion\/#breadcrumb"},"inLanguage":"es","potentialAction":[{"@type":"ReadAction","target":["https:\/\/empresas.infoempleo.com\/hrtrends\/las-tres-ventajas-de-la-recolocacion\/"]}]},{"@type":"ImageObject","inLanguage":"es","@id":"https:\/\/empresas.infoempleo.com\/hrtrends\/las-tres-ventajas-de-la-recolocacion\/#primaryimage","url":"https:\/\/empresas.infoempleo.com\/hrtrends\/media\/2017\/05\/pexels-photo-205508-150x150.jpg","contentUrl":"https:\/\/empresas.infoempleo.com\/hrtrends\/media\/2017\/05\/pexels-photo-205508-150x150.jpg","width":150,"height":150},{"@type":"BreadcrumbList","@id":"https:\/\/empresas.infoempleo.com\/hrtrends\/las-tres-ventajas-de-la-recolocacion\/#breadcrumb","itemListElement":[{"@type":"ListItem","position":1,"name":"Portada","item":"https:\/\/empresas.infoempleo.com\/hrtrends\/"},{"@type":"ListItem","position":2,"name":"Las tres ventajas de la recolocaci\u00f3n"}]},{"@type":"WebSite","@id":"https:\/\/empresas.infoempleo.com\/hrtrends\/#website","url":"https:\/\/empresas.infoempleo.com\/hrtrends","name":"HRTrends by Infoempleo","description":"","publisher":{"@id":"https:\/\/empresas.infoempleo.com\/hrtrends\/#organization"},"potentialAction":{"@type":"SearchAction","target":"https:\/\/empresas.infoempleo.com\/hrtrends\/?s={search_term_string}","query-input":"required name=search_term_string"},"inLanguage":"es"},{"@type":"Organization","@id":"https:\/\/empresas.infoempleo.com\/hrtrends\/#organization","name":"Infoempleo","url":"https:\/\/www.infoempleo.com\/","logo":{"@type":"ImageObject","@id":"https:\/\/empresas.infoempleo.com\/hrtrends\/#logo","inLanguage":"es","url":"https:\/\/cdnazure.infoempleo.com\/infoempleo\/assets\/style\/gfx\/logo.svg","contentUrl":"https:\/\/cdnazure.infoempleo.com\/infoempleo\/assets\/style\/gfx\/logo.svg","width":150,"height":40,"caption":"Infoempleo"},"image":{"@id":"https:\/\/empresas.infoempleo.com\/hrtrends\/#logo"},"sameAs":["https:\/\/www.facebook.com\/Infoempleo","https:\/\/x.com\/infoempleo","http:\/\/instagram.com\/infoempleo\/","http:\/\/www.linkedin.com\/groups\/Empleo-Espa\u00f1a-Infoempleocom-111276","http:\/\/pinterest.com\/infoempleo\/"],"address":{"@type":"PostalAddress","addressLocality":"Madrid","postalCode":"28050","streetAddress":"Avenida de Burgos 114"},"brand":["Infoempleo"]},{"@type":"Person","@id":"https:\/\/empresas.infoempleo.com\/hrtrends\/#\/schema\/person\/eee830fc2082cd3b52302e59ea0d2c05","name":"Laura de Cubas","image":{"@type":"ImageObject","inLanguage":"es","@id":"https:\/\/empresas.infoempleo.com\/hrtrends\/#\/schema\/person\/image\/","url":"https:\/\/secure.gravatar.com\/avatar\/c13d88dcd67943e13f74372e711c3ba2accf296b195ba5dd59566bd5f5df94c8?s=96&d=mm&r=g","contentUrl":"https:\/\/secure.gravatar.com\/avatar\/c13d88dcd67943e13f74372e711c3ba2accf296b195ba5dd59566bd5f5df94c8?s=96&d=mm&r=g","caption":"Laura de Cubas"},"url":"https:\/\/empresas.infoempleo.com\/hrtrends\/author\/laura-de-cubas\/"}]}},"amp_enabled":true,"_links":{"self":[{"href":"https:\/\/empresas.infoempleo.com\/hrtrends\/wp-json\/wp\/v2\/posts\/1352","targetHints":{"allow":["GET"]}}],"collection":[{"href":"https:\/\/empresas.infoempleo.com\/hrtrends\/wp-json\/wp\/v2\/posts"}],"about":[{"href":"https:\/\/empresas.infoempleo.com\/hrtrends\/wp-json\/wp\/v2\/types\/post"}],"author":[{"embeddable":true,"href":"https:\/\/empresas.infoempleo.com\/hrtrends\/wp-json\/wp\/v2\/users\/35"}],"replies":[{"embeddable":true,"href":"https:\/\/empresas.infoempleo.com\/hrtrends\/wp-json\/wp\/v2\/comments?post=1352"}],"version-history":[{"count":1,"href":"https:\/\/empresas.infoempleo.com\/hrtrends\/wp-json\/wp\/v2\/posts\/1352\/revisions"}],"predecessor-version":[{"id":43167,"href":"https:\/\/empresas.infoempleo.com\/hrtrends\/wp-json\/wp\/v2\/posts\/1352\/revisions\/43167"}],"wp:featuredmedia":[{"embeddable":true,"href":"https:\/\/empresas.infoempleo.com\/hrtrends\/wp-json\/wp\/v2\/media\/29665"}],"wp:attachment":[{"href":"https:\/\/empresas.infoempleo.com\/hrtrends\/wp-json\/wp\/v2\/media?parent=1352"}],"wp:term":[{"taxonomy":"category","embeddable":true,"href":"https:\/\/empresas.infoempleo.com\/hrtrends\/wp-json\/wp\/v2\/categories?post=1352"},{"taxonomy":"post_tag","embeddable":true,"href":"https:\/\/empresas.infoempleo.com\/hrtrends\/wp-json\/wp\/v2\/tags?post=1352"}],"curies":[{"name":"wp","href":"https:\/\/api.w.org\/{rel}","templated":true}]}}