{"id":13518,"date":"2011-06-13T15:33:51","date_gmt":"2011-06-13T14:33:51","guid":{"rendered":"http:\/\/blog.infoempleo.com\/?p=13518"},"modified":"2018-05-23T17:26:52","modified_gmt":"2018-05-23T15:26:52","slug":"el-exito-y-el-fracaso-laboral-una-cuestion-de-percepcion","status":"publish","type":"post","link":"https:\/\/empresas.infoempleo.com\/hrtrends\/el-exito-y-el-fracaso-laboral-una-cuestion-de-percepcion\/","title":{"rendered":"El \u00e9xito y el fracaso laboral, una cuesti\u00f3n de percepci\u00f3n"},"content":{"rendered":"<p style=\"text-align: center;\"><img loading=\"lazy\" decoding=\"async\" class=\"alignnone size-full wp-image-13519\" title=\"\u00c9xito Laboral\" src=\"https:\/\/empresas.infoempleo.com\/hrtrends\/media\/2011\/06\/ExitoLaboral.jpg\" alt=\"\" width=\"454\" height=\"206\" srcset=\"https:\/\/empresas.infoempleo.com\/hrtrends\/media\/2011\/06\/ExitoLaboral.jpg 568w, https:\/\/empresas.infoempleo.com\/hrtrends\/media\/2011\/06\/ExitoLaboral-300x136.jpg 300w\" sizes=\"auto, (max-width: 454px) 100vw, 454px\" \/><\/p>\n<p>Un sueldo alto, un despacho con vistas, un traje caro, un gran coche alem\u00e1n\u2026 Ese es, hist\u00f3ricamente, el estereotipo del \u00e9xito profesional. Pero, \u00bfes realmente eso lo que nos hace felices? <strong>\u00bfEs un conjunto de bienes materiales asociados con el trabajo lo que constituye el aut\u00e9ntico \u00e9xito en nuestros tiempos?<\/strong> Un estudio realizado conjuntamente por la escuela de negocios francesa <a href=\"https:\/\/www.essec.edu\/fr\/ \" target=\"_blank\">ESSEC<\/a> y el Instituto CSA pone de manifiesto que <strong>algunos valores como las relaciones personales \u2013con familia, amigos o compa\u00f1eros de trabajo\u2013 son, cada vez m\u00e1s, la piedra angular del concepto universal de \u00e9xito<\/strong>. Al menos, lo es as\u00ed para los ciudadanos de Alemania, Brasil, China, Estados Unidos, Francia, India, Marruecos, Reino Unido, Rusia y Singapur, sujetos del estudio.<\/p>\n<p><strong>Jorge \u00dabeda, profesor y fundador de la <a href=\"https:\/\/www.escueladefilosofia.com\/\" target=\"_blank\">Escuela de Filosof\u00eda de Madrid<\/a><\/strong>, comparte la opini\u00f3n de que no solo de coches deportivos y corbatas de firma vive el \u00e9xito. \u00abDesde un punto de vista filos\u00f3fico, debemos preguntarnos si estamos donde realmente debemos estar, si hemos tomado las decisiones adecuadas\u00bb, comenta. Aunque reconoce que <strong>la Filosof\u00eda no ha tematizado el concepto de \u00e9xito, s\u00ed lo ha hecho con la felicidad, que no deja de ser un elemento paralelo y casi indisociable. <\/strong>\u00abLa felicidad en el trabajo viene dada por las capacidades que tiene uno, por las posibilidades que se le ofrecen y por el universo de valores que se manejan. Y, desde luego, hay que ser muy sincero con uno mismo respecto a lo que se quiere y se puede obtener del trabajo\u00bb, remata \u00dabeda.<\/p>\n<p>Volviendo al informe de ESSEC, <strong>resulta llamativo el hecho de que la gran mayor\u00eda\u00a0de los individuos encuestados afirma haber triunfado \u00abbastante\u00bb o, al menos, \u00abalgo\u00bb en la vida<\/strong>. Esta tasa se sit\u00faa en el 90% en India, en el 95% en Francia o un 76% en Reino Unido. Incluso en los pa\u00edses en v\u00edas de desarrollo, como Marruecos, India o China, el porcentaje de personas que consideran haber triunfado en la vida se sit\u00faa por encima del 55%.<\/p>\n<p>Por suparte, el informe <strong>\u00abEmployer Branding 2010\u00bb<\/strong>, elaborado por <a href=\"https:\/\/www.randstad.es\/\" target=\"_blank\">Randstad<\/a>, destaca que el aspecto m\u00e1s valorado por los trabajadores y estudiantes espa\u00f1oles a la hora de decidirse por una empresa en concreto es <strong>la seguridad laboral a largo plazo, por encima del estado financiero de la compa\u00f1\u00eda o de la calidad \u2013y cantidad\u2013 de los sueldos<\/strong>. Es decir, a los espa\u00f1oles nos supone un atractivo mayor a priori y, por tanto, un \u00e9xito mayor a posteriori, tener un puesto de trabajo fijo y estable que ganar mucho dinero o que la empresa en la que trabajamos sea reconocida, poderosa y especialmente s\u00f3lida.<\/p>\n<p>Una de las personas que mejor ejemplifican el \u00e9xito profesional en el mundo es Bill Gates, fundador del gigante del software <a href=\"https:\/\/www.microsoft.com\/es-es\/\" target=\"_blank\">Microsoft<\/a>. Lanz\u00f3 al mercado un producto de difusi\u00f3n planetaria, es mundialmente conocido y ha ostentado durante a\u00f1os el primer puesto de todos los rankings de los hombres m\u00e1s ricos del mundo. Sin embargo, hace escasos tres a\u00f1os dej\u00f3 su cargo al frente de la compa\u00f1\u00eda, cedi\u00e9ndole sus poderes a Steve Ballmer, para pasar a ocupar su tiempo en la <strong>Fundaci\u00f3n Bill and Melinda Gates.<\/strong> Cuando alcanz\u00f3 el \u00e9xito pleno en el plano profesional, decidi\u00f3 ampliar sus horizontes y dedicarse m\u00e1s activamente a hacer mejor el mundo que le rodeaba.<\/p>\n<h3>M\u00e1s vida personal<\/h3>\n<p>En una l\u00ednea similar se expresa el profesor Jorge \u00dabeda: \u00abEn la Escuela de Filosof\u00eda tenemos como alumnos a muchos altos cargos de empresas que se dan cuenta de que han dedicado demasiado tiempo a su trabajo y muy poco a sus relaciones personales\u00bb. <strong>Una vez alcanzado el \u00e9xito profesional, es cuando las personas se plantean si lo que quieren realmente es, como indica \u00dabeda, \u00abbuscar no solo un trabajo\u00a0 mejor, sino un mundo que funcione mejor.<\/strong> Cuando lo material est\u00e1 conseguido, las personas piensan en construir una realidad social m\u00e1s inclusiva que excluyente, en mantener unas relaciones m\u00e1s cooperativas que competitivas y en obtener m\u00e1s beneficios sociales que personales\u00bb.<\/p>\n<p>En las sociedades democr\u00e1ticas, incluso en las de los pa\u00edses emergentes, el \u00e9xito radica en la conciliaci\u00f3n de una trayectoria profesional rica con una vida personal satisfactoria, y, de acuerdo con lo visto anteriormente, prefieren la distribuci\u00f3n de la riqueza una vez alcanzada la cima. Sin embargo, y siguiendo un patr\u00f3n no exento de cierta l\u00f3gica, en las sociedades con un pasado \u2013o incluso un presente\u2013 comunista dictatorial, el \u00e9xito se asemeja m\u00e1s a una mansi\u00f3n y un coche de lujo, mientras que el destino preferencial de la riqueza es, al menos a corto plazo, la propia cuenta corriente.<\/p>\n","protected":false},"excerpt":{"rendered":"<p>Un sueldo alto, un despacho con vistas, un traje caro, un gran coche alem\u00e1n\u2026 Ese es, hist\u00f3ricamente, el<a class=\"moretag\" href=\"https:\/\/empresas.infoempleo.com\/hrtrends\/el-exito-y-el-fracaso-laboral-una-cuestion-de-percepcion\/\"> Leer m\u00e1s<\/a><\/p>\n","protected":false},"author":65,"featured_media":13519,"comment_status":"closed","ping_status":"open","sticky":false,"template":"","format":"standard","meta":{"footnotes":""},"categories":[3],"tags":[],"class_list":["post-13518","post","type-post","status-publish","format-standard","has-post-thumbnail","hentry","category-actualidad"],"yoast_head":"<!-- This site is optimized with the Yoast SEO plugin v26.1.1 - https:\/\/yoast.com\/wordpress\/plugins\/seo\/ -->\n<title>El \u00e9xito y el fracaso laboral, una cuesti\u00f3n de percepci\u00f3n | HRTRENDS<\/title>\n<meta name=\"robots\" content=\"index, follow, max-snippet:-1, max-image-preview:large, max-video-preview:-1\" \/>\n<link rel=\"canonical\" href=\"https:\/\/empresas.infoempleo.com\/hrtrends\/el-exito-y-el-fracaso-laboral-una-cuestion-de-percepcion\/\" \/>\n<meta property=\"og:locale\" content=\"es_ES\" \/>\n<meta property=\"og:type\" content=\"article\" \/>\n<meta property=\"og:title\" content=\"El \u00e9xito y el fracaso laboral, una cuesti\u00f3n de percepci\u00f3n | HRTRENDS\" \/>\n<meta property=\"og:description\" content=\"Un sueldo alto, un despacho con vistas, un traje caro, un gran coche alem\u00e1n\u2026 Ese es, hist\u00f3ricamente, el Leer m\u00e1s\" \/>\n<meta property=\"og:url\" content=\"https:\/\/empresas.infoempleo.com\/hrtrends\/el-exito-y-el-fracaso-laboral-una-cuestion-de-percepcion\/\" \/>\n<meta property=\"og:site_name\" content=\"HRTRENDS\" \/>\n<meta property=\"article:publisher\" content=\"https:\/\/www.facebook.com\/Infoempleo\" \/>\n<meta property=\"article:published_time\" content=\"2011-06-13T14:33:51+00:00\" \/>\n<meta property=\"article:modified_time\" content=\"2018-05-23T15:26:52+00:00\" \/>\n<meta property=\"og:image\" content=\"https:\/\/empresas.infoempleo.com\/hrtrends\/media\/2011\/06\/ExitoLaboral.jpg\" \/>\n\t<meta property=\"og:image:width\" content=\"568\" \/>\n\t<meta property=\"og:image:height\" content=\"258\" \/>\n\t<meta property=\"og:image:type\" content=\"image\/jpeg\" \/>\n<meta name=\"author\" content=\"Enrique G\u00f3mez\" \/>\n<meta name=\"twitter:card\" content=\"summary_large_image\" \/>\n<meta name=\"twitter:creator\" content=\"@infoempleo\" \/>\n<meta name=\"twitter:site\" content=\"@infoempleo\" \/>\n<meta name=\"twitter:label1\" content=\"Escrito por\" \/>\n\t<meta name=\"twitter:data1\" content=\"Enrique G\u00f3mez\" \/>\n\t<meta name=\"twitter:label2\" content=\"Tiempo de lectura\" \/>\n\t<meta name=\"twitter:data2\" content=\"4 minutos\" \/>\n<script type=\"application\/ld+json\" class=\"yoast-schema-graph\">{\"@context\":\"https:\/\/schema.org\",\"@graph\":[{\"@type\":\"NewsArticle\",\"@id\":\"https:\/\/empresas.infoempleo.com\/hrtrends\/el-exito-y-el-fracaso-laboral-una-cuestion-de-percepcion\/#article\",\"isPartOf\":{\"@id\":\"https:\/\/empresas.infoempleo.com\/hrtrends\/el-exito-y-el-fracaso-laboral-una-cuestion-de-percepcion\/\"},\"author\":{\"name\":\"Enrique G\u00f3mez\",\"@id\":\"https:\/\/empresas.infoempleo.com\/hrtrends\/#\/schema\/person\/2e8d0209009fe50281b146eb7db611e5\"},\"headline\":\"El \u00e9xito y el fracaso laboral, una cuesti\u00f3n de percepci\u00f3n\",\"datePublished\":\"2011-06-13T14:33:51+00:00\",\"dateModified\":\"2018-05-23T15:26:52+00:00\",\"mainEntityOfPage\":{\"@id\":\"https:\/\/empresas.infoempleo.com\/hrtrends\/el-exito-y-el-fracaso-laboral-una-cuestion-de-percepcion\/\"},\"wordCount\":804,\"publisher\":{\"@id\":\"https:\/\/empresas.infoempleo.com\/hrtrends\/#organization\"},\"image\":{\"@id\":\"https:\/\/empresas.infoempleo.com\/hrtrends\/el-exito-y-el-fracaso-laboral-una-cuestion-de-percepcion\/#primaryimage\"},\"thumbnailUrl\":\"https:\/\/empresas.infoempleo.com\/hrtrends\/media\/2011\/06\/ExitoLaboral.jpg\",\"articleSection\":[\"Actualidad\"],\"inLanguage\":\"es\",\"copyrightYear\":\"2011\",\"copyrightHolder\":{\"@id\":\"https:\/\/empresas.infoempleo.com\/hrtrends\/#organization\"}},{\"@type\":\"WebPage\",\"@id\":\"https:\/\/empresas.infoempleo.com\/hrtrends\/el-exito-y-el-fracaso-laboral-una-cuestion-de-percepcion\/\",\"url\":\"https:\/\/empresas.infoempleo.com\/hrtrends\/el-exito-y-el-fracaso-laboral-una-cuestion-de-percepcion\/\",\"name\":\"El \u00e9xito y el fracaso laboral, una cuesti\u00f3n de percepci\u00f3n | HRTRENDS\",\"isPartOf\":{\"@id\":\"https:\/\/empresas.infoempleo.com\/hrtrends\/#website\"},\"primaryImageOfPage\":{\"@id\":\"https:\/\/empresas.infoempleo.com\/hrtrends\/el-exito-y-el-fracaso-laboral-una-cuestion-de-percepcion\/#primaryimage\"},\"image\":{\"@id\":\"https:\/\/empresas.infoempleo.com\/hrtrends\/el-exito-y-el-fracaso-laboral-una-cuestion-de-percepcion\/#primaryimage\"},\"thumbnailUrl\":\"https:\/\/empresas.infoempleo.com\/hrtrends\/media\/2011\/06\/ExitoLaboral.jpg\",\"datePublished\":\"2011-06-13T14:33:51+00:00\",\"dateModified\":\"2018-05-23T15:26:52+00:00\",\"breadcrumb\":{\"@id\":\"https:\/\/empresas.infoempleo.com\/hrtrends\/el-exito-y-el-fracaso-laboral-una-cuestion-de-percepcion\/#breadcrumb\"},\"inLanguage\":\"es\",\"potentialAction\":[{\"@type\":\"ReadAction\",\"target\":[\"https:\/\/empresas.infoempleo.com\/hrtrends\/el-exito-y-el-fracaso-laboral-una-cuestion-de-percepcion\/\"]}]},{\"@type\":\"ImageObject\",\"inLanguage\":\"es\",\"@id\":\"https:\/\/empresas.infoempleo.com\/hrtrends\/el-exito-y-el-fracaso-laboral-una-cuestion-de-percepcion\/#primaryimage\",\"url\":\"https:\/\/empresas.infoempleo.com\/hrtrends\/media\/2011\/06\/ExitoLaboral-150x150.jpg\",\"contentUrl\":\"https:\/\/empresas.infoempleo.com\/hrtrends\/media\/2011\/06\/ExitoLaboral-150x150.jpg\",\"width\":150,\"height\":150},{\"@type\":\"BreadcrumbList\",\"@id\":\"https:\/\/empresas.infoempleo.com\/hrtrends\/el-exito-y-el-fracaso-laboral-una-cuestion-de-percepcion\/#breadcrumb\",\"itemListElement\":[{\"@type\":\"ListItem\",\"position\":1,\"name\":\"Portada\",\"item\":\"https:\/\/empresas.infoempleo.com\/hrtrends\/\"},{\"@type\":\"ListItem\",\"position\":2,\"name\":\"El \u00e9xito y el fracaso laboral, una cuesti\u00f3n de percepci\u00f3n\"}]},{\"@type\":\"WebSite\",\"@id\":\"https:\/\/empresas.infoempleo.com\/hrtrends\/#website\",\"url\":\"https:\/\/empresas.infoempleo.com\/hrtrends\",\"name\":\"HRTrends by Infoempleo\",\"description\":\"\",\"publisher\":{\"@id\":\"https:\/\/empresas.infoempleo.com\/hrtrends\/#organization\"},\"potentialAction\":{\"@type\":\"SearchAction\",\"target\":\"https:\/\/empresas.infoempleo.com\/hrtrends\/?s={search_term_string}\",\"query-input\":\"required name=search_term_string\"},\"inLanguage\":\"es\"},{\"@type\":\"Organization\",\"@id\":\"https:\/\/empresas.infoempleo.com\/hrtrends\/#organization\",\"name\":\"Infoempleo\",\"url\":\"https:\/\/www.infoempleo.com\/\",\"logo\":{\"@type\":\"ImageObject\",\"@id\":\"https:\/\/empresas.infoempleo.com\/hrtrends\/#logo\",\"inLanguage\":\"es\",\"url\":\"https:\/\/cdnazure.infoempleo.com\/infoempleo\/assets\/style\/gfx\/logo.svg\",\"contentUrl\":\"https:\/\/cdnazure.infoempleo.com\/infoempleo\/assets\/style\/gfx\/logo.svg\",\"width\":150,\"height\":40,\"caption\":\"Infoempleo\"},\"image\":{\"@id\":\"https:\/\/empresas.infoempleo.com\/hrtrends\/#logo\"},\"sameAs\":[\"https:\/\/www.facebook.com\/Infoempleo\",\"https:\/\/x.com\/infoempleo\",\"http:\/\/instagram.com\/infoempleo\/\",\"http:\/\/www.linkedin.com\/groups\/Empleo-Espa\u00f1a-Infoempleocom-111276\",\"http:\/\/pinterest.com\/infoempleo\/\"],\"address\":{\"@type\":\"PostalAddress\",\"addressLocality\":\"Madrid\",\"postalCode\":\"28050\",\"streetAddress\":\"Avenida de Burgos 114\"},\"brand\":[\"Infoempleo\"]},{\"@type\":\"Person\",\"@id\":\"https:\/\/empresas.infoempleo.com\/hrtrends\/#\/schema\/person\/2e8d0209009fe50281b146eb7db611e5\",\"name\":\"Enrique G\u00f3mez\",\"image\":{\"@type\":\"ImageObject\",\"inLanguage\":\"es\",\"@id\":\"https:\/\/empresas.infoempleo.com\/hrtrends\/#\/schema\/person\/image\/\",\"url\":\"https:\/\/secure.gravatar.com\/avatar\/3074103869ac7b0b696f8d73d85e6a3cf5e69295f9f44b80c9b44721ea7f9b52?s=96&d=mm&r=g\",\"contentUrl\":\"https:\/\/secure.gravatar.com\/avatar\/3074103869ac7b0b696f8d73d85e6a3cf5e69295f9f44b80c9b44721ea7f9b52?s=96&d=mm&r=g\",\"caption\":\"Enrique G\u00f3mez\"},\"url\":\"https:\/\/empresas.infoempleo.com\/hrtrends\/author\/egomez\/\"}]}<\/script>\n<!-- \/ Yoast SEO plugin. -->","yoast_head_json":{"title":"El \u00e9xito y el fracaso laboral, una cuesti\u00f3n de percepci\u00f3n | HRTRENDS","robots":{"index":"index","follow":"follow","max-snippet":"max-snippet:-1","max-image-preview":"max-image-preview:large","max-video-preview":"max-video-preview:-1"},"canonical":"https:\/\/empresas.infoempleo.com\/hrtrends\/el-exito-y-el-fracaso-laboral-una-cuestion-de-percepcion\/","og_locale":"es_ES","og_type":"article","og_title":"El \u00e9xito y el fracaso laboral, una cuesti\u00f3n de percepci\u00f3n | HRTRENDS","og_description":"Un sueldo alto, un despacho con vistas, un traje caro, un gran coche alem\u00e1n\u2026 Ese es, hist\u00f3ricamente, el Leer m\u00e1s","og_url":"https:\/\/empresas.infoempleo.com\/hrtrends\/el-exito-y-el-fracaso-laboral-una-cuestion-de-percepcion\/","og_site_name":"HRTRENDS","article_publisher":"https:\/\/www.facebook.com\/Infoempleo","article_published_time":"2011-06-13T14:33:51+00:00","article_modified_time":"2018-05-23T15:26:52+00:00","og_image":[{"width":568,"height":258,"url":"https:\/\/empresas.infoempleo.com\/hrtrends\/media\/2011\/06\/ExitoLaboral.jpg","type":"image\/jpeg"}],"author":"Enrique G\u00f3mez","twitter_card":"summary_large_image","twitter_creator":"@infoempleo","twitter_site":"@infoempleo","twitter_misc":{"Escrito por":"Enrique G\u00f3mez","Tiempo de lectura":"4 minutos"},"schema":{"@context":"https:\/\/schema.org","@graph":[{"@type":"NewsArticle","@id":"https:\/\/empresas.infoempleo.com\/hrtrends\/el-exito-y-el-fracaso-laboral-una-cuestion-de-percepcion\/#article","isPartOf":{"@id":"https:\/\/empresas.infoempleo.com\/hrtrends\/el-exito-y-el-fracaso-laboral-una-cuestion-de-percepcion\/"},"author":{"name":"Enrique G\u00f3mez","@id":"https:\/\/empresas.infoempleo.com\/hrtrends\/#\/schema\/person\/2e8d0209009fe50281b146eb7db611e5"},"headline":"El \u00e9xito y el fracaso laboral, una cuesti\u00f3n de percepci\u00f3n","datePublished":"2011-06-13T14:33:51+00:00","dateModified":"2018-05-23T15:26:52+00:00","mainEntityOfPage":{"@id":"https:\/\/empresas.infoempleo.com\/hrtrends\/el-exito-y-el-fracaso-laboral-una-cuestion-de-percepcion\/"},"wordCount":804,"publisher":{"@id":"https:\/\/empresas.infoempleo.com\/hrtrends\/#organization"},"image":{"@id":"https:\/\/empresas.infoempleo.com\/hrtrends\/el-exito-y-el-fracaso-laboral-una-cuestion-de-percepcion\/#primaryimage"},"thumbnailUrl":"https:\/\/empresas.infoempleo.com\/hrtrends\/media\/2011\/06\/ExitoLaboral.jpg","articleSection":["Actualidad"],"inLanguage":"es","copyrightYear":"2011","copyrightHolder":{"@id":"https:\/\/empresas.infoempleo.com\/hrtrends\/#organization"}},{"@type":"WebPage","@id":"https:\/\/empresas.infoempleo.com\/hrtrends\/el-exito-y-el-fracaso-laboral-una-cuestion-de-percepcion\/","url":"https:\/\/empresas.infoempleo.com\/hrtrends\/el-exito-y-el-fracaso-laboral-una-cuestion-de-percepcion\/","name":"El \u00e9xito y el fracaso laboral, una cuesti\u00f3n de percepci\u00f3n | HRTRENDS","isPartOf":{"@id":"https:\/\/empresas.infoempleo.com\/hrtrends\/#website"},"primaryImageOfPage":{"@id":"https:\/\/empresas.infoempleo.com\/hrtrends\/el-exito-y-el-fracaso-laboral-una-cuestion-de-percepcion\/#primaryimage"},"image":{"@id":"https:\/\/empresas.infoempleo.com\/hrtrends\/el-exito-y-el-fracaso-laboral-una-cuestion-de-percepcion\/#primaryimage"},"thumbnailUrl":"https:\/\/empresas.infoempleo.com\/hrtrends\/media\/2011\/06\/ExitoLaboral.jpg","datePublished":"2011-06-13T14:33:51+00:00","dateModified":"2018-05-23T15:26:52+00:00","breadcrumb":{"@id":"https:\/\/empresas.infoempleo.com\/hrtrends\/el-exito-y-el-fracaso-laboral-una-cuestion-de-percepcion\/#breadcrumb"},"inLanguage":"es","potentialAction":[{"@type":"ReadAction","target":["https:\/\/empresas.infoempleo.com\/hrtrends\/el-exito-y-el-fracaso-laboral-una-cuestion-de-percepcion\/"]}]},{"@type":"ImageObject","inLanguage":"es","@id":"https:\/\/empresas.infoempleo.com\/hrtrends\/el-exito-y-el-fracaso-laboral-una-cuestion-de-percepcion\/#primaryimage","url":"https:\/\/empresas.infoempleo.com\/hrtrends\/media\/2011\/06\/ExitoLaboral-150x150.jpg","contentUrl":"https:\/\/empresas.infoempleo.com\/hrtrends\/media\/2011\/06\/ExitoLaboral-150x150.jpg","width":150,"height":150},{"@type":"BreadcrumbList","@id":"https:\/\/empresas.infoempleo.com\/hrtrends\/el-exito-y-el-fracaso-laboral-una-cuestion-de-percepcion\/#breadcrumb","itemListElement":[{"@type":"ListItem","position":1,"name":"Portada","item":"https:\/\/empresas.infoempleo.com\/hrtrends\/"},{"@type":"ListItem","position":2,"name":"El \u00e9xito y el fracaso laboral, una cuesti\u00f3n de percepci\u00f3n"}]},{"@type":"WebSite","@id":"https:\/\/empresas.infoempleo.com\/hrtrends\/#website","url":"https:\/\/empresas.infoempleo.com\/hrtrends","name":"HRTrends by Infoempleo","description":"","publisher":{"@id":"https:\/\/empresas.infoempleo.com\/hrtrends\/#organization"},"potentialAction":{"@type":"SearchAction","target":"https:\/\/empresas.infoempleo.com\/hrtrends\/?s={search_term_string}","query-input":"required name=search_term_string"},"inLanguage":"es"},{"@type":"Organization","@id":"https:\/\/empresas.infoempleo.com\/hrtrends\/#organization","name":"Infoempleo","url":"https:\/\/www.infoempleo.com\/","logo":{"@type":"ImageObject","@id":"https:\/\/empresas.infoempleo.com\/hrtrends\/#logo","inLanguage":"es","url":"https:\/\/cdnazure.infoempleo.com\/infoempleo\/assets\/style\/gfx\/logo.svg","contentUrl":"https:\/\/cdnazure.infoempleo.com\/infoempleo\/assets\/style\/gfx\/logo.svg","width":150,"height":40,"caption":"Infoempleo"},"image":{"@id":"https:\/\/empresas.infoempleo.com\/hrtrends\/#logo"},"sameAs":["https:\/\/www.facebook.com\/Infoempleo","https:\/\/x.com\/infoempleo","http:\/\/instagram.com\/infoempleo\/","http:\/\/www.linkedin.com\/groups\/Empleo-Espa\u00f1a-Infoempleocom-111276","http:\/\/pinterest.com\/infoempleo\/"],"address":{"@type":"PostalAddress","addressLocality":"Madrid","postalCode":"28050","streetAddress":"Avenida de Burgos 114"},"brand":["Infoempleo"]},{"@type":"Person","@id":"https:\/\/empresas.infoempleo.com\/hrtrends\/#\/schema\/person\/2e8d0209009fe50281b146eb7db611e5","name":"Enrique G\u00f3mez","image":{"@type":"ImageObject","inLanguage":"es","@id":"https:\/\/empresas.infoempleo.com\/hrtrends\/#\/schema\/person\/image\/","url":"https:\/\/secure.gravatar.com\/avatar\/3074103869ac7b0b696f8d73d85e6a3cf5e69295f9f44b80c9b44721ea7f9b52?s=96&d=mm&r=g","contentUrl":"https:\/\/secure.gravatar.com\/avatar\/3074103869ac7b0b696f8d73d85e6a3cf5e69295f9f44b80c9b44721ea7f9b52?s=96&d=mm&r=g","caption":"Enrique G\u00f3mez"},"url":"https:\/\/empresas.infoempleo.com\/hrtrends\/author\/egomez\/"}]}},"amp_enabled":true,"_links":{"self":[{"href":"https:\/\/empresas.infoempleo.com\/hrtrends\/wp-json\/wp\/v2\/posts\/13518","targetHints":{"allow":["GET"]}}],"collection":[{"href":"https:\/\/empresas.infoempleo.com\/hrtrends\/wp-json\/wp\/v2\/posts"}],"about":[{"href":"https:\/\/empresas.infoempleo.com\/hrtrends\/wp-json\/wp\/v2\/types\/post"}],"author":[{"embeddable":true,"href":"https:\/\/empresas.infoempleo.com\/hrtrends\/wp-json\/wp\/v2\/users\/65"}],"replies":[{"embeddable":true,"href":"https:\/\/empresas.infoempleo.com\/hrtrends\/wp-json\/wp\/v2\/comments?post=13518"}],"version-history":[{"count":0,"href":"https:\/\/empresas.infoempleo.com\/hrtrends\/wp-json\/wp\/v2\/posts\/13518\/revisions"}],"wp:featuredmedia":[{"embeddable":true,"href":"https:\/\/empresas.infoempleo.com\/hrtrends\/wp-json\/wp\/v2\/media\/13519"}],"wp:attachment":[{"href":"https:\/\/empresas.infoempleo.com\/hrtrends\/wp-json\/wp\/v2\/media?parent=13518"}],"wp:term":[{"taxonomy":"category","embeddable":true,"href":"https:\/\/empresas.infoempleo.com\/hrtrends\/wp-json\/wp\/v2\/categories?post=13518"},{"taxonomy":"post_tag","embeddable":true,"href":"https:\/\/empresas.infoempleo.com\/hrtrends\/wp-json\/wp\/v2\/tags?post=13518"}],"curies":[{"name":"wp","href":"https:\/\/api.w.org\/{rel}","templated":true}]}}