{"id":13486,"date":"2011-06-09T15:49:15","date_gmt":"2011-06-09T14:49:15","guid":{"rendered":"http:\/\/blog.infoempleo.com\/?p=13486"},"modified":"2018-05-23T17:26:52","modified_gmt":"2018-05-23T15:26:52","slug":"formacion-y-capacitacion-unidas-por-el-empleo","status":"publish","type":"post","link":"https:\/\/empresas.infoempleo.com\/hrtrends\/formacion-y-capacitacion-unidas-por-el-empleo\/","title":{"rendered":"Formaci\u00f3n y capacitaci\u00f3n unidas por el #empleo"},"content":{"rendered":"<p style=\"text-align: center;\"><img loading=\"lazy\" decoding=\"async\" class=\"alignnone size-full wp-image-13487\" title=\"Formaci\u00f3n y Capacitaci\u00f3n\" src=\"https:\/\/empresas.infoempleo.com\/hrtrends\/media\/2011\/06\/FormacionyCapacitacion.jpg\" alt=\"\" width=\"454\" height=\"206\" srcset=\"https:\/\/empresas.infoempleo.com\/hrtrends\/media\/2011\/06\/FormacionyCapacitacion.jpg 568w, https:\/\/empresas.infoempleo.com\/hrtrends\/media\/2011\/06\/FormacionyCapacitacion-300x136.jpg 300w\" sizes=\"auto, (max-width: 454px) 100vw, 454px\" \/><\/p>\n<p>Las cosas suceden, de una manera u otra. Los momentos duros siempre tienen su final. O al menos su punto y aparte. Junio es un mes ideal para planificar toda la temporada veraniega. Se acercan meses en los que el volumen de la demanda de empleo va a crecer en el sector servicios, sobre todo propiciado por el auge de las altas temperaturas, pero tambi\u00e9n por la llegada de turistas a nuestras tierras.<\/p>\n<p>Las redes sociales se hacen eco de ello. Aumenta el n\u00famero de <a href=\"https:\/\/www.infoempleo.com\/\" target=\"_blank\">ofertas<\/a> de empleo relacionadas con el sector del turismo. Y las personas desempleadas comienzan a preocuparse por desempolvar del armario idiomas oxidados y conocimientos casi perdidos. Es el momento de los puestos de trabajo de temporada. Y qu\u00e9 mejor lugar que las redes sociales para conocer de primera mano, y casi al instante, las convocatorias de vacantes para festivales, eventos multitudinarios, viajes organizados al extranjero\u2026 y dem\u00e1s empleos relacionados con el verano.<\/p>\n<p>Es precisamente en estas fechas cuando tambi\u00e9n comienzan a surgir cursos de capacitaci\u00f3n express. Dirigidos a cubrir determinados puestos temporales. Es tiempo de examinarse y de comprobar qu\u00e9 tan buenos somos hablando tal o cu\u00e1l idioma. Y casi apuramos horas en las academias para refrescar nuestra soltura mientras nos tratamos de hacer entender en ingl\u00e9s, franc\u00e9s o alem\u00e1n.<\/p>\n<p>Es momento tambi\u00e9n de que las redes sociales aprovechen todo su potencial. La formaci\u00f3n se esgrime como la mejor arma posible para quienes buscan empleo, de cara a las posibles ofertas que puedan surgir ahora y en los pr\u00f3ximos dos meses. Pero sobre todo, teniendo en cuenta las posibilidades que podremos encontrar a partir de septiembre.<\/p>\n<p>La formaci\u00f3n academicista, la que nos ofrecen las empresas dedicadas a la formaci\u00f3n reglada. La tradicional. Con cursos de reciclaje para todos los gustos y, sobre todo, para todos los bolsillos. Pero tambi\u00e9n la formaci\u00f3n no reglada, autodid\u00e1cta y sensible al cambio. Aquella que surge de nuestras propias inquietudes y que tiene como objetivo poder salir adelante y adquirir conocimientos que nos hagan destacar de los dem\u00e1s.<\/p>\n<p><a href=\"https:\/\/twitter.com\/\" target=\"_blank\">Twitter<\/a> tiene todos los alicientes para hacerse con la corona. Recientemente acaba de actualizar su funcionamiento y <strong>ya ofrece un acortador de url (direcciones de internet) integrado<\/strong>. De forma que ahora ya s\u00f3lo tenemos que preocuparnos por pegar la direcci\u00f3n de cualquier sitio que nos interese, y de manera autom\u00e1tica, al publicar el contenido del post, se acortar\u00e1.<\/p>\n<p>La ventaja de esta red social es que adem\u00e1s de permitir la <strong>divulgaci\u00f3n y el conocimiento de cualquier tipo de contenido,<\/strong> te permite clasificarlo. El acceso a la informaci\u00f3n es libre y ahora se categoriza. Las listas es la mejor manera de poder obtener informaci\u00f3n en el momento a aquello que te interesa.<\/p>\n<p>Lo interesante de Twitter es que tambi\u00e9n se erige en vocero y pregonero de personas que pueden ayudarnos a superarnos a nosotros mismos. A tratar de encontrar lo positivo de una situaci\u00f3n que siempre se nos torna adversa, pero que ha de recuperar su lado productivo. A algunos de ellos los pod\u00e9is encontrar en esta <a href=\"https:\/\/twitter.com\/#!\/list\/AntonioVChanal\/rrhh2-0\" target=\"_blank\">lista<\/a>, donde he recopilado los 25 mejores especialistas en recursos humanos que se encuentran en Twitter, y que suelen hablar de superaci\u00f3n, de cambios, de actitudes\u2026 De trabajo diario y continuado\u2026 De superaci\u00f3n personal constante.<\/p>\n<p>He dicho en muchas ocasiones que lo bueno de Internet y, sobre todo, de las redes sociales (sea cual sea su signo) es que nos permiten el acceso a informaci\u00f3n que, de otra manera, no podr\u00edamos ni imaginar poder utilizar. Podemos conocer las \u00faltimas novedades de cualquier <a href=\"http:\/\/blog.infoempleo.com\/\" target=\"_blank\">blog<\/a>, desde donde vamos a estar al tanto de las m\u00e1s recientes tendencias en empleo, formaci\u00f3n, capacitaci\u00f3n\u2026 <strong>Formas de poder mejorar personal y profesional para poder optar a tener un empleo<\/strong>.<\/p>\n<p>Pero tambi\u00e9n, los <a href=\"http:\/\/www.antoniovchanal.com\/\" target=\"_blank\">blogs<\/a> de otros nos permiten el acceso a informaci\u00f3n que puede resultarnos de utilidad para disponer de recursos y sobre todo de herramientas para poder acceder a un empleo de una manera m\u00e1s inteligente.<\/p>\n<p>Muchas veces no queremos ver m\u00e1s all\u00e1 de nuestras propias narices, y solemos quejarnos de que no podemos hacer esto o aquello porque no disponemos de medios. Sucede que <strong>lo que no podemos conseguir es un t\u00edtulo que certifique que contamos con ese conocimiento<\/strong>. Pero muchas veces, ese papel no refrenda el conocimiento, sino la asistencia. Y tengo la sensaci\u00f3n de que <strong>ahora mismo<\/strong>, m\u00e1s que certificar, <strong>se necesitan profesionales cualificados, preparados, v\u00e1lidos y dispuestos a todo.<\/strong><\/p>\n<p>Las redes sociales son la gran biblioteca universal. Cuentan con documentaci\u00f3n suficiente en todos los idiomas que queramos. Y nos facilita el acceso a la informaci\u00f3n en cualquier momento. Tenemos la herramienta y los medios. Creo que ha llegado el momento de asumir que si queremos conseguir algo, hay que empezar por alguna parte.<\/p>\n<p>Y \u00e9sta es una buena historia por donde comenzar.<\/p>\n<p><a href=\"https:\/\/twitter.com\/#!\/AntoniovChanal\" target=\"_blank\">@AntonioVChanal<br \/>\n<\/a><strong>Coach y Formador en Redes Sociales<\/strong><\/p>\n","protected":false},"excerpt":{"rendered":"<p>Las cosas suceden, de una manera u otra. Los momentos duros siempre tienen su final. O al menos<a class=\"moretag\" href=\"https:\/\/empresas.infoempleo.com\/hrtrends\/formacion-y-capacitacion-unidas-por-el-empleo\/\"> Leer m\u00e1s<\/a><\/p>\n","protected":false},"author":49,"featured_media":13487,"comment_status":"closed","ping_status":"open","sticky":false,"template":"","format":"standard","meta":{"footnotes":""},"categories":[3],"tags":[162,2382,26,37],"class_list":["post-13486","post","type-post","status-publish","format-standard","has-post-thumbnail","hentry","category-actualidad","tag-empleo","tag-reclutamiento-2-0","tag-redes-sociales","tag-trabajo"],"yoast_head":"<!-- This site is optimized with the Yoast SEO plugin v26.1.1 - https:\/\/yoast.com\/wordpress\/plugins\/seo\/ -->\n<title>Formaci\u00f3n y capacitaci\u00f3n unidas por el #empleo | HRTRENDS<\/title>\n<meta name=\"robots\" content=\"index, follow, max-snippet:-1, max-image-preview:large, max-video-preview:-1\" \/>\n<link rel=\"canonical\" href=\"https:\/\/empresas.infoempleo.com\/hrtrends\/formacion-y-capacitacion-unidas-por-el-empleo\/\" \/>\n<meta property=\"og:locale\" content=\"es_ES\" \/>\n<meta property=\"og:type\" content=\"article\" \/>\n<meta property=\"og:title\" content=\"Formaci\u00f3n y capacitaci\u00f3n unidas por el #empleo | HRTRENDS\" \/>\n<meta property=\"og:description\" content=\"Las cosas suceden, de una manera u otra. Los momentos duros siempre tienen su final. O al menos Leer m\u00e1s\" \/>\n<meta property=\"og:url\" content=\"https:\/\/empresas.infoempleo.com\/hrtrends\/formacion-y-capacitacion-unidas-por-el-empleo\/\" \/>\n<meta property=\"og:site_name\" content=\"HRTRENDS\" \/>\n<meta property=\"article:publisher\" content=\"https:\/\/www.facebook.com\/Infoempleo\" \/>\n<meta property=\"article:published_time\" content=\"2011-06-09T14:49:15+00:00\" \/>\n<meta property=\"article:modified_time\" content=\"2018-05-23T15:26:52+00:00\" \/>\n<meta property=\"og:image\" content=\"https:\/\/empresas.infoempleo.com\/hrtrends\/media\/2011\/06\/FormacionyCapacitacion.jpg\" \/>\n\t<meta property=\"og:image:width\" content=\"568\" \/>\n\t<meta property=\"og:image:height\" content=\"258\" \/>\n\t<meta property=\"og:image:type\" content=\"image\/jpeg\" \/>\n<meta name=\"author\" content=\"antonio vallejo\" \/>\n<meta name=\"twitter:card\" content=\"summary_large_image\" \/>\n<meta name=\"twitter:creator\" content=\"@infoempleo\" \/>\n<meta name=\"twitter:site\" content=\"@infoempleo\" \/>\n<meta name=\"twitter:label1\" content=\"Escrito por\" \/>\n\t<meta name=\"twitter:data1\" content=\"antonio vallejo\" \/>\n\t<meta name=\"twitter:label2\" content=\"Tiempo de lectura\" \/>\n\t<meta name=\"twitter:data2\" content=\"4 minutos\" \/>\n<script type=\"application\/ld+json\" class=\"yoast-schema-graph\">{\"@context\":\"https:\/\/schema.org\",\"@graph\":[{\"@type\":\"NewsArticle\",\"@id\":\"https:\/\/empresas.infoempleo.com\/hrtrends\/formacion-y-capacitacion-unidas-por-el-empleo\/#article\",\"isPartOf\":{\"@id\":\"https:\/\/empresas.infoempleo.com\/hrtrends\/formacion-y-capacitacion-unidas-por-el-empleo\/\"},\"author\":{\"name\":\"antonio vallejo\",\"@id\":\"https:\/\/empresas.infoempleo.com\/hrtrends\/#\/schema\/person\/9bc89e3819d56720c9fba63ae9d827f3\"},\"headline\":\"Formaci\u00f3n y capacitaci\u00f3n unidas por el #empleo\",\"datePublished\":\"2011-06-09T14:49:15+00:00\",\"dateModified\":\"2018-05-23T15:26:52+00:00\",\"mainEntityOfPage\":{\"@id\":\"https:\/\/empresas.infoempleo.com\/hrtrends\/formacion-y-capacitacion-unidas-por-el-empleo\/\"},\"wordCount\":854,\"publisher\":{\"@id\":\"https:\/\/empresas.infoempleo.com\/hrtrends\/#organization\"},\"image\":{\"@id\":\"https:\/\/empresas.infoempleo.com\/hrtrends\/formacion-y-capacitacion-unidas-por-el-empleo\/#primaryimage\"},\"thumbnailUrl\":\"https:\/\/empresas.infoempleo.com\/hrtrends\/media\/2011\/06\/FormacionyCapacitacion.jpg\",\"keywords\":[\"Empleo\",\"reclutamiento 2.0\",\"redes sociales\",\"trabajo\"],\"articleSection\":[\"Actualidad\"],\"inLanguage\":\"es\",\"copyrightYear\":\"2011\",\"copyrightHolder\":{\"@id\":\"https:\/\/empresas.infoempleo.com\/hrtrends\/#organization\"}},{\"@type\":\"WebPage\",\"@id\":\"https:\/\/empresas.infoempleo.com\/hrtrends\/formacion-y-capacitacion-unidas-por-el-empleo\/\",\"url\":\"https:\/\/empresas.infoempleo.com\/hrtrends\/formacion-y-capacitacion-unidas-por-el-empleo\/\",\"name\":\"Formaci\u00f3n y capacitaci\u00f3n unidas por el #empleo | HRTRENDS\",\"isPartOf\":{\"@id\":\"https:\/\/empresas.infoempleo.com\/hrtrends\/#website\"},\"primaryImageOfPage\":{\"@id\":\"https:\/\/empresas.infoempleo.com\/hrtrends\/formacion-y-capacitacion-unidas-por-el-empleo\/#primaryimage\"},\"image\":{\"@id\":\"https:\/\/empresas.infoempleo.com\/hrtrends\/formacion-y-capacitacion-unidas-por-el-empleo\/#primaryimage\"},\"thumbnailUrl\":\"https:\/\/empresas.infoempleo.com\/hrtrends\/media\/2011\/06\/FormacionyCapacitacion.jpg\",\"datePublished\":\"2011-06-09T14:49:15+00:00\",\"dateModified\":\"2018-05-23T15:26:52+00:00\",\"breadcrumb\":{\"@id\":\"https:\/\/empresas.infoempleo.com\/hrtrends\/formacion-y-capacitacion-unidas-por-el-empleo\/#breadcrumb\"},\"inLanguage\":\"es\",\"potentialAction\":[{\"@type\":\"ReadAction\",\"target\":[\"https:\/\/empresas.infoempleo.com\/hrtrends\/formacion-y-capacitacion-unidas-por-el-empleo\/\"]}]},{\"@type\":\"ImageObject\",\"inLanguage\":\"es\",\"@id\":\"https:\/\/empresas.infoempleo.com\/hrtrends\/formacion-y-capacitacion-unidas-por-el-empleo\/#primaryimage\",\"url\":\"https:\/\/empresas.infoempleo.com\/hrtrends\/media\/2011\/06\/FormacionyCapacitacion-150x150.jpg\",\"contentUrl\":\"https:\/\/empresas.infoempleo.com\/hrtrends\/media\/2011\/06\/FormacionyCapacitacion-150x150.jpg\",\"width\":150,\"height\":150},{\"@type\":\"BreadcrumbList\",\"@id\":\"https:\/\/empresas.infoempleo.com\/hrtrends\/formacion-y-capacitacion-unidas-por-el-empleo\/#breadcrumb\",\"itemListElement\":[{\"@type\":\"ListItem\",\"position\":1,\"name\":\"Portada\",\"item\":\"https:\/\/empresas.infoempleo.com\/hrtrends\/\"},{\"@type\":\"ListItem\",\"position\":2,\"name\":\"Formaci\u00f3n y capacitaci\u00f3n unidas por el #empleo\"}]},{\"@type\":\"WebSite\",\"@id\":\"https:\/\/empresas.infoempleo.com\/hrtrends\/#website\",\"url\":\"https:\/\/empresas.infoempleo.com\/hrtrends\",\"name\":\"HRTrends by Infoempleo\",\"description\":\"\",\"publisher\":{\"@id\":\"https:\/\/empresas.infoempleo.com\/hrtrends\/#organization\"},\"potentialAction\":{\"@type\":\"SearchAction\",\"target\":\"https:\/\/empresas.infoempleo.com\/hrtrends\/?s={search_term_string}\",\"query-input\":\"required name=search_term_string\"},\"inLanguage\":\"es\"},{\"@type\":\"Organization\",\"@id\":\"https:\/\/empresas.infoempleo.com\/hrtrends\/#organization\",\"name\":\"Infoempleo\",\"url\":\"https:\/\/www.infoempleo.com\/\",\"logo\":{\"@type\":\"ImageObject\",\"@id\":\"https:\/\/empresas.infoempleo.com\/hrtrends\/#logo\",\"inLanguage\":\"es\",\"url\":\"https:\/\/cdnazure.infoempleo.com\/infoempleo\/assets\/style\/gfx\/logo.svg\",\"contentUrl\":\"https:\/\/cdnazure.infoempleo.com\/infoempleo\/assets\/style\/gfx\/logo.svg\",\"width\":150,\"height\":40,\"caption\":\"Infoempleo\"},\"image\":{\"@id\":\"https:\/\/empresas.infoempleo.com\/hrtrends\/#logo\"},\"sameAs\":[\"https:\/\/www.facebook.com\/Infoempleo\",\"https:\/\/x.com\/infoempleo\",\"http:\/\/instagram.com\/infoempleo\/\",\"http:\/\/www.linkedin.com\/groups\/Empleo-Espa\u00f1a-Infoempleocom-111276\",\"http:\/\/pinterest.com\/infoempleo\/\"],\"address\":{\"@type\":\"PostalAddress\",\"addressLocality\":\"Madrid\",\"postalCode\":\"28050\",\"streetAddress\":\"Avenida de Burgos 114\"},\"brand\":[\"Infoempleo\"]},{\"@type\":\"Person\",\"@id\":\"https:\/\/empresas.infoempleo.com\/hrtrends\/#\/schema\/person\/9bc89e3819d56720c9fba63ae9d827f3\",\"name\":\"antonio vallejo\",\"image\":{\"@type\":\"ImageObject\",\"inLanguage\":\"es\",\"@id\":\"https:\/\/empresas.infoempleo.com\/hrtrends\/#\/schema\/person\/image\/\",\"url\":\"https:\/\/secure.gravatar.com\/avatar\/882c28279ae4535d5a62c1e541f84d58ddfb96ce2c2119d0f109a2f3ce461806?s=96&d=mm&r=g\",\"contentUrl\":\"https:\/\/secure.gravatar.com\/avatar\/882c28279ae4535d5a62c1e541f84d58ddfb96ce2c2119d0f109a2f3ce461806?s=96&d=mm&r=g\",\"caption\":\"antonio vallejo\"},\"url\":\"https:\/\/empresas.infoempleo.com\/hrtrends\/author\/antonio-vallejo\/\"}]}<\/script>\n<!-- \/ Yoast SEO plugin. -->","yoast_head_json":{"title":"Formaci\u00f3n y capacitaci\u00f3n unidas por el #empleo | HRTRENDS","robots":{"index":"index","follow":"follow","max-snippet":"max-snippet:-1","max-image-preview":"max-image-preview:large","max-video-preview":"max-video-preview:-1"},"canonical":"https:\/\/empresas.infoempleo.com\/hrtrends\/formacion-y-capacitacion-unidas-por-el-empleo\/","og_locale":"es_ES","og_type":"article","og_title":"Formaci\u00f3n y capacitaci\u00f3n unidas por el #empleo | HRTRENDS","og_description":"Las cosas suceden, de una manera u otra. Los momentos duros siempre tienen su final. O al menos Leer m\u00e1s","og_url":"https:\/\/empresas.infoempleo.com\/hrtrends\/formacion-y-capacitacion-unidas-por-el-empleo\/","og_site_name":"HRTRENDS","article_publisher":"https:\/\/www.facebook.com\/Infoempleo","article_published_time":"2011-06-09T14:49:15+00:00","article_modified_time":"2018-05-23T15:26:52+00:00","og_image":[{"width":568,"height":258,"url":"https:\/\/empresas.infoempleo.com\/hrtrends\/media\/2011\/06\/FormacionyCapacitacion.jpg","type":"image\/jpeg"}],"author":"antonio vallejo","twitter_card":"summary_large_image","twitter_creator":"@infoempleo","twitter_site":"@infoempleo","twitter_misc":{"Escrito por":"antonio vallejo","Tiempo de lectura":"4 minutos"},"schema":{"@context":"https:\/\/schema.org","@graph":[{"@type":"NewsArticle","@id":"https:\/\/empresas.infoempleo.com\/hrtrends\/formacion-y-capacitacion-unidas-por-el-empleo\/#article","isPartOf":{"@id":"https:\/\/empresas.infoempleo.com\/hrtrends\/formacion-y-capacitacion-unidas-por-el-empleo\/"},"author":{"name":"antonio vallejo","@id":"https:\/\/empresas.infoempleo.com\/hrtrends\/#\/schema\/person\/9bc89e3819d56720c9fba63ae9d827f3"},"headline":"Formaci\u00f3n y capacitaci\u00f3n unidas por el #empleo","datePublished":"2011-06-09T14:49:15+00:00","dateModified":"2018-05-23T15:26:52+00:00","mainEntityOfPage":{"@id":"https:\/\/empresas.infoempleo.com\/hrtrends\/formacion-y-capacitacion-unidas-por-el-empleo\/"},"wordCount":854,"publisher":{"@id":"https:\/\/empresas.infoempleo.com\/hrtrends\/#organization"},"image":{"@id":"https:\/\/empresas.infoempleo.com\/hrtrends\/formacion-y-capacitacion-unidas-por-el-empleo\/#primaryimage"},"thumbnailUrl":"https:\/\/empresas.infoempleo.com\/hrtrends\/media\/2011\/06\/FormacionyCapacitacion.jpg","keywords":["Empleo","reclutamiento 2.0","redes sociales","trabajo"],"articleSection":["Actualidad"],"inLanguage":"es","copyrightYear":"2011","copyrightHolder":{"@id":"https:\/\/empresas.infoempleo.com\/hrtrends\/#organization"}},{"@type":"WebPage","@id":"https:\/\/empresas.infoempleo.com\/hrtrends\/formacion-y-capacitacion-unidas-por-el-empleo\/","url":"https:\/\/empresas.infoempleo.com\/hrtrends\/formacion-y-capacitacion-unidas-por-el-empleo\/","name":"Formaci\u00f3n y capacitaci\u00f3n unidas por el #empleo | HRTRENDS","isPartOf":{"@id":"https:\/\/empresas.infoempleo.com\/hrtrends\/#website"},"primaryImageOfPage":{"@id":"https:\/\/empresas.infoempleo.com\/hrtrends\/formacion-y-capacitacion-unidas-por-el-empleo\/#primaryimage"},"image":{"@id":"https:\/\/empresas.infoempleo.com\/hrtrends\/formacion-y-capacitacion-unidas-por-el-empleo\/#primaryimage"},"thumbnailUrl":"https:\/\/empresas.infoempleo.com\/hrtrends\/media\/2011\/06\/FormacionyCapacitacion.jpg","datePublished":"2011-06-09T14:49:15+00:00","dateModified":"2018-05-23T15:26:52+00:00","breadcrumb":{"@id":"https:\/\/empresas.infoempleo.com\/hrtrends\/formacion-y-capacitacion-unidas-por-el-empleo\/#breadcrumb"},"inLanguage":"es","potentialAction":[{"@type":"ReadAction","target":["https:\/\/empresas.infoempleo.com\/hrtrends\/formacion-y-capacitacion-unidas-por-el-empleo\/"]}]},{"@type":"ImageObject","inLanguage":"es","@id":"https:\/\/empresas.infoempleo.com\/hrtrends\/formacion-y-capacitacion-unidas-por-el-empleo\/#primaryimage","url":"https:\/\/empresas.infoempleo.com\/hrtrends\/media\/2011\/06\/FormacionyCapacitacion-150x150.jpg","contentUrl":"https:\/\/empresas.infoempleo.com\/hrtrends\/media\/2011\/06\/FormacionyCapacitacion-150x150.jpg","width":150,"height":150},{"@type":"BreadcrumbList","@id":"https:\/\/empresas.infoempleo.com\/hrtrends\/formacion-y-capacitacion-unidas-por-el-empleo\/#breadcrumb","itemListElement":[{"@type":"ListItem","position":1,"name":"Portada","item":"https:\/\/empresas.infoempleo.com\/hrtrends\/"},{"@type":"ListItem","position":2,"name":"Formaci\u00f3n y capacitaci\u00f3n unidas por el #empleo"}]},{"@type":"WebSite","@id":"https:\/\/empresas.infoempleo.com\/hrtrends\/#website","url":"https:\/\/empresas.infoempleo.com\/hrtrends","name":"HRTrends by Infoempleo","description":"","publisher":{"@id":"https:\/\/empresas.infoempleo.com\/hrtrends\/#organization"},"potentialAction":{"@type":"SearchAction","target":"https:\/\/empresas.infoempleo.com\/hrtrends\/?s={search_term_string}","query-input":"required name=search_term_string"},"inLanguage":"es"},{"@type":"Organization","@id":"https:\/\/empresas.infoempleo.com\/hrtrends\/#organization","name":"Infoempleo","url":"https:\/\/www.infoempleo.com\/","logo":{"@type":"ImageObject","@id":"https:\/\/empresas.infoempleo.com\/hrtrends\/#logo","inLanguage":"es","url":"https:\/\/cdnazure.infoempleo.com\/infoempleo\/assets\/style\/gfx\/logo.svg","contentUrl":"https:\/\/cdnazure.infoempleo.com\/infoempleo\/assets\/style\/gfx\/logo.svg","width":150,"height":40,"caption":"Infoempleo"},"image":{"@id":"https:\/\/empresas.infoempleo.com\/hrtrends\/#logo"},"sameAs":["https:\/\/www.facebook.com\/Infoempleo","https:\/\/x.com\/infoempleo","http:\/\/instagram.com\/infoempleo\/","http:\/\/www.linkedin.com\/groups\/Empleo-Espa\u00f1a-Infoempleocom-111276","http:\/\/pinterest.com\/infoempleo\/"],"address":{"@type":"PostalAddress","addressLocality":"Madrid","postalCode":"28050","streetAddress":"Avenida de Burgos 114"},"brand":["Infoempleo"]},{"@type":"Person","@id":"https:\/\/empresas.infoempleo.com\/hrtrends\/#\/schema\/person\/9bc89e3819d56720c9fba63ae9d827f3","name":"antonio vallejo","image":{"@type":"ImageObject","inLanguage":"es","@id":"https:\/\/empresas.infoempleo.com\/hrtrends\/#\/schema\/person\/image\/","url":"https:\/\/secure.gravatar.com\/avatar\/882c28279ae4535d5a62c1e541f84d58ddfb96ce2c2119d0f109a2f3ce461806?s=96&d=mm&r=g","contentUrl":"https:\/\/secure.gravatar.com\/avatar\/882c28279ae4535d5a62c1e541f84d58ddfb96ce2c2119d0f109a2f3ce461806?s=96&d=mm&r=g","caption":"antonio vallejo"},"url":"https:\/\/empresas.infoempleo.com\/hrtrends\/author\/antonio-vallejo\/"}]}},"amp_enabled":true,"_links":{"self":[{"href":"https:\/\/empresas.infoempleo.com\/hrtrends\/wp-json\/wp\/v2\/posts\/13486","targetHints":{"allow":["GET"]}}],"collection":[{"href":"https:\/\/empresas.infoempleo.com\/hrtrends\/wp-json\/wp\/v2\/posts"}],"about":[{"href":"https:\/\/empresas.infoempleo.com\/hrtrends\/wp-json\/wp\/v2\/types\/post"}],"author":[{"embeddable":true,"href":"https:\/\/empresas.infoempleo.com\/hrtrends\/wp-json\/wp\/v2\/users\/49"}],"replies":[{"embeddable":true,"href":"https:\/\/empresas.infoempleo.com\/hrtrends\/wp-json\/wp\/v2\/comments?post=13486"}],"version-history":[{"count":0,"href":"https:\/\/empresas.infoempleo.com\/hrtrends\/wp-json\/wp\/v2\/posts\/13486\/revisions"}],"wp:featuredmedia":[{"embeddable":true,"href":"https:\/\/empresas.infoempleo.com\/hrtrends\/wp-json\/wp\/v2\/media\/13487"}],"wp:attachment":[{"href":"https:\/\/empresas.infoempleo.com\/hrtrends\/wp-json\/wp\/v2\/media?parent=13486"}],"wp:term":[{"taxonomy":"category","embeddable":true,"href":"https:\/\/empresas.infoempleo.com\/hrtrends\/wp-json\/wp\/v2\/categories?post=13486"},{"taxonomy":"post_tag","embeddable":true,"href":"https:\/\/empresas.infoempleo.com\/hrtrends\/wp-json\/wp\/v2\/tags?post=13486"}],"curies":[{"name":"wp","href":"https:\/\/api.w.org\/{rel}","templated":true}]}}