{"id":13355,"date":"2011-05-30T09:46:26","date_gmt":"2011-05-30T08:46:26","guid":{"rendered":"http:\/\/blog.infoempleo.com\/?p=13355"},"modified":"2024-08-29T17:43:32","modified_gmt":"2024-08-29T15:43:32","slug":"los-titulos-oficiales-de-idiomas-nuestra-asignatura-pendiente","status":"publish","type":"post","link":"https:\/\/empresas.infoempleo.com\/hrtrends\/los-titulos-oficiales-de-idiomas-nuestra-asignatura-pendiente\/","title":{"rendered":"Los t\u00edtulos oficiales de idiomas, nuestra asignatura pendiente"},"content":{"rendered":"<p style=\"text-align: center;\"><img loading=\"lazy\" decoding=\"async\" class=\"alignnone size-full wp-image-13356\" title=\"Idiomas\" src=\"https:\/\/empresas.infoempleo.com\/hrtrends\/media\/2011\/05\/Idiomas.jpg\" alt=\"\" width=\"454\" height=\"206\" srcset=\"https:\/\/empresas.infoempleo.com\/hrtrends\/media\/2011\/05\/Idiomas.jpg 568w, https:\/\/empresas.infoempleo.com\/hrtrends\/media\/2011\/05\/Idiomas-300x136.jpg 300w\" sizes=\"auto, (max-width: 454px) 100vw, 454px\" \/><\/p>\n<p>Un reciente estudio de la consultora IPSOS, encargado por el grupo Oc\u00e9ano \u2013el <strong>\u00abInforme Oc\u00e9ano Idiomas 2011: el conocimiento del ingl\u00e9s en Espa\u00f1a\u00bb<\/strong>\u2013 arroja algunos datos preocupantes: <strong>solo el 20% de la poblaci\u00f3n cuenta con un t\u00edtulo oficial que acredite su nivel de ingl\u00e9s<\/strong>. Sin embargo, en Espa\u00f1a el 14% de la poblaci\u00f3n encuestada afirma leer \u00abmuy bien\u00bb en ingl\u00e9s; el 10% dice entenderlo perfectamente, y hasta un 7% se otorga la m\u00e1xima puntuaci\u00f3n en lo que se refiere a expresi\u00f3n oral.<\/p>\n<p>El nivel de ingl\u00e9s puede ser muy elevado, pero sin un t\u00edtulo oficial que lo acredite, tiene poca o nula validez. Pese a todo, <strong>Armando de Le\u00f3n Sotelo Ben\u00edtez, director de la Escuela Oficial de Idiomas de Madrid Jes\u00fas Maestro<\/strong>, considera que <strong>la relevancia de tener un t\u00edtulo que acredite el conocimiento de un idioma var\u00eda en funci\u00f3n de si se trabaja en el sector p\u00fablico o en el privado.<\/strong> Aclara que \u00aben los tres niveles de la Administraci\u00f3n P\u00fablica, es decir, europeo, estatal y auton\u00f3mico, es necesario acreditar el conocimiento de la lengua con un nivel C1. Esto ocurre incluso en las comunidades aut\u00f3nomas biling\u00fces, como Galicia, Catalu\u00f1a o la Comunidad Valenciana, entre otras. En la empresa privada, mientras tanto, el t\u00edtulo es igualmente importante, aunque es la propia empresa la que fija y decide los baremos por los que un determinado nivel es suficiente o no para el puesto\u00bb.<\/p>\n<h3>Homologaci\u00f3n europea<\/h3>\n<p>Es muy importante contar con un t\u00edtulo que determine el nivel del alumno teniendo en cuenta un baremo internacional. Es ah\u00ed donde entra el <strong>Marco Com\u00fan Europeo de Referencia: un sistema de convalidaci\u00f3n que pretende implementar un criterio \u00fanico<\/strong> para, por un lado, proyectar los distintos niveles de dificultad de los cursos y, por otro, otorgar unos t\u00edtulos que puedan homologarse en toda la Uni\u00f3n Europea.<\/p>\n<p>Para Armando de Le\u00f3n Sotelo, todav\u00eda queda camino por recorrer para que todas las instituciones de la Uni\u00f3n tengan un sistema \u00fanico, pero \u00abcada vez est\u00e1 m\u00e1s extendido, tanto\u00a0a la hora de concebir los cursos como a la hora de acreditarlos. Adem\u00e1s, el desconocimiento parcial del Marco Europeo de Referencia por parte de la sociedad hace que las empresas pierdan tiempo y dinero, ya que, en muchos casos, tienen que concebir un nuevo sistema para evaluar el nivel de ingl\u00e9s de un candidato\u00bb.<\/p>\n<p>Y es que, gracias a este marco, y a los t\u00edtulos expedidos bajo su supervisi\u00f3n, cada letra acompa\u00f1ada de un n\u00famero deber\u00eda significar lo mismo en toda la Uni\u00f3n Europea. A saber, nivel b\u00e1sico para la letra A \u2013A1 acceso; A2 plataforma\u2013, nivel intermedio para la letra B \u2013B1 umbral; B2 avanzado\u2013, y nivel avanzado para la C \u2013C1 dominio; C2 maestr\u00eda\u2013.<\/p>\n<p><strong>Adem\u00e1s de la Escuela Oficial de Idiomas, existen infinidad de centros especializados que imparten clases de distintos idiomas<\/strong>. <strong>El ingl\u00e9s es el n\u00famero uno en Espa\u00f1a seguido a distancia por el espa\u00f1ol para extranjeros<\/strong>, seg\u00fan informan desde la EOI. \u00abA continuaci\u00f3n se encuentran las lenguas mayoritarias de la Uni\u00f3n Europea, como el franc\u00e9s, el alem\u00e1n y el italiano, y, en los \u00faltimos a\u00f1os, hemos observado un claro repunte de los idiomas de pa\u00edses emergentes, como el chino, el portugu\u00e9s \u2013por la importancia econ\u00f3mica que, poco a poco, va teniendo Brasil en el mercado internacional\u2013 y \u00e1rabe\u00bb.<\/p>\n<h3>T\u00edtulos oficiales<\/h3>\n<p><a href=\"https:\/\/www.ets.org\/\" target=\"_blank\" rel=\"noopener\">ETS (Educational Testing Service)<\/a> es una organizaci\u00f3n sin \u00e1nimo de lucro <strong>encargada de garantizar la calidad y la igualdad en la ense\u00f1anza.<\/strong> Desarrollan, administran y eval\u00faan distintos programas educativos en todo\u00a0 el mundo, entre los que se encuentran los ex\u00e1menes de referencia TOEFL y TOEIC. Rebecca Powell, Manager of External Relations de ETS, afirma que esos t\u00edtulos internacionales son igualmente v\u00e1lidos y homologables. \u00abLos ex\u00e1menes TOEFL y TOEIC tambi\u00e9n est\u00e1n disponibles en Espa\u00f1a. Tienen lugar en los distintos centros concertados, presentes en las principales\u00a0ciudades del pa\u00eds, con frecuencia semanal o bisemanal, y <strong>los candidatos no tienen m\u00e1s que registrarse online en la p\u00e1ginaweb para poder acceder al test y, as\u00ed, acreditar su nivel de ingl\u00e9s de forma oficial<\/strong>\u00bb, explica.<\/p>\n<p>Powell matiza que \u00abespecialmente ahora, con tantas personas que buscan trabajo\u00a0en Espa\u00f1a, el aumento de la empleabilidad y de la movilidad que proporciona un certificado oficial de idiomas es crucial. Ser capaz de comunicarse bien en ingl\u00e9s, y adem\u00e1s ser capaz de demostrarlo mediante un t\u00edtulo, es un valor a\u00f1adido de importancia vital en el mercado de trabajo actual\u00bb.<\/p>\n","protected":false},"excerpt":{"rendered":"<p>Un reciente estudio de la consultora IPSOS, encargado por el grupo Oc\u00e9ano \u2013el \u00abInforme Oc\u00e9ano Idiomas 2011: el<a class=\"moretag\" href=\"https:\/\/empresas.infoempleo.com\/hrtrends\/los-titulos-oficiales-de-idiomas-nuestra-asignatura-pendiente\/\"> Leer m\u00e1s<\/a><\/p>\n","protected":false},"author":65,"featured_media":13356,"comment_status":"closed","ping_status":"open","sticky":false,"template":"","format":"standard","meta":{"footnotes":""},"categories":[3],"tags":[162,290,37],"class_list":["post-13355","post","type-post","status-publish","format-standard","has-post-thumbnail","hentry","category-actualidad","tag-empleo","tag-idiomas","tag-trabajo"],"yoast_head":"<!-- This site is optimized with the Yoast SEO plugin v26.1.1 - https:\/\/yoast.com\/wordpress\/plugins\/seo\/ -->\n<title>Los t\u00edtulos oficiales de idiomas, nuestra asignatura pendiente | HRTRENDS<\/title>\n<meta name=\"robots\" content=\"index, follow, max-snippet:-1, max-image-preview:large, max-video-preview:-1\" \/>\n<link rel=\"canonical\" href=\"https:\/\/empresas.infoempleo.com\/hrtrends\/los-titulos-oficiales-de-idiomas-nuestra-asignatura-pendiente\/\" \/>\n<meta property=\"og:locale\" content=\"es_ES\" \/>\n<meta property=\"og:type\" content=\"article\" \/>\n<meta property=\"og:title\" content=\"Los t\u00edtulos oficiales de idiomas, nuestra asignatura pendiente | HRTRENDS\" \/>\n<meta property=\"og:description\" content=\"Un reciente estudio de la consultora IPSOS, encargado por el grupo Oc\u00e9ano \u2013el \u00abInforme Oc\u00e9ano Idiomas 2011: el Leer m\u00e1s\" \/>\n<meta property=\"og:url\" content=\"https:\/\/empresas.infoempleo.com\/hrtrends\/los-titulos-oficiales-de-idiomas-nuestra-asignatura-pendiente\/\" \/>\n<meta property=\"og:site_name\" content=\"HRTRENDS\" \/>\n<meta property=\"article:publisher\" content=\"https:\/\/www.facebook.com\/Infoempleo\" \/>\n<meta property=\"article:published_time\" content=\"2011-05-30T08:46:26+00:00\" \/>\n<meta property=\"article:modified_time\" content=\"2024-08-29T15:43:32+00:00\" \/>\n<meta property=\"og:image\" content=\"https:\/\/empresas.infoempleo.com\/hrtrends\/media\/2011\/05\/Idiomas.jpg\" \/>\n\t<meta property=\"og:image:width\" content=\"568\" \/>\n\t<meta property=\"og:image:height\" content=\"258\" \/>\n\t<meta property=\"og:image:type\" content=\"image\/jpeg\" \/>\n<meta name=\"author\" content=\"Enrique G\u00f3mez\" \/>\n<meta name=\"twitter:card\" content=\"summary_large_image\" \/>\n<meta name=\"twitter:creator\" content=\"@infoempleo\" \/>\n<meta name=\"twitter:site\" content=\"@infoempleo\" \/>\n<meta name=\"twitter:label1\" content=\"Escrito por\" \/>\n\t<meta name=\"twitter:data1\" content=\"Enrique G\u00f3mez\" \/>\n\t<meta name=\"twitter:label2\" content=\"Tiempo de lectura\" \/>\n\t<meta name=\"twitter:data2\" content=\"4 minutos\" \/>\n<script type=\"application\/ld+json\" class=\"yoast-schema-graph\">{\"@context\":\"https:\/\/schema.org\",\"@graph\":[{\"@type\":\"NewsArticle\",\"@id\":\"https:\/\/empresas.infoempleo.com\/hrtrends\/los-titulos-oficiales-de-idiomas-nuestra-asignatura-pendiente\/#article\",\"isPartOf\":{\"@id\":\"https:\/\/empresas.infoempleo.com\/hrtrends\/los-titulos-oficiales-de-idiomas-nuestra-asignatura-pendiente\/\"},\"author\":{\"name\":\"Enrique G\u00f3mez\",\"@id\":\"https:\/\/empresas.infoempleo.com\/hrtrends\/#\/schema\/person\/2e8d0209009fe50281b146eb7db611e5\"},\"headline\":\"Los t\u00edtulos oficiales de idiomas, nuestra asignatura pendiente\",\"datePublished\":\"2011-05-30T08:46:26+00:00\",\"dateModified\":\"2024-08-29T15:43:32+00:00\",\"mainEntityOfPage\":{\"@id\":\"https:\/\/empresas.infoempleo.com\/hrtrends\/los-titulos-oficiales-de-idiomas-nuestra-asignatura-pendiente\/\"},\"wordCount\":812,\"publisher\":{\"@id\":\"https:\/\/empresas.infoempleo.com\/hrtrends\/#organization\"},\"image\":{\"@id\":\"https:\/\/empresas.infoempleo.com\/hrtrends\/los-titulos-oficiales-de-idiomas-nuestra-asignatura-pendiente\/#primaryimage\"},\"thumbnailUrl\":\"https:\/\/empresas.infoempleo.com\/hrtrends\/media\/2011\/05\/Idiomas.jpg\",\"keywords\":[\"Empleo\",\"Idiomas\",\"trabajo\"],\"articleSection\":[\"Actualidad\"],\"inLanguage\":\"es\",\"copyrightYear\":\"2011\",\"copyrightHolder\":{\"@id\":\"https:\/\/empresas.infoempleo.com\/hrtrends\/#organization\"}},{\"@type\":\"WebPage\",\"@id\":\"https:\/\/empresas.infoempleo.com\/hrtrends\/los-titulos-oficiales-de-idiomas-nuestra-asignatura-pendiente\/\",\"url\":\"https:\/\/empresas.infoempleo.com\/hrtrends\/los-titulos-oficiales-de-idiomas-nuestra-asignatura-pendiente\/\",\"name\":\"Los t\u00edtulos oficiales de idiomas, nuestra asignatura pendiente | HRTRENDS\",\"isPartOf\":{\"@id\":\"https:\/\/empresas.infoempleo.com\/hrtrends\/#website\"},\"primaryImageOfPage\":{\"@id\":\"https:\/\/empresas.infoempleo.com\/hrtrends\/los-titulos-oficiales-de-idiomas-nuestra-asignatura-pendiente\/#primaryimage\"},\"image\":{\"@id\":\"https:\/\/empresas.infoempleo.com\/hrtrends\/los-titulos-oficiales-de-idiomas-nuestra-asignatura-pendiente\/#primaryimage\"},\"thumbnailUrl\":\"https:\/\/empresas.infoempleo.com\/hrtrends\/media\/2011\/05\/Idiomas.jpg\",\"datePublished\":\"2011-05-30T08:46:26+00:00\",\"dateModified\":\"2024-08-29T15:43:32+00:00\",\"breadcrumb\":{\"@id\":\"https:\/\/empresas.infoempleo.com\/hrtrends\/los-titulos-oficiales-de-idiomas-nuestra-asignatura-pendiente\/#breadcrumb\"},\"inLanguage\":\"es\",\"potentialAction\":[{\"@type\":\"ReadAction\",\"target\":[\"https:\/\/empresas.infoempleo.com\/hrtrends\/los-titulos-oficiales-de-idiomas-nuestra-asignatura-pendiente\/\"]}]},{\"@type\":\"ImageObject\",\"inLanguage\":\"es\",\"@id\":\"https:\/\/empresas.infoempleo.com\/hrtrends\/los-titulos-oficiales-de-idiomas-nuestra-asignatura-pendiente\/#primaryimage\",\"url\":\"https:\/\/empresas.infoempleo.com\/hrtrends\/media\/2011\/05\/Idiomas-150x150.jpg\",\"contentUrl\":\"https:\/\/empresas.infoempleo.com\/hrtrends\/media\/2011\/05\/Idiomas-150x150.jpg\",\"width\":150,\"height\":150},{\"@type\":\"BreadcrumbList\",\"@id\":\"https:\/\/empresas.infoempleo.com\/hrtrends\/los-titulos-oficiales-de-idiomas-nuestra-asignatura-pendiente\/#breadcrumb\",\"itemListElement\":[{\"@type\":\"ListItem\",\"position\":1,\"name\":\"Portada\",\"item\":\"https:\/\/empresas.infoempleo.com\/hrtrends\/\"},{\"@type\":\"ListItem\",\"position\":2,\"name\":\"Los t\u00edtulos oficiales de idiomas, nuestra asignatura pendiente\"}]},{\"@type\":\"WebSite\",\"@id\":\"https:\/\/empresas.infoempleo.com\/hrtrends\/#website\",\"url\":\"https:\/\/empresas.infoempleo.com\/hrtrends\",\"name\":\"HRTrends by Infoempleo\",\"description\":\"\",\"publisher\":{\"@id\":\"https:\/\/empresas.infoempleo.com\/hrtrends\/#organization\"},\"potentialAction\":{\"@type\":\"SearchAction\",\"target\":\"https:\/\/empresas.infoempleo.com\/hrtrends\/?s={search_term_string}\",\"query-input\":\"required name=search_term_string\"},\"inLanguage\":\"es\"},{\"@type\":\"Organization\",\"@id\":\"https:\/\/empresas.infoempleo.com\/hrtrends\/#organization\",\"name\":\"Infoempleo\",\"url\":\"https:\/\/www.infoempleo.com\/\",\"logo\":{\"@type\":\"ImageObject\",\"@id\":\"https:\/\/empresas.infoempleo.com\/hrtrends\/#logo\",\"inLanguage\":\"es\",\"url\":\"https:\/\/cdnazure.infoempleo.com\/infoempleo\/assets\/style\/gfx\/logo.svg\",\"contentUrl\":\"https:\/\/cdnazure.infoempleo.com\/infoempleo\/assets\/style\/gfx\/logo.svg\",\"width\":150,\"height\":40,\"caption\":\"Infoempleo\"},\"image\":{\"@id\":\"https:\/\/empresas.infoempleo.com\/hrtrends\/#logo\"},\"sameAs\":[\"https:\/\/www.facebook.com\/Infoempleo\",\"https:\/\/x.com\/infoempleo\",\"http:\/\/instagram.com\/infoempleo\/\",\"http:\/\/www.linkedin.com\/groups\/Empleo-Espa\u00f1a-Infoempleocom-111276\",\"http:\/\/pinterest.com\/infoempleo\/\"],\"address\":{\"@type\":\"PostalAddress\",\"addressLocality\":\"Madrid\",\"postalCode\":\"28050\",\"streetAddress\":\"Avenida de Burgos 114\"},\"brand\":[\"Infoempleo\"]},{\"@type\":\"Person\",\"@id\":\"https:\/\/empresas.infoempleo.com\/hrtrends\/#\/schema\/person\/2e8d0209009fe50281b146eb7db611e5\",\"name\":\"Enrique G\u00f3mez\",\"image\":{\"@type\":\"ImageObject\",\"inLanguage\":\"es\",\"@id\":\"https:\/\/empresas.infoempleo.com\/hrtrends\/#\/schema\/person\/image\/\",\"url\":\"https:\/\/secure.gravatar.com\/avatar\/3074103869ac7b0b696f8d73d85e6a3cf5e69295f9f44b80c9b44721ea7f9b52?s=96&d=mm&r=g\",\"contentUrl\":\"https:\/\/secure.gravatar.com\/avatar\/3074103869ac7b0b696f8d73d85e6a3cf5e69295f9f44b80c9b44721ea7f9b52?s=96&d=mm&r=g\",\"caption\":\"Enrique G\u00f3mez\"},\"url\":\"https:\/\/empresas.infoempleo.com\/hrtrends\/author\/egomez\/\"}]}<\/script>\n<!-- \/ Yoast SEO plugin. -->","yoast_head_json":{"title":"Los t\u00edtulos oficiales de idiomas, nuestra asignatura pendiente | HRTRENDS","robots":{"index":"index","follow":"follow","max-snippet":"max-snippet:-1","max-image-preview":"max-image-preview:large","max-video-preview":"max-video-preview:-1"},"canonical":"https:\/\/empresas.infoempleo.com\/hrtrends\/los-titulos-oficiales-de-idiomas-nuestra-asignatura-pendiente\/","og_locale":"es_ES","og_type":"article","og_title":"Los t\u00edtulos oficiales de idiomas, nuestra asignatura pendiente | HRTRENDS","og_description":"Un reciente estudio de la consultora IPSOS, encargado por el grupo Oc\u00e9ano \u2013el \u00abInforme Oc\u00e9ano Idiomas 2011: el Leer m\u00e1s","og_url":"https:\/\/empresas.infoempleo.com\/hrtrends\/los-titulos-oficiales-de-idiomas-nuestra-asignatura-pendiente\/","og_site_name":"HRTRENDS","article_publisher":"https:\/\/www.facebook.com\/Infoempleo","article_published_time":"2011-05-30T08:46:26+00:00","article_modified_time":"2024-08-29T15:43:32+00:00","og_image":[{"width":568,"height":258,"url":"https:\/\/empresas.infoempleo.com\/hrtrends\/media\/2011\/05\/Idiomas.jpg","type":"image\/jpeg"}],"author":"Enrique G\u00f3mez","twitter_card":"summary_large_image","twitter_creator":"@infoempleo","twitter_site":"@infoempleo","twitter_misc":{"Escrito por":"Enrique G\u00f3mez","Tiempo de lectura":"4 minutos"},"schema":{"@context":"https:\/\/schema.org","@graph":[{"@type":"NewsArticle","@id":"https:\/\/empresas.infoempleo.com\/hrtrends\/los-titulos-oficiales-de-idiomas-nuestra-asignatura-pendiente\/#article","isPartOf":{"@id":"https:\/\/empresas.infoempleo.com\/hrtrends\/los-titulos-oficiales-de-idiomas-nuestra-asignatura-pendiente\/"},"author":{"name":"Enrique G\u00f3mez","@id":"https:\/\/empresas.infoempleo.com\/hrtrends\/#\/schema\/person\/2e8d0209009fe50281b146eb7db611e5"},"headline":"Los t\u00edtulos oficiales de idiomas, nuestra asignatura pendiente","datePublished":"2011-05-30T08:46:26+00:00","dateModified":"2024-08-29T15:43:32+00:00","mainEntityOfPage":{"@id":"https:\/\/empresas.infoempleo.com\/hrtrends\/los-titulos-oficiales-de-idiomas-nuestra-asignatura-pendiente\/"},"wordCount":812,"publisher":{"@id":"https:\/\/empresas.infoempleo.com\/hrtrends\/#organization"},"image":{"@id":"https:\/\/empresas.infoempleo.com\/hrtrends\/los-titulos-oficiales-de-idiomas-nuestra-asignatura-pendiente\/#primaryimage"},"thumbnailUrl":"https:\/\/empresas.infoempleo.com\/hrtrends\/media\/2011\/05\/Idiomas.jpg","keywords":["Empleo","Idiomas","trabajo"],"articleSection":["Actualidad"],"inLanguage":"es","copyrightYear":"2011","copyrightHolder":{"@id":"https:\/\/empresas.infoempleo.com\/hrtrends\/#organization"}},{"@type":"WebPage","@id":"https:\/\/empresas.infoempleo.com\/hrtrends\/los-titulos-oficiales-de-idiomas-nuestra-asignatura-pendiente\/","url":"https:\/\/empresas.infoempleo.com\/hrtrends\/los-titulos-oficiales-de-idiomas-nuestra-asignatura-pendiente\/","name":"Los t\u00edtulos oficiales de idiomas, nuestra asignatura pendiente | HRTRENDS","isPartOf":{"@id":"https:\/\/empresas.infoempleo.com\/hrtrends\/#website"},"primaryImageOfPage":{"@id":"https:\/\/empresas.infoempleo.com\/hrtrends\/los-titulos-oficiales-de-idiomas-nuestra-asignatura-pendiente\/#primaryimage"},"image":{"@id":"https:\/\/empresas.infoempleo.com\/hrtrends\/los-titulos-oficiales-de-idiomas-nuestra-asignatura-pendiente\/#primaryimage"},"thumbnailUrl":"https:\/\/empresas.infoempleo.com\/hrtrends\/media\/2011\/05\/Idiomas.jpg","datePublished":"2011-05-30T08:46:26+00:00","dateModified":"2024-08-29T15:43:32+00:00","breadcrumb":{"@id":"https:\/\/empresas.infoempleo.com\/hrtrends\/los-titulos-oficiales-de-idiomas-nuestra-asignatura-pendiente\/#breadcrumb"},"inLanguage":"es","potentialAction":[{"@type":"ReadAction","target":["https:\/\/empresas.infoempleo.com\/hrtrends\/los-titulos-oficiales-de-idiomas-nuestra-asignatura-pendiente\/"]}]},{"@type":"ImageObject","inLanguage":"es","@id":"https:\/\/empresas.infoempleo.com\/hrtrends\/los-titulos-oficiales-de-idiomas-nuestra-asignatura-pendiente\/#primaryimage","url":"https:\/\/empresas.infoempleo.com\/hrtrends\/media\/2011\/05\/Idiomas-150x150.jpg","contentUrl":"https:\/\/empresas.infoempleo.com\/hrtrends\/media\/2011\/05\/Idiomas-150x150.jpg","width":150,"height":150},{"@type":"BreadcrumbList","@id":"https:\/\/empresas.infoempleo.com\/hrtrends\/los-titulos-oficiales-de-idiomas-nuestra-asignatura-pendiente\/#breadcrumb","itemListElement":[{"@type":"ListItem","position":1,"name":"Portada","item":"https:\/\/empresas.infoempleo.com\/hrtrends\/"},{"@type":"ListItem","position":2,"name":"Los t\u00edtulos oficiales de idiomas, nuestra asignatura pendiente"}]},{"@type":"WebSite","@id":"https:\/\/empresas.infoempleo.com\/hrtrends\/#website","url":"https:\/\/empresas.infoempleo.com\/hrtrends","name":"HRTrends by Infoempleo","description":"","publisher":{"@id":"https:\/\/empresas.infoempleo.com\/hrtrends\/#organization"},"potentialAction":{"@type":"SearchAction","target":"https:\/\/empresas.infoempleo.com\/hrtrends\/?s={search_term_string}","query-input":"required name=search_term_string"},"inLanguage":"es"},{"@type":"Organization","@id":"https:\/\/empresas.infoempleo.com\/hrtrends\/#organization","name":"Infoempleo","url":"https:\/\/www.infoempleo.com\/","logo":{"@type":"ImageObject","@id":"https:\/\/empresas.infoempleo.com\/hrtrends\/#logo","inLanguage":"es","url":"https:\/\/cdnazure.infoempleo.com\/infoempleo\/assets\/style\/gfx\/logo.svg","contentUrl":"https:\/\/cdnazure.infoempleo.com\/infoempleo\/assets\/style\/gfx\/logo.svg","width":150,"height":40,"caption":"Infoempleo"},"image":{"@id":"https:\/\/empresas.infoempleo.com\/hrtrends\/#logo"},"sameAs":["https:\/\/www.facebook.com\/Infoempleo","https:\/\/x.com\/infoempleo","http:\/\/instagram.com\/infoempleo\/","http:\/\/www.linkedin.com\/groups\/Empleo-Espa\u00f1a-Infoempleocom-111276","http:\/\/pinterest.com\/infoempleo\/"],"address":{"@type":"PostalAddress","addressLocality":"Madrid","postalCode":"28050","streetAddress":"Avenida de Burgos 114"},"brand":["Infoempleo"]},{"@type":"Person","@id":"https:\/\/empresas.infoempleo.com\/hrtrends\/#\/schema\/person\/2e8d0209009fe50281b146eb7db611e5","name":"Enrique G\u00f3mez","image":{"@type":"ImageObject","inLanguage":"es","@id":"https:\/\/empresas.infoempleo.com\/hrtrends\/#\/schema\/person\/image\/","url":"https:\/\/secure.gravatar.com\/avatar\/3074103869ac7b0b696f8d73d85e6a3cf5e69295f9f44b80c9b44721ea7f9b52?s=96&d=mm&r=g","contentUrl":"https:\/\/secure.gravatar.com\/avatar\/3074103869ac7b0b696f8d73d85e6a3cf5e69295f9f44b80c9b44721ea7f9b52?s=96&d=mm&r=g","caption":"Enrique G\u00f3mez"},"url":"https:\/\/empresas.infoempleo.com\/hrtrends\/author\/egomez\/"}]}},"amp_enabled":true,"_links":{"self":[{"href":"https:\/\/empresas.infoempleo.com\/hrtrends\/wp-json\/wp\/v2\/posts\/13355","targetHints":{"allow":["GET"]}}],"collection":[{"href":"https:\/\/empresas.infoempleo.com\/hrtrends\/wp-json\/wp\/v2\/posts"}],"about":[{"href":"https:\/\/empresas.infoempleo.com\/hrtrends\/wp-json\/wp\/v2\/types\/post"}],"author":[{"embeddable":true,"href":"https:\/\/empresas.infoempleo.com\/hrtrends\/wp-json\/wp\/v2\/users\/65"}],"replies":[{"embeddable":true,"href":"https:\/\/empresas.infoempleo.com\/hrtrends\/wp-json\/wp\/v2\/comments?post=13355"}],"version-history":[{"count":1,"href":"https:\/\/empresas.infoempleo.com\/hrtrends\/wp-json\/wp\/v2\/posts\/13355\/revisions"}],"predecessor-version":[{"id":44989,"href":"https:\/\/empresas.infoempleo.com\/hrtrends\/wp-json\/wp\/v2\/posts\/13355\/revisions\/44989"}],"wp:featuredmedia":[{"embeddable":true,"href":"https:\/\/empresas.infoempleo.com\/hrtrends\/wp-json\/wp\/v2\/media\/13356"}],"wp:attachment":[{"href":"https:\/\/empresas.infoempleo.com\/hrtrends\/wp-json\/wp\/v2\/media?parent=13355"}],"wp:term":[{"taxonomy":"category","embeddable":true,"href":"https:\/\/empresas.infoempleo.com\/hrtrends\/wp-json\/wp\/v2\/categories?post=13355"},{"taxonomy":"post_tag","embeddable":true,"href":"https:\/\/empresas.infoempleo.com\/hrtrends\/wp-json\/wp\/v2\/tags?post=13355"}],"curies":[{"name":"wp","href":"https:\/\/api.w.org\/{rel}","templated":true}]}}