{"id":1323,"date":"2012-09-06T13:32:37","date_gmt":"2012-09-06T11:32:37","guid":{"rendered":"http:\/\/blog.infoempleo.com\/?p=1323"},"modified":"2024-12-09T13:10:05","modified_gmt":"2024-12-09T11:10:05","slug":"1323-2","status":"publish","type":"post","link":"https:\/\/empresas.infoempleo.com\/hrtrends\/1323-2\/","title":{"rendered":"Las redes sociales son el espacio de comunicaci\u00f3n por excelencia"},"content":{"rendered":"<p>La <a href=\"https:\/\/www.ugr.es\/\" target=\"_blank\" rel=\"noopener\">Universidad de Granada<\/a> es, en muchos sentidos, l\u00edder de la <span style=\"color: #808080;\"><strong>comunicaci\u00f3n &#8216;online&#8217;<\/strong><\/span>\u00a0acad\u00e9mica. Sus perfiles de <a href=\"https:\/\/twitter.com\/CanalUGR\" target=\"_blank\" rel=\"noopener\">Twitter<\/a> y Facebook ocupan las primeras posiciones del ranking elaborado por Avanza en tu carrera, en el que m\u00e1s de 70 universidades demuestran su val\u00eda en el conocido como &#8216;<span style=\"color: #808080;\"><strong>social media<\/strong><\/span>&#8216;. Ellos ocupan la primera posici\u00f3n en Twitter con una comunidad de m\u00e1s de 25.000 seguidores, y son s\u00e9ptimos en Facebook con m\u00e1s de 12.000.<br \/>\n<!--more--><\/p>\n<p>Hablamos con <span style=\"color: #808080;\"><strong>Francisco Gonz\u00e1lez Lodeiro, rector de la Universidad de Granada.<\/strong><\/span><\/p>\n<p><strong>\u00bfQu\u00e9 importancia tienen para vosotros las redes sociales?<\/strong><\/p>\n<p>Las <span style=\"color: #808080;\"><strong>redes sociales<\/strong><\/span> son el espacio de comunicaci\u00f3n por excelencia, especialmente entre los j\u00f3venes. La universidad\u00a0 es sensible hacia ese papel que le ha dado la propia sociedad. Hoy, cualquier universidad est\u00e1 en varias redes sociales y las utilizan continuamente. Esto representa para nosotros una oportunidad para crear una relaci\u00f3n mucho m\u00e1s estrecha con la sociedad, \u00a0con la comunidad universitaria y sobre todo con los estudiantes.<\/p>\n<p><strong>\u00bfCu\u00e1ndo comenzaron a trabajar con las redes sociales y por qu\u00e9 decidieron hacerlo?<\/strong><\/p>\n<p>Comenzamos en 2010. La adaptaci\u00f3n al Espacio Europeo de Educaci\u00f3n Superior trajo consigo una reflexi\u00f3n general sobre los estudios, que abarc\u00f3 tambi\u00e9n el modo de <span style=\"color: #808080;\"><strong>relacionarse con los estudiantes<\/strong><\/span> y transmitir la informaci\u00f3n. Vimos la necesidad de poner en marcha un plan de comunicaci\u00f3n de la Universidad de Granada en general y de los estudios de grado y posgrado en particular, en el cual se se\u00f1al\u00f3 como elemento principal la presencia en redes sociales<\/p>\n<p><strong>\u00bfEs necesario estar hoy en d\u00eda presente en Internet?<\/strong><\/p>\n<p>Absolutamente. Cualquiera de nosotros recurre hoy d\u00eda a <span style=\"color: #808080;\"><strong>Internet<\/strong> <\/span>tanto para cuestiones profesionales como personales. La web de una universidad\u00a0 es su primera <span style=\"color: #808080;\"><strong>tarjeta de presentaci\u00f3n<\/strong><\/span>.<\/p>\n<p>Para el estudiante que quiera saber qu\u00e9 estudiar\u00a0 hemos dise\u00f1ado un &#8216;microsite&#8217; que le da una primera informaci\u00f3n b\u00e1sica para ayudarle a tomar una decisi\u00f3n. En el caso de posgrado, esta ubicaci\u00f3n\u00a0 est\u00e1 tambi\u00e9n en ingl\u00e9s pues es un \u00e1mbito donde\u00a0 atraemos m\u00e1s estudiantes extranjeros. Y lo mismo sucede con las redes sociales, que por su frescura y por la inmediatez en su contacto, se convierten en una herramienta ideal que aprovechamos para dar cobertura y voz, no s\u00f3lo a los miembros de la UGR, si no de cualquier parte del mundo.<\/p>\n<p><a href=\"https:\/\/blog.infoempleo.com\/facebook-granada-2\/\" rel=\"attachment wp-att-1346\"><\/a>\u00a0<strong>\u00bfQu\u00e9 les aportan las redes como instituci\u00f3n educativa?<\/strong><\/p>\n<p>La facilidad para <span style=\"color: #808080;\"><strong>comunicarnos<\/strong> <\/span>con cualquier persona interesada en los estudios de la UGR, tanto futuros estudiantes de grado o m\u00e1ster como alumnos que ya est\u00e1n matriculados. No podr\u00edamos llegar a tantos estudiantes de otro modo. Desde su puesta en marcha a mediados de 2010, el n\u00famero de usuarios que se han unido a los perfiles institucionales de la UGR en las redes sociales no ha parado de crecer y el n\u00famero de seguidores es espectacular (10.493 en Tuenti; 12.250 en Facebook; 25.601 en Twitter, datos a 29 de agosto 2012).<\/p>\n<p>Estas redes, en combinaci\u00f3n con otras <span style=\"color: #808080;\"><strong>herramientas de comunicaci\u00f3n<\/strong><\/span> a trav\u00e9s de Internet, hacen que algunos periodos de especial <span style=\"color: #808080;\"><strong>tr\u00e1fico<\/strong> <\/span>en la red (por ejemplo en los periodos previos a la matriculaci\u00f3n de estudiantes) hayamos recibido casi 250 millones de impresiones y 270.000 visitas en las webs de los grados y m\u00e1steres de la UGR (datos del periodo junio-julio 2012), visitas que proceden de pr\u00e1cticamente todos los pa\u00edses, lo que constituye una forma de darse a conocer para la UGR que no ser\u00eda viable por otros medios.<\/p>\n<p><strong>\u00bfQu\u00e9 aporta a los estudiantes?<\/strong><\/p>\n<p>Constituye un medio de informaci\u00f3n r\u00e1pida, casi instant\u00e1nea. Las redes dan cabida a <span style=\"color: #808080;\"><strong>informaciones y respuestas<\/strong><\/span> de \u00edndole diversa. Es el medio ideal para gestionar todas las dudas y sugerencias en el menor tiempo posible. Por otro lado, al estar conectado, el estudiante puede recibir todas las noticias de su inter\u00e9s que antes no ten\u00edan cabida en los medios de comunicaci\u00f3n, o bien pasaban desapercibidas.<\/p>\n<p><strong>\u00bfTen\u00e9is a una persona encargada de la gesti\u00f3n de estas redes?<\/strong><\/p>\n<p>Existe un secretariado de comunicaci\u00f3n con el que trabajamos los diferentes vicerrectorados, que coordina la informaci\u00f3n y nuestra presencia en internet.\u00a0\u00a0 Este secretariado se hace cargo de toda la <span style=\"color: #808080;\"><strong>informaci\u00f3n institucional<\/strong><\/span>. Adem\u00e1s, hay perfiles espec\u00edficos como el <a href=\"http:\/\/studyingranada.ugr.es\/\" target=\"_blank\" rel=\"noopener\">estudiaengranada (studyingranada)<\/a> o el desarrollado en el \u00e1rea de relaciones internacionales en la que atendemos a los estudiantes de grado y posgrado, espa\u00f1oles y extranjeros. En concreto, \u00a0para los asuntos de <span style=\"color: #808080;\"><strong>grado y posgrado<\/strong><\/span> hay un peque\u00f1o equipo que se turna para atender las redes sociales, as\u00ed como llevar a cabo la gesti\u00f3n de lo referente al estudiaengranada.<\/p>\n<p><a href=\"https:\/\/blog.infoempleo.com\/twitter-granada-2\/\" rel=\"attachment wp-att-1347\"><\/a>\u00a0<strong>\u00bfQu\u00e9 hace falta para una buena gesti\u00f3n de estas comunidades online?<\/strong><\/p>\n<p>Es necesario tener un buen conocimiento de aquello de lo que se va informar, ya que la <span style=\"color: #808080;\"><strong>fiabilidad<\/strong> <\/span>est\u00e1 muy bien valorada.\u00a0 Tambi\u00e9n es necesario encontrar personas capaces de comunicar con el estudiante en un <span style=\"color: #808080;\"><strong>lenguaje breve, claro y directo<\/strong><\/span>. Por otro lado, estas redes requieren una gran dedicaci\u00f3n y es bueno contar con equipo que garantice la atenci\u00f3n permanente, esto es \u201c24 horas al d\u00eda, siete d\u00edas a la semana\u201d. Hablamos quiz\u00e1s m\u00e1s de comunicaci\u00f3n que de informaci\u00f3n, por el valor que tiene el contacto directo y, \u00a0tanto las personas que atienden\u00a0 son fundamentales en el \u00e9xito o fracaso de las redes como herramienta de <span style=\"color: #808080;\"><strong>comunicaci\u00f3n bidireccional<\/strong><\/span>.<\/p>\n<p><strong>\u00bfValoran m\u00e1s unas redes u otras? \u00bfCu\u00e1l y por qu\u00e9?<\/strong><br \/>\nTodas las redes tienen su importancia, lo que tratamos de hacer es adaptar la informaci\u00f3n, comunicaci\u00f3n y lenguaje a los perfiles de usuarios de esas redes para poder ofrecer un servicio <span style=\"color: #808080;\"><strong>optimizado<\/strong><\/span>. As\u00ed, en Tuenti nos encontramos sobre todo futuros estudiantes de grado y alumnos de primeros cursos, mientras que Facebook incluye un p\u00fablico m\u00e1s heterog\u00e9neo que abarca a toda la comunidad universitaria y Twitter es m\u00e1s profesional, encontramos alumnos de posgrado o investigadores, aunque esto \u00faltimo est\u00e1 cambiando y se han ido sumando tambi\u00e9n estudiantes de grado.<\/p>\n<p><strong>\u00bfCu\u00e1l cree que es el futuro de estas plataformas dentro de la universidad?<\/strong><\/p>\n<p>Son una fuente de comunicaci\u00f3n imprescindible, es muy probable que en el futuro alguna red pierda fuerza y surjan nuevas, la cuesti\u00f3n es\u00a0 que la universidad se adaptar\u00e1\u00a0 a estos cambios y no dejar\u00e1 este espacio imprescindible de informaci\u00f3n y relaci\u00f3n <span style=\"color: #808080;\"><strong>directo, r\u00e1pido y eficaz <\/strong><\/span>con estudiantes y \u00a0en general con la comunidad universitaria. La UGR ha apostado por las redes sociales y, hasta el momento, estamos muy satisfechos con los resultados. Prueba de ello es\u00a0 la posici\u00f3n de liderazgo\u00a0 que tenemos dentro de la comunidad universitaria del pa\u00eds, por ejemplo, en Twitter donde hemos conseguido en tan solo dos a\u00f1os una posici\u00f3n de liderazgo en el contexto de las <span style=\"color: #808080;\"><strong>universidades espa\u00f1olas<\/strong><\/span>.<\/p>\n","protected":false},"excerpt":{"rendered":"<p>La Universidad de Granada es, en muchos sentidos, l\u00edder de la comunicaci\u00f3n &#8216;online&#8217;\u00a0acad\u00e9mica. Sus perfiles de Twitter y<a class=\"moretag\" href=\"https:\/\/empresas.infoempleo.com\/hrtrends\/1323-2\/\"> Leer m\u00e1s<\/a><\/p>\n","protected":false},"author":4,"featured_media":1390,"comment_status":"closed","ping_status":"open","sticky":false,"template":"","format":"standard","meta":{"footnotes":""},"categories":[3],"tags":[143],"class_list":["post-1323","post","type-post","status-publish","format-standard","has-post-thumbnail","hentry","category-actualidad","tag-entrevista-2"],"yoast_head":"<!-- This site is optimized with the Yoast SEO plugin v26.1.1 - https:\/\/yoast.com\/wordpress\/plugins\/seo\/ -->\n<title>Las redes sociales son el espacio de comunicaci\u00f3n por excelencia | HRTRENDS<\/title>\n<meta name=\"robots\" content=\"index, follow, max-snippet:-1, max-image-preview:large, max-video-preview:-1\" \/>\n<link rel=\"canonical\" href=\"https:\/\/empresas.infoempleo.com\/hrtrends\/1323-2\/\" \/>\n<meta property=\"og:locale\" content=\"es_ES\" \/>\n<meta property=\"og:type\" content=\"article\" \/>\n<meta property=\"og:title\" content=\"Las redes sociales son el espacio de comunicaci\u00f3n por excelencia | HRTRENDS\" \/>\n<meta property=\"og:description\" content=\"La Universidad de Granada es, en muchos sentidos, l\u00edder de la comunicaci\u00f3n &#8216;online&#8217;\u00a0acad\u00e9mica. Sus perfiles de Twitter y Leer m\u00e1s\" \/>\n<meta property=\"og:url\" content=\"https:\/\/empresas.infoempleo.com\/hrtrends\/1323-2\/\" \/>\n<meta property=\"og:site_name\" content=\"HRTRENDS\" \/>\n<meta property=\"article:publisher\" content=\"https:\/\/www.facebook.com\/Infoempleo\" \/>\n<meta property=\"article:published_time\" content=\"2012-09-06T11:32:37+00:00\" \/>\n<meta property=\"article:modified_time\" content=\"2024-12-09T11:10:05+00:00\" \/>\n<meta property=\"og:image\" content=\"https:\/\/empresas.infoempleo.com\/hrtrends\/media\/2012\/09\/Francisco-Gonzalez-Lodeiro-RECTOR-UGR1.jpg\" \/>\n\t<meta property=\"og:image:width\" content=\"549\" \/>\n\t<meta property=\"og:image:height\" content=\"334\" \/>\n\t<meta property=\"og:image:type\" content=\"image\/jpeg\" \/>\n<meta name=\"author\" content=\"asanudo\" \/>\n<meta name=\"twitter:card\" content=\"summary_large_image\" \/>\n<meta name=\"twitter:creator\" content=\"@infoempleo\" \/>\n<meta name=\"twitter:site\" content=\"@infoempleo\" \/>\n<meta name=\"twitter:label1\" content=\"Escrito por\" \/>\n\t<meta name=\"twitter:data1\" content=\"asanudo\" \/>\n\t<meta name=\"twitter:label2\" content=\"Tiempo de lectura\" \/>\n\t<meta name=\"twitter:data2\" content=\"6 minutos\" \/>\n<script type=\"application\/ld+json\" class=\"yoast-schema-graph\">{\"@context\":\"https:\/\/schema.org\",\"@graph\":[{\"@type\":\"NewsArticle\",\"@id\":\"https:\/\/empresas.infoempleo.com\/hrtrends\/1323-2\/#article\",\"isPartOf\":{\"@id\":\"https:\/\/empresas.infoempleo.com\/hrtrends\/1323-2\/\"},\"author\":{\"name\":\"asanudo\",\"@id\":\"https:\/\/empresas.infoempleo.com\/hrtrends\/#\/schema\/person\/071072b740f3d05282b907d4900c1f99\"},\"headline\":\"Las redes sociales son el espacio de comunicaci\u00f3n por excelencia\",\"datePublished\":\"2012-09-06T11:32:37+00:00\",\"dateModified\":\"2024-12-09T11:10:05+00:00\",\"mainEntityOfPage\":{\"@id\":\"https:\/\/empresas.infoempleo.com\/hrtrends\/1323-2\/\"},\"wordCount\":1168,\"publisher\":{\"@id\":\"https:\/\/empresas.infoempleo.com\/hrtrends\/#organization\"},\"image\":{\"@id\":\"https:\/\/empresas.infoempleo.com\/hrtrends\/1323-2\/#primaryimage\"},\"thumbnailUrl\":\"https:\/\/empresas.infoempleo.com\/hrtrends\/media\/2012\/09\/Francisco-Gonzalez-Lodeiro-RECTOR-UGR1.jpg\",\"keywords\":[\"entrevista\"],\"articleSection\":[\"Actualidad\"],\"inLanguage\":\"es\",\"copyrightYear\":\"2012\",\"copyrightHolder\":{\"@id\":\"https:\/\/empresas.infoempleo.com\/hrtrends\/#organization\"}},{\"@type\":\"WebPage\",\"@id\":\"https:\/\/empresas.infoempleo.com\/hrtrends\/1323-2\/\",\"url\":\"https:\/\/empresas.infoempleo.com\/hrtrends\/1323-2\/\",\"name\":\"Las redes sociales son el espacio de comunicaci\u00f3n por excelencia | HRTRENDS\",\"isPartOf\":{\"@id\":\"https:\/\/empresas.infoempleo.com\/hrtrends\/#website\"},\"primaryImageOfPage\":{\"@id\":\"https:\/\/empresas.infoempleo.com\/hrtrends\/1323-2\/#primaryimage\"},\"image\":{\"@id\":\"https:\/\/empresas.infoempleo.com\/hrtrends\/1323-2\/#primaryimage\"},\"thumbnailUrl\":\"https:\/\/empresas.infoempleo.com\/hrtrends\/media\/2012\/09\/Francisco-Gonzalez-Lodeiro-RECTOR-UGR1.jpg\",\"datePublished\":\"2012-09-06T11:32:37+00:00\",\"dateModified\":\"2024-12-09T11:10:05+00:00\",\"breadcrumb\":{\"@id\":\"https:\/\/empresas.infoempleo.com\/hrtrends\/1323-2\/#breadcrumb\"},\"inLanguage\":\"es\",\"potentialAction\":[{\"@type\":\"ReadAction\",\"target\":[\"https:\/\/empresas.infoempleo.com\/hrtrends\/1323-2\/\"]}]},{\"@type\":\"ImageObject\",\"inLanguage\":\"es\",\"@id\":\"https:\/\/empresas.infoempleo.com\/hrtrends\/1323-2\/#primaryimage\",\"url\":\"https:\/\/empresas.infoempleo.com\/hrtrends\/media\/2012\/09\/Francisco-Gonzalez-Lodeiro-RECTOR-UGR1-150x150.jpg\",\"contentUrl\":\"https:\/\/empresas.infoempleo.com\/hrtrends\/media\/2012\/09\/Francisco-Gonzalez-Lodeiro-RECTOR-UGR1-150x150.jpg\",\"width\":150,\"height\":150},{\"@type\":\"BreadcrumbList\",\"@id\":\"https:\/\/empresas.infoempleo.com\/hrtrends\/1323-2\/#breadcrumb\",\"itemListElement\":[{\"@type\":\"ListItem\",\"position\":1,\"name\":\"Portada\",\"item\":\"https:\/\/empresas.infoempleo.com\/hrtrends\/\"},{\"@type\":\"ListItem\",\"position\":2,\"name\":\"Las redes sociales son el espacio de comunicaci\u00f3n por excelencia\"}]},{\"@type\":\"WebSite\",\"@id\":\"https:\/\/empresas.infoempleo.com\/hrtrends\/#website\",\"url\":\"https:\/\/empresas.infoempleo.com\/hrtrends\",\"name\":\"HRTrends by Infoempleo\",\"description\":\"\",\"publisher\":{\"@id\":\"https:\/\/empresas.infoempleo.com\/hrtrends\/#organization\"},\"potentialAction\":{\"@type\":\"SearchAction\",\"target\":\"https:\/\/empresas.infoempleo.com\/hrtrends\/?s={search_term_string}\",\"query-input\":\"required name=search_term_string\"},\"inLanguage\":\"es\"},{\"@type\":\"Organization\",\"@id\":\"https:\/\/empresas.infoempleo.com\/hrtrends\/#organization\",\"name\":\"Infoempleo\",\"url\":\"https:\/\/www.infoempleo.com\/\",\"logo\":{\"@type\":\"ImageObject\",\"@id\":\"https:\/\/empresas.infoempleo.com\/hrtrends\/#logo\",\"inLanguage\":\"es\",\"url\":\"https:\/\/cdnazure.infoempleo.com\/infoempleo\/assets\/style\/gfx\/logo.svg\",\"contentUrl\":\"https:\/\/cdnazure.infoempleo.com\/infoempleo\/assets\/style\/gfx\/logo.svg\",\"width\":150,\"height\":40,\"caption\":\"Infoempleo\"},\"image\":{\"@id\":\"https:\/\/empresas.infoempleo.com\/hrtrends\/#logo\"},\"sameAs\":[\"https:\/\/www.facebook.com\/Infoempleo\",\"https:\/\/x.com\/infoempleo\",\"http:\/\/instagram.com\/infoempleo\/\",\"http:\/\/www.linkedin.com\/groups\/Empleo-Espa\u00f1a-Infoempleocom-111276\",\"http:\/\/pinterest.com\/infoempleo\/\"],\"address\":{\"@type\":\"PostalAddress\",\"addressLocality\":\"Madrid\",\"postalCode\":\"28050\",\"streetAddress\":\"Avenida de Burgos 114\"},\"brand\":[\"Infoempleo\"]},{\"@type\":\"Person\",\"@id\":\"https:\/\/empresas.infoempleo.com\/hrtrends\/#\/schema\/person\/071072b740f3d05282b907d4900c1f99\",\"name\":\"asanudo\",\"image\":{\"@type\":\"ImageObject\",\"inLanguage\":\"es\",\"@id\":\"https:\/\/empresas.infoempleo.com\/hrtrends\/#\/schema\/person\/image\/\",\"url\":\"https:\/\/secure.gravatar.com\/avatar\/5a43546eb676bf56e88cc55a737006d543f331683e399c0778d9a1c403653d5d?s=96&d=mm&r=g\",\"contentUrl\":\"https:\/\/secure.gravatar.com\/avatar\/5a43546eb676bf56e88cc55a737006d543f331683e399c0778d9a1c403653d5d?s=96&d=mm&r=g\",\"caption\":\"asanudo\"},\"url\":\"https:\/\/empresas.infoempleo.com\/hrtrends\/author\/asanudo\/\"}]}<\/script>\n<!-- \/ Yoast SEO plugin. -->","yoast_head_json":{"title":"Las redes sociales son el espacio de comunicaci\u00f3n por excelencia | HRTRENDS","robots":{"index":"index","follow":"follow","max-snippet":"max-snippet:-1","max-image-preview":"max-image-preview:large","max-video-preview":"max-video-preview:-1"},"canonical":"https:\/\/empresas.infoempleo.com\/hrtrends\/1323-2\/","og_locale":"es_ES","og_type":"article","og_title":"Las redes sociales son el espacio de comunicaci\u00f3n por excelencia | HRTRENDS","og_description":"La Universidad de Granada es, en muchos sentidos, l\u00edder de la comunicaci\u00f3n &#8216;online&#8217;\u00a0acad\u00e9mica. Sus perfiles de Twitter y Leer m\u00e1s","og_url":"https:\/\/empresas.infoempleo.com\/hrtrends\/1323-2\/","og_site_name":"HRTRENDS","article_publisher":"https:\/\/www.facebook.com\/Infoempleo","article_published_time":"2012-09-06T11:32:37+00:00","article_modified_time":"2024-12-09T11:10:05+00:00","og_image":[{"width":549,"height":334,"url":"https:\/\/empresas.infoempleo.com\/hrtrends\/media\/2012\/09\/Francisco-Gonzalez-Lodeiro-RECTOR-UGR1.jpg","type":"image\/jpeg"}],"author":"asanudo","twitter_card":"summary_large_image","twitter_creator":"@infoempleo","twitter_site":"@infoempleo","twitter_misc":{"Escrito por":"asanudo","Tiempo de lectura":"6 minutos"},"schema":{"@context":"https:\/\/schema.org","@graph":[{"@type":"NewsArticle","@id":"https:\/\/empresas.infoempleo.com\/hrtrends\/1323-2\/#article","isPartOf":{"@id":"https:\/\/empresas.infoempleo.com\/hrtrends\/1323-2\/"},"author":{"name":"asanudo","@id":"https:\/\/empresas.infoempleo.com\/hrtrends\/#\/schema\/person\/071072b740f3d05282b907d4900c1f99"},"headline":"Las redes sociales son el espacio de comunicaci\u00f3n por excelencia","datePublished":"2012-09-06T11:32:37+00:00","dateModified":"2024-12-09T11:10:05+00:00","mainEntityOfPage":{"@id":"https:\/\/empresas.infoempleo.com\/hrtrends\/1323-2\/"},"wordCount":1168,"publisher":{"@id":"https:\/\/empresas.infoempleo.com\/hrtrends\/#organization"},"image":{"@id":"https:\/\/empresas.infoempleo.com\/hrtrends\/1323-2\/#primaryimage"},"thumbnailUrl":"https:\/\/empresas.infoempleo.com\/hrtrends\/media\/2012\/09\/Francisco-Gonzalez-Lodeiro-RECTOR-UGR1.jpg","keywords":["entrevista"],"articleSection":["Actualidad"],"inLanguage":"es","copyrightYear":"2012","copyrightHolder":{"@id":"https:\/\/empresas.infoempleo.com\/hrtrends\/#organization"}},{"@type":"WebPage","@id":"https:\/\/empresas.infoempleo.com\/hrtrends\/1323-2\/","url":"https:\/\/empresas.infoempleo.com\/hrtrends\/1323-2\/","name":"Las redes sociales son el espacio de comunicaci\u00f3n por excelencia | HRTRENDS","isPartOf":{"@id":"https:\/\/empresas.infoempleo.com\/hrtrends\/#website"},"primaryImageOfPage":{"@id":"https:\/\/empresas.infoempleo.com\/hrtrends\/1323-2\/#primaryimage"},"image":{"@id":"https:\/\/empresas.infoempleo.com\/hrtrends\/1323-2\/#primaryimage"},"thumbnailUrl":"https:\/\/empresas.infoempleo.com\/hrtrends\/media\/2012\/09\/Francisco-Gonzalez-Lodeiro-RECTOR-UGR1.jpg","datePublished":"2012-09-06T11:32:37+00:00","dateModified":"2024-12-09T11:10:05+00:00","breadcrumb":{"@id":"https:\/\/empresas.infoempleo.com\/hrtrends\/1323-2\/#breadcrumb"},"inLanguage":"es","potentialAction":[{"@type":"ReadAction","target":["https:\/\/empresas.infoempleo.com\/hrtrends\/1323-2\/"]}]},{"@type":"ImageObject","inLanguage":"es","@id":"https:\/\/empresas.infoempleo.com\/hrtrends\/1323-2\/#primaryimage","url":"https:\/\/empresas.infoempleo.com\/hrtrends\/media\/2012\/09\/Francisco-Gonzalez-Lodeiro-RECTOR-UGR1-150x150.jpg","contentUrl":"https:\/\/empresas.infoempleo.com\/hrtrends\/media\/2012\/09\/Francisco-Gonzalez-Lodeiro-RECTOR-UGR1-150x150.jpg","width":150,"height":150},{"@type":"BreadcrumbList","@id":"https:\/\/empresas.infoempleo.com\/hrtrends\/1323-2\/#breadcrumb","itemListElement":[{"@type":"ListItem","position":1,"name":"Portada","item":"https:\/\/empresas.infoempleo.com\/hrtrends\/"},{"@type":"ListItem","position":2,"name":"Las redes sociales son el espacio de comunicaci\u00f3n por excelencia"}]},{"@type":"WebSite","@id":"https:\/\/empresas.infoempleo.com\/hrtrends\/#website","url":"https:\/\/empresas.infoempleo.com\/hrtrends","name":"HRTrends by Infoempleo","description":"","publisher":{"@id":"https:\/\/empresas.infoempleo.com\/hrtrends\/#organization"},"potentialAction":{"@type":"SearchAction","target":"https:\/\/empresas.infoempleo.com\/hrtrends\/?s={search_term_string}","query-input":"required name=search_term_string"},"inLanguage":"es"},{"@type":"Organization","@id":"https:\/\/empresas.infoempleo.com\/hrtrends\/#organization","name":"Infoempleo","url":"https:\/\/www.infoempleo.com\/","logo":{"@type":"ImageObject","@id":"https:\/\/empresas.infoempleo.com\/hrtrends\/#logo","inLanguage":"es","url":"https:\/\/cdnazure.infoempleo.com\/infoempleo\/assets\/style\/gfx\/logo.svg","contentUrl":"https:\/\/cdnazure.infoempleo.com\/infoempleo\/assets\/style\/gfx\/logo.svg","width":150,"height":40,"caption":"Infoempleo"},"image":{"@id":"https:\/\/empresas.infoempleo.com\/hrtrends\/#logo"},"sameAs":["https:\/\/www.facebook.com\/Infoempleo","https:\/\/x.com\/infoempleo","http:\/\/instagram.com\/infoempleo\/","http:\/\/www.linkedin.com\/groups\/Empleo-Espa\u00f1a-Infoempleocom-111276","http:\/\/pinterest.com\/infoempleo\/"],"address":{"@type":"PostalAddress","addressLocality":"Madrid","postalCode":"28050","streetAddress":"Avenida de Burgos 114"},"brand":["Infoempleo"]},{"@type":"Person","@id":"https:\/\/empresas.infoempleo.com\/hrtrends\/#\/schema\/person\/071072b740f3d05282b907d4900c1f99","name":"asanudo","image":{"@type":"ImageObject","inLanguage":"es","@id":"https:\/\/empresas.infoempleo.com\/hrtrends\/#\/schema\/person\/image\/","url":"https:\/\/secure.gravatar.com\/avatar\/5a43546eb676bf56e88cc55a737006d543f331683e399c0778d9a1c403653d5d?s=96&d=mm&r=g","contentUrl":"https:\/\/secure.gravatar.com\/avatar\/5a43546eb676bf56e88cc55a737006d543f331683e399c0778d9a1c403653d5d?s=96&d=mm&r=g","caption":"asanudo"},"url":"https:\/\/empresas.infoempleo.com\/hrtrends\/author\/asanudo\/"}]}},"amp_enabled":true,"_links":{"self":[{"href":"https:\/\/empresas.infoempleo.com\/hrtrends\/wp-json\/wp\/v2\/posts\/1323","targetHints":{"allow":["GET"]}}],"collection":[{"href":"https:\/\/empresas.infoempleo.com\/hrtrends\/wp-json\/wp\/v2\/posts"}],"about":[{"href":"https:\/\/empresas.infoempleo.com\/hrtrends\/wp-json\/wp\/v2\/types\/post"}],"author":[{"embeddable":true,"href":"https:\/\/empresas.infoempleo.com\/hrtrends\/wp-json\/wp\/v2\/users\/4"}],"replies":[{"embeddable":true,"href":"https:\/\/empresas.infoempleo.com\/hrtrends\/wp-json\/wp\/v2\/comments?post=1323"}],"version-history":[{"count":3,"href":"https:\/\/empresas.infoempleo.com\/hrtrends\/wp-json\/wp\/v2\/posts\/1323\/revisions"}],"predecessor-version":[{"id":46098,"href":"https:\/\/empresas.infoempleo.com\/hrtrends\/wp-json\/wp\/v2\/posts\/1323\/revisions\/46098"}],"wp:featuredmedia":[{"embeddable":true,"href":"https:\/\/empresas.infoempleo.com\/hrtrends\/wp-json\/wp\/v2\/media\/1390"}],"wp:attachment":[{"href":"https:\/\/empresas.infoempleo.com\/hrtrends\/wp-json\/wp\/v2\/media?parent=1323"}],"wp:term":[{"taxonomy":"category","embeddable":true,"href":"https:\/\/empresas.infoempleo.com\/hrtrends\/wp-json\/wp\/v2\/categories?post=1323"},{"taxonomy":"post_tag","embeddable":true,"href":"https:\/\/empresas.infoempleo.com\/hrtrends\/wp-json\/wp\/v2\/tags?post=1323"}],"curies":[{"name":"wp","href":"https:\/\/api.w.org\/{rel}","templated":true}]}}