{"id":13214,"date":"2011-05-16T11:56:57","date_gmt":"2011-05-16T10:56:57","guid":{"rendered":"http:\/\/blog.infoempleo.com\/?p=13214"},"modified":"2018-05-23T17:27:34","modified_gmt":"2018-05-23T15:27:34","slug":"el-sueno-y-el-rendimiento-laboral","status":"publish","type":"post","link":"https:\/\/empresas.infoempleo.com\/hrtrends\/el-sueno-y-el-rendimiento-laboral\/","title":{"rendered":"El sue\u00f1o y el rendimiento laboral"},"content":{"rendered":"<p style=\"text-align: left;\"><img loading=\"lazy\" decoding=\"async\" class=\"alignnone size-full wp-image-13215\" title=\"Eduard Estivill\" src=\"https:\/\/empresas.infoempleo.com\/hrtrends\/media\/2011\/05\/EduardEstivill.jpg\" alt=\"\" width=\"142\" height=\"127\" \/><\/p>\n<h3>Eduard Estivill, director de la cl\u00ednica del sue\u00f1o Estivill<\/h3>\n<p>El sue\u00f1o es una \u00abf\u00e1brica\u00bb donde se repara y restaura todo lo que hemos gastado el d\u00eda anterior, para usarlo al d\u00eda siguiente. Adem\u00e1s, todo lo que aprendemos durante el d\u00eda, lo memorizamos durante la noche. Los conocimientos se consolidan mientras dormimos.<\/p>\n<p>Para que el sue\u00f1o pueda realizar correctamente su funci\u00f3n, debe durar un n\u00famero determinado de horas. Se entiende que un ni\u00f1o de 5 a\u00f1os que gasta y aprende mucho durante el d\u00eda necesite 11 horas de sue\u00f1o. Un adulto, hasta los 65 a\u00f1os, necesita entre 7 y 8 horas para realizar esta funci\u00f3n. Y todos deben hacer cada d\u00eda una siesta de 15 o 20 minutos, que aumenta el rendimiento laboral por la tarde entre un 10 y un 12%. Desde hace unos a\u00f1os, los trabajadores de las f\u00e1bricas japonesas de Toyota empezaron a hacer una siesta de 20 minutos despu\u00e9s de su almuerzo. Aumentaron la produccion de coches en un 15%.<\/p>\n<p style=\"text-align: center;\"><img loading=\"lazy\" decoding=\"async\" class=\"size-full wp-image-13217 aligncenter\" title=\"Relajacion\" src=\"https:\/\/empresas.infoempleo.com\/hrtrends\/media\/2011\/05\/Relajacion.jpg\" alt=\"\" width=\"398\" height=\"181\" srcset=\"https:\/\/empresas.infoempleo.com\/hrtrends\/media\/2011\/05\/Relajacion.jpg 568w, https:\/\/empresas.infoempleo.com\/hrtrends\/media\/2011\/05\/Relajacion-300x136.jpg 300w\" sizes=\"auto, (max-width: 398px) 100vw, 398px\" \/><\/p>\n<p>El sue\u00f1o es fundamental para un rendimiento correcto al d\u00eda siguiente. La persona que duerme mal o poco est\u00e1 cansada durante el d\u00eda, m\u00e1s irritable, menos concentrada y con menos memoria. Esto determina un claro descenso en el rendimiento laborar, as\u00ed como un mayor n\u00famero de errores, con mayor somnolencia y peores relaciones personales entre los compa\u00f1eros.<\/p>\n<p>Hay dos patologias del sue\u00f1o que influyen claramente en el rendimiento laboral. La primera es la Privaci\u00f3n Cr\u00f3nica de Sue\u00f1o. Consiste en dormir menos horas de las que necesita nuestro cuerpo. Aquellos individuos que voluntariamente disminuyen las horas de sue\u00f1o tienen un 40% m\u00e1s de posibilidades de sufrir depresion, ansiedad y trastornos org\u00e1nicos, como problemas cardiocirculatorios, obesidad y descenso de la inmunidad.<\/p>\n<p>La segunda causa es el insomnio. Son aquellas personas que tienen pocas horas de sue\u00f1o y de mala calidad. Las causas son m\u00faltiples, pero el estr\u00e9s y la acumulaci\u00f3n de ansiedad durante el d\u00eda son las m\u00e1s frecuentes. Un 30% de la poblacion espa\u00f1ola es insomne.<\/p>\n<p>Las consecuencias del mal dormir en el mundo laboral son muchas: somnolencia, irritabilidad, p\u00e9rdida de concentraci\u00f3n, aumento del absentismo, conflictividad familiar y social, disminuci\u00f3n de la productividad. Las consecuencias econ\u00f3micas en un a\u00f1o \u2013se ha estudiado Francia y Estados Unidos\u2013, son de 653 millones de euros, inclyendo visitas m\u00e9dicas, registros de sue\u00f1o, medicamentos&#8230; Los costes indirectos son de 2.455millones de euros al a\u00f1o, debido a los problemas de salud, la disminuci\u00f3n del rendimiento, el absentismo, los accidentes y la disminuci\u00f3n de la productividad.<\/p>\n","protected":false},"excerpt":{"rendered":"<p>Eduard Estivill, director de la cl\u00ednica del sue\u00f1o Estivill El sue\u00f1o es una \u00abf\u00e1brica\u00bb donde se repara y<a class=\"moretag\" href=\"https:\/\/empresas.infoempleo.com\/hrtrends\/el-sueno-y-el-rendimiento-laboral\/\"> Leer m\u00e1s<\/a><\/p>\n","protected":false},"author":72,"featured_media":13217,"comment_status":"closed","ping_status":"open","sticky":false,"template":"","format":"standard","meta":{"footnotes":""},"categories":[3],"tags":[38],"class_list":["post-13214","post","type-post","status-publish","format-standard","has-post-thumbnail","hentry","category-actualidad","tag-estres"],"yoast_head":"<!-- This site is optimized with the Yoast SEO plugin v26.1.1 - https:\/\/yoast.com\/wordpress\/plugins\/seo\/ -->\n<title>El sue\u00f1o y el rendimiento laboral | HRTRENDS<\/title>\n<meta name=\"robots\" content=\"index, follow, max-snippet:-1, max-image-preview:large, max-video-preview:-1\" \/>\n<link rel=\"canonical\" href=\"https:\/\/empresas.infoempleo.com\/hrtrends\/el-sueno-y-el-rendimiento-laboral\/\" \/>\n<meta property=\"og:locale\" content=\"es_ES\" \/>\n<meta property=\"og:type\" content=\"article\" \/>\n<meta property=\"og:title\" content=\"El sue\u00f1o y el rendimiento laboral | HRTRENDS\" \/>\n<meta property=\"og:description\" content=\"Eduard Estivill, director de la cl\u00ednica del sue\u00f1o Estivill El sue\u00f1o es una \u00abf\u00e1brica\u00bb donde se repara y Leer m\u00e1s\" \/>\n<meta property=\"og:url\" content=\"https:\/\/empresas.infoempleo.com\/hrtrends\/el-sueno-y-el-rendimiento-laboral\/\" \/>\n<meta property=\"og:site_name\" content=\"HRTRENDS\" \/>\n<meta property=\"article:publisher\" content=\"https:\/\/www.facebook.com\/Infoempleo\" \/>\n<meta property=\"article:published_time\" content=\"2011-05-16T10:56:57+00:00\" \/>\n<meta property=\"article:modified_time\" content=\"2018-05-23T15:27:34+00:00\" \/>\n<meta property=\"og:image\" content=\"https:\/\/empresas.infoempleo.com\/hrtrends\/media\/2011\/05\/Relajacion.jpg\" \/>\n\t<meta property=\"og:image:width\" content=\"568\" \/>\n\t<meta property=\"og:image:height\" content=\"258\" \/>\n\t<meta property=\"og:image:type\" content=\"image\/jpeg\" \/>\n<meta name=\"author\" content=\"infoempleo\" \/>\n<meta name=\"twitter:card\" content=\"summary_large_image\" \/>\n<meta name=\"twitter:creator\" content=\"@infoempleo\" \/>\n<meta name=\"twitter:site\" content=\"@infoempleo\" \/>\n<meta name=\"twitter:label1\" content=\"Escrito por\" \/>\n\t<meta name=\"twitter:data1\" content=\"infoempleo\" \/>\n\t<meta name=\"twitter:label2\" content=\"Tiempo de lectura\" \/>\n\t<meta name=\"twitter:data2\" content=\"2 minutos\" \/>\n<script type=\"application\/ld+json\" class=\"yoast-schema-graph\">{\"@context\":\"https:\/\/schema.org\",\"@graph\":[{\"@type\":\"NewsArticle\",\"@id\":\"https:\/\/empresas.infoempleo.com\/hrtrends\/el-sueno-y-el-rendimiento-laboral\/#article\",\"isPartOf\":{\"@id\":\"https:\/\/empresas.infoempleo.com\/hrtrends\/el-sueno-y-el-rendimiento-laboral\/\"},\"author\":{\"name\":\"infoempleo\",\"@id\":\"https:\/\/empresas.infoempleo.com\/hrtrends\/#\/schema\/person\/67d3e276ffcc8b3ae0ebec816daf775a\"},\"headline\":\"El sue\u00f1o y el rendimiento laboral\",\"datePublished\":\"2011-05-16T10:56:57+00:00\",\"dateModified\":\"2018-05-23T15:27:34+00:00\",\"mainEntityOfPage\":{\"@id\":\"https:\/\/empresas.infoempleo.com\/hrtrends\/el-sueno-y-el-rendimiento-laboral\/\"},\"wordCount\":455,\"publisher\":{\"@id\":\"https:\/\/empresas.infoempleo.com\/hrtrends\/#organization\"},\"image\":{\"@id\":\"https:\/\/empresas.infoempleo.com\/hrtrends\/el-sueno-y-el-rendimiento-laboral\/#primaryimage\"},\"thumbnailUrl\":\"https:\/\/empresas.infoempleo.com\/hrtrends\/media\/2011\/05\/Relajacion.jpg\",\"keywords\":[\"estr\u00e9s\"],\"articleSection\":[\"Actualidad\"],\"inLanguage\":\"es\",\"copyrightYear\":\"2011\",\"copyrightHolder\":{\"@id\":\"https:\/\/empresas.infoempleo.com\/hrtrends\/#organization\"}},{\"@type\":\"WebPage\",\"@id\":\"https:\/\/empresas.infoempleo.com\/hrtrends\/el-sueno-y-el-rendimiento-laboral\/\",\"url\":\"https:\/\/empresas.infoempleo.com\/hrtrends\/el-sueno-y-el-rendimiento-laboral\/\",\"name\":\"El sue\u00f1o y el rendimiento laboral | HRTRENDS\",\"isPartOf\":{\"@id\":\"https:\/\/empresas.infoempleo.com\/hrtrends\/#website\"},\"primaryImageOfPage\":{\"@id\":\"https:\/\/empresas.infoempleo.com\/hrtrends\/el-sueno-y-el-rendimiento-laboral\/#primaryimage\"},\"image\":{\"@id\":\"https:\/\/empresas.infoempleo.com\/hrtrends\/el-sueno-y-el-rendimiento-laboral\/#primaryimage\"},\"thumbnailUrl\":\"https:\/\/empresas.infoempleo.com\/hrtrends\/media\/2011\/05\/Relajacion.jpg\",\"datePublished\":\"2011-05-16T10:56:57+00:00\",\"dateModified\":\"2018-05-23T15:27:34+00:00\",\"breadcrumb\":{\"@id\":\"https:\/\/empresas.infoempleo.com\/hrtrends\/el-sueno-y-el-rendimiento-laboral\/#breadcrumb\"},\"inLanguage\":\"es\",\"potentialAction\":[{\"@type\":\"ReadAction\",\"target\":[\"https:\/\/empresas.infoempleo.com\/hrtrends\/el-sueno-y-el-rendimiento-laboral\/\"]}]},{\"@type\":\"ImageObject\",\"inLanguage\":\"es\",\"@id\":\"https:\/\/empresas.infoempleo.com\/hrtrends\/el-sueno-y-el-rendimiento-laboral\/#primaryimage\",\"url\":\"https:\/\/empresas.infoempleo.com\/hrtrends\/media\/2011\/05\/Relajacion-150x150.jpg\",\"contentUrl\":\"https:\/\/empresas.infoempleo.com\/hrtrends\/media\/2011\/05\/Relajacion-150x150.jpg\",\"width\":150,\"height\":150},{\"@type\":\"BreadcrumbList\",\"@id\":\"https:\/\/empresas.infoempleo.com\/hrtrends\/el-sueno-y-el-rendimiento-laboral\/#breadcrumb\",\"itemListElement\":[{\"@type\":\"ListItem\",\"position\":1,\"name\":\"Portada\",\"item\":\"https:\/\/empresas.infoempleo.com\/hrtrends\/\"},{\"@type\":\"ListItem\",\"position\":2,\"name\":\"El sue\u00f1o y el rendimiento laboral\"}]},{\"@type\":\"WebSite\",\"@id\":\"https:\/\/empresas.infoempleo.com\/hrtrends\/#website\",\"url\":\"https:\/\/empresas.infoempleo.com\/hrtrends\",\"name\":\"HRTrends by Infoempleo\",\"description\":\"\",\"publisher\":{\"@id\":\"https:\/\/empresas.infoempleo.com\/hrtrends\/#organization\"},\"potentialAction\":{\"@type\":\"SearchAction\",\"target\":\"https:\/\/empresas.infoempleo.com\/hrtrends\/?s={search_term_string}\",\"query-input\":\"required name=search_term_string\"},\"inLanguage\":\"es\"},{\"@type\":\"Organization\",\"@id\":\"https:\/\/empresas.infoempleo.com\/hrtrends\/#organization\",\"name\":\"Infoempleo\",\"url\":\"https:\/\/www.infoempleo.com\/\",\"logo\":{\"@type\":\"ImageObject\",\"@id\":\"https:\/\/empresas.infoempleo.com\/hrtrends\/#logo\",\"inLanguage\":\"es\",\"url\":\"https:\/\/cdnazure.infoempleo.com\/infoempleo\/assets\/style\/gfx\/logo.svg\",\"contentUrl\":\"https:\/\/cdnazure.infoempleo.com\/infoempleo\/assets\/style\/gfx\/logo.svg\",\"width\":150,\"height\":40,\"caption\":\"Infoempleo\"},\"image\":{\"@id\":\"https:\/\/empresas.infoempleo.com\/hrtrends\/#logo\"},\"sameAs\":[\"https:\/\/www.facebook.com\/Infoempleo\",\"https:\/\/x.com\/infoempleo\",\"http:\/\/instagram.com\/infoempleo\/\",\"http:\/\/www.linkedin.com\/groups\/Empleo-Espa\u00f1a-Infoempleocom-111276\",\"http:\/\/pinterest.com\/infoempleo\/\"],\"address\":{\"@type\":\"PostalAddress\",\"addressLocality\":\"Madrid\",\"postalCode\":\"28050\",\"streetAddress\":\"Avenida de Burgos 114\"},\"brand\":[\"Infoempleo\"]},{\"@type\":\"Person\",\"@id\":\"https:\/\/empresas.infoempleo.com\/hrtrends\/#\/schema\/person\/67d3e276ffcc8b3ae0ebec816daf775a\",\"name\":\"infoempleo\",\"image\":{\"@type\":\"ImageObject\",\"inLanguage\":\"es\",\"@id\":\"https:\/\/empresas.infoempleo.com\/hrtrends\/#\/schema\/person\/image\/\",\"url\":\"https:\/\/secure.gravatar.com\/avatar\/7b437777242fe67d2473c2a818da2344692d1ee91e91080ccffbd97bcd4a0975?s=96&d=mm&r=g\",\"contentUrl\":\"https:\/\/secure.gravatar.com\/avatar\/7b437777242fe67d2473c2a818da2344692d1ee91e91080ccffbd97bcd4a0975?s=96&d=mm&r=g\",\"caption\":\"infoempleo\"},\"url\":\"https:\/\/empresas.infoempleo.com\/hrtrends\/author\/infoempleo\/\"}]}<\/script>\n<!-- \/ Yoast SEO plugin. -->","yoast_head_json":{"title":"El sue\u00f1o y el rendimiento laboral | HRTRENDS","robots":{"index":"index","follow":"follow","max-snippet":"max-snippet:-1","max-image-preview":"max-image-preview:large","max-video-preview":"max-video-preview:-1"},"canonical":"https:\/\/empresas.infoempleo.com\/hrtrends\/el-sueno-y-el-rendimiento-laboral\/","og_locale":"es_ES","og_type":"article","og_title":"El sue\u00f1o y el rendimiento laboral | HRTRENDS","og_description":"Eduard Estivill, director de la cl\u00ednica del sue\u00f1o Estivill El sue\u00f1o es una \u00abf\u00e1brica\u00bb donde se repara y Leer m\u00e1s","og_url":"https:\/\/empresas.infoempleo.com\/hrtrends\/el-sueno-y-el-rendimiento-laboral\/","og_site_name":"HRTRENDS","article_publisher":"https:\/\/www.facebook.com\/Infoempleo","article_published_time":"2011-05-16T10:56:57+00:00","article_modified_time":"2018-05-23T15:27:34+00:00","og_image":[{"width":568,"height":258,"url":"https:\/\/empresas.infoempleo.com\/hrtrends\/media\/2011\/05\/Relajacion.jpg","type":"image\/jpeg"}],"author":"infoempleo","twitter_card":"summary_large_image","twitter_creator":"@infoempleo","twitter_site":"@infoempleo","twitter_misc":{"Escrito por":"infoempleo","Tiempo de lectura":"2 minutos"},"schema":{"@context":"https:\/\/schema.org","@graph":[{"@type":"NewsArticle","@id":"https:\/\/empresas.infoempleo.com\/hrtrends\/el-sueno-y-el-rendimiento-laboral\/#article","isPartOf":{"@id":"https:\/\/empresas.infoempleo.com\/hrtrends\/el-sueno-y-el-rendimiento-laboral\/"},"author":{"name":"infoempleo","@id":"https:\/\/empresas.infoempleo.com\/hrtrends\/#\/schema\/person\/67d3e276ffcc8b3ae0ebec816daf775a"},"headline":"El sue\u00f1o y el rendimiento laboral","datePublished":"2011-05-16T10:56:57+00:00","dateModified":"2018-05-23T15:27:34+00:00","mainEntityOfPage":{"@id":"https:\/\/empresas.infoempleo.com\/hrtrends\/el-sueno-y-el-rendimiento-laboral\/"},"wordCount":455,"publisher":{"@id":"https:\/\/empresas.infoempleo.com\/hrtrends\/#organization"},"image":{"@id":"https:\/\/empresas.infoempleo.com\/hrtrends\/el-sueno-y-el-rendimiento-laboral\/#primaryimage"},"thumbnailUrl":"https:\/\/empresas.infoempleo.com\/hrtrends\/media\/2011\/05\/Relajacion.jpg","keywords":["estr\u00e9s"],"articleSection":["Actualidad"],"inLanguage":"es","copyrightYear":"2011","copyrightHolder":{"@id":"https:\/\/empresas.infoempleo.com\/hrtrends\/#organization"}},{"@type":"WebPage","@id":"https:\/\/empresas.infoempleo.com\/hrtrends\/el-sueno-y-el-rendimiento-laboral\/","url":"https:\/\/empresas.infoempleo.com\/hrtrends\/el-sueno-y-el-rendimiento-laboral\/","name":"El sue\u00f1o y el rendimiento laboral | HRTRENDS","isPartOf":{"@id":"https:\/\/empresas.infoempleo.com\/hrtrends\/#website"},"primaryImageOfPage":{"@id":"https:\/\/empresas.infoempleo.com\/hrtrends\/el-sueno-y-el-rendimiento-laboral\/#primaryimage"},"image":{"@id":"https:\/\/empresas.infoempleo.com\/hrtrends\/el-sueno-y-el-rendimiento-laboral\/#primaryimage"},"thumbnailUrl":"https:\/\/empresas.infoempleo.com\/hrtrends\/media\/2011\/05\/Relajacion.jpg","datePublished":"2011-05-16T10:56:57+00:00","dateModified":"2018-05-23T15:27:34+00:00","breadcrumb":{"@id":"https:\/\/empresas.infoempleo.com\/hrtrends\/el-sueno-y-el-rendimiento-laboral\/#breadcrumb"},"inLanguage":"es","potentialAction":[{"@type":"ReadAction","target":["https:\/\/empresas.infoempleo.com\/hrtrends\/el-sueno-y-el-rendimiento-laboral\/"]}]},{"@type":"ImageObject","inLanguage":"es","@id":"https:\/\/empresas.infoempleo.com\/hrtrends\/el-sueno-y-el-rendimiento-laboral\/#primaryimage","url":"https:\/\/empresas.infoempleo.com\/hrtrends\/media\/2011\/05\/Relajacion-150x150.jpg","contentUrl":"https:\/\/empresas.infoempleo.com\/hrtrends\/media\/2011\/05\/Relajacion-150x150.jpg","width":150,"height":150},{"@type":"BreadcrumbList","@id":"https:\/\/empresas.infoempleo.com\/hrtrends\/el-sueno-y-el-rendimiento-laboral\/#breadcrumb","itemListElement":[{"@type":"ListItem","position":1,"name":"Portada","item":"https:\/\/empresas.infoempleo.com\/hrtrends\/"},{"@type":"ListItem","position":2,"name":"El sue\u00f1o y el rendimiento laboral"}]},{"@type":"WebSite","@id":"https:\/\/empresas.infoempleo.com\/hrtrends\/#website","url":"https:\/\/empresas.infoempleo.com\/hrtrends","name":"HRTrends by Infoempleo","description":"","publisher":{"@id":"https:\/\/empresas.infoempleo.com\/hrtrends\/#organization"},"potentialAction":{"@type":"SearchAction","target":"https:\/\/empresas.infoempleo.com\/hrtrends\/?s={search_term_string}","query-input":"required name=search_term_string"},"inLanguage":"es"},{"@type":"Organization","@id":"https:\/\/empresas.infoempleo.com\/hrtrends\/#organization","name":"Infoempleo","url":"https:\/\/www.infoempleo.com\/","logo":{"@type":"ImageObject","@id":"https:\/\/empresas.infoempleo.com\/hrtrends\/#logo","inLanguage":"es","url":"https:\/\/cdnazure.infoempleo.com\/infoempleo\/assets\/style\/gfx\/logo.svg","contentUrl":"https:\/\/cdnazure.infoempleo.com\/infoempleo\/assets\/style\/gfx\/logo.svg","width":150,"height":40,"caption":"Infoempleo"},"image":{"@id":"https:\/\/empresas.infoempleo.com\/hrtrends\/#logo"},"sameAs":["https:\/\/www.facebook.com\/Infoempleo","https:\/\/x.com\/infoempleo","http:\/\/instagram.com\/infoempleo\/","http:\/\/www.linkedin.com\/groups\/Empleo-Espa\u00f1a-Infoempleocom-111276","http:\/\/pinterest.com\/infoempleo\/"],"address":{"@type":"PostalAddress","addressLocality":"Madrid","postalCode":"28050","streetAddress":"Avenida de Burgos 114"},"brand":["Infoempleo"]},{"@type":"Person","@id":"https:\/\/empresas.infoempleo.com\/hrtrends\/#\/schema\/person\/67d3e276ffcc8b3ae0ebec816daf775a","name":"infoempleo","image":{"@type":"ImageObject","inLanguage":"es","@id":"https:\/\/empresas.infoempleo.com\/hrtrends\/#\/schema\/person\/image\/","url":"https:\/\/secure.gravatar.com\/avatar\/7b437777242fe67d2473c2a818da2344692d1ee91e91080ccffbd97bcd4a0975?s=96&d=mm&r=g","contentUrl":"https:\/\/secure.gravatar.com\/avatar\/7b437777242fe67d2473c2a818da2344692d1ee91e91080ccffbd97bcd4a0975?s=96&d=mm&r=g","caption":"infoempleo"},"url":"https:\/\/empresas.infoempleo.com\/hrtrends\/author\/infoempleo\/"}]}},"amp_enabled":true,"_links":{"self":[{"href":"https:\/\/empresas.infoempleo.com\/hrtrends\/wp-json\/wp\/v2\/posts\/13214","targetHints":{"allow":["GET"]}}],"collection":[{"href":"https:\/\/empresas.infoempleo.com\/hrtrends\/wp-json\/wp\/v2\/posts"}],"about":[{"href":"https:\/\/empresas.infoempleo.com\/hrtrends\/wp-json\/wp\/v2\/types\/post"}],"author":[{"embeddable":true,"href":"https:\/\/empresas.infoempleo.com\/hrtrends\/wp-json\/wp\/v2\/users\/72"}],"replies":[{"embeddable":true,"href":"https:\/\/empresas.infoempleo.com\/hrtrends\/wp-json\/wp\/v2\/comments?post=13214"}],"version-history":[{"count":0,"href":"https:\/\/empresas.infoempleo.com\/hrtrends\/wp-json\/wp\/v2\/posts\/13214\/revisions"}],"wp:featuredmedia":[{"embeddable":true,"href":"https:\/\/empresas.infoempleo.com\/hrtrends\/wp-json\/wp\/v2\/media\/13217"}],"wp:attachment":[{"href":"https:\/\/empresas.infoempleo.com\/hrtrends\/wp-json\/wp\/v2\/media?parent=13214"}],"wp:term":[{"taxonomy":"category","embeddable":true,"href":"https:\/\/empresas.infoempleo.com\/hrtrends\/wp-json\/wp\/v2\/categories?post=13214"},{"taxonomy":"post_tag","embeddable":true,"href":"https:\/\/empresas.infoempleo.com\/hrtrends\/wp-json\/wp\/v2\/tags?post=13214"}],"curies":[{"name":"wp","href":"https:\/\/api.w.org\/{rel}","templated":true}]}}