{"id":13205,"date":"2011-05-16T10:39:32","date_gmt":"2011-05-16T09:39:32","guid":{"rendered":"http:\/\/blog.infoempleo.com\/?p=13205"},"modified":"2025-10-28T17:58:26","modified_gmt":"2025-10-28T15:58:26","slug":"su-majestad-el-mba-el-rey-de-los-programas-de-postgrado","status":"publish","type":"post","link":"https:\/\/empresas.infoempleo.com\/hrtrends\/su-majestad-el-mba-el-rey-de-los-programas-de-postgrado\/","title":{"rendered":"Su majestad el MBA: el rey de los programas de postgrado"},"content":{"rendered":"<p style=\"text-align: center;\"><img loading=\"lazy\" decoding=\"async\" class=\"alignnone size-full wp-image-13209\" title=\"MBA\" src=\"https:\/\/empresas.infoempleo.com\/hrtrends\/media\/2011\/05\/MBA1.jpg\" alt=\"\" width=\"398\" height=\"181\" srcset=\"https:\/\/empresas.infoempleo.com\/hrtrends\/media\/2011\/05\/MBA1.jpg 568w, https:\/\/empresas.infoempleo.com\/hrtrends\/media\/2011\/05\/MBA1-300x136.jpg 300w\" sizes=\"auto, (max-width: 398px) 100vw, 398px\" \/><\/p>\n<p>Las cifras del paro en Espa\u00f1a en el \u00faltimo trimestre del pasado a\u00f1o rondaban el 20% de la poblaci\u00f3n activa y nada hac\u00eda prever que mejorar\u00edan en 2011. Frente a datos tan negros, hab\u00eda una luz para la esperanza: la profesora <strong>Gloria Batllori, directora del\u00a0MBA de ESADE<\/strong>, present\u00f3 las cifras de colocaci\u00f3n referentes a sus alumnos de\u00a0 MBA del pasado a\u00f1o, de los que se deduc\u00eda que las cifras de este a\u00f1o eran mejores que las de 2009: <strong>del total de estudiantes que se graduaron al finalizar el curso pasado, en apenas tres meses un 86% ya hab\u00eda recibido una oferta laboral en firme, mientras que el resto estaba en procesos de selecci\u00f3n avanzados.<\/strong><\/p>\n<p>Estos datos coinciden con los de otras escuelas de negocios que tambi\u00e9n esquivan la crisis con sus reci\u00e9n titulados. Ellos lo saben. Conocen perfectamente el programa que han elegido y saben que<strong> contin\u00faa siendo una llave que abre las puertas del mercado laboral<\/strong>, aunque no es este aspecto el que m\u00e1s valoran a la hora de decantarse por un MBA. \u00abLo eleg\u00ed fundamentalmente por la inquietud de seguir adquiriendo conocimientos relacionados con la visi\u00f3n general de la direcci\u00f3n de una compa\u00f1\u00eda\u00bb, explica <strong>R\u00f3mulo Barrantes, Executive\u00a0MBA por IDE-Cesem<\/strong>.<\/p>\n<p>Esta visi\u00f3n es compartida por la mayor\u00eda de los estudiantes de este programa. <strong>\u00bfCu\u00e1l es el secreto de un programa que contin\u00faa siendo el m\u00e1s valorado en el mercado laboral?<\/strong> La palabra \u00e9xito parece siempre ligada a un curso que prepara a los futuros profesionales a enfrentarse al mundo real con las mejores herramientas para afrontar sus riesgos y peligros, ciclos y avatares. Otro de los factores que m\u00e1s influye a la hora de elegir un\u00a0MBA es que <strong>abarca muchas materias dentro del complejo entramado empresarial: <\/strong>direcci\u00f3n internacional, emprendimiento, mercado de capitales, internet y nuevos medios, marketing o recursos humanos&#8230; Cualquier profesional puede completar su formaci\u00f3n empresarial, especializ\u00e1ndose en una o varias materias concretas, lo que multiplica sus posibilidades de obtener determinados puestos dentro de la empresa. \u00abLos programas MBA deben tener un contenido importante de herramientas para la mejora de actitudes y aptitudes. Para ello, los talleres, las habilidades directivas o el coaching profesional son claves. Y todo ello, sin olvidar la metodolog\u00eda, que es fundamental. Lo importante es estar cerca de las empresas y escuchar tanto a alumnos como a directivos\u00bb, explican los responsables de <a href=\"https:\/\/www.nebrija.com\/business-school\/\" target=\"_blank\" rel=\"noopener\">Nebrija Business School<\/a>.<\/p>\n<p>\u00abAlto rigor acad\u00e9mico mediante la investigaci\u00f3n y actualizaci\u00f3n permanente, un claustro de profesores altamente cualificado, un car\u00e1cter eminentemente pr\u00e1ctico, un ambiente internacional y un estilo propio de t\u00e9cnicas docentes\u00bb resultan esenciales en este tipo de programas para los responsables de la Compa\u00f1\u00eda de Formaci\u00f3n Empresarial (CFE).<\/p>\n<p>En cuanto a las carreras que m\u00e1s valoran haber cursado un\u00a0MBA si atendemos a la oferta de empleo, el \u00faltimo Informe Infoempleo.com pone en relieve que destacan sorprendentemente las ingenier\u00edas, pero muy especialmente \u00ablas titulaciones de ingeniero naval, oce\u00e1nico, ingeniero de electr\u00f3nica e ingeniero en autom\u00e1tica y electr\u00f3nica\u00bb, todo un vuelco con respeto a otras \u00e9pocas de un pasado no muy lejano, en las que el\u00a0MBA pare c\u00eda reservado a carreras directamente relacionadas con el mundo de los n\u00fameros y de la empresa.<\/p>\n","protected":false},"excerpt":{"rendered":"<p>Las cifras del paro en Espa\u00f1a en el \u00faltimo trimestre del pasado a\u00f1o rondaban el 20% de la<a class=\"moretag\" href=\"https:\/\/empresas.infoempleo.com\/hrtrends\/su-majestad-el-mba-el-rey-de-los-programas-de-postgrado\/\"> Leer m\u00e1s<\/a><\/p>\n","protected":false},"author":72,"featured_media":13209,"comment_status":"closed","ping_status":"open","sticky":false,"template":"","format":"standard","meta":{"footnotes":""},"categories":[3],"tags":[271,1012,1019],"class_list":["post-13205","post","type-post","status-publish","format-standard","has-post-thumbnail","hentry","category-actualidad","tag-carrera-profesional","tag-mba","tag-postgrado"],"yoast_head":"<!-- This site is optimized with the Yoast SEO plugin v26.1.1 - https:\/\/yoast.com\/wordpress\/plugins\/seo\/ -->\n<title>Su majestad el MBA: el rey de los programas de postgrado | HRTRENDS<\/title>\n<meta name=\"robots\" content=\"index, follow, max-snippet:-1, max-image-preview:large, max-video-preview:-1\" \/>\n<link rel=\"canonical\" href=\"https:\/\/empresas.infoempleo.com\/hrtrends\/su-majestad-el-mba-el-rey-de-los-programas-de-postgrado\/\" \/>\n<meta property=\"og:locale\" content=\"es_ES\" \/>\n<meta property=\"og:type\" content=\"article\" \/>\n<meta property=\"og:title\" content=\"Su majestad el MBA: el rey de los programas de postgrado | HRTRENDS\" \/>\n<meta property=\"og:description\" content=\"Las cifras del paro en Espa\u00f1a en el \u00faltimo trimestre del pasado a\u00f1o rondaban el 20% de la Leer m\u00e1s\" \/>\n<meta property=\"og:url\" content=\"https:\/\/empresas.infoempleo.com\/hrtrends\/su-majestad-el-mba-el-rey-de-los-programas-de-postgrado\/\" \/>\n<meta property=\"og:site_name\" content=\"HRTRENDS\" \/>\n<meta property=\"article:publisher\" content=\"https:\/\/www.facebook.com\/Infoempleo\" \/>\n<meta property=\"article:published_time\" content=\"2011-05-16T09:39:32+00:00\" \/>\n<meta property=\"article:modified_time\" content=\"2025-10-28T15:58:26+00:00\" \/>\n<meta property=\"og:image\" content=\"https:\/\/empresas.infoempleo.com\/hrtrends\/media\/2011\/05\/MBA1.jpg\" \/>\n\t<meta property=\"og:image:width\" content=\"568\" \/>\n\t<meta property=\"og:image:height\" content=\"258\" \/>\n\t<meta property=\"og:image:type\" content=\"image\/jpeg\" \/>\n<meta name=\"author\" content=\"infoempleo\" \/>\n<meta name=\"twitter:card\" content=\"summary_large_image\" \/>\n<meta name=\"twitter:creator\" content=\"@infoempleo\" \/>\n<meta name=\"twitter:site\" content=\"@infoempleo\" \/>\n<meta name=\"twitter:label1\" content=\"Escrito por\" \/>\n\t<meta name=\"twitter:data1\" content=\"infoempleo\" \/>\n\t<meta name=\"twitter:label2\" content=\"Tiempo de lectura\" \/>\n\t<meta name=\"twitter:data2\" content=\"3 minutos\" \/>\n<script type=\"application\/ld+json\" class=\"yoast-schema-graph\">{\"@context\":\"https:\/\/schema.org\",\"@graph\":[{\"@type\":\"NewsArticle\",\"@id\":\"https:\/\/empresas.infoempleo.com\/hrtrends\/su-majestad-el-mba-el-rey-de-los-programas-de-postgrado\/#article\",\"isPartOf\":{\"@id\":\"https:\/\/empresas.infoempleo.com\/hrtrends\/su-majestad-el-mba-el-rey-de-los-programas-de-postgrado\/\"},\"author\":{\"name\":\"infoempleo\",\"@id\":\"https:\/\/empresas.infoempleo.com\/hrtrends\/#\/schema\/person\/67d3e276ffcc8b3ae0ebec816daf775a\"},\"headline\":\"Su majestad el MBA: el rey de los programas de postgrado\",\"datePublished\":\"2011-05-16T09:39:32+00:00\",\"dateModified\":\"2025-10-28T15:58:26+00:00\",\"mainEntityOfPage\":{\"@id\":\"https:\/\/empresas.infoempleo.com\/hrtrends\/su-majestad-el-mba-el-rey-de-los-programas-de-postgrado\/\"},\"wordCount\":579,\"publisher\":{\"@id\":\"https:\/\/empresas.infoempleo.com\/hrtrends\/#organization\"},\"image\":{\"@id\":\"https:\/\/empresas.infoempleo.com\/hrtrends\/su-majestad-el-mba-el-rey-de-los-programas-de-postgrado\/#primaryimage\"},\"thumbnailUrl\":\"https:\/\/empresas.infoempleo.com\/hrtrends\/media\/2011\/05\/MBA1.jpg\",\"keywords\":[\"carrera profesional\",\"MBA\",\"postgrado\"],\"articleSection\":[\"Actualidad\"],\"inLanguage\":\"es\",\"copyrightYear\":\"2011\",\"copyrightHolder\":{\"@id\":\"https:\/\/empresas.infoempleo.com\/hrtrends\/#organization\"}},{\"@type\":\"WebPage\",\"@id\":\"https:\/\/empresas.infoempleo.com\/hrtrends\/su-majestad-el-mba-el-rey-de-los-programas-de-postgrado\/\",\"url\":\"https:\/\/empresas.infoempleo.com\/hrtrends\/su-majestad-el-mba-el-rey-de-los-programas-de-postgrado\/\",\"name\":\"Su majestad el MBA: el rey de los programas de postgrado | HRTRENDS\",\"isPartOf\":{\"@id\":\"https:\/\/empresas.infoempleo.com\/hrtrends\/#website\"},\"primaryImageOfPage\":{\"@id\":\"https:\/\/empresas.infoempleo.com\/hrtrends\/su-majestad-el-mba-el-rey-de-los-programas-de-postgrado\/#primaryimage\"},\"image\":{\"@id\":\"https:\/\/empresas.infoempleo.com\/hrtrends\/su-majestad-el-mba-el-rey-de-los-programas-de-postgrado\/#primaryimage\"},\"thumbnailUrl\":\"https:\/\/empresas.infoempleo.com\/hrtrends\/media\/2011\/05\/MBA1.jpg\",\"datePublished\":\"2011-05-16T09:39:32+00:00\",\"dateModified\":\"2025-10-28T15:58:26+00:00\",\"breadcrumb\":{\"@id\":\"https:\/\/empresas.infoempleo.com\/hrtrends\/su-majestad-el-mba-el-rey-de-los-programas-de-postgrado\/#breadcrumb\"},\"inLanguage\":\"es\",\"potentialAction\":[{\"@type\":\"ReadAction\",\"target\":[\"https:\/\/empresas.infoempleo.com\/hrtrends\/su-majestad-el-mba-el-rey-de-los-programas-de-postgrado\/\"]}]},{\"@type\":\"ImageObject\",\"inLanguage\":\"es\",\"@id\":\"https:\/\/empresas.infoempleo.com\/hrtrends\/su-majestad-el-mba-el-rey-de-los-programas-de-postgrado\/#primaryimage\",\"url\":\"https:\/\/empresas.infoempleo.com\/hrtrends\/media\/2011\/05\/MBA1-150x150.jpg\",\"contentUrl\":\"https:\/\/empresas.infoempleo.com\/hrtrends\/media\/2011\/05\/MBA1-150x150.jpg\",\"width\":150,\"height\":150},{\"@type\":\"BreadcrumbList\",\"@id\":\"https:\/\/empresas.infoempleo.com\/hrtrends\/su-majestad-el-mba-el-rey-de-los-programas-de-postgrado\/#breadcrumb\",\"itemListElement\":[{\"@type\":\"ListItem\",\"position\":1,\"name\":\"Portada\",\"item\":\"https:\/\/empresas.infoempleo.com\/hrtrends\/\"},{\"@type\":\"ListItem\",\"position\":2,\"name\":\"Su majestad el MBA: el rey de los programas de postgrado\"}]},{\"@type\":\"WebSite\",\"@id\":\"https:\/\/empresas.infoempleo.com\/hrtrends\/#website\",\"url\":\"https:\/\/empresas.infoempleo.com\/hrtrends\",\"name\":\"HRTrends by Infoempleo\",\"description\":\"\",\"publisher\":{\"@id\":\"https:\/\/empresas.infoempleo.com\/hrtrends\/#organization\"},\"potentialAction\":{\"@type\":\"SearchAction\",\"target\":\"https:\/\/empresas.infoempleo.com\/hrtrends\/?s={search_term_string}\",\"query-input\":\"required name=search_term_string\"},\"inLanguage\":\"es\"},{\"@type\":\"Organization\",\"@id\":\"https:\/\/empresas.infoempleo.com\/hrtrends\/#organization\",\"name\":\"Infoempleo\",\"url\":\"https:\/\/www.infoempleo.com\/\",\"logo\":{\"@type\":\"ImageObject\",\"@id\":\"https:\/\/empresas.infoempleo.com\/hrtrends\/#logo\",\"inLanguage\":\"es\",\"url\":\"https:\/\/cdnazure.infoempleo.com\/infoempleo\/assets\/style\/gfx\/logo.svg\",\"contentUrl\":\"https:\/\/cdnazure.infoempleo.com\/infoempleo\/assets\/style\/gfx\/logo.svg\",\"width\":150,\"height\":40,\"caption\":\"Infoempleo\"},\"image\":{\"@id\":\"https:\/\/empresas.infoempleo.com\/hrtrends\/#logo\"},\"sameAs\":[\"https:\/\/www.facebook.com\/Infoempleo\",\"https:\/\/x.com\/infoempleo\",\"http:\/\/instagram.com\/infoempleo\/\",\"http:\/\/www.linkedin.com\/groups\/Empleo-Espa\u00f1a-Infoempleocom-111276\",\"http:\/\/pinterest.com\/infoempleo\/\"],\"address\":{\"@type\":\"PostalAddress\",\"addressLocality\":\"Madrid\",\"postalCode\":\"28050\",\"streetAddress\":\"Avenida de Burgos 114\"},\"brand\":[\"Infoempleo\"]},{\"@type\":\"Person\",\"@id\":\"https:\/\/empresas.infoempleo.com\/hrtrends\/#\/schema\/person\/67d3e276ffcc8b3ae0ebec816daf775a\",\"name\":\"infoempleo\",\"image\":{\"@type\":\"ImageObject\",\"inLanguage\":\"es\",\"@id\":\"https:\/\/empresas.infoempleo.com\/hrtrends\/#\/schema\/person\/image\/\",\"url\":\"https:\/\/secure.gravatar.com\/avatar\/7b437777242fe67d2473c2a818da2344692d1ee91e91080ccffbd97bcd4a0975?s=96&d=mm&r=g\",\"contentUrl\":\"https:\/\/secure.gravatar.com\/avatar\/7b437777242fe67d2473c2a818da2344692d1ee91e91080ccffbd97bcd4a0975?s=96&d=mm&r=g\",\"caption\":\"infoempleo\"},\"url\":\"https:\/\/empresas.infoempleo.com\/hrtrends\/author\/infoempleo\/\"}]}<\/script>\n<!-- \/ Yoast SEO plugin. -->","yoast_head_json":{"title":"Su majestad el MBA: el rey de los programas de postgrado | HRTRENDS","robots":{"index":"index","follow":"follow","max-snippet":"max-snippet:-1","max-image-preview":"max-image-preview:large","max-video-preview":"max-video-preview:-1"},"canonical":"https:\/\/empresas.infoempleo.com\/hrtrends\/su-majestad-el-mba-el-rey-de-los-programas-de-postgrado\/","og_locale":"es_ES","og_type":"article","og_title":"Su majestad el MBA: el rey de los programas de postgrado | HRTRENDS","og_description":"Las cifras del paro en Espa\u00f1a en el \u00faltimo trimestre del pasado a\u00f1o rondaban el 20% de la Leer m\u00e1s","og_url":"https:\/\/empresas.infoempleo.com\/hrtrends\/su-majestad-el-mba-el-rey-de-los-programas-de-postgrado\/","og_site_name":"HRTRENDS","article_publisher":"https:\/\/www.facebook.com\/Infoempleo","article_published_time":"2011-05-16T09:39:32+00:00","article_modified_time":"2025-10-28T15:58:26+00:00","og_image":[{"width":568,"height":258,"url":"https:\/\/empresas.infoempleo.com\/hrtrends\/media\/2011\/05\/MBA1.jpg","type":"image\/jpeg"}],"author":"infoempleo","twitter_card":"summary_large_image","twitter_creator":"@infoempleo","twitter_site":"@infoempleo","twitter_misc":{"Escrito por":"infoempleo","Tiempo de lectura":"3 minutos"},"schema":{"@context":"https:\/\/schema.org","@graph":[{"@type":"NewsArticle","@id":"https:\/\/empresas.infoempleo.com\/hrtrends\/su-majestad-el-mba-el-rey-de-los-programas-de-postgrado\/#article","isPartOf":{"@id":"https:\/\/empresas.infoempleo.com\/hrtrends\/su-majestad-el-mba-el-rey-de-los-programas-de-postgrado\/"},"author":{"name":"infoempleo","@id":"https:\/\/empresas.infoempleo.com\/hrtrends\/#\/schema\/person\/67d3e276ffcc8b3ae0ebec816daf775a"},"headline":"Su majestad el MBA: el rey de los programas de postgrado","datePublished":"2011-05-16T09:39:32+00:00","dateModified":"2025-10-28T15:58:26+00:00","mainEntityOfPage":{"@id":"https:\/\/empresas.infoempleo.com\/hrtrends\/su-majestad-el-mba-el-rey-de-los-programas-de-postgrado\/"},"wordCount":579,"publisher":{"@id":"https:\/\/empresas.infoempleo.com\/hrtrends\/#organization"},"image":{"@id":"https:\/\/empresas.infoempleo.com\/hrtrends\/su-majestad-el-mba-el-rey-de-los-programas-de-postgrado\/#primaryimage"},"thumbnailUrl":"https:\/\/empresas.infoempleo.com\/hrtrends\/media\/2011\/05\/MBA1.jpg","keywords":["carrera profesional","MBA","postgrado"],"articleSection":["Actualidad"],"inLanguage":"es","copyrightYear":"2011","copyrightHolder":{"@id":"https:\/\/empresas.infoempleo.com\/hrtrends\/#organization"}},{"@type":"WebPage","@id":"https:\/\/empresas.infoempleo.com\/hrtrends\/su-majestad-el-mba-el-rey-de-los-programas-de-postgrado\/","url":"https:\/\/empresas.infoempleo.com\/hrtrends\/su-majestad-el-mba-el-rey-de-los-programas-de-postgrado\/","name":"Su majestad el MBA: el rey de los programas de postgrado | HRTRENDS","isPartOf":{"@id":"https:\/\/empresas.infoempleo.com\/hrtrends\/#website"},"primaryImageOfPage":{"@id":"https:\/\/empresas.infoempleo.com\/hrtrends\/su-majestad-el-mba-el-rey-de-los-programas-de-postgrado\/#primaryimage"},"image":{"@id":"https:\/\/empresas.infoempleo.com\/hrtrends\/su-majestad-el-mba-el-rey-de-los-programas-de-postgrado\/#primaryimage"},"thumbnailUrl":"https:\/\/empresas.infoempleo.com\/hrtrends\/media\/2011\/05\/MBA1.jpg","datePublished":"2011-05-16T09:39:32+00:00","dateModified":"2025-10-28T15:58:26+00:00","breadcrumb":{"@id":"https:\/\/empresas.infoempleo.com\/hrtrends\/su-majestad-el-mba-el-rey-de-los-programas-de-postgrado\/#breadcrumb"},"inLanguage":"es","potentialAction":[{"@type":"ReadAction","target":["https:\/\/empresas.infoempleo.com\/hrtrends\/su-majestad-el-mba-el-rey-de-los-programas-de-postgrado\/"]}]},{"@type":"ImageObject","inLanguage":"es","@id":"https:\/\/empresas.infoempleo.com\/hrtrends\/su-majestad-el-mba-el-rey-de-los-programas-de-postgrado\/#primaryimage","url":"https:\/\/empresas.infoempleo.com\/hrtrends\/media\/2011\/05\/MBA1-150x150.jpg","contentUrl":"https:\/\/empresas.infoempleo.com\/hrtrends\/media\/2011\/05\/MBA1-150x150.jpg","width":150,"height":150},{"@type":"BreadcrumbList","@id":"https:\/\/empresas.infoempleo.com\/hrtrends\/su-majestad-el-mba-el-rey-de-los-programas-de-postgrado\/#breadcrumb","itemListElement":[{"@type":"ListItem","position":1,"name":"Portada","item":"https:\/\/empresas.infoempleo.com\/hrtrends\/"},{"@type":"ListItem","position":2,"name":"Su majestad el MBA: el rey de los programas de postgrado"}]},{"@type":"WebSite","@id":"https:\/\/empresas.infoempleo.com\/hrtrends\/#website","url":"https:\/\/empresas.infoempleo.com\/hrtrends","name":"HRTrends by Infoempleo","description":"","publisher":{"@id":"https:\/\/empresas.infoempleo.com\/hrtrends\/#organization"},"potentialAction":{"@type":"SearchAction","target":"https:\/\/empresas.infoempleo.com\/hrtrends\/?s={search_term_string}","query-input":"required name=search_term_string"},"inLanguage":"es"},{"@type":"Organization","@id":"https:\/\/empresas.infoempleo.com\/hrtrends\/#organization","name":"Infoempleo","url":"https:\/\/www.infoempleo.com\/","logo":{"@type":"ImageObject","@id":"https:\/\/empresas.infoempleo.com\/hrtrends\/#logo","inLanguage":"es","url":"https:\/\/cdnazure.infoempleo.com\/infoempleo\/assets\/style\/gfx\/logo.svg","contentUrl":"https:\/\/cdnazure.infoempleo.com\/infoempleo\/assets\/style\/gfx\/logo.svg","width":150,"height":40,"caption":"Infoempleo"},"image":{"@id":"https:\/\/empresas.infoempleo.com\/hrtrends\/#logo"},"sameAs":["https:\/\/www.facebook.com\/Infoempleo","https:\/\/x.com\/infoempleo","http:\/\/instagram.com\/infoempleo\/","http:\/\/www.linkedin.com\/groups\/Empleo-Espa\u00f1a-Infoempleocom-111276","http:\/\/pinterest.com\/infoempleo\/"],"address":{"@type":"PostalAddress","addressLocality":"Madrid","postalCode":"28050","streetAddress":"Avenida de Burgos 114"},"brand":["Infoempleo"]},{"@type":"Person","@id":"https:\/\/empresas.infoempleo.com\/hrtrends\/#\/schema\/person\/67d3e276ffcc8b3ae0ebec816daf775a","name":"infoempleo","image":{"@type":"ImageObject","inLanguage":"es","@id":"https:\/\/empresas.infoempleo.com\/hrtrends\/#\/schema\/person\/image\/","url":"https:\/\/secure.gravatar.com\/avatar\/7b437777242fe67d2473c2a818da2344692d1ee91e91080ccffbd97bcd4a0975?s=96&d=mm&r=g","contentUrl":"https:\/\/secure.gravatar.com\/avatar\/7b437777242fe67d2473c2a818da2344692d1ee91e91080ccffbd97bcd4a0975?s=96&d=mm&r=g","caption":"infoempleo"},"url":"https:\/\/empresas.infoempleo.com\/hrtrends\/author\/infoempleo\/"}]}},"amp_enabled":true,"_links":{"self":[{"href":"https:\/\/empresas.infoempleo.com\/hrtrends\/wp-json\/wp\/v2\/posts\/13205","targetHints":{"allow":["GET"]}}],"collection":[{"href":"https:\/\/empresas.infoempleo.com\/hrtrends\/wp-json\/wp\/v2\/posts"}],"about":[{"href":"https:\/\/empresas.infoempleo.com\/hrtrends\/wp-json\/wp\/v2\/types\/post"}],"author":[{"embeddable":true,"href":"https:\/\/empresas.infoempleo.com\/hrtrends\/wp-json\/wp\/v2\/users\/72"}],"replies":[{"embeddable":true,"href":"https:\/\/empresas.infoempleo.com\/hrtrends\/wp-json\/wp\/v2\/comments?post=13205"}],"version-history":[{"count":4,"href":"https:\/\/empresas.infoempleo.com\/hrtrends\/wp-json\/wp\/v2\/posts\/13205\/revisions"}],"predecessor-version":[{"id":47200,"href":"https:\/\/empresas.infoempleo.com\/hrtrends\/wp-json\/wp\/v2\/posts\/13205\/revisions\/47200"}],"wp:featuredmedia":[{"embeddable":true,"href":"https:\/\/empresas.infoempleo.com\/hrtrends\/wp-json\/wp\/v2\/media\/13209"}],"wp:attachment":[{"href":"https:\/\/empresas.infoempleo.com\/hrtrends\/wp-json\/wp\/v2\/media?parent=13205"}],"wp:term":[{"taxonomy":"category","embeddable":true,"href":"https:\/\/empresas.infoempleo.com\/hrtrends\/wp-json\/wp\/v2\/categories?post=13205"},{"taxonomy":"post_tag","embeddable":true,"href":"https:\/\/empresas.infoempleo.com\/hrtrends\/wp-json\/wp\/v2\/tags?post=13205"}],"curies":[{"name":"wp","href":"https:\/\/api.w.org\/{rel}","templated":true}]}}