{"id":12922,"date":"2011-04-25T12:35:23","date_gmt":"2011-04-25T11:35:23","guid":{"rendered":"http:\/\/blog.infoempleo.com\/?p=12922"},"modified":"2024-08-30T13:24:46","modified_gmt":"2024-08-30T11:24:46","slug":"los-empleados-ponen-nota-a-las-empresas-punteras","status":"publish","type":"post","link":"https:\/\/empresas.infoempleo.com\/hrtrends\/los-empleados-ponen-nota-a-las-empresas-punteras\/","title":{"rendered":"Los empleados ponen nota a las empresas punteras"},"content":{"rendered":"<p style=\"text-align: left;\">Como cada a\u00f1o -desde hace nueve- <a href=\"https:\/\/greatplacetowork.es\/\" target=\"_blank\" rel=\"noopener\">Great Place to Work<\/a> ha elaborado un listado con las 50 mejores compa\u00f1\u00edas espa\u00f1olas seg\u00fan las \u00abnotas\u00bb de m\u00e1s de 150.000 empleados. Viendo los resultados, su opini\u00f3n no va desencaminada, al menos, seg\u00fan los datos para el ejercicio 2010 que recoge Great Place toWork en \u00abBest Workplaces 2011\u00bb.<\/p>\n<p>Estas 50 elegidas alcanzaron un crecimiento medio del 4% durante el pasado a\u00f1o y crearon m\u00e1s\u00a0de 2.800 puestos de trabajo. Si a esto sumamos que generan una satisfacci\u00f3n del 77% y que rebajan las cuotas de absentismo en casi cuatro puntos respecto a la media nacional, parece que compensa invertir en pol\u00edticas de organizaci\u00f3n laboral.<\/p>\n<p>Este estudio, que se lleva haciendo en otros pa\u00edses desde hace m\u00e1s de dos d\u00e9cadas, cuenta exclusivamente con las empresas que as\u00ed lo hayan requerido. <strong>Aunque ya empieza a haber m\u00e1s empresas de origen espa\u00f1ol, la mayor\u00eda de las punteras del ranking son filiales de multinacionales extranjeras.<\/strong> Varias repiten respecto a a\u00f1os anteriores, algunas ganan puestos y de otras no se sabe nada.<\/p>\n<p>La confidencialidad del estudio mantiene en secreto a aquellas que han participado pero no han conseguido los mejores registros. Por su parte, <strong>las galardonadas han sido clasificadas en cinco categor\u00edas seg\u00fan el tama\u00f1o de la plantilla, desde las que superan los 1.000 empleados, liderada por Atento \u2013\u00abcall-center\u00bb de Telef\u00f3nica\u2013 hasta las que se sit\u00faan entre los 50 y los 100.<\/strong> A finales de a\u00f1o se sumar\u00e1 otra m\u00e1s con datos sobre pymes.<\/p>\n<p>Las que encabezan cada categor\u00eda comparten algunas caracter\u00edsticas comunes en la gesti\u00f3n de su personal, ya sea en temas de <strong>conciliaci\u00f3n laboral,\u00a0flexibilidad o promoci\u00f3n de sus empleados.<\/strong> A estos criterios responde, por ejemplo, <a href=\"https:\/\/www.microsoft.com\/es-es\/ \" target=\"_blank\" rel=\"noopener\">Microsoft<\/a>, la mejor clasificada como compa\u00f1\u00eda entre 500 y 1.000 empleados. \u00abDesde que Microsoft Ib\u00e9rica implantara en 2003 un programa de conciliaci\u00f3n, nuestro foco ha estado siempre en mejorar progresivamente la satisfacci\u00f3n de nuestros empleados, incluyendo iniciativas que les permitan un desarrollo personal y profesional\u00bb, se enorgullece <strong>Elena Dinesen, directora de Recursos Humanos de la empresa<\/strong>.<\/p>\n<p>Las compa\u00f1\u00edas de entre 250 y 500 empleados han sido las m\u00e1s numerosas en este top 50, y <a href=\"https:\/\/www.cisco.com\/\" target=\"_blank\" rel=\"noopener\">CISCO<\/a> la primera posicionada de ellas. Su <strong>directora de Recursos Humanos para Espa\u00f1a, Elvira Alcal\u00e1- Zamora<\/strong>, valora la gesti\u00f3n del talento como prioridad en la empresa y se\u00f1ala como caracter\u00edsticas diferenciadoras la flexibilidad laboral y los beneficios sociales de los que goza la plantilla. \u00abFacilitamos a nuestros empleados las herramientas de colaboraci\u00f3n necesarias para trabajar en cualquier momento o lugar. <strong>Ellos mismos organizan su jornada<\/strong>\u00bb, afirma.<\/p>\n<p>En empresas m\u00e1s peque\u00f1as, como Softonic.com \u2013primera en la categor\u00eda de 100- 250 empleados\u2013 o <a href=\"https:\/\/www.bain.com\/es\/offices\/madrid\/\/\" target=\"_blank\" rel=\"noopener\">Bain &amp; Company Ib\u00e9rica<\/a> \u2013ganadora de 50 a 100\u2013 comparten criterios similares. \u00abUna de nuestras caracter\u00edsticas es no haber perdido nunca el foco en las personas. Es un buen camino\u00bb, afirma <strong>Mar\u00eda Franquesa, vicepresidenta de Recursos Humanos de Softonic.com.<\/strong><\/p>\n<p>En la consultora Bain &amp; Company dicen <strong>atraer a las mejores personas y crear el mejor ambiente posible gracias a una pol\u00edtica que se sustenta, seg\u00fan su socio Javier Calleja, en la flexibilidad, la formaci\u00f3n continua, las encuestas de satisfacci\u00f3n semanales, la evaluaci\u00f3n del empleado y varias actividades para el fomento del trabajo en equipo<\/strong>: retiro con todos los empleados, actividades de voluntariado, \u00abfun club\u00bb\u2026 y hasta una banda de m\u00fasica, \u00abBain band\u00bb.<\/p>\n<p>En Softonic.com no se quedan atr\u00e1s: fruta y caf\u00e9 sin coste, bonus por nacimiento, d\u00eda libre por cumplea\u00f1os, masajes gratuitos\u2026 Detalles que marcan la diferencia pero que tienen que verse reforzados por una comunicaci\u00f3n bidireccional entre plantilla y directivos.<\/p>\n<p>En Microsoft, por ejemplo, realizan encuestas de clima que recogen la opini\u00f3n de los empleados y disponen de equipos espec\u00edficos para dar cabida a todas las necesidades. \u00abEn la filial existe el grupo de Diversidad e Inclusi\u00f3n para impulsar el desarrollo de iniciativas en este campo\u00bb, se\u00f1ala Dinesen.<\/p>\n<p>En Cisco realizan reuniones peri\u00f3dicas con toda la compa\u00f1\u00eda donde se comparten resultados y estrategia\u2026 Y, como nos cuenta su directora de Recursos Humanos, alg\u00fan detalle m\u00e1s: desayunos mensuales con el Director General y con el CIO de la compa\u00f1\u00eda, encuestas de clima, blogs, etc.<\/p>\n<h3>Otros estudios<\/h3>\n<p>Pero la lista de Great Place to Work no es la \u00fanica que se encarga de situar qui\u00e9n es qui\u00e9n en el mundo empresarial. Esta semana, por ejemplo, se presentaban los resultados de <a href=\"https:\/\/www.merco.info\/es\/\" target=\"_blank\" rel=\"noopener\">MERCO 2011<\/a> para las empresas con mejor reputaci\u00f3n. <a href=\"https:\/\/www.bancosantander.es\/particulares\/\" target=\"_blank\" rel=\"noopener\">Santander<\/a>, <a href=\"https:\/\/www.inditex.com\/itxcomweb\/en\/home\" target=\"_blank\" rel=\"noopener\">Inditex<\/a> y <a href=\"https:\/\/www.telefonica.es\/es\/\/\" target=\"_blank\" rel=\"noopener\">Telef\u00f3nica<\/a> se hicieron con los primeros puestos.<\/p>\n<p>El ranking se ha elaborado con empresas que facturan m\u00e1s de 50 millones de euros en Espa\u00f1a y la valoraci\u00f3n parte de comit\u00e9s de direcci\u00f3n, expertos, consumidores y empleados. A la vez, daban a conocer otro listado con las empresas m\u00e1s responsables, elaborado con una encuesta hecha a 15.000 directivos. El podium de esta\u00a0categor\u00eda lo conforman La Caixa, Iberdrola y Mercadona.<\/p>\n<p>Estos son los m\u00e1s recientes, pero en MERCO tambi\u00e9n hacen estudios en funci\u00f3n a otras variables. Si nos fijamos en las mejor valoradas por los empleados.<\/p>\n","protected":false},"excerpt":{"rendered":"<p>Como cada a\u00f1o -desde hace nueve- Great Place to Work ha elaborado un listado con las 50 mejores<a class=\"moretag\" href=\"https:\/\/empresas.infoempleo.com\/hrtrends\/los-empleados-ponen-nota-a-las-empresas-punteras\/\"> Leer m\u00e1s<\/a><\/p>\n","protected":false},"author":62,"featured_media":29641,"comment_status":"closed","ping_status":"open","sticky":false,"template":"","format":"standard","meta":{"footnotes":""},"categories":[3],"tags":[201],"class_list":["post-12922","post","type-post","status-publish","format-standard","has-post-thumbnail","hentry","category-actualidad","tag-ranking"],"yoast_head":"<!-- This site is optimized with the Yoast SEO plugin v26.1.1 - https:\/\/yoast.com\/wordpress\/plugins\/seo\/ -->\n<title>Los empleados ponen nota a las empresas punteras | HRTRENDS<\/title>\n<meta name=\"robots\" content=\"index, follow, max-snippet:-1, max-image-preview:large, max-video-preview:-1\" \/>\n<link rel=\"canonical\" href=\"https:\/\/empresas.infoempleo.com\/hrtrends\/los-empleados-ponen-nota-a-las-empresas-punteras\/\" \/>\n<meta property=\"og:locale\" content=\"es_ES\" \/>\n<meta property=\"og:type\" content=\"article\" \/>\n<meta property=\"og:title\" content=\"Los empleados ponen nota a las empresas punteras | HRTRENDS\" \/>\n<meta property=\"og:description\" content=\"Como cada a\u00f1o -desde hace nueve- Great Place to Work ha elaborado un listado con las 50 mejores Leer m\u00e1s\" \/>\n<meta property=\"og:url\" content=\"https:\/\/empresas.infoempleo.com\/hrtrends\/los-empleados-ponen-nota-a-las-empresas-punteras\/\" \/>\n<meta property=\"og:site_name\" content=\"HRTRENDS\" \/>\n<meta property=\"article:publisher\" content=\"https:\/\/www.facebook.com\/Infoempleo\" \/>\n<meta property=\"article:published_time\" content=\"2011-04-25T11:35:23+00:00\" \/>\n<meta property=\"article:modified_time\" content=\"2024-08-30T11:24:46+00:00\" \/>\n<meta property=\"og:image\" content=\"https:\/\/empresas.infoempleo.com\/hrtrends\/media\/2011\/04\/poner-nota.jpeg\" \/>\n\t<meta property=\"og:image:width\" content=\"1125\" \/>\n\t<meta property=\"og:image:height\" content=\"750\" \/>\n\t<meta property=\"og:image:type\" content=\"image\/jpeg\" \/>\n<meta name=\"author\" content=\"elena arranz\" \/>\n<meta name=\"twitter:card\" content=\"summary_large_image\" \/>\n<meta name=\"twitter:creator\" content=\"@infoempleo\" \/>\n<meta name=\"twitter:site\" content=\"@infoempleo\" \/>\n<meta name=\"twitter:label1\" content=\"Escrito por\" \/>\n\t<meta name=\"twitter:data1\" content=\"elena arranz\" \/>\n\t<meta name=\"twitter:label2\" content=\"Tiempo de lectura\" \/>\n\t<meta name=\"twitter:data2\" content=\"4 minutos\" \/>\n<script type=\"application\/ld+json\" class=\"yoast-schema-graph\">{\"@context\":\"https:\/\/schema.org\",\"@graph\":[{\"@type\":\"NewsArticle\",\"@id\":\"https:\/\/empresas.infoempleo.com\/hrtrends\/los-empleados-ponen-nota-a-las-empresas-punteras\/#article\",\"isPartOf\":{\"@id\":\"https:\/\/empresas.infoempleo.com\/hrtrends\/los-empleados-ponen-nota-a-las-empresas-punteras\/\"},\"author\":{\"name\":\"elena arranz\",\"@id\":\"https:\/\/empresas.infoempleo.com\/hrtrends\/#\/schema\/person\/f3484d3cdf45b2f3846af4f705ec9730\"},\"headline\":\"Los empleados ponen nota a las empresas punteras\",\"datePublished\":\"2011-04-25T11:35:23+00:00\",\"dateModified\":\"2024-08-30T11:24:46+00:00\",\"mainEntityOfPage\":{\"@id\":\"https:\/\/empresas.infoempleo.com\/hrtrends\/los-empleados-ponen-nota-a-las-empresas-punteras\/\"},\"wordCount\":889,\"publisher\":{\"@id\":\"https:\/\/empresas.infoempleo.com\/hrtrends\/#organization\"},\"image\":{\"@id\":\"https:\/\/empresas.infoempleo.com\/hrtrends\/los-empleados-ponen-nota-a-las-empresas-punteras\/#primaryimage\"},\"thumbnailUrl\":\"https:\/\/empresas.infoempleo.com\/hrtrends\/media\/2011\/04\/poner-nota.jpeg\",\"keywords\":[\"ranking\"],\"articleSection\":[\"Actualidad\"],\"inLanguage\":\"es\",\"copyrightYear\":\"2011\",\"copyrightHolder\":{\"@id\":\"https:\/\/empresas.infoempleo.com\/hrtrends\/#organization\"}},{\"@type\":\"WebPage\",\"@id\":\"https:\/\/empresas.infoempleo.com\/hrtrends\/los-empleados-ponen-nota-a-las-empresas-punteras\/\",\"url\":\"https:\/\/empresas.infoempleo.com\/hrtrends\/los-empleados-ponen-nota-a-las-empresas-punteras\/\",\"name\":\"Los empleados ponen nota a las empresas punteras | HRTRENDS\",\"isPartOf\":{\"@id\":\"https:\/\/empresas.infoempleo.com\/hrtrends\/#website\"},\"primaryImageOfPage\":{\"@id\":\"https:\/\/empresas.infoempleo.com\/hrtrends\/los-empleados-ponen-nota-a-las-empresas-punteras\/#primaryimage\"},\"image\":{\"@id\":\"https:\/\/empresas.infoempleo.com\/hrtrends\/los-empleados-ponen-nota-a-las-empresas-punteras\/#primaryimage\"},\"thumbnailUrl\":\"https:\/\/empresas.infoempleo.com\/hrtrends\/media\/2011\/04\/poner-nota.jpeg\",\"datePublished\":\"2011-04-25T11:35:23+00:00\",\"dateModified\":\"2024-08-30T11:24:46+00:00\",\"breadcrumb\":{\"@id\":\"https:\/\/empresas.infoempleo.com\/hrtrends\/los-empleados-ponen-nota-a-las-empresas-punteras\/#breadcrumb\"},\"inLanguage\":\"es\",\"potentialAction\":[{\"@type\":\"ReadAction\",\"target\":[\"https:\/\/empresas.infoempleo.com\/hrtrends\/los-empleados-ponen-nota-a-las-empresas-punteras\/\"]}]},{\"@type\":\"ImageObject\",\"inLanguage\":\"es\",\"@id\":\"https:\/\/empresas.infoempleo.com\/hrtrends\/los-empleados-ponen-nota-a-las-empresas-punteras\/#primaryimage\",\"url\":\"https:\/\/empresas.infoempleo.com\/hrtrends\/media\/2011\/04\/poner-nota-150x150.jpeg\",\"contentUrl\":\"https:\/\/empresas.infoempleo.com\/hrtrends\/media\/2011\/04\/poner-nota-150x150.jpeg\",\"width\":150,\"height\":150,\"caption\":\"Empleados ponen nota a las empresas\"},{\"@type\":\"BreadcrumbList\",\"@id\":\"https:\/\/empresas.infoempleo.com\/hrtrends\/los-empleados-ponen-nota-a-las-empresas-punteras\/#breadcrumb\",\"itemListElement\":[{\"@type\":\"ListItem\",\"position\":1,\"name\":\"Portada\",\"item\":\"https:\/\/empresas.infoempleo.com\/hrtrends\/\"},{\"@type\":\"ListItem\",\"position\":2,\"name\":\"Los empleados ponen nota a las empresas punteras\"}]},{\"@type\":\"WebSite\",\"@id\":\"https:\/\/empresas.infoempleo.com\/hrtrends\/#website\",\"url\":\"https:\/\/empresas.infoempleo.com\/hrtrends\",\"name\":\"HRTrends by Infoempleo\",\"description\":\"\",\"publisher\":{\"@id\":\"https:\/\/empresas.infoempleo.com\/hrtrends\/#organization\"},\"potentialAction\":{\"@type\":\"SearchAction\",\"target\":\"https:\/\/empresas.infoempleo.com\/hrtrends\/?s={search_term_string}\",\"query-input\":\"required name=search_term_string\"},\"inLanguage\":\"es\"},{\"@type\":\"Organization\",\"@id\":\"https:\/\/empresas.infoempleo.com\/hrtrends\/#organization\",\"name\":\"Infoempleo\",\"url\":\"https:\/\/www.infoempleo.com\/\",\"logo\":{\"@type\":\"ImageObject\",\"@id\":\"https:\/\/empresas.infoempleo.com\/hrtrends\/#logo\",\"inLanguage\":\"es\",\"url\":\"https:\/\/cdnazure.infoempleo.com\/infoempleo\/assets\/style\/gfx\/logo.svg\",\"contentUrl\":\"https:\/\/cdnazure.infoempleo.com\/infoempleo\/assets\/style\/gfx\/logo.svg\",\"width\":150,\"height\":40,\"caption\":\"Infoempleo\"},\"image\":{\"@id\":\"https:\/\/empresas.infoempleo.com\/hrtrends\/#logo\"},\"sameAs\":[\"https:\/\/www.facebook.com\/Infoempleo\",\"https:\/\/x.com\/infoempleo\",\"http:\/\/instagram.com\/infoempleo\/\",\"http:\/\/www.linkedin.com\/groups\/Empleo-Espa\u00f1a-Infoempleocom-111276\",\"http:\/\/pinterest.com\/infoempleo\/\"],\"address\":{\"@type\":\"PostalAddress\",\"addressLocality\":\"Madrid\",\"postalCode\":\"28050\",\"streetAddress\":\"Avenida de Burgos 114\"},\"brand\":[\"Infoempleo\"]},{\"@type\":\"Person\",\"@id\":\"https:\/\/empresas.infoempleo.com\/hrtrends\/#\/schema\/person\/f3484d3cdf45b2f3846af4f705ec9730\",\"name\":\"elena arranz\",\"image\":{\"@type\":\"ImageObject\",\"inLanguage\":\"es\",\"@id\":\"https:\/\/empresas.infoempleo.com\/hrtrends\/#\/schema\/person\/image\/\",\"url\":\"https:\/\/secure.gravatar.com\/avatar\/e3e36e17cc9a2ddafb4e051357b391a9c939bebb4f2f7cbb2c456f5fa56ade52?s=96&d=mm&r=g\",\"contentUrl\":\"https:\/\/secure.gravatar.com\/avatar\/e3e36e17cc9a2ddafb4e051357b391a9c939bebb4f2f7cbb2c456f5fa56ade52?s=96&d=mm&r=g\",\"caption\":\"elena arranz\"},\"url\":\"https:\/\/empresas.infoempleo.com\/hrtrends\/author\/elena-arranz\/\"}]}<\/script>\n<!-- \/ Yoast SEO plugin. -->","yoast_head_json":{"title":"Los empleados ponen nota a las empresas punteras | HRTRENDS","robots":{"index":"index","follow":"follow","max-snippet":"max-snippet:-1","max-image-preview":"max-image-preview:large","max-video-preview":"max-video-preview:-1"},"canonical":"https:\/\/empresas.infoempleo.com\/hrtrends\/los-empleados-ponen-nota-a-las-empresas-punteras\/","og_locale":"es_ES","og_type":"article","og_title":"Los empleados ponen nota a las empresas punteras | HRTRENDS","og_description":"Como cada a\u00f1o -desde hace nueve- Great Place to Work ha elaborado un listado con las 50 mejores Leer m\u00e1s","og_url":"https:\/\/empresas.infoempleo.com\/hrtrends\/los-empleados-ponen-nota-a-las-empresas-punteras\/","og_site_name":"HRTRENDS","article_publisher":"https:\/\/www.facebook.com\/Infoempleo","article_published_time":"2011-04-25T11:35:23+00:00","article_modified_time":"2024-08-30T11:24:46+00:00","og_image":[{"width":1125,"height":750,"url":"https:\/\/empresas.infoempleo.com\/hrtrends\/media\/2011\/04\/poner-nota.jpeg","type":"image\/jpeg"}],"author":"elena arranz","twitter_card":"summary_large_image","twitter_creator":"@infoempleo","twitter_site":"@infoempleo","twitter_misc":{"Escrito por":"elena arranz","Tiempo de lectura":"4 minutos"},"schema":{"@context":"https:\/\/schema.org","@graph":[{"@type":"NewsArticle","@id":"https:\/\/empresas.infoempleo.com\/hrtrends\/los-empleados-ponen-nota-a-las-empresas-punteras\/#article","isPartOf":{"@id":"https:\/\/empresas.infoempleo.com\/hrtrends\/los-empleados-ponen-nota-a-las-empresas-punteras\/"},"author":{"name":"elena arranz","@id":"https:\/\/empresas.infoempleo.com\/hrtrends\/#\/schema\/person\/f3484d3cdf45b2f3846af4f705ec9730"},"headline":"Los empleados ponen nota a las empresas punteras","datePublished":"2011-04-25T11:35:23+00:00","dateModified":"2024-08-30T11:24:46+00:00","mainEntityOfPage":{"@id":"https:\/\/empresas.infoempleo.com\/hrtrends\/los-empleados-ponen-nota-a-las-empresas-punteras\/"},"wordCount":889,"publisher":{"@id":"https:\/\/empresas.infoempleo.com\/hrtrends\/#organization"},"image":{"@id":"https:\/\/empresas.infoempleo.com\/hrtrends\/los-empleados-ponen-nota-a-las-empresas-punteras\/#primaryimage"},"thumbnailUrl":"https:\/\/empresas.infoempleo.com\/hrtrends\/media\/2011\/04\/poner-nota.jpeg","keywords":["ranking"],"articleSection":["Actualidad"],"inLanguage":"es","copyrightYear":"2011","copyrightHolder":{"@id":"https:\/\/empresas.infoempleo.com\/hrtrends\/#organization"}},{"@type":"WebPage","@id":"https:\/\/empresas.infoempleo.com\/hrtrends\/los-empleados-ponen-nota-a-las-empresas-punteras\/","url":"https:\/\/empresas.infoempleo.com\/hrtrends\/los-empleados-ponen-nota-a-las-empresas-punteras\/","name":"Los empleados ponen nota a las empresas punteras | HRTRENDS","isPartOf":{"@id":"https:\/\/empresas.infoempleo.com\/hrtrends\/#website"},"primaryImageOfPage":{"@id":"https:\/\/empresas.infoempleo.com\/hrtrends\/los-empleados-ponen-nota-a-las-empresas-punteras\/#primaryimage"},"image":{"@id":"https:\/\/empresas.infoempleo.com\/hrtrends\/los-empleados-ponen-nota-a-las-empresas-punteras\/#primaryimage"},"thumbnailUrl":"https:\/\/empresas.infoempleo.com\/hrtrends\/media\/2011\/04\/poner-nota.jpeg","datePublished":"2011-04-25T11:35:23+00:00","dateModified":"2024-08-30T11:24:46+00:00","breadcrumb":{"@id":"https:\/\/empresas.infoempleo.com\/hrtrends\/los-empleados-ponen-nota-a-las-empresas-punteras\/#breadcrumb"},"inLanguage":"es","potentialAction":[{"@type":"ReadAction","target":["https:\/\/empresas.infoempleo.com\/hrtrends\/los-empleados-ponen-nota-a-las-empresas-punteras\/"]}]},{"@type":"ImageObject","inLanguage":"es","@id":"https:\/\/empresas.infoempleo.com\/hrtrends\/los-empleados-ponen-nota-a-las-empresas-punteras\/#primaryimage","url":"https:\/\/empresas.infoempleo.com\/hrtrends\/media\/2011\/04\/poner-nota-150x150.jpeg","contentUrl":"https:\/\/empresas.infoempleo.com\/hrtrends\/media\/2011\/04\/poner-nota-150x150.jpeg","width":150,"height":150,"caption":"Empleados ponen nota a las empresas"},{"@type":"BreadcrumbList","@id":"https:\/\/empresas.infoempleo.com\/hrtrends\/los-empleados-ponen-nota-a-las-empresas-punteras\/#breadcrumb","itemListElement":[{"@type":"ListItem","position":1,"name":"Portada","item":"https:\/\/empresas.infoempleo.com\/hrtrends\/"},{"@type":"ListItem","position":2,"name":"Los empleados ponen nota a las empresas punteras"}]},{"@type":"WebSite","@id":"https:\/\/empresas.infoempleo.com\/hrtrends\/#website","url":"https:\/\/empresas.infoempleo.com\/hrtrends","name":"HRTrends by Infoempleo","description":"","publisher":{"@id":"https:\/\/empresas.infoempleo.com\/hrtrends\/#organization"},"potentialAction":{"@type":"SearchAction","target":"https:\/\/empresas.infoempleo.com\/hrtrends\/?s={search_term_string}","query-input":"required name=search_term_string"},"inLanguage":"es"},{"@type":"Organization","@id":"https:\/\/empresas.infoempleo.com\/hrtrends\/#organization","name":"Infoempleo","url":"https:\/\/www.infoempleo.com\/","logo":{"@type":"ImageObject","@id":"https:\/\/empresas.infoempleo.com\/hrtrends\/#logo","inLanguage":"es","url":"https:\/\/cdnazure.infoempleo.com\/infoempleo\/assets\/style\/gfx\/logo.svg","contentUrl":"https:\/\/cdnazure.infoempleo.com\/infoempleo\/assets\/style\/gfx\/logo.svg","width":150,"height":40,"caption":"Infoempleo"},"image":{"@id":"https:\/\/empresas.infoempleo.com\/hrtrends\/#logo"},"sameAs":["https:\/\/www.facebook.com\/Infoempleo","https:\/\/x.com\/infoempleo","http:\/\/instagram.com\/infoempleo\/","http:\/\/www.linkedin.com\/groups\/Empleo-Espa\u00f1a-Infoempleocom-111276","http:\/\/pinterest.com\/infoempleo\/"],"address":{"@type":"PostalAddress","addressLocality":"Madrid","postalCode":"28050","streetAddress":"Avenida de Burgos 114"},"brand":["Infoempleo"]},{"@type":"Person","@id":"https:\/\/empresas.infoempleo.com\/hrtrends\/#\/schema\/person\/f3484d3cdf45b2f3846af4f705ec9730","name":"elena arranz","image":{"@type":"ImageObject","inLanguage":"es","@id":"https:\/\/empresas.infoempleo.com\/hrtrends\/#\/schema\/person\/image\/","url":"https:\/\/secure.gravatar.com\/avatar\/e3e36e17cc9a2ddafb4e051357b391a9c939bebb4f2f7cbb2c456f5fa56ade52?s=96&d=mm&r=g","contentUrl":"https:\/\/secure.gravatar.com\/avatar\/e3e36e17cc9a2ddafb4e051357b391a9c939bebb4f2f7cbb2c456f5fa56ade52?s=96&d=mm&r=g","caption":"elena arranz"},"url":"https:\/\/empresas.infoempleo.com\/hrtrends\/author\/elena-arranz\/"}]}},"amp_enabled":true,"_links":{"self":[{"href":"https:\/\/empresas.infoempleo.com\/hrtrends\/wp-json\/wp\/v2\/posts\/12922","targetHints":{"allow":["GET"]}}],"collection":[{"href":"https:\/\/empresas.infoempleo.com\/hrtrends\/wp-json\/wp\/v2\/posts"}],"about":[{"href":"https:\/\/empresas.infoempleo.com\/hrtrends\/wp-json\/wp\/v2\/types\/post"}],"author":[{"embeddable":true,"href":"https:\/\/empresas.infoempleo.com\/hrtrends\/wp-json\/wp\/v2\/users\/62"}],"replies":[{"embeddable":true,"href":"https:\/\/empresas.infoempleo.com\/hrtrends\/wp-json\/wp\/v2\/comments?post=12922"}],"version-history":[{"count":1,"href":"https:\/\/empresas.infoempleo.com\/hrtrends\/wp-json\/wp\/v2\/posts\/12922\/revisions"}],"predecessor-version":[{"id":45582,"href":"https:\/\/empresas.infoempleo.com\/hrtrends\/wp-json\/wp\/v2\/posts\/12922\/revisions\/45582"}],"wp:featuredmedia":[{"embeddable":true,"href":"https:\/\/empresas.infoempleo.com\/hrtrends\/wp-json\/wp\/v2\/media\/29641"}],"wp:attachment":[{"href":"https:\/\/empresas.infoempleo.com\/hrtrends\/wp-json\/wp\/v2\/media?parent=12922"}],"wp:term":[{"taxonomy":"category","embeddable":true,"href":"https:\/\/empresas.infoempleo.com\/hrtrends\/wp-json\/wp\/v2\/categories?post=12922"},{"taxonomy":"post_tag","embeddable":true,"href":"https:\/\/empresas.infoempleo.com\/hrtrends\/wp-json\/wp\/v2\/tags?post=12922"}],"curies":[{"name":"wp","href":"https:\/\/api.w.org\/{rel}","templated":true}]}}