{"id":1282,"date":"2009-06-15T08:32:48","date_gmt":"2009-06-15T07:32:48","guid":{"rendered":"http:\/\/blog.infoempleo.com\/?p=1282"},"modified":"2023-03-13T18:53:08","modified_gmt":"2023-03-13T16:53:08","slug":"el-exito-en-entornos-turbulentos","status":"publish","type":"post","link":"https:\/\/empresas.infoempleo.com\/hrtrends\/el-exito-en-entornos-turbulentos\/","title":{"rendered":"El \u00e9xito en entornos turbulentos"},"content":{"rendered":"<p>&nbsp;<\/p>\n<p><strong>Por Mats Lindgren<\/strong><\/p>\n<p><strong>Autor de &#8216;Scenario Planning&#8217;, CEO de Kairos Future y conferenciante de <a class=\"wp-caption-dd\" title=\"Thinking Heads\" href=\"https:\/\/thinkingheads.com\/\" target=\"_blank\" rel=\"noopener\">Thinking Heads<\/a><\/strong><\/p>\n<p>En los a\u00f1os veinte, la vida media de una empresa de las pertenecientes al Standard &amp; Poor&#8217;s 500 era de 60 \u00f3 70 a\u00f1os. Hoy es de 15. \u00bfPor qu\u00e9 raz\u00f3n? Porque es mucho m\u00e1s dif\u00edcil tener \u00e9xito en los turbulentos e hipercompetitivos mercados actuales.<\/p>\n<p><strong>\u00bfQu\u00e9 hacen, entonces, las compa\u00f1\u00edas de \u00e9xito para dejar atr\u00e1s a la competencia?<\/strong> Los estudios acad\u00e9micos son bastante claros: consiguen el equilibrio crucial entre estabilidad y flexibilidad a trav\u00e9s del pensamiento l\u00fadico y el juego serio. Intentan comprender qu\u00e9 pasa en el mundo exterior, y buscan su camino hacia el futuro a base de experimentaci\u00f3n sistem\u00e1tica.<\/p>\n<p>M\u00e1s espec\u00edficamente, lo que hacen es vincular la comprensi\u00f3n de tendencias con las ideas, la innovaci\u00f3n y los movimientos estrat\u00e9gicos, lo cual les ayuda a convertirse en creadores del futuro.<\/p>\n<p>Nos propusimos en un estudio encontrar los <strong>atributos organizativos de mayor impacto en los entornos m\u00e1s turbulentos<\/strong>, y se estudiaron 25 factores relacionados con la gesti\u00f3n, la estrategia, los procesos, la cultura y la estructura. De entre todos ellos identificamos los siete m\u00e1s relevantes: adaptabilidad; identificaci\u00f3n de oportunidades; an\u00e1lisis de la competencia; dise\u00f1o de la cultura organizativa; enfoque alternativo; conversaci\u00f3n estrat\u00e9gica, y proactividad visionaria.<\/p>\n<p>El m\u00e1s importante es este \u00faltimo, la <strong>proactividad visionaria<\/strong>, que se refiere a una ambici\u00f3n de \u00abcambiar el nombre del juego\u00bb o \u00abdarle forma al futuro\u00bb. Ya en el segundo, tercero, quinto y sexto puesto encontramos actividades relacionadas con el an\u00e1lisis del entorno empresarial, sus oportunidades y posibles movimientos estrat\u00e9gicos. Consecuentemente, las actividades vinculadas al an\u00e1lisis de tendencias son cr\u00edticas para el \u00e9xito a largo plazo.<\/p>\n<p>Adem\u00e1s, otros estudios han mostrado que las organizaciones que sacan el mayor partido al an\u00e1lisis del entorno son aquellas que utilizan un enfoque sistem\u00e1tico y continuo, siguen una estrategia clara para la integraci\u00f3n de los resultados en los planteamientos empresariales, y recurren a una comunicaci\u00f3n sencilla de los resultados.<\/p>\n<p>El futuro apuesta por una orientaci\u00f3n continua e integrada hacia el an\u00e1lisis del contexto empresarial. \u00c9stos son los pasos que podemos seguir <strong>para implantar un \u00absistema de gesti\u00f3n de tendencias\u00bb<\/strong>:<\/p>\n<p><strong>1.<\/strong> Desarrolla hip\u00f3tesis claras sobre las tendencias clave. No consideres demasiados\u00a0 escenarios, de siete a diez son m\u00e1s que suficientes. Dales nombres atractivos.\ufffd<br \/>\n<strong>2.<\/strong> Comunica el mapa de tendencias a los principales accionistas de la organizaci\u00f3n.\ufffd<br \/>\n<strong>3.<\/strong> Utiliza las tendencias como aporte a las ideas, la innovaci\u00f3n y el trabajo de estrategia. Es crucial lograr el v\u00ednculo entre, por un lado, lo que se idea y, por otro, lo que se planea y ejecuta.<br \/>\n<strong>4.<\/strong> Desarrolla un formato que permita tanto el seguimiento continuo de tendencias como la actualizaci\u00f3n anual del mapa de tendencias.<br \/>\n<strong>5.<\/strong> Organiza un comit\u00e9 con especialistas y profesionales de base.<br \/>\n<strong>6.<\/strong> Desarrolla un lenguaje com\u00fan y un conjunto de herramientas para usar en el trabajo. Forma a los principales jugadores en el uso de estas herramientas.<br \/>\n<strong>7.<\/strong> A\u00f1ade investigaciones \u2018ad hoc&#8217; cuando sea necesario para as\u00ed profundizar en la comprensi\u00f3n de \u00e1reas espec\u00edficas, tendencias y problemas.<br \/>\n<strong>8.<\/strong> Resume el trabajo utilizando un formato de f\u00e1cil acceso, un formato para los informes y cifras de apoyo que invite a la gente a usar y explorar los resultados.<br \/>\n<strong>9.<\/strong> Desarrolla plataformas t\u00e9cnicas, sistemas para recolectar, guardar, recuperar y comunicar informaci\u00f3n sobre el entorno empresarial.<\/p>\n<p>&nbsp;<\/p>\n<p>Para m\u00e1s informaci\u00f3n: <a title=\"Web de Thinking Heads\" href=\"https:\/\/thinkingheads.com\/\" target=\"_blank\" rel=\"noopener\">www.thinkingheads.com<\/a><\/p>\n","protected":false},"excerpt":{"rendered":"<p>&nbsp; Por Mats Lindgren Autor de &#8216;Scenario Planning&#8217;, CEO de Kairos Future y conferenciante de Thinking Heads En<a class=\"moretag\" href=\"https:\/\/empresas.infoempleo.com\/hrtrends\/el-exito-en-entornos-turbulentos\/\"> Leer m\u00e1s<\/a><\/p>\n","protected":false},"author":72,"featured_media":29665,"comment_status":"closed","ping_status":"open","sticky":false,"template":"","format":"standard","meta":{"footnotes":""},"categories":[3],"tags":[197,4,198,199],"class_list":["post-1282","post","type-post","status-publish","format-standard","has-post-thumbnail","hentry","category-actualidad","tag-entornos-turbulentos","tag-exito","tag-innovacion","tag-tendencias"],"yoast_head":"<!-- This site is optimized with the Yoast SEO plugin v26.1.1 - https:\/\/yoast.com\/wordpress\/plugins\/seo\/ -->\n<title>El \u00e9xito en entornos turbulentos | HRTRENDS<\/title>\n<meta name=\"robots\" content=\"index, follow, max-snippet:-1, max-image-preview:large, max-video-preview:-1\" \/>\n<link rel=\"canonical\" href=\"https:\/\/empresas.infoempleo.com\/hrtrends\/el-exito-en-entornos-turbulentos\/\" \/>\n<meta property=\"og:locale\" content=\"es_ES\" \/>\n<meta property=\"og:type\" content=\"article\" \/>\n<meta property=\"og:title\" content=\"El \u00e9xito en entornos turbulentos | HRTRENDS\" \/>\n<meta property=\"og:description\" content=\"&nbsp; Por Mats Lindgren Autor de &#8216;Scenario Planning&#8217;, CEO de Kairos Future y conferenciante de Thinking Heads En Leer m\u00e1s\" \/>\n<meta property=\"og:url\" content=\"https:\/\/empresas.infoempleo.com\/hrtrends\/el-exito-en-entornos-turbulentos\/\" \/>\n<meta property=\"og:site_name\" content=\"HRTRENDS\" \/>\n<meta property=\"article:publisher\" content=\"https:\/\/www.facebook.com\/Infoempleo\" \/>\n<meta property=\"article:published_time\" content=\"2009-06-15T07:32:48+00:00\" \/>\n<meta property=\"article:modified_time\" content=\"2023-03-13T16:53:08+00:00\" \/>\n<meta property=\"og:image\" content=\"https:\/\/empresas.infoempleo.com\/hrtrends\/media\/2017\/05\/pexels-photo-205508.jpg\" \/>\n\t<meta property=\"og:image:width\" content=\"1280\" \/>\n\t<meta property=\"og:image:height\" content=\"960\" \/>\n\t<meta property=\"og:image:type\" content=\"image\/jpeg\" \/>\n<meta name=\"author\" content=\"infoempleo\" \/>\n<meta name=\"twitter:card\" content=\"summary_large_image\" \/>\n<meta name=\"twitter:creator\" content=\"@infoempleo\" \/>\n<meta name=\"twitter:site\" content=\"@infoempleo\" \/>\n<meta name=\"twitter:label1\" content=\"Escrito por\" \/>\n\t<meta name=\"twitter:data1\" content=\"infoempleo\" \/>\n\t<meta name=\"twitter:label2\" content=\"Tiempo de lectura\" \/>\n\t<meta name=\"twitter:data2\" content=\"3 minutos\" \/>\n<script type=\"application\/ld+json\" class=\"yoast-schema-graph\">{\"@context\":\"https:\/\/schema.org\",\"@graph\":[{\"@type\":\"NewsArticle\",\"@id\":\"https:\/\/empresas.infoempleo.com\/hrtrends\/el-exito-en-entornos-turbulentos\/#article\",\"isPartOf\":{\"@id\":\"https:\/\/empresas.infoempleo.com\/hrtrends\/el-exito-en-entornos-turbulentos\/\"},\"author\":{\"name\":\"infoempleo\",\"@id\":\"https:\/\/empresas.infoempleo.com\/hrtrends\/#\/schema\/person\/67d3e276ffcc8b3ae0ebec816daf775a\"},\"headline\":\"El \u00e9xito en entornos turbulentos\",\"datePublished\":\"2009-06-15T07:32:48+00:00\",\"dateModified\":\"2023-03-13T16:53:08+00:00\",\"mainEntityOfPage\":{\"@id\":\"https:\/\/empresas.infoempleo.com\/hrtrends\/el-exito-en-entornos-turbulentos\/\"},\"wordCount\":605,\"publisher\":{\"@id\":\"https:\/\/empresas.infoempleo.com\/hrtrends\/#organization\"},\"image\":{\"@id\":\"https:\/\/empresas.infoempleo.com\/hrtrends\/el-exito-en-entornos-turbulentos\/#primaryimage\"},\"thumbnailUrl\":\"https:\/\/empresas.infoempleo.com\/hrtrends\/media\/2017\/05\/pexels-photo-205508.jpg\",\"keywords\":[\"entornos turbulentos\",\"\u00e9xito\",\"innovaci\u00f3n\",\"tendencias\"],\"articleSection\":[\"Actualidad\"],\"inLanguage\":\"es\",\"copyrightYear\":\"2009\",\"copyrightHolder\":{\"@id\":\"https:\/\/empresas.infoempleo.com\/hrtrends\/#organization\"}},{\"@type\":\"WebPage\",\"@id\":\"https:\/\/empresas.infoempleo.com\/hrtrends\/el-exito-en-entornos-turbulentos\/\",\"url\":\"https:\/\/empresas.infoempleo.com\/hrtrends\/el-exito-en-entornos-turbulentos\/\",\"name\":\"El \u00e9xito en entornos turbulentos | HRTRENDS\",\"isPartOf\":{\"@id\":\"https:\/\/empresas.infoempleo.com\/hrtrends\/#website\"},\"primaryImageOfPage\":{\"@id\":\"https:\/\/empresas.infoempleo.com\/hrtrends\/el-exito-en-entornos-turbulentos\/#primaryimage\"},\"image\":{\"@id\":\"https:\/\/empresas.infoempleo.com\/hrtrends\/el-exito-en-entornos-turbulentos\/#primaryimage\"},\"thumbnailUrl\":\"https:\/\/empresas.infoempleo.com\/hrtrends\/media\/2017\/05\/pexels-photo-205508.jpg\",\"datePublished\":\"2009-06-15T07:32:48+00:00\",\"dateModified\":\"2023-03-13T16:53:08+00:00\",\"breadcrumb\":{\"@id\":\"https:\/\/empresas.infoempleo.com\/hrtrends\/el-exito-en-entornos-turbulentos\/#breadcrumb\"},\"inLanguage\":\"es\",\"potentialAction\":[{\"@type\":\"ReadAction\",\"target\":[\"https:\/\/empresas.infoempleo.com\/hrtrends\/el-exito-en-entornos-turbulentos\/\"]}]},{\"@type\":\"ImageObject\",\"inLanguage\":\"es\",\"@id\":\"https:\/\/empresas.infoempleo.com\/hrtrends\/el-exito-en-entornos-turbulentos\/#primaryimage\",\"url\":\"https:\/\/empresas.infoempleo.com\/hrtrends\/media\/2017\/05\/pexels-photo-205508-150x150.jpg\",\"contentUrl\":\"https:\/\/empresas.infoempleo.com\/hrtrends\/media\/2017\/05\/pexels-photo-205508-150x150.jpg\",\"width\":150,\"height\":150},{\"@type\":\"BreadcrumbList\",\"@id\":\"https:\/\/empresas.infoempleo.com\/hrtrends\/el-exito-en-entornos-turbulentos\/#breadcrumb\",\"itemListElement\":[{\"@type\":\"ListItem\",\"position\":1,\"name\":\"Portada\",\"item\":\"https:\/\/empresas.infoempleo.com\/hrtrends\/\"},{\"@type\":\"ListItem\",\"position\":2,\"name\":\"El \u00e9xito en entornos turbulentos\"}]},{\"@type\":\"WebSite\",\"@id\":\"https:\/\/empresas.infoempleo.com\/hrtrends\/#website\",\"url\":\"https:\/\/empresas.infoempleo.com\/hrtrends\",\"name\":\"HRTrends by Infoempleo\",\"description\":\"\",\"publisher\":{\"@id\":\"https:\/\/empresas.infoempleo.com\/hrtrends\/#organization\"},\"potentialAction\":{\"@type\":\"SearchAction\",\"target\":\"https:\/\/empresas.infoempleo.com\/hrtrends\/?s={search_term_string}\",\"query-input\":\"required name=search_term_string\"},\"inLanguage\":\"es\"},{\"@type\":\"Organization\",\"@id\":\"https:\/\/empresas.infoempleo.com\/hrtrends\/#organization\",\"name\":\"Infoempleo\",\"url\":\"https:\/\/www.infoempleo.com\/\",\"logo\":{\"@type\":\"ImageObject\",\"@id\":\"https:\/\/empresas.infoempleo.com\/hrtrends\/#logo\",\"inLanguage\":\"es\",\"url\":\"https:\/\/cdnazure.infoempleo.com\/infoempleo\/assets\/style\/gfx\/logo.svg\",\"contentUrl\":\"https:\/\/cdnazure.infoempleo.com\/infoempleo\/assets\/style\/gfx\/logo.svg\",\"width\":150,\"height\":40,\"caption\":\"Infoempleo\"},\"image\":{\"@id\":\"https:\/\/empresas.infoempleo.com\/hrtrends\/#logo\"},\"sameAs\":[\"https:\/\/www.facebook.com\/Infoempleo\",\"https:\/\/x.com\/infoempleo\",\"http:\/\/instagram.com\/infoempleo\/\",\"http:\/\/www.linkedin.com\/groups\/Empleo-Espa\u00f1a-Infoempleocom-111276\",\"http:\/\/pinterest.com\/infoempleo\/\"],\"address\":{\"@type\":\"PostalAddress\",\"addressLocality\":\"Madrid\",\"postalCode\":\"28050\",\"streetAddress\":\"Avenida de Burgos 114\"},\"brand\":[\"Infoempleo\"]},{\"@type\":\"Person\",\"@id\":\"https:\/\/empresas.infoempleo.com\/hrtrends\/#\/schema\/person\/67d3e276ffcc8b3ae0ebec816daf775a\",\"name\":\"infoempleo\",\"image\":{\"@type\":\"ImageObject\",\"inLanguage\":\"es\",\"@id\":\"https:\/\/empresas.infoempleo.com\/hrtrends\/#\/schema\/person\/image\/\",\"url\":\"https:\/\/secure.gravatar.com\/avatar\/7b437777242fe67d2473c2a818da2344692d1ee91e91080ccffbd97bcd4a0975?s=96&d=mm&r=g\",\"contentUrl\":\"https:\/\/secure.gravatar.com\/avatar\/7b437777242fe67d2473c2a818da2344692d1ee91e91080ccffbd97bcd4a0975?s=96&d=mm&r=g\",\"caption\":\"infoempleo\"},\"url\":\"https:\/\/empresas.infoempleo.com\/hrtrends\/author\/infoempleo\/\"}]}<\/script>\n<!-- \/ Yoast SEO plugin. -->","yoast_head_json":{"title":"El \u00e9xito en entornos turbulentos | HRTRENDS","robots":{"index":"index","follow":"follow","max-snippet":"max-snippet:-1","max-image-preview":"max-image-preview:large","max-video-preview":"max-video-preview:-1"},"canonical":"https:\/\/empresas.infoempleo.com\/hrtrends\/el-exito-en-entornos-turbulentos\/","og_locale":"es_ES","og_type":"article","og_title":"El \u00e9xito en entornos turbulentos | HRTRENDS","og_description":"&nbsp; Por Mats Lindgren Autor de &#8216;Scenario Planning&#8217;, CEO de Kairos Future y conferenciante de Thinking Heads En Leer m\u00e1s","og_url":"https:\/\/empresas.infoempleo.com\/hrtrends\/el-exito-en-entornos-turbulentos\/","og_site_name":"HRTRENDS","article_publisher":"https:\/\/www.facebook.com\/Infoempleo","article_published_time":"2009-06-15T07:32:48+00:00","article_modified_time":"2023-03-13T16:53:08+00:00","og_image":[{"width":1280,"height":960,"url":"https:\/\/empresas.infoempleo.com\/hrtrends\/media\/2017\/05\/pexels-photo-205508.jpg","type":"image\/jpeg"}],"author":"infoempleo","twitter_card":"summary_large_image","twitter_creator":"@infoempleo","twitter_site":"@infoempleo","twitter_misc":{"Escrito por":"infoempleo","Tiempo de lectura":"3 minutos"},"schema":{"@context":"https:\/\/schema.org","@graph":[{"@type":"NewsArticle","@id":"https:\/\/empresas.infoempleo.com\/hrtrends\/el-exito-en-entornos-turbulentos\/#article","isPartOf":{"@id":"https:\/\/empresas.infoempleo.com\/hrtrends\/el-exito-en-entornos-turbulentos\/"},"author":{"name":"infoempleo","@id":"https:\/\/empresas.infoempleo.com\/hrtrends\/#\/schema\/person\/67d3e276ffcc8b3ae0ebec816daf775a"},"headline":"El \u00e9xito en entornos turbulentos","datePublished":"2009-06-15T07:32:48+00:00","dateModified":"2023-03-13T16:53:08+00:00","mainEntityOfPage":{"@id":"https:\/\/empresas.infoempleo.com\/hrtrends\/el-exito-en-entornos-turbulentos\/"},"wordCount":605,"publisher":{"@id":"https:\/\/empresas.infoempleo.com\/hrtrends\/#organization"},"image":{"@id":"https:\/\/empresas.infoempleo.com\/hrtrends\/el-exito-en-entornos-turbulentos\/#primaryimage"},"thumbnailUrl":"https:\/\/empresas.infoempleo.com\/hrtrends\/media\/2017\/05\/pexels-photo-205508.jpg","keywords":["entornos turbulentos","\u00e9xito","innovaci\u00f3n","tendencias"],"articleSection":["Actualidad"],"inLanguage":"es","copyrightYear":"2009","copyrightHolder":{"@id":"https:\/\/empresas.infoempleo.com\/hrtrends\/#organization"}},{"@type":"WebPage","@id":"https:\/\/empresas.infoempleo.com\/hrtrends\/el-exito-en-entornos-turbulentos\/","url":"https:\/\/empresas.infoempleo.com\/hrtrends\/el-exito-en-entornos-turbulentos\/","name":"El \u00e9xito en entornos turbulentos | HRTRENDS","isPartOf":{"@id":"https:\/\/empresas.infoempleo.com\/hrtrends\/#website"},"primaryImageOfPage":{"@id":"https:\/\/empresas.infoempleo.com\/hrtrends\/el-exito-en-entornos-turbulentos\/#primaryimage"},"image":{"@id":"https:\/\/empresas.infoempleo.com\/hrtrends\/el-exito-en-entornos-turbulentos\/#primaryimage"},"thumbnailUrl":"https:\/\/empresas.infoempleo.com\/hrtrends\/media\/2017\/05\/pexels-photo-205508.jpg","datePublished":"2009-06-15T07:32:48+00:00","dateModified":"2023-03-13T16:53:08+00:00","breadcrumb":{"@id":"https:\/\/empresas.infoempleo.com\/hrtrends\/el-exito-en-entornos-turbulentos\/#breadcrumb"},"inLanguage":"es","potentialAction":[{"@type":"ReadAction","target":["https:\/\/empresas.infoempleo.com\/hrtrends\/el-exito-en-entornos-turbulentos\/"]}]},{"@type":"ImageObject","inLanguage":"es","@id":"https:\/\/empresas.infoempleo.com\/hrtrends\/el-exito-en-entornos-turbulentos\/#primaryimage","url":"https:\/\/empresas.infoempleo.com\/hrtrends\/media\/2017\/05\/pexels-photo-205508-150x150.jpg","contentUrl":"https:\/\/empresas.infoempleo.com\/hrtrends\/media\/2017\/05\/pexels-photo-205508-150x150.jpg","width":150,"height":150},{"@type":"BreadcrumbList","@id":"https:\/\/empresas.infoempleo.com\/hrtrends\/el-exito-en-entornos-turbulentos\/#breadcrumb","itemListElement":[{"@type":"ListItem","position":1,"name":"Portada","item":"https:\/\/empresas.infoempleo.com\/hrtrends\/"},{"@type":"ListItem","position":2,"name":"El \u00e9xito en entornos turbulentos"}]},{"@type":"WebSite","@id":"https:\/\/empresas.infoempleo.com\/hrtrends\/#website","url":"https:\/\/empresas.infoempleo.com\/hrtrends","name":"HRTrends by Infoempleo","description":"","publisher":{"@id":"https:\/\/empresas.infoempleo.com\/hrtrends\/#organization"},"potentialAction":{"@type":"SearchAction","target":"https:\/\/empresas.infoempleo.com\/hrtrends\/?s={search_term_string}","query-input":"required name=search_term_string"},"inLanguage":"es"},{"@type":"Organization","@id":"https:\/\/empresas.infoempleo.com\/hrtrends\/#organization","name":"Infoempleo","url":"https:\/\/www.infoempleo.com\/","logo":{"@type":"ImageObject","@id":"https:\/\/empresas.infoempleo.com\/hrtrends\/#logo","inLanguage":"es","url":"https:\/\/cdnazure.infoempleo.com\/infoempleo\/assets\/style\/gfx\/logo.svg","contentUrl":"https:\/\/cdnazure.infoempleo.com\/infoempleo\/assets\/style\/gfx\/logo.svg","width":150,"height":40,"caption":"Infoempleo"},"image":{"@id":"https:\/\/empresas.infoempleo.com\/hrtrends\/#logo"},"sameAs":["https:\/\/www.facebook.com\/Infoempleo","https:\/\/x.com\/infoempleo","http:\/\/instagram.com\/infoempleo\/","http:\/\/www.linkedin.com\/groups\/Empleo-Espa\u00f1a-Infoempleocom-111276","http:\/\/pinterest.com\/infoempleo\/"],"address":{"@type":"PostalAddress","addressLocality":"Madrid","postalCode":"28050","streetAddress":"Avenida de Burgos 114"},"brand":["Infoempleo"]},{"@type":"Person","@id":"https:\/\/empresas.infoempleo.com\/hrtrends\/#\/schema\/person\/67d3e276ffcc8b3ae0ebec816daf775a","name":"infoempleo","image":{"@type":"ImageObject","inLanguage":"es","@id":"https:\/\/empresas.infoempleo.com\/hrtrends\/#\/schema\/person\/image\/","url":"https:\/\/secure.gravatar.com\/avatar\/7b437777242fe67d2473c2a818da2344692d1ee91e91080ccffbd97bcd4a0975?s=96&d=mm&r=g","contentUrl":"https:\/\/secure.gravatar.com\/avatar\/7b437777242fe67d2473c2a818da2344692d1ee91e91080ccffbd97bcd4a0975?s=96&d=mm&r=g","caption":"infoempleo"},"url":"https:\/\/empresas.infoempleo.com\/hrtrends\/author\/infoempleo\/"}]}},"amp_enabled":true,"_links":{"self":[{"href":"https:\/\/empresas.infoempleo.com\/hrtrends\/wp-json\/wp\/v2\/posts\/1282","targetHints":{"allow":["GET"]}}],"collection":[{"href":"https:\/\/empresas.infoempleo.com\/hrtrends\/wp-json\/wp\/v2\/posts"}],"about":[{"href":"https:\/\/empresas.infoempleo.com\/hrtrends\/wp-json\/wp\/v2\/types\/post"}],"author":[{"embeddable":true,"href":"https:\/\/empresas.infoempleo.com\/hrtrends\/wp-json\/wp\/v2\/users\/72"}],"replies":[{"embeddable":true,"href":"https:\/\/empresas.infoempleo.com\/hrtrends\/wp-json\/wp\/v2\/comments?post=1282"}],"version-history":[{"count":3,"href":"https:\/\/empresas.infoempleo.com\/hrtrends\/wp-json\/wp\/v2\/posts\/1282\/revisions"}],"predecessor-version":[{"id":42772,"href":"https:\/\/empresas.infoempleo.com\/hrtrends\/wp-json\/wp\/v2\/posts\/1282\/revisions\/42772"}],"wp:featuredmedia":[{"embeddable":true,"href":"https:\/\/empresas.infoempleo.com\/hrtrends\/wp-json\/wp\/v2\/media\/29665"}],"wp:attachment":[{"href":"https:\/\/empresas.infoempleo.com\/hrtrends\/wp-json\/wp\/v2\/media?parent=1282"}],"wp:term":[{"taxonomy":"category","embeddable":true,"href":"https:\/\/empresas.infoempleo.com\/hrtrends\/wp-json\/wp\/v2\/categories?post=1282"},{"taxonomy":"post_tag","embeddable":true,"href":"https:\/\/empresas.infoempleo.com\/hrtrends\/wp-json\/wp\/v2\/tags?post=1282"}],"curies":[{"name":"wp","href":"https:\/\/api.w.org\/{rel}","templated":true}]}}