{"id":12785,"date":"2011-04-05T11:36:34","date_gmt":"2011-04-05T10:36:34","guid":{"rendered":"http:\/\/blog.infoempleo.com\/?p=12785"},"modified":"2022-10-31T10:32:52","modified_gmt":"2022-10-31T08:32:52","slug":"crear-comunidad-es-crear-empleo","status":"publish","type":"post","link":"https:\/\/empresas.infoempleo.com\/hrtrends\/crear-comunidad-es-crear-empleo\/","title":{"rendered":"Crear comunidad es crear #empleo"},"content":{"rendered":"<p>Las cosas suceden, de una manera u otra.<\/p>\n<p>Las redes sociales est\u00e1n cambiando nuestra forma de interactuar entre nosotros. La forma de relacionarnos. Pero sobre todo la forma en que se mueven las comunidades.<\/p>\n<p>No hace mucho, publicar art\u00edculos en muy concretas revistas de prestigio significaba, para quien lo hac\u00eda, reputaci\u00f3n y renombre. Exist\u00edan convenciones mundiales en las que se propiciaba la reuni\u00f3n de las mentes m\u00e1s privilegiadas para hablar de temas de importancia mundial. Que en muchos casos llevaban a la soluci\u00f3n de problemas creados muchas d\u00e9cadas atr\u00e1s.<\/p>\n<p>Hoy, las redes sociales facilitan y favorecen una comunicaci\u00f3n inmediata. Son canales abiertos a los que cualquiera puede tener acceso, y de las que se puede obtener informaci\u00f3n, digamos, privilegiada, al instante.<\/p>\n<p>La importancia de la informaci\u00f3n, pero sobre todo del acceso a la informaci\u00f3n de primera mano, es crucial. Y m\u00e1s cuando hablamos de un per\u00edodo en los que la incertidumbre por encontrar un puesto de trabajo es perentoria. Recordad que no hace mucho tiempo atr\u00e1s le\u00edamos las ofertas de empleo en los suplementos dominicales satinados de rosa de los medios de comunicaci\u00f3n, o acud\u00edamos a los semanarios de anuncios por palabras. Incluso la fuerza de portales de internet como el de <a href=\"https:\/\/www.infoempleo.com\/\" target=\"_blank\" rel=\"noopener noreferrer\">Infoempleo.com<\/a> era sobresaliente. De hecho, m\u00e1s de uno empezamos a descubrir Internet de la mano de estos sitios de ofertas de empleo generalistas.<\/p>\n<p>Las redes sociales significan acceso a la informaci\u00f3n. Un derecho m\u00e1s manejado por los periodistas, pero de igual importancia para todo el mundo. Las redes sociales son personas que interact\u00faan, que se cuentan sus cosas, que intercambian informaci\u00f3n de primera mano, o mediante el <strong><em>boca a oreja<\/em><\/strong>. En un futuro no muy lejano este dicho carecer\u00e1 de sentido, porque su verdadero valor se encontraba entre <strong><em>tweet y retweet<\/em><\/strong>.<\/p>\n<h3>Los inicios<\/h3>\n<p>Para quienes no saben usar alguna de estas redes, su manejo no pasa por ser desconocido. En su simplicidad reside su \u00e9xito. A poco que busquemos alguna cosa, siempre hay alguien que ha escrito sobre el tema, ha hecho alguna menci\u00f3n, o ha incluido alguna informaci\u00f3n al respecto. La brevedad y la concisi\u00f3n de un mensaje adquieren su sentido m\u00e1ximo en la potencia de una palabra precedida de un s\u00edmbolo, que inmediatamente se identifica con un enlace de b\u00fasqueda, y en el acompa\u00f1amiento de un direcci\u00f3n web carente por completo de sentido por s\u00ed misma.<\/p>\n<p>Quienes leen un tweet con informaci\u00f3n por primera vez, suelen encontrarse con palabras precedidas de almohadillas (<strong>#<\/strong>), y direcciones web que parece que no llevan a ninguna parte reconocible a primera instancia. Porque se acortan hasta dejarlas en su m\u00ednima expresi\u00f3n<ins cite=\"mailto:asanudo\" datetime=\"2011-04-05T11:35\">,<\/ins> de modo que no resten importancia al contenido del mensaje que se quiere transmitir en los 115 caracteres restantes.<\/p>\n<p>Pero lo m\u00e1s importante de todo esto no es otra cosa que las comunidades o grupos de gente af\u00edn que se crean en derredor a determinados temas o contenidos. El dinero no es el motor del mundo, sino el gusto por algo. Y siempre que llegamos a alg\u00fan sitio, empezamos a sondear el lugar y buscamos aquello que nos es m\u00e1s de nuestro agrado: bien sean tendencias ideol\u00f3gicas, formas de expresi\u00f3n, el <em>look<\/em> de determinadas personas\u2026 Nos relacionamos con aquello que nos identifica. Con aquello que nos define.<\/p>\n<p>En las redes sociales pasa tres cuartos de lo mismo. Nos iniciamos en ellas por una determinada raz\u00f3n. Buceamos, indagamos, aprendemos y nos manejamos tratando de encontrar a aquellas personas que puedan servirnos de gu\u00eda y de ejemplo en ese extra\u00f1o periplo por el mundo virtual.<\/p>\n<p>Si tenemos la suerte de que alguna de esas personas desconocidas se fije en nosotros, la acomodamos en el papel de mentor o maestro. Alguien a quien acudimos siempre que podemos para obtener ayuda, consuelo y consejo.<\/p>\n<p>Pero la verdadera fuerza de nuestro \u00e9xito reside en lo que contamos en esa red social. Y no me refiero tanto al hecho de hablar de nosotros mismos, de nuestras necesidades, de nuestras esperanzas\u2026<\/p>\n<p>Hablo de las sinergias que generamos cuando enviamos al ciberespacio ciento cuarenta caracteres cargados de vida y de sensaciones. Esto sucede cuando nos envalentonamos y les pedimos a todos quienes nos siguen (sinceramente, la mayor\u00eda de ellos todos unos aut\u00e9nticos desconocidos) ayuda para encontrar un #trabajo o un #empleo, en el que destacamos nuestros puntos fuertes o \u00e1reas de inter\u00e9s.<\/p>\n<p>\u00bfHar\u00edamos lo mismo en un cine, ante menos gente, pero todos iguales de desconocidos? \u00bfAnunciar\u00edamos nuestra necesidad de encontrar empleo? Creo que no. Y seguramente el grado de \u00e9xito de obtener un trabajo ser\u00eda mayor, ya que todos los que all\u00ed se encontraran ser\u00edan personas de la misma localidad.<\/p>\n<p>No es tanto el ser an\u00f3nimos lo que da fuerza a las redes sociales, sino el hecho de su universalidad y accesibilidad. Que cualquiera en un momento determinado y muy concreto puede leer nuestro mensaje y contactar con nosotros para ofrecernos algo. Eso s\u00f3lo puede pasar cuando nuestro grupo de gente al que pertenecemos hace uni\u00f3n y viraliza, da a conocer a sus seguidores respectivos, el mensaje original.<\/p>\n<p>El valor de un <strong><em>tweet<\/em><\/strong> adquiere su m\u00e1ximo exponente en el <strong><em>retweet<\/em><\/strong>, que no es otra cosa que la difusi\u00f3n de un mensaje por parte de muchos, pero tal cual lo acu\u00f1\u00f3 su creador.<\/p>\n<h3>Su utilidad en la b\u00fasqueda de empleo<\/h3>\n<p>En lo que al #empleo se refiere, el valor de las redes sociales estriba aqu\u00ed. Porque permite que muchos desconocidos entren en contacto entre s\u00ed y complementen sus necesidades laborales. Las concilien. El que busca, por el que necesita. El que se ofrece por el que pensaba que no era necesario contar con un profesional de ese tipo.<\/p>\n<p>Y sobre todo, la enorme cantidad de mensajes de empresas, usuarios y portales de empleo que proliferan a diario por la red. Todas reunidas en un mismo sitio. Y si no est\u00e1n ah\u00ed, siempre hay alguien que empieza el <em>corre-ve-y-dile<\/em> y hace correr la voz.<\/p>\n<p>Antes, en los pueblos, en los medios rurales, el vocero era el portavoz de buenas y de malas noticias. Hoy, las redes sociales se alzan como miles de mensajeros alados que portan noticias de todas partes. Pero lo m\u00e1s significativo es que tenemos acceso a dichas informaciones al instante.<\/p>\n<p>Cuando hablo de crear comunidad es porque tengo la convicci\u00f3n de que es tan importante pedir como ofrecer. Y para que lo que digas sea tenido en cuenta es necesario, <strong>siempre<\/strong>, compartir informaci\u00f3n similar a la que deseas encontrar. Esto es. Si partimos del caso en que estamos buscando trabajo en una determinada \u00e1rea, en un lugar concreto, focalizaremos nuestra b\u00fasqueda de mensajes en ese sentido. Pero tambi\u00e9n al tipo de usuarios al que seguir y a quienes seguiremos.<\/p>\n<p>Pero esto no quita que cuando a nuestros <strong><em>tweets<\/em><\/strong> llegue una informaci\u00f3n relevante, de \u00edndole parecida, pero que a nosotros no nos interese, debe ser <em>retuiteado<\/em> para que el resto tenga acceso a dicha informaci\u00f3n.<\/p>\n<p>Es m\u00e1s importante hacerte notar y que sepan de ti quienes te siguen. Habitualmente, cuando alguien me sigue, suelo recibir un mensaje de correo en mi buz\u00f3n que me avisa de ello. Cuando tengo tiempo, me suelo tomar un rato en contestar de manera individual a cada uno de ellos inform\u00e1ndoles de qui\u00e9n soy, y qu\u00e9 van a poder encontrar en mi l\u00ednea de tiempo. En mis mensajes. De esta forma, cada una de las personas que entra en contacto conmigo sabe para qu\u00e9 estoy en las redes sociales y qu\u00e9 espero de ellas.<\/p>\n<p>En mi caso particular, utilizo descaradamente mensajes abiertos para hacer menciones de bienvenida. En estos mensajes personalizados, y en funci\u00f3n de los perfiles a los que respondo, suelo dar rienda suelta a mi creatividad para presentarles profesionalmente qu\u00e9 hago, o para animarles a contar conmigo, libre y abiertamente, si necesitan a alguna persona de mi perfil profesional.<\/p>\n<p>Con ello consigo dos cosas. La primera, tener un detalle y dar a conocer a esa persona al resto de mis lectores. La segunda (y <strong><em>FUNDAMENTAL<\/em><\/strong>) les estoy recordando a todos ellos cu\u00e1les son mis intereses y en qu\u00e9 podr\u00eda estar trabajando ahora mismo.<\/p>\n<p>Si adem\u00e1s unimos el hecho de que un porcentaje elevado de mensajes son informaciones sobre aquello que nos interesa, por ejemplo, el env\u00edo de ofertas de empleo, empezaremos a captar la atenci\u00f3n de mucha gente que empezar\u00e1 a seguirnos. Y que actuar\u00e1 de la misma manera que nosotros.<\/p>\n<p>En cinco palabras: sembramos para recoger m\u00e1s tarde.<\/p>\n<p><a href=\"https:\/\/twitter.com\/AntoniovChanal\" target=\"_blank\" rel=\"noopener noreferrer\">@AntonioVChanal<br \/>\n<\/a><strong>Coach y Formador<\/strong><!-- AKPC_IDS += \"12268,\"; \/\/ --><\/p>\n","protected":false},"excerpt":{"rendered":"<p>Las cosas suceden, de una manera u otra. Las redes sociales est\u00e1n cambiando nuestra forma de interactuar entre<a class=\"moretag\" href=\"https:\/\/empresas.infoempleo.com\/hrtrends\/crear-comunidad-es-crear-empleo\/\"> Leer m\u00e1s<\/a><\/p>\n","protected":false},"author":49,"featured_media":29700,"comment_status":"closed","ping_status":"open","sticky":false,"template":"","format":"standard","meta":{"footnotes":""},"categories":[3],"tags":[2262,162,26,37],"class_list":["post-12785","post","type-post","status-publish","format-standard","has-post-thumbnail","hentry","category-actualidad","tag-busqueda-de-empleo","tag-empleo","tag-redes-sociales","tag-trabajo"],"yoast_head":"<!-- This site is optimized with the Yoast SEO plugin v26.1.1 - https:\/\/yoast.com\/wordpress\/plugins\/seo\/ -->\n<title>Crear comunidad es crear #empleo | HRTRENDS<\/title>\n<meta name=\"robots\" content=\"index, follow, max-snippet:-1, max-image-preview:large, max-video-preview:-1\" \/>\n<link rel=\"canonical\" href=\"https:\/\/empresas.infoempleo.com\/hrtrends\/crear-comunidad-es-crear-empleo\/\" \/>\n<meta property=\"og:locale\" content=\"es_ES\" \/>\n<meta property=\"og:type\" content=\"article\" \/>\n<meta property=\"og:title\" content=\"Crear comunidad es crear #empleo | HRTRENDS\" \/>\n<meta property=\"og:description\" content=\"Las cosas suceden, de una manera u otra. Las redes sociales est\u00e1n cambiando nuestra forma de interactuar entre Leer m\u00e1s\" \/>\n<meta property=\"og:url\" content=\"https:\/\/empresas.infoempleo.com\/hrtrends\/crear-comunidad-es-crear-empleo\/\" \/>\n<meta property=\"og:site_name\" content=\"HRTRENDS\" \/>\n<meta property=\"article:publisher\" content=\"https:\/\/www.facebook.com\/Infoempleo\" \/>\n<meta property=\"article:published_time\" content=\"2011-04-05T10:36:34+00:00\" \/>\n<meta property=\"article:modified_time\" content=\"2022-10-31T08:32:52+00:00\" \/>\n<meta property=\"og:image\" content=\"https:\/\/empresas.infoempleo.com\/hrtrends\/media\/2011\/04\/pexels-photo.jpg\" \/>\n\t<meta property=\"og:image:width\" content=\"940\" \/>\n\t<meta property=\"og:image:height\" content=\"628\" \/>\n\t<meta property=\"og:image:type\" content=\"image\/jpeg\" \/>\n<meta name=\"author\" content=\"antonio vallejo\" \/>\n<meta name=\"twitter:card\" content=\"summary_large_image\" \/>\n<meta name=\"twitter:creator\" content=\"@infoempleo\" \/>\n<meta name=\"twitter:site\" content=\"@infoempleo\" \/>\n<meta name=\"twitter:label1\" content=\"Escrito por\" \/>\n\t<meta name=\"twitter:data1\" content=\"antonio vallejo\" \/>\n\t<meta name=\"twitter:label2\" content=\"Tiempo de lectura\" \/>\n\t<meta name=\"twitter:data2\" content=\"7 minutos\" \/>\n<script type=\"application\/ld+json\" class=\"yoast-schema-graph\">{\"@context\":\"https:\/\/schema.org\",\"@graph\":[{\"@type\":\"NewsArticle\",\"@id\":\"https:\/\/empresas.infoempleo.com\/hrtrends\/crear-comunidad-es-crear-empleo\/#article\",\"isPartOf\":{\"@id\":\"https:\/\/empresas.infoempleo.com\/hrtrends\/crear-comunidad-es-crear-empleo\/\"},\"author\":{\"name\":\"antonio vallejo\",\"@id\":\"https:\/\/empresas.infoempleo.com\/hrtrends\/#\/schema\/person\/9bc89e3819d56720c9fba63ae9d827f3\"},\"headline\":\"Crear comunidad es crear #empleo\",\"datePublished\":\"2011-04-05T10:36:34+00:00\",\"dateModified\":\"2022-10-31T08:32:52+00:00\",\"mainEntityOfPage\":{\"@id\":\"https:\/\/empresas.infoempleo.com\/hrtrends\/crear-comunidad-es-crear-empleo\/\"},\"wordCount\":1476,\"publisher\":{\"@id\":\"https:\/\/empresas.infoempleo.com\/hrtrends\/#organization\"},\"image\":{\"@id\":\"https:\/\/empresas.infoempleo.com\/hrtrends\/crear-comunidad-es-crear-empleo\/#primaryimage\"},\"thumbnailUrl\":\"https:\/\/empresas.infoempleo.com\/hrtrends\/media\/2011\/04\/pexels-photo.jpg\",\"keywords\":[\"b\u00fasqueda de empleo\",\"Empleo\",\"redes sociales\",\"trabajo\"],\"articleSection\":[\"Actualidad\"],\"inLanguage\":\"es\",\"copyrightYear\":\"2011\",\"copyrightHolder\":{\"@id\":\"https:\/\/empresas.infoempleo.com\/hrtrends\/#organization\"}},{\"@type\":\"WebPage\",\"@id\":\"https:\/\/empresas.infoempleo.com\/hrtrends\/crear-comunidad-es-crear-empleo\/\",\"url\":\"https:\/\/empresas.infoempleo.com\/hrtrends\/crear-comunidad-es-crear-empleo\/\",\"name\":\"Crear comunidad es crear #empleo | HRTRENDS\",\"isPartOf\":{\"@id\":\"https:\/\/empresas.infoempleo.com\/hrtrends\/#website\"},\"primaryImageOfPage\":{\"@id\":\"https:\/\/empresas.infoempleo.com\/hrtrends\/crear-comunidad-es-crear-empleo\/#primaryimage\"},\"image\":{\"@id\":\"https:\/\/empresas.infoempleo.com\/hrtrends\/crear-comunidad-es-crear-empleo\/#primaryimage\"},\"thumbnailUrl\":\"https:\/\/empresas.infoempleo.com\/hrtrends\/media\/2011\/04\/pexels-photo.jpg\",\"datePublished\":\"2011-04-05T10:36:34+00:00\",\"dateModified\":\"2022-10-31T08:32:52+00:00\",\"breadcrumb\":{\"@id\":\"https:\/\/empresas.infoempleo.com\/hrtrends\/crear-comunidad-es-crear-empleo\/#breadcrumb\"},\"inLanguage\":\"es\",\"potentialAction\":[{\"@type\":\"ReadAction\",\"target\":[\"https:\/\/empresas.infoempleo.com\/hrtrends\/crear-comunidad-es-crear-empleo\/\"]}]},{\"@type\":\"ImageObject\",\"inLanguage\":\"es\",\"@id\":\"https:\/\/empresas.infoempleo.com\/hrtrends\/crear-comunidad-es-crear-empleo\/#primaryimage\",\"url\":\"https:\/\/empresas.infoempleo.com\/hrtrends\/media\/2011\/04\/pexels-photo-150x150.jpg\",\"contentUrl\":\"https:\/\/empresas.infoempleo.com\/hrtrends\/media\/2011\/04\/pexels-photo-150x150.jpg\",\"width\":150,\"height\":150,\"caption\":\"C\u00f3mo crear empleo\"},{\"@type\":\"BreadcrumbList\",\"@id\":\"https:\/\/empresas.infoempleo.com\/hrtrends\/crear-comunidad-es-crear-empleo\/#breadcrumb\",\"itemListElement\":[{\"@type\":\"ListItem\",\"position\":1,\"name\":\"Portada\",\"item\":\"https:\/\/empresas.infoempleo.com\/hrtrends\/\"},{\"@type\":\"ListItem\",\"position\":2,\"name\":\"Crear comunidad es crear #empleo\"}]},{\"@type\":\"WebSite\",\"@id\":\"https:\/\/empresas.infoempleo.com\/hrtrends\/#website\",\"url\":\"https:\/\/empresas.infoempleo.com\/hrtrends\",\"name\":\"HRTrends by Infoempleo\",\"description\":\"\",\"publisher\":{\"@id\":\"https:\/\/empresas.infoempleo.com\/hrtrends\/#organization\"},\"potentialAction\":{\"@type\":\"SearchAction\",\"target\":\"https:\/\/empresas.infoempleo.com\/hrtrends\/?s={search_term_string}\",\"query-input\":\"required name=search_term_string\"},\"inLanguage\":\"es\"},{\"@type\":\"Organization\",\"@id\":\"https:\/\/empresas.infoempleo.com\/hrtrends\/#organization\",\"name\":\"Infoempleo\",\"url\":\"https:\/\/www.infoempleo.com\/\",\"logo\":{\"@type\":\"ImageObject\",\"@id\":\"https:\/\/empresas.infoempleo.com\/hrtrends\/#logo\",\"inLanguage\":\"es\",\"url\":\"https:\/\/cdnazure.infoempleo.com\/infoempleo\/assets\/style\/gfx\/logo.svg\",\"contentUrl\":\"https:\/\/cdnazure.infoempleo.com\/infoempleo\/assets\/style\/gfx\/logo.svg\",\"width\":150,\"height\":40,\"caption\":\"Infoempleo\"},\"image\":{\"@id\":\"https:\/\/empresas.infoempleo.com\/hrtrends\/#logo\"},\"sameAs\":[\"https:\/\/www.facebook.com\/Infoempleo\",\"https:\/\/x.com\/infoempleo\",\"http:\/\/instagram.com\/infoempleo\/\",\"http:\/\/www.linkedin.com\/groups\/Empleo-Espa\u00f1a-Infoempleocom-111276\",\"http:\/\/pinterest.com\/infoempleo\/\"],\"address\":{\"@type\":\"PostalAddress\",\"addressLocality\":\"Madrid\",\"postalCode\":\"28050\",\"streetAddress\":\"Avenida de Burgos 114\"},\"brand\":[\"Infoempleo\"]},{\"@type\":\"Person\",\"@id\":\"https:\/\/empresas.infoempleo.com\/hrtrends\/#\/schema\/person\/9bc89e3819d56720c9fba63ae9d827f3\",\"name\":\"antonio vallejo\",\"image\":{\"@type\":\"ImageObject\",\"inLanguage\":\"es\",\"@id\":\"https:\/\/empresas.infoempleo.com\/hrtrends\/#\/schema\/person\/image\/\",\"url\":\"https:\/\/secure.gravatar.com\/avatar\/882c28279ae4535d5a62c1e541f84d58ddfb96ce2c2119d0f109a2f3ce461806?s=96&d=mm&r=g\",\"contentUrl\":\"https:\/\/secure.gravatar.com\/avatar\/882c28279ae4535d5a62c1e541f84d58ddfb96ce2c2119d0f109a2f3ce461806?s=96&d=mm&r=g\",\"caption\":\"antonio vallejo\"},\"url\":\"https:\/\/empresas.infoempleo.com\/hrtrends\/author\/antonio-vallejo\/\"}]}<\/script>\n<!-- \/ Yoast SEO plugin. -->","yoast_head_json":{"title":"Crear comunidad es crear #empleo | HRTRENDS","robots":{"index":"index","follow":"follow","max-snippet":"max-snippet:-1","max-image-preview":"max-image-preview:large","max-video-preview":"max-video-preview:-1"},"canonical":"https:\/\/empresas.infoempleo.com\/hrtrends\/crear-comunidad-es-crear-empleo\/","og_locale":"es_ES","og_type":"article","og_title":"Crear comunidad es crear #empleo | HRTRENDS","og_description":"Las cosas suceden, de una manera u otra. Las redes sociales est\u00e1n cambiando nuestra forma de interactuar entre Leer m\u00e1s","og_url":"https:\/\/empresas.infoempleo.com\/hrtrends\/crear-comunidad-es-crear-empleo\/","og_site_name":"HRTRENDS","article_publisher":"https:\/\/www.facebook.com\/Infoempleo","article_published_time":"2011-04-05T10:36:34+00:00","article_modified_time":"2022-10-31T08:32:52+00:00","og_image":[{"width":940,"height":628,"url":"https:\/\/empresas.infoempleo.com\/hrtrends\/media\/2011\/04\/pexels-photo.jpg","type":"image\/jpeg"}],"author":"antonio vallejo","twitter_card":"summary_large_image","twitter_creator":"@infoempleo","twitter_site":"@infoempleo","twitter_misc":{"Escrito por":"antonio vallejo","Tiempo de lectura":"7 minutos"},"schema":{"@context":"https:\/\/schema.org","@graph":[{"@type":"NewsArticle","@id":"https:\/\/empresas.infoempleo.com\/hrtrends\/crear-comunidad-es-crear-empleo\/#article","isPartOf":{"@id":"https:\/\/empresas.infoempleo.com\/hrtrends\/crear-comunidad-es-crear-empleo\/"},"author":{"name":"antonio vallejo","@id":"https:\/\/empresas.infoempleo.com\/hrtrends\/#\/schema\/person\/9bc89e3819d56720c9fba63ae9d827f3"},"headline":"Crear comunidad es crear #empleo","datePublished":"2011-04-05T10:36:34+00:00","dateModified":"2022-10-31T08:32:52+00:00","mainEntityOfPage":{"@id":"https:\/\/empresas.infoempleo.com\/hrtrends\/crear-comunidad-es-crear-empleo\/"},"wordCount":1476,"publisher":{"@id":"https:\/\/empresas.infoempleo.com\/hrtrends\/#organization"},"image":{"@id":"https:\/\/empresas.infoempleo.com\/hrtrends\/crear-comunidad-es-crear-empleo\/#primaryimage"},"thumbnailUrl":"https:\/\/empresas.infoempleo.com\/hrtrends\/media\/2011\/04\/pexels-photo.jpg","keywords":["b\u00fasqueda de empleo","Empleo","redes sociales","trabajo"],"articleSection":["Actualidad"],"inLanguage":"es","copyrightYear":"2011","copyrightHolder":{"@id":"https:\/\/empresas.infoempleo.com\/hrtrends\/#organization"}},{"@type":"WebPage","@id":"https:\/\/empresas.infoempleo.com\/hrtrends\/crear-comunidad-es-crear-empleo\/","url":"https:\/\/empresas.infoempleo.com\/hrtrends\/crear-comunidad-es-crear-empleo\/","name":"Crear comunidad es crear #empleo | HRTRENDS","isPartOf":{"@id":"https:\/\/empresas.infoempleo.com\/hrtrends\/#website"},"primaryImageOfPage":{"@id":"https:\/\/empresas.infoempleo.com\/hrtrends\/crear-comunidad-es-crear-empleo\/#primaryimage"},"image":{"@id":"https:\/\/empresas.infoempleo.com\/hrtrends\/crear-comunidad-es-crear-empleo\/#primaryimage"},"thumbnailUrl":"https:\/\/empresas.infoempleo.com\/hrtrends\/media\/2011\/04\/pexels-photo.jpg","datePublished":"2011-04-05T10:36:34+00:00","dateModified":"2022-10-31T08:32:52+00:00","breadcrumb":{"@id":"https:\/\/empresas.infoempleo.com\/hrtrends\/crear-comunidad-es-crear-empleo\/#breadcrumb"},"inLanguage":"es","potentialAction":[{"@type":"ReadAction","target":["https:\/\/empresas.infoempleo.com\/hrtrends\/crear-comunidad-es-crear-empleo\/"]}]},{"@type":"ImageObject","inLanguage":"es","@id":"https:\/\/empresas.infoempleo.com\/hrtrends\/crear-comunidad-es-crear-empleo\/#primaryimage","url":"https:\/\/empresas.infoempleo.com\/hrtrends\/media\/2011\/04\/pexels-photo-150x150.jpg","contentUrl":"https:\/\/empresas.infoempleo.com\/hrtrends\/media\/2011\/04\/pexels-photo-150x150.jpg","width":150,"height":150,"caption":"C\u00f3mo crear empleo"},{"@type":"BreadcrumbList","@id":"https:\/\/empresas.infoempleo.com\/hrtrends\/crear-comunidad-es-crear-empleo\/#breadcrumb","itemListElement":[{"@type":"ListItem","position":1,"name":"Portada","item":"https:\/\/empresas.infoempleo.com\/hrtrends\/"},{"@type":"ListItem","position":2,"name":"Crear comunidad es crear #empleo"}]},{"@type":"WebSite","@id":"https:\/\/empresas.infoempleo.com\/hrtrends\/#website","url":"https:\/\/empresas.infoempleo.com\/hrtrends","name":"HRTrends by Infoempleo","description":"","publisher":{"@id":"https:\/\/empresas.infoempleo.com\/hrtrends\/#organization"},"potentialAction":{"@type":"SearchAction","target":"https:\/\/empresas.infoempleo.com\/hrtrends\/?s={search_term_string}","query-input":"required name=search_term_string"},"inLanguage":"es"},{"@type":"Organization","@id":"https:\/\/empresas.infoempleo.com\/hrtrends\/#organization","name":"Infoempleo","url":"https:\/\/www.infoempleo.com\/","logo":{"@type":"ImageObject","@id":"https:\/\/empresas.infoempleo.com\/hrtrends\/#logo","inLanguage":"es","url":"https:\/\/cdnazure.infoempleo.com\/infoempleo\/assets\/style\/gfx\/logo.svg","contentUrl":"https:\/\/cdnazure.infoempleo.com\/infoempleo\/assets\/style\/gfx\/logo.svg","width":150,"height":40,"caption":"Infoempleo"},"image":{"@id":"https:\/\/empresas.infoempleo.com\/hrtrends\/#logo"},"sameAs":["https:\/\/www.facebook.com\/Infoempleo","https:\/\/x.com\/infoempleo","http:\/\/instagram.com\/infoempleo\/","http:\/\/www.linkedin.com\/groups\/Empleo-Espa\u00f1a-Infoempleocom-111276","http:\/\/pinterest.com\/infoempleo\/"],"address":{"@type":"PostalAddress","addressLocality":"Madrid","postalCode":"28050","streetAddress":"Avenida de Burgos 114"},"brand":["Infoempleo"]},{"@type":"Person","@id":"https:\/\/empresas.infoempleo.com\/hrtrends\/#\/schema\/person\/9bc89e3819d56720c9fba63ae9d827f3","name":"antonio vallejo","image":{"@type":"ImageObject","inLanguage":"es","@id":"https:\/\/empresas.infoempleo.com\/hrtrends\/#\/schema\/person\/image\/","url":"https:\/\/secure.gravatar.com\/avatar\/882c28279ae4535d5a62c1e541f84d58ddfb96ce2c2119d0f109a2f3ce461806?s=96&d=mm&r=g","contentUrl":"https:\/\/secure.gravatar.com\/avatar\/882c28279ae4535d5a62c1e541f84d58ddfb96ce2c2119d0f109a2f3ce461806?s=96&d=mm&r=g","caption":"antonio vallejo"},"url":"https:\/\/empresas.infoempleo.com\/hrtrends\/author\/antonio-vallejo\/"}]}},"amp_enabled":true,"_links":{"self":[{"href":"https:\/\/empresas.infoempleo.com\/hrtrends\/wp-json\/wp\/v2\/posts\/12785","targetHints":{"allow":["GET"]}}],"collection":[{"href":"https:\/\/empresas.infoempleo.com\/hrtrends\/wp-json\/wp\/v2\/posts"}],"about":[{"href":"https:\/\/empresas.infoempleo.com\/hrtrends\/wp-json\/wp\/v2\/types\/post"}],"author":[{"embeddable":true,"href":"https:\/\/empresas.infoempleo.com\/hrtrends\/wp-json\/wp\/v2\/users\/49"}],"replies":[{"embeddable":true,"href":"https:\/\/empresas.infoempleo.com\/hrtrends\/wp-json\/wp\/v2\/comments?post=12785"}],"version-history":[{"count":1,"href":"https:\/\/empresas.infoempleo.com\/hrtrends\/wp-json\/wp\/v2\/posts\/12785\/revisions"}],"predecessor-version":[{"id":41402,"href":"https:\/\/empresas.infoempleo.com\/hrtrends\/wp-json\/wp\/v2\/posts\/12785\/revisions\/41402"}],"wp:featuredmedia":[{"embeddable":true,"href":"https:\/\/empresas.infoempleo.com\/hrtrends\/wp-json\/wp\/v2\/media\/29700"}],"wp:attachment":[{"href":"https:\/\/empresas.infoempleo.com\/hrtrends\/wp-json\/wp\/v2\/media?parent=12785"}],"wp:term":[{"taxonomy":"category","embeddable":true,"href":"https:\/\/empresas.infoempleo.com\/hrtrends\/wp-json\/wp\/v2\/categories?post=12785"},{"taxonomy":"post_tag","embeddable":true,"href":"https:\/\/empresas.infoempleo.com\/hrtrends\/wp-json\/wp\/v2\/tags?post=12785"}],"curies":[{"name":"wp","href":"https:\/\/api.w.org\/{rel}","templated":true}]}}