{"id":12716,"date":"2011-03-31T11:41:09","date_gmt":"2011-03-31T10:41:09","guid":{"rendered":"http:\/\/blog.infoempleo.com\/?p=12716"},"modified":"2025-02-27T18:56:08","modified_gmt":"2025-02-27T16:56:08","slug":"salidas-al-empleo-las-redes-sociales-para-novatos-viralizar-y-dinamizar","status":"publish","type":"post","link":"https:\/\/empresas.infoempleo.com\/hrtrends\/salidas-al-empleo-las-redes-sociales-para-novatos-viralizar-y-dinamizar\/","title":{"rendered":"Salidas al #empleo &#8211; Las redes sociales para novatos: Viralizar y dinamizar"},"content":{"rendered":"<p>Las cosas suceden, de una manera u otra.<\/p>\n<p>A veces nos encontramos por azar con alguna cosa que nos llama la atenci\u00f3n. La observamos, la analizamos y si le perdemos el miedo, primero la cogemos, para luego terminar us\u00e1ndola como si de algo que siempre ha sido nuestro, se tratara.<\/p>\n<p>Con las redes sociales pasa un poco lo mismo. Estos tres \u00faltimos d\u00edas he estado impartiendo un curso de redes sociales <em>in-company<\/em> a una empresa de Valencia. Seis han sido las personas interesadas en recibirlo. Seis del mismo grupo de empresas. Todos ellos j\u00f3venes pero sobradamente preparados. Expertos en cada una de sus \u00e1reas de acometida. Y todos ellos convencidos de que es necesario ampliar conocimientos y actualizar los existentes para afrontar los retos del ma\u00f1ana.<\/p>\n<p>A ra\u00edz de mis diferentes comentarios sobre el tema en mis redes sociales, sobre todo de Twitter, me he encontrado con comentarios de algunas personas interesadas en conocer hasta qu\u00e9 punto es conveniente hacer un curso de estas caracter\u00edsticas, pero sobre todo, qu\u00e9 tipo de conocimientos se adquieren.<\/p>\n<p>De hecho, durante una de las jornadas del mismo, uno de los alumnos que trabaja en el departamento de marketing, se interesaba por conocer la forma en que los contenidos deben de ser utilizados en las redes sociales. Sobre todo, porque lo que les interesa a las empresas es la venta \u2013su fin \u00faltimo- y l\u00f3gicamente, hacia ello han de dirigir sus intenciones.<\/p>\n<p>Siempre he defendido que las redes sociales son comunidades en las que las personas se relacionan con las personas. Las empresas pasan a un segundo plano. O en todo caso, deben de asumir la p\u00e9rdida de su papel como empresa, y asumir un nuevo rol de acompa\u00f1amiento de sus seguidores.<\/p>\n<p>Para ello, es vital que lo que se diga y se haga en las redes sociales genere opini\u00f3n. Pero sobre todo corriente de opini\u00f3n.<\/p>\n<p>Cuando en nuestro caso pretendemos darnos a conocer como profesionales m\u00e1s o menos cualificados, que tratamos de dar a conocer nuestros parabienes t\u00e9cnicos, hemos de hacer algo similar.<\/p>\n<p>Aunque suene extra\u00f1o, debemos asumir que nuestro curr\u00edculo es un producto que tenemos que colocar en el mercado. Hemos de asumir que de lo que queremos hablar no es de nuestra experiencia, de nuestros conocimientos o de lo maravillosos que somos haciendo esto o aquello. No. Hemos de ponernos en el caso de qu\u00e9 har\u00edamos para vender una manzana a un propietario de un huerto de manzanas (tela marinera con el reto). \u00c9ste es un ejercicio que suele proponerse en algunas din\u00e1micas de grupo de cursos de publicidad para ver la capacidad de reacci\u00f3n, de creatividad y de imaginaci\u00f3n que tienen los participantes.<\/p>\n<p>As\u00ed que, hay que pensar muy bien c\u00f3mo vamos a hacerlo. Y de igual manera hemos de pensar para colocar nuestro curr\u00edculo.<\/p>\n<p>Con las redes sociales es un poco m\u00e1s sencillo sabiendo manejar dos conceptos que, aunque suenen raros, son bastante simples de comprender.<\/p>\n<p>La viralizaci\u00f3n viene a ser el ejercicio de extender el \u00e1mbito de influencia o de inter\u00e9s de nuestro curr\u00edculo mediante acciones indirectas. Ser\u00eda parecido a lo que hace un virus cuando infecta un sistema (al cuerpo humano o a un ordenador). Se trata, ni m\u00e1s ni menos, de no hablar directamente de \u00e9l, ni de que estemos ante una b\u00fasqueda activa de empleo (todo el tiempo). Y para ello, hablemos de lo que hemos hecho en nuestros puestos de trabajo antiguos, y usemos palabras clave precisas y relacionadas con nuestro objetivo.<\/p>\n<h3>Para un trabajador cualificado<\/h3>\n<p>Por ejemplo, un operario de una cadena de montaje, que a lo largo de 25 a\u00f1os s\u00f3lo (o principalmente) ha desarrollado ese tipo de actividad, tiene una experiencia colosal pero \u00fanica en cuanto a especificidad. Si adem\u00e1s ha manejado alg\u00fan tipo de maquinaria, en Twitter debiera de escribir algo similar a reflexiones del tipo \u201c<strong>La protecci\u00f3n en el uso de maquinaria es vital para el trabajador #prl #empleo #buenaspracticas<\/strong>\u201d y un enlace a una p\u00e1gina web donde se encuentre su curr\u00edculo. En esa frase, si no me equivoco, hay 95 caracteres con espacios, m\u00e1s los 25 (26 con el espacio) de la direcci\u00f3n del curr\u00edculo, no superan los 140 que Twitter permite.<\/p>\n<p>Y continuar en esa l\u00ednea, siempre hablando de su experiencia, pero sin mencionar que la busca. No todo el tiempo al menos. Con eso lo que consigue es labrarse una reputaci\u00f3n en esa red, primero, porque se sobre entiende del mismo que quien lo ha escrito respeta ante todo la seguridad en el trabajo y respeta a la empresa. Y, segundo, su mensaje, cargado de toda la raz\u00f3n del mundo, ser\u00e1 tenido en cuenta y retuiteado por empresas de recursos humanos, le\u00eddo con atenci\u00f3n por todos.<\/p>\n<p>Observad que las etiquetas se han marcado en #buenaspracticas\u00a0 #prl (prevenci\u00f3n de riesgos laborales) y #empleo. Con lo que adem\u00e1s estoy\u00a0 favoreciendo que se me asocie con estos elementos. En definitiva, quien lea este curr\u00edculo lo asociar\u00e1 al trabajador que sabe lo que es la prevenci\u00f3n laboral y que la pone en pr\u00e1ctica.<\/p>\n<h3>Para un profesional cualificado<\/h3>\n<p>En el caso de una periodista con m\u00e1s de 15 a\u00f1os de experiencia en el campo de la edici\u00f3n de contenidos diarios, en la secci\u00f3n local de cualquier medio escrito, que ahora busque trabajo, no es muy diferente la cosa. Cuenta con la habilidad de poder sintetizar el lenguaje, y de utilizarlo a su conveniencia. Eso es una ventaja. Entiendo que durante todo este tiempo debe de contar con un amplio abanico de relaciones profesionales que le pueden abrir muchas puertas. Aunque ahora le cueste hacerlo para encontrar una nueva oportunidad.<\/p>\n<p>En su caso (se me ocurre a bote pronto) podr\u00eda utilizar algo as\u00ed como \u201c<strong>Lo m\u00e1s importante de la #comunicaci\u00f3n no es lo que escribes sino para qui\u00e9n lo haces. #empleo<\/strong>\u201d y nuestra url a nuestro perfil en LinkedIn. Tenemos 93 espacios m\u00e1s los 26 del enlace. De sobra para lo que necesita Twitter.<\/p>\n<p>Con ese mensaje dejamos claro que sabes de lo que hablas, que tu campo es la comunicaci\u00f3n, que conoces y diferencias perfiles\u2026 y que buscas empleo. Y de igual modo, sirves de referencia a quien te lea, se te reconoce como alguien que sabe de lo que habla, y cuando accedan a tu curr\u00edculo completar\u00e1n la informaci\u00f3n con la que aportes en el perfil de LinkedIn o de tu cuenta de <a href=\"https:\/\/www.infoempleo.com\/\" target=\"_blank\" rel=\"noopener noreferrer\">Infoempleo<\/a>.<\/p>\n<p>En cualquiera de los dos casos, la intencionalidad es clara. No enga\u00f1amos a nadie. Aunque tampoco decimos toda la verdad. Somos veraces. Consecuentes con lo que decimos, y cuando se lee lo que hay en el enlace, se descubre la intencionalidad.<\/p>\n<p>Lo ideal no es abusar de este tipo de mec\u00e1nicas. Pero s\u00ed que es aconsejable utilizarlas de cuando en cuando, incluyendo en ellas nuestro curr\u00edculo profesional. En resto de las veces (la mayor\u00eda de ellas) debi\u00e9ramos de hacer lo mismo, y hablar de lo mismo, pero sin que se redirija a dicho documento. \u00danicamente, escribir para dirigirnos a una audiencia que nos espera expectante.<\/p>\n<p>Eso, s\u00ed, incluir en el perfil de nuestra red social un enlace a ese sitio web en el que alojamos el curr\u00edculum.<\/p>\n<p>Siempre digo que, en l\u00edneas generales, nuestro perfil tiene que asumir el papel de la personalidad online que queremos tener. Y esa no tiene que ser en ning\u00fan caso (eso creo yo) la de una persona que busca empleo, sino la de un profesional cualificado que est\u00e1 a la espera de incorporarse, y que, mientras tanto, ilustra al resto de la audiencia con sus conocimientos. Por muy escasos, vagos y generales que sean.<\/p>\n<p>Nadie es menos por tener un empleo de menor reputaci\u00f3n que el resto. Todos somos \u00fatiles a la sociedad en la medida en que se requiere de nuestro esfuerzo para desempe\u00f1ar un trabajo. Las calles no estar\u00edan limpias sin la an\u00f3nima labor de los barrenderos que despiertan al sol a escobazos. Y la mayor\u00eda de nosotros no podr\u00eda disfrutar de un coche sin la mon\u00f3tona tarea que realizan quienes van a tres turnos de siete horas.<\/p>\n<p>Cada uno tiene su sitio. Y todos, su momento.<\/p>\n<p>Las redes sociales pueden servirnos para ganarnos un trocito de cielo. Aunque \u00e9ste sea virtual (Twitter es azul y tiene sus nubes).<\/p>\n<p><a href=\"https:\/\/twitter.com\/AntoniovChanal\" target=\"_blank\" rel=\"noopener noreferrer\">@AntonioVChanal<br \/>\n<\/a><strong>Coach y Formador<\/strong><!-- AKPC_IDS += \"12268,\"; \/\/ --><\/p>\n","protected":false},"excerpt":{"rendered":"<p>Las cosas suceden, de una manera u otra. A veces nos encontramos por azar con alguna cosa que<a class=\"moretag\" href=\"https:\/\/empresas.infoempleo.com\/hrtrends\/salidas-al-empleo-las-redes-sociales-para-novatos-viralizar-y-dinamizar\/\"> Leer m\u00e1s<\/a><\/p>\n","protected":false},"author":49,"featured_media":29706,"comment_status":"closed","ping_status":"open","sticky":false,"template":"","format":"standard","meta":{"footnotes":""},"categories":[3],"tags":[2262,2300,162,26,37],"class_list":["post-12716","post","type-post","status-publish","format-standard","has-post-thumbnail","hentry","category-actualidad","tag-busqueda-de-empleo","tag-cv","tag-empleo","tag-redes-sociales","tag-trabajo"],"yoast_head":"<!-- This site is optimized with the Yoast SEO plugin v26.1.1 - https:\/\/yoast.com\/wordpress\/plugins\/seo\/ -->\n<title>Salidas al #empleo - Las redes sociales para novatos: Viralizar y dinamizar | HRTRENDS<\/title>\n<meta name=\"robots\" content=\"index, follow, max-snippet:-1, max-image-preview:large, max-video-preview:-1\" \/>\n<link rel=\"canonical\" href=\"https:\/\/empresas.infoempleo.com\/hrtrends\/salidas-al-empleo-las-redes-sociales-para-novatos-viralizar-y-dinamizar\/\" \/>\n<meta property=\"og:locale\" content=\"es_ES\" \/>\n<meta property=\"og:type\" content=\"article\" \/>\n<meta property=\"og:title\" content=\"Salidas al #empleo - Las redes sociales para novatos: Viralizar y dinamizar | HRTRENDS\" \/>\n<meta property=\"og:description\" content=\"Las cosas suceden, de una manera u otra. A veces nos encontramos por azar con alguna cosa que Leer m\u00e1s\" \/>\n<meta property=\"og:url\" content=\"https:\/\/empresas.infoempleo.com\/hrtrends\/salidas-al-empleo-las-redes-sociales-para-novatos-viralizar-y-dinamizar\/\" \/>\n<meta property=\"og:site_name\" content=\"HRTRENDS\" \/>\n<meta property=\"article:publisher\" content=\"https:\/\/www.facebook.com\/Infoempleo\" \/>\n<meta property=\"article:published_time\" content=\"2011-03-31T10:41:09+00:00\" \/>\n<meta property=\"article:modified_time\" content=\"2025-02-27T16:56:08+00:00\" \/>\n<meta property=\"og:image\" content=\"https:\/\/empresas.infoempleo.com\/hrtrends\/media\/2011\/03\/ThinkstockPhotos-587520418.jpg\" \/>\n\t<meta property=\"og:image:width\" content=\"1280\" \/>\n\t<meta property=\"og:image:height\" content=\"841\" \/>\n\t<meta property=\"og:image:type\" content=\"image\/jpeg\" \/>\n<meta name=\"author\" content=\"antonio vallejo\" \/>\n<meta name=\"twitter:card\" content=\"summary_large_image\" \/>\n<meta name=\"twitter:creator\" content=\"@infoempleo\" \/>\n<meta name=\"twitter:site\" content=\"@infoempleo\" \/>\n<meta name=\"twitter:label1\" content=\"Escrito por\" \/>\n\t<meta name=\"twitter:data1\" content=\"antonio vallejo\" \/>\n\t<meta name=\"twitter:label2\" content=\"Tiempo de lectura\" \/>\n\t<meta name=\"twitter:data2\" content=\"7 minutos\" \/>\n<script type=\"application\/ld+json\" class=\"yoast-schema-graph\">{\"@context\":\"https:\/\/schema.org\",\"@graph\":[{\"@type\":\"NewsArticle\",\"@id\":\"https:\/\/empresas.infoempleo.com\/hrtrends\/salidas-al-empleo-las-redes-sociales-para-novatos-viralizar-y-dinamizar\/#article\",\"isPartOf\":{\"@id\":\"https:\/\/empresas.infoempleo.com\/hrtrends\/salidas-al-empleo-las-redes-sociales-para-novatos-viralizar-y-dinamizar\/\"},\"author\":{\"name\":\"antonio vallejo\",\"@id\":\"https:\/\/empresas.infoempleo.com\/hrtrends\/#\/schema\/person\/9bc89e3819d56720c9fba63ae9d827f3\"},\"headline\":\"Salidas al #empleo &#8211; Las redes sociales para novatos: Viralizar y dinamizar\",\"datePublished\":\"2011-03-31T10:41:09+00:00\",\"dateModified\":\"2025-02-27T16:56:08+00:00\",\"mainEntityOfPage\":{\"@id\":\"https:\/\/empresas.infoempleo.com\/hrtrends\/salidas-al-empleo-las-redes-sociales-para-novatos-viralizar-y-dinamizar\/\"},\"wordCount\":1445,\"publisher\":{\"@id\":\"https:\/\/empresas.infoempleo.com\/hrtrends\/#organization\"},\"image\":{\"@id\":\"https:\/\/empresas.infoempleo.com\/hrtrends\/salidas-al-empleo-las-redes-sociales-para-novatos-viralizar-y-dinamizar\/#primaryimage\"},\"thumbnailUrl\":\"https:\/\/empresas.infoempleo.com\/hrtrends\/media\/2011\/03\/ThinkstockPhotos-587520418.jpg\",\"keywords\":[\"b\u00fasqueda de empleo\",\"CV\",\"Empleo\",\"redes sociales\",\"trabajo\"],\"articleSection\":[\"Actualidad\"],\"inLanguage\":\"es\",\"copyrightYear\":\"2011\",\"copyrightHolder\":{\"@id\":\"https:\/\/empresas.infoempleo.com\/hrtrends\/#organization\"}},{\"@type\":\"WebPage\",\"@id\":\"https:\/\/empresas.infoempleo.com\/hrtrends\/salidas-al-empleo-las-redes-sociales-para-novatos-viralizar-y-dinamizar\/\",\"url\":\"https:\/\/empresas.infoempleo.com\/hrtrends\/salidas-al-empleo-las-redes-sociales-para-novatos-viralizar-y-dinamizar\/\",\"name\":\"Salidas al #empleo - Las redes sociales para novatos: Viralizar y dinamizar | HRTRENDS\",\"isPartOf\":{\"@id\":\"https:\/\/empresas.infoempleo.com\/hrtrends\/#website\"},\"primaryImageOfPage\":{\"@id\":\"https:\/\/empresas.infoempleo.com\/hrtrends\/salidas-al-empleo-las-redes-sociales-para-novatos-viralizar-y-dinamizar\/#primaryimage\"},\"image\":{\"@id\":\"https:\/\/empresas.infoempleo.com\/hrtrends\/salidas-al-empleo-las-redes-sociales-para-novatos-viralizar-y-dinamizar\/#primaryimage\"},\"thumbnailUrl\":\"https:\/\/empresas.infoempleo.com\/hrtrends\/media\/2011\/03\/ThinkstockPhotos-587520418.jpg\",\"datePublished\":\"2011-03-31T10:41:09+00:00\",\"dateModified\":\"2025-02-27T16:56:08+00:00\",\"breadcrumb\":{\"@id\":\"https:\/\/empresas.infoempleo.com\/hrtrends\/salidas-al-empleo-las-redes-sociales-para-novatos-viralizar-y-dinamizar\/#breadcrumb\"},\"inLanguage\":\"es\",\"potentialAction\":[{\"@type\":\"ReadAction\",\"target\":[\"https:\/\/empresas.infoempleo.com\/hrtrends\/salidas-al-empleo-las-redes-sociales-para-novatos-viralizar-y-dinamizar\/\"]}]},{\"@type\":\"ImageObject\",\"inLanguage\":\"es\",\"@id\":\"https:\/\/empresas.infoempleo.com\/hrtrends\/salidas-al-empleo-las-redes-sociales-para-novatos-viralizar-y-dinamizar\/#primaryimage\",\"url\":\"https:\/\/empresas.infoempleo.com\/hrtrends\/media\/2011\/03\/ThinkstockPhotos-587520418-150x150.jpg\",\"contentUrl\":\"https:\/\/empresas.infoempleo.com\/hrtrends\/media\/2011\/03\/ThinkstockPhotos-587520418-150x150.jpg\",\"width\":150,\"height\":150,\"caption\":\"Novatos y redes sociales\"},{\"@type\":\"BreadcrumbList\",\"@id\":\"https:\/\/empresas.infoempleo.com\/hrtrends\/salidas-al-empleo-las-redes-sociales-para-novatos-viralizar-y-dinamizar\/#breadcrumb\",\"itemListElement\":[{\"@type\":\"ListItem\",\"position\":1,\"name\":\"Portada\",\"item\":\"https:\/\/empresas.infoempleo.com\/hrtrends\/\"},{\"@type\":\"ListItem\",\"position\":2,\"name\":\"Salidas al #empleo &#8211; Las redes sociales para novatos: Viralizar y dinamizar\"}]},{\"@type\":\"WebSite\",\"@id\":\"https:\/\/empresas.infoempleo.com\/hrtrends\/#website\",\"url\":\"https:\/\/empresas.infoempleo.com\/hrtrends\",\"name\":\"HRTrends by Infoempleo\",\"description\":\"\",\"publisher\":{\"@id\":\"https:\/\/empresas.infoempleo.com\/hrtrends\/#organization\"},\"potentialAction\":{\"@type\":\"SearchAction\",\"target\":\"https:\/\/empresas.infoempleo.com\/hrtrends\/?s={search_term_string}\",\"query-input\":\"required name=search_term_string\"},\"inLanguage\":\"es\"},{\"@type\":\"Organization\",\"@id\":\"https:\/\/empresas.infoempleo.com\/hrtrends\/#organization\",\"name\":\"Infoempleo\",\"url\":\"https:\/\/www.infoempleo.com\/\",\"logo\":{\"@type\":\"ImageObject\",\"@id\":\"https:\/\/empresas.infoempleo.com\/hrtrends\/#logo\",\"inLanguage\":\"es\",\"url\":\"https:\/\/cdnazure.infoempleo.com\/infoempleo\/assets\/style\/gfx\/logo.svg\",\"contentUrl\":\"https:\/\/cdnazure.infoempleo.com\/infoempleo\/assets\/style\/gfx\/logo.svg\",\"width\":150,\"height\":40,\"caption\":\"Infoempleo\"},\"image\":{\"@id\":\"https:\/\/empresas.infoempleo.com\/hrtrends\/#logo\"},\"sameAs\":[\"https:\/\/www.facebook.com\/Infoempleo\",\"https:\/\/x.com\/infoempleo\",\"http:\/\/instagram.com\/infoempleo\/\",\"http:\/\/www.linkedin.com\/groups\/Empleo-Espa\u00f1a-Infoempleocom-111276\",\"http:\/\/pinterest.com\/infoempleo\/\"],\"address\":{\"@type\":\"PostalAddress\",\"addressLocality\":\"Madrid\",\"postalCode\":\"28050\",\"streetAddress\":\"Avenida de Burgos 114\"},\"brand\":[\"Infoempleo\"]},{\"@type\":\"Person\",\"@id\":\"https:\/\/empresas.infoempleo.com\/hrtrends\/#\/schema\/person\/9bc89e3819d56720c9fba63ae9d827f3\",\"name\":\"antonio vallejo\",\"image\":{\"@type\":\"ImageObject\",\"inLanguage\":\"es\",\"@id\":\"https:\/\/empresas.infoempleo.com\/hrtrends\/#\/schema\/person\/image\/\",\"url\":\"https:\/\/secure.gravatar.com\/avatar\/882c28279ae4535d5a62c1e541f84d58ddfb96ce2c2119d0f109a2f3ce461806?s=96&d=mm&r=g\",\"contentUrl\":\"https:\/\/secure.gravatar.com\/avatar\/882c28279ae4535d5a62c1e541f84d58ddfb96ce2c2119d0f109a2f3ce461806?s=96&d=mm&r=g\",\"caption\":\"antonio vallejo\"},\"url\":\"https:\/\/empresas.infoempleo.com\/hrtrends\/author\/antonio-vallejo\/\"}]}<\/script>\n<!-- \/ Yoast SEO plugin. -->","yoast_head_json":{"title":"Salidas al #empleo - Las redes sociales para novatos: Viralizar y dinamizar | HRTRENDS","robots":{"index":"index","follow":"follow","max-snippet":"max-snippet:-1","max-image-preview":"max-image-preview:large","max-video-preview":"max-video-preview:-1"},"canonical":"https:\/\/empresas.infoempleo.com\/hrtrends\/salidas-al-empleo-las-redes-sociales-para-novatos-viralizar-y-dinamizar\/","og_locale":"es_ES","og_type":"article","og_title":"Salidas al #empleo - Las redes sociales para novatos: Viralizar y dinamizar | HRTRENDS","og_description":"Las cosas suceden, de una manera u otra. A veces nos encontramos por azar con alguna cosa que Leer m\u00e1s","og_url":"https:\/\/empresas.infoempleo.com\/hrtrends\/salidas-al-empleo-las-redes-sociales-para-novatos-viralizar-y-dinamizar\/","og_site_name":"HRTRENDS","article_publisher":"https:\/\/www.facebook.com\/Infoempleo","article_published_time":"2011-03-31T10:41:09+00:00","article_modified_time":"2025-02-27T16:56:08+00:00","og_image":[{"width":1280,"height":841,"url":"https:\/\/empresas.infoempleo.com\/hrtrends\/media\/2011\/03\/ThinkstockPhotos-587520418.jpg","type":"image\/jpeg"}],"author":"antonio vallejo","twitter_card":"summary_large_image","twitter_creator":"@infoempleo","twitter_site":"@infoempleo","twitter_misc":{"Escrito por":"antonio vallejo","Tiempo de lectura":"7 minutos"},"schema":{"@context":"https:\/\/schema.org","@graph":[{"@type":"NewsArticle","@id":"https:\/\/empresas.infoempleo.com\/hrtrends\/salidas-al-empleo-las-redes-sociales-para-novatos-viralizar-y-dinamizar\/#article","isPartOf":{"@id":"https:\/\/empresas.infoempleo.com\/hrtrends\/salidas-al-empleo-las-redes-sociales-para-novatos-viralizar-y-dinamizar\/"},"author":{"name":"antonio vallejo","@id":"https:\/\/empresas.infoempleo.com\/hrtrends\/#\/schema\/person\/9bc89e3819d56720c9fba63ae9d827f3"},"headline":"Salidas al #empleo &#8211; Las redes sociales para novatos: Viralizar y dinamizar","datePublished":"2011-03-31T10:41:09+00:00","dateModified":"2025-02-27T16:56:08+00:00","mainEntityOfPage":{"@id":"https:\/\/empresas.infoempleo.com\/hrtrends\/salidas-al-empleo-las-redes-sociales-para-novatos-viralizar-y-dinamizar\/"},"wordCount":1445,"publisher":{"@id":"https:\/\/empresas.infoempleo.com\/hrtrends\/#organization"},"image":{"@id":"https:\/\/empresas.infoempleo.com\/hrtrends\/salidas-al-empleo-las-redes-sociales-para-novatos-viralizar-y-dinamizar\/#primaryimage"},"thumbnailUrl":"https:\/\/empresas.infoempleo.com\/hrtrends\/media\/2011\/03\/ThinkstockPhotos-587520418.jpg","keywords":["b\u00fasqueda de empleo","CV","Empleo","redes sociales","trabajo"],"articleSection":["Actualidad"],"inLanguage":"es","copyrightYear":"2011","copyrightHolder":{"@id":"https:\/\/empresas.infoempleo.com\/hrtrends\/#organization"}},{"@type":"WebPage","@id":"https:\/\/empresas.infoempleo.com\/hrtrends\/salidas-al-empleo-las-redes-sociales-para-novatos-viralizar-y-dinamizar\/","url":"https:\/\/empresas.infoempleo.com\/hrtrends\/salidas-al-empleo-las-redes-sociales-para-novatos-viralizar-y-dinamizar\/","name":"Salidas al #empleo - Las redes sociales para novatos: Viralizar y dinamizar | HRTRENDS","isPartOf":{"@id":"https:\/\/empresas.infoempleo.com\/hrtrends\/#website"},"primaryImageOfPage":{"@id":"https:\/\/empresas.infoempleo.com\/hrtrends\/salidas-al-empleo-las-redes-sociales-para-novatos-viralizar-y-dinamizar\/#primaryimage"},"image":{"@id":"https:\/\/empresas.infoempleo.com\/hrtrends\/salidas-al-empleo-las-redes-sociales-para-novatos-viralizar-y-dinamizar\/#primaryimage"},"thumbnailUrl":"https:\/\/empresas.infoempleo.com\/hrtrends\/media\/2011\/03\/ThinkstockPhotos-587520418.jpg","datePublished":"2011-03-31T10:41:09+00:00","dateModified":"2025-02-27T16:56:08+00:00","breadcrumb":{"@id":"https:\/\/empresas.infoempleo.com\/hrtrends\/salidas-al-empleo-las-redes-sociales-para-novatos-viralizar-y-dinamizar\/#breadcrumb"},"inLanguage":"es","potentialAction":[{"@type":"ReadAction","target":["https:\/\/empresas.infoempleo.com\/hrtrends\/salidas-al-empleo-las-redes-sociales-para-novatos-viralizar-y-dinamizar\/"]}]},{"@type":"ImageObject","inLanguage":"es","@id":"https:\/\/empresas.infoempleo.com\/hrtrends\/salidas-al-empleo-las-redes-sociales-para-novatos-viralizar-y-dinamizar\/#primaryimage","url":"https:\/\/empresas.infoempleo.com\/hrtrends\/media\/2011\/03\/ThinkstockPhotos-587520418-150x150.jpg","contentUrl":"https:\/\/empresas.infoempleo.com\/hrtrends\/media\/2011\/03\/ThinkstockPhotos-587520418-150x150.jpg","width":150,"height":150,"caption":"Novatos y redes sociales"},{"@type":"BreadcrumbList","@id":"https:\/\/empresas.infoempleo.com\/hrtrends\/salidas-al-empleo-las-redes-sociales-para-novatos-viralizar-y-dinamizar\/#breadcrumb","itemListElement":[{"@type":"ListItem","position":1,"name":"Portada","item":"https:\/\/empresas.infoempleo.com\/hrtrends\/"},{"@type":"ListItem","position":2,"name":"Salidas al #empleo &#8211; Las redes sociales para novatos: Viralizar y dinamizar"}]},{"@type":"WebSite","@id":"https:\/\/empresas.infoempleo.com\/hrtrends\/#website","url":"https:\/\/empresas.infoempleo.com\/hrtrends","name":"HRTrends by Infoempleo","description":"","publisher":{"@id":"https:\/\/empresas.infoempleo.com\/hrtrends\/#organization"},"potentialAction":{"@type":"SearchAction","target":"https:\/\/empresas.infoempleo.com\/hrtrends\/?s={search_term_string}","query-input":"required name=search_term_string"},"inLanguage":"es"},{"@type":"Organization","@id":"https:\/\/empresas.infoempleo.com\/hrtrends\/#organization","name":"Infoempleo","url":"https:\/\/www.infoempleo.com\/","logo":{"@type":"ImageObject","@id":"https:\/\/empresas.infoempleo.com\/hrtrends\/#logo","inLanguage":"es","url":"https:\/\/cdnazure.infoempleo.com\/infoempleo\/assets\/style\/gfx\/logo.svg","contentUrl":"https:\/\/cdnazure.infoempleo.com\/infoempleo\/assets\/style\/gfx\/logo.svg","width":150,"height":40,"caption":"Infoempleo"},"image":{"@id":"https:\/\/empresas.infoempleo.com\/hrtrends\/#logo"},"sameAs":["https:\/\/www.facebook.com\/Infoempleo","https:\/\/x.com\/infoempleo","http:\/\/instagram.com\/infoempleo\/","http:\/\/www.linkedin.com\/groups\/Empleo-Espa\u00f1a-Infoempleocom-111276","http:\/\/pinterest.com\/infoempleo\/"],"address":{"@type":"PostalAddress","addressLocality":"Madrid","postalCode":"28050","streetAddress":"Avenida de Burgos 114"},"brand":["Infoempleo"]},{"@type":"Person","@id":"https:\/\/empresas.infoempleo.com\/hrtrends\/#\/schema\/person\/9bc89e3819d56720c9fba63ae9d827f3","name":"antonio vallejo","image":{"@type":"ImageObject","inLanguage":"es","@id":"https:\/\/empresas.infoempleo.com\/hrtrends\/#\/schema\/person\/image\/","url":"https:\/\/secure.gravatar.com\/avatar\/882c28279ae4535d5a62c1e541f84d58ddfb96ce2c2119d0f109a2f3ce461806?s=96&d=mm&r=g","contentUrl":"https:\/\/secure.gravatar.com\/avatar\/882c28279ae4535d5a62c1e541f84d58ddfb96ce2c2119d0f109a2f3ce461806?s=96&d=mm&r=g","caption":"antonio vallejo"},"url":"https:\/\/empresas.infoempleo.com\/hrtrends\/author\/antonio-vallejo\/"}]}},"amp_enabled":true,"_links":{"self":[{"href":"https:\/\/empresas.infoempleo.com\/hrtrends\/wp-json\/wp\/v2\/posts\/12716","targetHints":{"allow":["GET"]}}],"collection":[{"href":"https:\/\/empresas.infoempleo.com\/hrtrends\/wp-json\/wp\/v2\/posts"}],"about":[{"href":"https:\/\/empresas.infoempleo.com\/hrtrends\/wp-json\/wp\/v2\/types\/post"}],"author":[{"embeddable":true,"href":"https:\/\/empresas.infoempleo.com\/hrtrends\/wp-json\/wp\/v2\/users\/49"}],"replies":[{"embeddable":true,"href":"https:\/\/empresas.infoempleo.com\/hrtrends\/wp-json\/wp\/v2\/comments?post=12716"}],"version-history":[{"count":2,"href":"https:\/\/empresas.infoempleo.com\/hrtrends\/wp-json\/wp\/v2\/posts\/12716\/revisions"}],"predecessor-version":[{"id":46470,"href":"https:\/\/empresas.infoempleo.com\/hrtrends\/wp-json\/wp\/v2\/posts\/12716\/revisions\/46470"}],"wp:featuredmedia":[{"embeddable":true,"href":"https:\/\/empresas.infoempleo.com\/hrtrends\/wp-json\/wp\/v2\/media\/29706"}],"wp:attachment":[{"href":"https:\/\/empresas.infoempleo.com\/hrtrends\/wp-json\/wp\/v2\/media?parent=12716"}],"wp:term":[{"taxonomy":"category","embeddable":true,"href":"https:\/\/empresas.infoempleo.com\/hrtrends\/wp-json\/wp\/v2\/categories?post=12716"},{"taxonomy":"post_tag","embeddable":true,"href":"https:\/\/empresas.infoempleo.com\/hrtrends\/wp-json\/wp\/v2\/tags?post=12716"}],"curies":[{"name":"wp","href":"https:\/\/api.w.org\/{rel}","templated":true}]}}