{"id":12698,"date":"2011-03-29T12:21:18","date_gmt":"2011-03-29T11:21:18","guid":{"rendered":"http:\/\/blog.infoempleo.com\/?p=12698"},"modified":"2025-02-27T18:56:06","modified_gmt":"2025-02-27T16:56:06","slug":"aprendiendo-a-elaborar-y-a-difundir-un-curriculo-en-las-redes-sociales","status":"publish","type":"post","link":"https:\/\/empresas.infoempleo.com\/hrtrends\/aprendiendo-a-elaborar-y-a-difundir-un-curriculo-en-las-redes-sociales\/","title":{"rendered":"Aprendiendo a elaborar y a difundir un curr\u00edculo en las redes sociales"},"content":{"rendered":"<p style=\"text-align: left;\">Las cosas suceden, de una manera u otra.<\/p>\n<p>Recientemente he estado preparando un curso de redes sociales que voy a dar <em>in-company<\/em> a una empresa de Valencia. Durante todo el proceso de elaboraci\u00f3n del mismo me he dado cuenta de la importancia de acotar cada una de los m\u00f3dulos del curso. Adecuando cada contenido del temario a su parte espec\u00edfica correspondiente.<\/p>\n<p>Con la b\u00fasqueda de #empleo pasa algo similar.<\/p>\n<p>No soy experto en c\u00f3mo hacer un buen curr\u00edculo, aunque mi experiencia haci\u00e9ndolos y redactando algunos para conocidos y amigos, me debiera de servir de algo y de ser suficiente para lo que a continuaci\u00f3n quiero explicar. De hecho, cuento con bastantes modelos, algunos de ellos puestos en pr\u00e1ctica y publicados para el deleite e informaci\u00f3n de quien tenga curiosidad por leerlos.<\/p>\n<p><strong>El curr\u00edculo es mucho m\u00e1s que un mero relato de nuestra experiencia profesional<\/strong>. Independientemente de lo extensa o corta que sea. Es un documento que le va a contar a quien nos entreviste, pero sobre todo a quien nos contrate, qu\u00e9 somos, qu\u00e9 hemos hecho, y c\u00f3mo lo hemos hecho. Por eso <strong>es muy importante contar con esmerado detalle algunas cosas<\/strong>, y destacar otras, que puedan servir de gu\u00eda a quien nos deba de seleccionar.<\/p>\n<p>Muchos, yo incluido, nos encontramos con el dilema de qu\u00e9 hacer cuando hemos de rellenar nuestro curr\u00edculo en un portal de empleo. \u00c9stos se caracterizan por ser imparciales y por basarse en la mera recopilaci\u00f3n de datos. Informaci\u00f3n con la que luego categorizar\u00e1n nuestro perfil profesional.<\/p>\n<p>Es una tarea que en ocasiones se puede hacer tediosa y larga. Pesada, muchas veces. Sobre todo porque ese proceso lo hemos repetido una y otra vez en otros tantos sitios. Pero tenemos que ser pr\u00e1cticos. Hemos de afrontar su nueva redacci\u00f3n como si fuera siempre <strong>nuestra primera vez<\/strong>.<\/p>\n<p>Cuando nos enamoramos hay pasos que debemos de repetir una y otra vez siempre. Aunque normalmente hemos aprendido de errores pasados, para tratar de reconducir o de guiar esa posible nueva relaci\u00f3n de una manera diferente.<\/p>\n<p><strong>Ser\u00eda ideal tratar a nuestro curr\u00edculo como si de una relaci\u00f3n de amor se tratara<\/strong>. Y como si cada nuevo documento que prepar\u00e1ramos fuera el primero, y en el que arregl\u00e1ramos aquello que no terminamos de pulir la vez anterior.<\/p>\n<p>La Web 2.0 ha favorecido el hecho de que el curr\u00edculo evolucione de maneras y formas sorprendentes. Adem\u00e1s de la capacidad por generar sorpresa de los candidatos. Lo bueno de la Web 2.0 es que nos permite contar con herramientas que pueden ayudar a constatar lo buenos y lo originales que somos.<\/p>\n<p>El curr\u00edculo ha escapado al formato \u00fanico de un documento de Word para convertirse en un v\u00eddeo incrustado en alguna de las redes sociales de la que seamos miembros, en una <em>llamada<\/em> dentro de un banner de nuestro blog, o en una insignia, que viene a ser a como llama Facebook a sus tarjetas de visita, que pueden luego ponerse en cualquier sitio web.<\/p>\n<p style=\"text-align: center;\"><img loading=\"lazy\" decoding=\"async\" class=\"size-full wp-image-12699 aligncenter\" title=\"Ejemplo de CV\" src=\"https:\/\/empresas.infoempleo.com\/hrtrends\/media\/2011\/03\/20110329-CVJero.jpg\" alt=\"\" width=\"339\" height=\"480\" srcset=\"https:\/\/empresas.infoempleo.com\/hrtrends\/media\/2011\/03\/20110329-CVJero.jpg 565w, https:\/\/empresas.infoempleo.com\/hrtrends\/media\/2011\/03\/20110329-CVJero-212x300.jpg 212w\" sizes=\"auto, (max-width: 339px) 100vw, 339px\" \/><\/p>\n<p>Ejemplo de un curr\u00edculo dise\u00f1ado para sorprender, similar a un plano de metro, en el que las l\u00edneas son los recorridos profesionales y las trayectorias (sociales, de formaci\u00f3n, creativas\u2026 del candidato).<\/p>\n<h3>Tener un curr\u00edculo completo es b\u00e1sico<\/h3>\n<p>Sea cual fuere el modelo o tipo de curr\u00edculo que vayamos a hacer, es imprescindible que lo completemos con la mayor cantidad de datos que pueda aportar informaci\u00f3n, y que tambi\u00e9n permitan segmentar nuestro perfil profesional.<\/p>\n<p>La \u00fanica forma de poder diferenciarnos del resto es marcando diferencias. Suena a Perogrullo pero es cierto. Ya os he hablado de la necesidad de capacitaros y de formaros en todo aquello que pod\u00e1is, y que os sea de inter\u00e9s. En un curr\u00edculo, es necesario determinar qu\u00e9 formaci\u00f3n destacar o incluir, pero sobre todo, que capacitaciones colocar, cu\u00e1ndo, y en qu\u00e9 orden.<\/p>\n<p>Un error com\u00fan es el de incluir todo lo que hemos hecho para que quien nos lea vea que somos polifac\u00e9ticos. Y no siempre es lo mejor. Hay un modelo de curr\u00edculo que es el de capacitaciones (parecido al americano) que lo que hace es aglutinar o reunir todos los aspectos relacionados con una rama profesional por bloques. De tal forma que\u00a0cada una de las experiencias formativas, profesionales y capacitadoras que hayamos tenido en un campo concreto, aparecer\u00e1n juntas\u2026 Pero no revueltas. Es decir, cada una en su ep\u00edgrafe correspondiente.<\/p>\n<p>Esto nos puede servir para acortar o ampliar el curr\u00edculo, eliminando o incorporando informaci\u00f3n que ya tienes preparada y catalogada. Y puedes combinar dicha informaci\u00f3n en funci\u00f3n del tipo de puesto al que se opte.<\/p>\n<h3>Y en la web 2.0, \u00bfc\u00f3mo lo hacemos?<\/h3>\n<p>En los portales de empleo es m\u00e1s complicado hacerlo. Habitualmente ofrecen la posibilidad de contar con varios modelos de curr\u00edculo. Pero siempre cuentan con una serie de casillas en las que habremos de desarrollar (de una forma m\u00e1s o menos extensa) lo que hemos hecho en cada puesto de trabajo.<\/p>\n<p>Lo importante es explicar qu\u00e9 se ha hecho (concisamente) en cada puesto de trabajo cubierto. Aqu\u00ed podemos incluir informaci\u00f3n que puede que no tenga que ver exactamente con el puesto. Ordenarla por orden de importancia. Y sobre todo, y si contamos con ellos, hablar de casos de \u00e9xito o de logros obtenidos durante el desempe\u00f1o del trabajo.<\/p>\n<p>Se trate del tipo de web de que se trate (portal de empleo como <a href=\"https:\/\/www.infoempleo.com\/\" target=\"_blank\" rel=\"noopener noreferrer\">Infoempleo.com<\/a>, red social, o blog) donde tengamos dispuesto esa informaci\u00f3n curricular podemos divulgarla en las redes sociales donde tengamos nuestro perfil.<\/p>\n<p>Pero hay que ser inteligentes. Quiero decir que no debemos abusar de entradas en las que se diga que buscamos #empleo de esto o de aquello. Aunque a veces tiene buenos resultados, y la gente que te sigue comparte esa informaci\u00f3n en su muro (Facebook) o en su l\u00ednea de tiempo (Twitter). Lo ideal es aprovechar esos comentarios que hemos incluido en nuestras capacitaciones o en la descripci\u00f3n de los trabajos desempe\u00f1ados, para socializar dichos contenidos. Y para ello es esenciar usar los <em>tags<\/em> o etiquetas marcando o se\u00f1alando de forma inteligente aquellas palabras que puedan ser m\u00e1s destacadas.<\/p>\n<p><strong>Y<\/strong> <strong>no olvidarnos de incluir nuestro enlace a esa direcci\u00f3n de internet en donde se encuentre el curr\u00edculo<\/strong>.<\/p>\n<p>Con eso conseguimos dos cosas:<\/p>\n<p>1. Con el uso de las etiquetas o tags, nuestros mensajes entran a formar parte de la selecci\u00f3n de contenido que ellas crean. Un dise\u00f1ador puede usar #dise\u00f1o o #dise\u00f1ador para etiquetarse. Cuando un usuario busque cualquier cosa con ese t\u00e9rmino, su mensaje aparecer\u00e1 en los resultados casi inmediatamente. Usarlos de manera continuada, crea <em>tendencia<\/em> y pasa a ser <em>hashtag<\/em>, algo as\u00ed como una <em>etiqueta reconocida<\/em>.<\/p>\n<p>2. Al tiempo que divulgamos nuestra experiencia sin que se note demasiado, estamos creando cierta reputaci\u00f3n en torno nuestro. Y nosotros mismos nos vamos convirtiendo en referente. Eso s\u00ed, hay que procurar usar las mismas etiquetas siempre que sea posible para relacionar cada uno de nuestros mensajes.<\/p>\n<p>S\u00ed es posible darnos a conocer en nuestra b\u00fasqueda activa de empleo. Y s\u00ed es posible usar las redes sociales a modo de canales de difusi\u00f3n de nuestro conocimiento y de nuestra experiencia.<\/p>\n<p>Adem\u00e1s, <strong>es muy interesante participar en esas redes sociales con mensajes de nuestro cu\u00f1o que traten sobre aquellos temas hacia los que orientamos esa b\u00fasqueda de empleo<\/strong>.<\/p>\n<p>Beneficia a nuestra imagen y a nuestra marca personal y profesional.<\/p>\n<p><a href=\"https:\/\/twitter.com\/AntoniovChanal\" target=\"_blank\" rel=\"noopener noreferrer\">@AntonioVChanal<br \/>\n<\/a><strong>Coach y Formador<\/strong><!-- AKPC_IDS += \"12268,\"; \/\/ --><\/p>\n","protected":false},"excerpt":{"rendered":"<p>Las cosas suceden, de una manera u otra. Recientemente he estado preparando un curso de redes sociales que<a class=\"moretag\" href=\"https:\/\/empresas.infoempleo.com\/hrtrends\/aprendiendo-a-elaborar-y-a-difundir-un-curriculo-en-las-redes-sociales\/\"> Leer m\u00e1s<\/a><\/p>\n","protected":false},"author":49,"featured_media":29708,"comment_status":"closed","ping_status":"open","sticky":false,"template":"","format":"standard","meta":{"footnotes":""},"categories":[3],"tags":[2262,540,210,2300,162,26,37],"class_list":["post-12698","post","type-post","status-publish","format-standard","has-post-thumbnail","hentry","category-actualidad","tag-busqueda-de-empleo","tag-consejos-2","tag-curriculum","tag-cv","tag-empleo","tag-redes-sociales","tag-trabajo"],"yoast_head":"<!-- This site is optimized with the Yoast SEO plugin v26.1.1 - https:\/\/yoast.com\/wordpress\/plugins\/seo\/ -->\n<title>Aprendiendo a elaborar y a difundir un curr\u00edculo en las redes sociales | HRTRENDS<\/title>\n<meta name=\"robots\" content=\"index, follow, max-snippet:-1, max-image-preview:large, max-video-preview:-1\" \/>\n<link rel=\"canonical\" href=\"https:\/\/empresas.infoempleo.com\/hrtrends\/aprendiendo-a-elaborar-y-a-difundir-un-curriculo-en-las-redes-sociales\/\" \/>\n<meta property=\"og:locale\" content=\"es_ES\" \/>\n<meta property=\"og:type\" content=\"article\" \/>\n<meta property=\"og:title\" content=\"Aprendiendo a elaborar y a difundir un curr\u00edculo en las redes sociales | HRTRENDS\" \/>\n<meta property=\"og:description\" content=\"Las cosas suceden, de una manera u otra. Recientemente he estado preparando un curso de redes sociales que Leer m\u00e1s\" \/>\n<meta property=\"og:url\" content=\"https:\/\/empresas.infoempleo.com\/hrtrends\/aprendiendo-a-elaborar-y-a-difundir-un-curriculo-en-las-redes-sociales\/\" \/>\n<meta property=\"og:site_name\" content=\"HRTRENDS\" \/>\n<meta property=\"article:publisher\" content=\"https:\/\/www.facebook.com\/Infoempleo\" \/>\n<meta property=\"article:published_time\" content=\"2011-03-29T11:21:18+00:00\" \/>\n<meta property=\"article:modified_time\" content=\"2025-02-27T16:56:06+00:00\" \/>\n<meta property=\"og:image\" content=\"https:\/\/empresas.infoempleo.com\/hrtrends\/media\/2011\/03\/ThinkstockPhotos-122583474.jpg\" \/>\n\t<meta property=\"og:image:width\" content=\"1280\" \/>\n\t<meta property=\"og:image:height\" content=\"850\" \/>\n\t<meta property=\"og:image:type\" content=\"image\/jpeg\" \/>\n<meta name=\"author\" content=\"antonio vallejo\" \/>\n<meta name=\"twitter:card\" content=\"summary_large_image\" \/>\n<meta name=\"twitter:creator\" content=\"@infoempleo\" \/>\n<meta name=\"twitter:site\" content=\"@infoempleo\" \/>\n<meta name=\"twitter:label1\" content=\"Escrito por\" \/>\n\t<meta name=\"twitter:data1\" content=\"antonio vallejo\" \/>\n\t<meta name=\"twitter:label2\" content=\"Tiempo de lectura\" \/>\n\t<meta name=\"twitter:data2\" content=\"6 minutos\" \/>\n<script type=\"application\/ld+json\" class=\"yoast-schema-graph\">{\"@context\":\"https:\/\/schema.org\",\"@graph\":[{\"@type\":\"NewsArticle\",\"@id\":\"https:\/\/empresas.infoempleo.com\/hrtrends\/aprendiendo-a-elaborar-y-a-difundir-un-curriculo-en-las-redes-sociales\/#article\",\"isPartOf\":{\"@id\":\"https:\/\/empresas.infoempleo.com\/hrtrends\/aprendiendo-a-elaborar-y-a-difundir-un-curriculo-en-las-redes-sociales\/\"},\"author\":{\"name\":\"antonio vallejo\",\"@id\":\"https:\/\/empresas.infoempleo.com\/hrtrends\/#\/schema\/person\/9bc89e3819d56720c9fba63ae9d827f3\"},\"headline\":\"Aprendiendo a elaborar y a difundir un curr\u00edculo en las redes sociales\",\"datePublished\":\"2011-03-29T11:21:18+00:00\",\"dateModified\":\"2025-02-27T16:56:06+00:00\",\"mainEntityOfPage\":{\"@id\":\"https:\/\/empresas.infoempleo.com\/hrtrends\/aprendiendo-a-elaborar-y-a-difundir-un-curriculo-en-las-redes-sociales\/\"},\"wordCount\":1302,\"publisher\":{\"@id\":\"https:\/\/empresas.infoempleo.com\/hrtrends\/#organization\"},\"image\":{\"@id\":\"https:\/\/empresas.infoempleo.com\/hrtrends\/aprendiendo-a-elaborar-y-a-difundir-un-curriculo-en-las-redes-sociales\/#primaryimage\"},\"thumbnailUrl\":\"https:\/\/empresas.infoempleo.com\/hrtrends\/media\/2011\/03\/ThinkstockPhotos-122583474.jpg\",\"keywords\":[\"b\u00fasqueda de empleo\",\"consejos\",\"curr\u00edculum\",\"CV\",\"Empleo\",\"redes sociales\",\"trabajo\"],\"articleSection\":[\"Actualidad\"],\"inLanguage\":\"es\",\"copyrightYear\":\"2011\",\"copyrightHolder\":{\"@id\":\"https:\/\/empresas.infoempleo.com\/hrtrends\/#organization\"}},{\"@type\":\"WebPage\",\"@id\":\"https:\/\/empresas.infoempleo.com\/hrtrends\/aprendiendo-a-elaborar-y-a-difundir-un-curriculo-en-las-redes-sociales\/\",\"url\":\"https:\/\/empresas.infoempleo.com\/hrtrends\/aprendiendo-a-elaborar-y-a-difundir-un-curriculo-en-las-redes-sociales\/\",\"name\":\"Aprendiendo a elaborar y a difundir un curr\u00edculo en las redes sociales | HRTRENDS\",\"isPartOf\":{\"@id\":\"https:\/\/empresas.infoempleo.com\/hrtrends\/#website\"},\"primaryImageOfPage\":{\"@id\":\"https:\/\/empresas.infoempleo.com\/hrtrends\/aprendiendo-a-elaborar-y-a-difundir-un-curriculo-en-las-redes-sociales\/#primaryimage\"},\"image\":{\"@id\":\"https:\/\/empresas.infoempleo.com\/hrtrends\/aprendiendo-a-elaborar-y-a-difundir-un-curriculo-en-las-redes-sociales\/#primaryimage\"},\"thumbnailUrl\":\"https:\/\/empresas.infoempleo.com\/hrtrends\/media\/2011\/03\/ThinkstockPhotos-122583474.jpg\",\"datePublished\":\"2011-03-29T11:21:18+00:00\",\"dateModified\":\"2025-02-27T16:56:06+00:00\",\"breadcrumb\":{\"@id\":\"https:\/\/empresas.infoempleo.com\/hrtrends\/aprendiendo-a-elaborar-y-a-difundir-un-curriculo-en-las-redes-sociales\/#breadcrumb\"},\"inLanguage\":\"es\",\"potentialAction\":[{\"@type\":\"ReadAction\",\"target\":[\"https:\/\/empresas.infoempleo.com\/hrtrends\/aprendiendo-a-elaborar-y-a-difundir-un-curriculo-en-las-redes-sociales\/\"]}]},{\"@type\":\"ImageObject\",\"inLanguage\":\"es\",\"@id\":\"https:\/\/empresas.infoempleo.com\/hrtrends\/aprendiendo-a-elaborar-y-a-difundir-un-curriculo-en-las-redes-sociales\/#primaryimage\",\"url\":\"https:\/\/empresas.infoempleo.com\/hrtrends\/media\/2011\/03\/ThinkstockPhotos-122583474-150x150.jpg\",\"contentUrl\":\"https:\/\/empresas.infoempleo.com\/hrtrends\/media\/2011\/03\/ThinkstockPhotos-122583474-150x150.jpg\",\"width\":150,\"height\":150,\"caption\":\"C\u00f3mo hacer un buen curr\u00edculum,\"},{\"@type\":\"BreadcrumbList\",\"@id\":\"https:\/\/empresas.infoempleo.com\/hrtrends\/aprendiendo-a-elaborar-y-a-difundir-un-curriculo-en-las-redes-sociales\/#breadcrumb\",\"itemListElement\":[{\"@type\":\"ListItem\",\"position\":1,\"name\":\"Portada\",\"item\":\"https:\/\/empresas.infoempleo.com\/hrtrends\/\"},{\"@type\":\"ListItem\",\"position\":2,\"name\":\"Aprendiendo a elaborar y a difundir un curr\u00edculo en las redes sociales\"}]},{\"@type\":\"WebSite\",\"@id\":\"https:\/\/empresas.infoempleo.com\/hrtrends\/#website\",\"url\":\"https:\/\/empresas.infoempleo.com\/hrtrends\",\"name\":\"HRTrends by Infoempleo\",\"description\":\"\",\"publisher\":{\"@id\":\"https:\/\/empresas.infoempleo.com\/hrtrends\/#organization\"},\"potentialAction\":{\"@type\":\"SearchAction\",\"target\":\"https:\/\/empresas.infoempleo.com\/hrtrends\/?s={search_term_string}\",\"query-input\":\"required name=search_term_string\"},\"inLanguage\":\"es\"},{\"@type\":\"Organization\",\"@id\":\"https:\/\/empresas.infoempleo.com\/hrtrends\/#organization\",\"name\":\"Infoempleo\",\"url\":\"https:\/\/www.infoempleo.com\/\",\"logo\":{\"@type\":\"ImageObject\",\"@id\":\"https:\/\/empresas.infoempleo.com\/hrtrends\/#logo\",\"inLanguage\":\"es\",\"url\":\"https:\/\/cdnazure.infoempleo.com\/infoempleo\/assets\/style\/gfx\/logo.svg\",\"contentUrl\":\"https:\/\/cdnazure.infoempleo.com\/infoempleo\/assets\/style\/gfx\/logo.svg\",\"width\":150,\"height\":40,\"caption\":\"Infoempleo\"},\"image\":{\"@id\":\"https:\/\/empresas.infoempleo.com\/hrtrends\/#logo\"},\"sameAs\":[\"https:\/\/www.facebook.com\/Infoempleo\",\"https:\/\/x.com\/infoempleo\",\"http:\/\/instagram.com\/infoempleo\/\",\"http:\/\/www.linkedin.com\/groups\/Empleo-Espa\u00f1a-Infoempleocom-111276\",\"http:\/\/pinterest.com\/infoempleo\/\"],\"address\":{\"@type\":\"PostalAddress\",\"addressLocality\":\"Madrid\",\"postalCode\":\"28050\",\"streetAddress\":\"Avenida de Burgos 114\"},\"brand\":[\"Infoempleo\"]},{\"@type\":\"Person\",\"@id\":\"https:\/\/empresas.infoempleo.com\/hrtrends\/#\/schema\/person\/9bc89e3819d56720c9fba63ae9d827f3\",\"name\":\"antonio vallejo\",\"image\":{\"@type\":\"ImageObject\",\"inLanguage\":\"es\",\"@id\":\"https:\/\/empresas.infoempleo.com\/hrtrends\/#\/schema\/person\/image\/\",\"url\":\"https:\/\/secure.gravatar.com\/avatar\/882c28279ae4535d5a62c1e541f84d58ddfb96ce2c2119d0f109a2f3ce461806?s=96&d=mm&r=g\",\"contentUrl\":\"https:\/\/secure.gravatar.com\/avatar\/882c28279ae4535d5a62c1e541f84d58ddfb96ce2c2119d0f109a2f3ce461806?s=96&d=mm&r=g\",\"caption\":\"antonio vallejo\"},\"url\":\"https:\/\/empresas.infoempleo.com\/hrtrends\/author\/antonio-vallejo\/\"}]}<\/script>\n<!-- \/ Yoast SEO plugin. -->","yoast_head_json":{"title":"Aprendiendo a elaborar y a difundir un curr\u00edculo en las redes sociales | HRTRENDS","robots":{"index":"index","follow":"follow","max-snippet":"max-snippet:-1","max-image-preview":"max-image-preview:large","max-video-preview":"max-video-preview:-1"},"canonical":"https:\/\/empresas.infoempleo.com\/hrtrends\/aprendiendo-a-elaborar-y-a-difundir-un-curriculo-en-las-redes-sociales\/","og_locale":"es_ES","og_type":"article","og_title":"Aprendiendo a elaborar y a difundir un curr\u00edculo en las redes sociales | HRTRENDS","og_description":"Las cosas suceden, de una manera u otra. Recientemente he estado preparando un curso de redes sociales que Leer m\u00e1s","og_url":"https:\/\/empresas.infoempleo.com\/hrtrends\/aprendiendo-a-elaborar-y-a-difundir-un-curriculo-en-las-redes-sociales\/","og_site_name":"HRTRENDS","article_publisher":"https:\/\/www.facebook.com\/Infoempleo","article_published_time":"2011-03-29T11:21:18+00:00","article_modified_time":"2025-02-27T16:56:06+00:00","og_image":[{"width":1280,"height":850,"url":"https:\/\/empresas.infoempleo.com\/hrtrends\/media\/2011\/03\/ThinkstockPhotos-122583474.jpg","type":"image\/jpeg"}],"author":"antonio vallejo","twitter_card":"summary_large_image","twitter_creator":"@infoempleo","twitter_site":"@infoempleo","twitter_misc":{"Escrito por":"antonio vallejo","Tiempo de lectura":"6 minutos"},"schema":{"@context":"https:\/\/schema.org","@graph":[{"@type":"NewsArticle","@id":"https:\/\/empresas.infoempleo.com\/hrtrends\/aprendiendo-a-elaborar-y-a-difundir-un-curriculo-en-las-redes-sociales\/#article","isPartOf":{"@id":"https:\/\/empresas.infoempleo.com\/hrtrends\/aprendiendo-a-elaborar-y-a-difundir-un-curriculo-en-las-redes-sociales\/"},"author":{"name":"antonio vallejo","@id":"https:\/\/empresas.infoempleo.com\/hrtrends\/#\/schema\/person\/9bc89e3819d56720c9fba63ae9d827f3"},"headline":"Aprendiendo a elaborar y a difundir un curr\u00edculo en las redes sociales","datePublished":"2011-03-29T11:21:18+00:00","dateModified":"2025-02-27T16:56:06+00:00","mainEntityOfPage":{"@id":"https:\/\/empresas.infoempleo.com\/hrtrends\/aprendiendo-a-elaborar-y-a-difundir-un-curriculo-en-las-redes-sociales\/"},"wordCount":1302,"publisher":{"@id":"https:\/\/empresas.infoempleo.com\/hrtrends\/#organization"},"image":{"@id":"https:\/\/empresas.infoempleo.com\/hrtrends\/aprendiendo-a-elaborar-y-a-difundir-un-curriculo-en-las-redes-sociales\/#primaryimage"},"thumbnailUrl":"https:\/\/empresas.infoempleo.com\/hrtrends\/media\/2011\/03\/ThinkstockPhotos-122583474.jpg","keywords":["b\u00fasqueda de empleo","consejos","curr\u00edculum","CV","Empleo","redes sociales","trabajo"],"articleSection":["Actualidad"],"inLanguage":"es","copyrightYear":"2011","copyrightHolder":{"@id":"https:\/\/empresas.infoempleo.com\/hrtrends\/#organization"}},{"@type":"WebPage","@id":"https:\/\/empresas.infoempleo.com\/hrtrends\/aprendiendo-a-elaborar-y-a-difundir-un-curriculo-en-las-redes-sociales\/","url":"https:\/\/empresas.infoempleo.com\/hrtrends\/aprendiendo-a-elaborar-y-a-difundir-un-curriculo-en-las-redes-sociales\/","name":"Aprendiendo a elaborar y a difundir un curr\u00edculo en las redes sociales | HRTRENDS","isPartOf":{"@id":"https:\/\/empresas.infoempleo.com\/hrtrends\/#website"},"primaryImageOfPage":{"@id":"https:\/\/empresas.infoempleo.com\/hrtrends\/aprendiendo-a-elaborar-y-a-difundir-un-curriculo-en-las-redes-sociales\/#primaryimage"},"image":{"@id":"https:\/\/empresas.infoempleo.com\/hrtrends\/aprendiendo-a-elaborar-y-a-difundir-un-curriculo-en-las-redes-sociales\/#primaryimage"},"thumbnailUrl":"https:\/\/empresas.infoempleo.com\/hrtrends\/media\/2011\/03\/ThinkstockPhotos-122583474.jpg","datePublished":"2011-03-29T11:21:18+00:00","dateModified":"2025-02-27T16:56:06+00:00","breadcrumb":{"@id":"https:\/\/empresas.infoempleo.com\/hrtrends\/aprendiendo-a-elaborar-y-a-difundir-un-curriculo-en-las-redes-sociales\/#breadcrumb"},"inLanguage":"es","potentialAction":[{"@type":"ReadAction","target":["https:\/\/empresas.infoempleo.com\/hrtrends\/aprendiendo-a-elaborar-y-a-difundir-un-curriculo-en-las-redes-sociales\/"]}]},{"@type":"ImageObject","inLanguage":"es","@id":"https:\/\/empresas.infoempleo.com\/hrtrends\/aprendiendo-a-elaborar-y-a-difundir-un-curriculo-en-las-redes-sociales\/#primaryimage","url":"https:\/\/empresas.infoempleo.com\/hrtrends\/media\/2011\/03\/ThinkstockPhotos-122583474-150x150.jpg","contentUrl":"https:\/\/empresas.infoempleo.com\/hrtrends\/media\/2011\/03\/ThinkstockPhotos-122583474-150x150.jpg","width":150,"height":150,"caption":"C\u00f3mo hacer un buen curr\u00edculum,"},{"@type":"BreadcrumbList","@id":"https:\/\/empresas.infoempleo.com\/hrtrends\/aprendiendo-a-elaborar-y-a-difundir-un-curriculo-en-las-redes-sociales\/#breadcrumb","itemListElement":[{"@type":"ListItem","position":1,"name":"Portada","item":"https:\/\/empresas.infoempleo.com\/hrtrends\/"},{"@type":"ListItem","position":2,"name":"Aprendiendo a elaborar y a difundir un curr\u00edculo en las redes sociales"}]},{"@type":"WebSite","@id":"https:\/\/empresas.infoempleo.com\/hrtrends\/#website","url":"https:\/\/empresas.infoempleo.com\/hrtrends","name":"HRTrends by Infoempleo","description":"","publisher":{"@id":"https:\/\/empresas.infoempleo.com\/hrtrends\/#organization"},"potentialAction":{"@type":"SearchAction","target":"https:\/\/empresas.infoempleo.com\/hrtrends\/?s={search_term_string}","query-input":"required name=search_term_string"},"inLanguage":"es"},{"@type":"Organization","@id":"https:\/\/empresas.infoempleo.com\/hrtrends\/#organization","name":"Infoempleo","url":"https:\/\/www.infoempleo.com\/","logo":{"@type":"ImageObject","@id":"https:\/\/empresas.infoempleo.com\/hrtrends\/#logo","inLanguage":"es","url":"https:\/\/cdnazure.infoempleo.com\/infoempleo\/assets\/style\/gfx\/logo.svg","contentUrl":"https:\/\/cdnazure.infoempleo.com\/infoempleo\/assets\/style\/gfx\/logo.svg","width":150,"height":40,"caption":"Infoempleo"},"image":{"@id":"https:\/\/empresas.infoempleo.com\/hrtrends\/#logo"},"sameAs":["https:\/\/www.facebook.com\/Infoempleo","https:\/\/x.com\/infoempleo","http:\/\/instagram.com\/infoempleo\/","http:\/\/www.linkedin.com\/groups\/Empleo-Espa\u00f1a-Infoempleocom-111276","http:\/\/pinterest.com\/infoempleo\/"],"address":{"@type":"PostalAddress","addressLocality":"Madrid","postalCode":"28050","streetAddress":"Avenida de Burgos 114"},"brand":["Infoempleo"]},{"@type":"Person","@id":"https:\/\/empresas.infoempleo.com\/hrtrends\/#\/schema\/person\/9bc89e3819d56720c9fba63ae9d827f3","name":"antonio vallejo","image":{"@type":"ImageObject","inLanguage":"es","@id":"https:\/\/empresas.infoempleo.com\/hrtrends\/#\/schema\/person\/image\/","url":"https:\/\/secure.gravatar.com\/avatar\/882c28279ae4535d5a62c1e541f84d58ddfb96ce2c2119d0f109a2f3ce461806?s=96&d=mm&r=g","contentUrl":"https:\/\/secure.gravatar.com\/avatar\/882c28279ae4535d5a62c1e541f84d58ddfb96ce2c2119d0f109a2f3ce461806?s=96&d=mm&r=g","caption":"antonio vallejo"},"url":"https:\/\/empresas.infoempleo.com\/hrtrends\/author\/antonio-vallejo\/"}]}},"amp_enabled":true,"_links":{"self":[{"href":"https:\/\/empresas.infoempleo.com\/hrtrends\/wp-json\/wp\/v2\/posts\/12698","targetHints":{"allow":["GET"]}}],"collection":[{"href":"https:\/\/empresas.infoempleo.com\/hrtrends\/wp-json\/wp\/v2\/posts"}],"about":[{"href":"https:\/\/empresas.infoempleo.com\/hrtrends\/wp-json\/wp\/v2\/types\/post"}],"author":[{"embeddable":true,"href":"https:\/\/empresas.infoempleo.com\/hrtrends\/wp-json\/wp\/v2\/users\/49"}],"replies":[{"embeddable":true,"href":"https:\/\/empresas.infoempleo.com\/hrtrends\/wp-json\/wp\/v2\/comments?post=12698"}],"version-history":[{"count":3,"href":"https:\/\/empresas.infoempleo.com\/hrtrends\/wp-json\/wp\/v2\/posts\/12698\/revisions"}],"predecessor-version":[{"id":46465,"href":"https:\/\/empresas.infoempleo.com\/hrtrends\/wp-json\/wp\/v2\/posts\/12698\/revisions\/46465"}],"wp:featuredmedia":[{"embeddable":true,"href":"https:\/\/empresas.infoempleo.com\/hrtrends\/wp-json\/wp\/v2\/media\/29708"}],"wp:attachment":[{"href":"https:\/\/empresas.infoempleo.com\/hrtrends\/wp-json\/wp\/v2\/media?parent=12698"}],"wp:term":[{"taxonomy":"category","embeddable":true,"href":"https:\/\/empresas.infoempleo.com\/hrtrends\/wp-json\/wp\/v2\/categories?post=12698"},{"taxonomy":"post_tag","embeddable":true,"href":"https:\/\/empresas.infoempleo.com\/hrtrends\/wp-json\/wp\/v2\/tags?post=12698"}],"curies":[{"name":"wp","href":"https:\/\/api.w.org\/{rel}","templated":true}]}}