{"id":12686,"date":"2011-03-28T10:22:52","date_gmt":"2011-03-28T09:22:52","guid":{"rendered":"http:\/\/blog.infoempleo.com\/?p=12686"},"modified":"2025-04-14T15:31:15","modified_gmt":"2025-04-14T13:31:15","slug":"un-plus-en-innovacion-para-la-universidad-espanola","status":"publish","type":"post","link":"https:\/\/empresas.infoempleo.com\/hrtrends\/un-plus-en-innovacion-para-la-universidad-espanola\/","title":{"rendered":"Un plus en innovaci\u00f3n para la universidad espa\u00f1ola"},"content":{"rendered":"<p style=\"text-align: left;\">En el <strong>\u00abCampus Energ\u00eda\u00bb de la Universidad Polit\u00e9cnica de Catalu\u00f1a<\/strong> trabajan en la creaci\u00f3n de patentes y de nuevas empresas \u2013fundamentalmente tecnol\u00f3gicas: consolidaci\u00f3n de la energ\u00eda e\u00f3lica y solar, desarrollo del coche el\u00e9ctrico\u2026\u2013, a la vez que forman a futuros profesionales con capacidad de emprender y de sostener proyectos empresariales. En la otra punta del pa\u00eds, las universidades de\u00a0Sevilla y M\u00e1laga trabajan codo con codo \u2013junto a 150 entidades agregadas\u2013 en el <strong>proyecto \u00abAndaluc\u00eda Tech\u00bb,<\/strong> que les permite trabajar en varios campos que se nutren de la tecnolog\u00eda aplicada:\u00a0 Aerospacial, biotecnolog\u00eda, transporte, turismo, desarrollo territorial, energ\u00eda, medio ambiente, comunicaciones y movilidad.<\/p>\n<p>Todas estas iniciativas son posibles gracias a la designaci\u00f3n de ambos como <strong>Campus de Excelencia Internacional<\/strong>. \u00abCEI es una iniciativa acertada porque ha supuesto <strong>notoriedad y proyecci\u00f3n p\u00fablica para la universidad espa\u00f1ola, un instituci\u00f3n que es, en realidad, una gran desconocida para la sociedad<\/strong>\u00bb, afirma <strong>Mireia\u00a0de la Rubia, coordinadora del \u00abCampus Energ\u00eda\u00bb de la UPC<\/strong>, uno de los proyectos seleccionados en la \u00faltima convocatoria.<\/p>\n<p>Concursaron a la misma con el objetivo de <strong>contribuir a un cambio en el escenario energ\u00e9tico a trav\u00e9s de la formaci\u00f3n y la innovaci\u00f3n.<\/strong> Y es que casi medio centenar de agregaciones concurrieron a la edici\u00f3n 2010 (la de 2011 se acaba de presentar, aunque los plazos todav\u00eda no se han publicado) del Programa Campus de Excelencia, de los que un total de 14 fueron finalmente seleccionados. Adem\u00e1s, la totalidad de las universidades p\u00fablicas espa\u00f1olas estuvieron presentes en los proyectos y, m\u00e1s omenos, la mitad de las privadas.<\/p>\n<p>Las agregaciones premiadas \u2013surgidas del trabajo entre universidades y otras instituciones\u2013 tienen, por tanto, la oportunidad de trabajar y desarrollar proyectos en pro de la innovaci\u00f3n desde el \u00e1mbito universitario. Hablamos de lo que el Ministerio de Educaci\u00f3n califica como \u00abecosistemas del conocimiento\u00bb.<\/p>\n<p>Este curso es el segundo en el que se celebra este programa en el que el Gobierno lleva invertidos casi 600 millones de euros. Aunque todo surgi\u00f3 desde el Ministerio de Ciencia e Innovaci\u00f3n, esta iniciativa depende actualmente del Ministerio de Educaci\u00f3n, que la gestiona gracias a la Secretar\u00eda General de Universidades y al trabajo que se realiza desde las conserjer\u00edas de cada comunidad aut\u00f3noma.<\/p>\n<p>Desde Andaluc\u00eda TECH recuerdan que en los inicios del proyecto actual estaba el plan de internacionalizaci\u00f3n EUROCIENCIA. Un primer paso, t\u00edmido seg\u00fan ellos, que el Gobierno dio para transformar las universidades. \u00abCon el programa de Campus de Excelencia Internacional se ha conservado la filosof\u00eda, pero se ha ampliado el \u00e1mbito de actuaci\u00f3n para que cubra por completo todas las actividades de la universidad, as\u00ed como su relaci\u00f3n\u00a0con el entorno socioecon\u00f3mico\u00bb, afirma V\u00edctor Mu\u00f1oz, asesor del campus andaluz.<\/p>\n<p>Este impulso para las instituciones universitarias resulta algo escaso para Mireia\u00a0de la Rubia: <strong>\u00absu importancia es m\u00e1s relativa si tenemos en cuenta los recursos econ\u00f3micos adicionales que realmente ha implicado para las universidades. <\/strong>M\u00e1s all\u00e1 de los CEI, creo que es deseable que la universidad se plantee horizontes globales y objetivos ambiciosos con el apoyo del gobierno como el proyecto Estrategia Universidad 2015, aunque deben acompa\u00f1arse de una financiaci\u00f3n realista\u00bb.<\/p>\n<p>El Programa Campus de Excelencia se enmarca dentro de un proyecto a\u00fan\u00a0 mayor, la <strong>Estrategia Universidad 2015<\/strong>, que, entre otros prop\u00f3sitos, busca la correcta implantaci\u00f3n del Espacio Europeo de Educaci\u00f3n Superior \u2013m\u00e1ximo responsable del Plan Bolonia\u2013 y el desarrollo de proyectos de I+D. Entre sus objetivos est\u00e1: determinar las funciones de las universidades espa\u00f1olas como servicio p\u00fablico, desarrollar una formaci\u00f3n acorde con el marco europeo, incrementar\u00a0su papel investigador, mejorar su competitividad y financiaci\u00f3n, y fomentar su autonom\u00eda y especializaci\u00f3n.<\/p>\n<h3>\u00c1mbito global<\/h3>\n<p>Pero, \u00bfqu\u00e9 requisitos deben tener las instituciones universitarias que quieran acceder a este programa? Lo primero de todo, <strong>ser universidad espa\u00f1ola y presentar un proyecto de conversi\u00f3n a CEI<\/strong>. Una Comisi\u00f3n T\u00e9cnica formada por expertos del sector es la encargada de una primera evaluaci\u00f3n, mientras que\u00a0una Comisi\u00f3n Internacional valora en una segunda fase a aquellos que opten a la calificaci\u00f3n de Campus de Excelencia Internacional.<\/p>\n<p>En 2010 recibieron este reconocimiento \u2013adem\u00e1s de los ya nombrados Campus Energ\u00eda UPC y Andaluc\u00eda TECH\u2013 Campus Iberus, Campus UPF, CEI Montegancedo I2Tech, Euskampus, Health Universitat de Barcelona Campus y Campus-Valencia. Otros fueron elegidos en el \u00e1mbito regional y, el resto, han renovado la financiaci\u00f3n obtenida en 2009.<\/p>\n<p><strong>El car\u00e1cter globalizador de los elegidos como CEI alcanza la vida diaria del campus.<\/strong> \u00abLas iniciativas de Andaluc\u00eda Tech se centran en los \u00e1mbitos especificados en la orden del Gobierno sobre docencia, investigaci\u00f3n y transferencia y la mejora del campus hacia un modelo social integral, el cual se completa con un eje transversal a estos planes dedicado a la\u00a0 internacionalizaci\u00f3n\u00bb, se\u00f1ala Mu\u00f1oz.<\/p>\n<p>Resumiendo,<strong> impulsar una econom\u00eda que tiene sus bases en la Sociedad del conocimiento y que apuesta por el desarrollo del talento como la mejor herramienta para conseguirlo.<\/strong> Por ello, entre las dos universidades \u2013Sevilla y M\u00e1laga\u2013 han creado varias titulaciones dobles, y potencian la extensi\u00f3n de estudios en universidades internacionales gracias a los acuerdos que con\u00a0 ellas tienen firmados y a la articulaci\u00f3n de estancias para docentes e investigadores.<\/p>\n","protected":false},"excerpt":{"rendered":"<p>En el \u00abCampus Energ\u00eda\u00bb de la Universidad Polit\u00e9cnica de Catalu\u00f1a trabajan en la creaci\u00f3n de patentes y de<a class=\"moretag\" href=\"https:\/\/empresas.infoempleo.com\/hrtrends\/un-plus-en-innovacion-para-la-universidad-espanola\/\"> Leer m\u00e1s<\/a><\/p>\n","protected":false},"author":62,"featured_media":29757,"comment_status":"closed","ping_status":"open","sticky":false,"template":"","format":"standard","meta":{"footnotes":""},"categories":[3],"tags":[198,1348,841],"class_list":["post-12686","post","type-post","status-publish","format-standard","has-post-thumbnail","hentry","category-actualidad","tag-innovacion","tag-investigacion","tag-universidad"],"yoast_head":"<!-- This site is optimized with the Yoast SEO plugin v26.1.1 - https:\/\/yoast.com\/wordpress\/plugins\/seo\/ -->\n<title>Un plus en innovaci\u00f3n para la universidad espa\u00f1ola | HRTRENDS<\/title>\n<meta name=\"robots\" content=\"index, follow, max-snippet:-1, max-image-preview:large, max-video-preview:-1\" \/>\n<link rel=\"canonical\" href=\"https:\/\/empresas.infoempleo.com\/hrtrends\/un-plus-en-innovacion-para-la-universidad-espanola\/\" \/>\n<meta property=\"og:locale\" content=\"es_ES\" \/>\n<meta property=\"og:type\" content=\"article\" \/>\n<meta property=\"og:title\" content=\"Un plus en innovaci\u00f3n para la universidad espa\u00f1ola | HRTRENDS\" \/>\n<meta property=\"og:description\" content=\"En el \u00abCampus Energ\u00eda\u00bb de la Universidad Polit\u00e9cnica de Catalu\u00f1a trabajan en la creaci\u00f3n de patentes y de Leer m\u00e1s\" \/>\n<meta property=\"og:url\" content=\"https:\/\/empresas.infoempleo.com\/hrtrends\/un-plus-en-innovacion-para-la-universidad-espanola\/\" \/>\n<meta property=\"og:site_name\" content=\"HRTRENDS\" \/>\n<meta property=\"article:publisher\" content=\"https:\/\/www.facebook.com\/Infoempleo\" \/>\n<meta property=\"article:published_time\" content=\"2011-03-28T09:22:52+00:00\" \/>\n<meta property=\"article:modified_time\" content=\"2025-04-14T13:31:15+00:00\" \/>\n<meta property=\"og:image\" content=\"https:\/\/empresas.infoempleo.com\/hrtrends\/media\/2011\/03\/pexels-photo-256262.jpeg\" \/>\n\t<meta property=\"og:image:width\" content=\"940\" \/>\n\t<meta property=\"og:image:height\" content=\"624\" \/>\n\t<meta property=\"og:image:type\" content=\"image\/jpeg\" \/>\n<meta name=\"author\" content=\"elena arranz\" \/>\n<meta name=\"twitter:card\" content=\"summary_large_image\" \/>\n<meta name=\"twitter:creator\" content=\"@infoempleo\" \/>\n<meta name=\"twitter:site\" content=\"@infoempleo\" \/>\n<meta name=\"twitter:label1\" content=\"Escrito por\" \/>\n\t<meta name=\"twitter:data1\" content=\"elena arranz\" \/>\n\t<meta name=\"twitter:label2\" content=\"Tiempo de lectura\" \/>\n\t<meta name=\"twitter:data2\" content=\"5 minutos\" \/>\n<script type=\"application\/ld+json\" class=\"yoast-schema-graph\">{\"@context\":\"https:\/\/schema.org\",\"@graph\":[{\"@type\":\"NewsArticle\",\"@id\":\"https:\/\/empresas.infoempleo.com\/hrtrends\/un-plus-en-innovacion-para-la-universidad-espanola\/#article\",\"isPartOf\":{\"@id\":\"https:\/\/empresas.infoempleo.com\/hrtrends\/un-plus-en-innovacion-para-la-universidad-espanola\/\"},\"author\":{\"name\":\"elena arranz\",\"@id\":\"https:\/\/empresas.infoempleo.com\/hrtrends\/#\/schema\/person\/f3484d3cdf45b2f3846af4f705ec9730\"},\"headline\":\"Un plus en innovaci\u00f3n para la universidad espa\u00f1ola\",\"datePublished\":\"2011-03-28T09:22:52+00:00\",\"dateModified\":\"2025-04-14T13:31:15+00:00\",\"mainEntityOfPage\":{\"@id\":\"https:\/\/empresas.infoempleo.com\/hrtrends\/un-plus-en-innovacion-para-la-universidad-espanola\/\"},\"wordCount\":927,\"publisher\":{\"@id\":\"https:\/\/empresas.infoempleo.com\/hrtrends\/#organization\"},\"image\":{\"@id\":\"https:\/\/empresas.infoempleo.com\/hrtrends\/un-plus-en-innovacion-para-la-universidad-espanola\/#primaryimage\"},\"thumbnailUrl\":\"https:\/\/empresas.infoempleo.com\/hrtrends\/media\/2011\/03\/pexels-photo-256262.jpeg\",\"keywords\":[\"innovaci\u00f3n\",\"investigaci\u00f3n\",\"universidad\"],\"articleSection\":[\"Actualidad\"],\"inLanguage\":\"es\",\"copyrightYear\":\"2011\",\"copyrightHolder\":{\"@id\":\"https:\/\/empresas.infoempleo.com\/hrtrends\/#organization\"}},{\"@type\":\"WebPage\",\"@id\":\"https:\/\/empresas.infoempleo.com\/hrtrends\/un-plus-en-innovacion-para-la-universidad-espanola\/\",\"url\":\"https:\/\/empresas.infoempleo.com\/hrtrends\/un-plus-en-innovacion-para-la-universidad-espanola\/\",\"name\":\"Un plus en innovaci\u00f3n para la universidad espa\u00f1ola | HRTRENDS\",\"isPartOf\":{\"@id\":\"https:\/\/empresas.infoempleo.com\/hrtrends\/#website\"},\"primaryImageOfPage\":{\"@id\":\"https:\/\/empresas.infoempleo.com\/hrtrends\/un-plus-en-innovacion-para-la-universidad-espanola\/#primaryimage\"},\"image\":{\"@id\":\"https:\/\/empresas.infoempleo.com\/hrtrends\/un-plus-en-innovacion-para-la-universidad-espanola\/#primaryimage\"},\"thumbnailUrl\":\"https:\/\/empresas.infoempleo.com\/hrtrends\/media\/2011\/03\/pexels-photo-256262.jpeg\",\"datePublished\":\"2011-03-28T09:22:52+00:00\",\"dateModified\":\"2025-04-14T13:31:15+00:00\",\"breadcrumb\":{\"@id\":\"https:\/\/empresas.infoempleo.com\/hrtrends\/un-plus-en-innovacion-para-la-universidad-espanola\/#breadcrumb\"},\"inLanguage\":\"es\",\"potentialAction\":[{\"@type\":\"ReadAction\",\"target\":[\"https:\/\/empresas.infoempleo.com\/hrtrends\/un-plus-en-innovacion-para-la-universidad-espanola\/\"]}]},{\"@type\":\"ImageObject\",\"inLanguage\":\"es\",\"@id\":\"https:\/\/empresas.infoempleo.com\/hrtrends\/un-plus-en-innovacion-para-la-universidad-espanola\/#primaryimage\",\"url\":\"https:\/\/empresas.infoempleo.com\/hrtrends\/media\/2011\/03\/pexels-photo-256262-150x150.jpeg\",\"contentUrl\":\"https:\/\/empresas.infoempleo.com\/hrtrends\/media\/2011\/03\/pexels-photo-256262-150x150.jpeg\",\"width\":150,\"height\":150,\"caption\":\"Investigaci\u00f3n e innovaci\u00f3n en la universidad\"},{\"@type\":\"BreadcrumbList\",\"@id\":\"https:\/\/empresas.infoempleo.com\/hrtrends\/un-plus-en-innovacion-para-la-universidad-espanola\/#breadcrumb\",\"itemListElement\":[{\"@type\":\"ListItem\",\"position\":1,\"name\":\"Portada\",\"item\":\"https:\/\/empresas.infoempleo.com\/hrtrends\/\"},{\"@type\":\"ListItem\",\"position\":2,\"name\":\"Un plus en innovaci\u00f3n para la universidad espa\u00f1ola\"}]},{\"@type\":\"WebSite\",\"@id\":\"https:\/\/empresas.infoempleo.com\/hrtrends\/#website\",\"url\":\"https:\/\/empresas.infoempleo.com\/hrtrends\",\"name\":\"HRTrends by Infoempleo\",\"description\":\"\",\"publisher\":{\"@id\":\"https:\/\/empresas.infoempleo.com\/hrtrends\/#organization\"},\"potentialAction\":{\"@type\":\"SearchAction\",\"target\":\"https:\/\/empresas.infoempleo.com\/hrtrends\/?s={search_term_string}\",\"query-input\":\"required name=search_term_string\"},\"inLanguage\":\"es\"},{\"@type\":\"Organization\",\"@id\":\"https:\/\/empresas.infoempleo.com\/hrtrends\/#organization\",\"name\":\"Infoempleo\",\"url\":\"https:\/\/www.infoempleo.com\/\",\"logo\":{\"@type\":\"ImageObject\",\"@id\":\"https:\/\/empresas.infoempleo.com\/hrtrends\/#logo\",\"inLanguage\":\"es\",\"url\":\"https:\/\/cdnazure.infoempleo.com\/infoempleo\/assets\/style\/gfx\/logo.svg\",\"contentUrl\":\"https:\/\/cdnazure.infoempleo.com\/infoempleo\/assets\/style\/gfx\/logo.svg\",\"width\":150,\"height\":40,\"caption\":\"Infoempleo\"},\"image\":{\"@id\":\"https:\/\/empresas.infoempleo.com\/hrtrends\/#logo\"},\"sameAs\":[\"https:\/\/www.facebook.com\/Infoempleo\",\"https:\/\/x.com\/infoempleo\",\"http:\/\/instagram.com\/infoempleo\/\",\"http:\/\/www.linkedin.com\/groups\/Empleo-Espa\u00f1a-Infoempleocom-111276\",\"http:\/\/pinterest.com\/infoempleo\/\"],\"address\":{\"@type\":\"PostalAddress\",\"addressLocality\":\"Madrid\",\"postalCode\":\"28050\",\"streetAddress\":\"Avenida de Burgos 114\"},\"brand\":[\"Infoempleo\"]},{\"@type\":\"Person\",\"@id\":\"https:\/\/empresas.infoempleo.com\/hrtrends\/#\/schema\/person\/f3484d3cdf45b2f3846af4f705ec9730\",\"name\":\"elena arranz\",\"image\":{\"@type\":\"ImageObject\",\"inLanguage\":\"es\",\"@id\":\"https:\/\/empresas.infoempleo.com\/hrtrends\/#\/schema\/person\/image\/\",\"url\":\"https:\/\/secure.gravatar.com\/avatar\/e3e36e17cc9a2ddafb4e051357b391a9c939bebb4f2f7cbb2c456f5fa56ade52?s=96&d=mm&r=g\",\"contentUrl\":\"https:\/\/secure.gravatar.com\/avatar\/e3e36e17cc9a2ddafb4e051357b391a9c939bebb4f2f7cbb2c456f5fa56ade52?s=96&d=mm&r=g\",\"caption\":\"elena arranz\"},\"url\":\"https:\/\/empresas.infoempleo.com\/hrtrends\/author\/elena-arranz\/\"}]}<\/script>\n<!-- \/ Yoast SEO plugin. -->","yoast_head_json":{"title":"Un plus en innovaci\u00f3n para la universidad espa\u00f1ola | HRTRENDS","robots":{"index":"index","follow":"follow","max-snippet":"max-snippet:-1","max-image-preview":"max-image-preview:large","max-video-preview":"max-video-preview:-1"},"canonical":"https:\/\/empresas.infoempleo.com\/hrtrends\/un-plus-en-innovacion-para-la-universidad-espanola\/","og_locale":"es_ES","og_type":"article","og_title":"Un plus en innovaci\u00f3n para la universidad espa\u00f1ola | HRTRENDS","og_description":"En el \u00abCampus Energ\u00eda\u00bb de la Universidad Polit\u00e9cnica de Catalu\u00f1a trabajan en la creaci\u00f3n de patentes y de Leer m\u00e1s","og_url":"https:\/\/empresas.infoempleo.com\/hrtrends\/un-plus-en-innovacion-para-la-universidad-espanola\/","og_site_name":"HRTRENDS","article_publisher":"https:\/\/www.facebook.com\/Infoempleo","article_published_time":"2011-03-28T09:22:52+00:00","article_modified_time":"2025-04-14T13:31:15+00:00","og_image":[{"width":940,"height":624,"url":"https:\/\/empresas.infoempleo.com\/hrtrends\/media\/2011\/03\/pexels-photo-256262.jpeg","type":"image\/jpeg"}],"author":"elena arranz","twitter_card":"summary_large_image","twitter_creator":"@infoempleo","twitter_site":"@infoempleo","twitter_misc":{"Escrito por":"elena arranz","Tiempo de lectura":"5 minutos"},"schema":{"@context":"https:\/\/schema.org","@graph":[{"@type":"NewsArticle","@id":"https:\/\/empresas.infoempleo.com\/hrtrends\/un-plus-en-innovacion-para-la-universidad-espanola\/#article","isPartOf":{"@id":"https:\/\/empresas.infoempleo.com\/hrtrends\/un-plus-en-innovacion-para-la-universidad-espanola\/"},"author":{"name":"elena arranz","@id":"https:\/\/empresas.infoempleo.com\/hrtrends\/#\/schema\/person\/f3484d3cdf45b2f3846af4f705ec9730"},"headline":"Un plus en innovaci\u00f3n para la universidad espa\u00f1ola","datePublished":"2011-03-28T09:22:52+00:00","dateModified":"2025-04-14T13:31:15+00:00","mainEntityOfPage":{"@id":"https:\/\/empresas.infoempleo.com\/hrtrends\/un-plus-en-innovacion-para-la-universidad-espanola\/"},"wordCount":927,"publisher":{"@id":"https:\/\/empresas.infoempleo.com\/hrtrends\/#organization"},"image":{"@id":"https:\/\/empresas.infoempleo.com\/hrtrends\/un-plus-en-innovacion-para-la-universidad-espanola\/#primaryimage"},"thumbnailUrl":"https:\/\/empresas.infoempleo.com\/hrtrends\/media\/2011\/03\/pexels-photo-256262.jpeg","keywords":["innovaci\u00f3n","investigaci\u00f3n","universidad"],"articleSection":["Actualidad"],"inLanguage":"es","copyrightYear":"2011","copyrightHolder":{"@id":"https:\/\/empresas.infoempleo.com\/hrtrends\/#organization"}},{"@type":"WebPage","@id":"https:\/\/empresas.infoempleo.com\/hrtrends\/un-plus-en-innovacion-para-la-universidad-espanola\/","url":"https:\/\/empresas.infoempleo.com\/hrtrends\/un-plus-en-innovacion-para-la-universidad-espanola\/","name":"Un plus en innovaci\u00f3n para la universidad espa\u00f1ola | HRTRENDS","isPartOf":{"@id":"https:\/\/empresas.infoempleo.com\/hrtrends\/#website"},"primaryImageOfPage":{"@id":"https:\/\/empresas.infoempleo.com\/hrtrends\/un-plus-en-innovacion-para-la-universidad-espanola\/#primaryimage"},"image":{"@id":"https:\/\/empresas.infoempleo.com\/hrtrends\/un-plus-en-innovacion-para-la-universidad-espanola\/#primaryimage"},"thumbnailUrl":"https:\/\/empresas.infoempleo.com\/hrtrends\/media\/2011\/03\/pexels-photo-256262.jpeg","datePublished":"2011-03-28T09:22:52+00:00","dateModified":"2025-04-14T13:31:15+00:00","breadcrumb":{"@id":"https:\/\/empresas.infoempleo.com\/hrtrends\/un-plus-en-innovacion-para-la-universidad-espanola\/#breadcrumb"},"inLanguage":"es","potentialAction":[{"@type":"ReadAction","target":["https:\/\/empresas.infoempleo.com\/hrtrends\/un-plus-en-innovacion-para-la-universidad-espanola\/"]}]},{"@type":"ImageObject","inLanguage":"es","@id":"https:\/\/empresas.infoempleo.com\/hrtrends\/un-plus-en-innovacion-para-la-universidad-espanola\/#primaryimage","url":"https:\/\/empresas.infoempleo.com\/hrtrends\/media\/2011\/03\/pexels-photo-256262-150x150.jpeg","contentUrl":"https:\/\/empresas.infoempleo.com\/hrtrends\/media\/2011\/03\/pexels-photo-256262-150x150.jpeg","width":150,"height":150,"caption":"Investigaci\u00f3n e innovaci\u00f3n en la universidad"},{"@type":"BreadcrumbList","@id":"https:\/\/empresas.infoempleo.com\/hrtrends\/un-plus-en-innovacion-para-la-universidad-espanola\/#breadcrumb","itemListElement":[{"@type":"ListItem","position":1,"name":"Portada","item":"https:\/\/empresas.infoempleo.com\/hrtrends\/"},{"@type":"ListItem","position":2,"name":"Un plus en innovaci\u00f3n para la universidad espa\u00f1ola"}]},{"@type":"WebSite","@id":"https:\/\/empresas.infoempleo.com\/hrtrends\/#website","url":"https:\/\/empresas.infoempleo.com\/hrtrends","name":"HRTrends by Infoempleo","description":"","publisher":{"@id":"https:\/\/empresas.infoempleo.com\/hrtrends\/#organization"},"potentialAction":{"@type":"SearchAction","target":"https:\/\/empresas.infoempleo.com\/hrtrends\/?s={search_term_string}","query-input":"required name=search_term_string"},"inLanguage":"es"},{"@type":"Organization","@id":"https:\/\/empresas.infoempleo.com\/hrtrends\/#organization","name":"Infoempleo","url":"https:\/\/www.infoempleo.com\/","logo":{"@type":"ImageObject","@id":"https:\/\/empresas.infoempleo.com\/hrtrends\/#logo","inLanguage":"es","url":"https:\/\/cdnazure.infoempleo.com\/infoempleo\/assets\/style\/gfx\/logo.svg","contentUrl":"https:\/\/cdnazure.infoempleo.com\/infoempleo\/assets\/style\/gfx\/logo.svg","width":150,"height":40,"caption":"Infoempleo"},"image":{"@id":"https:\/\/empresas.infoempleo.com\/hrtrends\/#logo"},"sameAs":["https:\/\/www.facebook.com\/Infoempleo","https:\/\/x.com\/infoempleo","http:\/\/instagram.com\/infoempleo\/","http:\/\/www.linkedin.com\/groups\/Empleo-Espa\u00f1a-Infoempleocom-111276","http:\/\/pinterest.com\/infoempleo\/"],"address":{"@type":"PostalAddress","addressLocality":"Madrid","postalCode":"28050","streetAddress":"Avenida de Burgos 114"},"brand":["Infoempleo"]},{"@type":"Person","@id":"https:\/\/empresas.infoempleo.com\/hrtrends\/#\/schema\/person\/f3484d3cdf45b2f3846af4f705ec9730","name":"elena arranz","image":{"@type":"ImageObject","inLanguage":"es","@id":"https:\/\/empresas.infoempleo.com\/hrtrends\/#\/schema\/person\/image\/","url":"https:\/\/secure.gravatar.com\/avatar\/e3e36e17cc9a2ddafb4e051357b391a9c939bebb4f2f7cbb2c456f5fa56ade52?s=96&d=mm&r=g","contentUrl":"https:\/\/secure.gravatar.com\/avatar\/e3e36e17cc9a2ddafb4e051357b391a9c939bebb4f2f7cbb2c456f5fa56ade52?s=96&d=mm&r=g","caption":"elena arranz"},"url":"https:\/\/empresas.infoempleo.com\/hrtrends\/author\/elena-arranz\/"}]}},"amp_enabled":true,"_links":{"self":[{"href":"https:\/\/empresas.infoempleo.com\/hrtrends\/wp-json\/wp\/v2\/posts\/12686","targetHints":{"allow":["GET"]}}],"collection":[{"href":"https:\/\/empresas.infoempleo.com\/hrtrends\/wp-json\/wp\/v2\/posts"}],"about":[{"href":"https:\/\/empresas.infoempleo.com\/hrtrends\/wp-json\/wp\/v2\/types\/post"}],"author":[{"embeddable":true,"href":"https:\/\/empresas.infoempleo.com\/hrtrends\/wp-json\/wp\/v2\/users\/62"}],"replies":[{"embeddable":true,"href":"https:\/\/empresas.infoempleo.com\/hrtrends\/wp-json\/wp\/v2\/comments?post=12686"}],"version-history":[{"count":4,"href":"https:\/\/empresas.infoempleo.com\/hrtrends\/wp-json\/wp\/v2\/posts\/12686\/revisions"}],"predecessor-version":[{"id":46692,"href":"https:\/\/empresas.infoempleo.com\/hrtrends\/wp-json\/wp\/v2\/posts\/12686\/revisions\/46692"}],"wp:featuredmedia":[{"embeddable":true,"href":"https:\/\/empresas.infoempleo.com\/hrtrends\/wp-json\/wp\/v2\/media\/29757"}],"wp:attachment":[{"href":"https:\/\/empresas.infoempleo.com\/hrtrends\/wp-json\/wp\/v2\/media?parent=12686"}],"wp:term":[{"taxonomy":"category","embeddable":true,"href":"https:\/\/empresas.infoempleo.com\/hrtrends\/wp-json\/wp\/v2\/categories?post=12686"},{"taxonomy":"post_tag","embeddable":true,"href":"https:\/\/empresas.infoempleo.com\/hrtrends\/wp-json\/wp\/v2\/tags?post=12686"}],"curies":[{"name":"wp","href":"https:\/\/api.w.org\/{rel}","templated":true}]}}