{"id":12682,"date":"2011-03-28T10:02:19","date_gmt":"2011-03-28T09:02:19","guid":{"rendered":"http:\/\/blog.infoempleo.com\/?p=12682"},"modified":"2018-05-23T17:30:44","modified_gmt":"2018-05-23T15:30:44","slug":"resolver-situaciones-criticas-en-las-empresas","status":"publish","type":"post","link":"https:\/\/empresas.infoempleo.com\/hrtrends\/resolver-situaciones-criticas-en-las-empresas\/","title":{"rendered":"Resolver situaciones cr\u00edticas en las empresas"},"content":{"rendered":"<p><img loading=\"lazy\" decoding=\"async\" class=\"alignnone size-full wp-image-12683\" title=\"Carme Castro\" src=\"https:\/\/empresas.infoempleo.com\/hrtrends\/media\/2011\/03\/CarmeCastro.jpg\" alt=\"\" width=\"145\" height=\"144\" srcset=\"https:\/\/empresas.infoempleo.com\/hrtrends\/media\/2011\/03\/CarmeCastro.jpg 181w, https:\/\/empresas.infoempleo.com\/hrtrends\/media\/2011\/03\/CarmeCastro-150x150.jpg 150w\" sizes=\"auto, (max-width: 145px) 100vw, 145px\" \/><\/p>\n<h3>Carme Castro, coach y socia de Kainova.<\/h3>\n<p>La contrataci\u00f3n de un \u00abcoach\u00bb en el \u00e1mbito profesional se est\u00e1 convirtiendo en un h\u00e1bito como instrumento para <strong>realizar cambios que potencien el talento de la persona que realiza el proceso de \u00abcoaching\u00bb<\/strong> y, de esta forma, incrementar su productividad y resultados.<\/p>\n<p>Esta metodolog\u00eda aplicada a colectivos, \u00abcoaching\u00bb grupal o \u00abcoaching\u00bb de equipos, <strong>adem\u00e1s de potenciar el talento de las personas involucradas en el proceso, permite cohesionar equipos y alinear el objetivo. <\/strong>Hasta ahora el \u00abcoaching\u00bb ha sido una herramienta para mejorar y desarrollar habilidades de las personas, colectivos u organizaciones, pero, gracias a su potencial, se est\u00e1 convirtiendo en una <strong>herramienta muy eficaz para resolver situaciones conflictivas o cr\u00edticas en las empresas.<\/strong><\/p>\n<p>En la actualidad, derivado de la coyuntura econ\u00f3mica, las empresas est\u00e1n sometidas a cambios organizacionales, de reestructuraci\u00f3n o de estrategia. Se trata de una situaci\u00f3n que altera el ritmo profesional de las personas de la empresa, produci\u00e9ndose conflictos de dif\u00edcil resoluci\u00f3n en el complejo contexto de la organizaci\u00f3n.<\/p>\n<p>Realizar un proceso de \u00abcoaching\u00bb en esa situaci\u00f3n permite <strong>llevar a cabo esta transici\u00f3n reduciendo considerablemente la gesti\u00f3n del cambio y resolviendo de forma eficaz los\u00a0conflictos derivados de ella. <\/strong><\/p>\n<p>El proceso trabaja con las personas y con las situaciones derivadas de un entorno de incertidumbre \u2013cambios de funciones, de compa\u00f1eros\u2013, de tal modo que toman conciencia de su rol en esta situaci\u00f3n y buscan soluciones para afrontar con \u00e9xito los nuevos retos profesionales. Por tanto,<strong> puede incluso favorecer dar un giro de 180 grados a la situaci\u00f3n y enderezar el rumbo empresarial hacia mejores resultados y a un incremento de la productividad.<\/strong><\/p>\n<p>Para resolver una situaci\u00f3n de cambio, conflicto o crisis en la empresa, <strong>en primer lugar hay que definir los objetivos inmediatos de la empresa y de las personas vinculadas al proceso de \u00abcoaching\u00bb<\/strong>. A continuaci\u00f3n, hay que <strong>aplicar la metodolog\u00eda m\u00e1s adecuada<\/strong>, ya sea para potenciar competencias de liderazgo \u2013\u00abcoaching ejecutivo\u00bb\u2013 o para ayudar a equipos de trabajo u organizaciones a alcanzar sus objetivos profesionales \u2013\u00abcoaching grupal\u00bb, \u00abcoaching de equipos\u00bb o \u00abcoaching organizacional\u00bb\u2013.<\/p>\n<p>Adem\u00e1s, el \u00abcoaching\u00bb es una excelente herramienta para incrementar la productividad \u2013con porcentajes de incremento de hasta un 20%\u2013 favorecer una mejora en las relaciones interpersonales e incrementar la implicaci\u00f3n de los profesionales con la organizaci\u00f3n y con su equipo. Todo ello es consecuencia del principal objetivo del \u00abcoaching\u00bb: los cambios,<strong> potenciar\u00a0 el talento del equipo humano para conseguir sus objetivos.<\/strong><\/p>\n","protected":false},"excerpt":{"rendered":"<p>Carme Castro, coach y socia de Kainova. La contrataci\u00f3n de un \u00abcoach\u00bb en el \u00e1mbito profesional se est\u00e1<a class=\"moretag\" href=\"https:\/\/empresas.infoempleo.com\/hrtrends\/resolver-situaciones-criticas-en-las-empresas\/\"> Leer m\u00e1s<\/a><\/p>\n","protected":false},"author":72,"featured_media":29760,"comment_status":"closed","ping_status":"open","sticky":false,"template":"","format":"standard","meta":{"footnotes":""},"categories":[3],"tags":[748,651,48,89],"class_list":["post-12682","post","type-post","status-publish","format-standard","has-post-thumbnail","hentry","category-actualidad","tag-coach","tag-coaching-2","tag-crisis","tag-talento"],"yoast_head":"<!-- This site is optimized with the Yoast SEO plugin v26.1.1 - https:\/\/yoast.com\/wordpress\/plugins\/seo\/ -->\n<title>Resolver situaciones cr\u00edticas en las empresas | HRTRENDS<\/title>\n<meta name=\"robots\" content=\"index, follow, max-snippet:-1, max-image-preview:large, max-video-preview:-1\" \/>\n<link rel=\"canonical\" href=\"https:\/\/empresas.infoempleo.com\/hrtrends\/resolver-situaciones-criticas-en-las-empresas\/\" \/>\n<meta property=\"og:locale\" content=\"es_ES\" \/>\n<meta property=\"og:type\" content=\"article\" \/>\n<meta property=\"og:title\" content=\"Resolver situaciones cr\u00edticas en las empresas | HRTRENDS\" \/>\n<meta property=\"og:description\" content=\"Carme Castro, coach y socia de Kainova. La contrataci\u00f3n de un \u00abcoach\u00bb en el \u00e1mbito profesional se est\u00e1 Leer m\u00e1s\" \/>\n<meta property=\"og:url\" content=\"https:\/\/empresas.infoempleo.com\/hrtrends\/resolver-situaciones-criticas-en-las-empresas\/\" \/>\n<meta property=\"og:site_name\" content=\"HRTRENDS\" \/>\n<meta property=\"article:publisher\" content=\"https:\/\/www.facebook.com\/Infoempleo\" \/>\n<meta property=\"article:published_time\" content=\"2011-03-28T09:02:19+00:00\" \/>\n<meta property=\"article:modified_time\" content=\"2018-05-23T15:30:44+00:00\" \/>\n<meta property=\"og:image\" content=\"https:\/\/empresas.infoempleo.com\/hrtrends\/media\/2011\/03\/pexels-photo-357514.jpeg\" \/>\n\t<meta property=\"og:image:width\" content=\"940\" \/>\n\t<meta property=\"og:image:height\" content=\"627\" \/>\n\t<meta property=\"og:image:type\" content=\"image\/jpeg\" \/>\n<meta name=\"author\" content=\"infoempleo\" \/>\n<meta name=\"twitter:card\" content=\"summary_large_image\" \/>\n<meta name=\"twitter:creator\" content=\"@infoempleo\" \/>\n<meta name=\"twitter:site\" content=\"@infoempleo\" \/>\n<meta name=\"twitter:label1\" content=\"Escrito por\" \/>\n\t<meta name=\"twitter:data1\" content=\"infoempleo\" \/>\n\t<meta name=\"twitter:label2\" content=\"Tiempo de lectura\" \/>\n\t<meta name=\"twitter:data2\" content=\"2 minutos\" \/>\n<script type=\"application\/ld+json\" class=\"yoast-schema-graph\">{\"@context\":\"https:\/\/schema.org\",\"@graph\":[{\"@type\":\"NewsArticle\",\"@id\":\"https:\/\/empresas.infoempleo.com\/hrtrends\/resolver-situaciones-criticas-en-las-empresas\/#article\",\"isPartOf\":{\"@id\":\"https:\/\/empresas.infoempleo.com\/hrtrends\/resolver-situaciones-criticas-en-las-empresas\/\"},\"author\":{\"name\":\"infoempleo\",\"@id\":\"https:\/\/empresas.infoempleo.com\/hrtrends\/#\/schema\/person\/67d3e276ffcc8b3ae0ebec816daf775a\"},\"headline\":\"Resolver situaciones cr\u00edticas en las empresas\",\"datePublished\":\"2011-03-28T09:02:19+00:00\",\"dateModified\":\"2018-05-23T15:30:44+00:00\",\"mainEntityOfPage\":{\"@id\":\"https:\/\/empresas.infoempleo.com\/hrtrends\/resolver-situaciones-criticas-en-las-empresas\/\"},\"wordCount\":436,\"publisher\":{\"@id\":\"https:\/\/empresas.infoempleo.com\/hrtrends\/#organization\"},\"image\":{\"@id\":\"https:\/\/empresas.infoempleo.com\/hrtrends\/resolver-situaciones-criticas-en-las-empresas\/#primaryimage\"},\"thumbnailUrl\":\"https:\/\/empresas.infoempleo.com\/hrtrends\/media\/2011\/03\/pexels-photo-357514.jpeg\",\"keywords\":[\"coach\",\"coaching\",\"Crisis\",\"talento\"],\"articleSection\":[\"Actualidad\"],\"inLanguage\":\"es\",\"copyrightYear\":\"2011\",\"copyrightHolder\":{\"@id\":\"https:\/\/empresas.infoempleo.com\/hrtrends\/#organization\"}},{\"@type\":\"WebPage\",\"@id\":\"https:\/\/empresas.infoempleo.com\/hrtrends\/resolver-situaciones-criticas-en-las-empresas\/\",\"url\":\"https:\/\/empresas.infoempleo.com\/hrtrends\/resolver-situaciones-criticas-en-las-empresas\/\",\"name\":\"Resolver situaciones cr\u00edticas en las empresas | HRTRENDS\",\"isPartOf\":{\"@id\":\"https:\/\/empresas.infoempleo.com\/hrtrends\/#website\"},\"primaryImageOfPage\":{\"@id\":\"https:\/\/empresas.infoempleo.com\/hrtrends\/resolver-situaciones-criticas-en-las-empresas\/#primaryimage\"},\"image\":{\"@id\":\"https:\/\/empresas.infoempleo.com\/hrtrends\/resolver-situaciones-criticas-en-las-empresas\/#primaryimage\"},\"thumbnailUrl\":\"https:\/\/empresas.infoempleo.com\/hrtrends\/media\/2011\/03\/pexels-photo-357514.jpeg\",\"datePublished\":\"2011-03-28T09:02:19+00:00\",\"dateModified\":\"2018-05-23T15:30:44+00:00\",\"breadcrumb\":{\"@id\":\"https:\/\/empresas.infoempleo.com\/hrtrends\/resolver-situaciones-criticas-en-las-empresas\/#breadcrumb\"},\"inLanguage\":\"es\",\"potentialAction\":[{\"@type\":\"ReadAction\",\"target\":[\"https:\/\/empresas.infoempleo.com\/hrtrends\/resolver-situaciones-criticas-en-las-empresas\/\"]}]},{\"@type\":\"ImageObject\",\"inLanguage\":\"es\",\"@id\":\"https:\/\/empresas.infoempleo.com\/hrtrends\/resolver-situaciones-criticas-en-las-empresas\/#primaryimage\",\"url\":\"https:\/\/empresas.infoempleo.com\/hrtrends\/media\/2011\/03\/pexels-photo-357514-150x150.jpeg\",\"contentUrl\":\"https:\/\/empresas.infoempleo.com\/hrtrends\/media\/2011\/03\/pexels-photo-357514-150x150.jpeg\",\"width\":150,\"height\":150,\"caption\":\"Resolver problemas de la empresa\"},{\"@type\":\"BreadcrumbList\",\"@id\":\"https:\/\/empresas.infoempleo.com\/hrtrends\/resolver-situaciones-criticas-en-las-empresas\/#breadcrumb\",\"itemListElement\":[{\"@type\":\"ListItem\",\"position\":1,\"name\":\"Portada\",\"item\":\"https:\/\/empresas.infoempleo.com\/hrtrends\/\"},{\"@type\":\"ListItem\",\"position\":2,\"name\":\"Resolver situaciones cr\u00edticas en las empresas\"}]},{\"@type\":\"WebSite\",\"@id\":\"https:\/\/empresas.infoempleo.com\/hrtrends\/#website\",\"url\":\"https:\/\/empresas.infoempleo.com\/hrtrends\",\"name\":\"HRTrends by Infoempleo\",\"description\":\"\",\"publisher\":{\"@id\":\"https:\/\/empresas.infoempleo.com\/hrtrends\/#organization\"},\"potentialAction\":{\"@type\":\"SearchAction\",\"target\":\"https:\/\/empresas.infoempleo.com\/hrtrends\/?s={search_term_string}\",\"query-input\":\"required name=search_term_string\"},\"inLanguage\":\"es\"},{\"@type\":\"Organization\",\"@id\":\"https:\/\/empresas.infoempleo.com\/hrtrends\/#organization\",\"name\":\"Infoempleo\",\"url\":\"https:\/\/www.infoempleo.com\/\",\"logo\":{\"@type\":\"ImageObject\",\"@id\":\"https:\/\/empresas.infoempleo.com\/hrtrends\/#logo\",\"inLanguage\":\"es\",\"url\":\"https:\/\/cdnazure.infoempleo.com\/infoempleo\/assets\/style\/gfx\/logo.svg\",\"contentUrl\":\"https:\/\/cdnazure.infoempleo.com\/infoempleo\/assets\/style\/gfx\/logo.svg\",\"width\":150,\"height\":40,\"caption\":\"Infoempleo\"},\"image\":{\"@id\":\"https:\/\/empresas.infoempleo.com\/hrtrends\/#logo\"},\"sameAs\":[\"https:\/\/www.facebook.com\/Infoempleo\",\"https:\/\/x.com\/infoempleo\",\"http:\/\/instagram.com\/infoempleo\/\",\"http:\/\/www.linkedin.com\/groups\/Empleo-Espa\u00f1a-Infoempleocom-111276\",\"http:\/\/pinterest.com\/infoempleo\/\"],\"address\":{\"@type\":\"PostalAddress\",\"addressLocality\":\"Madrid\",\"postalCode\":\"28050\",\"streetAddress\":\"Avenida de Burgos 114\"},\"brand\":[\"Infoempleo\"]},{\"@type\":\"Person\",\"@id\":\"https:\/\/empresas.infoempleo.com\/hrtrends\/#\/schema\/person\/67d3e276ffcc8b3ae0ebec816daf775a\",\"name\":\"infoempleo\",\"image\":{\"@type\":\"ImageObject\",\"inLanguage\":\"es\",\"@id\":\"https:\/\/empresas.infoempleo.com\/hrtrends\/#\/schema\/person\/image\/\",\"url\":\"https:\/\/secure.gravatar.com\/avatar\/7b437777242fe67d2473c2a818da2344692d1ee91e91080ccffbd97bcd4a0975?s=96&d=mm&r=g\",\"contentUrl\":\"https:\/\/secure.gravatar.com\/avatar\/7b437777242fe67d2473c2a818da2344692d1ee91e91080ccffbd97bcd4a0975?s=96&d=mm&r=g\",\"caption\":\"infoempleo\"},\"url\":\"https:\/\/empresas.infoempleo.com\/hrtrends\/author\/infoempleo\/\"}]}<\/script>\n<!-- \/ Yoast SEO plugin. -->","yoast_head_json":{"title":"Resolver situaciones cr\u00edticas en las empresas | HRTRENDS","robots":{"index":"index","follow":"follow","max-snippet":"max-snippet:-1","max-image-preview":"max-image-preview:large","max-video-preview":"max-video-preview:-1"},"canonical":"https:\/\/empresas.infoempleo.com\/hrtrends\/resolver-situaciones-criticas-en-las-empresas\/","og_locale":"es_ES","og_type":"article","og_title":"Resolver situaciones cr\u00edticas en las empresas | HRTRENDS","og_description":"Carme Castro, coach y socia de Kainova. La contrataci\u00f3n de un \u00abcoach\u00bb en el \u00e1mbito profesional se est\u00e1 Leer m\u00e1s","og_url":"https:\/\/empresas.infoempleo.com\/hrtrends\/resolver-situaciones-criticas-en-las-empresas\/","og_site_name":"HRTRENDS","article_publisher":"https:\/\/www.facebook.com\/Infoempleo","article_published_time":"2011-03-28T09:02:19+00:00","article_modified_time":"2018-05-23T15:30:44+00:00","og_image":[{"width":940,"height":627,"url":"https:\/\/empresas.infoempleo.com\/hrtrends\/media\/2011\/03\/pexels-photo-357514.jpeg","type":"image\/jpeg"}],"author":"infoempleo","twitter_card":"summary_large_image","twitter_creator":"@infoempleo","twitter_site":"@infoempleo","twitter_misc":{"Escrito por":"infoempleo","Tiempo de lectura":"2 minutos"},"schema":{"@context":"https:\/\/schema.org","@graph":[{"@type":"NewsArticle","@id":"https:\/\/empresas.infoempleo.com\/hrtrends\/resolver-situaciones-criticas-en-las-empresas\/#article","isPartOf":{"@id":"https:\/\/empresas.infoempleo.com\/hrtrends\/resolver-situaciones-criticas-en-las-empresas\/"},"author":{"name":"infoempleo","@id":"https:\/\/empresas.infoempleo.com\/hrtrends\/#\/schema\/person\/67d3e276ffcc8b3ae0ebec816daf775a"},"headline":"Resolver situaciones cr\u00edticas en las empresas","datePublished":"2011-03-28T09:02:19+00:00","dateModified":"2018-05-23T15:30:44+00:00","mainEntityOfPage":{"@id":"https:\/\/empresas.infoempleo.com\/hrtrends\/resolver-situaciones-criticas-en-las-empresas\/"},"wordCount":436,"publisher":{"@id":"https:\/\/empresas.infoempleo.com\/hrtrends\/#organization"},"image":{"@id":"https:\/\/empresas.infoempleo.com\/hrtrends\/resolver-situaciones-criticas-en-las-empresas\/#primaryimage"},"thumbnailUrl":"https:\/\/empresas.infoempleo.com\/hrtrends\/media\/2011\/03\/pexels-photo-357514.jpeg","keywords":["coach","coaching","Crisis","talento"],"articleSection":["Actualidad"],"inLanguage":"es","copyrightYear":"2011","copyrightHolder":{"@id":"https:\/\/empresas.infoempleo.com\/hrtrends\/#organization"}},{"@type":"WebPage","@id":"https:\/\/empresas.infoempleo.com\/hrtrends\/resolver-situaciones-criticas-en-las-empresas\/","url":"https:\/\/empresas.infoempleo.com\/hrtrends\/resolver-situaciones-criticas-en-las-empresas\/","name":"Resolver situaciones cr\u00edticas en las empresas | HRTRENDS","isPartOf":{"@id":"https:\/\/empresas.infoempleo.com\/hrtrends\/#website"},"primaryImageOfPage":{"@id":"https:\/\/empresas.infoempleo.com\/hrtrends\/resolver-situaciones-criticas-en-las-empresas\/#primaryimage"},"image":{"@id":"https:\/\/empresas.infoempleo.com\/hrtrends\/resolver-situaciones-criticas-en-las-empresas\/#primaryimage"},"thumbnailUrl":"https:\/\/empresas.infoempleo.com\/hrtrends\/media\/2011\/03\/pexels-photo-357514.jpeg","datePublished":"2011-03-28T09:02:19+00:00","dateModified":"2018-05-23T15:30:44+00:00","breadcrumb":{"@id":"https:\/\/empresas.infoempleo.com\/hrtrends\/resolver-situaciones-criticas-en-las-empresas\/#breadcrumb"},"inLanguage":"es","potentialAction":[{"@type":"ReadAction","target":["https:\/\/empresas.infoempleo.com\/hrtrends\/resolver-situaciones-criticas-en-las-empresas\/"]}]},{"@type":"ImageObject","inLanguage":"es","@id":"https:\/\/empresas.infoempleo.com\/hrtrends\/resolver-situaciones-criticas-en-las-empresas\/#primaryimage","url":"https:\/\/empresas.infoempleo.com\/hrtrends\/media\/2011\/03\/pexels-photo-357514-150x150.jpeg","contentUrl":"https:\/\/empresas.infoempleo.com\/hrtrends\/media\/2011\/03\/pexels-photo-357514-150x150.jpeg","width":150,"height":150,"caption":"Resolver problemas de la empresa"},{"@type":"BreadcrumbList","@id":"https:\/\/empresas.infoempleo.com\/hrtrends\/resolver-situaciones-criticas-en-las-empresas\/#breadcrumb","itemListElement":[{"@type":"ListItem","position":1,"name":"Portada","item":"https:\/\/empresas.infoempleo.com\/hrtrends\/"},{"@type":"ListItem","position":2,"name":"Resolver situaciones cr\u00edticas en las empresas"}]},{"@type":"WebSite","@id":"https:\/\/empresas.infoempleo.com\/hrtrends\/#website","url":"https:\/\/empresas.infoempleo.com\/hrtrends","name":"HRTrends by Infoempleo","description":"","publisher":{"@id":"https:\/\/empresas.infoempleo.com\/hrtrends\/#organization"},"potentialAction":{"@type":"SearchAction","target":"https:\/\/empresas.infoempleo.com\/hrtrends\/?s={search_term_string}","query-input":"required name=search_term_string"},"inLanguage":"es"},{"@type":"Organization","@id":"https:\/\/empresas.infoempleo.com\/hrtrends\/#organization","name":"Infoempleo","url":"https:\/\/www.infoempleo.com\/","logo":{"@type":"ImageObject","@id":"https:\/\/empresas.infoempleo.com\/hrtrends\/#logo","inLanguage":"es","url":"https:\/\/cdnazure.infoempleo.com\/infoempleo\/assets\/style\/gfx\/logo.svg","contentUrl":"https:\/\/cdnazure.infoempleo.com\/infoempleo\/assets\/style\/gfx\/logo.svg","width":150,"height":40,"caption":"Infoempleo"},"image":{"@id":"https:\/\/empresas.infoempleo.com\/hrtrends\/#logo"},"sameAs":["https:\/\/www.facebook.com\/Infoempleo","https:\/\/x.com\/infoempleo","http:\/\/instagram.com\/infoempleo\/","http:\/\/www.linkedin.com\/groups\/Empleo-Espa\u00f1a-Infoempleocom-111276","http:\/\/pinterest.com\/infoempleo\/"],"address":{"@type":"PostalAddress","addressLocality":"Madrid","postalCode":"28050","streetAddress":"Avenida de Burgos 114"},"brand":["Infoempleo"]},{"@type":"Person","@id":"https:\/\/empresas.infoempleo.com\/hrtrends\/#\/schema\/person\/67d3e276ffcc8b3ae0ebec816daf775a","name":"infoempleo","image":{"@type":"ImageObject","inLanguage":"es","@id":"https:\/\/empresas.infoempleo.com\/hrtrends\/#\/schema\/person\/image\/","url":"https:\/\/secure.gravatar.com\/avatar\/7b437777242fe67d2473c2a818da2344692d1ee91e91080ccffbd97bcd4a0975?s=96&d=mm&r=g","contentUrl":"https:\/\/secure.gravatar.com\/avatar\/7b437777242fe67d2473c2a818da2344692d1ee91e91080ccffbd97bcd4a0975?s=96&d=mm&r=g","caption":"infoempleo"},"url":"https:\/\/empresas.infoempleo.com\/hrtrends\/author\/infoempleo\/"}]}},"amp_enabled":true,"_links":{"self":[{"href":"https:\/\/empresas.infoempleo.com\/hrtrends\/wp-json\/wp\/v2\/posts\/12682","targetHints":{"allow":["GET"]}}],"collection":[{"href":"https:\/\/empresas.infoempleo.com\/hrtrends\/wp-json\/wp\/v2\/posts"}],"about":[{"href":"https:\/\/empresas.infoempleo.com\/hrtrends\/wp-json\/wp\/v2\/types\/post"}],"author":[{"embeddable":true,"href":"https:\/\/empresas.infoempleo.com\/hrtrends\/wp-json\/wp\/v2\/users\/72"}],"replies":[{"embeddable":true,"href":"https:\/\/empresas.infoempleo.com\/hrtrends\/wp-json\/wp\/v2\/comments?post=12682"}],"version-history":[{"count":0,"href":"https:\/\/empresas.infoempleo.com\/hrtrends\/wp-json\/wp\/v2\/posts\/12682\/revisions"}],"wp:featuredmedia":[{"embeddable":true,"href":"https:\/\/empresas.infoempleo.com\/hrtrends\/wp-json\/wp\/v2\/media\/29760"}],"wp:attachment":[{"href":"https:\/\/empresas.infoempleo.com\/hrtrends\/wp-json\/wp\/v2\/media?parent=12682"}],"wp:term":[{"taxonomy":"category","embeddable":true,"href":"https:\/\/empresas.infoempleo.com\/hrtrends\/wp-json\/wp\/v2\/categories?post=12682"},{"taxonomy":"post_tag","embeddable":true,"href":"https:\/\/empresas.infoempleo.com\/hrtrends\/wp-json\/wp\/v2\/tags?post=12682"}],"curies":[{"name":"wp","href":"https:\/\/api.w.org\/{rel}","templated":true}]}}