{"id":12679,"date":"2011-03-28T09:38:11","date_gmt":"2011-03-28T08:38:11","guid":{"rendered":"http:\/\/blog.infoempleo.com\/?p=12679"},"modified":"2018-05-23T17:30:44","modified_gmt":"2018-05-23T15:30:44","slug":"el-cerebro-las-emociones-y-la-burbuja-financiera","status":"publish","type":"post","link":"https:\/\/empresas.infoempleo.com\/hrtrends\/el-cerebro-las-emociones-y-la-burbuja-financiera\/","title":{"rendered":"El cerebro, las emociones y la burbuja financiera"},"content":{"rendered":"<p><img loading=\"lazy\" decoding=\"async\" class=\"alignnone size-full wp-image-12680\" title=\"Matteo Motterlini\" src=\"https:\/\/empresas.infoempleo.com\/hrtrends\/media\/2011\/03\/MatteoMotterlini.jpg\" alt=\"\" width=\"184\" height=\"146\" \/><\/p>\n<h3>Matteo Motterlini, experto en Neuroeconom\u00eda.<\/h3>\n<p>Desde hace un decenio los m\u00e1s avanzados estudios de la neurociencia experimental han comenzado a desvelar nuestros instintos econ\u00f3micos cuando jugamos con el riesgo, las ganancias y las p\u00e9rdidas. <strong>\u00bfConocer mejor el cerebro de los inversores podr\u00eda ayudarnos?<\/strong> Esto ha motivado un estudio de un neurocient\u00edfico del <a href=\"https:\/\/www.bcm.edu\/\" target=\"_blank\" rel=\"noopener noreferrer\">Baylor College de Medicina de Houston<\/a>, Read\u00a0 Montague, y un economista experimental del <a href=\"https:\/\/www.caltech.edu\/\" target=\"_blank\" rel=\"noopener noreferrer\">Calthech<\/a>, Colin Camere, que se interesaron por nuestra vulnerabilidad ante las burbujas especulativas.<\/p>\n<p><strong>La respuesta la han buscado con la ayuda de la resonancia magn\u00e9tica funcional<\/strong>, yendo a buscar las activaciones cerebrales en un grupo de sujetos que participaban en\u00a0un \u00abjuego del inversor\u00bb. Cada participante recib\u00eda un poco de dinero y algunas informaciones sobre el estado \u00abactual\u00bb de los mercados de acciones. Entonces, compraba su portfolio y asist\u00eda al fluctuar de sus cotizaciones que \u2013 de manera oportuna\u2013 replicaban exactamente los valores del Dow Jones de 1929, del S&amp;P de 1987 y del Nasdaq de 1998. De ese modo se ha podido observar qu\u00e9 ocurr\u00eda en los cerebros de los inversores \u00abinVitro\u00bb.<\/p>\n<p>Como ya se sab\u00eda, la elecci\u00f3n de la inversi\u00f3n responde a una se\u00f1al proveniente del considerado centro dopamin\u00e9rgico de la recompensa. Se trata de centros que, dentro de una gran variedad de situaciones, consienten <strong>aprender de la experiencia a trav\u00e9s de un mecanismo de refuerzo basado en la comparaci\u00f3n entre la recompensa recibida y la que se esperaba.<\/strong> Las neuronas de las \u00e1reas indicadas reaccionan continuamente indicando la diferencia entre lo obtenido y lo que\u00a0 hubi\u00e9semos podido obtener si nuestra decisi\u00f3n hubiese sido distinta.<\/p>\n<p>Imagine que hubiese invertido un porcentaje de su portfolio y que, tras\u00a0 venderlo, lo ve crecer mientras se hincha la burbuja. La qu\u00edmica de sus neuronas dopamin\u00e9rgicas\u00a0reacciona a trav\u00e9s de ese mecanismo que le permite <strong>aprender de escenarios hipot\u00e9ticos haci\u00e9ndole sentir la diferencia entre la ganancia presente y la ganancia que habr\u00eda podido ser.\u00a0Cuanto mayor es esta distancia, mayor es el arrepentimiento.<\/strong> Y, como muestra el experimento, influir\u00e1 de un modo m\u00e1s fuerte en la elecci\u00f3n de la inversi\u00f3n sucesiva.<\/p>\n<p>Los mercados suben y compramos, puesto que no podemos arrepentirnos de habernos mantenido al margen. La burbuja explota y nos damos mucha prisa en vender, porque no queremos arrepentirnos de haber estado inmersos en ella. A la luz de los recientes resultados experimentales, <strong>confiar en nuestras propias neuronas dopamin\u00e9rgicas para vencer al mercado es,\u00a0 cuanto menos, poco sabio.<\/strong><\/p>\n","protected":false},"excerpt":{"rendered":"<p>Matteo Motterlini, experto en Neuroeconom\u00eda. Desde hace un decenio los m\u00e1s avanzados estudios de la neurociencia experimental han<a class=\"moretag\" href=\"https:\/\/empresas.infoempleo.com\/hrtrends\/el-cerebro-las-emociones-y-la-burbuja-financiera\/\"> Leer m\u00e1s<\/a><\/p>\n","protected":false},"author":72,"featured_media":29762,"comment_status":"closed","ping_status":"open","sticky":false,"template":"","format":"standard","meta":{"footnotes":""},"categories":[3],"tags":[2257],"class_list":["post-12679","post","type-post","status-publish","format-standard","has-post-thumbnail","hentry","category-actualidad","tag-inversion"],"yoast_head":"<!-- This site is optimized with the Yoast SEO plugin v26.1.1 - https:\/\/yoast.com\/wordpress\/plugins\/seo\/ -->\n<title>El cerebro, las emociones y la burbuja financiera | HRTRENDS<\/title>\n<meta name=\"robots\" content=\"index, follow, max-snippet:-1, max-image-preview:large, max-video-preview:-1\" \/>\n<link rel=\"canonical\" href=\"https:\/\/empresas.infoempleo.com\/hrtrends\/el-cerebro-las-emociones-y-la-burbuja-financiera\/\" \/>\n<meta property=\"og:locale\" content=\"es_ES\" \/>\n<meta property=\"og:type\" content=\"article\" \/>\n<meta property=\"og:title\" content=\"El cerebro, las emociones y la burbuja financiera | HRTRENDS\" \/>\n<meta property=\"og:description\" content=\"Matteo Motterlini, experto en Neuroeconom\u00eda. Desde hace un decenio los m\u00e1s avanzados estudios de la neurociencia experimental han Leer m\u00e1s\" \/>\n<meta property=\"og:url\" content=\"https:\/\/empresas.infoempleo.com\/hrtrends\/el-cerebro-las-emociones-y-la-burbuja-financiera\/\" \/>\n<meta property=\"og:site_name\" content=\"HRTRENDS\" \/>\n<meta property=\"article:publisher\" content=\"https:\/\/www.facebook.com\/Infoempleo\" \/>\n<meta property=\"article:published_time\" content=\"2011-03-28T08:38:11+00:00\" \/>\n<meta property=\"article:modified_time\" content=\"2018-05-23T15:30:44+00:00\" \/>\n<meta property=\"og:image\" content=\"https:\/\/empresas.infoempleo.com\/hrtrends\/media\/2011\/03\/pexels-photo-262272.jpeg\" \/>\n\t<meta property=\"og:image:width\" content=\"867\" \/>\n\t<meta property=\"og:image:height\" content=\"650\" \/>\n\t<meta property=\"og:image:type\" content=\"image\/jpeg\" \/>\n<meta name=\"author\" content=\"infoempleo\" \/>\n<meta name=\"twitter:card\" content=\"summary_large_image\" \/>\n<meta name=\"twitter:creator\" content=\"@infoempleo\" \/>\n<meta name=\"twitter:site\" content=\"@infoempleo\" \/>\n<meta name=\"twitter:label1\" content=\"Escrito por\" \/>\n\t<meta name=\"twitter:data1\" content=\"infoempleo\" \/>\n\t<meta name=\"twitter:label2\" content=\"Tiempo de lectura\" \/>\n\t<meta name=\"twitter:data2\" content=\"2 minutos\" \/>\n<script type=\"application\/ld+json\" class=\"yoast-schema-graph\">{\"@context\":\"https:\/\/schema.org\",\"@graph\":[{\"@type\":\"NewsArticle\",\"@id\":\"https:\/\/empresas.infoempleo.com\/hrtrends\/el-cerebro-las-emociones-y-la-burbuja-financiera\/#article\",\"isPartOf\":{\"@id\":\"https:\/\/empresas.infoempleo.com\/hrtrends\/el-cerebro-las-emociones-y-la-burbuja-financiera\/\"},\"author\":{\"name\":\"infoempleo\",\"@id\":\"https:\/\/empresas.infoempleo.com\/hrtrends\/#\/schema\/person\/67d3e276ffcc8b3ae0ebec816daf775a\"},\"headline\":\"El cerebro, las emociones y la burbuja financiera\",\"datePublished\":\"2011-03-28T08:38:11+00:00\",\"dateModified\":\"2018-05-23T15:30:44+00:00\",\"mainEntityOfPage\":{\"@id\":\"https:\/\/empresas.infoempleo.com\/hrtrends\/el-cerebro-las-emociones-y-la-burbuja-financiera\/\"},\"wordCount\":437,\"publisher\":{\"@id\":\"https:\/\/empresas.infoempleo.com\/hrtrends\/#organization\"},\"image\":{\"@id\":\"https:\/\/empresas.infoempleo.com\/hrtrends\/el-cerebro-las-emociones-y-la-burbuja-financiera\/#primaryimage\"},\"thumbnailUrl\":\"https:\/\/empresas.infoempleo.com\/hrtrends\/media\/2011\/03\/pexels-photo-262272.jpeg\",\"keywords\":[\"inversion\"],\"articleSection\":[\"Actualidad\"],\"inLanguage\":\"es\",\"copyrightYear\":\"2011\",\"copyrightHolder\":{\"@id\":\"https:\/\/empresas.infoempleo.com\/hrtrends\/#organization\"}},{\"@type\":\"WebPage\",\"@id\":\"https:\/\/empresas.infoempleo.com\/hrtrends\/el-cerebro-las-emociones-y-la-burbuja-financiera\/\",\"url\":\"https:\/\/empresas.infoempleo.com\/hrtrends\/el-cerebro-las-emociones-y-la-burbuja-financiera\/\",\"name\":\"El cerebro, las emociones y la burbuja financiera | HRTRENDS\",\"isPartOf\":{\"@id\":\"https:\/\/empresas.infoempleo.com\/hrtrends\/#website\"},\"primaryImageOfPage\":{\"@id\":\"https:\/\/empresas.infoempleo.com\/hrtrends\/el-cerebro-las-emociones-y-la-burbuja-financiera\/#primaryimage\"},\"image\":{\"@id\":\"https:\/\/empresas.infoempleo.com\/hrtrends\/el-cerebro-las-emociones-y-la-burbuja-financiera\/#primaryimage\"},\"thumbnailUrl\":\"https:\/\/empresas.infoempleo.com\/hrtrends\/media\/2011\/03\/pexels-photo-262272.jpeg\",\"datePublished\":\"2011-03-28T08:38:11+00:00\",\"dateModified\":\"2018-05-23T15:30:44+00:00\",\"breadcrumb\":{\"@id\":\"https:\/\/empresas.infoempleo.com\/hrtrends\/el-cerebro-las-emociones-y-la-burbuja-financiera\/#breadcrumb\"},\"inLanguage\":\"es\",\"potentialAction\":[{\"@type\":\"ReadAction\",\"target\":[\"https:\/\/empresas.infoempleo.com\/hrtrends\/el-cerebro-las-emociones-y-la-burbuja-financiera\/\"]}]},{\"@type\":\"ImageObject\",\"inLanguage\":\"es\",\"@id\":\"https:\/\/empresas.infoempleo.com\/hrtrends\/el-cerebro-las-emociones-y-la-burbuja-financiera\/#primaryimage\",\"url\":\"https:\/\/empresas.infoempleo.com\/hrtrends\/media\/2011\/03\/pexels-photo-262272-150x150.jpeg\",\"contentUrl\":\"https:\/\/empresas.infoempleo.com\/hrtrends\/media\/2011\/03\/pexels-photo-262272-150x150.jpeg\",\"width\":150,\"height\":150,\"caption\":\"Las emociones del dinero\"},{\"@type\":\"BreadcrumbList\",\"@id\":\"https:\/\/empresas.infoempleo.com\/hrtrends\/el-cerebro-las-emociones-y-la-burbuja-financiera\/#breadcrumb\",\"itemListElement\":[{\"@type\":\"ListItem\",\"position\":1,\"name\":\"Portada\",\"item\":\"https:\/\/empresas.infoempleo.com\/hrtrends\/\"},{\"@type\":\"ListItem\",\"position\":2,\"name\":\"El cerebro, las emociones y la burbuja financiera\"}]},{\"@type\":\"WebSite\",\"@id\":\"https:\/\/empresas.infoempleo.com\/hrtrends\/#website\",\"url\":\"https:\/\/empresas.infoempleo.com\/hrtrends\",\"name\":\"HRTrends by Infoempleo\",\"description\":\"\",\"publisher\":{\"@id\":\"https:\/\/empresas.infoempleo.com\/hrtrends\/#organization\"},\"potentialAction\":{\"@type\":\"SearchAction\",\"target\":\"https:\/\/empresas.infoempleo.com\/hrtrends\/?s={search_term_string}\",\"query-input\":\"required name=search_term_string\"},\"inLanguage\":\"es\"},{\"@type\":\"Organization\",\"@id\":\"https:\/\/empresas.infoempleo.com\/hrtrends\/#organization\",\"name\":\"Infoempleo\",\"url\":\"https:\/\/www.infoempleo.com\/\",\"logo\":{\"@type\":\"ImageObject\",\"@id\":\"https:\/\/empresas.infoempleo.com\/hrtrends\/#logo\",\"inLanguage\":\"es\",\"url\":\"https:\/\/cdnazure.infoempleo.com\/infoempleo\/assets\/style\/gfx\/logo.svg\",\"contentUrl\":\"https:\/\/cdnazure.infoempleo.com\/infoempleo\/assets\/style\/gfx\/logo.svg\",\"width\":150,\"height\":40,\"caption\":\"Infoempleo\"},\"image\":{\"@id\":\"https:\/\/empresas.infoempleo.com\/hrtrends\/#logo\"},\"sameAs\":[\"https:\/\/www.facebook.com\/Infoempleo\",\"https:\/\/x.com\/infoempleo\",\"http:\/\/instagram.com\/infoempleo\/\",\"http:\/\/www.linkedin.com\/groups\/Empleo-Espa\u00f1a-Infoempleocom-111276\",\"http:\/\/pinterest.com\/infoempleo\/\"],\"address\":{\"@type\":\"PostalAddress\",\"addressLocality\":\"Madrid\",\"postalCode\":\"28050\",\"streetAddress\":\"Avenida de Burgos 114\"},\"brand\":[\"Infoempleo\"]},{\"@type\":\"Person\",\"@id\":\"https:\/\/empresas.infoempleo.com\/hrtrends\/#\/schema\/person\/67d3e276ffcc8b3ae0ebec816daf775a\",\"name\":\"infoempleo\",\"image\":{\"@type\":\"ImageObject\",\"inLanguage\":\"es\",\"@id\":\"https:\/\/empresas.infoempleo.com\/hrtrends\/#\/schema\/person\/image\/\",\"url\":\"https:\/\/secure.gravatar.com\/avatar\/7b437777242fe67d2473c2a818da2344692d1ee91e91080ccffbd97bcd4a0975?s=96&d=mm&r=g\",\"contentUrl\":\"https:\/\/secure.gravatar.com\/avatar\/7b437777242fe67d2473c2a818da2344692d1ee91e91080ccffbd97bcd4a0975?s=96&d=mm&r=g\",\"caption\":\"infoempleo\"},\"url\":\"https:\/\/empresas.infoempleo.com\/hrtrends\/author\/infoempleo\/\"}]}<\/script>\n<!-- \/ Yoast SEO plugin. -->","yoast_head_json":{"title":"El cerebro, las emociones y la burbuja financiera | HRTRENDS","robots":{"index":"index","follow":"follow","max-snippet":"max-snippet:-1","max-image-preview":"max-image-preview:large","max-video-preview":"max-video-preview:-1"},"canonical":"https:\/\/empresas.infoempleo.com\/hrtrends\/el-cerebro-las-emociones-y-la-burbuja-financiera\/","og_locale":"es_ES","og_type":"article","og_title":"El cerebro, las emociones y la burbuja financiera | HRTRENDS","og_description":"Matteo Motterlini, experto en Neuroeconom\u00eda. Desde hace un decenio los m\u00e1s avanzados estudios de la neurociencia experimental han Leer m\u00e1s","og_url":"https:\/\/empresas.infoempleo.com\/hrtrends\/el-cerebro-las-emociones-y-la-burbuja-financiera\/","og_site_name":"HRTRENDS","article_publisher":"https:\/\/www.facebook.com\/Infoempleo","article_published_time":"2011-03-28T08:38:11+00:00","article_modified_time":"2018-05-23T15:30:44+00:00","og_image":[{"width":867,"height":650,"url":"https:\/\/empresas.infoempleo.com\/hrtrends\/media\/2011\/03\/pexels-photo-262272.jpeg","type":"image\/jpeg"}],"author":"infoempleo","twitter_card":"summary_large_image","twitter_creator":"@infoempleo","twitter_site":"@infoempleo","twitter_misc":{"Escrito por":"infoempleo","Tiempo de lectura":"2 minutos"},"schema":{"@context":"https:\/\/schema.org","@graph":[{"@type":"NewsArticle","@id":"https:\/\/empresas.infoempleo.com\/hrtrends\/el-cerebro-las-emociones-y-la-burbuja-financiera\/#article","isPartOf":{"@id":"https:\/\/empresas.infoempleo.com\/hrtrends\/el-cerebro-las-emociones-y-la-burbuja-financiera\/"},"author":{"name":"infoempleo","@id":"https:\/\/empresas.infoempleo.com\/hrtrends\/#\/schema\/person\/67d3e276ffcc8b3ae0ebec816daf775a"},"headline":"El cerebro, las emociones y la burbuja financiera","datePublished":"2011-03-28T08:38:11+00:00","dateModified":"2018-05-23T15:30:44+00:00","mainEntityOfPage":{"@id":"https:\/\/empresas.infoempleo.com\/hrtrends\/el-cerebro-las-emociones-y-la-burbuja-financiera\/"},"wordCount":437,"publisher":{"@id":"https:\/\/empresas.infoempleo.com\/hrtrends\/#organization"},"image":{"@id":"https:\/\/empresas.infoempleo.com\/hrtrends\/el-cerebro-las-emociones-y-la-burbuja-financiera\/#primaryimage"},"thumbnailUrl":"https:\/\/empresas.infoempleo.com\/hrtrends\/media\/2011\/03\/pexels-photo-262272.jpeg","keywords":["inversion"],"articleSection":["Actualidad"],"inLanguage":"es","copyrightYear":"2011","copyrightHolder":{"@id":"https:\/\/empresas.infoempleo.com\/hrtrends\/#organization"}},{"@type":"WebPage","@id":"https:\/\/empresas.infoempleo.com\/hrtrends\/el-cerebro-las-emociones-y-la-burbuja-financiera\/","url":"https:\/\/empresas.infoempleo.com\/hrtrends\/el-cerebro-las-emociones-y-la-burbuja-financiera\/","name":"El cerebro, las emociones y la burbuja financiera | HRTRENDS","isPartOf":{"@id":"https:\/\/empresas.infoempleo.com\/hrtrends\/#website"},"primaryImageOfPage":{"@id":"https:\/\/empresas.infoempleo.com\/hrtrends\/el-cerebro-las-emociones-y-la-burbuja-financiera\/#primaryimage"},"image":{"@id":"https:\/\/empresas.infoempleo.com\/hrtrends\/el-cerebro-las-emociones-y-la-burbuja-financiera\/#primaryimage"},"thumbnailUrl":"https:\/\/empresas.infoempleo.com\/hrtrends\/media\/2011\/03\/pexels-photo-262272.jpeg","datePublished":"2011-03-28T08:38:11+00:00","dateModified":"2018-05-23T15:30:44+00:00","breadcrumb":{"@id":"https:\/\/empresas.infoempleo.com\/hrtrends\/el-cerebro-las-emociones-y-la-burbuja-financiera\/#breadcrumb"},"inLanguage":"es","potentialAction":[{"@type":"ReadAction","target":["https:\/\/empresas.infoempleo.com\/hrtrends\/el-cerebro-las-emociones-y-la-burbuja-financiera\/"]}]},{"@type":"ImageObject","inLanguage":"es","@id":"https:\/\/empresas.infoempleo.com\/hrtrends\/el-cerebro-las-emociones-y-la-burbuja-financiera\/#primaryimage","url":"https:\/\/empresas.infoempleo.com\/hrtrends\/media\/2011\/03\/pexels-photo-262272-150x150.jpeg","contentUrl":"https:\/\/empresas.infoempleo.com\/hrtrends\/media\/2011\/03\/pexels-photo-262272-150x150.jpeg","width":150,"height":150,"caption":"Las emociones del dinero"},{"@type":"BreadcrumbList","@id":"https:\/\/empresas.infoempleo.com\/hrtrends\/el-cerebro-las-emociones-y-la-burbuja-financiera\/#breadcrumb","itemListElement":[{"@type":"ListItem","position":1,"name":"Portada","item":"https:\/\/empresas.infoempleo.com\/hrtrends\/"},{"@type":"ListItem","position":2,"name":"El cerebro, las emociones y la burbuja financiera"}]},{"@type":"WebSite","@id":"https:\/\/empresas.infoempleo.com\/hrtrends\/#website","url":"https:\/\/empresas.infoempleo.com\/hrtrends","name":"HRTrends by Infoempleo","description":"","publisher":{"@id":"https:\/\/empresas.infoempleo.com\/hrtrends\/#organization"},"potentialAction":{"@type":"SearchAction","target":"https:\/\/empresas.infoempleo.com\/hrtrends\/?s={search_term_string}","query-input":"required name=search_term_string"},"inLanguage":"es"},{"@type":"Organization","@id":"https:\/\/empresas.infoempleo.com\/hrtrends\/#organization","name":"Infoempleo","url":"https:\/\/www.infoempleo.com\/","logo":{"@type":"ImageObject","@id":"https:\/\/empresas.infoempleo.com\/hrtrends\/#logo","inLanguage":"es","url":"https:\/\/cdnazure.infoempleo.com\/infoempleo\/assets\/style\/gfx\/logo.svg","contentUrl":"https:\/\/cdnazure.infoempleo.com\/infoempleo\/assets\/style\/gfx\/logo.svg","width":150,"height":40,"caption":"Infoempleo"},"image":{"@id":"https:\/\/empresas.infoempleo.com\/hrtrends\/#logo"},"sameAs":["https:\/\/www.facebook.com\/Infoempleo","https:\/\/x.com\/infoempleo","http:\/\/instagram.com\/infoempleo\/","http:\/\/www.linkedin.com\/groups\/Empleo-Espa\u00f1a-Infoempleocom-111276","http:\/\/pinterest.com\/infoempleo\/"],"address":{"@type":"PostalAddress","addressLocality":"Madrid","postalCode":"28050","streetAddress":"Avenida de Burgos 114"},"brand":["Infoempleo"]},{"@type":"Person","@id":"https:\/\/empresas.infoempleo.com\/hrtrends\/#\/schema\/person\/67d3e276ffcc8b3ae0ebec816daf775a","name":"infoempleo","image":{"@type":"ImageObject","inLanguage":"es","@id":"https:\/\/empresas.infoempleo.com\/hrtrends\/#\/schema\/person\/image\/","url":"https:\/\/secure.gravatar.com\/avatar\/7b437777242fe67d2473c2a818da2344692d1ee91e91080ccffbd97bcd4a0975?s=96&d=mm&r=g","contentUrl":"https:\/\/secure.gravatar.com\/avatar\/7b437777242fe67d2473c2a818da2344692d1ee91e91080ccffbd97bcd4a0975?s=96&d=mm&r=g","caption":"infoempleo"},"url":"https:\/\/empresas.infoempleo.com\/hrtrends\/author\/infoempleo\/"}]}},"amp_enabled":true,"_links":{"self":[{"href":"https:\/\/empresas.infoempleo.com\/hrtrends\/wp-json\/wp\/v2\/posts\/12679","targetHints":{"allow":["GET"]}}],"collection":[{"href":"https:\/\/empresas.infoempleo.com\/hrtrends\/wp-json\/wp\/v2\/posts"}],"about":[{"href":"https:\/\/empresas.infoempleo.com\/hrtrends\/wp-json\/wp\/v2\/types\/post"}],"author":[{"embeddable":true,"href":"https:\/\/empresas.infoempleo.com\/hrtrends\/wp-json\/wp\/v2\/users\/72"}],"replies":[{"embeddable":true,"href":"https:\/\/empresas.infoempleo.com\/hrtrends\/wp-json\/wp\/v2\/comments?post=12679"}],"version-history":[{"count":0,"href":"https:\/\/empresas.infoempleo.com\/hrtrends\/wp-json\/wp\/v2\/posts\/12679\/revisions"}],"wp:featuredmedia":[{"embeddable":true,"href":"https:\/\/empresas.infoempleo.com\/hrtrends\/wp-json\/wp\/v2\/media\/29762"}],"wp:attachment":[{"href":"https:\/\/empresas.infoempleo.com\/hrtrends\/wp-json\/wp\/v2\/media?parent=12679"}],"wp:term":[{"taxonomy":"category","embeddable":true,"href":"https:\/\/empresas.infoempleo.com\/hrtrends\/wp-json\/wp\/v2\/categories?post=12679"},{"taxonomy":"post_tag","embeddable":true,"href":"https:\/\/empresas.infoempleo.com\/hrtrends\/wp-json\/wp\/v2\/tags?post=12679"}],"curies":[{"name":"wp","href":"https:\/\/api.w.org\/{rel}","templated":true}]}}