{"id":12320,"date":"2011-03-08T11:59:21","date_gmt":"2011-03-08T10:59:21","guid":{"rendered":"http:\/\/blog.infoempleo.com\/?p=12320"},"modified":"2018-05-23T17:31:42","modified_gmt":"2018-05-23T15:31:42","slug":"cuando-tener-demasiada-cualificacon-puede-ser-un-problema","status":"publish","type":"post","link":"https:\/\/empresas.infoempleo.com\/hrtrends\/cuando-tener-demasiada-cualificacon-puede-ser-un-problema\/","title":{"rendered":"Cuando tener demasiada cualificaci\u00f3n puede ser un problema"},"content":{"rendered":"<p style=\"text-align: left;\">Desde hace unos meses, los m\u00e1s pesimistas vienen hablando de una \u00abgeneraci\u00f3n perdida\u00bb por los problemas laborales. <strong>Dominique Strauss-Kahn, director gerente del Fondo Monetario Internacional (FMI),<\/strong> se ha mostrado especialmente grave en los \u00faltimos tiempos sobre esta cuesti\u00f3n. \u00ab<strong>Nos enfrentamos a la perspectiva de una \u2018generaci\u00f3n perdida\u2019 de gente joven destinada a sufrir durante toda su vida de peores empleos y\u00a0 condiciones sociales\u00bb<\/strong>. Y a\u00f1ade una inquietante profec\u00eda: \u00abEl patr\u00f3n de desequilibrios globales anterior a la crisis est\u00e1 reemergiendo. A medida que las tensiones entre los pa\u00edses se incrementen, podr\u00edamos ver un mayor proteccionismo comercial y financiero. Y, si las tensiones dentro de los pa\u00edses aumentan, podr\u00edamos ver una mayor inestabilidad social y pol\u00edtica dentro de las naciones&#8230; incluso guerra\u00bb.<\/p>\n<p>Seg\u00fan el informe <strong>\u00abTendencias mundiales del empleo en 2011\u00bb,<\/strong> elaborado por la Organizaci\u00f3n Internacional del Trabajo (OIT), en 2010 hab\u00eda 205 millones de personas sin empleo en el mundo y, de ellas, 27,6 millones lo han perdido solo de 2007 a esta parte. <strong>Lo peor se lo han llevado los j\u00f3venes de entre 15 y 24 a\u00f1os: el desempleo de este grupo de edad llega a los 77,7\u00a0 millones.<\/strong> El mayor incremento se ha registrado en Espa\u00f1a \u2013dice la OIT\u2013, donde el desempleo de los j\u00f3venes se ha duplicado, pasando de menos del 20% en 2007 a superar el 40% actual. Teniendo en cuenta que la tasa de desempleo juvenil en el mundo se estableci\u00f3 en un 12,6% en 2010, la situaci\u00f3n de nuestro pa\u00eds es dram\u00e1tica.<\/p>\n<h3>Sobrecualificados<\/h3>\n<p>Los universitarios, por el hecho de tener estudios superiores, lo tienen algo m\u00e1s f\u00e1cil, pero su trayectoria desde hace tres a\u00f1os tampoco ha sido un camino de rosas. <strong>El desempleo de los titulados superiores en Espa\u00f1a se duplic\u00f3 entre 2007 y 2009 hasta alcanzar una tasa del 9,4%, cuando en el resto de la UE el incremento fue de un punto, con un 4,8% de los licenciados y diplomados sin trabajo<\/strong>, seg\u00fan el \u00faltimo informe anual de la <a href=\"https:\/\/www.fundacioncyd.org\/\" target=\"_blank\" rel=\"noopener noreferrer\">Fundaci\u00f3n Conocimiento y Desarrollo<\/a>, presidida por Ana Patricia Bot\u00edn, responsable del Banco Santander en el Reino Unido.<\/p>\n<p><strong>Una alta cualificaci\u00f3n unida a la necesidad de ganarse la vida y acceder a un puesto de trabajo a como d\u00e9 lugar son un caldo de cultivo para que prolifere la sobrecualificaci\u00f3n, que se produce cuando la preparaci\u00f3n del empleado excede la que exige el puesto que se va a desempe\u00f1ar.<\/strong><\/p>\n<p>De esto tambi\u00e9n los espa\u00f1oles sabemos bastante. Seg\u00fan datos de la OCDE, <strong>Espa\u00f1a es el pa\u00eds con mayor nivel de sobrecualificaci\u00f3n en su poblaci\u00f3n laboral<\/strong> \u2013m\u00e1s del 25%\u2013, pero es que entre los j\u00f3venes la cifra se acerca al 44%. <strong>La sobrecualificaci\u00f3n genera desmotivaci\u00f3n en el empleado, pero puede llegar a convertirse en un problema de alcance nacional.<\/strong> As\u00ed lo ponen de manifiesto Juan Hern\u00e1ndez Armenteros, Jos\u00e9 Antonio P\u00e9rez Garc\u00eda y Jorge Hern\u00e1ndez Chica, director y autores, respectivamente, del informe \u00abLa Universidad espa\u00f1ola en cifras 2010\u00bb, publicada por la Conferencia de Rectores de las Universidades Espa\u00f1olas (CRUE). <strong>\u00abA nivel individual la sobrecualificaci\u00f3n produce insatisfacci\u00f3n laboral, menores salarios y propicia una merma en la rentabilidad econ\u00f3mica esperada por la inversi\u00f3n en educaci\u00f3n que semanifiesta negativamente en la productividad y, en consecuencia, en el crecimiento econ\u00f3mico del pa\u00eds\u00bb,<\/strong> afirman.<\/p>\n<h3>El CV \u00abmaquillado\u00bb<\/h3>\n<p>Con este panorama a la vista, <strong>la consultora <a href=\"https:\/\/www.adecco.es\/\" target=\"_blank\" rel=\"noopener noreferrer\">Adecco<\/a> ha detectado un fen\u00f3meno que, aunque no es grave<\/strong>, s\u00ed es, al menos, como para estar alerta. <strong>Algunos trabajadores con alta cualificaci\u00f3ny, al alim\u00f3n, desempleados de larga duraci\u00f3n, mienten en el curr\u00edculum, recortan su formaci\u00f3n con el fin de que un exceso de cualificaci\u00f3n no sea sin\u00f3nimo de rechazo cuando pretenden acceder a un puesto.<\/strong> \u00abEl porcentaje es muy peque\u00f1o, de entre un 5 y un 10%, as\u00ed que no es preocupante, pero esto s\u00ed nos est\u00e1 sirviendo para recomendar que el curr\u00edculum hay que realizarlo con honestidad\u00bb, afirma Susana Sousa, directora de servicio de Adecco.<\/p>\n<p>El n\u00famero de parados de larga duraci\u00f3n alcanza en Espa\u00f1a los dos millones de personas y muchos de ellos cuentan con una cualificaci\u00f3n media o alta, as\u00ed que deciden acudir a los procesos de selecci\u00f3n para empleos que est\u00e1n por debajo de su formaci\u00f3n y experiencia. \u00abHace 3 o 4 a\u00f1os costaba mucho cubrir algunos puestos, pero ahora mucha gente con una formaci\u00f3n diferente intentan acceder a ellos. Es el caso del \u2018call center\u2019 o el \u2018retail\u2019\u00bb, dice Sosa.<\/p>\n<p>Pero, <strong>\u00bfpor qu\u00e9 los encargados de selecci\u00f3n rechazan en ocasiones a los empleados con m\u00e1s formaci\u00f3n que la necesaria para el puesto? En general, porque opinan que la fidelidad del empleado puede ser menor<\/strong>. \u00abLo que\u00a0 pueden pensar los empleadores es que va a haber rotaci\u00f3n: si encuentran un puesto mejor, dejar\u00e1n este, no sin cierta raz\u00f3n\u00bb, opina la directora de servicio de Adecco.<\/p>\n<p>Sin embargo, a pesar de estas dificultades, la educaci\u00f3n nunca est\u00e1 de m\u00e1s ni puede convertirse en un bache para el empleo. \u00abLa formaci\u00f3n no pesa, aunque a veces puede sorprender que un ingeniero hable cuatro idiomas y no tenga trabajo\u00bb, dice Sosa. Lo que este ingeniero debe hacer en la\u00a0 entrevista de trabajo, seg\u00fan la experta, es <strong>demostrar que tiene ganas y utilizar justamente su elevada formaci\u00f3n como un beneficio para convencer de que es una persona constante y que ha invertidomucho esfuerzo personal en formarse<\/strong>. \u00abNo hay que esconder lo que hemos hecho,m\u00e1s bien habr\u00eda que preguntarle al entrevistador si, m\u00e1s adelante, habr\u00eda posibilidades de promocionar\u00bb, a\u00f1ade Sosa.<\/p>\n<p>El propio Ministro de Educaci\u00f3n, \u00c1ngel Gabilondo, ya intent\u00f3 zanjar el tema de la sobrecualificaci\u00f3n diciendo que \u00abnunca hay demasiada formaci\u00f3n, nunca hay sobrecualificaci\u00f3n\u00bb y, recientemente, en una conferencia, ha llegado a asegurar que quien no tenga formaci\u00f3n cualificada ser\u00e1 \u00abcarne de Expediente de Regulaci\u00f3n de Empleo\u00bb. Adem\u00e1s, ha a\u00f1adido que <strong>la formaci\u00f3n es \u00abla mejor inversi\u00f3n. Si alguien lo considera caro, que pruebe con la ignorancia. Entonces sabr\u00e1 lo que es caro de verdad\u00bb.<\/strong><\/p>\n","protected":false},"excerpt":{"rendered":"<p>Desde hace unos meses, los m\u00e1s pesimistas vienen hablando de una \u00abgeneraci\u00f3n perdida\u00bb por los problemas laborales. Dominique<a class=\"moretag\" href=\"https:\/\/empresas.infoempleo.com\/hrtrends\/cuando-tener-demasiada-cualificacon-puede-ser-un-problema\/\"> Leer m\u00e1s<\/a><\/p>\n","protected":false},"author":50,"featured_media":29860,"comment_status":"closed","ping_status":"open","sticky":false,"template":"","format":"standard","meta":{"footnotes":""},"categories":[3],"tags":[162,16,2331],"class_list":["post-12320","post","type-post","status-publish","format-standard","has-post-thumbnail","hentry","category-actualidad","tag-empleo","tag-paro","tag-sobrecualificacion"],"yoast_head":"<!-- This site is optimized with the Yoast SEO plugin v26.1.1 - https:\/\/yoast.com\/wordpress\/plugins\/seo\/ -->\n<title>Cuando tener demasiada cualificaci\u00f3n puede ser un problema | HRTRENDS<\/title>\n<meta name=\"robots\" content=\"index, follow, max-snippet:-1, max-image-preview:large, max-video-preview:-1\" \/>\n<link rel=\"canonical\" href=\"https:\/\/empresas.infoempleo.com\/hrtrends\/cuando-tener-demasiada-cualificacon-puede-ser-un-problema\/\" \/>\n<meta property=\"og:locale\" content=\"es_ES\" \/>\n<meta property=\"og:type\" content=\"article\" \/>\n<meta property=\"og:title\" content=\"Cuando tener demasiada cualificaci\u00f3n puede ser un problema | HRTRENDS\" \/>\n<meta property=\"og:description\" content=\"Desde hace unos meses, los m\u00e1s pesimistas vienen hablando de una \u00abgeneraci\u00f3n perdida\u00bb por los problemas laborales. Dominique Leer m\u00e1s\" \/>\n<meta property=\"og:url\" content=\"https:\/\/empresas.infoempleo.com\/hrtrends\/cuando-tener-demasiada-cualificacon-puede-ser-un-problema\/\" \/>\n<meta property=\"og:site_name\" content=\"HRTRENDS\" \/>\n<meta property=\"article:publisher\" content=\"https:\/\/www.facebook.com\/Infoempleo\" \/>\n<meta property=\"article:published_time\" content=\"2011-03-08T10:59:21+00:00\" \/>\n<meta property=\"article:modified_time\" content=\"2018-05-23T15:31:42+00:00\" \/>\n<meta property=\"og:image\" content=\"https:\/\/empresas.infoempleo.com\/hrtrends\/media\/2011\/03\/pexels-photo-262485.jpeg\" \/>\n\t<meta property=\"og:image:width\" content=\"940\" \/>\n\t<meta property=\"og:image:height\" content=\"624\" \/>\n\t<meta property=\"og:image:type\" content=\"image\/jpeg\" \/>\n<meta name=\"author\" content=\"Sergio Mu\u00f1oz\" \/>\n<meta name=\"twitter:card\" content=\"summary_large_image\" \/>\n<meta name=\"twitter:creator\" content=\"@infoempleo\" \/>\n<meta name=\"twitter:site\" content=\"@infoempleo\" \/>\n<meta name=\"twitter:label1\" content=\"Escrito por\" \/>\n\t<meta name=\"twitter:data1\" content=\"Sergio Mu\u00f1oz\" \/>\n\t<meta name=\"twitter:label2\" content=\"Tiempo de lectura\" \/>\n\t<meta name=\"twitter:data2\" content=\"5 minutos\" \/>\n<script type=\"application\/ld+json\" class=\"yoast-schema-graph\">{\"@context\":\"https:\/\/schema.org\",\"@graph\":[{\"@type\":\"NewsArticle\",\"@id\":\"https:\/\/empresas.infoempleo.com\/hrtrends\/cuando-tener-demasiada-cualificacon-puede-ser-un-problema\/#article\",\"isPartOf\":{\"@id\":\"https:\/\/empresas.infoempleo.com\/hrtrends\/cuando-tener-demasiada-cualificacon-puede-ser-un-problema\/\"},\"author\":{\"name\":\"Sergio Mu\u00f1oz\",\"@id\":\"https:\/\/empresas.infoempleo.com\/hrtrends\/#\/schema\/person\/6eed0717dd6d324ad674543577f7d352\"},\"headline\":\"Cuando tener demasiada cualificaci\u00f3n puede ser un problema\",\"datePublished\":\"2011-03-08T10:59:21+00:00\",\"dateModified\":\"2018-05-23T15:31:42+00:00\",\"mainEntityOfPage\":{\"@id\":\"https:\/\/empresas.infoempleo.com\/hrtrends\/cuando-tener-demasiada-cualificacon-puede-ser-un-problema\/\"},\"wordCount\":1055,\"publisher\":{\"@id\":\"https:\/\/empresas.infoempleo.com\/hrtrends\/#organization\"},\"image\":{\"@id\":\"https:\/\/empresas.infoempleo.com\/hrtrends\/cuando-tener-demasiada-cualificacon-puede-ser-un-problema\/#primaryimage\"},\"thumbnailUrl\":\"https:\/\/empresas.infoempleo.com\/hrtrends\/media\/2011\/03\/pexels-photo-262485.jpeg\",\"keywords\":[\"Empleo\",\"paro\",\"sobrecualificaci\u00f3n\"],\"articleSection\":[\"Actualidad\"],\"inLanguage\":\"es\",\"copyrightYear\":\"2011\",\"copyrightHolder\":{\"@id\":\"https:\/\/empresas.infoempleo.com\/hrtrends\/#organization\"}},{\"@type\":\"WebPage\",\"@id\":\"https:\/\/empresas.infoempleo.com\/hrtrends\/cuando-tener-demasiada-cualificacon-puede-ser-un-problema\/\",\"url\":\"https:\/\/empresas.infoempleo.com\/hrtrends\/cuando-tener-demasiada-cualificacon-puede-ser-un-problema\/\",\"name\":\"Cuando tener demasiada cualificaci\u00f3n puede ser un problema | HRTRENDS\",\"isPartOf\":{\"@id\":\"https:\/\/empresas.infoempleo.com\/hrtrends\/#website\"},\"primaryImageOfPage\":{\"@id\":\"https:\/\/empresas.infoempleo.com\/hrtrends\/cuando-tener-demasiada-cualificacon-puede-ser-un-problema\/#primaryimage\"},\"image\":{\"@id\":\"https:\/\/empresas.infoempleo.com\/hrtrends\/cuando-tener-demasiada-cualificacon-puede-ser-un-problema\/#primaryimage\"},\"thumbnailUrl\":\"https:\/\/empresas.infoempleo.com\/hrtrends\/media\/2011\/03\/pexels-photo-262485.jpeg\",\"datePublished\":\"2011-03-08T10:59:21+00:00\",\"dateModified\":\"2018-05-23T15:31:42+00:00\",\"breadcrumb\":{\"@id\":\"https:\/\/empresas.infoempleo.com\/hrtrends\/cuando-tener-demasiada-cualificacon-puede-ser-un-problema\/#breadcrumb\"},\"inLanguage\":\"es\",\"potentialAction\":[{\"@type\":\"ReadAction\",\"target\":[\"https:\/\/empresas.infoempleo.com\/hrtrends\/cuando-tener-demasiada-cualificacon-puede-ser-un-problema\/\"]}]},{\"@type\":\"ImageObject\",\"inLanguage\":\"es\",\"@id\":\"https:\/\/empresas.infoempleo.com\/hrtrends\/cuando-tener-demasiada-cualificacon-puede-ser-un-problema\/#primaryimage\",\"url\":\"https:\/\/empresas.infoempleo.com\/hrtrends\/media\/2011\/03\/pexels-photo-262485-150x150.jpeg\",\"contentUrl\":\"https:\/\/empresas.infoempleo.com\/hrtrends\/media\/2011\/03\/pexels-photo-262485-150x150.jpeg\",\"width\":150,\"height\":150,\"caption\":\"Sobrecualificaci\u00f3n\"},{\"@type\":\"BreadcrumbList\",\"@id\":\"https:\/\/empresas.infoempleo.com\/hrtrends\/cuando-tener-demasiada-cualificacon-puede-ser-un-problema\/#breadcrumb\",\"itemListElement\":[{\"@type\":\"ListItem\",\"position\":1,\"name\":\"Portada\",\"item\":\"https:\/\/empresas.infoempleo.com\/hrtrends\/\"},{\"@type\":\"ListItem\",\"position\":2,\"name\":\"Cuando tener demasiada cualificaci\u00f3n puede ser un problema\"}]},{\"@type\":\"WebSite\",\"@id\":\"https:\/\/empresas.infoempleo.com\/hrtrends\/#website\",\"url\":\"https:\/\/empresas.infoempleo.com\/hrtrends\",\"name\":\"HRTrends by Infoempleo\",\"description\":\"\",\"publisher\":{\"@id\":\"https:\/\/empresas.infoempleo.com\/hrtrends\/#organization\"},\"potentialAction\":{\"@type\":\"SearchAction\",\"target\":\"https:\/\/empresas.infoempleo.com\/hrtrends\/?s={search_term_string}\",\"query-input\":\"required name=search_term_string\"},\"inLanguage\":\"es\"},{\"@type\":\"Organization\",\"@id\":\"https:\/\/empresas.infoempleo.com\/hrtrends\/#organization\",\"name\":\"Infoempleo\",\"url\":\"https:\/\/www.infoempleo.com\/\",\"logo\":{\"@type\":\"ImageObject\",\"@id\":\"https:\/\/empresas.infoempleo.com\/hrtrends\/#logo\",\"inLanguage\":\"es\",\"url\":\"https:\/\/cdnazure.infoempleo.com\/infoempleo\/assets\/style\/gfx\/logo.svg\",\"contentUrl\":\"https:\/\/cdnazure.infoempleo.com\/infoempleo\/assets\/style\/gfx\/logo.svg\",\"width\":150,\"height\":40,\"caption\":\"Infoempleo\"},\"image\":{\"@id\":\"https:\/\/empresas.infoempleo.com\/hrtrends\/#logo\"},\"sameAs\":[\"https:\/\/www.facebook.com\/Infoempleo\",\"https:\/\/x.com\/infoempleo\",\"http:\/\/instagram.com\/infoempleo\/\",\"http:\/\/www.linkedin.com\/groups\/Empleo-Espa\u00f1a-Infoempleocom-111276\",\"http:\/\/pinterest.com\/infoempleo\/\"],\"address\":{\"@type\":\"PostalAddress\",\"addressLocality\":\"Madrid\",\"postalCode\":\"28050\",\"streetAddress\":\"Avenida de Burgos 114\"},\"brand\":[\"Infoempleo\"]},{\"@type\":\"Person\",\"@id\":\"https:\/\/empresas.infoempleo.com\/hrtrends\/#\/schema\/person\/6eed0717dd6d324ad674543577f7d352\",\"name\":\"Sergio Mu\u00f1oz\",\"image\":{\"@type\":\"ImageObject\",\"inLanguage\":\"es\",\"@id\":\"https:\/\/empresas.infoempleo.com\/hrtrends\/#\/schema\/person\/image\/\",\"url\":\"https:\/\/secure.gravatar.com\/avatar\/e7731161b4b74cbcb9baea8553044aadfdf78c0164ca104016474818fd843019?s=96&d=mm&r=g\",\"contentUrl\":\"https:\/\/secure.gravatar.com\/avatar\/e7731161b4b74cbcb9baea8553044aadfdf78c0164ca104016474818fd843019?s=96&d=mm&r=g\",\"caption\":\"Sergio Mu\u00f1oz\"},\"url\":\"https:\/\/empresas.infoempleo.com\/hrtrends\/author\/sergio-munoz\/\"}]}<\/script>\n<!-- \/ Yoast SEO plugin. -->","yoast_head_json":{"title":"Cuando tener demasiada cualificaci\u00f3n puede ser un problema | HRTRENDS","robots":{"index":"index","follow":"follow","max-snippet":"max-snippet:-1","max-image-preview":"max-image-preview:large","max-video-preview":"max-video-preview:-1"},"canonical":"https:\/\/empresas.infoempleo.com\/hrtrends\/cuando-tener-demasiada-cualificacon-puede-ser-un-problema\/","og_locale":"es_ES","og_type":"article","og_title":"Cuando tener demasiada cualificaci\u00f3n puede ser un problema | HRTRENDS","og_description":"Desde hace unos meses, los m\u00e1s pesimistas vienen hablando de una \u00abgeneraci\u00f3n perdida\u00bb por los problemas laborales. Dominique Leer m\u00e1s","og_url":"https:\/\/empresas.infoempleo.com\/hrtrends\/cuando-tener-demasiada-cualificacon-puede-ser-un-problema\/","og_site_name":"HRTRENDS","article_publisher":"https:\/\/www.facebook.com\/Infoempleo","article_published_time":"2011-03-08T10:59:21+00:00","article_modified_time":"2018-05-23T15:31:42+00:00","og_image":[{"width":940,"height":624,"url":"https:\/\/empresas.infoempleo.com\/hrtrends\/media\/2011\/03\/pexels-photo-262485.jpeg","type":"image\/jpeg"}],"author":"Sergio Mu\u00f1oz","twitter_card":"summary_large_image","twitter_creator":"@infoempleo","twitter_site":"@infoempleo","twitter_misc":{"Escrito por":"Sergio Mu\u00f1oz","Tiempo de lectura":"5 minutos"},"schema":{"@context":"https:\/\/schema.org","@graph":[{"@type":"NewsArticle","@id":"https:\/\/empresas.infoempleo.com\/hrtrends\/cuando-tener-demasiada-cualificacon-puede-ser-un-problema\/#article","isPartOf":{"@id":"https:\/\/empresas.infoempleo.com\/hrtrends\/cuando-tener-demasiada-cualificacon-puede-ser-un-problema\/"},"author":{"name":"Sergio Mu\u00f1oz","@id":"https:\/\/empresas.infoempleo.com\/hrtrends\/#\/schema\/person\/6eed0717dd6d324ad674543577f7d352"},"headline":"Cuando tener demasiada cualificaci\u00f3n puede ser un problema","datePublished":"2011-03-08T10:59:21+00:00","dateModified":"2018-05-23T15:31:42+00:00","mainEntityOfPage":{"@id":"https:\/\/empresas.infoempleo.com\/hrtrends\/cuando-tener-demasiada-cualificacon-puede-ser-un-problema\/"},"wordCount":1055,"publisher":{"@id":"https:\/\/empresas.infoempleo.com\/hrtrends\/#organization"},"image":{"@id":"https:\/\/empresas.infoempleo.com\/hrtrends\/cuando-tener-demasiada-cualificacon-puede-ser-un-problema\/#primaryimage"},"thumbnailUrl":"https:\/\/empresas.infoempleo.com\/hrtrends\/media\/2011\/03\/pexels-photo-262485.jpeg","keywords":["Empleo","paro","sobrecualificaci\u00f3n"],"articleSection":["Actualidad"],"inLanguage":"es","copyrightYear":"2011","copyrightHolder":{"@id":"https:\/\/empresas.infoempleo.com\/hrtrends\/#organization"}},{"@type":"WebPage","@id":"https:\/\/empresas.infoempleo.com\/hrtrends\/cuando-tener-demasiada-cualificacon-puede-ser-un-problema\/","url":"https:\/\/empresas.infoempleo.com\/hrtrends\/cuando-tener-demasiada-cualificacon-puede-ser-un-problema\/","name":"Cuando tener demasiada cualificaci\u00f3n puede ser un problema | HRTRENDS","isPartOf":{"@id":"https:\/\/empresas.infoempleo.com\/hrtrends\/#website"},"primaryImageOfPage":{"@id":"https:\/\/empresas.infoempleo.com\/hrtrends\/cuando-tener-demasiada-cualificacon-puede-ser-un-problema\/#primaryimage"},"image":{"@id":"https:\/\/empresas.infoempleo.com\/hrtrends\/cuando-tener-demasiada-cualificacon-puede-ser-un-problema\/#primaryimage"},"thumbnailUrl":"https:\/\/empresas.infoempleo.com\/hrtrends\/media\/2011\/03\/pexels-photo-262485.jpeg","datePublished":"2011-03-08T10:59:21+00:00","dateModified":"2018-05-23T15:31:42+00:00","breadcrumb":{"@id":"https:\/\/empresas.infoempleo.com\/hrtrends\/cuando-tener-demasiada-cualificacon-puede-ser-un-problema\/#breadcrumb"},"inLanguage":"es","potentialAction":[{"@type":"ReadAction","target":["https:\/\/empresas.infoempleo.com\/hrtrends\/cuando-tener-demasiada-cualificacon-puede-ser-un-problema\/"]}]},{"@type":"ImageObject","inLanguage":"es","@id":"https:\/\/empresas.infoempleo.com\/hrtrends\/cuando-tener-demasiada-cualificacon-puede-ser-un-problema\/#primaryimage","url":"https:\/\/empresas.infoempleo.com\/hrtrends\/media\/2011\/03\/pexels-photo-262485-150x150.jpeg","contentUrl":"https:\/\/empresas.infoempleo.com\/hrtrends\/media\/2011\/03\/pexels-photo-262485-150x150.jpeg","width":150,"height":150,"caption":"Sobrecualificaci\u00f3n"},{"@type":"BreadcrumbList","@id":"https:\/\/empresas.infoempleo.com\/hrtrends\/cuando-tener-demasiada-cualificacon-puede-ser-un-problema\/#breadcrumb","itemListElement":[{"@type":"ListItem","position":1,"name":"Portada","item":"https:\/\/empresas.infoempleo.com\/hrtrends\/"},{"@type":"ListItem","position":2,"name":"Cuando tener demasiada cualificaci\u00f3n puede ser un problema"}]},{"@type":"WebSite","@id":"https:\/\/empresas.infoempleo.com\/hrtrends\/#website","url":"https:\/\/empresas.infoempleo.com\/hrtrends","name":"HRTrends by Infoempleo","description":"","publisher":{"@id":"https:\/\/empresas.infoempleo.com\/hrtrends\/#organization"},"potentialAction":{"@type":"SearchAction","target":"https:\/\/empresas.infoempleo.com\/hrtrends\/?s={search_term_string}","query-input":"required name=search_term_string"},"inLanguage":"es"},{"@type":"Organization","@id":"https:\/\/empresas.infoempleo.com\/hrtrends\/#organization","name":"Infoempleo","url":"https:\/\/www.infoempleo.com\/","logo":{"@type":"ImageObject","@id":"https:\/\/empresas.infoempleo.com\/hrtrends\/#logo","inLanguage":"es","url":"https:\/\/cdnazure.infoempleo.com\/infoempleo\/assets\/style\/gfx\/logo.svg","contentUrl":"https:\/\/cdnazure.infoempleo.com\/infoempleo\/assets\/style\/gfx\/logo.svg","width":150,"height":40,"caption":"Infoempleo"},"image":{"@id":"https:\/\/empresas.infoempleo.com\/hrtrends\/#logo"},"sameAs":["https:\/\/www.facebook.com\/Infoempleo","https:\/\/x.com\/infoempleo","http:\/\/instagram.com\/infoempleo\/","http:\/\/www.linkedin.com\/groups\/Empleo-Espa\u00f1a-Infoempleocom-111276","http:\/\/pinterest.com\/infoempleo\/"],"address":{"@type":"PostalAddress","addressLocality":"Madrid","postalCode":"28050","streetAddress":"Avenida de Burgos 114"},"brand":["Infoempleo"]},{"@type":"Person","@id":"https:\/\/empresas.infoempleo.com\/hrtrends\/#\/schema\/person\/6eed0717dd6d324ad674543577f7d352","name":"Sergio Mu\u00f1oz","image":{"@type":"ImageObject","inLanguage":"es","@id":"https:\/\/empresas.infoempleo.com\/hrtrends\/#\/schema\/person\/image\/","url":"https:\/\/secure.gravatar.com\/avatar\/e7731161b4b74cbcb9baea8553044aadfdf78c0164ca104016474818fd843019?s=96&d=mm&r=g","contentUrl":"https:\/\/secure.gravatar.com\/avatar\/e7731161b4b74cbcb9baea8553044aadfdf78c0164ca104016474818fd843019?s=96&d=mm&r=g","caption":"Sergio Mu\u00f1oz"},"url":"https:\/\/empresas.infoempleo.com\/hrtrends\/author\/sergio-munoz\/"}]}},"amp_enabled":true,"_links":{"self":[{"href":"https:\/\/empresas.infoempleo.com\/hrtrends\/wp-json\/wp\/v2\/posts\/12320","targetHints":{"allow":["GET"]}}],"collection":[{"href":"https:\/\/empresas.infoempleo.com\/hrtrends\/wp-json\/wp\/v2\/posts"}],"about":[{"href":"https:\/\/empresas.infoempleo.com\/hrtrends\/wp-json\/wp\/v2\/types\/post"}],"author":[{"embeddable":true,"href":"https:\/\/empresas.infoempleo.com\/hrtrends\/wp-json\/wp\/v2\/users\/50"}],"replies":[{"embeddable":true,"href":"https:\/\/empresas.infoempleo.com\/hrtrends\/wp-json\/wp\/v2\/comments?post=12320"}],"version-history":[{"count":0,"href":"https:\/\/empresas.infoempleo.com\/hrtrends\/wp-json\/wp\/v2\/posts\/12320\/revisions"}],"wp:featuredmedia":[{"embeddable":true,"href":"https:\/\/empresas.infoempleo.com\/hrtrends\/wp-json\/wp\/v2\/media\/29860"}],"wp:attachment":[{"href":"https:\/\/empresas.infoempleo.com\/hrtrends\/wp-json\/wp\/v2\/media?parent=12320"}],"wp:term":[{"taxonomy":"category","embeddable":true,"href":"https:\/\/empresas.infoempleo.com\/hrtrends\/wp-json\/wp\/v2\/categories?post=12320"},{"taxonomy":"post_tag","embeddable":true,"href":"https:\/\/empresas.infoempleo.com\/hrtrends\/wp-json\/wp\/v2\/tags?post=12320"}],"curies":[{"name":"wp","href":"https:\/\/api.w.org\/{rel}","templated":true}]}}