{"id":12314,"date":"2011-03-08T11:14:02","date_gmt":"2011-03-08T10:14:02","guid":{"rendered":"http:\/\/blog.infoempleo.com\/?p=12314"},"modified":"2018-05-23T17:31:42","modified_gmt":"2018-05-23T15:31:42","slug":"sostenibilidad-y-desarrollo-empresarial","status":"publish","type":"post","link":"https:\/\/empresas.infoempleo.com\/hrtrends\/sostenibilidad-y-desarrollo-empresarial\/","title":{"rendered":"Sostenibilidad y desarrollo empresarial"},"content":{"rendered":"<p><img loading=\"lazy\" decoding=\"async\" class=\"alignnone size-full wp-image-12315\" title=\"Francisco Lozano\" src=\"https:\/\/empresas.infoempleo.com\/hrtrends\/media\/2011\/03\/FranciscoLozano.jpg\" alt=\"\" width=\"181\" height=\"161\" \/><\/p>\n<h3>Francisco Lozano Winterhalder, experto en Sostenibilidad y Medioambiente.<\/h3>\n<p>De todas las etapas de cambio vividas por la humanidad hasta ahora, la presente es la m\u00e1s emocionante pero la m\u00e1s arriesgada.<strong> La naturaleza ha dicho basta y esa criatura inquieta y cuantas veces irresponsable que llamamos homo sapiens debe aprender de una vez a convivir con quienes le\u00a0 acompa\u00f1an en el viaje c\u00f3smico de esta arm\u00f3nica nave que llamamos Tierra.<\/strong><\/p>\n<p>Es necesario <strong>aunar esfuerzos por parte\u00a0del sector p\u00fablico, los ciudadanos de a pie y, por supuesto, del sector privado<\/strong> en aras a no tan solo tener futuro como especie, sino tambi\u00e9n a mejorar la calidad de vida de todos los seres humanos.<\/p>\n<p>De los factores que han provocado el desequilibrio planetario, hay dos que parece que tardar\u00e1n en dar sus frutos en ese sentido citado: el <strong>incremento de poblaci\u00f3n<\/strong>, que no se estabilizar\u00e1 seg\u00fan los expertos de la ONU hasta 2050; y el <strong>consumo ausente de criterios de minimizaci\u00f3n de impactos<\/strong> que se dio en Occidente en d\u00e9cadas pasadas, y que ahora se practica en pa\u00edses\u00a0 emergentes.<\/p>\n<p>Pero el gran reto del futuro inmediato tiene que ver con el tercer factor, la tecnolog\u00eda.<strong> Quien sea capaz de innovar, conseguir una mayor eficacia y eficiencia, conquistar\u00e1 los mercados de un nuevo mundo globalizado.<\/strong> Y no ser\u00e1 por su militancia pro ambientalista,\u00a0sino porque <strong>quien integre criterios b\u00e1sicos de sostenibilidad en todos los eslabones de la empresa tendr\u00e1 como\u00a0consecuencia la reducci\u00f3n de los costes de producci\u00f3n y distribuci\u00f3n, la mejora de la cuenta de resultados y una imagen corporativa ante la sociedad sensiblemente mejorada. <\/strong>Y, es m\u00e1s, generando m\u00e1rgenes de beneficio suficientes para la creaci\u00f3n de empleo, am\u00e9n de las nuevas iniciativas que pueden surgir para los nuevos emprendedores.<\/p>\n<p>En los m\u00e1s de cuarenta pa\u00edses donde he tenido ya el placer de hablar no paro de transmitir la idea de que <strong>la sostenibilidad es igual a ahorro y, \u00e9ste, la mejora de la\u00a0cuenta de resultado, lo cual anima a crear nuevos proyectos empresariales y de empleo.<\/strong> Los ejemplos de empresas triunfadoras en plena crisis por la inclusi\u00f3n de estrategias de gesti\u00f3n sostenible en su din\u00e1mica propia son numeros\u00edsimas: BBVA, Ferrovial, Telef\u00f3nica\u2026 Y de gobiernos que miran\u00a0a\u00a0un futuro, que ya casi es presente, como el noruego, que acaba de elaborar un Libro Blanco para hacer de la sostenibilidad el motor de la econom\u00eda.<\/p>\n<p>Hagamos de este mundo, pues, un planeta mejor y, cr\u00e9anme, si aunamos esfuerzos y entendemos bien el procedimiento \u2013sin\u00e9rgico, a priori, con todos los sectores de la sociedad\u2013 habremos demostrado, no solo sensibilidad, sino tambi\u00e9n inteligencia. Quiz\u00e1s entonces ya mereceremos\u00a0 llamarnos homo sapiens.<\/p>\n","protected":false},"excerpt":{"rendered":"<p>Francisco Lozano Winterhalder, experto en Sostenibilidad y Medioambiente. De todas las etapas de cambio vividas por la humanidad<a class=\"moretag\" href=\"https:\/\/empresas.infoempleo.com\/hrtrends\/sostenibilidad-y-desarrollo-empresarial\/\"> Leer m\u00e1s<\/a><\/p>\n","protected":false},"author":72,"featured_media":30129,"comment_status":"closed","ping_status":"open","sticky":false,"template":"","format":"standard","meta":{"footnotes":""},"categories":[3],"tags":[18,1263,1368,1395,1014],"class_list":["post-12314","post","type-post","status-publish","format-standard","has-post-thumbnail","hentry","category-actualidad","tag-empresa","tag-globalizacion","tag-medioambiente","tag-negocio","tag-sostenibilidad"],"yoast_head":"<!-- This site is optimized with the Yoast SEO plugin v26.1.1 - https:\/\/yoast.com\/wordpress\/plugins\/seo\/ -->\n<title>Sostenibilidad y desarrollo empresarial | HRTRENDS<\/title>\n<meta name=\"robots\" content=\"index, follow, max-snippet:-1, max-image-preview:large, max-video-preview:-1\" \/>\n<link rel=\"canonical\" href=\"https:\/\/empresas.infoempleo.com\/hrtrends\/sostenibilidad-y-desarrollo-empresarial\/\" \/>\n<meta property=\"og:locale\" content=\"es_ES\" \/>\n<meta property=\"og:type\" content=\"article\" \/>\n<meta property=\"og:title\" content=\"Sostenibilidad y desarrollo empresarial | HRTRENDS\" \/>\n<meta property=\"og:description\" content=\"Francisco Lozano Winterhalder, experto en Sostenibilidad y Medioambiente. De todas las etapas de cambio vividas por la humanidad Leer m\u00e1s\" \/>\n<meta property=\"og:url\" content=\"https:\/\/empresas.infoempleo.com\/hrtrends\/sostenibilidad-y-desarrollo-empresarial\/\" \/>\n<meta property=\"og:site_name\" content=\"HRTRENDS\" \/>\n<meta property=\"article:publisher\" content=\"https:\/\/www.facebook.com\/Infoempleo\" \/>\n<meta property=\"article:published_time\" content=\"2011-03-08T10:14:02+00:00\" \/>\n<meta property=\"article:modified_time\" content=\"2018-05-23T15:31:42+00:00\" \/>\n<meta property=\"og:image\" content=\"https:\/\/empresas.infoempleo.com\/hrtrends\/media\/2011\/03\/sostenibilidad-e1496141748686.jpg\" \/>\n\t<meta property=\"og:image:width\" content=\"800\" \/>\n\t<meta property=\"og:image:height\" content=\"450\" \/>\n\t<meta property=\"og:image:type\" content=\"image\/jpeg\" \/>\n<meta name=\"author\" content=\"infoempleo\" \/>\n<meta name=\"twitter:card\" content=\"summary_large_image\" \/>\n<meta name=\"twitter:creator\" content=\"@infoempleo\" \/>\n<meta name=\"twitter:site\" content=\"@infoempleo\" \/>\n<meta name=\"twitter:label1\" content=\"Escrito por\" \/>\n\t<meta name=\"twitter:data1\" content=\"infoempleo\" \/>\n\t<meta name=\"twitter:label2\" content=\"Tiempo de lectura\" \/>\n\t<meta name=\"twitter:data2\" content=\"2 minutos\" \/>\n<script type=\"application\/ld+json\" class=\"yoast-schema-graph\">{\"@context\":\"https:\/\/schema.org\",\"@graph\":[{\"@type\":\"NewsArticle\",\"@id\":\"https:\/\/empresas.infoempleo.com\/hrtrends\/sostenibilidad-y-desarrollo-empresarial\/#article\",\"isPartOf\":{\"@id\":\"https:\/\/empresas.infoempleo.com\/hrtrends\/sostenibilidad-y-desarrollo-empresarial\/\"},\"author\":{\"name\":\"infoempleo\",\"@id\":\"https:\/\/empresas.infoempleo.com\/hrtrends\/#\/schema\/person\/67d3e276ffcc8b3ae0ebec816daf775a\"},\"headline\":\"Sostenibilidad y desarrollo empresarial\",\"datePublished\":\"2011-03-08T10:14:02+00:00\",\"dateModified\":\"2018-05-23T15:31:42+00:00\",\"mainEntityOfPage\":{\"@id\":\"https:\/\/empresas.infoempleo.com\/hrtrends\/sostenibilidad-y-desarrollo-empresarial\/\"},\"wordCount\":474,\"publisher\":{\"@id\":\"https:\/\/empresas.infoempleo.com\/hrtrends\/#organization\"},\"image\":{\"@id\":\"https:\/\/empresas.infoempleo.com\/hrtrends\/sostenibilidad-y-desarrollo-empresarial\/#primaryimage\"},\"thumbnailUrl\":\"https:\/\/empresas.infoempleo.com\/hrtrends\/media\/2011\/03\/sostenibilidad-e1496141748686.jpg\",\"keywords\":[\"empresa\",\"globalizaci\u00f3n\",\"medioambiente\",\"negocio\",\"sostenibilidad\"],\"articleSection\":[\"Actualidad\"],\"inLanguage\":\"es\",\"copyrightYear\":\"2011\",\"copyrightHolder\":{\"@id\":\"https:\/\/empresas.infoempleo.com\/hrtrends\/#organization\"}},{\"@type\":\"WebPage\",\"@id\":\"https:\/\/empresas.infoempleo.com\/hrtrends\/sostenibilidad-y-desarrollo-empresarial\/\",\"url\":\"https:\/\/empresas.infoempleo.com\/hrtrends\/sostenibilidad-y-desarrollo-empresarial\/\",\"name\":\"Sostenibilidad y desarrollo empresarial | HRTRENDS\",\"isPartOf\":{\"@id\":\"https:\/\/empresas.infoempleo.com\/hrtrends\/#website\"},\"primaryImageOfPage\":{\"@id\":\"https:\/\/empresas.infoempleo.com\/hrtrends\/sostenibilidad-y-desarrollo-empresarial\/#primaryimage\"},\"image\":{\"@id\":\"https:\/\/empresas.infoempleo.com\/hrtrends\/sostenibilidad-y-desarrollo-empresarial\/#primaryimage\"},\"thumbnailUrl\":\"https:\/\/empresas.infoempleo.com\/hrtrends\/media\/2011\/03\/sostenibilidad-e1496141748686.jpg\",\"datePublished\":\"2011-03-08T10:14:02+00:00\",\"dateModified\":\"2018-05-23T15:31:42+00:00\",\"breadcrumb\":{\"@id\":\"https:\/\/empresas.infoempleo.com\/hrtrends\/sostenibilidad-y-desarrollo-empresarial\/#breadcrumb\"},\"inLanguage\":\"es\",\"potentialAction\":[{\"@type\":\"ReadAction\",\"target\":[\"https:\/\/empresas.infoempleo.com\/hrtrends\/sostenibilidad-y-desarrollo-empresarial\/\"]}]},{\"@type\":\"ImageObject\",\"inLanguage\":\"es\",\"@id\":\"https:\/\/empresas.infoempleo.com\/hrtrends\/sostenibilidad-y-desarrollo-empresarial\/#primaryimage\",\"url\":\"https:\/\/empresas.infoempleo.com\/hrtrends\/media\/2011\/03\/sostenibilidad-e1496141748686-150x150.jpg\",\"contentUrl\":\"https:\/\/empresas.infoempleo.com\/hrtrends\/media\/2011\/03\/sostenibilidad-e1496141748686-150x150.jpg\",\"width\":150,\"height\":150,\"caption\":\"Sostenibilidad\"},{\"@type\":\"BreadcrumbList\",\"@id\":\"https:\/\/empresas.infoempleo.com\/hrtrends\/sostenibilidad-y-desarrollo-empresarial\/#breadcrumb\",\"itemListElement\":[{\"@type\":\"ListItem\",\"position\":1,\"name\":\"Portada\",\"item\":\"https:\/\/empresas.infoempleo.com\/hrtrends\/\"},{\"@type\":\"ListItem\",\"position\":2,\"name\":\"Sostenibilidad y desarrollo empresarial\"}]},{\"@type\":\"WebSite\",\"@id\":\"https:\/\/empresas.infoempleo.com\/hrtrends\/#website\",\"url\":\"https:\/\/empresas.infoempleo.com\/hrtrends\",\"name\":\"HRTrends by Infoempleo\",\"description\":\"\",\"publisher\":{\"@id\":\"https:\/\/empresas.infoempleo.com\/hrtrends\/#organization\"},\"potentialAction\":{\"@type\":\"SearchAction\",\"target\":\"https:\/\/empresas.infoempleo.com\/hrtrends\/?s={search_term_string}\",\"query-input\":\"required name=search_term_string\"},\"inLanguage\":\"es\"},{\"@type\":\"Organization\",\"@id\":\"https:\/\/empresas.infoempleo.com\/hrtrends\/#organization\",\"name\":\"Infoempleo\",\"url\":\"https:\/\/www.infoempleo.com\/\",\"logo\":{\"@type\":\"ImageObject\",\"@id\":\"https:\/\/empresas.infoempleo.com\/hrtrends\/#logo\",\"inLanguage\":\"es\",\"url\":\"https:\/\/cdnazure.infoempleo.com\/infoempleo\/assets\/style\/gfx\/logo.svg\",\"contentUrl\":\"https:\/\/cdnazure.infoempleo.com\/infoempleo\/assets\/style\/gfx\/logo.svg\",\"width\":150,\"height\":40,\"caption\":\"Infoempleo\"},\"image\":{\"@id\":\"https:\/\/empresas.infoempleo.com\/hrtrends\/#logo\"},\"sameAs\":[\"https:\/\/www.facebook.com\/Infoempleo\",\"https:\/\/x.com\/infoempleo\",\"http:\/\/instagram.com\/infoempleo\/\",\"http:\/\/www.linkedin.com\/groups\/Empleo-Espa\u00f1a-Infoempleocom-111276\",\"http:\/\/pinterest.com\/infoempleo\/\"],\"address\":{\"@type\":\"PostalAddress\",\"addressLocality\":\"Madrid\",\"postalCode\":\"28050\",\"streetAddress\":\"Avenida de Burgos 114\"},\"brand\":[\"Infoempleo\"]},{\"@type\":\"Person\",\"@id\":\"https:\/\/empresas.infoempleo.com\/hrtrends\/#\/schema\/person\/67d3e276ffcc8b3ae0ebec816daf775a\",\"name\":\"infoempleo\",\"image\":{\"@type\":\"ImageObject\",\"inLanguage\":\"es\",\"@id\":\"https:\/\/empresas.infoempleo.com\/hrtrends\/#\/schema\/person\/image\/\",\"url\":\"https:\/\/secure.gravatar.com\/avatar\/7b437777242fe67d2473c2a818da2344692d1ee91e91080ccffbd97bcd4a0975?s=96&d=mm&r=g\",\"contentUrl\":\"https:\/\/secure.gravatar.com\/avatar\/7b437777242fe67d2473c2a818da2344692d1ee91e91080ccffbd97bcd4a0975?s=96&d=mm&r=g\",\"caption\":\"infoempleo\"},\"url\":\"https:\/\/empresas.infoempleo.com\/hrtrends\/author\/infoempleo\/\"}]}<\/script>\n<!-- \/ Yoast SEO plugin. -->","yoast_head_json":{"title":"Sostenibilidad y desarrollo empresarial | HRTRENDS","robots":{"index":"index","follow":"follow","max-snippet":"max-snippet:-1","max-image-preview":"max-image-preview:large","max-video-preview":"max-video-preview:-1"},"canonical":"https:\/\/empresas.infoempleo.com\/hrtrends\/sostenibilidad-y-desarrollo-empresarial\/","og_locale":"es_ES","og_type":"article","og_title":"Sostenibilidad y desarrollo empresarial | HRTRENDS","og_description":"Francisco Lozano Winterhalder, experto en Sostenibilidad y Medioambiente. De todas las etapas de cambio vividas por la humanidad Leer m\u00e1s","og_url":"https:\/\/empresas.infoempleo.com\/hrtrends\/sostenibilidad-y-desarrollo-empresarial\/","og_site_name":"HRTRENDS","article_publisher":"https:\/\/www.facebook.com\/Infoempleo","article_published_time":"2011-03-08T10:14:02+00:00","article_modified_time":"2018-05-23T15:31:42+00:00","og_image":[{"width":800,"height":450,"url":"https:\/\/empresas.infoempleo.com\/hrtrends\/media\/2011\/03\/sostenibilidad-e1496141748686.jpg","type":"image\/jpeg"}],"author":"infoempleo","twitter_card":"summary_large_image","twitter_creator":"@infoempleo","twitter_site":"@infoempleo","twitter_misc":{"Escrito por":"infoempleo","Tiempo de lectura":"2 minutos"},"schema":{"@context":"https:\/\/schema.org","@graph":[{"@type":"NewsArticle","@id":"https:\/\/empresas.infoempleo.com\/hrtrends\/sostenibilidad-y-desarrollo-empresarial\/#article","isPartOf":{"@id":"https:\/\/empresas.infoempleo.com\/hrtrends\/sostenibilidad-y-desarrollo-empresarial\/"},"author":{"name":"infoempleo","@id":"https:\/\/empresas.infoempleo.com\/hrtrends\/#\/schema\/person\/67d3e276ffcc8b3ae0ebec816daf775a"},"headline":"Sostenibilidad y desarrollo empresarial","datePublished":"2011-03-08T10:14:02+00:00","dateModified":"2018-05-23T15:31:42+00:00","mainEntityOfPage":{"@id":"https:\/\/empresas.infoempleo.com\/hrtrends\/sostenibilidad-y-desarrollo-empresarial\/"},"wordCount":474,"publisher":{"@id":"https:\/\/empresas.infoempleo.com\/hrtrends\/#organization"},"image":{"@id":"https:\/\/empresas.infoempleo.com\/hrtrends\/sostenibilidad-y-desarrollo-empresarial\/#primaryimage"},"thumbnailUrl":"https:\/\/empresas.infoempleo.com\/hrtrends\/media\/2011\/03\/sostenibilidad-e1496141748686.jpg","keywords":["empresa","globalizaci\u00f3n","medioambiente","negocio","sostenibilidad"],"articleSection":["Actualidad"],"inLanguage":"es","copyrightYear":"2011","copyrightHolder":{"@id":"https:\/\/empresas.infoempleo.com\/hrtrends\/#organization"}},{"@type":"WebPage","@id":"https:\/\/empresas.infoempleo.com\/hrtrends\/sostenibilidad-y-desarrollo-empresarial\/","url":"https:\/\/empresas.infoempleo.com\/hrtrends\/sostenibilidad-y-desarrollo-empresarial\/","name":"Sostenibilidad y desarrollo empresarial | HRTRENDS","isPartOf":{"@id":"https:\/\/empresas.infoempleo.com\/hrtrends\/#website"},"primaryImageOfPage":{"@id":"https:\/\/empresas.infoempleo.com\/hrtrends\/sostenibilidad-y-desarrollo-empresarial\/#primaryimage"},"image":{"@id":"https:\/\/empresas.infoempleo.com\/hrtrends\/sostenibilidad-y-desarrollo-empresarial\/#primaryimage"},"thumbnailUrl":"https:\/\/empresas.infoempleo.com\/hrtrends\/media\/2011\/03\/sostenibilidad-e1496141748686.jpg","datePublished":"2011-03-08T10:14:02+00:00","dateModified":"2018-05-23T15:31:42+00:00","breadcrumb":{"@id":"https:\/\/empresas.infoempleo.com\/hrtrends\/sostenibilidad-y-desarrollo-empresarial\/#breadcrumb"},"inLanguage":"es","potentialAction":[{"@type":"ReadAction","target":["https:\/\/empresas.infoempleo.com\/hrtrends\/sostenibilidad-y-desarrollo-empresarial\/"]}]},{"@type":"ImageObject","inLanguage":"es","@id":"https:\/\/empresas.infoempleo.com\/hrtrends\/sostenibilidad-y-desarrollo-empresarial\/#primaryimage","url":"https:\/\/empresas.infoempleo.com\/hrtrends\/media\/2011\/03\/sostenibilidad-e1496141748686-150x150.jpg","contentUrl":"https:\/\/empresas.infoempleo.com\/hrtrends\/media\/2011\/03\/sostenibilidad-e1496141748686-150x150.jpg","width":150,"height":150,"caption":"Sostenibilidad"},{"@type":"BreadcrumbList","@id":"https:\/\/empresas.infoempleo.com\/hrtrends\/sostenibilidad-y-desarrollo-empresarial\/#breadcrumb","itemListElement":[{"@type":"ListItem","position":1,"name":"Portada","item":"https:\/\/empresas.infoempleo.com\/hrtrends\/"},{"@type":"ListItem","position":2,"name":"Sostenibilidad y desarrollo empresarial"}]},{"@type":"WebSite","@id":"https:\/\/empresas.infoempleo.com\/hrtrends\/#website","url":"https:\/\/empresas.infoempleo.com\/hrtrends","name":"HRTrends by Infoempleo","description":"","publisher":{"@id":"https:\/\/empresas.infoempleo.com\/hrtrends\/#organization"},"potentialAction":{"@type":"SearchAction","target":"https:\/\/empresas.infoempleo.com\/hrtrends\/?s={search_term_string}","query-input":"required name=search_term_string"},"inLanguage":"es"},{"@type":"Organization","@id":"https:\/\/empresas.infoempleo.com\/hrtrends\/#organization","name":"Infoempleo","url":"https:\/\/www.infoempleo.com\/","logo":{"@type":"ImageObject","@id":"https:\/\/empresas.infoempleo.com\/hrtrends\/#logo","inLanguage":"es","url":"https:\/\/cdnazure.infoempleo.com\/infoempleo\/assets\/style\/gfx\/logo.svg","contentUrl":"https:\/\/cdnazure.infoempleo.com\/infoempleo\/assets\/style\/gfx\/logo.svg","width":150,"height":40,"caption":"Infoempleo"},"image":{"@id":"https:\/\/empresas.infoempleo.com\/hrtrends\/#logo"},"sameAs":["https:\/\/www.facebook.com\/Infoempleo","https:\/\/x.com\/infoempleo","http:\/\/instagram.com\/infoempleo\/","http:\/\/www.linkedin.com\/groups\/Empleo-Espa\u00f1a-Infoempleocom-111276","http:\/\/pinterest.com\/infoempleo\/"],"address":{"@type":"PostalAddress","addressLocality":"Madrid","postalCode":"28050","streetAddress":"Avenida de Burgos 114"},"brand":["Infoempleo"]},{"@type":"Person","@id":"https:\/\/empresas.infoempleo.com\/hrtrends\/#\/schema\/person\/67d3e276ffcc8b3ae0ebec816daf775a","name":"infoempleo","image":{"@type":"ImageObject","inLanguage":"es","@id":"https:\/\/empresas.infoempleo.com\/hrtrends\/#\/schema\/person\/image\/","url":"https:\/\/secure.gravatar.com\/avatar\/7b437777242fe67d2473c2a818da2344692d1ee91e91080ccffbd97bcd4a0975?s=96&d=mm&r=g","contentUrl":"https:\/\/secure.gravatar.com\/avatar\/7b437777242fe67d2473c2a818da2344692d1ee91e91080ccffbd97bcd4a0975?s=96&d=mm&r=g","caption":"infoempleo"},"url":"https:\/\/empresas.infoempleo.com\/hrtrends\/author\/infoempleo\/"}]}},"amp_enabled":true,"_links":{"self":[{"href":"https:\/\/empresas.infoempleo.com\/hrtrends\/wp-json\/wp\/v2\/posts\/12314","targetHints":{"allow":["GET"]}}],"collection":[{"href":"https:\/\/empresas.infoempleo.com\/hrtrends\/wp-json\/wp\/v2\/posts"}],"about":[{"href":"https:\/\/empresas.infoempleo.com\/hrtrends\/wp-json\/wp\/v2\/types\/post"}],"author":[{"embeddable":true,"href":"https:\/\/empresas.infoempleo.com\/hrtrends\/wp-json\/wp\/v2\/users\/72"}],"replies":[{"embeddable":true,"href":"https:\/\/empresas.infoempleo.com\/hrtrends\/wp-json\/wp\/v2\/comments?post=12314"}],"version-history":[{"count":0,"href":"https:\/\/empresas.infoempleo.com\/hrtrends\/wp-json\/wp\/v2\/posts\/12314\/revisions"}],"wp:featuredmedia":[{"embeddable":true,"href":"https:\/\/empresas.infoempleo.com\/hrtrends\/wp-json\/wp\/v2\/media\/30129"}],"wp:attachment":[{"href":"https:\/\/empresas.infoempleo.com\/hrtrends\/wp-json\/wp\/v2\/media?parent=12314"}],"wp:term":[{"taxonomy":"category","embeddable":true,"href":"https:\/\/empresas.infoempleo.com\/hrtrends\/wp-json\/wp\/v2\/categories?post=12314"},{"taxonomy":"post_tag","embeddable":true,"href":"https:\/\/empresas.infoempleo.com\/hrtrends\/wp-json\/wp\/v2\/tags?post=12314"}],"curies":[{"name":"wp","href":"https:\/\/api.w.org\/{rel}","templated":true}]}}