{"id":12310,"date":"2011-03-08T11:04:13","date_gmt":"2011-03-08T10:04:13","guid":{"rendered":"http:\/\/blog.infoempleo.com\/?p=12310"},"modified":"2018-05-23T17:31:42","modified_gmt":"2018-05-23T15:31:42","slug":"la-grandeza-del-elemento-diferente","status":"publish","type":"post","link":"https:\/\/empresas.infoempleo.com\/hrtrends\/la-grandeza-del-elemento-diferente\/","title":{"rendered":"La grandeza del elemento diferente"},"content":{"rendered":"<p><img loading=\"lazy\" decoding=\"async\" class=\"alignnone size-full wp-image-12311\" title=\"Pablo Pi\u00f1a\" src=\"https:\/\/empresas.infoempleo.com\/hrtrends\/media\/2011\/03\/PabloPina.jpg\" alt=\"\" width=\"139\" height=\"157\" \/><\/p>\n<h3>Pablo Pi\u00f1a, \u00e1rea de recursos humanos de EY<\/h3>\n<p>Cu\u00e1ntas veces todos aquellos que trabajamos en recursos humanos hemos tenido la sensaci\u00f3n de no ser conscientes de las oportunidades que nos ofrece nuestra labor profesional. La versatilidad de nuestros contenidos y las relaciones con los empleados \u2013todos ellos \u00fanicos y, por tanto, distintos\u2013 nos ofrecen grandes retos y oportunidades de desarrollo personal y humano. <strong>De ah\u00ed que nuestras pol\u00edticas deban aunar y complacer al factor m\u00e1s exigente e importante del proceso productivo: la persona.<\/strong><\/p>\n<p><strong>\u00bfPero qu\u00e9 es lo importante para la persona? Fundamentalmente la calidad de vida personal y familiar junto a unas buenas condiciones de trabajo.<\/strong> Estos factores constituyen los activos intangibles para su satisfacci\u00f3n y act\u00faan como motores de la motivaci\u00f3n en su trabajo diario.<\/p>\n<p>En este contexto, el pasado ejercicio, aunque de dificultades, nos regal\u00f3 un reto importante a los profesionales del \u00e1rea de recursos humanos. El entonces Ministerio de Igualdad convoc\u00f3 el procedimiento para la <strong>concesi\u00f3n del distintivo \u00abIgualdad en la Empresa\u00bb<\/strong>, un reconocimiento a la excelencia y a las buenas pr\u00e1cticas para aquellas empresas que destacan, de forma relevante y especialmente significativa, en la aplicaci\u00f3n e implantaci\u00f3n de planes y pol\u00edticas de igualdad de oportunidades. \u00a1Todo un\u00a0 reto para los que trabajamos en recursos humanos!<\/p>\n<p>Una oportunidad de diagnosticar la salud de nuestra compa\u00f1\u00eda en materia de\u00a0igualdad y de condiciones de trabajo. El distintivo supone, adem\u00e1s, un instrumento objetivo y a la vez diferente para los que miramos m\u00e1s all\u00e1 de las encuestas de clima laboral y los que necesitamos saber si nuestro trabajo diario va en la buena direcci\u00f3n.<\/p>\n<p>La obtenci\u00f3n de esta distinci\u00f3n no es un reto f\u00e1cil, requiere la acreditaci\u00f3n de una informaci\u00f3n cuya plasmaci\u00f3n en el expediente de solicitud es laboriosa, exigente e imposible de realizar \u2013como casi todas nuestras tareas\u2013 sino es en equipo, aunando esfuerzos, discutiendo enfoques y aportando lo mejor de cada uno. Al mismo tiempo, es un reto\u00a0 tremendamente ilusionante, distinto y diferente en su resultado: la grandeza del elemento diferenciador.<\/p>\n<p>La grandeza de sentirte positivamente diferente tiene, en este caso, tres proyecciones gratificantes. La primera es la <strong>satisfacci\u00f3n propia de la empresa<\/strong>, al reconocerte dentro de una organizaci\u00f3n \u00abdistinta\u00bb en el mejor de los sentidos. La segunda, el <strong>orgullo\u00a0sano de las relaciones comerciales<\/strong>,\u00a0 donde destaca un \u00abvalor\u00bb que respalda el trabajo a desarrollar para el cliente. Y la tercera, un<strong> reconocimiento institucional que acerca y humaniza la relaci\u00f3n poder \u2013 sociedad.<\/strong><\/p>\n<p>Por cierto, <strong>solo 36 empresas de nuestro pa\u00eds ostentan este distintivo<\/strong>. Una de ellas es EY.<\/p>\n","protected":false},"excerpt":{"rendered":"<p>Pablo Pi\u00f1a, \u00e1rea de recursos humanos de EY Cu\u00e1ntas veces todos aquellos que trabajamos en recursos humanos hemos<a class=\"moretag\" href=\"https:\/\/empresas.infoempleo.com\/hrtrends\/la-grandeza-del-elemento-diferente\/\"> Leer m\u00e1s<\/a><\/p>\n","protected":false},"author":72,"featured_media":30127,"comment_status":"closed","ping_status":"open","sticky":false,"template":"","format":"standard","meta":{"footnotes":""},"categories":[3],"tags":[732],"class_list":["post-12310","post","type-post","status-publish","format-standard","has-post-thumbnail","hentry","category-actualidad","tag-ernst-young"],"yoast_head":"<!-- This site is optimized with the Yoast SEO plugin v26.1.1 - https:\/\/yoast.com\/wordpress\/plugins\/seo\/ -->\n<title>La grandeza del elemento diferente | HRTRENDS<\/title>\n<meta name=\"robots\" content=\"index, follow, max-snippet:-1, max-image-preview:large, max-video-preview:-1\" \/>\n<link rel=\"canonical\" href=\"https:\/\/empresas.infoempleo.com\/hrtrends\/la-grandeza-del-elemento-diferente\/\" \/>\n<meta property=\"og:locale\" content=\"es_ES\" \/>\n<meta property=\"og:type\" content=\"article\" \/>\n<meta property=\"og:title\" content=\"La grandeza del elemento diferente | HRTRENDS\" \/>\n<meta property=\"og:description\" content=\"Pablo Pi\u00f1a, \u00e1rea de recursos humanos de EY Cu\u00e1ntas veces todos aquellos que trabajamos en recursos humanos hemos Leer m\u00e1s\" \/>\n<meta property=\"og:url\" content=\"https:\/\/empresas.infoempleo.com\/hrtrends\/la-grandeza-del-elemento-diferente\/\" \/>\n<meta property=\"og:site_name\" content=\"HRTRENDS\" \/>\n<meta property=\"article:publisher\" content=\"https:\/\/www.facebook.com\/Infoempleo\" \/>\n<meta property=\"article:published_time\" content=\"2011-03-08T10:04:13+00:00\" \/>\n<meta property=\"article:modified_time\" content=\"2018-05-23T15:31:42+00:00\" \/>\n<meta property=\"og:image\" content=\"https:\/\/empresas.infoempleo.com\/hrtrends\/media\/2011\/03\/diferente-e1496141717145.jpeg\" \/>\n\t<meta property=\"og:image:width\" content=\"800\" \/>\n\t<meta property=\"og:image:height\" content=\"531\" \/>\n\t<meta property=\"og:image:type\" content=\"image\/jpeg\" \/>\n<meta name=\"author\" content=\"infoempleo\" \/>\n<meta name=\"twitter:card\" content=\"summary_large_image\" \/>\n<meta name=\"twitter:creator\" content=\"@infoempleo\" \/>\n<meta name=\"twitter:site\" content=\"@infoempleo\" \/>\n<meta name=\"twitter:label1\" content=\"Escrito por\" \/>\n\t<meta name=\"twitter:data1\" content=\"infoempleo\" \/>\n\t<meta name=\"twitter:label2\" content=\"Tiempo de lectura\" \/>\n\t<meta name=\"twitter:data2\" content=\"2 minutos\" \/>\n<script type=\"application\/ld+json\" class=\"yoast-schema-graph\">{\"@context\":\"https:\/\/schema.org\",\"@graph\":[{\"@type\":\"NewsArticle\",\"@id\":\"https:\/\/empresas.infoempleo.com\/hrtrends\/la-grandeza-del-elemento-diferente\/#article\",\"isPartOf\":{\"@id\":\"https:\/\/empresas.infoempleo.com\/hrtrends\/la-grandeza-del-elemento-diferente\/\"},\"author\":{\"name\":\"infoempleo\",\"@id\":\"https:\/\/empresas.infoempleo.com\/hrtrends\/#\/schema\/person\/67d3e276ffcc8b3ae0ebec816daf775a\"},\"headline\":\"La grandeza del elemento diferente\",\"datePublished\":\"2011-03-08T10:04:13+00:00\",\"dateModified\":\"2018-05-23T15:31:42+00:00\",\"mainEntityOfPage\":{\"@id\":\"https:\/\/empresas.infoempleo.com\/hrtrends\/la-grandeza-del-elemento-diferente\/\"},\"wordCount\":452,\"publisher\":{\"@id\":\"https:\/\/empresas.infoempleo.com\/hrtrends\/#organization\"},\"image\":{\"@id\":\"https:\/\/empresas.infoempleo.com\/hrtrends\/la-grandeza-del-elemento-diferente\/#primaryimage\"},\"thumbnailUrl\":\"https:\/\/empresas.infoempleo.com\/hrtrends\/media\/2011\/03\/diferente-e1496141717145.jpeg\",\"keywords\":[\"Ernst &amp; Young\"],\"articleSection\":[\"Actualidad\"],\"inLanguage\":\"es\",\"copyrightYear\":\"2011\",\"copyrightHolder\":{\"@id\":\"https:\/\/empresas.infoempleo.com\/hrtrends\/#organization\"}},{\"@type\":\"WebPage\",\"@id\":\"https:\/\/empresas.infoempleo.com\/hrtrends\/la-grandeza-del-elemento-diferente\/\",\"url\":\"https:\/\/empresas.infoempleo.com\/hrtrends\/la-grandeza-del-elemento-diferente\/\",\"name\":\"La grandeza del elemento diferente | HRTRENDS\",\"isPartOf\":{\"@id\":\"https:\/\/empresas.infoempleo.com\/hrtrends\/#website\"},\"primaryImageOfPage\":{\"@id\":\"https:\/\/empresas.infoempleo.com\/hrtrends\/la-grandeza-del-elemento-diferente\/#primaryimage\"},\"image\":{\"@id\":\"https:\/\/empresas.infoempleo.com\/hrtrends\/la-grandeza-del-elemento-diferente\/#primaryimage\"},\"thumbnailUrl\":\"https:\/\/empresas.infoempleo.com\/hrtrends\/media\/2011\/03\/diferente-e1496141717145.jpeg\",\"datePublished\":\"2011-03-08T10:04:13+00:00\",\"dateModified\":\"2018-05-23T15:31:42+00:00\",\"breadcrumb\":{\"@id\":\"https:\/\/empresas.infoempleo.com\/hrtrends\/la-grandeza-del-elemento-diferente\/#breadcrumb\"},\"inLanguage\":\"es\",\"potentialAction\":[{\"@type\":\"ReadAction\",\"target\":[\"https:\/\/empresas.infoempleo.com\/hrtrends\/la-grandeza-del-elemento-diferente\/\"]}]},{\"@type\":\"ImageObject\",\"inLanguage\":\"es\",\"@id\":\"https:\/\/empresas.infoempleo.com\/hrtrends\/la-grandeza-del-elemento-diferente\/#primaryimage\",\"url\":\"https:\/\/empresas.infoempleo.com\/hrtrends\/media\/2011\/03\/diferente-e1496141717145-150x150.jpeg\",\"contentUrl\":\"https:\/\/empresas.infoempleo.com\/hrtrends\/media\/2011\/03\/diferente-e1496141717145-150x150.jpeg\",\"width\":150,\"height\":150,\"caption\":\"Elemento diferencial\"},{\"@type\":\"BreadcrumbList\",\"@id\":\"https:\/\/empresas.infoempleo.com\/hrtrends\/la-grandeza-del-elemento-diferente\/#breadcrumb\",\"itemListElement\":[{\"@type\":\"ListItem\",\"position\":1,\"name\":\"Portada\",\"item\":\"https:\/\/empresas.infoempleo.com\/hrtrends\/\"},{\"@type\":\"ListItem\",\"position\":2,\"name\":\"La grandeza del elemento diferente\"}]},{\"@type\":\"WebSite\",\"@id\":\"https:\/\/empresas.infoempleo.com\/hrtrends\/#website\",\"url\":\"https:\/\/empresas.infoempleo.com\/hrtrends\",\"name\":\"HRTrends by Infoempleo\",\"description\":\"\",\"publisher\":{\"@id\":\"https:\/\/empresas.infoempleo.com\/hrtrends\/#organization\"},\"potentialAction\":{\"@type\":\"SearchAction\",\"target\":\"https:\/\/empresas.infoempleo.com\/hrtrends\/?s={search_term_string}\",\"query-input\":\"required name=search_term_string\"},\"inLanguage\":\"es\"},{\"@type\":\"Organization\",\"@id\":\"https:\/\/empresas.infoempleo.com\/hrtrends\/#organization\",\"name\":\"Infoempleo\",\"url\":\"https:\/\/www.infoempleo.com\/\",\"logo\":{\"@type\":\"ImageObject\",\"@id\":\"https:\/\/empresas.infoempleo.com\/hrtrends\/#logo\",\"inLanguage\":\"es\",\"url\":\"https:\/\/cdnazure.infoempleo.com\/infoempleo\/assets\/style\/gfx\/logo.svg\",\"contentUrl\":\"https:\/\/cdnazure.infoempleo.com\/infoempleo\/assets\/style\/gfx\/logo.svg\",\"width\":150,\"height\":40,\"caption\":\"Infoempleo\"},\"image\":{\"@id\":\"https:\/\/empresas.infoempleo.com\/hrtrends\/#logo\"},\"sameAs\":[\"https:\/\/www.facebook.com\/Infoempleo\",\"https:\/\/x.com\/infoempleo\",\"http:\/\/instagram.com\/infoempleo\/\",\"http:\/\/www.linkedin.com\/groups\/Empleo-Espa\u00f1a-Infoempleocom-111276\",\"http:\/\/pinterest.com\/infoempleo\/\"],\"address\":{\"@type\":\"PostalAddress\",\"addressLocality\":\"Madrid\",\"postalCode\":\"28050\",\"streetAddress\":\"Avenida de Burgos 114\"},\"brand\":[\"Infoempleo\"]},{\"@type\":\"Person\",\"@id\":\"https:\/\/empresas.infoempleo.com\/hrtrends\/#\/schema\/person\/67d3e276ffcc8b3ae0ebec816daf775a\",\"name\":\"infoempleo\",\"image\":{\"@type\":\"ImageObject\",\"inLanguage\":\"es\",\"@id\":\"https:\/\/empresas.infoempleo.com\/hrtrends\/#\/schema\/person\/image\/\",\"url\":\"https:\/\/secure.gravatar.com\/avatar\/7b437777242fe67d2473c2a818da2344692d1ee91e91080ccffbd97bcd4a0975?s=96&d=mm&r=g\",\"contentUrl\":\"https:\/\/secure.gravatar.com\/avatar\/7b437777242fe67d2473c2a818da2344692d1ee91e91080ccffbd97bcd4a0975?s=96&d=mm&r=g\",\"caption\":\"infoempleo\"},\"url\":\"https:\/\/empresas.infoempleo.com\/hrtrends\/author\/infoempleo\/\"}]}<\/script>\n<!-- \/ Yoast SEO plugin. -->","yoast_head_json":{"title":"La grandeza del elemento diferente | HRTRENDS","robots":{"index":"index","follow":"follow","max-snippet":"max-snippet:-1","max-image-preview":"max-image-preview:large","max-video-preview":"max-video-preview:-1"},"canonical":"https:\/\/empresas.infoempleo.com\/hrtrends\/la-grandeza-del-elemento-diferente\/","og_locale":"es_ES","og_type":"article","og_title":"La grandeza del elemento diferente | HRTRENDS","og_description":"Pablo Pi\u00f1a, \u00e1rea de recursos humanos de EY Cu\u00e1ntas veces todos aquellos que trabajamos en recursos humanos hemos Leer m\u00e1s","og_url":"https:\/\/empresas.infoempleo.com\/hrtrends\/la-grandeza-del-elemento-diferente\/","og_site_name":"HRTRENDS","article_publisher":"https:\/\/www.facebook.com\/Infoempleo","article_published_time":"2011-03-08T10:04:13+00:00","article_modified_time":"2018-05-23T15:31:42+00:00","og_image":[{"width":800,"height":531,"url":"https:\/\/empresas.infoempleo.com\/hrtrends\/media\/2011\/03\/diferente-e1496141717145.jpeg","type":"image\/jpeg"}],"author":"infoempleo","twitter_card":"summary_large_image","twitter_creator":"@infoempleo","twitter_site":"@infoempleo","twitter_misc":{"Escrito por":"infoempleo","Tiempo de lectura":"2 minutos"},"schema":{"@context":"https:\/\/schema.org","@graph":[{"@type":"NewsArticle","@id":"https:\/\/empresas.infoempleo.com\/hrtrends\/la-grandeza-del-elemento-diferente\/#article","isPartOf":{"@id":"https:\/\/empresas.infoempleo.com\/hrtrends\/la-grandeza-del-elemento-diferente\/"},"author":{"name":"infoempleo","@id":"https:\/\/empresas.infoempleo.com\/hrtrends\/#\/schema\/person\/67d3e276ffcc8b3ae0ebec816daf775a"},"headline":"La grandeza del elemento diferente","datePublished":"2011-03-08T10:04:13+00:00","dateModified":"2018-05-23T15:31:42+00:00","mainEntityOfPage":{"@id":"https:\/\/empresas.infoempleo.com\/hrtrends\/la-grandeza-del-elemento-diferente\/"},"wordCount":452,"publisher":{"@id":"https:\/\/empresas.infoempleo.com\/hrtrends\/#organization"},"image":{"@id":"https:\/\/empresas.infoempleo.com\/hrtrends\/la-grandeza-del-elemento-diferente\/#primaryimage"},"thumbnailUrl":"https:\/\/empresas.infoempleo.com\/hrtrends\/media\/2011\/03\/diferente-e1496141717145.jpeg","keywords":["Ernst &amp; Young"],"articleSection":["Actualidad"],"inLanguage":"es","copyrightYear":"2011","copyrightHolder":{"@id":"https:\/\/empresas.infoempleo.com\/hrtrends\/#organization"}},{"@type":"WebPage","@id":"https:\/\/empresas.infoempleo.com\/hrtrends\/la-grandeza-del-elemento-diferente\/","url":"https:\/\/empresas.infoempleo.com\/hrtrends\/la-grandeza-del-elemento-diferente\/","name":"La grandeza del elemento diferente | HRTRENDS","isPartOf":{"@id":"https:\/\/empresas.infoempleo.com\/hrtrends\/#website"},"primaryImageOfPage":{"@id":"https:\/\/empresas.infoempleo.com\/hrtrends\/la-grandeza-del-elemento-diferente\/#primaryimage"},"image":{"@id":"https:\/\/empresas.infoempleo.com\/hrtrends\/la-grandeza-del-elemento-diferente\/#primaryimage"},"thumbnailUrl":"https:\/\/empresas.infoempleo.com\/hrtrends\/media\/2011\/03\/diferente-e1496141717145.jpeg","datePublished":"2011-03-08T10:04:13+00:00","dateModified":"2018-05-23T15:31:42+00:00","breadcrumb":{"@id":"https:\/\/empresas.infoempleo.com\/hrtrends\/la-grandeza-del-elemento-diferente\/#breadcrumb"},"inLanguage":"es","potentialAction":[{"@type":"ReadAction","target":["https:\/\/empresas.infoempleo.com\/hrtrends\/la-grandeza-del-elemento-diferente\/"]}]},{"@type":"ImageObject","inLanguage":"es","@id":"https:\/\/empresas.infoempleo.com\/hrtrends\/la-grandeza-del-elemento-diferente\/#primaryimage","url":"https:\/\/empresas.infoempleo.com\/hrtrends\/media\/2011\/03\/diferente-e1496141717145-150x150.jpeg","contentUrl":"https:\/\/empresas.infoempleo.com\/hrtrends\/media\/2011\/03\/diferente-e1496141717145-150x150.jpeg","width":150,"height":150,"caption":"Elemento diferencial"},{"@type":"BreadcrumbList","@id":"https:\/\/empresas.infoempleo.com\/hrtrends\/la-grandeza-del-elemento-diferente\/#breadcrumb","itemListElement":[{"@type":"ListItem","position":1,"name":"Portada","item":"https:\/\/empresas.infoempleo.com\/hrtrends\/"},{"@type":"ListItem","position":2,"name":"La grandeza del elemento diferente"}]},{"@type":"WebSite","@id":"https:\/\/empresas.infoempleo.com\/hrtrends\/#website","url":"https:\/\/empresas.infoempleo.com\/hrtrends","name":"HRTrends by Infoempleo","description":"","publisher":{"@id":"https:\/\/empresas.infoempleo.com\/hrtrends\/#organization"},"potentialAction":{"@type":"SearchAction","target":"https:\/\/empresas.infoempleo.com\/hrtrends\/?s={search_term_string}","query-input":"required name=search_term_string"},"inLanguage":"es"},{"@type":"Organization","@id":"https:\/\/empresas.infoempleo.com\/hrtrends\/#organization","name":"Infoempleo","url":"https:\/\/www.infoempleo.com\/","logo":{"@type":"ImageObject","@id":"https:\/\/empresas.infoempleo.com\/hrtrends\/#logo","inLanguage":"es","url":"https:\/\/cdnazure.infoempleo.com\/infoempleo\/assets\/style\/gfx\/logo.svg","contentUrl":"https:\/\/cdnazure.infoempleo.com\/infoempleo\/assets\/style\/gfx\/logo.svg","width":150,"height":40,"caption":"Infoempleo"},"image":{"@id":"https:\/\/empresas.infoempleo.com\/hrtrends\/#logo"},"sameAs":["https:\/\/www.facebook.com\/Infoempleo","https:\/\/x.com\/infoempleo","http:\/\/instagram.com\/infoempleo\/","http:\/\/www.linkedin.com\/groups\/Empleo-Espa\u00f1a-Infoempleocom-111276","http:\/\/pinterest.com\/infoempleo\/"],"address":{"@type":"PostalAddress","addressLocality":"Madrid","postalCode":"28050","streetAddress":"Avenida de Burgos 114"},"brand":["Infoempleo"]},{"@type":"Person","@id":"https:\/\/empresas.infoempleo.com\/hrtrends\/#\/schema\/person\/67d3e276ffcc8b3ae0ebec816daf775a","name":"infoempleo","image":{"@type":"ImageObject","inLanguage":"es","@id":"https:\/\/empresas.infoempleo.com\/hrtrends\/#\/schema\/person\/image\/","url":"https:\/\/secure.gravatar.com\/avatar\/7b437777242fe67d2473c2a818da2344692d1ee91e91080ccffbd97bcd4a0975?s=96&d=mm&r=g","contentUrl":"https:\/\/secure.gravatar.com\/avatar\/7b437777242fe67d2473c2a818da2344692d1ee91e91080ccffbd97bcd4a0975?s=96&d=mm&r=g","caption":"infoempleo"},"url":"https:\/\/empresas.infoempleo.com\/hrtrends\/author\/infoempleo\/"}]}},"amp_enabled":true,"_links":{"self":[{"href":"https:\/\/empresas.infoempleo.com\/hrtrends\/wp-json\/wp\/v2\/posts\/12310","targetHints":{"allow":["GET"]}}],"collection":[{"href":"https:\/\/empresas.infoempleo.com\/hrtrends\/wp-json\/wp\/v2\/posts"}],"about":[{"href":"https:\/\/empresas.infoempleo.com\/hrtrends\/wp-json\/wp\/v2\/types\/post"}],"author":[{"embeddable":true,"href":"https:\/\/empresas.infoempleo.com\/hrtrends\/wp-json\/wp\/v2\/users\/72"}],"replies":[{"embeddable":true,"href":"https:\/\/empresas.infoempleo.com\/hrtrends\/wp-json\/wp\/v2\/comments?post=12310"}],"version-history":[{"count":0,"href":"https:\/\/empresas.infoempleo.com\/hrtrends\/wp-json\/wp\/v2\/posts\/12310\/revisions"}],"wp:featuredmedia":[{"embeddable":true,"href":"https:\/\/empresas.infoempleo.com\/hrtrends\/wp-json\/wp\/v2\/media\/30127"}],"wp:attachment":[{"href":"https:\/\/empresas.infoempleo.com\/hrtrends\/wp-json\/wp\/v2\/media?parent=12310"}],"wp:term":[{"taxonomy":"category","embeddable":true,"href":"https:\/\/empresas.infoempleo.com\/hrtrends\/wp-json\/wp\/v2\/categories?post=12310"},{"taxonomy":"post_tag","embeddable":true,"href":"https:\/\/empresas.infoempleo.com\/hrtrends\/wp-json\/wp\/v2\/tags?post=12310"}],"curies":[{"name":"wp","href":"https:\/\/api.w.org\/{rel}","templated":true}]}}