{"id":12218,"date":"2011-02-22T17:06:51","date_gmt":"2011-02-22T16:06:51","guid":{"rendered":"http:\/\/blog.infoempleo.com\/?p=12218"},"modified":"2018-05-23T17:31:42","modified_gmt":"2018-05-23T15:31:42","slug":"la-oferta-de-empleo-se-estabiliza-en-2010-y-repuntara-en-2012-segun-el-informe-infoempleo-com-2010","status":"publish","type":"post","link":"https:\/\/empresas.infoempleo.com\/hrtrends\/la-oferta-de-empleo-se-estabiliza-en-2010-y-repuntara-en-2012-segun-el-informe-infoempleo-com-2010\/","title":{"rendered":"La oferta de empleo se estabiliza en 2010 y repuntar\u00e1 en 2012, seg\u00fan el Informe Infoempleo 2010"},"content":{"rendered":"<p style=\"text-align: left;\">El <strong>Informe Infoempleo.com 2010<\/strong>, realizado por <a href=\"https:\/\/www.infoempleo.com\/\" target=\"_blank\" rel=\"noopener noreferrer\">Infoempleo.com<\/a> con la colaboraci\u00f3n de <a href=\"https:\/\/www.adecco.es\/\" target=\"_blank\" rel=\"noopener noreferrer\">Adecco<\/a>,\u00a0en su decimocuarta edici\u00f3n vuelve a ofrecer una <strong>panor\u00e1mica del mercado laboral espa\u00f1ol a trav\u00e9s del an\u00e1lisis de la oferta de empleo del a\u00f1o 2010, y una previsi\u00f3n de c\u00f3mo se mover\u00e1 el empleo en 2012.<\/strong><\/p>\n<p>La presentaci\u00f3n de la nueva edici\u00f3n cont\u00f3 con la presencia de la <strong>Secretaria de Estado de Empleo Mar\u00eda Luz Rodr\u00edguez Fern\u00e1ndez <\/strong>quien en su intervenci\u00f3n destac\u00f3 la importancia de informes como \u00e9ste con diagn\u00f3sticos que nos ense\u00f1an a c\u00f3mo mirar y a qu\u00e9 hacer para afrontar la realidad actual. En este sentido, la Secretaria de Estado de Empleo anunci\u00f3: \u201cpor primera vez el Gobierno ha hecho una verdadera estrategia de empleo con el Real Decreto y Plan de Choque de pol\u00edticas activas de empleo reci\u00e9n aprobados, que apelan a la movilizaci\u00f3n de todos los organismos p\u00fablicos, agentes privados, empresas y trabajadores, pues para alcanzar un futuro mejor, todos nos tenemos que preparar\u201d, y concluy\u00f3: \u201cla confianza, el esfuerzo y la colaboraci\u00f3n ser\u00e1 clave para que un d\u00eda no muy lejano podamos decir que hemos reparado la p\u00e9rdida de miles y miles de puestos de trabajo\u201d.<\/p>\n<p><strong>Mar\u00eda Benjumea, Presidenta de Infoempleo.com<\/strong> ha se\u00f1alado que del Informe Infoempleo 2010 se extrae que <strong>las ofertas de empleo cualificado bajaron en Espa\u00f1a s\u00f3lo un 3,55 % en 2010<\/strong>, lejos de la ca\u00edda del a\u00f1o anterior, lo que implica que \u00abhay que dejar de preocuparse por lo que se destruye y preocuparse por crear empleo\u00bb. Benjumea ve fundamental crear oportunidades a trav\u00e9s de la internacionalizaci\u00f3n, creando nuevos proyectos: \u00abHay que salir a buscar oportunidades, crear nuevos proyectos. En Espa\u00f1a todav\u00eda tenemos pocos emprendedores. No hay que tener miedo, si fallas, aprendes\u00bb, a\u00f1adi\u00f3.<\/p>\n<p>La presentaci\u00f3n ha contado con la participaci\u00f3n de <strong>Secretario General de Adecco, Santiago Soler<\/strong>, quien destac\u00f3 que el desempleo es el problema m\u00e1s importante que tiene el pa\u00eds y alab\u00f3 los cambios legislativos realizados hasta el momento a la vez que ofreci\u00f3 el conocimiento y experiencia del \u00e1mbito privado para ayudar al sector p\u00fablico en la creaci\u00f3n de empleo. Soler asegur\u00f3: <strong>\u201ces hora de dar lo mejor de cada uno de nosotros mismos y aunar esfuerzos para salir de este complejo momento\u201d.<\/strong><\/p>\n<p>Por su parte, <strong>Salvador Arag\u00f3n, Director de Prospectiva y Consultor\u00eda de Infoempleo.com<\/strong> ha hecho una radiograf\u00eda del panorama del empleo en Espa\u00f1a, se\u00f1alando que <strong>existen datos esperanzadores que nos hacen ver que \u201cel periodo de destrucci\u00f3n de empleo cualificado ha terminado\u201d<\/strong>, aunque se\u00f1al\u00f3 que la concentraci\u00f3n regional se ha incrementado en el \u00faltimo a\u00f1o e ir\u00e1 en aumento y afirmo: \u201cir\u00e1 acompa\u00f1ada de una divergencia geogr\u00e1fica entre oferta y demanda que provocar\u00e1 migraciones internas\u201d. A juicio de Salvador Arag\u00f3n, a largo plazo,<strong> los factores m\u00e1s intangibles ser\u00e1n tan importantes como la formaci\u00f3n y la \u00abconfianza\u201d ser\u00e1 clave para crear en el mercado laboral.<\/strong><\/p>\n<h3>Datos destacados del informe<\/h3>\n<p>\u2022 <strong>Madrid se mantiene como la regi\u00f3n l\u00edder en generaci\u00f3n de empleo<\/strong>, sumando el 18,79% de la oferta total generada en Espa\u00f1a. Catalu\u00f1a y Pa\u00eds Vasco conservan la segunda y tercera posici\u00f3n.<\/p>\n<p>\u2022 <strong>Los sectores de inform\u00e1tica, telecomunicaciones y contenidos multimedia son los que menos han sufrido la crisis.<\/strong> Por contra, el m\u00e1s afectado sigue siendo el de la construcci\u00f3n.<\/p>\n<p>\u2022 <strong>La funci\u00f3n comercial supone un 45,48% del total de la oferta analizada.<\/strong><\/p>\n<p>\u2022 <strong>El 50,68% de las ofertas de empleo va destinado al segmento de edad de los 26 a los 35 a\u00f1os.<\/strong> Este a\u00f1o se ha visto incrementada las ofertas destinada los mayores de 46 a\u00f1os.<\/p>\n<p>\u2022 <strong>La demanda de lenguas auton\u00f3micas tambi\u00e9n ha crecido en el \u00faltimo a\u00f1o.<\/strong> Las regiones que m\u00e1s valoran el conocimiento de sus lenguas locales son Catalu\u00f1a (38,38%), Pa\u00eds Vasco (18,57%) y Baleares (9,09%).<\/p>\n<p>\u2022 De <strong>la demanda del empleo no cualificado cabe destacar que la oferta es liderada por Madrid, seguida de Catalu\u00f1a, Andaluc\u00eda y la Comunidad Valenciana.<\/strong> Por sectores, hosteler\u00eda y turismo se sit\u00faan a la cabeza de la demanda, seguidos por alimentaci\u00f3n e industria, transporte y log\u00edstica.<\/p>\n<h3>Previsiones 2012<\/h3>\n<p>El Informe Infoempleo.com 2010 se completa con una mirada hacia el futuro en forma de previsiones para 2012.<\/p>\n<p>A trav\u00e9s de metodolog\u00edas de previsi\u00f3n basadas en redes neuronales, y tomando como referencia los datos recogidos desde el a\u00f1o 2000, Infoempleo.com establece tres escenarios: la previsi\u00f3n m\u00e1s optimista arroja un crecimiento anual del PIB en el periodo considerado del 1,2%, la media apunta a un aumento del 0,7% y la m\u00ednima un crecimiento del 0,3%.<\/p>\n<p>En cualquiera de los escenarios, <strong>el sector servicios lidera la generaci\u00f3n de empleo, seguido a una distancia considerable por el sector industrial.<\/strong><\/p>\n<p>En el caso de construcci\u00f3n, tan s\u00f3lo en el escenario de crecimiento m\u00e1ximo, aportar\u00eda una ligera mejor\u00eda.<\/p>\n","protected":false},"excerpt":{"rendered":"<p>El Informe Infoempleo.com 2010, realizado por Infoempleo.com con la colaboraci\u00f3n de Adecco,\u00a0en su decimocuarta edici\u00f3n vuelve a ofrecer<a class=\"moretag\" href=\"https:\/\/empresas.infoempleo.com\/hrtrends\/la-oferta-de-empleo-se-estabiliza-en-2010-y-repuntara-en-2012-segun-el-informe-infoempleo-com-2010\/\"> Leer m\u00e1s<\/a><\/p>\n","protected":false},"author":72,"featured_media":29665,"comment_status":"closed","ping_status":"open","sticky":false,"template":"","format":"standard","meta":{"footnotes":""},"categories":[3],"tags":[159,162,482,1613,2310,37],"class_list":["post-12218","post","type-post","status-publish","format-standard","has-post-thumbnail","hentry","category-actualidad","tag-adecco","tag-empleo","tag-infoempleo","tag-informe-infoempleo","tag-nuevotag","tag-trabajo"],"yoast_head":"<!-- This site is optimized with the Yoast SEO plugin v26.1.1 - https:\/\/yoast.com\/wordpress\/plugins\/seo\/ -->\n<title>La oferta de empleo se estabiliza en 2010 y repuntar\u00e1 en 2012, seg\u00fan el Informe Infoempleo 2010 | HRTRENDS<\/title>\n<meta name=\"robots\" content=\"index, follow, max-snippet:-1, max-image-preview:large, max-video-preview:-1\" \/>\n<link rel=\"canonical\" href=\"https:\/\/empresas.infoempleo.com\/hrtrends\/la-oferta-de-empleo-se-estabiliza-en-2010-y-repuntara-en-2012-segun-el-informe-infoempleo-com-2010\/\" \/>\n<meta property=\"og:locale\" content=\"es_ES\" \/>\n<meta property=\"og:type\" content=\"article\" \/>\n<meta property=\"og:title\" content=\"La oferta de empleo se estabiliza en 2010 y repuntar\u00e1 en 2012, seg\u00fan el Informe Infoempleo 2010 | HRTRENDS\" \/>\n<meta property=\"og:description\" content=\"El Informe Infoempleo.com 2010, realizado por Infoempleo.com con la colaboraci\u00f3n de Adecco,\u00a0en su decimocuarta edici\u00f3n vuelve a ofrecer Leer m\u00e1s\" \/>\n<meta property=\"og:url\" content=\"https:\/\/empresas.infoempleo.com\/hrtrends\/la-oferta-de-empleo-se-estabiliza-en-2010-y-repuntara-en-2012-segun-el-informe-infoempleo-com-2010\/\" \/>\n<meta property=\"og:site_name\" content=\"HRTRENDS\" \/>\n<meta property=\"article:publisher\" content=\"https:\/\/www.facebook.com\/Infoempleo\" \/>\n<meta property=\"article:published_time\" content=\"2011-02-22T16:06:51+00:00\" \/>\n<meta property=\"article:modified_time\" content=\"2018-05-23T15:31:42+00:00\" \/>\n<meta property=\"og:image\" content=\"https:\/\/empresas.infoempleo.com\/hrtrends\/media\/2017\/05\/pexels-photo-205508.jpg\" \/>\n\t<meta property=\"og:image:width\" content=\"1280\" \/>\n\t<meta property=\"og:image:height\" content=\"960\" \/>\n\t<meta property=\"og:image:type\" content=\"image\/jpeg\" \/>\n<meta name=\"author\" content=\"infoempleo\" \/>\n<meta name=\"twitter:card\" content=\"summary_large_image\" \/>\n<meta name=\"twitter:creator\" content=\"@infoempleo\" \/>\n<meta name=\"twitter:site\" content=\"@infoempleo\" \/>\n<meta name=\"twitter:label1\" content=\"Escrito por\" \/>\n\t<meta name=\"twitter:data1\" content=\"infoempleo\" \/>\n\t<meta name=\"twitter:label2\" content=\"Tiempo de lectura\" \/>\n\t<meta name=\"twitter:data2\" content=\"4 minutos\" \/>\n<script type=\"application\/ld+json\" class=\"yoast-schema-graph\">{\"@context\":\"https:\/\/schema.org\",\"@graph\":[{\"@type\":\"NewsArticle\",\"@id\":\"https:\/\/empresas.infoempleo.com\/hrtrends\/la-oferta-de-empleo-se-estabiliza-en-2010-y-repuntara-en-2012-segun-el-informe-infoempleo-com-2010\/#article\",\"isPartOf\":{\"@id\":\"https:\/\/empresas.infoempleo.com\/hrtrends\/la-oferta-de-empleo-se-estabiliza-en-2010-y-repuntara-en-2012-segun-el-informe-infoempleo-com-2010\/\"},\"author\":{\"name\":\"infoempleo\",\"@id\":\"https:\/\/empresas.infoempleo.com\/hrtrends\/#\/schema\/person\/67d3e276ffcc8b3ae0ebec816daf775a\"},\"headline\":\"La oferta de empleo se estabiliza en 2010 y repuntar\u00e1 en 2012, seg\u00fan el Informe Infoempleo 2010\",\"datePublished\":\"2011-02-22T16:06:51+00:00\",\"dateModified\":\"2018-05-23T15:31:42+00:00\",\"mainEntityOfPage\":{\"@id\":\"https:\/\/empresas.infoempleo.com\/hrtrends\/la-oferta-de-empleo-se-estabiliza-en-2010-y-repuntara-en-2012-segun-el-informe-infoempleo-com-2010\/\"},\"wordCount\":864,\"publisher\":{\"@id\":\"https:\/\/empresas.infoempleo.com\/hrtrends\/#organization\"},\"image\":{\"@id\":\"https:\/\/empresas.infoempleo.com\/hrtrends\/la-oferta-de-empleo-se-estabiliza-en-2010-y-repuntara-en-2012-segun-el-informe-infoempleo-com-2010\/#primaryimage\"},\"thumbnailUrl\":\"https:\/\/empresas.infoempleo.com\/hrtrends\/media\/2017\/05\/pexels-photo-205508.jpg\",\"keywords\":[\"adecco\",\"Empleo\",\"infoempleo\",\"Informe Infoempleo\",\"nuevotag\",\"trabajo\"],\"articleSection\":[\"Actualidad\"],\"inLanguage\":\"es\",\"copyrightYear\":\"2011\",\"copyrightHolder\":{\"@id\":\"https:\/\/empresas.infoempleo.com\/hrtrends\/#organization\"}},{\"@type\":\"WebPage\",\"@id\":\"https:\/\/empresas.infoempleo.com\/hrtrends\/la-oferta-de-empleo-se-estabiliza-en-2010-y-repuntara-en-2012-segun-el-informe-infoempleo-com-2010\/\",\"url\":\"https:\/\/empresas.infoempleo.com\/hrtrends\/la-oferta-de-empleo-se-estabiliza-en-2010-y-repuntara-en-2012-segun-el-informe-infoempleo-com-2010\/\",\"name\":\"La oferta de empleo se estabiliza en 2010 y repuntar\u00e1 en 2012, seg\u00fan el Informe Infoempleo 2010 | HRTRENDS\",\"isPartOf\":{\"@id\":\"https:\/\/empresas.infoempleo.com\/hrtrends\/#website\"},\"primaryImageOfPage\":{\"@id\":\"https:\/\/empresas.infoempleo.com\/hrtrends\/la-oferta-de-empleo-se-estabiliza-en-2010-y-repuntara-en-2012-segun-el-informe-infoempleo-com-2010\/#primaryimage\"},\"image\":{\"@id\":\"https:\/\/empresas.infoempleo.com\/hrtrends\/la-oferta-de-empleo-se-estabiliza-en-2010-y-repuntara-en-2012-segun-el-informe-infoempleo-com-2010\/#primaryimage\"},\"thumbnailUrl\":\"https:\/\/empresas.infoempleo.com\/hrtrends\/media\/2017\/05\/pexels-photo-205508.jpg\",\"datePublished\":\"2011-02-22T16:06:51+00:00\",\"dateModified\":\"2018-05-23T15:31:42+00:00\",\"breadcrumb\":{\"@id\":\"https:\/\/empresas.infoempleo.com\/hrtrends\/la-oferta-de-empleo-se-estabiliza-en-2010-y-repuntara-en-2012-segun-el-informe-infoempleo-com-2010\/#breadcrumb\"},\"inLanguage\":\"es\",\"potentialAction\":[{\"@type\":\"ReadAction\",\"target\":[\"https:\/\/empresas.infoempleo.com\/hrtrends\/la-oferta-de-empleo-se-estabiliza-en-2010-y-repuntara-en-2012-segun-el-informe-infoempleo-com-2010\/\"]}]},{\"@type\":\"ImageObject\",\"inLanguage\":\"es\",\"@id\":\"https:\/\/empresas.infoempleo.com\/hrtrends\/la-oferta-de-empleo-se-estabiliza-en-2010-y-repuntara-en-2012-segun-el-informe-infoempleo-com-2010\/#primaryimage\",\"url\":\"https:\/\/empresas.infoempleo.com\/hrtrends\/media\/2017\/05\/pexels-photo-205508-150x150.jpg\",\"contentUrl\":\"https:\/\/empresas.infoempleo.com\/hrtrends\/media\/2017\/05\/pexels-photo-205508-150x150.jpg\",\"width\":150,\"height\":150},{\"@type\":\"BreadcrumbList\",\"@id\":\"https:\/\/empresas.infoempleo.com\/hrtrends\/la-oferta-de-empleo-se-estabiliza-en-2010-y-repuntara-en-2012-segun-el-informe-infoempleo-com-2010\/#breadcrumb\",\"itemListElement\":[{\"@type\":\"ListItem\",\"position\":1,\"name\":\"Portada\",\"item\":\"https:\/\/empresas.infoempleo.com\/hrtrends\/\"},{\"@type\":\"ListItem\",\"position\":2,\"name\":\"La oferta de empleo se estabiliza en 2010 y repuntar\u00e1 en 2012, seg\u00fan el Informe Infoempleo 2010\"}]},{\"@type\":\"WebSite\",\"@id\":\"https:\/\/empresas.infoempleo.com\/hrtrends\/#website\",\"url\":\"https:\/\/empresas.infoempleo.com\/hrtrends\",\"name\":\"HRTrends by Infoempleo\",\"description\":\"\",\"publisher\":{\"@id\":\"https:\/\/empresas.infoempleo.com\/hrtrends\/#organization\"},\"potentialAction\":{\"@type\":\"SearchAction\",\"target\":\"https:\/\/empresas.infoempleo.com\/hrtrends\/?s={search_term_string}\",\"query-input\":\"required name=search_term_string\"},\"inLanguage\":\"es\"},{\"@type\":\"Organization\",\"@id\":\"https:\/\/empresas.infoempleo.com\/hrtrends\/#organization\",\"name\":\"Infoempleo\",\"url\":\"https:\/\/www.infoempleo.com\/\",\"logo\":{\"@type\":\"ImageObject\",\"@id\":\"https:\/\/empresas.infoempleo.com\/hrtrends\/#logo\",\"inLanguage\":\"es\",\"url\":\"https:\/\/cdnazure.infoempleo.com\/infoempleo\/assets\/style\/gfx\/logo.svg\",\"contentUrl\":\"https:\/\/cdnazure.infoempleo.com\/infoempleo\/assets\/style\/gfx\/logo.svg\",\"width\":150,\"height\":40,\"caption\":\"Infoempleo\"},\"image\":{\"@id\":\"https:\/\/empresas.infoempleo.com\/hrtrends\/#logo\"},\"sameAs\":[\"https:\/\/www.facebook.com\/Infoempleo\",\"https:\/\/x.com\/infoempleo\",\"http:\/\/instagram.com\/infoempleo\/\",\"http:\/\/www.linkedin.com\/groups\/Empleo-Espa\u00f1a-Infoempleocom-111276\",\"http:\/\/pinterest.com\/infoempleo\/\"],\"address\":{\"@type\":\"PostalAddress\",\"addressLocality\":\"Madrid\",\"postalCode\":\"28050\",\"streetAddress\":\"Avenida de Burgos 114\"},\"brand\":[\"Infoempleo\"]},{\"@type\":\"Person\",\"@id\":\"https:\/\/empresas.infoempleo.com\/hrtrends\/#\/schema\/person\/67d3e276ffcc8b3ae0ebec816daf775a\",\"name\":\"infoempleo\",\"image\":{\"@type\":\"ImageObject\",\"inLanguage\":\"es\",\"@id\":\"https:\/\/empresas.infoempleo.com\/hrtrends\/#\/schema\/person\/image\/\",\"url\":\"https:\/\/secure.gravatar.com\/avatar\/7b437777242fe67d2473c2a818da2344692d1ee91e91080ccffbd97bcd4a0975?s=96&d=mm&r=g\",\"contentUrl\":\"https:\/\/secure.gravatar.com\/avatar\/7b437777242fe67d2473c2a818da2344692d1ee91e91080ccffbd97bcd4a0975?s=96&d=mm&r=g\",\"caption\":\"infoempleo\"},\"url\":\"https:\/\/empresas.infoempleo.com\/hrtrends\/author\/infoempleo\/\"}]}<\/script>\n<!-- \/ Yoast SEO plugin. -->","yoast_head_json":{"title":"La oferta de empleo se estabiliza en 2010 y repuntar\u00e1 en 2012, seg\u00fan el Informe Infoempleo 2010 | HRTRENDS","robots":{"index":"index","follow":"follow","max-snippet":"max-snippet:-1","max-image-preview":"max-image-preview:large","max-video-preview":"max-video-preview:-1"},"canonical":"https:\/\/empresas.infoempleo.com\/hrtrends\/la-oferta-de-empleo-se-estabiliza-en-2010-y-repuntara-en-2012-segun-el-informe-infoempleo-com-2010\/","og_locale":"es_ES","og_type":"article","og_title":"La oferta de empleo se estabiliza en 2010 y repuntar\u00e1 en 2012, seg\u00fan el Informe Infoempleo 2010 | HRTRENDS","og_description":"El Informe Infoempleo.com 2010, realizado por Infoempleo.com con la colaboraci\u00f3n de Adecco,\u00a0en su decimocuarta edici\u00f3n vuelve a ofrecer Leer m\u00e1s","og_url":"https:\/\/empresas.infoempleo.com\/hrtrends\/la-oferta-de-empleo-se-estabiliza-en-2010-y-repuntara-en-2012-segun-el-informe-infoempleo-com-2010\/","og_site_name":"HRTRENDS","article_publisher":"https:\/\/www.facebook.com\/Infoempleo","article_published_time":"2011-02-22T16:06:51+00:00","article_modified_time":"2018-05-23T15:31:42+00:00","og_image":[{"width":1280,"height":960,"url":"https:\/\/empresas.infoempleo.com\/hrtrends\/media\/2017\/05\/pexels-photo-205508.jpg","type":"image\/jpeg"}],"author":"infoempleo","twitter_card":"summary_large_image","twitter_creator":"@infoempleo","twitter_site":"@infoempleo","twitter_misc":{"Escrito por":"infoempleo","Tiempo de lectura":"4 minutos"},"schema":{"@context":"https:\/\/schema.org","@graph":[{"@type":"NewsArticle","@id":"https:\/\/empresas.infoempleo.com\/hrtrends\/la-oferta-de-empleo-se-estabiliza-en-2010-y-repuntara-en-2012-segun-el-informe-infoempleo-com-2010\/#article","isPartOf":{"@id":"https:\/\/empresas.infoempleo.com\/hrtrends\/la-oferta-de-empleo-se-estabiliza-en-2010-y-repuntara-en-2012-segun-el-informe-infoempleo-com-2010\/"},"author":{"name":"infoempleo","@id":"https:\/\/empresas.infoempleo.com\/hrtrends\/#\/schema\/person\/67d3e276ffcc8b3ae0ebec816daf775a"},"headline":"La oferta de empleo se estabiliza en 2010 y repuntar\u00e1 en 2012, seg\u00fan el Informe Infoempleo 2010","datePublished":"2011-02-22T16:06:51+00:00","dateModified":"2018-05-23T15:31:42+00:00","mainEntityOfPage":{"@id":"https:\/\/empresas.infoempleo.com\/hrtrends\/la-oferta-de-empleo-se-estabiliza-en-2010-y-repuntara-en-2012-segun-el-informe-infoempleo-com-2010\/"},"wordCount":864,"publisher":{"@id":"https:\/\/empresas.infoempleo.com\/hrtrends\/#organization"},"image":{"@id":"https:\/\/empresas.infoempleo.com\/hrtrends\/la-oferta-de-empleo-se-estabiliza-en-2010-y-repuntara-en-2012-segun-el-informe-infoempleo-com-2010\/#primaryimage"},"thumbnailUrl":"https:\/\/empresas.infoempleo.com\/hrtrends\/media\/2017\/05\/pexels-photo-205508.jpg","keywords":["adecco","Empleo","infoempleo","Informe Infoempleo","nuevotag","trabajo"],"articleSection":["Actualidad"],"inLanguage":"es","copyrightYear":"2011","copyrightHolder":{"@id":"https:\/\/empresas.infoempleo.com\/hrtrends\/#organization"}},{"@type":"WebPage","@id":"https:\/\/empresas.infoempleo.com\/hrtrends\/la-oferta-de-empleo-se-estabiliza-en-2010-y-repuntara-en-2012-segun-el-informe-infoempleo-com-2010\/","url":"https:\/\/empresas.infoempleo.com\/hrtrends\/la-oferta-de-empleo-se-estabiliza-en-2010-y-repuntara-en-2012-segun-el-informe-infoempleo-com-2010\/","name":"La oferta de empleo se estabiliza en 2010 y repuntar\u00e1 en 2012, seg\u00fan el Informe Infoempleo 2010 | HRTRENDS","isPartOf":{"@id":"https:\/\/empresas.infoempleo.com\/hrtrends\/#website"},"primaryImageOfPage":{"@id":"https:\/\/empresas.infoempleo.com\/hrtrends\/la-oferta-de-empleo-se-estabiliza-en-2010-y-repuntara-en-2012-segun-el-informe-infoempleo-com-2010\/#primaryimage"},"image":{"@id":"https:\/\/empresas.infoempleo.com\/hrtrends\/la-oferta-de-empleo-se-estabiliza-en-2010-y-repuntara-en-2012-segun-el-informe-infoempleo-com-2010\/#primaryimage"},"thumbnailUrl":"https:\/\/empresas.infoempleo.com\/hrtrends\/media\/2017\/05\/pexels-photo-205508.jpg","datePublished":"2011-02-22T16:06:51+00:00","dateModified":"2018-05-23T15:31:42+00:00","breadcrumb":{"@id":"https:\/\/empresas.infoempleo.com\/hrtrends\/la-oferta-de-empleo-se-estabiliza-en-2010-y-repuntara-en-2012-segun-el-informe-infoempleo-com-2010\/#breadcrumb"},"inLanguage":"es","potentialAction":[{"@type":"ReadAction","target":["https:\/\/empresas.infoempleo.com\/hrtrends\/la-oferta-de-empleo-se-estabiliza-en-2010-y-repuntara-en-2012-segun-el-informe-infoempleo-com-2010\/"]}]},{"@type":"ImageObject","inLanguage":"es","@id":"https:\/\/empresas.infoempleo.com\/hrtrends\/la-oferta-de-empleo-se-estabiliza-en-2010-y-repuntara-en-2012-segun-el-informe-infoempleo-com-2010\/#primaryimage","url":"https:\/\/empresas.infoempleo.com\/hrtrends\/media\/2017\/05\/pexels-photo-205508-150x150.jpg","contentUrl":"https:\/\/empresas.infoempleo.com\/hrtrends\/media\/2017\/05\/pexels-photo-205508-150x150.jpg","width":150,"height":150},{"@type":"BreadcrumbList","@id":"https:\/\/empresas.infoempleo.com\/hrtrends\/la-oferta-de-empleo-se-estabiliza-en-2010-y-repuntara-en-2012-segun-el-informe-infoempleo-com-2010\/#breadcrumb","itemListElement":[{"@type":"ListItem","position":1,"name":"Portada","item":"https:\/\/empresas.infoempleo.com\/hrtrends\/"},{"@type":"ListItem","position":2,"name":"La oferta de empleo se estabiliza en 2010 y repuntar\u00e1 en 2012, seg\u00fan el Informe Infoempleo 2010"}]},{"@type":"WebSite","@id":"https:\/\/empresas.infoempleo.com\/hrtrends\/#website","url":"https:\/\/empresas.infoempleo.com\/hrtrends","name":"HRTrends by Infoempleo","description":"","publisher":{"@id":"https:\/\/empresas.infoempleo.com\/hrtrends\/#organization"},"potentialAction":{"@type":"SearchAction","target":"https:\/\/empresas.infoempleo.com\/hrtrends\/?s={search_term_string}","query-input":"required name=search_term_string"},"inLanguage":"es"},{"@type":"Organization","@id":"https:\/\/empresas.infoempleo.com\/hrtrends\/#organization","name":"Infoempleo","url":"https:\/\/www.infoempleo.com\/","logo":{"@type":"ImageObject","@id":"https:\/\/empresas.infoempleo.com\/hrtrends\/#logo","inLanguage":"es","url":"https:\/\/cdnazure.infoempleo.com\/infoempleo\/assets\/style\/gfx\/logo.svg","contentUrl":"https:\/\/cdnazure.infoempleo.com\/infoempleo\/assets\/style\/gfx\/logo.svg","width":150,"height":40,"caption":"Infoempleo"},"image":{"@id":"https:\/\/empresas.infoempleo.com\/hrtrends\/#logo"},"sameAs":["https:\/\/www.facebook.com\/Infoempleo","https:\/\/x.com\/infoempleo","http:\/\/instagram.com\/infoempleo\/","http:\/\/www.linkedin.com\/groups\/Empleo-Espa\u00f1a-Infoempleocom-111276","http:\/\/pinterest.com\/infoempleo\/"],"address":{"@type":"PostalAddress","addressLocality":"Madrid","postalCode":"28050","streetAddress":"Avenida de Burgos 114"},"brand":["Infoempleo"]},{"@type":"Person","@id":"https:\/\/empresas.infoempleo.com\/hrtrends\/#\/schema\/person\/67d3e276ffcc8b3ae0ebec816daf775a","name":"infoempleo","image":{"@type":"ImageObject","inLanguage":"es","@id":"https:\/\/empresas.infoempleo.com\/hrtrends\/#\/schema\/person\/image\/","url":"https:\/\/secure.gravatar.com\/avatar\/7b437777242fe67d2473c2a818da2344692d1ee91e91080ccffbd97bcd4a0975?s=96&d=mm&r=g","contentUrl":"https:\/\/secure.gravatar.com\/avatar\/7b437777242fe67d2473c2a818da2344692d1ee91e91080ccffbd97bcd4a0975?s=96&d=mm&r=g","caption":"infoempleo"},"url":"https:\/\/empresas.infoempleo.com\/hrtrends\/author\/infoempleo\/"}]}},"amp_enabled":true,"_links":{"self":[{"href":"https:\/\/empresas.infoempleo.com\/hrtrends\/wp-json\/wp\/v2\/posts\/12218","targetHints":{"allow":["GET"]}}],"collection":[{"href":"https:\/\/empresas.infoempleo.com\/hrtrends\/wp-json\/wp\/v2\/posts"}],"about":[{"href":"https:\/\/empresas.infoempleo.com\/hrtrends\/wp-json\/wp\/v2\/types\/post"}],"author":[{"embeddable":true,"href":"https:\/\/empresas.infoempleo.com\/hrtrends\/wp-json\/wp\/v2\/users\/72"}],"replies":[{"embeddable":true,"href":"https:\/\/empresas.infoempleo.com\/hrtrends\/wp-json\/wp\/v2\/comments?post=12218"}],"version-history":[{"count":0,"href":"https:\/\/empresas.infoempleo.com\/hrtrends\/wp-json\/wp\/v2\/posts\/12218\/revisions"}],"wp:featuredmedia":[{"embeddable":true,"href":"https:\/\/empresas.infoempleo.com\/hrtrends\/wp-json\/wp\/v2\/media\/29665"}],"wp:attachment":[{"href":"https:\/\/empresas.infoempleo.com\/hrtrends\/wp-json\/wp\/v2\/media?parent=12218"}],"wp:term":[{"taxonomy":"category","embeddable":true,"href":"https:\/\/empresas.infoempleo.com\/hrtrends\/wp-json\/wp\/v2\/categories?post=12218"},{"taxonomy":"post_tag","embeddable":true,"href":"https:\/\/empresas.infoempleo.com\/hrtrends\/wp-json\/wp\/v2\/tags?post=12218"}],"curies":[{"name":"wp","href":"https:\/\/api.w.org\/{rel}","templated":true}]}}