{"id":12190,"date":"2011-02-21T16:41:31","date_gmt":"2011-02-21T15:41:31","guid":{"rendered":"http:\/\/blog.infoempleo.com\/?p=12190"},"modified":"2018-05-23T17:31:43","modified_gmt":"2018-05-23T15:31:43","slug":"las-neurociencias-en-la-gestion-de-personas","status":"publish","type":"post","link":"https:\/\/empresas.infoempleo.com\/hrtrends\/las-neurociencias-en-la-gestion-de-personas\/","title":{"rendered":"Las neurociencias en la gesti\u00f3n de personas"},"content":{"rendered":"<h3>Silvia Damiano, experta en inteligencia emocional.<\/h3>\n<p>En los \u00faltimos 10 a\u00f1os ha surgido de los centros de investigaci\u00f3n informaci\u00f3n sobre c\u00f3mo funciona nuestro cerebro. Estamos atravesando una verdadera \u00abrevoluci\u00f3n cerebral\u00bb que no podemos ignorar, sobre todo si nuestra tarea es cuidar de los recursos humanos de una empresa.<\/p>\n<p>Un buen profesional de recursos humanos necesita preguntarse <strong>\u00bfqu\u00e9 puedo aprender del mundo de la ciencia para tener nuevas herramientas que me hagan operar de una manera m\u00e1s eficiente y, por ende, ayudar a las\u00a0 personas de la organizaci\u00f3n para que trabajen mejor? <\/strong><\/p>\n<p>He seleccionado dos puntos que considero de gran relevancia. En primer lugar, debemos comprender c\u00f3mo funciona nuestra <strong>corteza prefrontal<\/strong> (CPF), un \u00e1rea peque\u00f1a ubicada en los l\u00f3bulos frontales del cerebro, justo detr\u00e1s de la frente. <strong>Es responsable de planificar, establecer prioridades,\u00a0 tomar decisiones, alinear nuestros comportamientos con nuestros objetivos, hacer juicios sobre lo que est\u00e1 bien o mal y de la memoria a corto plazo, pero tiene una capacidad finita y, despu\u00e9s de un par de horas, \u00abse agota\u00bb si no le damos un descanso. <\/strong><\/p>\n<p>Cada d\u00eda nos enfrentamos con exceso de informaci\u00f3n, mensajes electr\u00f3nicos que jam\u00e1s acaban y reuniones consecutivas. Tanta actividad mental puede llegar a agotar esta parte peque\u00f1a y sensible del cerebro, aumentando el\u00a0 estr\u00e9s.<\/p>\n<p>Cuando los l\u00edderes de una empresa operan con altos niveles de estr\u00e9s, la capacidad para lograr buenos resultados econ\u00f3micos, manejar negociaciones dif\u00edciles, prestar atenci\u00f3n a los dem\u00e1s o generar grandes ideas se reduce significativamente.<\/p>\n<p>En segundo lugar, debemos pensar en <strong>la utopia de la multi-tarea<\/strong>. Una habilidad cr\u00edtica en los negocios es poder manejar muchas tareas con pocos\u00a0 recursos. Pero, \u00bfes esto realmente posible? La multi-tarea requiere la consideraci\u00f3n de varios conceptos al mismo\u00a0tiempo. Sin embargo,<strong> las investigaciones m\u00e1s recientes establecen que el cerebro no puede manejar m\u00e1s de cuatro conceptos a la vez.<\/strong> Si uno de estos conceptos es totalmente nuevo, el cerebro podr\u00e1 prestar atenci\u00f3n a eso solamente, ignorando lo\u00a0dem\u00e1s, proceso llamado \u00abatenci\u00f3n selectiva\u00bb.<\/p>\n<p>La multi-tarea se vuelvem\u00e1s f\u00e1cil cuando consideramos ideas o conceptos ya conocidos. La memoria, el rendimiento y la precisi\u00f3n decaen r\u00e1pidamente si empujamos a la CPF a hacer frente a muchas cosas a la vez, ya que la misma requiere de una gran cantidad de energ\u00eda para efectuar este proceso.<\/p>\n<p>\u00bfC\u00f3mo podemos incorporar este conocimiento en nuestras pr\u00e1cticas de recursos humanos? Indudablemente, hay mucho para reflexionar y para aplicar.<\/p>\n","protected":false},"excerpt":{"rendered":"<p>Silvia Damiano, experta en inteligencia emocional. En los \u00faltimos 10 a\u00f1os ha surgido de los centros de investigaci\u00f3n<a class=\"moretag\" href=\"https:\/\/empresas.infoempleo.com\/hrtrends\/las-neurociencias-en-la-gestion-de-personas\/\"> Leer m\u00e1s<\/a><\/p>\n","protected":false},"author":72,"featured_media":30145,"comment_status":"closed","ping_status":"open","sticky":false,"template":"","format":"standard","meta":{"footnotes":""},"categories":[3],"tags":[2320,2321,2310,70],"class_list":["post-12190","post","type-post","status-publish","format-standard","has-post-thumbnail","hentry","category-actualidad","tag-inteligencia-emocional","tag-neurociencia","tag-nuevotag","tag-rrhh"],"yoast_head":"<!-- This site is optimized with the Yoast SEO plugin v26.1.1 - https:\/\/yoast.com\/wordpress\/plugins\/seo\/ -->\n<title>Las neurociencias en la gesti\u00f3n de personas | HRTRENDS<\/title>\n<meta name=\"robots\" content=\"index, follow, max-snippet:-1, max-image-preview:large, max-video-preview:-1\" \/>\n<link rel=\"canonical\" href=\"https:\/\/empresas.infoempleo.com\/hrtrends\/las-neurociencias-en-la-gestion-de-personas\/\" \/>\n<meta property=\"og:locale\" content=\"es_ES\" \/>\n<meta property=\"og:type\" content=\"article\" \/>\n<meta property=\"og:title\" content=\"Las neurociencias en la gesti\u00f3n de personas | HRTRENDS\" \/>\n<meta property=\"og:description\" content=\"Silvia Damiano, experta en inteligencia emocional. En los \u00faltimos 10 a\u00f1os ha surgido de los centros de investigaci\u00f3n Leer m\u00e1s\" \/>\n<meta property=\"og:url\" content=\"https:\/\/empresas.infoempleo.com\/hrtrends\/las-neurociencias-en-la-gestion-de-personas\/\" \/>\n<meta property=\"og:site_name\" content=\"HRTRENDS\" \/>\n<meta property=\"article:publisher\" content=\"https:\/\/www.facebook.com\/Infoempleo\" \/>\n<meta property=\"article:published_time\" content=\"2011-02-21T15:41:31+00:00\" \/>\n<meta property=\"article:modified_time\" content=\"2018-05-23T15:31:43+00:00\" \/>\n<meta property=\"og:image\" content=\"https:\/\/empresas.infoempleo.com\/hrtrends\/media\/2011\/02\/ThinkstockPhotos-611992272.jpg\" \/>\n\t<meta property=\"og:image:width\" content=\"724\" \/>\n\t<meta property=\"og:image:height\" content=\"483\" \/>\n\t<meta property=\"og:image:type\" content=\"image\/jpeg\" \/>\n<meta name=\"author\" content=\"infoempleo\" \/>\n<meta name=\"twitter:card\" content=\"summary_large_image\" \/>\n<meta name=\"twitter:creator\" content=\"@infoempleo\" \/>\n<meta name=\"twitter:site\" content=\"@infoempleo\" \/>\n<meta name=\"twitter:label1\" content=\"Escrito por\" \/>\n\t<meta name=\"twitter:data1\" content=\"infoempleo\" \/>\n\t<meta name=\"twitter:label2\" content=\"Tiempo de lectura\" \/>\n\t<meta name=\"twitter:data2\" content=\"2 minutos\" \/>\n<script type=\"application\/ld+json\" class=\"yoast-schema-graph\">{\"@context\":\"https:\/\/schema.org\",\"@graph\":[{\"@type\":\"NewsArticle\",\"@id\":\"https:\/\/empresas.infoempleo.com\/hrtrends\/las-neurociencias-en-la-gestion-de-personas\/#article\",\"isPartOf\":{\"@id\":\"https:\/\/empresas.infoempleo.com\/hrtrends\/las-neurociencias-en-la-gestion-de-personas\/\"},\"author\":{\"name\":\"infoempleo\",\"@id\":\"https:\/\/empresas.infoempleo.com\/hrtrends\/#\/schema\/person\/67d3e276ffcc8b3ae0ebec816daf775a\"},\"headline\":\"Las neurociencias en la gesti\u00f3n de personas\",\"datePublished\":\"2011-02-21T15:41:31+00:00\",\"dateModified\":\"2018-05-23T15:31:43+00:00\",\"mainEntityOfPage\":{\"@id\":\"https:\/\/empresas.infoempleo.com\/hrtrends\/las-neurociencias-en-la-gestion-de-personas\/\"},\"wordCount\":441,\"publisher\":{\"@id\":\"https:\/\/empresas.infoempleo.com\/hrtrends\/#organization\"},\"image\":{\"@id\":\"https:\/\/empresas.infoempleo.com\/hrtrends\/las-neurociencias-en-la-gestion-de-personas\/#primaryimage\"},\"thumbnailUrl\":\"https:\/\/empresas.infoempleo.com\/hrtrends\/media\/2011\/02\/ThinkstockPhotos-611992272.jpg\",\"keywords\":[\"Inteligencia Emocional\",\"neurociencia\",\"nuevotag\",\"RRHH\"],\"articleSection\":[\"Actualidad\"],\"inLanguage\":\"es\",\"copyrightYear\":\"2011\",\"copyrightHolder\":{\"@id\":\"https:\/\/empresas.infoempleo.com\/hrtrends\/#organization\"}},{\"@type\":\"WebPage\",\"@id\":\"https:\/\/empresas.infoempleo.com\/hrtrends\/las-neurociencias-en-la-gestion-de-personas\/\",\"url\":\"https:\/\/empresas.infoempleo.com\/hrtrends\/las-neurociencias-en-la-gestion-de-personas\/\",\"name\":\"Las neurociencias en la gesti\u00f3n de personas | HRTRENDS\",\"isPartOf\":{\"@id\":\"https:\/\/empresas.infoempleo.com\/hrtrends\/#website\"},\"primaryImageOfPage\":{\"@id\":\"https:\/\/empresas.infoempleo.com\/hrtrends\/las-neurociencias-en-la-gestion-de-personas\/#primaryimage\"},\"image\":{\"@id\":\"https:\/\/empresas.infoempleo.com\/hrtrends\/las-neurociencias-en-la-gestion-de-personas\/#primaryimage\"},\"thumbnailUrl\":\"https:\/\/empresas.infoempleo.com\/hrtrends\/media\/2011\/02\/ThinkstockPhotos-611992272.jpg\",\"datePublished\":\"2011-02-21T15:41:31+00:00\",\"dateModified\":\"2018-05-23T15:31:43+00:00\",\"breadcrumb\":{\"@id\":\"https:\/\/empresas.infoempleo.com\/hrtrends\/las-neurociencias-en-la-gestion-de-personas\/#breadcrumb\"},\"inLanguage\":\"es\",\"potentialAction\":[{\"@type\":\"ReadAction\",\"target\":[\"https:\/\/empresas.infoempleo.com\/hrtrends\/las-neurociencias-en-la-gestion-de-personas\/\"]}]},{\"@type\":\"ImageObject\",\"inLanguage\":\"es\",\"@id\":\"https:\/\/empresas.infoempleo.com\/hrtrends\/las-neurociencias-en-la-gestion-de-personas\/#primaryimage\",\"url\":\"https:\/\/empresas.infoempleo.com\/hrtrends\/media\/2011\/02\/ThinkstockPhotos-611992272-150x150.jpg\",\"contentUrl\":\"https:\/\/empresas.infoempleo.com\/hrtrends\/media\/2011\/02\/ThinkstockPhotos-611992272-150x150.jpg\",\"width\":150,\"height\":150,\"caption\":\"Neurociencias\"},{\"@type\":\"BreadcrumbList\",\"@id\":\"https:\/\/empresas.infoempleo.com\/hrtrends\/las-neurociencias-en-la-gestion-de-personas\/#breadcrumb\",\"itemListElement\":[{\"@type\":\"ListItem\",\"position\":1,\"name\":\"Portada\",\"item\":\"https:\/\/empresas.infoempleo.com\/hrtrends\/\"},{\"@type\":\"ListItem\",\"position\":2,\"name\":\"Las neurociencias en la gesti\u00f3n de personas\"}]},{\"@type\":\"WebSite\",\"@id\":\"https:\/\/empresas.infoempleo.com\/hrtrends\/#website\",\"url\":\"https:\/\/empresas.infoempleo.com\/hrtrends\",\"name\":\"HRTrends by Infoempleo\",\"description\":\"\",\"publisher\":{\"@id\":\"https:\/\/empresas.infoempleo.com\/hrtrends\/#organization\"},\"potentialAction\":{\"@type\":\"SearchAction\",\"target\":\"https:\/\/empresas.infoempleo.com\/hrtrends\/?s={search_term_string}\",\"query-input\":\"required name=search_term_string\"},\"inLanguage\":\"es\"},{\"@type\":\"Organization\",\"@id\":\"https:\/\/empresas.infoempleo.com\/hrtrends\/#organization\",\"name\":\"Infoempleo\",\"url\":\"https:\/\/www.infoempleo.com\/\",\"logo\":{\"@type\":\"ImageObject\",\"@id\":\"https:\/\/empresas.infoempleo.com\/hrtrends\/#logo\",\"inLanguage\":\"es\",\"url\":\"https:\/\/cdnazure.infoempleo.com\/infoempleo\/assets\/style\/gfx\/logo.svg\",\"contentUrl\":\"https:\/\/cdnazure.infoempleo.com\/infoempleo\/assets\/style\/gfx\/logo.svg\",\"width\":150,\"height\":40,\"caption\":\"Infoempleo\"},\"image\":{\"@id\":\"https:\/\/empresas.infoempleo.com\/hrtrends\/#logo\"},\"sameAs\":[\"https:\/\/www.facebook.com\/Infoempleo\",\"https:\/\/x.com\/infoempleo\",\"http:\/\/instagram.com\/infoempleo\/\",\"http:\/\/www.linkedin.com\/groups\/Empleo-Espa\u00f1a-Infoempleocom-111276\",\"http:\/\/pinterest.com\/infoempleo\/\"],\"address\":{\"@type\":\"PostalAddress\",\"addressLocality\":\"Madrid\",\"postalCode\":\"28050\",\"streetAddress\":\"Avenida de Burgos 114\"},\"brand\":[\"Infoempleo\"]},{\"@type\":\"Person\",\"@id\":\"https:\/\/empresas.infoempleo.com\/hrtrends\/#\/schema\/person\/67d3e276ffcc8b3ae0ebec816daf775a\",\"name\":\"infoempleo\",\"image\":{\"@type\":\"ImageObject\",\"inLanguage\":\"es\",\"@id\":\"https:\/\/empresas.infoempleo.com\/hrtrends\/#\/schema\/person\/image\/\",\"url\":\"https:\/\/secure.gravatar.com\/avatar\/7b437777242fe67d2473c2a818da2344692d1ee91e91080ccffbd97bcd4a0975?s=96&d=mm&r=g\",\"contentUrl\":\"https:\/\/secure.gravatar.com\/avatar\/7b437777242fe67d2473c2a818da2344692d1ee91e91080ccffbd97bcd4a0975?s=96&d=mm&r=g\",\"caption\":\"infoempleo\"},\"url\":\"https:\/\/empresas.infoempleo.com\/hrtrends\/author\/infoempleo\/\"}]}<\/script>\n<!-- \/ Yoast SEO plugin. -->","yoast_head_json":{"title":"Las neurociencias en la gesti\u00f3n de personas | HRTRENDS","robots":{"index":"index","follow":"follow","max-snippet":"max-snippet:-1","max-image-preview":"max-image-preview:large","max-video-preview":"max-video-preview:-1"},"canonical":"https:\/\/empresas.infoempleo.com\/hrtrends\/las-neurociencias-en-la-gestion-de-personas\/","og_locale":"es_ES","og_type":"article","og_title":"Las neurociencias en la gesti\u00f3n de personas | HRTRENDS","og_description":"Silvia Damiano, experta en inteligencia emocional. En los \u00faltimos 10 a\u00f1os ha surgido de los centros de investigaci\u00f3n Leer m\u00e1s","og_url":"https:\/\/empresas.infoempleo.com\/hrtrends\/las-neurociencias-en-la-gestion-de-personas\/","og_site_name":"HRTRENDS","article_publisher":"https:\/\/www.facebook.com\/Infoempleo","article_published_time":"2011-02-21T15:41:31+00:00","article_modified_time":"2018-05-23T15:31:43+00:00","og_image":[{"width":724,"height":483,"url":"https:\/\/empresas.infoempleo.com\/hrtrends\/media\/2011\/02\/ThinkstockPhotos-611992272.jpg","type":"image\/jpeg"}],"author":"infoempleo","twitter_card":"summary_large_image","twitter_creator":"@infoempleo","twitter_site":"@infoempleo","twitter_misc":{"Escrito por":"infoempleo","Tiempo de lectura":"2 minutos"},"schema":{"@context":"https:\/\/schema.org","@graph":[{"@type":"NewsArticle","@id":"https:\/\/empresas.infoempleo.com\/hrtrends\/las-neurociencias-en-la-gestion-de-personas\/#article","isPartOf":{"@id":"https:\/\/empresas.infoempleo.com\/hrtrends\/las-neurociencias-en-la-gestion-de-personas\/"},"author":{"name":"infoempleo","@id":"https:\/\/empresas.infoempleo.com\/hrtrends\/#\/schema\/person\/67d3e276ffcc8b3ae0ebec816daf775a"},"headline":"Las neurociencias en la gesti\u00f3n de personas","datePublished":"2011-02-21T15:41:31+00:00","dateModified":"2018-05-23T15:31:43+00:00","mainEntityOfPage":{"@id":"https:\/\/empresas.infoempleo.com\/hrtrends\/las-neurociencias-en-la-gestion-de-personas\/"},"wordCount":441,"publisher":{"@id":"https:\/\/empresas.infoempleo.com\/hrtrends\/#organization"},"image":{"@id":"https:\/\/empresas.infoempleo.com\/hrtrends\/las-neurociencias-en-la-gestion-de-personas\/#primaryimage"},"thumbnailUrl":"https:\/\/empresas.infoempleo.com\/hrtrends\/media\/2011\/02\/ThinkstockPhotos-611992272.jpg","keywords":["Inteligencia Emocional","neurociencia","nuevotag","RRHH"],"articleSection":["Actualidad"],"inLanguage":"es","copyrightYear":"2011","copyrightHolder":{"@id":"https:\/\/empresas.infoempleo.com\/hrtrends\/#organization"}},{"@type":"WebPage","@id":"https:\/\/empresas.infoempleo.com\/hrtrends\/las-neurociencias-en-la-gestion-de-personas\/","url":"https:\/\/empresas.infoempleo.com\/hrtrends\/las-neurociencias-en-la-gestion-de-personas\/","name":"Las neurociencias en la gesti\u00f3n de personas | HRTRENDS","isPartOf":{"@id":"https:\/\/empresas.infoempleo.com\/hrtrends\/#website"},"primaryImageOfPage":{"@id":"https:\/\/empresas.infoempleo.com\/hrtrends\/las-neurociencias-en-la-gestion-de-personas\/#primaryimage"},"image":{"@id":"https:\/\/empresas.infoempleo.com\/hrtrends\/las-neurociencias-en-la-gestion-de-personas\/#primaryimage"},"thumbnailUrl":"https:\/\/empresas.infoempleo.com\/hrtrends\/media\/2011\/02\/ThinkstockPhotos-611992272.jpg","datePublished":"2011-02-21T15:41:31+00:00","dateModified":"2018-05-23T15:31:43+00:00","breadcrumb":{"@id":"https:\/\/empresas.infoempleo.com\/hrtrends\/las-neurociencias-en-la-gestion-de-personas\/#breadcrumb"},"inLanguage":"es","potentialAction":[{"@type":"ReadAction","target":["https:\/\/empresas.infoempleo.com\/hrtrends\/las-neurociencias-en-la-gestion-de-personas\/"]}]},{"@type":"ImageObject","inLanguage":"es","@id":"https:\/\/empresas.infoempleo.com\/hrtrends\/las-neurociencias-en-la-gestion-de-personas\/#primaryimage","url":"https:\/\/empresas.infoempleo.com\/hrtrends\/media\/2011\/02\/ThinkstockPhotos-611992272-150x150.jpg","contentUrl":"https:\/\/empresas.infoempleo.com\/hrtrends\/media\/2011\/02\/ThinkstockPhotos-611992272-150x150.jpg","width":150,"height":150,"caption":"Neurociencias"},{"@type":"BreadcrumbList","@id":"https:\/\/empresas.infoempleo.com\/hrtrends\/las-neurociencias-en-la-gestion-de-personas\/#breadcrumb","itemListElement":[{"@type":"ListItem","position":1,"name":"Portada","item":"https:\/\/empresas.infoempleo.com\/hrtrends\/"},{"@type":"ListItem","position":2,"name":"Las neurociencias en la gesti\u00f3n de personas"}]},{"@type":"WebSite","@id":"https:\/\/empresas.infoempleo.com\/hrtrends\/#website","url":"https:\/\/empresas.infoempleo.com\/hrtrends","name":"HRTrends by Infoempleo","description":"","publisher":{"@id":"https:\/\/empresas.infoempleo.com\/hrtrends\/#organization"},"potentialAction":{"@type":"SearchAction","target":"https:\/\/empresas.infoempleo.com\/hrtrends\/?s={search_term_string}","query-input":"required name=search_term_string"},"inLanguage":"es"},{"@type":"Organization","@id":"https:\/\/empresas.infoempleo.com\/hrtrends\/#organization","name":"Infoempleo","url":"https:\/\/www.infoempleo.com\/","logo":{"@type":"ImageObject","@id":"https:\/\/empresas.infoempleo.com\/hrtrends\/#logo","inLanguage":"es","url":"https:\/\/cdnazure.infoempleo.com\/infoempleo\/assets\/style\/gfx\/logo.svg","contentUrl":"https:\/\/cdnazure.infoempleo.com\/infoempleo\/assets\/style\/gfx\/logo.svg","width":150,"height":40,"caption":"Infoempleo"},"image":{"@id":"https:\/\/empresas.infoempleo.com\/hrtrends\/#logo"},"sameAs":["https:\/\/www.facebook.com\/Infoempleo","https:\/\/x.com\/infoempleo","http:\/\/instagram.com\/infoempleo\/","http:\/\/www.linkedin.com\/groups\/Empleo-Espa\u00f1a-Infoempleocom-111276","http:\/\/pinterest.com\/infoempleo\/"],"address":{"@type":"PostalAddress","addressLocality":"Madrid","postalCode":"28050","streetAddress":"Avenida de Burgos 114"},"brand":["Infoempleo"]},{"@type":"Person","@id":"https:\/\/empresas.infoempleo.com\/hrtrends\/#\/schema\/person\/67d3e276ffcc8b3ae0ebec816daf775a","name":"infoempleo","image":{"@type":"ImageObject","inLanguage":"es","@id":"https:\/\/empresas.infoempleo.com\/hrtrends\/#\/schema\/person\/image\/","url":"https:\/\/secure.gravatar.com\/avatar\/7b437777242fe67d2473c2a818da2344692d1ee91e91080ccffbd97bcd4a0975?s=96&d=mm&r=g","contentUrl":"https:\/\/secure.gravatar.com\/avatar\/7b437777242fe67d2473c2a818da2344692d1ee91e91080ccffbd97bcd4a0975?s=96&d=mm&r=g","caption":"infoempleo"},"url":"https:\/\/empresas.infoempleo.com\/hrtrends\/author\/infoempleo\/"}]}},"amp_enabled":true,"_links":{"self":[{"href":"https:\/\/empresas.infoempleo.com\/hrtrends\/wp-json\/wp\/v2\/posts\/12190","targetHints":{"allow":["GET"]}}],"collection":[{"href":"https:\/\/empresas.infoempleo.com\/hrtrends\/wp-json\/wp\/v2\/posts"}],"about":[{"href":"https:\/\/empresas.infoempleo.com\/hrtrends\/wp-json\/wp\/v2\/types\/post"}],"author":[{"embeddable":true,"href":"https:\/\/empresas.infoempleo.com\/hrtrends\/wp-json\/wp\/v2\/users\/72"}],"replies":[{"embeddable":true,"href":"https:\/\/empresas.infoempleo.com\/hrtrends\/wp-json\/wp\/v2\/comments?post=12190"}],"version-history":[{"count":0,"href":"https:\/\/empresas.infoempleo.com\/hrtrends\/wp-json\/wp\/v2\/posts\/12190\/revisions"}],"wp:featuredmedia":[{"embeddable":true,"href":"https:\/\/empresas.infoempleo.com\/hrtrends\/wp-json\/wp\/v2\/media\/30145"}],"wp:attachment":[{"href":"https:\/\/empresas.infoempleo.com\/hrtrends\/wp-json\/wp\/v2\/media?parent=12190"}],"wp:term":[{"taxonomy":"category","embeddable":true,"href":"https:\/\/empresas.infoempleo.com\/hrtrends\/wp-json\/wp\/v2\/categories?post=12190"},{"taxonomy":"post_tag","embeddable":true,"href":"https:\/\/empresas.infoempleo.com\/hrtrends\/wp-json\/wp\/v2\/tags?post=12190"}],"curies":[{"name":"wp","href":"https:\/\/api.w.org\/{rel}","templated":true}]}}