{"id":12181,"date":"2011-02-21T16:09:40","date_gmt":"2011-02-21T15:09:40","guid":{"rendered":"http:\/\/blog.infoempleo.com\/?p=12181"},"modified":"2024-08-29T17:42:51","modified_gmt":"2024-08-29T15:42:51","slug":"un-entorno-laboral-saludable-y-sin-estres","status":"publish","type":"post","link":"https:\/\/empresas.infoempleo.com\/hrtrends\/un-entorno-laboral-saludable-y-sin-estres\/","title":{"rendered":"Un entorno laboral saludable y sin estr\u00e9s"},"content":{"rendered":"<p style=\"text-align: center;\"><strong><\/strong><\/p>\n<p><strong>El estr\u00e9s es el causante de un gran porcentaje de las bajas laborales que se firman cada d\u00eda en Espa\u00f1a.<\/strong> Muchas de ellas se esconden tras los s\u00edntomas de otras patolog\u00edas \u2013problemas musculares,\u00a0gastrointestinales, fatiga\u2013que no son sino una consecuencia de esa primera dolencia. El estr\u00e9s laboral afecta en Espa\u00f1a, seg\u00fan datos de la <a href=\"https:\/\/eur-lex.europa.eu\/legal-content\/ES\/TXT\/?uri=LEGISSUM:c11111\" target=\"_blank\" rel=\"noopener noreferrer\">Fundaci\u00f3n Europea para la Mejora de\u00a0 las Condiciones de Vida y Trabajo<\/a>, a <strong>cuatro de cada diez asalariados y a la mitad de los empresarios que desarrollan su actividad en este pa\u00eds<\/strong>. Seg\u00fan la <a href=\"https:\/\/eur-lex.europa.eu\/legal-content\/ES\/TXT\/?uri=LEGISSUM:c11110\" target=\"_blank\" rel=\"noopener noreferrer\">Agencia Europea para la Seguridad y la Salud en el Trabajo<\/a> tan solo dos de cada diez empresas europeas se preocupan por adoptar medidas destinadas a reducir esta patolog\u00eda asociada a un mal ambiente en el trabajo.<\/p>\n<p><strong>Crear un entorno ajeno al conflicto parece una utop\u00eda.<\/strong> Consultamos a <strong>Antonio Cano, presidente de la <\/strong>Sociedad Espa\u00f1ola del Estudio de la Ansiedad y el Estr\u00e9s (SEAS), sobre las claves para conseguir el mejor ambiente posible. <strong>\u00abHay muchos factores que pueden influir sobre el ambiente laboral. Podr\u00edamos clasificarlos en factores relacionados con la\u00a0 organizaci\u00f3n y aquellos que tienen que ver con el individuo\u00bb,<\/strong> puntualiza Cano. En la primera clasificaci\u00f3n el presidente de SEAS agrupa \u00ablos h\u00e1bitos desarrollados en la forma de abordar las tareas, los procedimientos racionales o racionalmente costosos, en mayor medida que la tarea en s\u00ed que comporta la actividad laboral\u00bb. En los relacionados con el individuo tienen cabida otras variables de tipo psicol\u00f3gico. Estas tendr\u00edan que ver, como indica Cano, \u00abcon la interpretaci\u00f3n cognitiva que hace cada persona de un mismo estresor, sus recursos para afrontarlo, su manejo de las emociones y del estr\u00e9s, su personalidad\u2026\u00bb Es decir, que <strong>tanto influye el entorno como nuestra disposici\u00f3n a enfrentarnos a \u00e9l<\/strong>, y en los dos \u00e1mbitos estamos hablando de una confrontaci\u00f3n\u2013desequilibrio, en el peor de los casos\u2013 entre esfuerzo y recompensa.<\/p>\n<h3>Las cifras del estr\u00e9s<\/h3>\n<p>\u00abEl estr\u00e9s laboral es un conjunto de reacciones emocionales, cognitivas, fisiol\u00f3gicas y del comportamiento ante ciertos aspectos adversos o nocivos del contenido, la organizaci\u00f3n o el entorno de trabajo\u00bb, sentencia Cano.<\/p>\n<p>Pero detr\u00e1s de cada cuadro de estr\u00e9s asociado a la actividad profesional de un individuo existen m\u00faltiples variables que hacen de cada caso algo distinto. <strong>Su repercusi\u00f3n var\u00eda en funci\u00f3n del tama\u00f1o de la empresa y de la edad del trabajador.<\/strong> En los datos que recoge el <a href=\"https:\/\/www.insst.es\/\" target=\"_blank\" rel=\"noopener noreferrer\">Observatorio Estatal de Condiciones de\u00a0 Trabajo<\/a> sobre <strong>la sintomatolog\u00eda asociada al estr\u00e9s podemos distinguir que \u00e9sta se presenta en un mayor porcentaje cuanto mayor es el tama\u00f1o de la plantilla y cuantos m\u00e1s a\u00f1os tiene el trabajador<\/strong>, aunque esta \u00faltima tendencia se ha ido moderando y se centra en los\u00a0 trabajadores de media edad. As\u00ed, por tramos de edad, <strong>el pico de los trabajadores que m\u00e1s visitan al m\u00e9dico con s\u00edntomas de estr\u00e9s laboral es el situado entre los 35 y los 44 a\u00f1os<\/strong>. As\u00ed lo establece la Agencia Europea para la Seguridad y la Salud en el Trabajo \u2013datos de 2003\u2013. A este rango le siguen aquellos que tienen entre 25 y 34 y, despu\u00e9s, los de 45 a 54. En porcentajes muy inferiores \u2013menores al 5%\u2013 encontramos a los menores de 24 y a los que superan las 55\u00a0 primaveras.<\/p>\n<p>Encuanto a las diferencias por sexo, <strong>la Agencia no recoge notables distinciones entre los s\u00edntomas que presentan hombres ymujeres.<\/strong><\/p>\n<h3>\u00bfCu\u00e1les sonlos principales factores que desembocan en un cuadro de estr\u00e9s laboral?<\/h3>\n<p>Quiz\u00e1 identific\u00e1ndolos ser\u00e1 m\u00e1s f\u00e1cil evitarlos. Antonio\u00a0Cano cree que este listado parece estar siempre incompleto, por lo que nos remite a un informe realizado por la Comisi\u00f3n Europea sobre el estr\u00e9s laboral. En \u00e9l se recogen situaciones como <strong>el exceso o falta de trabajo, un tiempo inadecuado para\u00a0 completar la tarea, falta de reconocimiento ante un buen rendimiento, no poder exponer las quejas, no contar con el apoyo de colegas ni de superiores\u2026 y otras tantas circunstancias, entre las que no podemos olvidar una de clara actualidad: la inestabilidad del empleo.<\/strong><\/p>\n<p>\u00c9stas son las causas, <strong>\u00bfy las consecuencias?<\/strong> Echando un vistazo a los datos que esta Agencia recoge sobre el estr\u00e9s en Espa\u00f1a podemos observar que los principales s\u00edntomas asociados a esta dolencia de los que se quejan los empleados son: <strong>dificultad para dormir, dolores de cabeza, sensaci\u00f3n de fatiga continua y problemas de concentraci\u00f3n o atenci\u00f3n. <\/strong><\/p>\n<h3>M\u00e1s vale prevenir\u2026<\/h3>\n<p>Pocas empresas en Espa\u00f1a son conscientes del tremendo agujero econ\u00f3mico que suponen las bajas por estr\u00e9s laboral, pero los datos del <a href=\"https:\/\/www.ine.es\/\" target=\"_blank\" rel=\"noopener noreferrer\">Instituto Nacional de Estad\u00edstica<\/a> no dejan lugar a dudas: <strong>esta circunstancia supone una p\u00e9rdida superior al 10% del PIB. <\/strong>Y esta ignorancia o, mejor dicho, despreocupaci\u00f3n, no es un caso aislado de Espa\u00f1a. L<\/p>\n<p>a Agencia Europea para la Seguridad y la Salud en el Trabajo ha realizado una encuesta a trabajadores y directivos de m\u00e1s de una treintena de pa\u00edses de cuyo resultado ha extra\u00eddo que <strong>s\u00f3lo un 26% de las empresas europeas cuenta con medidas para luchar contra el estr\u00e9s laboral.<\/strong> Este dato se ve compensado por otras cifras m\u00e1s alentadoras, como que casi el 80% de los directivos est\u00e1 preocupado por las repercusiones que tiene este mal en sus plantillas.<\/p>\n<p>El presidente de SEAS cree que esto se podr\u00eda evitar si las empresas invirtieran \u00abcontratando los servicios de los especialistas, como los t\u00e9cnicos en prevenci\u00f3n. Son las personas mejor formadas para establecer un plan de riesgos laborales, as\u00ed como de ejecutarlos\u00bb.<\/p>\n<p><strong>Clara Llorens, del<\/strong> <a href=\"https:\/\/istas.net\/istas\/como-actuamos\/centros-de-referencia-de-istas\" target=\"_blank\" rel=\"noopener noreferrer\">Centro de Organizaci\u00f3n del trabajo ISTAS<\/a>, afirmaba en un art\u00edculo reciente que \u00ab<strong>la\u00a0 prevenci\u00f3n del estr\u00e9s pasa por identificar las exposiciones desfavorables para la salud por medio de la evaluaci\u00f3n espec\u00edfica de los riesgos psicosciales<\/strong>.La clave de la acci\u00f3n\u00a0 preventiva es identificar qu\u00e9 pr\u00e1cticas de gesti\u00f3n de la mano de obra\u00a0 est\u00e1n detr\u00e1s de esas situaciones de riesgo\u00bb.<\/p>\n","protected":false},"excerpt":{"rendered":"<p>El estr\u00e9s es el causante de un gran porcentaje de las bajas laborales que se firman cada d\u00eda<a class=\"moretag\" href=\"https:\/\/empresas.infoempleo.com\/hrtrends\/un-entorno-laboral-saludable-y-sin-estres\/\"> Leer m\u00e1s<\/a><\/p>\n","protected":false},"author":62,"featured_media":30154,"comment_status":"closed","ping_status":"open","sticky":false,"template":"","format":"standard","meta":{"footnotes":""},"categories":[3],"tags":[2316,38,2310,995,1255],"class_list":["post-12181","post","type-post","status-publish","format-standard","has-post-thumbnail","hentry","category-actualidad","tag-ambiente-de-trabajo","tag-estres","tag-nuevotag","tag-prevencion","tag-salud"],"yoast_head":"<!-- This site is optimized with the Yoast SEO plugin v26.1.1 - https:\/\/yoast.com\/wordpress\/plugins\/seo\/ -->\n<title>Un entorno laboral saludable y sin estr\u00e9s | HRTRENDS<\/title>\n<meta name=\"robots\" content=\"index, follow, max-snippet:-1, max-image-preview:large, max-video-preview:-1\" \/>\n<link rel=\"canonical\" href=\"https:\/\/empresas.infoempleo.com\/hrtrends\/un-entorno-laboral-saludable-y-sin-estres\/\" \/>\n<meta property=\"og:locale\" content=\"es_ES\" \/>\n<meta property=\"og:type\" content=\"article\" \/>\n<meta property=\"og:title\" content=\"Un entorno laboral saludable y sin estr\u00e9s | HRTRENDS\" \/>\n<meta property=\"og:description\" content=\"El estr\u00e9s es el causante de un gran porcentaje de las bajas laborales que se firman cada d\u00eda Leer m\u00e1s\" \/>\n<meta property=\"og:url\" content=\"https:\/\/empresas.infoempleo.com\/hrtrends\/un-entorno-laboral-saludable-y-sin-estres\/\" \/>\n<meta property=\"og:site_name\" content=\"HRTRENDS\" \/>\n<meta property=\"article:publisher\" content=\"https:\/\/www.facebook.com\/Infoempleo\" \/>\n<meta property=\"article:published_time\" content=\"2011-02-21T15:09:40+00:00\" \/>\n<meta property=\"article:modified_time\" content=\"2024-08-29T15:42:51+00:00\" \/>\n<meta property=\"og:image\" content=\"https:\/\/empresas.infoempleo.com\/hrtrends\/media\/2011\/02\/saludable-e1496143964298.jpeg\" \/>\n\t<meta property=\"og:image:width\" content=\"800\" \/>\n\t<meta property=\"og:image:height\" content=\"533\" \/>\n\t<meta property=\"og:image:type\" content=\"image\/jpeg\" \/>\n<meta name=\"author\" content=\"elena arranz\" \/>\n<meta name=\"twitter:card\" content=\"summary_large_image\" \/>\n<meta name=\"twitter:creator\" content=\"@infoempleo\" \/>\n<meta name=\"twitter:site\" content=\"@infoempleo\" \/>\n<meta name=\"twitter:label1\" content=\"Escrito por\" \/>\n\t<meta name=\"twitter:data1\" content=\"elena arranz\" \/>\n\t<meta name=\"twitter:label2\" content=\"Tiempo de lectura\" \/>\n\t<meta name=\"twitter:data2\" content=\"5 minutos\" \/>\n<script type=\"application\/ld+json\" class=\"yoast-schema-graph\">{\"@context\":\"https:\/\/schema.org\",\"@graph\":[{\"@type\":\"NewsArticle\",\"@id\":\"https:\/\/empresas.infoempleo.com\/hrtrends\/un-entorno-laboral-saludable-y-sin-estres\/#article\",\"isPartOf\":{\"@id\":\"https:\/\/empresas.infoempleo.com\/hrtrends\/un-entorno-laboral-saludable-y-sin-estres\/\"},\"author\":{\"name\":\"elena arranz\",\"@id\":\"https:\/\/empresas.infoempleo.com\/hrtrends\/#\/schema\/person\/f3484d3cdf45b2f3846af4f705ec9730\"},\"headline\":\"Un entorno laboral saludable y sin estr\u00e9s\",\"datePublished\":\"2011-02-21T15:09:40+00:00\",\"dateModified\":\"2024-08-29T15:42:51+00:00\",\"mainEntityOfPage\":{\"@id\":\"https:\/\/empresas.infoempleo.com\/hrtrends\/un-entorno-laboral-saludable-y-sin-estres\/\"},\"wordCount\":1037,\"publisher\":{\"@id\":\"https:\/\/empresas.infoempleo.com\/hrtrends\/#organization\"},\"image\":{\"@id\":\"https:\/\/empresas.infoempleo.com\/hrtrends\/un-entorno-laboral-saludable-y-sin-estres\/#primaryimage\"},\"thumbnailUrl\":\"https:\/\/empresas.infoempleo.com\/hrtrends\/media\/2011\/02\/saludable-e1496143964298.jpeg\",\"keywords\":[\"ambiente de trabajo\",\"estr\u00e9s\",\"nuevotag\",\"prevenci\u00f3n\",\"Salud\"],\"articleSection\":[\"Actualidad\"],\"inLanguage\":\"es\",\"copyrightYear\":\"2011\",\"copyrightHolder\":{\"@id\":\"https:\/\/empresas.infoempleo.com\/hrtrends\/#organization\"}},{\"@type\":\"WebPage\",\"@id\":\"https:\/\/empresas.infoempleo.com\/hrtrends\/un-entorno-laboral-saludable-y-sin-estres\/\",\"url\":\"https:\/\/empresas.infoempleo.com\/hrtrends\/un-entorno-laboral-saludable-y-sin-estres\/\",\"name\":\"Un entorno laboral saludable y sin estr\u00e9s | HRTRENDS\",\"isPartOf\":{\"@id\":\"https:\/\/empresas.infoempleo.com\/hrtrends\/#website\"},\"primaryImageOfPage\":{\"@id\":\"https:\/\/empresas.infoempleo.com\/hrtrends\/un-entorno-laboral-saludable-y-sin-estres\/#primaryimage\"},\"image\":{\"@id\":\"https:\/\/empresas.infoempleo.com\/hrtrends\/un-entorno-laboral-saludable-y-sin-estres\/#primaryimage\"},\"thumbnailUrl\":\"https:\/\/empresas.infoempleo.com\/hrtrends\/media\/2011\/02\/saludable-e1496143964298.jpeg\",\"datePublished\":\"2011-02-21T15:09:40+00:00\",\"dateModified\":\"2024-08-29T15:42:51+00:00\",\"breadcrumb\":{\"@id\":\"https:\/\/empresas.infoempleo.com\/hrtrends\/un-entorno-laboral-saludable-y-sin-estres\/#breadcrumb\"},\"inLanguage\":\"es\",\"potentialAction\":[{\"@type\":\"ReadAction\",\"target\":[\"https:\/\/empresas.infoempleo.com\/hrtrends\/un-entorno-laboral-saludable-y-sin-estres\/\"]}]},{\"@type\":\"ImageObject\",\"inLanguage\":\"es\",\"@id\":\"https:\/\/empresas.infoempleo.com\/hrtrends\/un-entorno-laboral-saludable-y-sin-estres\/#primaryimage\",\"url\":\"https:\/\/empresas.infoempleo.com\/hrtrends\/media\/2011\/02\/saludable-e1496143964298-150x150.jpeg\",\"contentUrl\":\"https:\/\/empresas.infoempleo.com\/hrtrends\/media\/2011\/02\/saludable-e1496143964298-150x150.jpeg\",\"width\":150,\"height\":150,\"caption\":\"Trabajo saludable\"},{\"@type\":\"BreadcrumbList\",\"@id\":\"https:\/\/empresas.infoempleo.com\/hrtrends\/un-entorno-laboral-saludable-y-sin-estres\/#breadcrumb\",\"itemListElement\":[{\"@type\":\"ListItem\",\"position\":1,\"name\":\"Portada\",\"item\":\"https:\/\/empresas.infoempleo.com\/hrtrends\/\"},{\"@type\":\"ListItem\",\"position\":2,\"name\":\"Un entorno laboral saludable y sin estr\u00e9s\"}]},{\"@type\":\"WebSite\",\"@id\":\"https:\/\/empresas.infoempleo.com\/hrtrends\/#website\",\"url\":\"https:\/\/empresas.infoempleo.com\/hrtrends\",\"name\":\"HRTrends by Infoempleo\",\"description\":\"\",\"publisher\":{\"@id\":\"https:\/\/empresas.infoempleo.com\/hrtrends\/#organization\"},\"potentialAction\":{\"@type\":\"SearchAction\",\"target\":\"https:\/\/empresas.infoempleo.com\/hrtrends\/?s={search_term_string}\",\"query-input\":\"required name=search_term_string\"},\"inLanguage\":\"es\"},{\"@type\":\"Organization\",\"@id\":\"https:\/\/empresas.infoempleo.com\/hrtrends\/#organization\",\"name\":\"Infoempleo\",\"url\":\"https:\/\/www.infoempleo.com\/\",\"logo\":{\"@type\":\"ImageObject\",\"@id\":\"https:\/\/empresas.infoempleo.com\/hrtrends\/#logo\",\"inLanguage\":\"es\",\"url\":\"https:\/\/cdnazure.infoempleo.com\/infoempleo\/assets\/style\/gfx\/logo.svg\",\"contentUrl\":\"https:\/\/cdnazure.infoempleo.com\/infoempleo\/assets\/style\/gfx\/logo.svg\",\"width\":150,\"height\":40,\"caption\":\"Infoempleo\"},\"image\":{\"@id\":\"https:\/\/empresas.infoempleo.com\/hrtrends\/#logo\"},\"sameAs\":[\"https:\/\/www.facebook.com\/Infoempleo\",\"https:\/\/x.com\/infoempleo\",\"http:\/\/instagram.com\/infoempleo\/\",\"http:\/\/www.linkedin.com\/groups\/Empleo-Espa\u00f1a-Infoempleocom-111276\",\"http:\/\/pinterest.com\/infoempleo\/\"],\"address\":{\"@type\":\"PostalAddress\",\"addressLocality\":\"Madrid\",\"postalCode\":\"28050\",\"streetAddress\":\"Avenida de Burgos 114\"},\"brand\":[\"Infoempleo\"]},{\"@type\":\"Person\",\"@id\":\"https:\/\/empresas.infoempleo.com\/hrtrends\/#\/schema\/person\/f3484d3cdf45b2f3846af4f705ec9730\",\"name\":\"elena arranz\",\"image\":{\"@type\":\"ImageObject\",\"inLanguage\":\"es\",\"@id\":\"https:\/\/empresas.infoempleo.com\/hrtrends\/#\/schema\/person\/image\/\",\"url\":\"https:\/\/secure.gravatar.com\/avatar\/e3e36e17cc9a2ddafb4e051357b391a9c939bebb4f2f7cbb2c456f5fa56ade52?s=96&d=mm&r=g\",\"contentUrl\":\"https:\/\/secure.gravatar.com\/avatar\/e3e36e17cc9a2ddafb4e051357b391a9c939bebb4f2f7cbb2c456f5fa56ade52?s=96&d=mm&r=g\",\"caption\":\"elena arranz\"},\"url\":\"https:\/\/empresas.infoempleo.com\/hrtrends\/author\/elena-arranz\/\"}]}<\/script>\n<!-- \/ Yoast SEO plugin. -->","yoast_head_json":{"title":"Un entorno laboral saludable y sin estr\u00e9s | HRTRENDS","robots":{"index":"index","follow":"follow","max-snippet":"max-snippet:-1","max-image-preview":"max-image-preview:large","max-video-preview":"max-video-preview:-1"},"canonical":"https:\/\/empresas.infoempleo.com\/hrtrends\/un-entorno-laboral-saludable-y-sin-estres\/","og_locale":"es_ES","og_type":"article","og_title":"Un entorno laboral saludable y sin estr\u00e9s | HRTRENDS","og_description":"El estr\u00e9s es el causante de un gran porcentaje de las bajas laborales que se firman cada d\u00eda Leer m\u00e1s","og_url":"https:\/\/empresas.infoempleo.com\/hrtrends\/un-entorno-laboral-saludable-y-sin-estres\/","og_site_name":"HRTRENDS","article_publisher":"https:\/\/www.facebook.com\/Infoempleo","article_published_time":"2011-02-21T15:09:40+00:00","article_modified_time":"2024-08-29T15:42:51+00:00","og_image":[{"width":800,"height":533,"url":"https:\/\/empresas.infoempleo.com\/hrtrends\/media\/2011\/02\/saludable-e1496143964298.jpeg","type":"image\/jpeg"}],"author":"elena arranz","twitter_card":"summary_large_image","twitter_creator":"@infoempleo","twitter_site":"@infoempleo","twitter_misc":{"Escrito por":"elena arranz","Tiempo de lectura":"5 minutos"},"schema":{"@context":"https:\/\/schema.org","@graph":[{"@type":"NewsArticle","@id":"https:\/\/empresas.infoempleo.com\/hrtrends\/un-entorno-laboral-saludable-y-sin-estres\/#article","isPartOf":{"@id":"https:\/\/empresas.infoempleo.com\/hrtrends\/un-entorno-laboral-saludable-y-sin-estres\/"},"author":{"name":"elena arranz","@id":"https:\/\/empresas.infoempleo.com\/hrtrends\/#\/schema\/person\/f3484d3cdf45b2f3846af4f705ec9730"},"headline":"Un entorno laboral saludable y sin estr\u00e9s","datePublished":"2011-02-21T15:09:40+00:00","dateModified":"2024-08-29T15:42:51+00:00","mainEntityOfPage":{"@id":"https:\/\/empresas.infoempleo.com\/hrtrends\/un-entorno-laboral-saludable-y-sin-estres\/"},"wordCount":1037,"publisher":{"@id":"https:\/\/empresas.infoempleo.com\/hrtrends\/#organization"},"image":{"@id":"https:\/\/empresas.infoempleo.com\/hrtrends\/un-entorno-laboral-saludable-y-sin-estres\/#primaryimage"},"thumbnailUrl":"https:\/\/empresas.infoempleo.com\/hrtrends\/media\/2011\/02\/saludable-e1496143964298.jpeg","keywords":["ambiente de trabajo","estr\u00e9s","nuevotag","prevenci\u00f3n","Salud"],"articleSection":["Actualidad"],"inLanguage":"es","copyrightYear":"2011","copyrightHolder":{"@id":"https:\/\/empresas.infoempleo.com\/hrtrends\/#organization"}},{"@type":"WebPage","@id":"https:\/\/empresas.infoempleo.com\/hrtrends\/un-entorno-laboral-saludable-y-sin-estres\/","url":"https:\/\/empresas.infoempleo.com\/hrtrends\/un-entorno-laboral-saludable-y-sin-estres\/","name":"Un entorno laboral saludable y sin estr\u00e9s | HRTRENDS","isPartOf":{"@id":"https:\/\/empresas.infoempleo.com\/hrtrends\/#website"},"primaryImageOfPage":{"@id":"https:\/\/empresas.infoempleo.com\/hrtrends\/un-entorno-laboral-saludable-y-sin-estres\/#primaryimage"},"image":{"@id":"https:\/\/empresas.infoempleo.com\/hrtrends\/un-entorno-laboral-saludable-y-sin-estres\/#primaryimage"},"thumbnailUrl":"https:\/\/empresas.infoempleo.com\/hrtrends\/media\/2011\/02\/saludable-e1496143964298.jpeg","datePublished":"2011-02-21T15:09:40+00:00","dateModified":"2024-08-29T15:42:51+00:00","breadcrumb":{"@id":"https:\/\/empresas.infoempleo.com\/hrtrends\/un-entorno-laboral-saludable-y-sin-estres\/#breadcrumb"},"inLanguage":"es","potentialAction":[{"@type":"ReadAction","target":["https:\/\/empresas.infoempleo.com\/hrtrends\/un-entorno-laboral-saludable-y-sin-estres\/"]}]},{"@type":"ImageObject","inLanguage":"es","@id":"https:\/\/empresas.infoempleo.com\/hrtrends\/un-entorno-laboral-saludable-y-sin-estres\/#primaryimage","url":"https:\/\/empresas.infoempleo.com\/hrtrends\/media\/2011\/02\/saludable-e1496143964298-150x150.jpeg","contentUrl":"https:\/\/empresas.infoempleo.com\/hrtrends\/media\/2011\/02\/saludable-e1496143964298-150x150.jpeg","width":150,"height":150,"caption":"Trabajo saludable"},{"@type":"BreadcrumbList","@id":"https:\/\/empresas.infoempleo.com\/hrtrends\/un-entorno-laboral-saludable-y-sin-estres\/#breadcrumb","itemListElement":[{"@type":"ListItem","position":1,"name":"Portada","item":"https:\/\/empresas.infoempleo.com\/hrtrends\/"},{"@type":"ListItem","position":2,"name":"Un entorno laboral saludable y sin estr\u00e9s"}]},{"@type":"WebSite","@id":"https:\/\/empresas.infoempleo.com\/hrtrends\/#website","url":"https:\/\/empresas.infoempleo.com\/hrtrends","name":"HRTrends by Infoempleo","description":"","publisher":{"@id":"https:\/\/empresas.infoempleo.com\/hrtrends\/#organization"},"potentialAction":{"@type":"SearchAction","target":"https:\/\/empresas.infoempleo.com\/hrtrends\/?s={search_term_string}","query-input":"required name=search_term_string"},"inLanguage":"es"},{"@type":"Organization","@id":"https:\/\/empresas.infoempleo.com\/hrtrends\/#organization","name":"Infoempleo","url":"https:\/\/www.infoempleo.com\/","logo":{"@type":"ImageObject","@id":"https:\/\/empresas.infoempleo.com\/hrtrends\/#logo","inLanguage":"es","url":"https:\/\/cdnazure.infoempleo.com\/infoempleo\/assets\/style\/gfx\/logo.svg","contentUrl":"https:\/\/cdnazure.infoempleo.com\/infoempleo\/assets\/style\/gfx\/logo.svg","width":150,"height":40,"caption":"Infoempleo"},"image":{"@id":"https:\/\/empresas.infoempleo.com\/hrtrends\/#logo"},"sameAs":["https:\/\/www.facebook.com\/Infoempleo","https:\/\/x.com\/infoempleo","http:\/\/instagram.com\/infoempleo\/","http:\/\/www.linkedin.com\/groups\/Empleo-Espa\u00f1a-Infoempleocom-111276","http:\/\/pinterest.com\/infoempleo\/"],"address":{"@type":"PostalAddress","addressLocality":"Madrid","postalCode":"28050","streetAddress":"Avenida de Burgos 114"},"brand":["Infoempleo"]},{"@type":"Person","@id":"https:\/\/empresas.infoempleo.com\/hrtrends\/#\/schema\/person\/f3484d3cdf45b2f3846af4f705ec9730","name":"elena arranz","image":{"@type":"ImageObject","inLanguage":"es","@id":"https:\/\/empresas.infoempleo.com\/hrtrends\/#\/schema\/person\/image\/","url":"https:\/\/secure.gravatar.com\/avatar\/e3e36e17cc9a2ddafb4e051357b391a9c939bebb4f2f7cbb2c456f5fa56ade52?s=96&d=mm&r=g","contentUrl":"https:\/\/secure.gravatar.com\/avatar\/e3e36e17cc9a2ddafb4e051357b391a9c939bebb4f2f7cbb2c456f5fa56ade52?s=96&d=mm&r=g","caption":"elena arranz"},"url":"https:\/\/empresas.infoempleo.com\/hrtrends\/author\/elena-arranz\/"}]}},"amp_enabled":true,"_links":{"self":[{"href":"https:\/\/empresas.infoempleo.com\/hrtrends\/wp-json\/wp\/v2\/posts\/12181","targetHints":{"allow":["GET"]}}],"collection":[{"href":"https:\/\/empresas.infoempleo.com\/hrtrends\/wp-json\/wp\/v2\/posts"}],"about":[{"href":"https:\/\/empresas.infoempleo.com\/hrtrends\/wp-json\/wp\/v2\/types\/post"}],"author":[{"embeddable":true,"href":"https:\/\/empresas.infoempleo.com\/hrtrends\/wp-json\/wp\/v2\/users\/62"}],"replies":[{"embeddable":true,"href":"https:\/\/empresas.infoempleo.com\/hrtrends\/wp-json\/wp\/v2\/comments?post=12181"}],"version-history":[{"count":2,"href":"https:\/\/empresas.infoempleo.com\/hrtrends\/wp-json\/wp\/v2\/posts\/12181\/revisions"}],"predecessor-version":[{"id":44922,"href":"https:\/\/empresas.infoempleo.com\/hrtrends\/wp-json\/wp\/v2\/posts\/12181\/revisions\/44922"}],"wp:featuredmedia":[{"embeddable":true,"href":"https:\/\/empresas.infoempleo.com\/hrtrends\/wp-json\/wp\/v2\/media\/30154"}],"wp:attachment":[{"href":"https:\/\/empresas.infoempleo.com\/hrtrends\/wp-json\/wp\/v2\/media?parent=12181"}],"wp:term":[{"taxonomy":"category","embeddable":true,"href":"https:\/\/empresas.infoempleo.com\/hrtrends\/wp-json\/wp\/v2\/categories?post=12181"},{"taxonomy":"post_tag","embeddable":true,"href":"https:\/\/empresas.infoempleo.com\/hrtrends\/wp-json\/wp\/v2\/tags?post=12181"}],"curies":[{"name":"wp","href":"https:\/\/api.w.org\/{rel}","templated":true}]}}