{"id":12155,"date":"2011-02-15T12:43:23","date_gmt":"2011-02-15T11:43:23","guid":{"rendered":"http:\/\/blog.infoempleo.com\/?p=12155"},"modified":"2024-12-09T13:10:29","modified_gmt":"2024-12-09T11:10:29","slug":"la-red-social-facebook-como-herramienta-por-el-empleo","status":"publish","type":"post","link":"https:\/\/empresas.infoempleo.com\/hrtrends\/la-red-social-facebook-como-herramienta-por-el-empleo\/","title":{"rendered":"La red social Facebook como herramienta por el #empleo"},"content":{"rendered":"<p>Las cosas suceden, de una manera u otra.<\/p>\n<p>Las redes sociales se est\u00e1n convirtiendo en la herramienta por excelencia para la comunicaci\u00f3n social.<\/p>\n<p>Recientemente he podido tener acceso a un post de un usuario de Twitter, quien facilitaba un enlace en el que se pod\u00eda tener acceso a una recopilaci\u00f3n de redes sociales, en la que, adem\u00e1s, se ofrece una breve (brev\u00edsima) informaci\u00f3n de cada una de ellas.<\/p>\n<p>Desde mi punto de vista, una red social es un <em>conjunto de p\u00e1ginas o sitios web en donde el usuario aporta o incluye informaci\u00f3n personal o profesional, con el objetivo de crear y establecer v\u00ednculos personales o profesionales con otros usuarios registrados en ellas<\/em>.<\/p>\n<p>Desde este blog de formaci\u00f3n y de coaching, pretendo transmitiros la esencia y el secreto del funcionamiento de algunas herramientas aplicadas a la potencial b\u00fasqueda de #empleo.<\/p>\n<p>Ante todo, una aclaraci\u00f3n para quienes me le\u00e9is, pero sobre todo para quienes os pica la curiosidad de saber por qu\u00e9 siempre que utilizo la palabra #empleo la precedo del s\u00edmbolo (#) almohadilla, no es m\u00e1s que por facilitar los t\u00e9rminos de b\u00fasqueda a trav\u00e9s de Twitter, cuando se publica alguna referencia en las <em>l\u00edneas de tiempo<\/em> o (<strong><em>TL<\/em><\/strong>).<\/p>\n<p>Yendo al meollo del asunto, la mayor\u00eda de nosotros sabemos qu\u00e9 es Facebook.<\/p>\n<p>Pero, por el contrario, no estoy tan seguro de que sepamos aprovechar al m\u00e1ximo el potencial que nos permite esta red social.<\/p>\n<p>Inicialmente creada por Mark Zuckerberg como instrumento para favorecer el contacto y reencuentro de los antiguos alumnos de las universidades de Estados Unidos, Facebook se reinvent\u00f3 a s\u00ed misma llegando a ser una red en la que casi todo es posible, socialmente.<\/p>\n<p>Y a nivel universal.<\/p>\n<p>Pero no todo es crearse un perfil, incluir fotos divertidas y participar en los juegos sociales o en las aplicaciones de terceros que se crean casi cada d\u00eda.<\/p>\n<h3>Sentido y sensatez<\/h3>\n<p>Darse de alta en cualquier red social implica una responsabilidad siempre.<\/p>\n<p>Primero, porque estamos dejando al alcance de cualquiera una serie de datos personales que pueden ser utilizados inapropiadamente por personas ajenas a nuestra confianza.<\/p>\n<p>Segundo, porque la facilidad y la sencillez con la que se generan nuevos contactos y amistades requiere de sentido com\u00fan y de un an\u00e1lisis pormenorizado de para qu\u00e9 queremos pertenecer a esta red social: es lo que se denomina la importancia de ser aceptado por un grupo socialmente relevante para nosotros.<\/p>\n<p>Lo habitual es que cualquiera de nosotros nos demos de alta en esta red social por lo que hemos o\u00eddo de ella.<\/p>\n<p>Que es un lugar en el que es f\u00e1cil encontrar amigos con los que hab\u00edas perdido el contacto hace tiempo.<\/p>\n<p>Que es un lugar en el que te relaciones y puedes comunicarte con cualquier en tiempo real.<\/p>\n<p>Que es un lugar en el que est\u00e1s al d\u00eda de muchas cosas, y donde adem\u00e1s pueden invitarte a eventos exclusivos y otras efem\u00e9rides s\u00f3lo accesibles desde ella.<\/p>\n<p>El <em>quid<\/em> de la cuesti\u00f3n est\u00e1 en este \u00faltimo punto.<\/p>\n<p>Habitualmente, quienes somos profesionales en alg\u00fan campo, o tenemos o pertenecemos a alguna empresa, no solemos ver m\u00e1s all\u00e1 de nuestras narices\u2026 en un primer momento.<\/p>\n<p>Hasta que alguien lo hace, por primera vez, y nos abre las puertas a un mundo fabuloso y lleno de riquezas (llam\u00e9moslas posibilidades).<\/p>\n<p>Resumamos un poquito.<\/p>\n<p>Podemos considerar a Facebook como:<\/p>\n<p>1. Un lugar en el que ofrecer todo tipo de datos personales nuestros accesibles o no al resto de usuarios.<\/p>\n<p>2. Un sistema de comunicaci\u00f3n en tiempo real con otros usuarios.<\/p>\n<p>3. Un sistema de correo, del que ya se est\u00e1 hablando que quiere contar con su propio servidor de correo, y as\u00ed aprovechar al m\u00e1ximo el potencial de los mensajes que por el momento s\u00f3lo son accesibles desde el perfil.<\/p>\n<p>4. Un enorme repositorio de fotograf\u00edas y \u00e1lbumes fotogr\u00e1ficos donde cualquiera puede ver las curiosidades que hacemos solos o con otras personas (usuarias o no de Facebook).<\/p>\n<p>5. Un almac\u00e9n de notas, textos y publicaciones propias o extra\u00f1os.<\/p>\n<p>6. Un list\u00edn de contactos.<\/p>\n<p>7. Un jard\u00edn en el que terceras empresas se dedican a implementar aplicaciones de diversa \u00edndole y condici\u00f3n, que luego ponen a disposici\u00f3n de los usuarios para que los usen e interact\u00faen entre ellos (normalmente solicitando previamente el acceso casi completo a las caracter\u00edsticas de nuestros perfiles).<\/p>\n<p>Si os fij\u00e1is, lo que nos permite Facebook es la uni\u00f3n de muchas y variadas cosas en un mismo sitio.<\/p>\n<p>Y su <strong>finalidad \u00faltima<\/strong>, no es otra m\u00e1s que la <em>interacci\u00f3n de todos los usuarios en un \u00fanico espacio, con independencia del tiempo y del contenido<\/em>.<\/p>\n<h3>C\u00f3mo usar Facebook para buscar o encontrar #empleo<\/h3>\n<p>M\u00e1s all\u00e1 de las banalidades que ofrece esta red social, s\u00ed que hay una serie de elementos que fueron desarrollados para dar juego a las empresas.<\/p>\n<p>Como es l\u00f3gico, una red de estas caracter\u00edsticas debe de encontrar una manera para financiarse.<\/p>\n<p>El registro de usuarios es gratuito.<\/p>\n<p>Y para que pueda serlo universalmente, han de existir v\u00edas alternativas de financiaci\u00f3n, que no sean la de cobrar a los usuarios registrados o por registrarse.<\/p>\n<p>As\u00ed, el primer paso dado por Facebook, fue aprovechar la cantidad de gente que ten\u00eda inscrita para ofrecer publicidad a empresas.<\/p>\n<p>Publicidad que, para colmo, estar\u00eda ofrecida y mostrada a los usuarios en funci\u00f3n de sus perfiles.<\/p>\n<p>Publicidad bajo demanda \u00a1Waw!<\/p>\n<p>Se consegu\u00edan as\u00ed impactos no s\u00f3lo m\u00e1s numerosos, sino tambi\u00e9n m\u00e1s precisos.<\/p>\n<p>Sin embargo, \u00bfqu\u00e9 pasa si un usuario tiene una empresa y quiere aprovechar los beneficios de la red social para darse a conocer?<\/p>\n<p>La soluci\u00f3n (y el verdadero motivo de este art\u00edculo) fue la creaci\u00f3n de las denominadas p\u00e1ginas de Facebook.<\/p>\n<p>Con la creaci\u00f3n de estas p\u00e1ginas se favorec\u00eda que los usuarios de Facebook pudieran disponer de un espacio para dar a conocer sus servicios profesionales, sin tener que abandonar sus perfiles sociales personales.<\/p>\n<p>Vinculados a \u00e9stos, y administrados por los usuarios que los creaban, las p\u00e1ginas son el elemento natural con el que todo usuario de Facebook puede darse a conocer profesionalmente en la red de redes.<\/p>\n<p>Su funcionamiento es muy sencillo.<\/p>\n<p>De hecho, es muy similar (por no decir id\u00e9ntico) al funcionamiento de un perfil personal, aunque en funci\u00f3n del tipo de servicio que ofertemos, podremos contar con una descripci\u00f3n m\u00e1s o menos extensa dentro de nuestro perfil profesional.<\/p>\n<p>Las p\u00e1ginas de Facebook son ideales para subir proyectos propios o proyectos que hayamos realizado para terceros (siempre que contemos con autorizaci\u00f3n para ello).<\/p>\n<p>Desde ellas, podemos enviar mensajes a nuestros contactos de manera profesional (m\u00e1s seria).<\/p>\n<p>Podemos administrar nuevas amistades, nuevas p\u00e1ginas que nos gusten\u2026<\/p>\n<p>Viene a ser como disponer de una nueva p\u00e1gina de usuario, que hemos de volver a empezar a administrar, gestionar, llenar de nuevas im\u00e1genes (un <em>book<\/em> profesional), notas (o art\u00edculos profesionales)\u2026<\/p>\n<p>Todo viene a ser lo mismo.<\/p>\n<p>En realidad, es exactamente lo mismo, pero visto desde la perspectiva profesional.<\/p>\n<p>Puede resumirse diciendo que tendr\u00edamos dos (o m\u00e1s) cuentas (esto va a depender del n\u00famero de p\u00e1ginas que tengamos creadas y que administremos), desde las que podremos contactar con todos nuestros amigos.<\/p>\n<h3>Puntualizaciones, aclaraciones, indicaciones\u2026<\/h3>\n<p>&#8211; Cada usuario de Facebook puede tener todas las p\u00e1ginas que quiera.<\/p>\n<p>&#8211; Cuando se tiene una p\u00e1gina vinculada, es o bien porque uno mismo la ha creado y la administra, o bien porque su creador nos ha seleccionado como administrador, y por lo tanto podemos actuar como tal.<\/p>\n<p>&#8211; Las p\u00e1ginas pueden ser para uso profesional o para cualquier otra cosa. No han de ser obligatoriamente para promocionar empresas o servicios.<\/p>\n<p>&#8211; Cada usuario puede crear las p\u00e1ginas que quiera. Cada una de ellas tendr\u00e1 amigos indistintos. Quiere decirse que habr\u00e1 de relacionarse de nuevo con los usuarios de Facebook para ir agregando amigos a cada una de ellas.<\/p>\n<p>&#8211; Como usuario de su perfil principal, se puede ir agregando o invitando a amistades existentes en dicho perfil. Se aprovecha la sinergia y los contactos que ya se tienen.<\/p>\n<p>&#8211; Cuando actualizamos algo en nuestro perfil personal, no se actualiza en nuestra(s) p\u00e1gina(s). Pero cuando actualizamos alguna de nuestras p\u00e1ginas s\u00ed que se actualiza en nuestro perfil (no en las dem\u00e1s p\u00e1ginas).<\/p>\n<p>&#8211; Cuando actualizamos nuestro perfil personal, aparece nuestra imagen de perfil personal relacionada con el contenido descrito.<\/p>\n<p>&#8211; Cuando actualizamos nuestra p\u00e1gina profesional, en el muro de la p\u00e1gina profesional aparecer\u00e1 la imagen de dicho perfil junto al contenido del mensaje, pero en nuestro perfil personal, dicho contenido ir\u00e1 junto a nuestra foto personal.<\/p>\n<p>&#8211; Cada p\u00e1gina no tiene por qu\u00e9 ser igual a la anterior, ni contar con los mismos elementos de men\u00fa. Todo ello va a depender del tipo de negocio que se seleccione como principal, a la hora de crear ese perfil.<\/p>\n<p>&#8211; La p\u00e1gina profesional no puede ser vinculada a una cuenta de Twitter, aunque s\u00ed lo sea la de uso personal.<\/p>\n<p>&#8211; Un reciente cambio de dise\u00f1o, permite al usuario alternar de manera sencilla entre todas las p\u00e1ginas propias disponibles, desde el men\u00fa de configuraci\u00f3n, en la parte superior derecha.<\/p>\n<p>&#8211; Es aconsejable realizar un buen posicionamiento de las p\u00e1ginas. Para ello, recomiendo se act\u00fae igual que lo har\u00edamos en Twitter: ofreciendo comentarios y asesoramiento de manera altruista en nuestro muro, y difundiendo desde nuestro perfil personal (que ser\u00e1 el que tenga mayor n\u00famero de amigos) los enlaces a lo que se haya publicado nuevo en dichas p\u00e1ginas.<\/p>\n<h3>Qu\u00e9 tiene(n) que tener esa(s) p\u00e1gina(s) profesional(es)<\/h3>\n<p>Desde mi punto de vista, lo primero que tenemos que hacer es definir qu\u00e9 es lo que queremos conseguir con la p\u00e1gina que creemos.<\/p>\n<p>Por ejemplo,<\/p>\n<p>&#8211; Una persona que se dedique al dise\u00f1o gr\u00e1fico, puede usar esa p\u00e1gina para subir dise\u00f1os realizados, fotograf\u00edas de objetos moldeados, incluir art\u00edculos propios o de terceros que versen sobre el tema\u2026<\/p>\n<p>&#8211; Una persona que se dedique a la comunicaci\u00f3n, deber\u00eda de subir sus art\u00edculos (completos o incompletos con enlaces a los lugares donde se hayan publicado), dar publicidad a esos sitios desde su muro, con el objeto de redirigir tr\u00e1fico hacia all\u00ed\u2026<\/p>\n<p>&#8211; Un desempleado, debe, tiene la obligaci\u00f3n, de subir todo aquello que sea de su creaci\u00f3n (y de lo que tenga derechos de publicaci\u00f3n), y adem\u00e1s, comentar, escribir en su muro, opiniones, ideas, pulsaciones de la situaci\u00f3n la laboral\u2026 Incluso dando publicidad a ofertas que haya le\u00eddo y que puedan compartirse (lo mejor que hay en las redes sociales es dar, para recibir a cambio)\u2026<\/p>\n<p>Pero sobre todo, en la lista de contactos, agruparlos por afinidades, de modo que a la hora de remitir invitaciones de adhesi\u00f3n, se consiga, no ya el mayor n\u00famero de personas seleccionadas, sino el mayor n\u00famero de seguidores. Tened en cuenta que no por el hecho de enviar una invitaci\u00f3n, tus amistades van a acertarla.<\/p>\n<p>Hay m\u00e1s funcionalidades en Facebook.<\/p>\n<p>De hecho se est\u00e1n creando constantemente nuevas <em>app<\/em>s (o aplicaciones) que interrelacionan con nuestros perfiles.<\/p>\n<p>A destacar:<\/p>\n<p>&#8211; <strong>Me gusta<\/strong>. Cuando nos <em>guste<\/em> algo, distinguir\u00e1 entre el perfil personal y las p\u00e1ginas que tengamos. Quiere decirse que nos puede gustar lo mismo, o no, en un sitio o en otro. Facebook ha conseguido separar lo personal de lo profesional de forma h\u00e1bil.<\/p>\n<p>&#8211; <strong>Eventos<\/strong>. Ideal para promocionar presentaciones o eventos, entrevistas de trabajo (si nos atrevemos)\u2026 Cuando lo hagamos como p\u00e1gina personal puede ayudarnos a ver el inter\u00e9s de la gente por determinadas cosas, por ejemplo, organizar una reuni\u00f3n en alg\u00fan local propio u oficina para presentar a quien vaya lo que sabemos hacer (recientemente es lo que ha hecho un parado de centro Europa, creo).<\/p>\n<p>&#8211; <strong>A\u00f1adir P\u00e1gina a favoritos de<\/strong>\u2026 Esto puede verse como un inconveniente o como un acierto. Me explico. Cuando carecemos de p\u00e1ginas vinculadas, si agregamos una p\u00e1gina de otro a favoritos, la vincula autom\u00e1ticamente a nuestro perfil. Pero cuando tenemos p\u00e1ginas creadas, entonces, al agregarla, hay que especificar a qu\u00e9 p\u00e1gina hacerlo. Y en caso de tener una \u00fanica p\u00e1gina af\u00edn, el favorito se vincular\u00e1 a ella. \u00c9ste es el inconveniente de tener una p\u00e1gina. No tiene mucho sentido tener una p\u00e1gina de dise\u00f1ador gr\u00e1fico, y ser fan de una p\u00e1gina de <em>Mr. Bean<\/em>, por ejemplo. No tiene demasiado sentido. As\u00ed que hay que tener cuidado con lo que <em>favoriteamos<\/em> y dejamos de <em>favoritear<\/em>.<\/p>\n<p>Hay m\u00e1s, pero dejadme que me lo guarde para futuras entregas.<\/p>\n<p>De momento practicar con esto.<\/p>\n<p>Desde mi punto de vista es muy \u00fatil para promocionarnos en las redes sociales y darnos a conocer como profesionales, buenos, fant\u00e1sticos y competentes.<\/p>\n<p>Recordar que una buena presentaci\u00f3n vale m\u00e1s que mil palabras.<\/p>\n<p>Como siempre, si ten\u00e9is cualquier duda, me lo coment\u00e1is.<\/p>\n<p>A poco seguir\u00e9 hablando de mejoras que vaya detectando en Facebook, y os tendr\u00e9 al tanto de lo que pueda haber de nuevo y que me llame la atenci\u00f3n lo suficiente como para que pueda ser aprovechado en nuestra b\u00fasqueda de #empleo.<\/p>\n<p><em>Carpe diem<\/em>.<\/p>\n<p><a href=\"https:\/\/twitter.com\/#!\/AntonioVChanal\" target=\"_blank\" rel=\"noopener noreferrer\">@AntonioVChanal<\/a><br \/>\n<strong>Coacher y Formador<\/strong><\/p>\n","protected":false},"excerpt":{"rendered":"<p>Las cosas suceden, de una manera u otra. Las redes sociales se est\u00e1n convirtiendo en la herramienta por<a class=\"moretag\" href=\"https:\/\/empresas.infoempleo.com\/hrtrends\/la-red-social-facebook-como-herramienta-por-el-empleo\/\"> Leer m\u00e1s<\/a><\/p>\n","protected":false},"author":49,"featured_media":30384,"comment_status":"closed","ping_status":"open","sticky":false,"template":"","format":"standard","meta":{"footnotes":""},"categories":[3],"tags":[2262,162,2310,26,37],"class_list":["post-12155","post","type-post","status-publish","format-standard","has-post-thumbnail","hentry","category-actualidad","tag-busqueda-de-empleo","tag-empleo","tag-nuevotag","tag-redes-sociales","tag-trabajo"],"yoast_head":"<!-- This site is optimized with the Yoast SEO plugin v26.1.1 - https:\/\/yoast.com\/wordpress\/plugins\/seo\/ -->\n<title>La red social Facebook como herramienta por el #empleo | HRTRENDS<\/title>\n<meta name=\"robots\" content=\"index, follow, max-snippet:-1, max-image-preview:large, max-video-preview:-1\" \/>\n<link rel=\"canonical\" href=\"https:\/\/empresas.infoempleo.com\/hrtrends\/la-red-social-facebook-como-herramienta-por-el-empleo\/\" \/>\n<meta property=\"og:locale\" content=\"es_ES\" \/>\n<meta property=\"og:type\" content=\"article\" \/>\n<meta property=\"og:title\" content=\"La red social Facebook como herramienta por el #empleo | HRTRENDS\" \/>\n<meta property=\"og:description\" content=\"Las cosas suceden, de una manera u otra. Las redes sociales se est\u00e1n convirtiendo en la herramienta por Leer m\u00e1s\" \/>\n<meta property=\"og:url\" content=\"https:\/\/empresas.infoempleo.com\/hrtrends\/la-red-social-facebook-como-herramienta-por-el-empleo\/\" \/>\n<meta property=\"og:site_name\" content=\"HRTRENDS\" \/>\n<meta property=\"article:publisher\" content=\"https:\/\/www.facebook.com\/Infoempleo\" \/>\n<meta property=\"article:published_time\" content=\"2011-02-15T11:43:23+00:00\" \/>\n<meta property=\"article:modified_time\" content=\"2024-12-09T11:10:29+00:00\" \/>\n<meta property=\"og:image\" content=\"https:\/\/empresas.infoempleo.com\/hrtrends\/media\/2011\/02\/pexels-photo-247780-e1496746371868.jpeg\" \/>\n\t<meta property=\"og:image:width\" content=\"800\" \/>\n\t<meta property=\"og:image:height\" content=\"450\" \/>\n\t<meta property=\"og:image:type\" content=\"image\/jpeg\" \/>\n<meta name=\"author\" content=\"antonio vallejo\" \/>\n<meta name=\"twitter:card\" content=\"summary_large_image\" \/>\n<meta name=\"twitter:creator\" content=\"@infoempleo\" \/>\n<meta name=\"twitter:site\" content=\"@infoempleo\" \/>\n<meta name=\"twitter:label1\" content=\"Escrito por\" \/>\n\t<meta name=\"twitter:data1\" content=\"antonio vallejo\" \/>\n\t<meta name=\"twitter:label2\" content=\"Tiempo de lectura\" \/>\n\t<meta name=\"twitter:data2\" content=\"11 minutos\" \/>\n<script type=\"application\/ld+json\" class=\"yoast-schema-graph\">{\"@context\":\"https:\/\/schema.org\",\"@graph\":[{\"@type\":\"NewsArticle\",\"@id\":\"https:\/\/empresas.infoempleo.com\/hrtrends\/la-red-social-facebook-como-herramienta-por-el-empleo\/#article\",\"isPartOf\":{\"@id\":\"https:\/\/empresas.infoempleo.com\/hrtrends\/la-red-social-facebook-como-herramienta-por-el-empleo\/\"},\"author\":{\"name\":\"antonio vallejo\",\"@id\":\"https:\/\/empresas.infoempleo.com\/hrtrends\/#\/schema\/person\/9bc89e3819d56720c9fba63ae9d827f3\"},\"headline\":\"La red social Facebook como herramienta por el #empleo\",\"datePublished\":\"2011-02-15T11:43:23+00:00\",\"dateModified\":\"2024-12-09T11:10:29+00:00\",\"mainEntityOfPage\":{\"@id\":\"https:\/\/empresas.infoempleo.com\/hrtrends\/la-red-social-facebook-como-herramienta-por-el-empleo\/\"},\"wordCount\":2297,\"publisher\":{\"@id\":\"https:\/\/empresas.infoempleo.com\/hrtrends\/#organization\"},\"image\":{\"@id\":\"https:\/\/empresas.infoempleo.com\/hrtrends\/la-red-social-facebook-como-herramienta-por-el-empleo\/#primaryimage\"},\"thumbnailUrl\":\"https:\/\/empresas.infoempleo.com\/hrtrends\/media\/2011\/02\/pexels-photo-247780-e1496746371868.jpeg\",\"keywords\":[\"b\u00fasqueda de empleo\",\"Empleo\",\"nuevotag\",\"redes sociales\",\"trabajo\"],\"articleSection\":[\"Actualidad\"],\"inLanguage\":\"es\",\"copyrightYear\":\"2011\",\"copyrightHolder\":{\"@id\":\"https:\/\/empresas.infoempleo.com\/hrtrends\/#organization\"}},{\"@type\":\"WebPage\",\"@id\":\"https:\/\/empresas.infoempleo.com\/hrtrends\/la-red-social-facebook-como-herramienta-por-el-empleo\/\",\"url\":\"https:\/\/empresas.infoempleo.com\/hrtrends\/la-red-social-facebook-como-herramienta-por-el-empleo\/\",\"name\":\"La red social Facebook como herramienta por el #empleo | HRTRENDS\",\"isPartOf\":{\"@id\":\"https:\/\/empresas.infoempleo.com\/hrtrends\/#website\"},\"primaryImageOfPage\":{\"@id\":\"https:\/\/empresas.infoempleo.com\/hrtrends\/la-red-social-facebook-como-herramienta-por-el-empleo\/#primaryimage\"},\"image\":{\"@id\":\"https:\/\/empresas.infoempleo.com\/hrtrends\/la-red-social-facebook-como-herramienta-por-el-empleo\/#primaryimage\"},\"thumbnailUrl\":\"https:\/\/empresas.infoempleo.com\/hrtrends\/media\/2011\/02\/pexels-photo-247780-e1496746371868.jpeg\",\"datePublished\":\"2011-02-15T11:43:23+00:00\",\"dateModified\":\"2024-12-09T11:10:29+00:00\",\"breadcrumb\":{\"@id\":\"https:\/\/empresas.infoempleo.com\/hrtrends\/la-red-social-facebook-como-herramienta-por-el-empleo\/#breadcrumb\"},\"inLanguage\":\"es\",\"potentialAction\":[{\"@type\":\"ReadAction\",\"target\":[\"https:\/\/empresas.infoempleo.com\/hrtrends\/la-red-social-facebook-como-herramienta-por-el-empleo\/\"]}]},{\"@type\":\"ImageObject\",\"inLanguage\":\"es\",\"@id\":\"https:\/\/empresas.infoempleo.com\/hrtrends\/la-red-social-facebook-como-herramienta-por-el-empleo\/#primaryimage\",\"url\":\"https:\/\/empresas.infoempleo.com\/hrtrends\/media\/2011\/02\/pexels-photo-247780-e1496746371868-150x150.jpeg\",\"contentUrl\":\"https:\/\/empresas.infoempleo.com\/hrtrends\/media\/2011\/02\/pexels-photo-247780-e1496746371868-150x150.jpeg\",\"width\":150,\"height\":150,\"caption\":\"Encontrar trabajo en Facebook\"},{\"@type\":\"BreadcrumbList\",\"@id\":\"https:\/\/empresas.infoempleo.com\/hrtrends\/la-red-social-facebook-como-herramienta-por-el-empleo\/#breadcrumb\",\"itemListElement\":[{\"@type\":\"ListItem\",\"position\":1,\"name\":\"Portada\",\"item\":\"https:\/\/empresas.infoempleo.com\/hrtrends\/\"},{\"@type\":\"ListItem\",\"position\":2,\"name\":\"La red social Facebook como herramienta por el #empleo\"}]},{\"@type\":\"WebSite\",\"@id\":\"https:\/\/empresas.infoempleo.com\/hrtrends\/#website\",\"url\":\"https:\/\/empresas.infoempleo.com\/hrtrends\",\"name\":\"HRTrends by Infoempleo\",\"description\":\"\",\"publisher\":{\"@id\":\"https:\/\/empresas.infoempleo.com\/hrtrends\/#organization\"},\"potentialAction\":{\"@type\":\"SearchAction\",\"target\":\"https:\/\/empresas.infoempleo.com\/hrtrends\/?s={search_term_string}\",\"query-input\":\"required name=search_term_string\"},\"inLanguage\":\"es\"},{\"@type\":\"Organization\",\"@id\":\"https:\/\/empresas.infoempleo.com\/hrtrends\/#organization\",\"name\":\"Infoempleo\",\"url\":\"https:\/\/www.infoempleo.com\/\",\"logo\":{\"@type\":\"ImageObject\",\"@id\":\"https:\/\/empresas.infoempleo.com\/hrtrends\/#logo\",\"inLanguage\":\"es\",\"url\":\"https:\/\/cdnazure.infoempleo.com\/infoempleo\/assets\/style\/gfx\/logo.svg\",\"contentUrl\":\"https:\/\/cdnazure.infoempleo.com\/infoempleo\/assets\/style\/gfx\/logo.svg\",\"width\":150,\"height\":40,\"caption\":\"Infoempleo\"},\"image\":{\"@id\":\"https:\/\/empresas.infoempleo.com\/hrtrends\/#logo\"},\"sameAs\":[\"https:\/\/www.facebook.com\/Infoempleo\",\"https:\/\/x.com\/infoempleo\",\"http:\/\/instagram.com\/infoempleo\/\",\"http:\/\/www.linkedin.com\/groups\/Empleo-Espa\u00f1a-Infoempleocom-111276\",\"http:\/\/pinterest.com\/infoempleo\/\"],\"address\":{\"@type\":\"PostalAddress\",\"addressLocality\":\"Madrid\",\"postalCode\":\"28050\",\"streetAddress\":\"Avenida de Burgos 114\"},\"brand\":[\"Infoempleo\"]},{\"@type\":\"Person\",\"@id\":\"https:\/\/empresas.infoempleo.com\/hrtrends\/#\/schema\/person\/9bc89e3819d56720c9fba63ae9d827f3\",\"name\":\"antonio vallejo\",\"image\":{\"@type\":\"ImageObject\",\"inLanguage\":\"es\",\"@id\":\"https:\/\/empresas.infoempleo.com\/hrtrends\/#\/schema\/person\/image\/\",\"url\":\"https:\/\/secure.gravatar.com\/avatar\/882c28279ae4535d5a62c1e541f84d58ddfb96ce2c2119d0f109a2f3ce461806?s=96&d=mm&r=g\",\"contentUrl\":\"https:\/\/secure.gravatar.com\/avatar\/882c28279ae4535d5a62c1e541f84d58ddfb96ce2c2119d0f109a2f3ce461806?s=96&d=mm&r=g\",\"caption\":\"antonio vallejo\"},\"url\":\"https:\/\/empresas.infoempleo.com\/hrtrends\/author\/antonio-vallejo\/\"}]}<\/script>\n<!-- \/ Yoast SEO plugin. -->","yoast_head_json":{"title":"La red social Facebook como herramienta por el #empleo | HRTRENDS","robots":{"index":"index","follow":"follow","max-snippet":"max-snippet:-1","max-image-preview":"max-image-preview:large","max-video-preview":"max-video-preview:-1"},"canonical":"https:\/\/empresas.infoempleo.com\/hrtrends\/la-red-social-facebook-como-herramienta-por-el-empleo\/","og_locale":"es_ES","og_type":"article","og_title":"La red social Facebook como herramienta por el #empleo | HRTRENDS","og_description":"Las cosas suceden, de una manera u otra. Las redes sociales se est\u00e1n convirtiendo en la herramienta por Leer m\u00e1s","og_url":"https:\/\/empresas.infoempleo.com\/hrtrends\/la-red-social-facebook-como-herramienta-por-el-empleo\/","og_site_name":"HRTRENDS","article_publisher":"https:\/\/www.facebook.com\/Infoempleo","article_published_time":"2011-02-15T11:43:23+00:00","article_modified_time":"2024-12-09T11:10:29+00:00","og_image":[{"width":800,"height":450,"url":"https:\/\/empresas.infoempleo.com\/hrtrends\/media\/2011\/02\/pexels-photo-247780-e1496746371868.jpeg","type":"image\/jpeg"}],"author":"antonio vallejo","twitter_card":"summary_large_image","twitter_creator":"@infoempleo","twitter_site":"@infoempleo","twitter_misc":{"Escrito por":"antonio vallejo","Tiempo de lectura":"11 minutos"},"schema":{"@context":"https:\/\/schema.org","@graph":[{"@type":"NewsArticle","@id":"https:\/\/empresas.infoempleo.com\/hrtrends\/la-red-social-facebook-como-herramienta-por-el-empleo\/#article","isPartOf":{"@id":"https:\/\/empresas.infoempleo.com\/hrtrends\/la-red-social-facebook-como-herramienta-por-el-empleo\/"},"author":{"name":"antonio vallejo","@id":"https:\/\/empresas.infoempleo.com\/hrtrends\/#\/schema\/person\/9bc89e3819d56720c9fba63ae9d827f3"},"headline":"La red social Facebook como herramienta por el #empleo","datePublished":"2011-02-15T11:43:23+00:00","dateModified":"2024-12-09T11:10:29+00:00","mainEntityOfPage":{"@id":"https:\/\/empresas.infoempleo.com\/hrtrends\/la-red-social-facebook-como-herramienta-por-el-empleo\/"},"wordCount":2297,"publisher":{"@id":"https:\/\/empresas.infoempleo.com\/hrtrends\/#organization"},"image":{"@id":"https:\/\/empresas.infoempleo.com\/hrtrends\/la-red-social-facebook-como-herramienta-por-el-empleo\/#primaryimage"},"thumbnailUrl":"https:\/\/empresas.infoempleo.com\/hrtrends\/media\/2011\/02\/pexels-photo-247780-e1496746371868.jpeg","keywords":["b\u00fasqueda de empleo","Empleo","nuevotag","redes sociales","trabajo"],"articleSection":["Actualidad"],"inLanguage":"es","copyrightYear":"2011","copyrightHolder":{"@id":"https:\/\/empresas.infoempleo.com\/hrtrends\/#organization"}},{"@type":"WebPage","@id":"https:\/\/empresas.infoempleo.com\/hrtrends\/la-red-social-facebook-como-herramienta-por-el-empleo\/","url":"https:\/\/empresas.infoempleo.com\/hrtrends\/la-red-social-facebook-como-herramienta-por-el-empleo\/","name":"La red social Facebook como herramienta por el #empleo | HRTRENDS","isPartOf":{"@id":"https:\/\/empresas.infoempleo.com\/hrtrends\/#website"},"primaryImageOfPage":{"@id":"https:\/\/empresas.infoempleo.com\/hrtrends\/la-red-social-facebook-como-herramienta-por-el-empleo\/#primaryimage"},"image":{"@id":"https:\/\/empresas.infoempleo.com\/hrtrends\/la-red-social-facebook-como-herramienta-por-el-empleo\/#primaryimage"},"thumbnailUrl":"https:\/\/empresas.infoempleo.com\/hrtrends\/media\/2011\/02\/pexels-photo-247780-e1496746371868.jpeg","datePublished":"2011-02-15T11:43:23+00:00","dateModified":"2024-12-09T11:10:29+00:00","breadcrumb":{"@id":"https:\/\/empresas.infoempleo.com\/hrtrends\/la-red-social-facebook-como-herramienta-por-el-empleo\/#breadcrumb"},"inLanguage":"es","potentialAction":[{"@type":"ReadAction","target":["https:\/\/empresas.infoempleo.com\/hrtrends\/la-red-social-facebook-como-herramienta-por-el-empleo\/"]}]},{"@type":"ImageObject","inLanguage":"es","@id":"https:\/\/empresas.infoempleo.com\/hrtrends\/la-red-social-facebook-como-herramienta-por-el-empleo\/#primaryimage","url":"https:\/\/empresas.infoempleo.com\/hrtrends\/media\/2011\/02\/pexels-photo-247780-e1496746371868-150x150.jpeg","contentUrl":"https:\/\/empresas.infoempleo.com\/hrtrends\/media\/2011\/02\/pexels-photo-247780-e1496746371868-150x150.jpeg","width":150,"height":150,"caption":"Encontrar trabajo en Facebook"},{"@type":"BreadcrumbList","@id":"https:\/\/empresas.infoempleo.com\/hrtrends\/la-red-social-facebook-como-herramienta-por-el-empleo\/#breadcrumb","itemListElement":[{"@type":"ListItem","position":1,"name":"Portada","item":"https:\/\/empresas.infoempleo.com\/hrtrends\/"},{"@type":"ListItem","position":2,"name":"La red social Facebook como herramienta por el #empleo"}]},{"@type":"WebSite","@id":"https:\/\/empresas.infoempleo.com\/hrtrends\/#website","url":"https:\/\/empresas.infoempleo.com\/hrtrends","name":"HRTrends by Infoempleo","description":"","publisher":{"@id":"https:\/\/empresas.infoempleo.com\/hrtrends\/#organization"},"potentialAction":{"@type":"SearchAction","target":"https:\/\/empresas.infoempleo.com\/hrtrends\/?s={search_term_string}","query-input":"required name=search_term_string"},"inLanguage":"es"},{"@type":"Organization","@id":"https:\/\/empresas.infoempleo.com\/hrtrends\/#organization","name":"Infoempleo","url":"https:\/\/www.infoempleo.com\/","logo":{"@type":"ImageObject","@id":"https:\/\/empresas.infoempleo.com\/hrtrends\/#logo","inLanguage":"es","url":"https:\/\/cdnazure.infoempleo.com\/infoempleo\/assets\/style\/gfx\/logo.svg","contentUrl":"https:\/\/cdnazure.infoempleo.com\/infoempleo\/assets\/style\/gfx\/logo.svg","width":150,"height":40,"caption":"Infoempleo"},"image":{"@id":"https:\/\/empresas.infoempleo.com\/hrtrends\/#logo"},"sameAs":["https:\/\/www.facebook.com\/Infoempleo","https:\/\/x.com\/infoempleo","http:\/\/instagram.com\/infoempleo\/","http:\/\/www.linkedin.com\/groups\/Empleo-Espa\u00f1a-Infoempleocom-111276","http:\/\/pinterest.com\/infoempleo\/"],"address":{"@type":"PostalAddress","addressLocality":"Madrid","postalCode":"28050","streetAddress":"Avenida de Burgos 114"},"brand":["Infoempleo"]},{"@type":"Person","@id":"https:\/\/empresas.infoempleo.com\/hrtrends\/#\/schema\/person\/9bc89e3819d56720c9fba63ae9d827f3","name":"antonio vallejo","image":{"@type":"ImageObject","inLanguage":"es","@id":"https:\/\/empresas.infoempleo.com\/hrtrends\/#\/schema\/person\/image\/","url":"https:\/\/secure.gravatar.com\/avatar\/882c28279ae4535d5a62c1e541f84d58ddfb96ce2c2119d0f109a2f3ce461806?s=96&d=mm&r=g","contentUrl":"https:\/\/secure.gravatar.com\/avatar\/882c28279ae4535d5a62c1e541f84d58ddfb96ce2c2119d0f109a2f3ce461806?s=96&d=mm&r=g","caption":"antonio vallejo"},"url":"https:\/\/empresas.infoempleo.com\/hrtrends\/author\/antonio-vallejo\/"}]}},"amp_enabled":true,"_links":{"self":[{"href":"https:\/\/empresas.infoempleo.com\/hrtrends\/wp-json\/wp\/v2\/posts\/12155","targetHints":{"allow":["GET"]}}],"collection":[{"href":"https:\/\/empresas.infoempleo.com\/hrtrends\/wp-json\/wp\/v2\/posts"}],"about":[{"href":"https:\/\/empresas.infoempleo.com\/hrtrends\/wp-json\/wp\/v2\/types\/post"}],"author":[{"embeddable":true,"href":"https:\/\/empresas.infoempleo.com\/hrtrends\/wp-json\/wp\/v2\/users\/49"}],"replies":[{"embeddable":true,"href":"https:\/\/empresas.infoempleo.com\/hrtrends\/wp-json\/wp\/v2\/comments?post=12155"}],"version-history":[{"count":4,"href":"https:\/\/empresas.infoempleo.com\/hrtrends\/wp-json\/wp\/v2\/posts\/12155\/revisions"}],"predecessor-version":[{"id":46143,"href":"https:\/\/empresas.infoempleo.com\/hrtrends\/wp-json\/wp\/v2\/posts\/12155\/revisions\/46143"}],"wp:featuredmedia":[{"embeddable":true,"href":"https:\/\/empresas.infoempleo.com\/hrtrends\/wp-json\/wp\/v2\/media\/30384"}],"wp:attachment":[{"href":"https:\/\/empresas.infoempleo.com\/hrtrends\/wp-json\/wp\/v2\/media?parent=12155"}],"wp:term":[{"taxonomy":"category","embeddable":true,"href":"https:\/\/empresas.infoempleo.com\/hrtrends\/wp-json\/wp\/v2\/categories?post=12155"},{"taxonomy":"post_tag","embeddable":true,"href":"https:\/\/empresas.infoempleo.com\/hrtrends\/wp-json\/wp\/v2\/tags?post=12155"}],"curies":[{"name":"wp","href":"https:\/\/api.w.org\/{rel}","templated":true}]}}