{"id":12090,"date":"2011-02-07T17:11:16","date_gmt":"2011-02-07T16:11:16","guid":{"rendered":"http:\/\/blog.infoempleo.com\/?p=12090"},"modified":"2025-04-04T14:59:51","modified_gmt":"2025-04-04T12:59:51","slug":"en-marcha-hacia-un-empleo-doblemente-sostenible","status":"publish","type":"post","link":"https:\/\/empresas.infoempleo.com\/hrtrends\/en-marcha-hacia-un-empleo-doblemente-sostenible\/","title":{"rendered":"En marcha hacia un empleo doblemente sostenible"},"content":{"rendered":"<p style=\"text-align: left;\">En el equilibrio est\u00e1 el desaf\u00edo. En eso consiste la econom\u00eda verde. <strong>\u00abHay que lograr un desarrollo econ\u00f3mico sostenible que asegure el futuro y que genere oportunidades sin llegar al agotamiento de los recursos\u00bb.<\/strong> Esa es la clave para <strong>Ignacio Mosso, consejero delegado del organismo de certificaci\u00f3n T\u00fcv Rheinland<\/strong>, y uno de los ponentes en la presentaci\u00f3n de la primera edici\u00f3n del<strong> \u00abInforme Fingerplus 2010\u00bb,<\/strong> impulsado por la consultora Agendaplus, cuyo director,<strong> Fernando Gonz\u00e1lez<\/strong>, fue el encargado de dar el pie a la ronda de conferencias.<\/p>\n<p>En la elaboraci\u00f3n de este documento, que se centra en temas como la ingenier\u00eda, el conocimiento y la econom\u00eda sostenible, <strong>han participado 84 empresas, 40 instituciones, 19 universidades y 24 colegios profesionales.<\/strong> Y todos ellos han llegado a la conclusi\u00f3n de que <strong>el empleo verde puede ser un buen motor para la recuperaci\u00f3n del mercado laboral.<\/strong><\/p>\n<p>Adem\u00e1s, como se\u00f1alaran desde el <strong>Programa de las Naciones Unidas para el Medio Ambiente (PNUMA)<\/strong> \u00ablos empleos verdes permiten concebir la esperanza de que la humanidad podr\u00e1 hacer frente a dos de los desaf\u00edos determinantes del siglo XXI: evitar un cambio clim\u00e1tico peligroso y\u00a0 potencialmente inmanejable y proteger el medio ambiente natural que sustenta la vida en la Tierra; y ofrecer trabajo decente\u00bb.<\/p>\n<p>Y una cosa lleva a la otra, es decir, que la b\u00fasqueda de un modelo sostenible de producci\u00f3n y desarrollo compatible con el medio traer\u00e1 buenas noticias en el campo social a trav\u00e9s de nuevos puestos de trabajo\u2026 Doble\u00a0 sostenibilidad.<\/p>\n<p>Lo que parece imprescindible es fomentar estos modelos de negocio desde la base, desde el conocimiento.\u00a0Por ello, la <strong><a href=\"https:\/\/www.eoi.es\/es\" target=\"_blank\" rel=\"noopener noreferrer\">Escuela de Organizaci\u00f3n Industrial (EOI)<\/a><\/strong> promueve este tipo de modelos basados en el equilibrio. Para poner nombre y apellidos a esta modalidad de empleos, los llamados\u00a0 \u00abgreen jobs\u00bb, el EOI ha elaborado un estudio que ha estimado en 60.000 el n\u00famero de empresas e instituciones que tienen entre sus actividades principales algunas de las consideradas como econom\u00eda verde. Y su crecimiento no ha abandonado la l\u00ednea ascendente en los \u00faltimos a\u00f1os.<\/p>\n<p>Como recuerda <strong>Alfonso Gonz\u00e1lez, director general de EOI,<\/strong> y tal y como se recoge en el Informe de Fingerplus, <strong>este sector supone el 2,2% del PIB\u00a0 nacional y da trabajo a un 2,4% de las personas activas en Espa\u00f1a<\/strong> \u2013Catalu\u00f1a, Andaluc\u00eda, Madrid y la Comunidad Valenciana concentran m\u00e1s de la mitad del empleo verde de todo el pa\u00eds\u2013. Y las perspectivas de futuro tambi\u00e9n son positivas.<\/p>\n<p>Seg\u00fan el Informe Econ\u00f3mico de 2009 del Presidente del Gobierno, <strong>en 2020 la econom\u00eda verde traer\u00e1 a Espa\u00f1a casi tres millones de puestos de trabajo<\/strong>, sobre todo en ecoindustria, edificaci\u00f3n sostenible y transporte.<\/p>\n<h3>Sectores punteros<\/h3>\n<p>Pero, \u00bfqu\u00e9 sectores sustentan esta econom\u00eda verde actualmente? Por actividad, <strong>la que agrupa a un mayor n\u00famero de empleados es la gesti\u00f3n y tratamiento de residuos \u2013140.343 trabajadores en 2010\u2013, seguido de las energ\u00edas renovables y del tratamiento y depuraci\u00f3n de aguas residuales.<\/strong> Los que est\u00e1n en cabeza ser\u00edan los sectores tradicionales, pero, poco a poco, entran con gran\u00a0 potencial otros nuevos yacimientos \u2013turismo sostenible, energ\u00edas renovables, tecnolog\u00edas de la informaci\u00f3n y la comunicaci\u00f3n\u2013 que van sumando alternativas al mercado laboral.<\/p>\n<p>Para Alfonso Gonz\u00e1lez, \u00ab<strong>los sectores que ir\u00e1n generando mayores oportunidades de empleo ser\u00e1n los relacionados con el asesoramiento empresarial, con el ecodise\u00f1o o con el ciclo de vida del producto<\/strong>, fundamentales en la determinaci\u00f3n del consumo o para dar informaci\u00f3n al cliente sobre su opci\u00f3n de compra. Tambi\u00e9n ser\u00e1n importantes los relacionados con la biotecnolog\u00eda y el transporte \u2013veh\u00edculo el\u00e9ctrico\u2013\u00bb.<\/p>\n<p>Parece que ning\u00fan campo quiere quedarse atr\u00e1s en esta carrera por un desarrollo sostenible, <strong>pero s\u00ed es cierto que habr\u00e1 algunos sectores que se podr\u00e1n ver perjudicados por el repunte de los m\u00e1s aventajados<\/strong> \u2013los beneficiados por la transici\u00f3n hacia una econom\u00eda baja en carbono, por ejemplo\u2013 de cara a este nuevo modelo verde. \u00abSe generar\u00e1n p\u00e9rdidas en aquellos negocios que soporten los costes derivados de este nuevo sistema\u00bb, se\u00f1ala Gonz\u00e1lez.<\/p>\n<p>De la misma opini\u00f3n es la <strong>Secretaria de Estado de Cambio Clim\u00e1tico, Teresa Ribera. <\/strong>\u00abHabr\u00e1 determinados esquemas que pasar\u00e1n a la historia\u00bb, dice, aunque matiza: \u00ab<strong>Lo importante es que este cambio no resulte traum\u00e1tico. El gran reto es hacerlo con un ritmo llevadero<\/strong>. Por eso ser\u00e1 fundamental el\u00a0 trabajo en las\u00a0consultor\u00edas y los servicios\u00a0ambientales. Debemos progresar, aunque cueste reconocerlo. El modelo se ha venido abajo, hay necesidad de una transformaci\u00f3n radical\u00bb.<\/p>\n<p><strong>En esta transici\u00f3n ser\u00e1 de vital importancia el papel que jueguen los emprendedores.<\/strong> Para Ribera, \u00abemprender en verde\u00bb significa trabajar con una informaci\u00f3n comprensible, actuar contra el efecto invernadero, disponer de un marco normativo con limitaciones, modificar la presi\u00f3n fiscal y actuar con m\u00e1s inteligencia en el uso de los recursos. Para Gonz\u00e1lez, la emprendedur\u00eda tambi\u00e9n puede ser el elemento diferenciador con el que cuente Espa\u00f1a de cara a esta oportunidad.<\/p>\n<p>\u00abNecesitamos empleos verdes\u00bb, afirma. <strong>Juan Mulet, director general de la <a href=\"https:\/\/www.cotec.es\/\" target=\"_blank\" rel=\"noopener noreferrer\">Fundaci\u00f3n COTEC<\/a><\/strong>,\u00a0tambi\u00e9n se\u00f1ala al ciudadano como el elemento fundamental de la innovaci\u00f3n, que supone la manera de aprender a utilizar ese conocimiento con el fin de generar riqueza.<\/p>\n<h3>Una apuesta global<\/h3>\n<p><strong>Hace unos a\u00f1os Espa\u00f1a se situaba a la cola de los pa\u00edses europeos en cuanto a n\u00famero de empleados en el sector ambiental. Ahora est\u00e1 en la media de sus vecinos de la Uni\u00f3n Europea. <\/strong>A nivel mundial, se estima que en 2030 existir\u00e1n m\u00e1s de 20 millones de puestos de trabajo directos en este \u00e1mbito \u2013datos del informe Empleos verdes del PNUMA y la OIT\u2013. De ellos, tan solo los ligados a los biocombustibles sumar\u00e1n 12 millones; la energ\u00eda solar fotovoltaica, 6.300.000; y la energ\u00eda e\u00f3lica, 2.100.000.<\/p>\n<p>Alfonso Gonz\u00e1lez recuerda que esta es una apuesta com\u00fan para la mayor\u00eda de los pa\u00edses: \u00abEn Reino Unido, por ejemplo, el gobierno de Cameron ha hecho una apuesta importante por la econom\u00eda verde. Y en Espa\u00f1a se va a aprobar la Ley de Econom\u00eda Sostenible. Es decir, que gobiernos de diferente signo coinciden en este tema\u00bb.<\/p>\n","protected":false},"excerpt":{"rendered":"<p>En el equilibrio est\u00e1 el desaf\u00edo. En eso consiste la econom\u00eda verde. \u00abHay que lograr un desarrollo econ\u00f3mico<a class=\"moretag\" href=\"https:\/\/empresas.infoempleo.com\/hrtrends\/en-marcha-hacia-un-empleo-doblemente-sostenible\/\"> Leer m\u00e1s<\/a><\/p>\n","protected":false},"author":62,"featured_media":30508,"comment_status":"closed","ping_status":"open","sticky":false,"template":"","format":"standard","meta":{"footnotes":""},"categories":[3],"tags":[2225,2306,2240,1132,198],"class_list":["post-12090","post","type-post","status-publish","format-standard","has-post-thumbnail","hentry","category-actualidad","tag-economia-verde","tag-empleo-verde","tag-eoi","tag-ingenieria","tag-innovacion"],"yoast_head":"<!-- This site is optimized with the Yoast SEO plugin v26.1.1 - https:\/\/yoast.com\/wordpress\/plugins\/seo\/ -->\n<title>En marcha hacia un empleo doblemente sostenible | HRTRENDS<\/title>\n<meta name=\"robots\" content=\"index, follow, max-snippet:-1, max-image-preview:large, max-video-preview:-1\" \/>\n<link rel=\"canonical\" href=\"https:\/\/empresas.infoempleo.com\/hrtrends\/en-marcha-hacia-un-empleo-doblemente-sostenible\/\" \/>\n<meta property=\"og:locale\" content=\"es_ES\" \/>\n<meta property=\"og:type\" content=\"article\" \/>\n<meta property=\"og:title\" content=\"En marcha hacia un empleo doblemente sostenible | HRTRENDS\" \/>\n<meta property=\"og:description\" content=\"En el equilibrio est\u00e1 el desaf\u00edo. En eso consiste la econom\u00eda verde. \u00abHay que lograr un desarrollo econ\u00f3mico Leer m\u00e1s\" \/>\n<meta property=\"og:url\" content=\"https:\/\/empresas.infoempleo.com\/hrtrends\/en-marcha-hacia-un-empleo-doblemente-sostenible\/\" \/>\n<meta property=\"og:site_name\" content=\"HRTRENDS\" \/>\n<meta property=\"article:publisher\" content=\"https:\/\/www.facebook.com\/Infoempleo\" \/>\n<meta property=\"article:published_time\" content=\"2011-02-07T16:11:16+00:00\" \/>\n<meta property=\"article:modified_time\" content=\"2025-04-04T12:59:51+00:00\" \/>\n<meta property=\"og:image\" content=\"https:\/\/empresas.infoempleo.com\/hrtrends\/media\/2011\/02\/ThinkstockPhotos-639426686.jpg\" \/>\n\t<meta property=\"og:image:width\" content=\"724\" \/>\n\t<meta property=\"og:image:height\" content=\"483\" \/>\n\t<meta property=\"og:image:type\" content=\"image\/jpeg\" \/>\n<meta name=\"author\" content=\"elena arranz\" \/>\n<meta name=\"twitter:card\" content=\"summary_large_image\" \/>\n<meta name=\"twitter:creator\" content=\"@infoempleo\" \/>\n<meta name=\"twitter:site\" content=\"@infoempleo\" \/>\n<meta name=\"twitter:label1\" content=\"Escrito por\" \/>\n\t<meta name=\"twitter:data1\" content=\"elena arranz\" \/>\n\t<meta name=\"twitter:label2\" content=\"Tiempo de lectura\" \/>\n\t<meta name=\"twitter:data2\" content=\"5 minutos\" \/>\n<script type=\"application\/ld+json\" class=\"yoast-schema-graph\">{\"@context\":\"https:\/\/schema.org\",\"@graph\":[{\"@type\":\"NewsArticle\",\"@id\":\"https:\/\/empresas.infoempleo.com\/hrtrends\/en-marcha-hacia-un-empleo-doblemente-sostenible\/#article\",\"isPartOf\":{\"@id\":\"https:\/\/empresas.infoempleo.com\/hrtrends\/en-marcha-hacia-un-empleo-doblemente-sostenible\/\"},\"author\":{\"name\":\"elena arranz\",\"@id\":\"https:\/\/empresas.infoempleo.com\/hrtrends\/#\/schema\/person\/f3484d3cdf45b2f3846af4f705ec9730\"},\"headline\":\"En marcha hacia un empleo doblemente sostenible\",\"datePublished\":\"2011-02-07T16:11:16+00:00\",\"dateModified\":\"2025-04-04T12:59:51+00:00\",\"mainEntityOfPage\":{\"@id\":\"https:\/\/empresas.infoempleo.com\/hrtrends\/en-marcha-hacia-un-empleo-doblemente-sostenible\/\"},\"wordCount\":1074,\"publisher\":{\"@id\":\"https:\/\/empresas.infoempleo.com\/hrtrends\/#organization\"},\"image\":{\"@id\":\"https:\/\/empresas.infoempleo.com\/hrtrends\/en-marcha-hacia-un-empleo-doblemente-sostenible\/#primaryimage\"},\"thumbnailUrl\":\"https:\/\/empresas.infoempleo.com\/hrtrends\/media\/2011\/02\/ThinkstockPhotos-639426686.jpg\",\"keywords\":[\"econom\u00eda verde\",\"empleo verde\",\"EOI\",\"ingenier\u00eda\",\"innovaci\u00f3n\"],\"articleSection\":[\"Actualidad\"],\"inLanguage\":\"es\",\"copyrightYear\":\"2011\",\"copyrightHolder\":{\"@id\":\"https:\/\/empresas.infoempleo.com\/hrtrends\/#organization\"}},{\"@type\":\"WebPage\",\"@id\":\"https:\/\/empresas.infoempleo.com\/hrtrends\/en-marcha-hacia-un-empleo-doblemente-sostenible\/\",\"url\":\"https:\/\/empresas.infoempleo.com\/hrtrends\/en-marcha-hacia-un-empleo-doblemente-sostenible\/\",\"name\":\"En marcha hacia un empleo doblemente sostenible | HRTRENDS\",\"isPartOf\":{\"@id\":\"https:\/\/empresas.infoempleo.com\/hrtrends\/#website\"},\"primaryImageOfPage\":{\"@id\":\"https:\/\/empresas.infoempleo.com\/hrtrends\/en-marcha-hacia-un-empleo-doblemente-sostenible\/#primaryimage\"},\"image\":{\"@id\":\"https:\/\/empresas.infoempleo.com\/hrtrends\/en-marcha-hacia-un-empleo-doblemente-sostenible\/#primaryimage\"},\"thumbnailUrl\":\"https:\/\/empresas.infoempleo.com\/hrtrends\/media\/2011\/02\/ThinkstockPhotos-639426686.jpg\",\"datePublished\":\"2011-02-07T16:11:16+00:00\",\"dateModified\":\"2025-04-04T12:59:51+00:00\",\"breadcrumb\":{\"@id\":\"https:\/\/empresas.infoempleo.com\/hrtrends\/en-marcha-hacia-un-empleo-doblemente-sostenible\/#breadcrumb\"},\"inLanguage\":\"es\",\"potentialAction\":[{\"@type\":\"ReadAction\",\"target\":[\"https:\/\/empresas.infoempleo.com\/hrtrends\/en-marcha-hacia-un-empleo-doblemente-sostenible\/\"]}]},{\"@type\":\"ImageObject\",\"inLanguage\":\"es\",\"@id\":\"https:\/\/empresas.infoempleo.com\/hrtrends\/en-marcha-hacia-un-empleo-doblemente-sostenible\/#primaryimage\",\"url\":\"https:\/\/empresas.infoempleo.com\/hrtrends\/media\/2011\/02\/ThinkstockPhotos-639426686-150x150.jpg\",\"contentUrl\":\"https:\/\/empresas.infoempleo.com\/hrtrends\/media\/2011\/02\/ThinkstockPhotos-639426686-150x150.jpg\",\"width\":150,\"height\":150,\"caption\":\"Empleo verde\"},{\"@type\":\"BreadcrumbList\",\"@id\":\"https:\/\/empresas.infoempleo.com\/hrtrends\/en-marcha-hacia-un-empleo-doblemente-sostenible\/#breadcrumb\",\"itemListElement\":[{\"@type\":\"ListItem\",\"position\":1,\"name\":\"Portada\",\"item\":\"https:\/\/empresas.infoempleo.com\/hrtrends\/\"},{\"@type\":\"ListItem\",\"position\":2,\"name\":\"En marcha hacia un empleo doblemente sostenible\"}]},{\"@type\":\"WebSite\",\"@id\":\"https:\/\/empresas.infoempleo.com\/hrtrends\/#website\",\"url\":\"https:\/\/empresas.infoempleo.com\/hrtrends\",\"name\":\"HRTrends by Infoempleo\",\"description\":\"\",\"publisher\":{\"@id\":\"https:\/\/empresas.infoempleo.com\/hrtrends\/#organization\"},\"potentialAction\":{\"@type\":\"SearchAction\",\"target\":\"https:\/\/empresas.infoempleo.com\/hrtrends\/?s={search_term_string}\",\"query-input\":\"required name=search_term_string\"},\"inLanguage\":\"es\"},{\"@type\":\"Organization\",\"@id\":\"https:\/\/empresas.infoempleo.com\/hrtrends\/#organization\",\"name\":\"Infoempleo\",\"url\":\"https:\/\/www.infoempleo.com\/\",\"logo\":{\"@type\":\"ImageObject\",\"@id\":\"https:\/\/empresas.infoempleo.com\/hrtrends\/#logo\",\"inLanguage\":\"es\",\"url\":\"https:\/\/cdnazure.infoempleo.com\/infoempleo\/assets\/style\/gfx\/logo.svg\",\"contentUrl\":\"https:\/\/cdnazure.infoempleo.com\/infoempleo\/assets\/style\/gfx\/logo.svg\",\"width\":150,\"height\":40,\"caption\":\"Infoempleo\"},\"image\":{\"@id\":\"https:\/\/empresas.infoempleo.com\/hrtrends\/#logo\"},\"sameAs\":[\"https:\/\/www.facebook.com\/Infoempleo\",\"https:\/\/x.com\/infoempleo\",\"http:\/\/instagram.com\/infoempleo\/\",\"http:\/\/www.linkedin.com\/groups\/Empleo-Espa\u00f1a-Infoempleocom-111276\",\"http:\/\/pinterest.com\/infoempleo\/\"],\"address\":{\"@type\":\"PostalAddress\",\"addressLocality\":\"Madrid\",\"postalCode\":\"28050\",\"streetAddress\":\"Avenida de Burgos 114\"},\"brand\":[\"Infoempleo\"]},{\"@type\":\"Person\",\"@id\":\"https:\/\/empresas.infoempleo.com\/hrtrends\/#\/schema\/person\/f3484d3cdf45b2f3846af4f705ec9730\",\"name\":\"elena arranz\",\"image\":{\"@type\":\"ImageObject\",\"inLanguage\":\"es\",\"@id\":\"https:\/\/empresas.infoempleo.com\/hrtrends\/#\/schema\/person\/image\/\",\"url\":\"https:\/\/secure.gravatar.com\/avatar\/e3e36e17cc9a2ddafb4e051357b391a9c939bebb4f2f7cbb2c456f5fa56ade52?s=96&d=mm&r=g\",\"contentUrl\":\"https:\/\/secure.gravatar.com\/avatar\/e3e36e17cc9a2ddafb4e051357b391a9c939bebb4f2f7cbb2c456f5fa56ade52?s=96&d=mm&r=g\",\"caption\":\"elena arranz\"},\"url\":\"https:\/\/empresas.infoempleo.com\/hrtrends\/author\/elena-arranz\/\"}]}<\/script>\n<!-- \/ Yoast SEO plugin. -->","yoast_head_json":{"title":"En marcha hacia un empleo doblemente sostenible | HRTRENDS","robots":{"index":"index","follow":"follow","max-snippet":"max-snippet:-1","max-image-preview":"max-image-preview:large","max-video-preview":"max-video-preview:-1"},"canonical":"https:\/\/empresas.infoempleo.com\/hrtrends\/en-marcha-hacia-un-empleo-doblemente-sostenible\/","og_locale":"es_ES","og_type":"article","og_title":"En marcha hacia un empleo doblemente sostenible | HRTRENDS","og_description":"En el equilibrio est\u00e1 el desaf\u00edo. En eso consiste la econom\u00eda verde. \u00abHay que lograr un desarrollo econ\u00f3mico Leer m\u00e1s","og_url":"https:\/\/empresas.infoempleo.com\/hrtrends\/en-marcha-hacia-un-empleo-doblemente-sostenible\/","og_site_name":"HRTRENDS","article_publisher":"https:\/\/www.facebook.com\/Infoempleo","article_published_time":"2011-02-07T16:11:16+00:00","article_modified_time":"2025-04-04T12:59:51+00:00","og_image":[{"width":724,"height":483,"url":"https:\/\/empresas.infoempleo.com\/hrtrends\/media\/2011\/02\/ThinkstockPhotos-639426686.jpg","type":"image\/jpeg"}],"author":"elena arranz","twitter_card":"summary_large_image","twitter_creator":"@infoempleo","twitter_site":"@infoempleo","twitter_misc":{"Escrito por":"elena arranz","Tiempo de lectura":"5 minutos"},"schema":{"@context":"https:\/\/schema.org","@graph":[{"@type":"NewsArticle","@id":"https:\/\/empresas.infoempleo.com\/hrtrends\/en-marcha-hacia-un-empleo-doblemente-sostenible\/#article","isPartOf":{"@id":"https:\/\/empresas.infoempleo.com\/hrtrends\/en-marcha-hacia-un-empleo-doblemente-sostenible\/"},"author":{"name":"elena arranz","@id":"https:\/\/empresas.infoempleo.com\/hrtrends\/#\/schema\/person\/f3484d3cdf45b2f3846af4f705ec9730"},"headline":"En marcha hacia un empleo doblemente sostenible","datePublished":"2011-02-07T16:11:16+00:00","dateModified":"2025-04-04T12:59:51+00:00","mainEntityOfPage":{"@id":"https:\/\/empresas.infoempleo.com\/hrtrends\/en-marcha-hacia-un-empleo-doblemente-sostenible\/"},"wordCount":1074,"publisher":{"@id":"https:\/\/empresas.infoempleo.com\/hrtrends\/#organization"},"image":{"@id":"https:\/\/empresas.infoempleo.com\/hrtrends\/en-marcha-hacia-un-empleo-doblemente-sostenible\/#primaryimage"},"thumbnailUrl":"https:\/\/empresas.infoempleo.com\/hrtrends\/media\/2011\/02\/ThinkstockPhotos-639426686.jpg","keywords":["econom\u00eda verde","empleo verde","EOI","ingenier\u00eda","innovaci\u00f3n"],"articleSection":["Actualidad"],"inLanguage":"es","copyrightYear":"2011","copyrightHolder":{"@id":"https:\/\/empresas.infoempleo.com\/hrtrends\/#organization"}},{"@type":"WebPage","@id":"https:\/\/empresas.infoempleo.com\/hrtrends\/en-marcha-hacia-un-empleo-doblemente-sostenible\/","url":"https:\/\/empresas.infoempleo.com\/hrtrends\/en-marcha-hacia-un-empleo-doblemente-sostenible\/","name":"En marcha hacia un empleo doblemente sostenible | HRTRENDS","isPartOf":{"@id":"https:\/\/empresas.infoempleo.com\/hrtrends\/#website"},"primaryImageOfPage":{"@id":"https:\/\/empresas.infoempleo.com\/hrtrends\/en-marcha-hacia-un-empleo-doblemente-sostenible\/#primaryimage"},"image":{"@id":"https:\/\/empresas.infoempleo.com\/hrtrends\/en-marcha-hacia-un-empleo-doblemente-sostenible\/#primaryimage"},"thumbnailUrl":"https:\/\/empresas.infoempleo.com\/hrtrends\/media\/2011\/02\/ThinkstockPhotos-639426686.jpg","datePublished":"2011-02-07T16:11:16+00:00","dateModified":"2025-04-04T12:59:51+00:00","breadcrumb":{"@id":"https:\/\/empresas.infoempleo.com\/hrtrends\/en-marcha-hacia-un-empleo-doblemente-sostenible\/#breadcrumb"},"inLanguage":"es","potentialAction":[{"@type":"ReadAction","target":["https:\/\/empresas.infoempleo.com\/hrtrends\/en-marcha-hacia-un-empleo-doblemente-sostenible\/"]}]},{"@type":"ImageObject","inLanguage":"es","@id":"https:\/\/empresas.infoempleo.com\/hrtrends\/en-marcha-hacia-un-empleo-doblemente-sostenible\/#primaryimage","url":"https:\/\/empresas.infoempleo.com\/hrtrends\/media\/2011\/02\/ThinkstockPhotos-639426686-150x150.jpg","contentUrl":"https:\/\/empresas.infoempleo.com\/hrtrends\/media\/2011\/02\/ThinkstockPhotos-639426686-150x150.jpg","width":150,"height":150,"caption":"Empleo verde"},{"@type":"BreadcrumbList","@id":"https:\/\/empresas.infoempleo.com\/hrtrends\/en-marcha-hacia-un-empleo-doblemente-sostenible\/#breadcrumb","itemListElement":[{"@type":"ListItem","position":1,"name":"Portada","item":"https:\/\/empresas.infoempleo.com\/hrtrends\/"},{"@type":"ListItem","position":2,"name":"En marcha hacia un empleo doblemente sostenible"}]},{"@type":"WebSite","@id":"https:\/\/empresas.infoempleo.com\/hrtrends\/#website","url":"https:\/\/empresas.infoempleo.com\/hrtrends","name":"HRTrends by Infoempleo","description":"","publisher":{"@id":"https:\/\/empresas.infoempleo.com\/hrtrends\/#organization"},"potentialAction":{"@type":"SearchAction","target":"https:\/\/empresas.infoempleo.com\/hrtrends\/?s={search_term_string}","query-input":"required name=search_term_string"},"inLanguage":"es"},{"@type":"Organization","@id":"https:\/\/empresas.infoempleo.com\/hrtrends\/#organization","name":"Infoempleo","url":"https:\/\/www.infoempleo.com\/","logo":{"@type":"ImageObject","@id":"https:\/\/empresas.infoempleo.com\/hrtrends\/#logo","inLanguage":"es","url":"https:\/\/cdnazure.infoempleo.com\/infoempleo\/assets\/style\/gfx\/logo.svg","contentUrl":"https:\/\/cdnazure.infoempleo.com\/infoempleo\/assets\/style\/gfx\/logo.svg","width":150,"height":40,"caption":"Infoempleo"},"image":{"@id":"https:\/\/empresas.infoempleo.com\/hrtrends\/#logo"},"sameAs":["https:\/\/www.facebook.com\/Infoempleo","https:\/\/x.com\/infoempleo","http:\/\/instagram.com\/infoempleo\/","http:\/\/www.linkedin.com\/groups\/Empleo-Espa\u00f1a-Infoempleocom-111276","http:\/\/pinterest.com\/infoempleo\/"],"address":{"@type":"PostalAddress","addressLocality":"Madrid","postalCode":"28050","streetAddress":"Avenida de Burgos 114"},"brand":["Infoempleo"]},{"@type":"Person","@id":"https:\/\/empresas.infoempleo.com\/hrtrends\/#\/schema\/person\/f3484d3cdf45b2f3846af4f705ec9730","name":"elena arranz","image":{"@type":"ImageObject","inLanguage":"es","@id":"https:\/\/empresas.infoempleo.com\/hrtrends\/#\/schema\/person\/image\/","url":"https:\/\/secure.gravatar.com\/avatar\/e3e36e17cc9a2ddafb4e051357b391a9c939bebb4f2f7cbb2c456f5fa56ade52?s=96&d=mm&r=g","contentUrl":"https:\/\/secure.gravatar.com\/avatar\/e3e36e17cc9a2ddafb4e051357b391a9c939bebb4f2f7cbb2c456f5fa56ade52?s=96&d=mm&r=g","caption":"elena arranz"},"url":"https:\/\/empresas.infoempleo.com\/hrtrends\/author\/elena-arranz\/"}]}},"amp_enabled":true,"_links":{"self":[{"href":"https:\/\/empresas.infoempleo.com\/hrtrends\/wp-json\/wp\/v2\/posts\/12090","targetHints":{"allow":["GET"]}}],"collection":[{"href":"https:\/\/empresas.infoempleo.com\/hrtrends\/wp-json\/wp\/v2\/posts"}],"about":[{"href":"https:\/\/empresas.infoempleo.com\/hrtrends\/wp-json\/wp\/v2\/types\/post"}],"author":[{"embeddable":true,"href":"https:\/\/empresas.infoempleo.com\/hrtrends\/wp-json\/wp\/v2\/users\/62"}],"replies":[{"embeddable":true,"href":"https:\/\/empresas.infoempleo.com\/hrtrends\/wp-json\/wp\/v2\/comments?post=12090"}],"version-history":[{"count":4,"href":"https:\/\/empresas.infoempleo.com\/hrtrends\/wp-json\/wp\/v2\/posts\/12090\/revisions"}],"predecessor-version":[{"id":46654,"href":"https:\/\/empresas.infoempleo.com\/hrtrends\/wp-json\/wp\/v2\/posts\/12090\/revisions\/46654"}],"wp:featuredmedia":[{"embeddable":true,"href":"https:\/\/empresas.infoempleo.com\/hrtrends\/wp-json\/wp\/v2\/media\/30508"}],"wp:attachment":[{"href":"https:\/\/empresas.infoempleo.com\/hrtrends\/wp-json\/wp\/v2\/media?parent=12090"}],"wp:term":[{"taxonomy":"category","embeddable":true,"href":"https:\/\/empresas.infoempleo.com\/hrtrends\/wp-json\/wp\/v2\/categories?post=12090"},{"taxonomy":"post_tag","embeddable":true,"href":"https:\/\/empresas.infoempleo.com\/hrtrends\/wp-json\/wp\/v2\/tags?post=12090"}],"curies":[{"name":"wp","href":"https:\/\/api.w.org\/{rel}","templated":true}]}}