{"id":11936,"date":"2011-01-24T11:26:31","date_gmt":"2011-01-24T10:26:31","guid":{"rendered":"http:\/\/blog.infoempleo.com\/?p=11936"},"modified":"2018-05-23T17:32:39","modified_gmt":"2018-05-23T15:32:39","slug":"formacion-en-3d-100-motivacion-y-realismo","status":"publish","type":"post","link":"https:\/\/empresas.infoempleo.com\/hrtrends\/formacion-en-3d-100-motivacion-y-realismo\/","title":{"rendered":"Formaci\u00f3n en 3D: 100% motivaci\u00f3n y realismo"},"content":{"rendered":"<p><a href=\"https:\/\/empresas.infoempleo.com\/hrtrends\/media\/2011\/01\/EnriqueAliende1.jpg\"><img loading=\"lazy\" decoding=\"async\" class=\"alignnone size-full wp-image-11937\" src=\"https:\/\/empresas.infoempleo.com\/hrtrends\/media\/2011\/01\/EnriqueAliende1.jpg\" alt=\"\" width=\"173\" height=\"216\" \/><\/a><\/p>\n<h3>Por Enrique Aliende, director general de <a href=\"http:\/\/www.ifo.es\" target=\"_blank\">IFO<\/a>.<\/h3>\n<p>Las Tecnolog\u00edas de la Informaci\u00f3n y la Comunicaci\u00f3n se han convertido en un potente aliado para que la formaci\u00f3n de respuesta a las demandas actuales del mercado. <strong>La popularizaci\u00f3n de la tecnolog\u00eda y su introducci\u00f3n en todos y cada uno de los aspectos de la vida cotidiana han creado una nueva realidad a la que tambi\u00e9n deben adaptarse las instituciones educativas.<\/strong><\/p>\n<p>A principios de esta d\u00e9cada el Informe VISIONS 2020: Transforming Education and Training Through Advanced Technologies, hecho p\u00fablico por el Gobierno de Estados Unidos, ya dibujaba un escenario educativo diferente en el que las nuevas tecnolog\u00edas no s\u00f3lo mejoraban los sistemas docentes, sino que modificar\u00edan la misma naturaleza de la educaci\u00f3n.<\/p>\n<p>Hoy, <strong>estamos ante una nueva generaci\u00f3n que se comunica y aprende de manera diferente y que cada vez lo hace m\u00e1s fuera de los cauces oficiales. Lograr mantener su atenci\u00f3n exige una redefinici\u00f3n de los m\u00e9todos de ense\u00f1anza, un proceso en el que la tecnolog\u00eda juega un papel clave.<\/strong> El reto: hacer m\u00e1s ameno y eficaz el proceso de aprendizaje. Bajo esta premisa surgen los entornos 3D como un elemento motivador para el alumno.<\/p>\n<p>Aunque se trata de un \u00e1rea cuyo estado de desarrollo es todav\u00eda muy incipiente, pues, hasta ahora, los entornos tridimensionales apenas han sido explotados en los procesos de aprendizaje, es cierto que cada vez surgen m\u00e1s experiencias. <strong>El \u00abrealismo\u00bb del contexto de la interacci\u00f3n entre los participantes que proporcionan los entornos 3D permite, a diferencia de un chat o una videoconferencia, una percepci\u00f3n de la situaci\u00f3n m\u00e1s compleja y animada y mucho m\u00e1s similar a la realidad, lo que repercute en una mayor motivaci\u00f3n de los usuarios.<\/strong> Esto unido a que se presenta en formato 3D, tiene mayores posibilidades de enganchar, especialmente a esos nativos digitales que se siente como \u201cpez en el agua\u201d en los espacios virtuales.<\/p>\n<p>De acuerdo con el informe anual sobre el ciclo de sobreexpectaci\u00f3n (Hype Cycle) para el a\u00f1o 2010 que elabora Gartner y en el que monitoriza la adopci\u00f3n generalizada de las tecnolog\u00edas emergentes, los mundos virtuales ser\u00e1n tecnolog\u00edas de uso com\u00fan en un plazo de 5 a 10 a\u00f1os. Para que esto ocurra,<strong> es necesario terminar de superar principalmente dos barreras: por un lado, la barrera t\u00e9cnica<\/strong>, ya que no todos los equipos y conexiones permiten desenvolverse en estos mundos de forma fluida, de manera que el alumno pueda concentrarse en lo que se hace y no en c\u00f3mo se est\u00e1 haciendo- no obstante, es justo rese\u00f1ar que las nuevas aplicaciones de mundos virtuales van resolviendo este problema con mayor eficacia-; y, por otro, <strong>la escasa familiarizaci\u00f3n con estos entornos por parte de algunos colectivos de usuarios<\/strong>, m\u00e1s acostumbrados a interfaces en los que el texto es el protagonista. Superadas estas barreras las mejoras conseguidas supondr\u00e1n toda una revoluci\u00f3n en la forma de entender la formaci\u00f3n y, sin lugar a dudas, una mejora de la calidad de la educaci\u00f3n.<\/p>\n","protected":false},"excerpt":{"rendered":"<p>Por Enrique Aliende, director general de IFO. Las Tecnolog\u00edas de la Informaci\u00f3n y la Comunicaci\u00f3n se han convertido<a class=\"moretag\" href=\"https:\/\/empresas.infoempleo.com\/hrtrends\/formacion-en-3d-100-motivacion-y-realismo\/\"> Leer m\u00e1s<\/a><\/p>\n","protected":false},"author":72,"featured_media":29665,"comment_status":"closed","ping_status":"open","sticky":false,"template":"","format":"standard","meta":{"footnotes":""},"categories":[3],"tags":[1057,510,2299],"class_list":["post-11936","post","type-post","status-publish","format-standard","has-post-thumbnail","hentry","category-actualidad","tag-ifo","tag-nuevas-tecnologias","tag-realidad-virtual"],"yoast_head":"<!-- This site is optimized with the Yoast SEO plugin v26.1.1 - https:\/\/yoast.com\/wordpress\/plugins\/seo\/ -->\n<title>Formaci\u00f3n en 3D: 100% motivaci\u00f3n y realismo | HRTRENDS<\/title>\n<meta name=\"robots\" content=\"index, follow, max-snippet:-1, max-image-preview:large, max-video-preview:-1\" \/>\n<link rel=\"canonical\" href=\"https:\/\/empresas.infoempleo.com\/hrtrends\/formacion-en-3d-100-motivacion-y-realismo\/\" \/>\n<meta property=\"og:locale\" content=\"es_ES\" \/>\n<meta property=\"og:type\" content=\"article\" \/>\n<meta property=\"og:title\" content=\"Formaci\u00f3n en 3D: 100% motivaci\u00f3n y realismo | HRTRENDS\" \/>\n<meta property=\"og:description\" content=\"Por Enrique Aliende, director general de IFO. Las Tecnolog\u00edas de la Informaci\u00f3n y la Comunicaci\u00f3n se han convertido Leer m\u00e1s\" \/>\n<meta property=\"og:url\" content=\"https:\/\/empresas.infoempleo.com\/hrtrends\/formacion-en-3d-100-motivacion-y-realismo\/\" \/>\n<meta property=\"og:site_name\" content=\"HRTRENDS\" \/>\n<meta property=\"article:publisher\" content=\"https:\/\/www.facebook.com\/Infoempleo\" \/>\n<meta property=\"article:published_time\" content=\"2011-01-24T10:26:31+00:00\" \/>\n<meta property=\"article:modified_time\" content=\"2018-05-23T15:32:39+00:00\" \/>\n<meta property=\"og:image\" content=\"https:\/\/empresas.infoempleo.com\/hrtrends\/media\/2017\/05\/pexels-photo-205508.jpg\" \/>\n\t<meta property=\"og:image:width\" content=\"1280\" \/>\n\t<meta property=\"og:image:height\" content=\"960\" \/>\n\t<meta property=\"og:image:type\" content=\"image\/jpeg\" \/>\n<meta name=\"author\" content=\"infoempleo\" \/>\n<meta name=\"twitter:card\" content=\"summary_large_image\" \/>\n<meta name=\"twitter:creator\" content=\"@infoempleo\" \/>\n<meta name=\"twitter:site\" content=\"@infoempleo\" \/>\n<meta name=\"twitter:label1\" content=\"Escrito por\" \/>\n\t<meta name=\"twitter:data1\" content=\"infoempleo\" \/>\n\t<meta name=\"twitter:label2\" content=\"Tiempo de lectura\" \/>\n\t<meta name=\"twitter:data2\" content=\"3 minutos\" \/>\n<script type=\"application\/ld+json\" class=\"yoast-schema-graph\">{\"@context\":\"https:\/\/schema.org\",\"@graph\":[{\"@type\":\"NewsArticle\",\"@id\":\"https:\/\/empresas.infoempleo.com\/hrtrends\/formacion-en-3d-100-motivacion-y-realismo\/#article\",\"isPartOf\":{\"@id\":\"https:\/\/empresas.infoempleo.com\/hrtrends\/formacion-en-3d-100-motivacion-y-realismo\/\"},\"author\":{\"name\":\"infoempleo\",\"@id\":\"https:\/\/empresas.infoempleo.com\/hrtrends\/#\/schema\/person\/67d3e276ffcc8b3ae0ebec816daf775a\"},\"headline\":\"Formaci\u00f3n en 3D: 100% motivaci\u00f3n y realismo\",\"datePublished\":\"2011-01-24T10:26:31+00:00\",\"dateModified\":\"2018-05-23T15:32:39+00:00\",\"mainEntityOfPage\":{\"@id\":\"https:\/\/empresas.infoempleo.com\/hrtrends\/formacion-en-3d-100-motivacion-y-realismo\/\"},\"wordCount\":540,\"publisher\":{\"@id\":\"https:\/\/empresas.infoempleo.com\/hrtrends\/#organization\"},\"image\":{\"@id\":\"https:\/\/empresas.infoempleo.com\/hrtrends\/formacion-en-3d-100-motivacion-y-realismo\/#primaryimage\"},\"thumbnailUrl\":\"https:\/\/empresas.infoempleo.com\/hrtrends\/media\/2017\/05\/pexels-photo-205508.jpg\",\"keywords\":[\"IFO\",\"nuevas tecnolog\u00edas\",\"realidad virtual\"],\"articleSection\":[\"Actualidad\"],\"inLanguage\":\"es\",\"copyrightYear\":\"2011\",\"copyrightHolder\":{\"@id\":\"https:\/\/empresas.infoempleo.com\/hrtrends\/#organization\"}},{\"@type\":\"WebPage\",\"@id\":\"https:\/\/empresas.infoempleo.com\/hrtrends\/formacion-en-3d-100-motivacion-y-realismo\/\",\"url\":\"https:\/\/empresas.infoempleo.com\/hrtrends\/formacion-en-3d-100-motivacion-y-realismo\/\",\"name\":\"Formaci\u00f3n en 3D: 100% motivaci\u00f3n y realismo | HRTRENDS\",\"isPartOf\":{\"@id\":\"https:\/\/empresas.infoempleo.com\/hrtrends\/#website\"},\"primaryImageOfPage\":{\"@id\":\"https:\/\/empresas.infoempleo.com\/hrtrends\/formacion-en-3d-100-motivacion-y-realismo\/#primaryimage\"},\"image\":{\"@id\":\"https:\/\/empresas.infoempleo.com\/hrtrends\/formacion-en-3d-100-motivacion-y-realismo\/#primaryimage\"},\"thumbnailUrl\":\"https:\/\/empresas.infoempleo.com\/hrtrends\/media\/2017\/05\/pexels-photo-205508.jpg\",\"datePublished\":\"2011-01-24T10:26:31+00:00\",\"dateModified\":\"2018-05-23T15:32:39+00:00\",\"breadcrumb\":{\"@id\":\"https:\/\/empresas.infoempleo.com\/hrtrends\/formacion-en-3d-100-motivacion-y-realismo\/#breadcrumb\"},\"inLanguage\":\"es\",\"potentialAction\":[{\"@type\":\"ReadAction\",\"target\":[\"https:\/\/empresas.infoempleo.com\/hrtrends\/formacion-en-3d-100-motivacion-y-realismo\/\"]}]},{\"@type\":\"ImageObject\",\"inLanguage\":\"es\",\"@id\":\"https:\/\/empresas.infoempleo.com\/hrtrends\/formacion-en-3d-100-motivacion-y-realismo\/#primaryimage\",\"url\":\"https:\/\/empresas.infoempleo.com\/hrtrends\/media\/2017\/05\/pexels-photo-205508-150x150.jpg\",\"contentUrl\":\"https:\/\/empresas.infoempleo.com\/hrtrends\/media\/2017\/05\/pexels-photo-205508-150x150.jpg\",\"width\":150,\"height\":150},{\"@type\":\"BreadcrumbList\",\"@id\":\"https:\/\/empresas.infoempleo.com\/hrtrends\/formacion-en-3d-100-motivacion-y-realismo\/#breadcrumb\",\"itemListElement\":[{\"@type\":\"ListItem\",\"position\":1,\"name\":\"Portada\",\"item\":\"https:\/\/empresas.infoempleo.com\/hrtrends\/\"},{\"@type\":\"ListItem\",\"position\":2,\"name\":\"Formaci\u00f3n en 3D: 100% motivaci\u00f3n y realismo\"}]},{\"@type\":\"WebSite\",\"@id\":\"https:\/\/empresas.infoempleo.com\/hrtrends\/#website\",\"url\":\"https:\/\/empresas.infoempleo.com\/hrtrends\",\"name\":\"HRTrends by Infoempleo\",\"description\":\"\",\"publisher\":{\"@id\":\"https:\/\/empresas.infoempleo.com\/hrtrends\/#organization\"},\"potentialAction\":{\"@type\":\"SearchAction\",\"target\":\"https:\/\/empresas.infoempleo.com\/hrtrends\/?s={search_term_string}\",\"query-input\":\"required name=search_term_string\"},\"inLanguage\":\"es\"},{\"@type\":\"Organization\",\"@id\":\"https:\/\/empresas.infoempleo.com\/hrtrends\/#organization\",\"name\":\"Infoempleo\",\"url\":\"https:\/\/www.infoempleo.com\/\",\"logo\":{\"@type\":\"ImageObject\",\"@id\":\"https:\/\/empresas.infoempleo.com\/hrtrends\/#logo\",\"inLanguage\":\"es\",\"url\":\"https:\/\/cdnazure.infoempleo.com\/infoempleo\/assets\/style\/gfx\/logo.svg\",\"contentUrl\":\"https:\/\/cdnazure.infoempleo.com\/infoempleo\/assets\/style\/gfx\/logo.svg\",\"width\":150,\"height\":40,\"caption\":\"Infoempleo\"},\"image\":{\"@id\":\"https:\/\/empresas.infoempleo.com\/hrtrends\/#logo\"},\"sameAs\":[\"https:\/\/www.facebook.com\/Infoempleo\",\"https:\/\/x.com\/infoempleo\",\"http:\/\/instagram.com\/infoempleo\/\",\"http:\/\/www.linkedin.com\/groups\/Empleo-Espa\u00f1a-Infoempleocom-111276\",\"http:\/\/pinterest.com\/infoempleo\/\"],\"address\":{\"@type\":\"PostalAddress\",\"addressLocality\":\"Madrid\",\"postalCode\":\"28050\",\"streetAddress\":\"Avenida de Burgos 114\"},\"brand\":[\"Infoempleo\"]},{\"@type\":\"Person\",\"@id\":\"https:\/\/empresas.infoempleo.com\/hrtrends\/#\/schema\/person\/67d3e276ffcc8b3ae0ebec816daf775a\",\"name\":\"infoempleo\",\"image\":{\"@type\":\"ImageObject\",\"inLanguage\":\"es\",\"@id\":\"https:\/\/empresas.infoempleo.com\/hrtrends\/#\/schema\/person\/image\/\",\"url\":\"https:\/\/secure.gravatar.com\/avatar\/7b437777242fe67d2473c2a818da2344692d1ee91e91080ccffbd97bcd4a0975?s=96&d=mm&r=g\",\"contentUrl\":\"https:\/\/secure.gravatar.com\/avatar\/7b437777242fe67d2473c2a818da2344692d1ee91e91080ccffbd97bcd4a0975?s=96&d=mm&r=g\",\"caption\":\"infoempleo\"},\"url\":\"https:\/\/empresas.infoempleo.com\/hrtrends\/author\/infoempleo\/\"}]}<\/script>\n<!-- \/ Yoast SEO plugin. -->","yoast_head_json":{"title":"Formaci\u00f3n en 3D: 100% motivaci\u00f3n y realismo | HRTRENDS","robots":{"index":"index","follow":"follow","max-snippet":"max-snippet:-1","max-image-preview":"max-image-preview:large","max-video-preview":"max-video-preview:-1"},"canonical":"https:\/\/empresas.infoempleo.com\/hrtrends\/formacion-en-3d-100-motivacion-y-realismo\/","og_locale":"es_ES","og_type":"article","og_title":"Formaci\u00f3n en 3D: 100% motivaci\u00f3n y realismo | HRTRENDS","og_description":"Por Enrique Aliende, director general de IFO. Las Tecnolog\u00edas de la Informaci\u00f3n y la Comunicaci\u00f3n se han convertido Leer m\u00e1s","og_url":"https:\/\/empresas.infoempleo.com\/hrtrends\/formacion-en-3d-100-motivacion-y-realismo\/","og_site_name":"HRTRENDS","article_publisher":"https:\/\/www.facebook.com\/Infoempleo","article_published_time":"2011-01-24T10:26:31+00:00","article_modified_time":"2018-05-23T15:32:39+00:00","og_image":[{"width":1280,"height":960,"url":"https:\/\/empresas.infoempleo.com\/hrtrends\/media\/2017\/05\/pexels-photo-205508.jpg","type":"image\/jpeg"}],"author":"infoempleo","twitter_card":"summary_large_image","twitter_creator":"@infoempleo","twitter_site":"@infoempleo","twitter_misc":{"Escrito por":"infoempleo","Tiempo de lectura":"3 minutos"},"schema":{"@context":"https:\/\/schema.org","@graph":[{"@type":"NewsArticle","@id":"https:\/\/empresas.infoempleo.com\/hrtrends\/formacion-en-3d-100-motivacion-y-realismo\/#article","isPartOf":{"@id":"https:\/\/empresas.infoempleo.com\/hrtrends\/formacion-en-3d-100-motivacion-y-realismo\/"},"author":{"name":"infoempleo","@id":"https:\/\/empresas.infoempleo.com\/hrtrends\/#\/schema\/person\/67d3e276ffcc8b3ae0ebec816daf775a"},"headline":"Formaci\u00f3n en 3D: 100% motivaci\u00f3n y realismo","datePublished":"2011-01-24T10:26:31+00:00","dateModified":"2018-05-23T15:32:39+00:00","mainEntityOfPage":{"@id":"https:\/\/empresas.infoempleo.com\/hrtrends\/formacion-en-3d-100-motivacion-y-realismo\/"},"wordCount":540,"publisher":{"@id":"https:\/\/empresas.infoempleo.com\/hrtrends\/#organization"},"image":{"@id":"https:\/\/empresas.infoempleo.com\/hrtrends\/formacion-en-3d-100-motivacion-y-realismo\/#primaryimage"},"thumbnailUrl":"https:\/\/empresas.infoempleo.com\/hrtrends\/media\/2017\/05\/pexels-photo-205508.jpg","keywords":["IFO","nuevas tecnolog\u00edas","realidad virtual"],"articleSection":["Actualidad"],"inLanguage":"es","copyrightYear":"2011","copyrightHolder":{"@id":"https:\/\/empresas.infoempleo.com\/hrtrends\/#organization"}},{"@type":"WebPage","@id":"https:\/\/empresas.infoempleo.com\/hrtrends\/formacion-en-3d-100-motivacion-y-realismo\/","url":"https:\/\/empresas.infoempleo.com\/hrtrends\/formacion-en-3d-100-motivacion-y-realismo\/","name":"Formaci\u00f3n en 3D: 100% motivaci\u00f3n y realismo | HRTRENDS","isPartOf":{"@id":"https:\/\/empresas.infoempleo.com\/hrtrends\/#website"},"primaryImageOfPage":{"@id":"https:\/\/empresas.infoempleo.com\/hrtrends\/formacion-en-3d-100-motivacion-y-realismo\/#primaryimage"},"image":{"@id":"https:\/\/empresas.infoempleo.com\/hrtrends\/formacion-en-3d-100-motivacion-y-realismo\/#primaryimage"},"thumbnailUrl":"https:\/\/empresas.infoempleo.com\/hrtrends\/media\/2017\/05\/pexels-photo-205508.jpg","datePublished":"2011-01-24T10:26:31+00:00","dateModified":"2018-05-23T15:32:39+00:00","breadcrumb":{"@id":"https:\/\/empresas.infoempleo.com\/hrtrends\/formacion-en-3d-100-motivacion-y-realismo\/#breadcrumb"},"inLanguage":"es","potentialAction":[{"@type":"ReadAction","target":["https:\/\/empresas.infoempleo.com\/hrtrends\/formacion-en-3d-100-motivacion-y-realismo\/"]}]},{"@type":"ImageObject","inLanguage":"es","@id":"https:\/\/empresas.infoempleo.com\/hrtrends\/formacion-en-3d-100-motivacion-y-realismo\/#primaryimage","url":"https:\/\/empresas.infoempleo.com\/hrtrends\/media\/2017\/05\/pexels-photo-205508-150x150.jpg","contentUrl":"https:\/\/empresas.infoempleo.com\/hrtrends\/media\/2017\/05\/pexels-photo-205508-150x150.jpg","width":150,"height":150},{"@type":"BreadcrumbList","@id":"https:\/\/empresas.infoempleo.com\/hrtrends\/formacion-en-3d-100-motivacion-y-realismo\/#breadcrumb","itemListElement":[{"@type":"ListItem","position":1,"name":"Portada","item":"https:\/\/empresas.infoempleo.com\/hrtrends\/"},{"@type":"ListItem","position":2,"name":"Formaci\u00f3n en 3D: 100% motivaci\u00f3n y realismo"}]},{"@type":"WebSite","@id":"https:\/\/empresas.infoempleo.com\/hrtrends\/#website","url":"https:\/\/empresas.infoempleo.com\/hrtrends","name":"HRTrends by Infoempleo","description":"","publisher":{"@id":"https:\/\/empresas.infoempleo.com\/hrtrends\/#organization"},"potentialAction":{"@type":"SearchAction","target":"https:\/\/empresas.infoempleo.com\/hrtrends\/?s={search_term_string}","query-input":"required name=search_term_string"},"inLanguage":"es"},{"@type":"Organization","@id":"https:\/\/empresas.infoempleo.com\/hrtrends\/#organization","name":"Infoempleo","url":"https:\/\/www.infoempleo.com\/","logo":{"@type":"ImageObject","@id":"https:\/\/empresas.infoempleo.com\/hrtrends\/#logo","inLanguage":"es","url":"https:\/\/cdnazure.infoempleo.com\/infoempleo\/assets\/style\/gfx\/logo.svg","contentUrl":"https:\/\/cdnazure.infoempleo.com\/infoempleo\/assets\/style\/gfx\/logo.svg","width":150,"height":40,"caption":"Infoempleo"},"image":{"@id":"https:\/\/empresas.infoempleo.com\/hrtrends\/#logo"},"sameAs":["https:\/\/www.facebook.com\/Infoempleo","https:\/\/x.com\/infoempleo","http:\/\/instagram.com\/infoempleo\/","http:\/\/www.linkedin.com\/groups\/Empleo-Espa\u00f1a-Infoempleocom-111276","http:\/\/pinterest.com\/infoempleo\/"],"address":{"@type":"PostalAddress","addressLocality":"Madrid","postalCode":"28050","streetAddress":"Avenida de Burgos 114"},"brand":["Infoempleo"]},{"@type":"Person","@id":"https:\/\/empresas.infoempleo.com\/hrtrends\/#\/schema\/person\/67d3e276ffcc8b3ae0ebec816daf775a","name":"infoempleo","image":{"@type":"ImageObject","inLanguage":"es","@id":"https:\/\/empresas.infoempleo.com\/hrtrends\/#\/schema\/person\/image\/","url":"https:\/\/secure.gravatar.com\/avatar\/7b437777242fe67d2473c2a818da2344692d1ee91e91080ccffbd97bcd4a0975?s=96&d=mm&r=g","contentUrl":"https:\/\/secure.gravatar.com\/avatar\/7b437777242fe67d2473c2a818da2344692d1ee91e91080ccffbd97bcd4a0975?s=96&d=mm&r=g","caption":"infoempleo"},"url":"https:\/\/empresas.infoempleo.com\/hrtrends\/author\/infoempleo\/"}]}},"amp_enabled":true,"_links":{"self":[{"href":"https:\/\/empresas.infoempleo.com\/hrtrends\/wp-json\/wp\/v2\/posts\/11936","targetHints":{"allow":["GET"]}}],"collection":[{"href":"https:\/\/empresas.infoempleo.com\/hrtrends\/wp-json\/wp\/v2\/posts"}],"about":[{"href":"https:\/\/empresas.infoempleo.com\/hrtrends\/wp-json\/wp\/v2\/types\/post"}],"author":[{"embeddable":true,"href":"https:\/\/empresas.infoempleo.com\/hrtrends\/wp-json\/wp\/v2\/users\/72"}],"replies":[{"embeddable":true,"href":"https:\/\/empresas.infoempleo.com\/hrtrends\/wp-json\/wp\/v2\/comments?post=11936"}],"version-history":[{"count":0,"href":"https:\/\/empresas.infoempleo.com\/hrtrends\/wp-json\/wp\/v2\/posts\/11936\/revisions"}],"wp:featuredmedia":[{"embeddable":true,"href":"https:\/\/empresas.infoempleo.com\/hrtrends\/wp-json\/wp\/v2\/media\/29665"}],"wp:attachment":[{"href":"https:\/\/empresas.infoempleo.com\/hrtrends\/wp-json\/wp\/v2\/media?parent=11936"}],"wp:term":[{"taxonomy":"category","embeddable":true,"href":"https:\/\/empresas.infoempleo.com\/hrtrends\/wp-json\/wp\/v2\/categories?post=11936"},{"taxonomy":"post_tag","embeddable":true,"href":"https:\/\/empresas.infoempleo.com\/hrtrends\/wp-json\/wp\/v2\/tags?post=11936"}],"curies":[{"name":"wp","href":"https:\/\/api.w.org\/{rel}","templated":true}]}}