{"id":11888,"date":"2011-01-19T16:35:16","date_gmt":"2011-01-19T15:35:16","guid":{"rendered":"http:\/\/blog.infoempleo.com\/?p=11888"},"modified":"2024-08-29T17:42:18","modified_gmt":"2024-08-29T15:42:18","slug":"vendete-con-tu-propio-blog-los-inicios","status":"publish","type":"post","link":"https:\/\/empresas.infoempleo.com\/hrtrends\/vendete-con-tu-propio-blog-los-inicios\/","title":{"rendered":"V\u00e9ndete con tu propio blog: los inicios"},"content":{"rendered":"<p style=\"text-align: left\">Vamos a empezar por el principio.<\/p>\n<p>En un momento en el que <strong>el microblogging est\u00e1 de moda<\/strong>, quiz\u00e1 suene extra\u00f1o que te recomiende hacerte un blog, pero todo depende de tus circunstancias. Si est\u00e1s buscando empleo es una manera\u00a0muy efectiva de darte a conocer y de mostrar lo que puedes aportar.<\/p>\n<p>No se trata de crear un blog porque s\u00ed, por decir que tienes uno o por poder a\u00f1adir una url en tu perfil&#8230;, \u00a1que no es poco! <strong>Un blog requiere trabajo y dedicaci\u00f3n<\/strong>, as\u00ed que, antes de lanzarte a crear tu bit\u00e1cora analiza si tendr\u00e1s tiempo y, sobre todo, motivaci\u00f3n para mantenerlo.<\/p>\n<p>Una red como <a href=\"https:\/\/twitter.com\/\" target=\"_blank\" rel=\"noopener\">Twitter<\/a> te permite lanzar mensajes cortos sobre tus pensamientos, valores, conocimientos o inquietudes, pero al final <strong>es dif\u00edcil hacerse una idea completa de tu perfil profesional.<\/strong><\/p>\n<p>Lo mismo ocurre con el resto de redes sociales. En todas puedes y debes crearte un perfil con tu experiencia y tus conocimientos, pero en un blog podr\u00e1s contarle al mundo, y en concreto a los empleadores, <strong>qu\u00e9 trabajos has realizado, qu\u00e9 conocimientos has adquirido y qu\u00e9 puedes aportarles.<\/strong><\/p>\n<p style=\"text-align: center\"><a href=\"https:\/\/empresas.infoempleo.com\/hrtrends\/media\/2011\/01\/CreatuBlog1.jpg\"><img loading=\"lazy\" decoding=\"async\" class=\"size-full wp-image-11889 aligncenter\" src=\"https:\/\/empresas.infoempleo.com\/hrtrends\/media\/2011\/01\/CreatuBlog1.jpg\" alt=\"\" width=\"400\" height=\"266\" srcset=\"https:\/\/empresas.infoempleo.com\/hrtrends\/media\/2011\/01\/CreatuBlog1.jpg 400w, https:\/\/empresas.infoempleo.com\/hrtrends\/media\/2011\/01\/CreatuBlog1-300x200.jpg 300w\" sizes=\"auto, (max-width: 400px) 100vw, 400px\" \/><\/a><\/p>\n<h3>Y eso de crear un blog, \u00bfes dif\u00edcil?<\/h3>\n<p>No te preocupes por nada. Existen sitios web como <a href=\"https:\/\/wordpress.com\/\" target=\"_blank\" rel=\"noopener\">WordPress.com<\/a> o <a href=\"https:\/\/www.blogger.com\/about\/?bpli=1\" target=\"_blank\" rel=\"noopener\">Blogger.com<\/a> donde podr\u00e1s crearte tu propio blog de una manera gratuita, r\u00e1pida y sencilla.<\/p>\n<p>Una vez escogido el sitio, te registras, eliges el dise\u00f1o de tu plantilla, el nombre para tu blog y \u00a1listo! Ahora empieza lo divertido, <strong>\u00bfcon qu\u00e9 lo relleno?<\/strong> Lo primero de todo es que incluyas tu perfil: qui\u00e9n eres, qu\u00e9 has hecho en tu vida laboral, porqu\u00e9 has decidido hacer un blog, qu\u00e9 objetivos tienes&#8230;<\/p>\n<p><strong>Aviso:<\/strong> En todo momento estoy hablando de c\u00f3mo y por qu\u00e9 crear un blog para potenciar tu carrera profesional. Por supuesto, tambi\u00e9n puedes crearte un blog s\u00f3lo por ocio. Vamos, que te dediques a lo que te dediques profesionalmente, a lo mejor eres un apasionado de la fotograf\u00eda y quieres comentar tus ideas y trucos, mostrar tus fotos o entrar en contacto con otras personas que tengan el mismo hobbie.<\/p>\n<p>Siguiendo con nuestro <strong>blog profesional<\/strong>, una vez que has explicado qui\u00e9n eres y c\u00f3mo ponerse en contacto contigo, es el momento de empezar a colgar contenido profesional. Dependiendo de tu campo de actividad te ser\u00e1 m\u00e1s o menos sencillo. Por ejemplo, si eres dise\u00f1ador te ser\u00e1 m\u00e1s f\u00e1cil colgar fotos, v\u00eddeos y enlaces que muestren tu trabajo que si eres psic\u00f3logo, pero a trav\u00e9s de tus comentarios podr\u00e1s ir mostrando todo tu potencial.<\/p>\n<h3>Los detalles son importantes y pueden ser la clave del \u00e9xito<\/h3>\n<p>No olvides etiquetar tus contenidos. Las <strong>etiquetas o tags<\/strong> sirven para organizar y clasificar la informaci\u00f3n que circula por Internet, as\u00ed que es fundamental que asignes palabras clave a toda la informaci\u00f3n que subas para que pueda ser indexada y localizada. Tambi\u00e9n es interesante que crees una <strong>nube de tags<\/strong>. Esto de la nube no es m\u00e1s que tu conjunto de etiquetas m\u00e1s utilizadas ordenadas por tama\u00f1os de letra en funci\u00f3n de su uso dentro de la web.<\/p>\n<p>Da siempre la opci\u00f3n de <strong>compartir tus contenidos<\/strong>. Por medio de sencillos iconos de las principales redes, tus lectores podr\u00e1n compartir tus art\u00edculos con todos sus contactos gener\u00e1ndote nuevos seguidores. Nunca sabes d\u00f3nde puede estar la oportunidad de tu vida.<\/p>\n<p>Es importante que permitas siempre los <strong>comentarios de los seguidores<\/strong>, seguro que enriquecer\u00e1n tus contenidos y te dar\u00e1n ideas, soluciones y sugerencias.<\/p>\n<p>En un espacio fijo de tu web permite que tus lectores habituales te sigan en <strong>otras redes: Twitter, Facebook<\/strong>&#8230; y a\u00f1ade un Blogroll, es decir, un listado de los blogs o webs que sigues habitualmente.<\/p>\n<p>En pr\u00f3ximos post te dar\u00e9 sencillos consejos para posicionar mejor tu blog en los buscadores, pero, de momento, y ya con tu blog en marcha, es la hora de empezar a moverlo. <strong>A\u00f1ade tu nuevo sitio web en todos tus perfiles<\/strong> y cada vez que publiques algo nuevo av\u00edsalo en todas tus redes (esto se puede hacer de manera autom\u00e1tica, tambi\u00e9n te lo contar\u00e9 en sucesivos post).<\/p>\n<p>\u00a1An\u00edmate, ya ver\u00e1s como tienes mucho m\u00e1s que contar de lo que pensabas!<\/p>\n","protected":false},"excerpt":{"rendered":"<p>Vamos a empezar por el principio. En un momento en el que el microblogging est\u00e1 de moda, quiz\u00e1<a class=\"moretag\" href=\"https:\/\/empresas.infoempleo.com\/hrtrends\/vendete-con-tu-propio-blog-los-inicios\/\"> Leer m\u00e1s<\/a><\/p>\n","protected":false},"author":47,"featured_media":29665,"comment_status":"closed","ping_status":"open","sticky":false,"template":"","format":"standard","meta":{"footnotes":""},"categories":[3],"tags":[1667,210,891,26],"class_list":["post-11888","post","type-post","status-publish","format-standard","has-post-thumbnail","hentry","category-actualidad","tag-blog","tag-curriculum","tag-perfil","tag-redes-sociales"],"yoast_head":"<!-- This site is optimized with the Yoast SEO plugin v26.1.1 - https:\/\/yoast.com\/wordpress\/plugins\/seo\/ -->\n<title>V\u00e9ndete con tu propio blog: los inicios | HRTRENDS<\/title>\n<meta name=\"robots\" content=\"index, follow, max-snippet:-1, max-image-preview:large, max-video-preview:-1\" \/>\n<link rel=\"canonical\" href=\"https:\/\/empresas.infoempleo.com\/hrtrends\/vendete-con-tu-propio-blog-los-inicios\/\" \/>\n<meta property=\"og:locale\" content=\"es_ES\" \/>\n<meta property=\"og:type\" content=\"article\" \/>\n<meta property=\"og:title\" content=\"V\u00e9ndete con tu propio blog: los inicios | HRTRENDS\" \/>\n<meta property=\"og:description\" content=\"Vamos a empezar por el principio. En un momento en el que el microblogging est\u00e1 de moda, quiz\u00e1 Leer m\u00e1s\" \/>\n<meta property=\"og:url\" content=\"https:\/\/empresas.infoempleo.com\/hrtrends\/vendete-con-tu-propio-blog-los-inicios\/\" \/>\n<meta property=\"og:site_name\" content=\"HRTRENDS\" \/>\n<meta property=\"article:publisher\" content=\"https:\/\/www.facebook.com\/Infoempleo\" \/>\n<meta property=\"article:published_time\" content=\"2011-01-19T15:35:16+00:00\" \/>\n<meta property=\"article:modified_time\" content=\"2024-08-29T15:42:18+00:00\" \/>\n<meta property=\"og:image\" content=\"https:\/\/empresas.infoempleo.com\/hrtrends\/media\/2011\/01\/CreatuBlog1.jpg\" \/>\n<meta name=\"author\" content=\"Marta Toledano\" \/>\n<meta name=\"twitter:card\" content=\"summary_large_image\" \/>\n<meta name=\"twitter:creator\" content=\"@infoempleo\" \/>\n<meta name=\"twitter:site\" content=\"@infoempleo\" \/>\n<meta name=\"twitter:label1\" content=\"Escrito por\" \/>\n\t<meta name=\"twitter:data1\" content=\"Marta Toledano\" \/>\n\t<meta name=\"twitter:label2\" content=\"Tiempo de lectura\" \/>\n\t<meta name=\"twitter:data2\" content=\"4 minutos\" \/>\n<script type=\"application\/ld+json\" class=\"yoast-schema-graph\">{\"@context\":\"https:\/\/schema.org\",\"@graph\":[{\"@type\":\"NewsArticle\",\"@id\":\"https:\/\/empresas.infoempleo.com\/hrtrends\/vendete-con-tu-propio-blog-los-inicios\/#article\",\"isPartOf\":{\"@id\":\"https:\/\/empresas.infoempleo.com\/hrtrends\/vendete-con-tu-propio-blog-los-inicios\/\"},\"author\":{\"name\":\"Marta Toledano\",\"@id\":\"https:\/\/empresas.infoempleo.com\/hrtrends\/#\/schema\/person\/148d627e345a4676aeecce408bfd7761\"},\"headline\":\"V\u00e9ndete con tu propio blog: los inicios\",\"datePublished\":\"2011-01-19T15:35:16+00:00\",\"dateModified\":\"2024-08-29T15:42:18+00:00\",\"mainEntityOfPage\":{\"@id\":\"https:\/\/empresas.infoempleo.com\/hrtrends\/vendete-con-tu-propio-blog-los-inicios\/\"},\"wordCount\":740,\"publisher\":{\"@id\":\"https:\/\/empresas.infoempleo.com\/hrtrends\/#organization\"},\"image\":{\"@id\":\"https:\/\/empresas.infoempleo.com\/hrtrends\/vendete-con-tu-propio-blog-los-inicios\/#primaryimage\"},\"thumbnailUrl\":\"https:\/\/empresas.infoempleo.com\/hrtrends\/media\/2017\/05\/pexels-photo-205508.jpg\",\"keywords\":[\"blog\",\"curr\u00edculum\",\"perfil\",\"redes sociales\"],\"articleSection\":[\"Actualidad\"],\"inLanguage\":\"es\",\"copyrightYear\":\"2011\",\"copyrightHolder\":{\"@id\":\"https:\/\/empresas.infoempleo.com\/hrtrends\/#organization\"}},{\"@type\":\"WebPage\",\"@id\":\"https:\/\/empresas.infoempleo.com\/hrtrends\/vendete-con-tu-propio-blog-los-inicios\/\",\"url\":\"https:\/\/empresas.infoempleo.com\/hrtrends\/vendete-con-tu-propio-blog-los-inicios\/\",\"name\":\"V\u00e9ndete con tu propio blog: los inicios | HRTRENDS\",\"isPartOf\":{\"@id\":\"https:\/\/empresas.infoempleo.com\/hrtrends\/#website\"},\"primaryImageOfPage\":{\"@id\":\"https:\/\/empresas.infoempleo.com\/hrtrends\/vendete-con-tu-propio-blog-los-inicios\/#primaryimage\"},\"image\":{\"@id\":\"https:\/\/empresas.infoempleo.com\/hrtrends\/vendete-con-tu-propio-blog-los-inicios\/#primaryimage\"},\"thumbnailUrl\":\"https:\/\/empresas.infoempleo.com\/hrtrends\/media\/2017\/05\/pexels-photo-205508.jpg\",\"datePublished\":\"2011-01-19T15:35:16+00:00\",\"dateModified\":\"2024-08-29T15:42:18+00:00\",\"breadcrumb\":{\"@id\":\"https:\/\/empresas.infoempleo.com\/hrtrends\/vendete-con-tu-propio-blog-los-inicios\/#breadcrumb\"},\"inLanguage\":\"es\",\"potentialAction\":[{\"@type\":\"ReadAction\",\"target\":[\"https:\/\/empresas.infoempleo.com\/hrtrends\/vendete-con-tu-propio-blog-los-inicios\/\"]}]},{\"@type\":\"ImageObject\",\"inLanguage\":\"es\",\"@id\":\"https:\/\/empresas.infoempleo.com\/hrtrends\/vendete-con-tu-propio-blog-los-inicios\/#primaryimage\",\"url\":\"https:\/\/empresas.infoempleo.com\/hrtrends\/media\/2017\/05\/pexels-photo-205508-150x150.jpg\",\"contentUrl\":\"https:\/\/empresas.infoempleo.com\/hrtrends\/media\/2017\/05\/pexels-photo-205508-150x150.jpg\",\"width\":150,\"height\":150},{\"@type\":\"BreadcrumbList\",\"@id\":\"https:\/\/empresas.infoempleo.com\/hrtrends\/vendete-con-tu-propio-blog-los-inicios\/#breadcrumb\",\"itemListElement\":[{\"@type\":\"ListItem\",\"position\":1,\"name\":\"Portada\",\"item\":\"https:\/\/empresas.infoempleo.com\/hrtrends\/\"},{\"@type\":\"ListItem\",\"position\":2,\"name\":\"V\u00e9ndete con tu propio blog: los inicios\"}]},{\"@type\":\"WebSite\",\"@id\":\"https:\/\/empresas.infoempleo.com\/hrtrends\/#website\",\"url\":\"https:\/\/empresas.infoempleo.com\/hrtrends\",\"name\":\"HRTrends by Infoempleo\",\"description\":\"\",\"publisher\":{\"@id\":\"https:\/\/empresas.infoempleo.com\/hrtrends\/#organization\"},\"potentialAction\":{\"@type\":\"SearchAction\",\"target\":\"https:\/\/empresas.infoempleo.com\/hrtrends\/?s={search_term_string}\",\"query-input\":\"required name=search_term_string\"},\"inLanguage\":\"es\"},{\"@type\":\"Organization\",\"@id\":\"https:\/\/empresas.infoempleo.com\/hrtrends\/#organization\",\"name\":\"Infoempleo\",\"url\":\"https:\/\/www.infoempleo.com\/\",\"logo\":{\"@type\":\"ImageObject\",\"@id\":\"https:\/\/empresas.infoempleo.com\/hrtrends\/#logo\",\"inLanguage\":\"es\",\"url\":\"https:\/\/cdnazure.infoempleo.com\/infoempleo\/assets\/style\/gfx\/logo.svg\",\"contentUrl\":\"https:\/\/cdnazure.infoempleo.com\/infoempleo\/assets\/style\/gfx\/logo.svg\",\"width\":150,\"height\":40,\"caption\":\"Infoempleo\"},\"image\":{\"@id\":\"https:\/\/empresas.infoempleo.com\/hrtrends\/#logo\"},\"sameAs\":[\"https:\/\/www.facebook.com\/Infoempleo\",\"https:\/\/x.com\/infoempleo\",\"http:\/\/instagram.com\/infoempleo\/\",\"http:\/\/www.linkedin.com\/groups\/Empleo-Espa\u00f1a-Infoempleocom-111276\",\"http:\/\/pinterest.com\/infoempleo\/\"],\"address\":{\"@type\":\"PostalAddress\",\"addressLocality\":\"Madrid\",\"postalCode\":\"28050\",\"streetAddress\":\"Avenida de Burgos 114\"},\"brand\":[\"Infoempleo\"]},{\"@type\":\"Person\",\"@id\":\"https:\/\/empresas.infoempleo.com\/hrtrends\/#\/schema\/person\/148d627e345a4676aeecce408bfd7761\",\"name\":\"Marta Toledano\",\"image\":{\"@type\":\"ImageObject\",\"inLanguage\":\"es\",\"@id\":\"https:\/\/empresas.infoempleo.com\/hrtrends\/#\/schema\/person\/image\/\",\"url\":\"https:\/\/secure.gravatar.com\/avatar\/93363d5d792ee4fc55b75a71007430155fadc7be42b4e09eee0b8f4c536dc729?s=96&d=mm&r=g\",\"contentUrl\":\"https:\/\/secure.gravatar.com\/avatar\/93363d5d792ee4fc55b75a71007430155fadc7be42b4e09eee0b8f4c536dc729?s=96&d=mm&r=g\",\"caption\":\"Marta Toledano\"},\"url\":\"https:\/\/empresas.infoempleo.com\/hrtrends\/author\/marta-toledano\/\"}]}<\/script>\n<!-- \/ Yoast SEO plugin. -->","yoast_head_json":{"title":"V\u00e9ndete con tu propio blog: los inicios | HRTRENDS","robots":{"index":"index","follow":"follow","max-snippet":"max-snippet:-1","max-image-preview":"max-image-preview:large","max-video-preview":"max-video-preview:-1"},"canonical":"https:\/\/empresas.infoempleo.com\/hrtrends\/vendete-con-tu-propio-blog-los-inicios\/","og_locale":"es_ES","og_type":"article","og_title":"V\u00e9ndete con tu propio blog: los inicios | HRTRENDS","og_description":"Vamos a empezar por el principio. En un momento en el que el microblogging est\u00e1 de moda, quiz\u00e1 Leer m\u00e1s","og_url":"https:\/\/empresas.infoempleo.com\/hrtrends\/vendete-con-tu-propio-blog-los-inicios\/","og_site_name":"HRTRENDS","article_publisher":"https:\/\/www.facebook.com\/Infoempleo","article_published_time":"2011-01-19T15:35:16+00:00","article_modified_time":"2024-08-29T15:42:18+00:00","og_image":[{"url":"https:\/\/empresas.infoempleo.com\/hrtrends\/media\/2011\/01\/CreatuBlog1.jpg","type":"","width":"","height":""}],"author":"Marta Toledano","twitter_card":"summary_large_image","twitter_creator":"@infoempleo","twitter_site":"@infoempleo","twitter_misc":{"Escrito por":"Marta Toledano","Tiempo de lectura":"4 minutos"},"schema":{"@context":"https:\/\/schema.org","@graph":[{"@type":"NewsArticle","@id":"https:\/\/empresas.infoempleo.com\/hrtrends\/vendete-con-tu-propio-blog-los-inicios\/#article","isPartOf":{"@id":"https:\/\/empresas.infoempleo.com\/hrtrends\/vendete-con-tu-propio-blog-los-inicios\/"},"author":{"name":"Marta Toledano","@id":"https:\/\/empresas.infoempleo.com\/hrtrends\/#\/schema\/person\/148d627e345a4676aeecce408bfd7761"},"headline":"V\u00e9ndete con tu propio blog: los inicios","datePublished":"2011-01-19T15:35:16+00:00","dateModified":"2024-08-29T15:42:18+00:00","mainEntityOfPage":{"@id":"https:\/\/empresas.infoempleo.com\/hrtrends\/vendete-con-tu-propio-blog-los-inicios\/"},"wordCount":740,"publisher":{"@id":"https:\/\/empresas.infoempleo.com\/hrtrends\/#organization"},"image":{"@id":"https:\/\/empresas.infoempleo.com\/hrtrends\/vendete-con-tu-propio-blog-los-inicios\/#primaryimage"},"thumbnailUrl":"https:\/\/empresas.infoempleo.com\/hrtrends\/media\/2017\/05\/pexels-photo-205508.jpg","keywords":["blog","curr\u00edculum","perfil","redes sociales"],"articleSection":["Actualidad"],"inLanguage":"es","copyrightYear":"2011","copyrightHolder":{"@id":"https:\/\/empresas.infoempleo.com\/hrtrends\/#organization"}},{"@type":"WebPage","@id":"https:\/\/empresas.infoempleo.com\/hrtrends\/vendete-con-tu-propio-blog-los-inicios\/","url":"https:\/\/empresas.infoempleo.com\/hrtrends\/vendete-con-tu-propio-blog-los-inicios\/","name":"V\u00e9ndete con tu propio blog: los inicios | HRTRENDS","isPartOf":{"@id":"https:\/\/empresas.infoempleo.com\/hrtrends\/#website"},"primaryImageOfPage":{"@id":"https:\/\/empresas.infoempleo.com\/hrtrends\/vendete-con-tu-propio-blog-los-inicios\/#primaryimage"},"image":{"@id":"https:\/\/empresas.infoempleo.com\/hrtrends\/vendete-con-tu-propio-blog-los-inicios\/#primaryimage"},"thumbnailUrl":"https:\/\/empresas.infoempleo.com\/hrtrends\/media\/2017\/05\/pexels-photo-205508.jpg","datePublished":"2011-01-19T15:35:16+00:00","dateModified":"2024-08-29T15:42:18+00:00","breadcrumb":{"@id":"https:\/\/empresas.infoempleo.com\/hrtrends\/vendete-con-tu-propio-blog-los-inicios\/#breadcrumb"},"inLanguage":"es","potentialAction":[{"@type":"ReadAction","target":["https:\/\/empresas.infoempleo.com\/hrtrends\/vendete-con-tu-propio-blog-los-inicios\/"]}]},{"@type":"ImageObject","inLanguage":"es","@id":"https:\/\/empresas.infoempleo.com\/hrtrends\/vendete-con-tu-propio-blog-los-inicios\/#primaryimage","url":"https:\/\/empresas.infoempleo.com\/hrtrends\/media\/2017\/05\/pexels-photo-205508-150x150.jpg","contentUrl":"https:\/\/empresas.infoempleo.com\/hrtrends\/media\/2017\/05\/pexels-photo-205508-150x150.jpg","width":150,"height":150},{"@type":"BreadcrumbList","@id":"https:\/\/empresas.infoempleo.com\/hrtrends\/vendete-con-tu-propio-blog-los-inicios\/#breadcrumb","itemListElement":[{"@type":"ListItem","position":1,"name":"Portada","item":"https:\/\/empresas.infoempleo.com\/hrtrends\/"},{"@type":"ListItem","position":2,"name":"V\u00e9ndete con tu propio blog: los inicios"}]},{"@type":"WebSite","@id":"https:\/\/empresas.infoempleo.com\/hrtrends\/#website","url":"https:\/\/empresas.infoempleo.com\/hrtrends","name":"HRTrends by Infoempleo","description":"","publisher":{"@id":"https:\/\/empresas.infoempleo.com\/hrtrends\/#organization"},"potentialAction":{"@type":"SearchAction","target":"https:\/\/empresas.infoempleo.com\/hrtrends\/?s={search_term_string}","query-input":"required name=search_term_string"},"inLanguage":"es"},{"@type":"Organization","@id":"https:\/\/empresas.infoempleo.com\/hrtrends\/#organization","name":"Infoempleo","url":"https:\/\/www.infoempleo.com\/","logo":{"@type":"ImageObject","@id":"https:\/\/empresas.infoempleo.com\/hrtrends\/#logo","inLanguage":"es","url":"https:\/\/cdnazure.infoempleo.com\/infoempleo\/assets\/style\/gfx\/logo.svg","contentUrl":"https:\/\/cdnazure.infoempleo.com\/infoempleo\/assets\/style\/gfx\/logo.svg","width":150,"height":40,"caption":"Infoempleo"},"image":{"@id":"https:\/\/empresas.infoempleo.com\/hrtrends\/#logo"},"sameAs":["https:\/\/www.facebook.com\/Infoempleo","https:\/\/x.com\/infoempleo","http:\/\/instagram.com\/infoempleo\/","http:\/\/www.linkedin.com\/groups\/Empleo-Espa\u00f1a-Infoempleocom-111276","http:\/\/pinterest.com\/infoempleo\/"],"address":{"@type":"PostalAddress","addressLocality":"Madrid","postalCode":"28050","streetAddress":"Avenida de Burgos 114"},"brand":["Infoempleo"]},{"@type":"Person","@id":"https:\/\/empresas.infoempleo.com\/hrtrends\/#\/schema\/person\/148d627e345a4676aeecce408bfd7761","name":"Marta Toledano","image":{"@type":"ImageObject","inLanguage":"es","@id":"https:\/\/empresas.infoempleo.com\/hrtrends\/#\/schema\/person\/image\/","url":"https:\/\/secure.gravatar.com\/avatar\/93363d5d792ee4fc55b75a71007430155fadc7be42b4e09eee0b8f4c536dc729?s=96&d=mm&r=g","contentUrl":"https:\/\/secure.gravatar.com\/avatar\/93363d5d792ee4fc55b75a71007430155fadc7be42b4e09eee0b8f4c536dc729?s=96&d=mm&r=g","caption":"Marta Toledano"},"url":"https:\/\/empresas.infoempleo.com\/hrtrends\/author\/marta-toledano\/"}]}},"amp_enabled":true,"_links":{"self":[{"href":"https:\/\/empresas.infoempleo.com\/hrtrends\/wp-json\/wp\/v2\/posts\/11888","targetHints":{"allow":["GET"]}}],"collection":[{"href":"https:\/\/empresas.infoempleo.com\/hrtrends\/wp-json\/wp\/v2\/posts"}],"about":[{"href":"https:\/\/empresas.infoempleo.com\/hrtrends\/wp-json\/wp\/v2\/types\/post"}],"author":[{"embeddable":true,"href":"https:\/\/empresas.infoempleo.com\/hrtrends\/wp-json\/wp\/v2\/users\/47"}],"replies":[{"embeddable":true,"href":"https:\/\/empresas.infoempleo.com\/hrtrends\/wp-json\/wp\/v2\/comments?post=11888"}],"version-history":[{"count":1,"href":"https:\/\/empresas.infoempleo.com\/hrtrends\/wp-json\/wp\/v2\/posts\/11888\/revisions"}],"predecessor-version":[{"id":44906,"href":"https:\/\/empresas.infoempleo.com\/hrtrends\/wp-json\/wp\/v2\/posts\/11888\/revisions\/44906"}],"wp:featuredmedia":[{"embeddable":true,"href":"https:\/\/empresas.infoempleo.com\/hrtrends\/wp-json\/wp\/v2\/media\/29665"}],"wp:attachment":[{"href":"https:\/\/empresas.infoempleo.com\/hrtrends\/wp-json\/wp\/v2\/media?parent=11888"}],"wp:term":[{"taxonomy":"category","embeddable":true,"href":"https:\/\/empresas.infoempleo.com\/hrtrends\/wp-json\/wp\/v2\/categories?post=11888"},{"taxonomy":"post_tag","embeddable":true,"href":"https:\/\/empresas.infoempleo.com\/hrtrends\/wp-json\/wp\/v2\/tags?post=11888"}],"curies":[{"name":"wp","href":"https:\/\/api.w.org\/{rel}","templated":true}]}}