{"id":11812,"date":"2011-01-09T12:40:38","date_gmt":"2011-01-09T11:40:38","guid":{"rendered":"http:\/\/blog.infoempleo.com\/?p=11812"},"modified":"2018-05-23T17:33:30","modified_gmt":"2018-05-23T15:33:30","slug":"wikileaks-platon-y-las-malditas-categorias","status":"publish","type":"post","link":"https:\/\/empresas.infoempleo.com\/hrtrends\/wikileaks-platon-y-las-malditas-categorias\/","title":{"rendered":"Wikileaks, Plat\u00f3n y las malditas categor\u00edas"},"content":{"rendered":"<h3><a href=\"https:\/\/empresas.infoempleo.com\/hrtrends\/media\/2011\/01\/PedroGioya1.jpg\"><img loading=\"lazy\" decoding=\"async\" class=\"alignnone size-full wp-image-11815\" src=\"https:\/\/empresas.infoempleo.com\/hrtrends\/media\/2011\/01\/PedroGioya1.jpg\" alt=\"\" width=\"92\" height=\"88\" \/><\/a>\u00a0\u00a0\u00a0 <a href=\"https:\/\/empresas.infoempleo.com\/hrtrends\/media\/2011\/01\/JoseLCalvo1.jpg\"><img loading=\"lazy\" decoding=\"async\" class=\"alignnone size-full wp-image-11816\" src=\"https:\/\/empresas.infoempleo.com\/hrtrends\/media\/2011\/01\/JoseLCalvo1.jpg\" alt=\"\" width=\"80\" height=\"78\" \/><\/a><\/h3>\n<h3>Pedro Gioya y Jos\u00e9 L. Calvo, socios del Instituto del Liderazgo.<\/h3>\n<p>El acoso y derribo de Wikileaks demuestra que el entorno pol\u00edtico no quiere, ni puede, entender ni adaptarse a las nuevas vivencias. El mundo ha cambiado, por lo que debemos definir nuevas categor\u00edas para entender mejor lo que acontece. Culpamos a Plat\u00f3n de crear categor\u00edas cerradas, que han funcionado bien hasta ahora, pero que no encajan con nuestra incierta y aleatoria realidad actual que deja poco espacio a las certezas y a la predicci\u00f3n.<\/p>\n<p>Nuestro entorno ya no es local ni estatal, aunque las instituciones est\u00e9n pensadas para este marco. La realidad, la tecnolog\u00eda y la conciencia han sobrepasado las limitaciones geogr\u00e1ficas y ha dejado obsoleto a Plat\u00f3n y a sus categor\u00edas universales.<\/p>\n<p>La reacci\u00f3n de los estados y gobiernos al caso Wikileaks es la de defenderse y atacar, detener y censurar. Hablan de controlar Wikileaks y a todos sus clones. J. Jarvis comenta en su libro una an\u00e9cdota de Zuckerberg, fundador de Facebook. En el World Economic Forum de Davos, un director de una gran empresa de comunicaci\u00f3n le pidi\u00f3 su secreto para haberse convertido en un referente mundial. La respuesta fue: \u00abNo pod\u00e9is hacer nada. No se pueden controlar las comunidades, no se pueden dirigir. Esto ya lo hacen las personas que\u00a0las componen, solo se pueden organizar\u00bb. \u00c9ste es el secreto de Google, Facebook, Craiglist, Flickr&#8230;<\/p>\n<p>Estamos ante un nuevo escenario; el poder ha cambiado de manos. La antigua diplomacia \u2013secretista, elitista\u2013 ha muerto y el dominio de partidos pol\u00edticos ideologizados, tambi\u00e9n. Los ciudadanos han cambiado su relaci\u00f3n entre ellos; ahora existe un canal que los enlaza y vincula, que les permite movilizarse por una causa concreta al margen de sus ideas pol\u00edticas y, tras esa queja, disolverse y volver a sus actividades. Las personas queremos transparencia, una nueva \u00e9tica de apertura, de conversaciones con los electores, de saber qu\u00e9 es lo que ocurre y de ser tenidos en cuenta.<\/p>\n<p>Aunque los gobiernos no lo quieran, ya ha pasado el tiempo de no contar con los ciudadanos para la gesti\u00f3n p\u00fablica. Recordemos que en este escenario, a mayor control, menor confianza. Es un momento cr\u00edtico en el contexto pol\u00edtico\u00a0que ya se ha vivido en otros contextos, en el empresarial. Aquellos que no se han empe\u00f1ado en controlar lo que ven\u00eda para mantener su estatus y sus beneficios han conseguido tomar decisiones m\u00e1s certeras que les han proporcionado una enorme ventaja competitiva. Es el nuevo liderazgo, de comprometer a \u00abmultitudes inteligentes\u00bb (H. Rheingold), no a seres pasivos que aceptan cualquier explicaci\u00f3n. O nos damos cuenta, evolucionamos y nos organizamos o veremos muchos m\u00e1s casos Wikileaks.<\/p>\n","protected":false},"excerpt":{"rendered":"<p>Pedro Gioya y Jos\u00e9 L. Calvo, socios del Instituto del Liderazgo.<br \/>\nEl acoso y derribo de Wikileaks demuestra que el entorno pol\u00edtico no quiere, ni puede, entender ni adaptarse a las nuevas vivencias. El mundo ha cambiado, por lo que debemos definir nuevas categor\u00edas para entender mejor lo que acontece.<\/p>\n","protected":false},"author":72,"featured_media":29665,"comment_status":"closed","ping_status":"open","sticky":false,"template":"","format":"standard","meta":{"footnotes":""},"categories":[3],"tags":[1718,365,2292],"class_list":["post-11812","post","type-post","status-publish","format-standard","has-post-thumbnail","hentry","category-actualidad","tag-categorias","tag-opinion","tag-wikileaks"],"yoast_head":"<!-- This site is optimized with the Yoast SEO plugin v26.1.1 - https:\/\/yoast.com\/wordpress\/plugins\/seo\/ -->\n<title>Wikileaks, Plat\u00f3n y las malditas categor\u00edas | HRTRENDS<\/title>\n<meta name=\"robots\" content=\"index, follow, max-snippet:-1, max-image-preview:large, max-video-preview:-1\" \/>\n<link rel=\"canonical\" href=\"https:\/\/empresas.infoempleo.com\/hrtrends\/wikileaks-platon-y-las-malditas-categorias\/\" \/>\n<meta property=\"og:locale\" content=\"es_ES\" \/>\n<meta property=\"og:type\" content=\"article\" \/>\n<meta property=\"og:title\" content=\"Wikileaks, Plat\u00f3n y las malditas categor\u00edas | HRTRENDS\" \/>\n<meta property=\"og:description\" content=\"Pedro Gioya y Jos\u00e9 L. Calvo, socios del Instituto del Liderazgo. El acoso y derribo de Wikileaks demuestra que el entorno pol\u00edtico no quiere, ni puede, entender ni adaptarse a las nuevas vivencias. El mundo ha cambiado, por lo que debemos definir nuevas categor\u00edas para entender mejor lo que acontece.\" \/>\n<meta property=\"og:url\" content=\"https:\/\/empresas.infoempleo.com\/hrtrends\/wikileaks-platon-y-las-malditas-categorias\/\" \/>\n<meta property=\"og:site_name\" content=\"HRTRENDS\" \/>\n<meta property=\"article:publisher\" content=\"https:\/\/www.facebook.com\/Infoempleo\" \/>\n<meta property=\"article:published_time\" content=\"2011-01-09T11:40:38+00:00\" \/>\n<meta property=\"article:modified_time\" content=\"2018-05-23T15:33:30+00:00\" \/>\n<meta property=\"og:image\" content=\"https:\/\/empresas.infoempleo.com\/hrtrends\/media\/2017\/05\/pexels-photo-205508.jpg\" \/>\n\t<meta property=\"og:image:width\" content=\"1280\" \/>\n\t<meta property=\"og:image:height\" content=\"960\" \/>\n\t<meta property=\"og:image:type\" content=\"image\/jpeg\" \/>\n<meta name=\"author\" content=\"infoempleo\" \/>\n<meta name=\"twitter:card\" content=\"summary_large_image\" \/>\n<meta name=\"twitter:creator\" content=\"@infoempleo\" \/>\n<meta name=\"twitter:site\" content=\"@infoempleo\" \/>\n<meta name=\"twitter:label1\" content=\"Escrito por\" \/>\n\t<meta name=\"twitter:data1\" content=\"infoempleo\" \/>\n\t<meta name=\"twitter:label2\" content=\"Tiempo de lectura\" \/>\n\t<meta name=\"twitter:data2\" content=\"2 minutos\" \/>\n<script type=\"application\/ld+json\" class=\"yoast-schema-graph\">{\"@context\":\"https:\/\/schema.org\",\"@graph\":[{\"@type\":\"NewsArticle\",\"@id\":\"https:\/\/empresas.infoempleo.com\/hrtrends\/wikileaks-platon-y-las-malditas-categorias\/#article\",\"isPartOf\":{\"@id\":\"https:\/\/empresas.infoempleo.com\/hrtrends\/wikileaks-platon-y-las-malditas-categorias\/\"},\"author\":{\"name\":\"infoempleo\",\"@id\":\"https:\/\/empresas.infoempleo.com\/hrtrends\/#\/schema\/person\/67d3e276ffcc8b3ae0ebec816daf775a\"},\"headline\":\"Wikileaks, Plat\u00f3n y las malditas categor\u00edas\",\"datePublished\":\"2011-01-09T11:40:38+00:00\",\"dateModified\":\"2018-05-23T15:33:30+00:00\",\"mainEntityOfPage\":{\"@id\":\"https:\/\/empresas.infoempleo.com\/hrtrends\/wikileaks-platon-y-las-malditas-categorias\/\"},\"wordCount\":474,\"publisher\":{\"@id\":\"https:\/\/empresas.infoempleo.com\/hrtrends\/#organization\"},\"image\":{\"@id\":\"https:\/\/empresas.infoempleo.com\/hrtrends\/wikileaks-platon-y-las-malditas-categorias\/#primaryimage\"},\"thumbnailUrl\":\"https:\/\/empresas.infoempleo.com\/hrtrends\/media\/2017\/05\/pexels-photo-205508.jpg\",\"keywords\":[\"Categor\u00edas\",\"Opini\u00f3n\",\"wikileaks\"],\"articleSection\":[\"Actualidad\"],\"inLanguage\":\"es\",\"copyrightYear\":\"2011\",\"copyrightHolder\":{\"@id\":\"https:\/\/empresas.infoempleo.com\/hrtrends\/#organization\"}},{\"@type\":\"WebPage\",\"@id\":\"https:\/\/empresas.infoempleo.com\/hrtrends\/wikileaks-platon-y-las-malditas-categorias\/\",\"url\":\"https:\/\/empresas.infoempleo.com\/hrtrends\/wikileaks-platon-y-las-malditas-categorias\/\",\"name\":\"Wikileaks, Plat\u00f3n y las malditas categor\u00edas | HRTRENDS\",\"isPartOf\":{\"@id\":\"https:\/\/empresas.infoempleo.com\/hrtrends\/#website\"},\"primaryImageOfPage\":{\"@id\":\"https:\/\/empresas.infoempleo.com\/hrtrends\/wikileaks-platon-y-las-malditas-categorias\/#primaryimage\"},\"image\":{\"@id\":\"https:\/\/empresas.infoempleo.com\/hrtrends\/wikileaks-platon-y-las-malditas-categorias\/#primaryimage\"},\"thumbnailUrl\":\"https:\/\/empresas.infoempleo.com\/hrtrends\/media\/2017\/05\/pexels-photo-205508.jpg\",\"datePublished\":\"2011-01-09T11:40:38+00:00\",\"dateModified\":\"2018-05-23T15:33:30+00:00\",\"breadcrumb\":{\"@id\":\"https:\/\/empresas.infoempleo.com\/hrtrends\/wikileaks-platon-y-las-malditas-categorias\/#breadcrumb\"},\"inLanguage\":\"es\",\"potentialAction\":[{\"@type\":\"ReadAction\",\"target\":[\"https:\/\/empresas.infoempleo.com\/hrtrends\/wikileaks-platon-y-las-malditas-categorias\/\"]}]},{\"@type\":\"ImageObject\",\"inLanguage\":\"es\",\"@id\":\"https:\/\/empresas.infoempleo.com\/hrtrends\/wikileaks-platon-y-las-malditas-categorias\/#primaryimage\",\"url\":\"https:\/\/empresas.infoempleo.com\/hrtrends\/media\/2017\/05\/pexels-photo-205508-150x150.jpg\",\"contentUrl\":\"https:\/\/empresas.infoempleo.com\/hrtrends\/media\/2017\/05\/pexels-photo-205508-150x150.jpg\",\"width\":150,\"height\":150},{\"@type\":\"BreadcrumbList\",\"@id\":\"https:\/\/empresas.infoempleo.com\/hrtrends\/wikileaks-platon-y-las-malditas-categorias\/#breadcrumb\",\"itemListElement\":[{\"@type\":\"ListItem\",\"position\":1,\"name\":\"Portada\",\"item\":\"https:\/\/empresas.infoempleo.com\/hrtrends\/\"},{\"@type\":\"ListItem\",\"position\":2,\"name\":\"Wikileaks, Plat\u00f3n y las malditas categor\u00edas\"}]},{\"@type\":\"WebSite\",\"@id\":\"https:\/\/empresas.infoempleo.com\/hrtrends\/#website\",\"url\":\"https:\/\/empresas.infoempleo.com\/hrtrends\",\"name\":\"HRTrends by Infoempleo\",\"description\":\"\",\"publisher\":{\"@id\":\"https:\/\/empresas.infoempleo.com\/hrtrends\/#organization\"},\"potentialAction\":{\"@type\":\"SearchAction\",\"target\":\"https:\/\/empresas.infoempleo.com\/hrtrends\/?s={search_term_string}\",\"query-input\":\"required name=search_term_string\"},\"inLanguage\":\"es\"},{\"@type\":\"Organization\",\"@id\":\"https:\/\/empresas.infoempleo.com\/hrtrends\/#organization\",\"name\":\"Infoempleo\",\"url\":\"https:\/\/www.infoempleo.com\/\",\"logo\":{\"@type\":\"ImageObject\",\"@id\":\"https:\/\/empresas.infoempleo.com\/hrtrends\/#logo\",\"inLanguage\":\"es\",\"url\":\"https:\/\/cdnazure.infoempleo.com\/infoempleo\/assets\/style\/gfx\/logo.svg\",\"contentUrl\":\"https:\/\/cdnazure.infoempleo.com\/infoempleo\/assets\/style\/gfx\/logo.svg\",\"width\":150,\"height\":40,\"caption\":\"Infoempleo\"},\"image\":{\"@id\":\"https:\/\/empresas.infoempleo.com\/hrtrends\/#logo\"},\"sameAs\":[\"https:\/\/www.facebook.com\/Infoempleo\",\"https:\/\/x.com\/infoempleo\",\"http:\/\/instagram.com\/infoempleo\/\",\"http:\/\/www.linkedin.com\/groups\/Empleo-Espa\u00f1a-Infoempleocom-111276\",\"http:\/\/pinterest.com\/infoempleo\/\"],\"address\":{\"@type\":\"PostalAddress\",\"addressLocality\":\"Madrid\",\"postalCode\":\"28050\",\"streetAddress\":\"Avenida de Burgos 114\"},\"brand\":[\"Infoempleo\"]},{\"@type\":\"Person\",\"@id\":\"https:\/\/empresas.infoempleo.com\/hrtrends\/#\/schema\/person\/67d3e276ffcc8b3ae0ebec816daf775a\",\"name\":\"infoempleo\",\"image\":{\"@type\":\"ImageObject\",\"inLanguage\":\"es\",\"@id\":\"https:\/\/empresas.infoempleo.com\/hrtrends\/#\/schema\/person\/image\/\",\"url\":\"https:\/\/secure.gravatar.com\/avatar\/7b437777242fe67d2473c2a818da2344692d1ee91e91080ccffbd97bcd4a0975?s=96&d=mm&r=g\",\"contentUrl\":\"https:\/\/secure.gravatar.com\/avatar\/7b437777242fe67d2473c2a818da2344692d1ee91e91080ccffbd97bcd4a0975?s=96&d=mm&r=g\",\"caption\":\"infoempleo\"},\"url\":\"https:\/\/empresas.infoempleo.com\/hrtrends\/author\/infoempleo\/\"}]}<\/script>\n<!-- \/ Yoast SEO plugin. -->","yoast_head_json":{"title":"Wikileaks, Plat\u00f3n y las malditas categor\u00edas | HRTRENDS","robots":{"index":"index","follow":"follow","max-snippet":"max-snippet:-1","max-image-preview":"max-image-preview:large","max-video-preview":"max-video-preview:-1"},"canonical":"https:\/\/empresas.infoempleo.com\/hrtrends\/wikileaks-platon-y-las-malditas-categorias\/","og_locale":"es_ES","og_type":"article","og_title":"Wikileaks, Plat\u00f3n y las malditas categor\u00edas | HRTRENDS","og_description":"Pedro Gioya y Jos\u00e9 L. Calvo, socios del Instituto del Liderazgo. El acoso y derribo de Wikileaks demuestra que el entorno pol\u00edtico no quiere, ni puede, entender ni adaptarse a las nuevas vivencias. El mundo ha cambiado, por lo que debemos definir nuevas categor\u00edas para entender mejor lo que acontece.","og_url":"https:\/\/empresas.infoempleo.com\/hrtrends\/wikileaks-platon-y-las-malditas-categorias\/","og_site_name":"HRTRENDS","article_publisher":"https:\/\/www.facebook.com\/Infoempleo","article_published_time":"2011-01-09T11:40:38+00:00","article_modified_time":"2018-05-23T15:33:30+00:00","og_image":[{"width":1280,"height":960,"url":"https:\/\/empresas.infoempleo.com\/hrtrends\/media\/2017\/05\/pexels-photo-205508.jpg","type":"image\/jpeg"}],"author":"infoempleo","twitter_card":"summary_large_image","twitter_creator":"@infoempleo","twitter_site":"@infoempleo","twitter_misc":{"Escrito por":"infoempleo","Tiempo de lectura":"2 minutos"},"schema":{"@context":"https:\/\/schema.org","@graph":[{"@type":"NewsArticle","@id":"https:\/\/empresas.infoempleo.com\/hrtrends\/wikileaks-platon-y-las-malditas-categorias\/#article","isPartOf":{"@id":"https:\/\/empresas.infoempleo.com\/hrtrends\/wikileaks-platon-y-las-malditas-categorias\/"},"author":{"name":"infoempleo","@id":"https:\/\/empresas.infoempleo.com\/hrtrends\/#\/schema\/person\/67d3e276ffcc8b3ae0ebec816daf775a"},"headline":"Wikileaks, Plat\u00f3n y las malditas categor\u00edas","datePublished":"2011-01-09T11:40:38+00:00","dateModified":"2018-05-23T15:33:30+00:00","mainEntityOfPage":{"@id":"https:\/\/empresas.infoempleo.com\/hrtrends\/wikileaks-platon-y-las-malditas-categorias\/"},"wordCount":474,"publisher":{"@id":"https:\/\/empresas.infoempleo.com\/hrtrends\/#organization"},"image":{"@id":"https:\/\/empresas.infoempleo.com\/hrtrends\/wikileaks-platon-y-las-malditas-categorias\/#primaryimage"},"thumbnailUrl":"https:\/\/empresas.infoempleo.com\/hrtrends\/media\/2017\/05\/pexels-photo-205508.jpg","keywords":["Categor\u00edas","Opini\u00f3n","wikileaks"],"articleSection":["Actualidad"],"inLanguage":"es","copyrightYear":"2011","copyrightHolder":{"@id":"https:\/\/empresas.infoempleo.com\/hrtrends\/#organization"}},{"@type":"WebPage","@id":"https:\/\/empresas.infoempleo.com\/hrtrends\/wikileaks-platon-y-las-malditas-categorias\/","url":"https:\/\/empresas.infoempleo.com\/hrtrends\/wikileaks-platon-y-las-malditas-categorias\/","name":"Wikileaks, Plat\u00f3n y las malditas categor\u00edas | HRTRENDS","isPartOf":{"@id":"https:\/\/empresas.infoempleo.com\/hrtrends\/#website"},"primaryImageOfPage":{"@id":"https:\/\/empresas.infoempleo.com\/hrtrends\/wikileaks-platon-y-las-malditas-categorias\/#primaryimage"},"image":{"@id":"https:\/\/empresas.infoempleo.com\/hrtrends\/wikileaks-platon-y-las-malditas-categorias\/#primaryimage"},"thumbnailUrl":"https:\/\/empresas.infoempleo.com\/hrtrends\/media\/2017\/05\/pexels-photo-205508.jpg","datePublished":"2011-01-09T11:40:38+00:00","dateModified":"2018-05-23T15:33:30+00:00","breadcrumb":{"@id":"https:\/\/empresas.infoempleo.com\/hrtrends\/wikileaks-platon-y-las-malditas-categorias\/#breadcrumb"},"inLanguage":"es","potentialAction":[{"@type":"ReadAction","target":["https:\/\/empresas.infoempleo.com\/hrtrends\/wikileaks-platon-y-las-malditas-categorias\/"]}]},{"@type":"ImageObject","inLanguage":"es","@id":"https:\/\/empresas.infoempleo.com\/hrtrends\/wikileaks-platon-y-las-malditas-categorias\/#primaryimage","url":"https:\/\/empresas.infoempleo.com\/hrtrends\/media\/2017\/05\/pexels-photo-205508-150x150.jpg","contentUrl":"https:\/\/empresas.infoempleo.com\/hrtrends\/media\/2017\/05\/pexels-photo-205508-150x150.jpg","width":150,"height":150},{"@type":"BreadcrumbList","@id":"https:\/\/empresas.infoempleo.com\/hrtrends\/wikileaks-platon-y-las-malditas-categorias\/#breadcrumb","itemListElement":[{"@type":"ListItem","position":1,"name":"Portada","item":"https:\/\/empresas.infoempleo.com\/hrtrends\/"},{"@type":"ListItem","position":2,"name":"Wikileaks, Plat\u00f3n y las malditas categor\u00edas"}]},{"@type":"WebSite","@id":"https:\/\/empresas.infoempleo.com\/hrtrends\/#website","url":"https:\/\/empresas.infoempleo.com\/hrtrends","name":"HRTrends by Infoempleo","description":"","publisher":{"@id":"https:\/\/empresas.infoempleo.com\/hrtrends\/#organization"},"potentialAction":{"@type":"SearchAction","target":"https:\/\/empresas.infoempleo.com\/hrtrends\/?s={search_term_string}","query-input":"required name=search_term_string"},"inLanguage":"es"},{"@type":"Organization","@id":"https:\/\/empresas.infoempleo.com\/hrtrends\/#organization","name":"Infoempleo","url":"https:\/\/www.infoempleo.com\/","logo":{"@type":"ImageObject","@id":"https:\/\/empresas.infoempleo.com\/hrtrends\/#logo","inLanguage":"es","url":"https:\/\/cdnazure.infoempleo.com\/infoempleo\/assets\/style\/gfx\/logo.svg","contentUrl":"https:\/\/cdnazure.infoempleo.com\/infoempleo\/assets\/style\/gfx\/logo.svg","width":150,"height":40,"caption":"Infoempleo"},"image":{"@id":"https:\/\/empresas.infoempleo.com\/hrtrends\/#logo"},"sameAs":["https:\/\/www.facebook.com\/Infoempleo","https:\/\/x.com\/infoempleo","http:\/\/instagram.com\/infoempleo\/","http:\/\/www.linkedin.com\/groups\/Empleo-Espa\u00f1a-Infoempleocom-111276","http:\/\/pinterest.com\/infoempleo\/"],"address":{"@type":"PostalAddress","addressLocality":"Madrid","postalCode":"28050","streetAddress":"Avenida de Burgos 114"},"brand":["Infoempleo"]},{"@type":"Person","@id":"https:\/\/empresas.infoempleo.com\/hrtrends\/#\/schema\/person\/67d3e276ffcc8b3ae0ebec816daf775a","name":"infoempleo","image":{"@type":"ImageObject","inLanguage":"es","@id":"https:\/\/empresas.infoempleo.com\/hrtrends\/#\/schema\/person\/image\/","url":"https:\/\/secure.gravatar.com\/avatar\/7b437777242fe67d2473c2a818da2344692d1ee91e91080ccffbd97bcd4a0975?s=96&d=mm&r=g","contentUrl":"https:\/\/secure.gravatar.com\/avatar\/7b437777242fe67d2473c2a818da2344692d1ee91e91080ccffbd97bcd4a0975?s=96&d=mm&r=g","caption":"infoempleo"},"url":"https:\/\/empresas.infoempleo.com\/hrtrends\/author\/infoempleo\/"}]}},"amp_enabled":true,"_links":{"self":[{"href":"https:\/\/empresas.infoempleo.com\/hrtrends\/wp-json\/wp\/v2\/posts\/11812","targetHints":{"allow":["GET"]}}],"collection":[{"href":"https:\/\/empresas.infoempleo.com\/hrtrends\/wp-json\/wp\/v2\/posts"}],"about":[{"href":"https:\/\/empresas.infoempleo.com\/hrtrends\/wp-json\/wp\/v2\/types\/post"}],"author":[{"embeddable":true,"href":"https:\/\/empresas.infoempleo.com\/hrtrends\/wp-json\/wp\/v2\/users\/72"}],"replies":[{"embeddable":true,"href":"https:\/\/empresas.infoempleo.com\/hrtrends\/wp-json\/wp\/v2\/comments?post=11812"}],"version-history":[{"count":0,"href":"https:\/\/empresas.infoempleo.com\/hrtrends\/wp-json\/wp\/v2\/posts\/11812\/revisions"}],"wp:featuredmedia":[{"embeddable":true,"href":"https:\/\/empresas.infoempleo.com\/hrtrends\/wp-json\/wp\/v2\/media\/29665"}],"wp:attachment":[{"href":"https:\/\/empresas.infoempleo.com\/hrtrends\/wp-json\/wp\/v2\/media?parent=11812"}],"wp:term":[{"taxonomy":"category","embeddable":true,"href":"https:\/\/empresas.infoempleo.com\/hrtrends\/wp-json\/wp\/v2\/categories?post=11812"},{"taxonomy":"post_tag","embeddable":true,"href":"https:\/\/empresas.infoempleo.com\/hrtrends\/wp-json\/wp\/v2\/tags?post=11812"}],"curies":[{"name":"wp","href":"https:\/\/api.w.org\/{rel}","templated":true}]}}