{"id":11639,"date":"2010-12-13T12:50:24","date_gmt":"2010-12-13T11:50:24","guid":{"rendered":"http:\/\/blog.infoempleo.com\/?p=11639"},"modified":"2018-05-23T17:33:30","modified_gmt":"2018-05-23T15:33:30","slug":"repatriados-como-gestionar-bien-el-regreso","status":"publish","type":"post","link":"https:\/\/empresas.infoempleo.com\/hrtrends\/repatriados-como-gestionar-bien-el-regreso\/","title":{"rendered":"Repatriados: c\u00f3mo gestionar bien el regreso"},"content":{"rendered":"<p><a href=\"https:\/\/empresas.infoempleo.com\/hrtrends\/media\/2010\/12\/Expatriados1.jpg\"><img loading=\"lazy\" decoding=\"async\" class=\"alignnone size-full wp-image-11640\" src=\"https:\/\/empresas.infoempleo.com\/hrtrends\/media\/2010\/12\/Expatriados1.jpg\" alt=\"\" width=\"269\" height=\"374\" srcset=\"https:\/\/empresas.infoempleo.com\/hrtrends\/media\/2010\/12\/Expatriados1.jpg 737w, https:\/\/empresas.infoempleo.com\/hrtrends\/media\/2010\/12\/Expatriados1-216x300.jpg 216w\" sizes=\"auto, (max-width: 269px) 100vw, 269px\" \/><\/a><\/p>\n<p>La mayor\u00eda de las empresas sigue expatriando a sus trabajadores\u00a0a pesar de la crisis mundial. As\u00ed se desprende del <strong>\u00abEstudio de Asignaciones\u00a0 Internacionales 2010\u00bb<\/strong> realizado por <a href=\"https:\/\/www.mercer.es\/\" target=\"_blank\">Mercer<\/a>, que recoge datos de m\u00e1s de 220 multinacionales de todos los sectores.<\/p>\n<p><strong>Aunque la principal raz\u00f3n para desplazar empleados todav\u00eda sigue siendo la expansi\u00f3n del negocio, empiezan a cobrar importancia otros factores.<\/strong> \u00abEntre ellos, las labores de gesti\u00f3n, las de liderazgo, para transmitir el\u00a0 conocimiento, y por necesidades t\u00e9cnicas. En menor medida, por razones de formaci\u00f3n y para posiciones que requieren unas cualidades especiales\u00bb, seg\u00fan explica Rafael Barrilero, socio de Mercer.<\/p>\n<p>Seg\u00fan el estudio, <strong>el n\u00famero de trabajadores expatriados ha aumentado un 4% en los dos \u00faltimos a\u00f1os. La mayor\u00eda de las compa\u00f1\u00edas \u201368%\u2013 afirma que el principal motivo es la ausencia de empleados locales con experiencia necesaria.<\/strong> Un 59% considera que la principal raz\u00f3n es la mejora de los resultados de una operaci\u00f3n y un 56% realiza una expatriaci\u00f3n para el lanzamiento de un nuevo negocio.<\/p>\n<h3>Descolocados<\/h3>\n<p>Expatriar a un trabajador a otro pa\u00eds es una de las decisiones m\u00e1s costosas que debe afrontar una compa\u00f1\u00eda, pero, seg\u00fan demuestran estudios recientes, como la encuesta realizada por el Consejo Nacional de Intercambio Extranjero en Washington DC, <strong>\u00abel 40% de estos empleados deja la organizaci\u00f3n en los tres a\u00f1os siguientes despu\u00e9s de haber vuelto a su pa\u00eds de origen\u00bb<\/strong>. \u00bfCu\u00e1les son las causas que llevan a estos empleados a despedirse de la empresa despu\u00e9s de haber estado trabajando en otro pa\u00eds? En opini\u00f3n de Rafael Barrilero,\u00abuno de los principales motivos es que no pueden aplicar el conocimiento adquirido durante su asignaci\u00f3n internacional a una posici\u00f3n en el pa\u00eds de origen. La falta de adaptaci\u00f3n a un estatus que carece de los beneficios y complementos propios\u00a0 de la asignaci\u00f3n internacional, tambi\u00e9n influyen notablemente\u00bb.<\/p>\n<p>Seg\u00fan <strong>Ana Gazarian, CEO de <a href=\"https:\/\/ems-ir.com\/\" target=\"_blank\">Employee Mobility Solutions<\/a> (EMS)<\/strong>, una de las mayores firmas mundiales de servicios relacionados con la movilidad internacional y nacional de empleados, \u00abpueden darse varias circunstancias que afecten a la reubicaci\u00f3n de los profesionales en la empresa matriz, y la mayor\u00eda de las veces se debe a una falta de planificaci\u00f3n\u00bb.<\/p>\n<p>Esta afirmaci\u00f3n no coincide con los datos del estudio elaborado por <a href=\"https:\/\/www.iese.edu\/es\/\" target=\"_blank\">IESE Business School<\/a> sobre <strong>\u00abPol\u00edticas de expatriaci\u00f3n y repatriaci\u00f3n en multinacionales\u00bb<\/strong>, que se\u00f1ala que <strong>un 88% de las multinacionales espa\u00f1olas planifican la repatriaci\u00f3n una vez que el profesional ha regresado al pa\u00eds de origen. <\/strong>\u00abLos especialistas en movilizaci\u00f3n de profesionales sabemos la importancia y necesidad con la que cuentan las empresas para establecer programas de repatriaci\u00f3n, mediante los que se planifica y prepara a los empleados y a sus familias para reintegrarse en sus vidas profesionales y personales en los pa\u00edses de origen. Esta planificaci\u00f3n es necesaria para dar una\u00a0bienvenida adecuada a su proyecci\u00f3n profesional. Lo id\u00f3neo ser\u00eda que se integrara en el pa\u00eds de origen en un puesto acorde a sus caracter\u00edsticas, expectativas, experiencia o formaci\u00f3n adquirida en el extranjero\u00bb, se\u00f1ala Ana Gazarian.<\/p>\n<h3>Un nuevo proyecto<\/h3>\n<p>\u00bfY c\u00f3mo se puede llevar a cabo esta planificaci\u00f3n? <strong>Muchas multinacionales, en el momento de la repatriaci\u00f3n, no disponen de vacantes, pero pueden ofrecer al repatriado otras opciones profesionales que le ayuden a continuar con su carrera internacional, como pueden ser aceptar un nuevo proyecto en otro pa\u00eds o bien alargar la estancia de la persona movilizada hasta que surja la vacante adecuada en el pa\u00eds de origen u otro destino que le pueda interesar. <\/strong>\u00abLo importante es que el repatriado se sienta valorado y\u00a0 recompensado por sus logros en su asignaci\u00f3n\u00bb, se\u00f1ala Ana Gazarian, y a\u00f1ade que \u00abrealizar una planificaci\u00f3n de la repatriaci\u00f3n es fundamental para retener el talento, y para que\u00a0el proceso se convierta en una experiencia positiva. Seg\u00fan nuestra opini\u00f3n, esta planificaci\u00f3n deber\u00eda realizarse antes de que el movilizado salga del pa\u00eds\u00bb.<\/p>\n<p><strong>Muchas personas piensan que las ciudades de pa\u00edses en v\u00edas de desarrollo son baratas, pero esto no es cierto.<\/strong> Para atraer profesionales con talento, las multinacionales tienen que proporcionar el mismo nivel de vida y ventajas que estos empleados y sus familias tienen en casa. \u00abEn algunas ciudades africanas, el coste puede llegar a ser extraordinariamente alto. En particular, el coste de un alojamiento bueno y seguro\u00bb, comenta Rafael Barrillero.<\/p>\n<p>Para Ana Gazarian, es importante\u00a0asistir a las empresas para que tengan una adecuada adaptaci\u00f3n, tanto del empleado como de su familia, a la nueva vida en su pa\u00eds de origen. Para ello, es necesario desarrollar un programa de adaptaci\u00f3n emocional y\u00a0social a la vuelta. \u00abEn esta etapa se produce lo que denominamos el choque cultural reverso.<strong> Esto es que las personas no s\u00f3lo tienen que integrarse con la cultura del pa\u00eds a donde son transferidos, sino que, cuando regresan, deben compaginarse nuevamente con el entorno y la cultura del pa\u00eds de origen, readapt\u00e1ndose a los camb<\/strong>ios\u00bb, se\u00f1ala la resposable de Employee Mobility Solutions.<\/p>\n<p>Seg\u00fan los expertos, hay que tener en cuenta los cambios que suceden en los pa\u00edses, ciudades y localidades de origen durante la ausencia. \u00abCierran su supermercado habitual o abren nuevas superficies, el banco ya no tienen a sus personas de confianza, y hasta puede variar la distribuci\u00f3n urbana. Incluso los amigos y familiares tambi\u00e9n pueden cambiar en lo que respecta a la relaci\u00f3n y ocupaci\u00f3n. Todo esto implica readaptarse a su cultura nuevamente\u00bb, destaca Ana Gazarian.<\/p>\n<p>Actualmente, debido a la crisis mundial, \u00abalgunas compa\u00f1\u00edas est\u00e1n reduciendo sus asignaciones internacionales, con el fin de reducir costes\u00bb, asegura Rafael Barrilero, e indica que <strong>\u00abahora se est\u00e1n centrando m\u00e1s en las asignaciones a corto plazo, contratando empleados locales\u00bb.<\/strong><\/p>\n<h3>Destinos m\u00e1s caros<\/h3>\n<p><strong>Luanda, en Angola, es la ciudad m\u00e1s\u00a0cara del mundo para trabajadores expatriados<\/strong>, seg\u00fan el \u00faltimo \u00abEstudio sobre el Coste de la Vida\u00bb elaborado por Mercer. Tokio ocupa la segunda posici\u00f3n, Ndjamena \u2013Chad\u2013, la tercera y Mosc\u00fa, la cuarta. Barcelona es la ciudad m\u00e1s cara de Espa\u00f1a, en el puesto 49, seguida muy cerca de Madrid, en el puesto 52.\u00a0 Karachi, en Pakist\u00e1n, la m\u00e1s barata.<\/p>\n<p>El informe de Mercer analiza m\u00e1s de 200 ciudades a lo largo de cinco continentes y compara m\u00e1s de 200 elementos en cada ciudad, incluyendo alojamiento, transportes,\u00a0comida, ropa, productos de consumo y entretenimiento. Puerto Pr\u00edncipe, en Hait\u00ed, es la ciudad del mundo con peor calidad de vida, seg\u00fan el \u00abEstudio mundial sobre Calidad de Vida 2010\u00bb que Mercer realiza cada a\u00f1o en 221 ciudades del mundo para que los gobiernos y empresas puedan adaptar la retribuci\u00f3n de sus empleados expatriados. Otras ciudades con poca calidad de vida son: Dhaka \u2013Bangladesh\u2013, Baku \u2013Azerbaiy\u00e1n\u2013 y Kolzata, en la India.<\/p>\n","protected":false},"excerpt":{"rendered":"<p>La mayor\u00eda de las empresas sigue expatriando a sus trabajadores\u00a0a pesar de la crisis mundial. As\u00ed se desprende<a class=\"moretag\" href=\"https:\/\/empresas.infoempleo.com\/hrtrends\/repatriados-como-gestionar-bien-el-regreso\/\"> Leer m\u00e1s<\/a><\/p>\n","protected":false},"author":59,"featured_media":29665,"comment_status":"closed","ping_status":"open","sticky":false,"template":"","format":"standard","meta":{"footnotes":""},"categories":[3],"tags":[734,2274,37],"class_list":["post-11639","post","type-post","status-publish","format-standard","has-post-thumbnail","hentry","category-actualidad","tag-expatriados","tag-internacional","tag-trabajo"],"yoast_head":"<!-- This site is optimized with the Yoast SEO plugin v26.1.1 - https:\/\/yoast.com\/wordpress\/plugins\/seo\/ -->\n<title>Repatriados: c\u00f3mo gestionar bien el regreso | HRTRENDS<\/title>\n<meta name=\"robots\" content=\"index, follow, max-snippet:-1, max-image-preview:large, max-video-preview:-1\" \/>\n<link rel=\"canonical\" href=\"https:\/\/empresas.infoempleo.com\/hrtrends\/repatriados-como-gestionar-bien-el-regreso\/\" \/>\n<meta property=\"og:locale\" content=\"es_ES\" \/>\n<meta property=\"og:type\" content=\"article\" \/>\n<meta property=\"og:title\" content=\"Repatriados: c\u00f3mo gestionar bien el regreso | HRTRENDS\" \/>\n<meta property=\"og:description\" content=\"La mayor\u00eda de las empresas sigue expatriando a sus trabajadores\u00a0a pesar de la crisis mundial. As\u00ed se desprende Leer m\u00e1s\" \/>\n<meta property=\"og:url\" content=\"https:\/\/empresas.infoempleo.com\/hrtrends\/repatriados-como-gestionar-bien-el-regreso\/\" \/>\n<meta property=\"og:site_name\" content=\"HRTRENDS\" \/>\n<meta property=\"article:publisher\" content=\"https:\/\/www.facebook.com\/Infoempleo\" \/>\n<meta property=\"article:published_time\" content=\"2010-12-13T11:50:24+00:00\" \/>\n<meta property=\"article:modified_time\" content=\"2018-05-23T15:33:30+00:00\" \/>\n<meta property=\"og:image\" content=\"https:\/\/empresas.infoempleo.com\/hrtrends\/media\/2017\/05\/pexels-photo-205508.jpg\" \/>\n\t<meta property=\"og:image:width\" content=\"1280\" \/>\n\t<meta property=\"og:image:height\" content=\"960\" \/>\n\t<meta property=\"og:image:type\" content=\"image\/jpeg\" \/>\n<meta name=\"author\" content=\"pepa albarracin\" \/>\n<meta name=\"twitter:card\" content=\"summary_large_image\" \/>\n<meta name=\"twitter:creator\" content=\"@infoempleo\" \/>\n<meta name=\"twitter:site\" content=\"@infoempleo\" \/>\n<meta name=\"twitter:label1\" content=\"Escrito por\" \/>\n\t<meta name=\"twitter:data1\" content=\"pepa albarracin\" \/>\n\t<meta name=\"twitter:label2\" content=\"Tiempo de lectura\" \/>\n\t<meta name=\"twitter:data2\" content=\"6 minutos\" \/>\n<script type=\"application\/ld+json\" class=\"yoast-schema-graph\">{\"@context\":\"https:\/\/schema.org\",\"@graph\":[{\"@type\":\"NewsArticle\",\"@id\":\"https:\/\/empresas.infoempleo.com\/hrtrends\/repatriados-como-gestionar-bien-el-regreso\/#article\",\"isPartOf\":{\"@id\":\"https:\/\/empresas.infoempleo.com\/hrtrends\/repatriados-como-gestionar-bien-el-regreso\/\"},\"author\":{\"name\":\"pepa albarracin\",\"@id\":\"https:\/\/empresas.infoempleo.com\/hrtrends\/#\/schema\/person\/1c443dfa643fc0977304bdabcccf70d2\"},\"headline\":\"Repatriados: c\u00f3mo gestionar bien el regreso\",\"datePublished\":\"2010-12-13T11:50:24+00:00\",\"dateModified\":\"2018-05-23T15:33:30+00:00\",\"mainEntityOfPage\":{\"@id\":\"https:\/\/empresas.infoempleo.com\/hrtrends\/repatriados-como-gestionar-bien-el-regreso\/\"},\"wordCount\":1188,\"publisher\":{\"@id\":\"https:\/\/empresas.infoempleo.com\/hrtrends\/#organization\"},\"image\":{\"@id\":\"https:\/\/empresas.infoempleo.com\/hrtrends\/repatriados-como-gestionar-bien-el-regreso\/#primaryimage\"},\"thumbnailUrl\":\"https:\/\/empresas.infoempleo.com\/hrtrends\/media\/2017\/05\/pexels-photo-205508.jpg\",\"keywords\":[\"expatriados\",\"internacional\",\"trabajo\"],\"articleSection\":[\"Actualidad\"],\"inLanguage\":\"es\",\"copyrightYear\":\"2010\",\"copyrightHolder\":{\"@id\":\"https:\/\/empresas.infoempleo.com\/hrtrends\/#organization\"}},{\"@type\":\"WebPage\",\"@id\":\"https:\/\/empresas.infoempleo.com\/hrtrends\/repatriados-como-gestionar-bien-el-regreso\/\",\"url\":\"https:\/\/empresas.infoempleo.com\/hrtrends\/repatriados-como-gestionar-bien-el-regreso\/\",\"name\":\"Repatriados: c\u00f3mo gestionar bien el regreso | HRTRENDS\",\"isPartOf\":{\"@id\":\"https:\/\/empresas.infoempleo.com\/hrtrends\/#website\"},\"primaryImageOfPage\":{\"@id\":\"https:\/\/empresas.infoempleo.com\/hrtrends\/repatriados-como-gestionar-bien-el-regreso\/#primaryimage\"},\"image\":{\"@id\":\"https:\/\/empresas.infoempleo.com\/hrtrends\/repatriados-como-gestionar-bien-el-regreso\/#primaryimage\"},\"thumbnailUrl\":\"https:\/\/empresas.infoempleo.com\/hrtrends\/media\/2017\/05\/pexels-photo-205508.jpg\",\"datePublished\":\"2010-12-13T11:50:24+00:00\",\"dateModified\":\"2018-05-23T15:33:30+00:00\",\"breadcrumb\":{\"@id\":\"https:\/\/empresas.infoempleo.com\/hrtrends\/repatriados-como-gestionar-bien-el-regreso\/#breadcrumb\"},\"inLanguage\":\"es\",\"potentialAction\":[{\"@type\":\"ReadAction\",\"target\":[\"https:\/\/empresas.infoempleo.com\/hrtrends\/repatriados-como-gestionar-bien-el-regreso\/\"]}]},{\"@type\":\"ImageObject\",\"inLanguage\":\"es\",\"@id\":\"https:\/\/empresas.infoempleo.com\/hrtrends\/repatriados-como-gestionar-bien-el-regreso\/#primaryimage\",\"url\":\"https:\/\/empresas.infoempleo.com\/hrtrends\/media\/2017\/05\/pexels-photo-205508-150x150.jpg\",\"contentUrl\":\"https:\/\/empresas.infoempleo.com\/hrtrends\/media\/2017\/05\/pexels-photo-205508-150x150.jpg\",\"width\":150,\"height\":150},{\"@type\":\"BreadcrumbList\",\"@id\":\"https:\/\/empresas.infoempleo.com\/hrtrends\/repatriados-como-gestionar-bien-el-regreso\/#breadcrumb\",\"itemListElement\":[{\"@type\":\"ListItem\",\"position\":1,\"name\":\"Portada\",\"item\":\"https:\/\/empresas.infoempleo.com\/hrtrends\/\"},{\"@type\":\"ListItem\",\"position\":2,\"name\":\"Repatriados: c\u00f3mo gestionar bien el regreso\"}]},{\"@type\":\"WebSite\",\"@id\":\"https:\/\/empresas.infoempleo.com\/hrtrends\/#website\",\"url\":\"https:\/\/empresas.infoempleo.com\/hrtrends\",\"name\":\"HRTrends by Infoempleo\",\"description\":\"\",\"publisher\":{\"@id\":\"https:\/\/empresas.infoempleo.com\/hrtrends\/#organization\"},\"potentialAction\":{\"@type\":\"SearchAction\",\"target\":\"https:\/\/empresas.infoempleo.com\/hrtrends\/?s={search_term_string}\",\"query-input\":\"required name=search_term_string\"},\"inLanguage\":\"es\"},{\"@type\":\"Organization\",\"@id\":\"https:\/\/empresas.infoempleo.com\/hrtrends\/#organization\",\"name\":\"Infoempleo\",\"url\":\"https:\/\/www.infoempleo.com\/\",\"logo\":{\"@type\":\"ImageObject\",\"@id\":\"https:\/\/empresas.infoempleo.com\/hrtrends\/#logo\",\"inLanguage\":\"es\",\"url\":\"https:\/\/cdnazure.infoempleo.com\/infoempleo\/assets\/style\/gfx\/logo.svg\",\"contentUrl\":\"https:\/\/cdnazure.infoempleo.com\/infoempleo\/assets\/style\/gfx\/logo.svg\",\"width\":150,\"height\":40,\"caption\":\"Infoempleo\"},\"image\":{\"@id\":\"https:\/\/empresas.infoempleo.com\/hrtrends\/#logo\"},\"sameAs\":[\"https:\/\/www.facebook.com\/Infoempleo\",\"https:\/\/x.com\/infoempleo\",\"http:\/\/instagram.com\/infoempleo\/\",\"http:\/\/www.linkedin.com\/groups\/Empleo-Espa\u00f1a-Infoempleocom-111276\",\"http:\/\/pinterest.com\/infoempleo\/\"],\"address\":{\"@type\":\"PostalAddress\",\"addressLocality\":\"Madrid\",\"postalCode\":\"28050\",\"streetAddress\":\"Avenida de Burgos 114\"},\"brand\":[\"Infoempleo\"]},{\"@type\":\"Person\",\"@id\":\"https:\/\/empresas.infoempleo.com\/hrtrends\/#\/schema\/person\/1c443dfa643fc0977304bdabcccf70d2\",\"name\":\"pepa albarracin\",\"image\":{\"@type\":\"ImageObject\",\"inLanguage\":\"es\",\"@id\":\"https:\/\/empresas.infoempleo.com\/hrtrends\/#\/schema\/person\/image\/\",\"url\":\"https:\/\/secure.gravatar.com\/avatar\/4ad126e93a48c4959998acc2e1d21843e49edbbdcd223b8f411bebbfbfc37b97?s=96&d=mm&r=g\",\"contentUrl\":\"https:\/\/secure.gravatar.com\/avatar\/4ad126e93a48c4959998acc2e1d21843e49edbbdcd223b8f411bebbfbfc37b97?s=96&d=mm&r=g\",\"caption\":\"pepa albarracin\"},\"url\":\"https:\/\/empresas.infoempleo.com\/hrtrends\/author\/pepa-albarracin\/\"}]}<\/script>\n<!-- \/ Yoast SEO plugin. -->","yoast_head_json":{"title":"Repatriados: c\u00f3mo gestionar bien el regreso | HRTRENDS","robots":{"index":"index","follow":"follow","max-snippet":"max-snippet:-1","max-image-preview":"max-image-preview:large","max-video-preview":"max-video-preview:-1"},"canonical":"https:\/\/empresas.infoempleo.com\/hrtrends\/repatriados-como-gestionar-bien-el-regreso\/","og_locale":"es_ES","og_type":"article","og_title":"Repatriados: c\u00f3mo gestionar bien el regreso | HRTRENDS","og_description":"La mayor\u00eda de las empresas sigue expatriando a sus trabajadores\u00a0a pesar de la crisis mundial. As\u00ed se desprende Leer m\u00e1s","og_url":"https:\/\/empresas.infoempleo.com\/hrtrends\/repatriados-como-gestionar-bien-el-regreso\/","og_site_name":"HRTRENDS","article_publisher":"https:\/\/www.facebook.com\/Infoempleo","article_published_time":"2010-12-13T11:50:24+00:00","article_modified_time":"2018-05-23T15:33:30+00:00","og_image":[{"width":1280,"height":960,"url":"https:\/\/empresas.infoempleo.com\/hrtrends\/media\/2017\/05\/pexels-photo-205508.jpg","type":"image\/jpeg"}],"author":"pepa albarracin","twitter_card":"summary_large_image","twitter_creator":"@infoempleo","twitter_site":"@infoempleo","twitter_misc":{"Escrito por":"pepa albarracin","Tiempo de lectura":"6 minutos"},"schema":{"@context":"https:\/\/schema.org","@graph":[{"@type":"NewsArticle","@id":"https:\/\/empresas.infoempleo.com\/hrtrends\/repatriados-como-gestionar-bien-el-regreso\/#article","isPartOf":{"@id":"https:\/\/empresas.infoempleo.com\/hrtrends\/repatriados-como-gestionar-bien-el-regreso\/"},"author":{"name":"pepa albarracin","@id":"https:\/\/empresas.infoempleo.com\/hrtrends\/#\/schema\/person\/1c443dfa643fc0977304bdabcccf70d2"},"headline":"Repatriados: c\u00f3mo gestionar bien el regreso","datePublished":"2010-12-13T11:50:24+00:00","dateModified":"2018-05-23T15:33:30+00:00","mainEntityOfPage":{"@id":"https:\/\/empresas.infoempleo.com\/hrtrends\/repatriados-como-gestionar-bien-el-regreso\/"},"wordCount":1188,"publisher":{"@id":"https:\/\/empresas.infoempleo.com\/hrtrends\/#organization"},"image":{"@id":"https:\/\/empresas.infoempleo.com\/hrtrends\/repatriados-como-gestionar-bien-el-regreso\/#primaryimage"},"thumbnailUrl":"https:\/\/empresas.infoempleo.com\/hrtrends\/media\/2017\/05\/pexels-photo-205508.jpg","keywords":["expatriados","internacional","trabajo"],"articleSection":["Actualidad"],"inLanguage":"es","copyrightYear":"2010","copyrightHolder":{"@id":"https:\/\/empresas.infoempleo.com\/hrtrends\/#organization"}},{"@type":"WebPage","@id":"https:\/\/empresas.infoempleo.com\/hrtrends\/repatriados-como-gestionar-bien-el-regreso\/","url":"https:\/\/empresas.infoempleo.com\/hrtrends\/repatriados-como-gestionar-bien-el-regreso\/","name":"Repatriados: c\u00f3mo gestionar bien el regreso | HRTRENDS","isPartOf":{"@id":"https:\/\/empresas.infoempleo.com\/hrtrends\/#website"},"primaryImageOfPage":{"@id":"https:\/\/empresas.infoempleo.com\/hrtrends\/repatriados-como-gestionar-bien-el-regreso\/#primaryimage"},"image":{"@id":"https:\/\/empresas.infoempleo.com\/hrtrends\/repatriados-como-gestionar-bien-el-regreso\/#primaryimage"},"thumbnailUrl":"https:\/\/empresas.infoempleo.com\/hrtrends\/media\/2017\/05\/pexels-photo-205508.jpg","datePublished":"2010-12-13T11:50:24+00:00","dateModified":"2018-05-23T15:33:30+00:00","breadcrumb":{"@id":"https:\/\/empresas.infoempleo.com\/hrtrends\/repatriados-como-gestionar-bien-el-regreso\/#breadcrumb"},"inLanguage":"es","potentialAction":[{"@type":"ReadAction","target":["https:\/\/empresas.infoempleo.com\/hrtrends\/repatriados-como-gestionar-bien-el-regreso\/"]}]},{"@type":"ImageObject","inLanguage":"es","@id":"https:\/\/empresas.infoempleo.com\/hrtrends\/repatriados-como-gestionar-bien-el-regreso\/#primaryimage","url":"https:\/\/empresas.infoempleo.com\/hrtrends\/media\/2017\/05\/pexels-photo-205508-150x150.jpg","contentUrl":"https:\/\/empresas.infoempleo.com\/hrtrends\/media\/2017\/05\/pexels-photo-205508-150x150.jpg","width":150,"height":150},{"@type":"BreadcrumbList","@id":"https:\/\/empresas.infoempleo.com\/hrtrends\/repatriados-como-gestionar-bien-el-regreso\/#breadcrumb","itemListElement":[{"@type":"ListItem","position":1,"name":"Portada","item":"https:\/\/empresas.infoempleo.com\/hrtrends\/"},{"@type":"ListItem","position":2,"name":"Repatriados: c\u00f3mo gestionar bien el regreso"}]},{"@type":"WebSite","@id":"https:\/\/empresas.infoempleo.com\/hrtrends\/#website","url":"https:\/\/empresas.infoempleo.com\/hrtrends","name":"HRTrends by Infoempleo","description":"","publisher":{"@id":"https:\/\/empresas.infoempleo.com\/hrtrends\/#organization"},"potentialAction":{"@type":"SearchAction","target":"https:\/\/empresas.infoempleo.com\/hrtrends\/?s={search_term_string}","query-input":"required name=search_term_string"},"inLanguage":"es"},{"@type":"Organization","@id":"https:\/\/empresas.infoempleo.com\/hrtrends\/#organization","name":"Infoempleo","url":"https:\/\/www.infoempleo.com\/","logo":{"@type":"ImageObject","@id":"https:\/\/empresas.infoempleo.com\/hrtrends\/#logo","inLanguage":"es","url":"https:\/\/cdnazure.infoempleo.com\/infoempleo\/assets\/style\/gfx\/logo.svg","contentUrl":"https:\/\/cdnazure.infoempleo.com\/infoempleo\/assets\/style\/gfx\/logo.svg","width":150,"height":40,"caption":"Infoempleo"},"image":{"@id":"https:\/\/empresas.infoempleo.com\/hrtrends\/#logo"},"sameAs":["https:\/\/www.facebook.com\/Infoempleo","https:\/\/x.com\/infoempleo","http:\/\/instagram.com\/infoempleo\/","http:\/\/www.linkedin.com\/groups\/Empleo-Espa\u00f1a-Infoempleocom-111276","http:\/\/pinterest.com\/infoempleo\/"],"address":{"@type":"PostalAddress","addressLocality":"Madrid","postalCode":"28050","streetAddress":"Avenida de Burgos 114"},"brand":["Infoempleo"]},{"@type":"Person","@id":"https:\/\/empresas.infoempleo.com\/hrtrends\/#\/schema\/person\/1c443dfa643fc0977304bdabcccf70d2","name":"pepa albarracin","image":{"@type":"ImageObject","inLanguage":"es","@id":"https:\/\/empresas.infoempleo.com\/hrtrends\/#\/schema\/person\/image\/","url":"https:\/\/secure.gravatar.com\/avatar\/4ad126e93a48c4959998acc2e1d21843e49edbbdcd223b8f411bebbfbfc37b97?s=96&d=mm&r=g","contentUrl":"https:\/\/secure.gravatar.com\/avatar\/4ad126e93a48c4959998acc2e1d21843e49edbbdcd223b8f411bebbfbfc37b97?s=96&d=mm&r=g","caption":"pepa albarracin"},"url":"https:\/\/empresas.infoempleo.com\/hrtrends\/author\/pepa-albarracin\/"}]}},"amp_enabled":true,"_links":{"self":[{"href":"https:\/\/empresas.infoempleo.com\/hrtrends\/wp-json\/wp\/v2\/posts\/11639","targetHints":{"allow":["GET"]}}],"collection":[{"href":"https:\/\/empresas.infoempleo.com\/hrtrends\/wp-json\/wp\/v2\/posts"}],"about":[{"href":"https:\/\/empresas.infoempleo.com\/hrtrends\/wp-json\/wp\/v2\/types\/post"}],"author":[{"embeddable":true,"href":"https:\/\/empresas.infoempleo.com\/hrtrends\/wp-json\/wp\/v2\/users\/59"}],"replies":[{"embeddable":true,"href":"https:\/\/empresas.infoempleo.com\/hrtrends\/wp-json\/wp\/v2\/comments?post=11639"}],"version-history":[{"count":0,"href":"https:\/\/empresas.infoempleo.com\/hrtrends\/wp-json\/wp\/v2\/posts\/11639\/revisions"}],"wp:featuredmedia":[{"embeddable":true,"href":"https:\/\/empresas.infoempleo.com\/hrtrends\/wp-json\/wp\/v2\/media\/29665"}],"wp:attachment":[{"href":"https:\/\/empresas.infoempleo.com\/hrtrends\/wp-json\/wp\/v2\/media?parent=11639"}],"wp:term":[{"taxonomy":"category","embeddable":true,"href":"https:\/\/empresas.infoempleo.com\/hrtrends\/wp-json\/wp\/v2\/categories?post=11639"},{"taxonomy":"post_tag","embeddable":true,"href":"https:\/\/empresas.infoempleo.com\/hrtrends\/wp-json\/wp\/v2\/tags?post=11639"}],"curies":[{"name":"wp","href":"https:\/\/api.w.org\/{rel}","templated":true}]}}