{"id":11631,"date":"2010-12-13T11:29:41","date_gmt":"2010-12-13T10:29:41","guid":{"rendered":"http:\/\/blog.infoempleo.com\/?p=11631"},"modified":"2018-05-23T17:33:31","modified_gmt":"2018-05-23T15:33:31","slug":"no-pense-en-dedicarme-al-periodismo-le-tenia-cierto-desden","status":"publish","type":"post","link":"https:\/\/empresas.infoempleo.com\/hrtrends\/no-pense-en-dedicarme-al-periodismo-le-tenia-cierto-desden\/","title":{"rendered":"\u201cNo pens\u00e9 en dedicarme al periodismo: le ten\u00eda cierto desd\u00e9n\u201d"},"content":{"rendered":"<p><a href=\"https:\/\/empresas.infoempleo.com\/hrtrends\/media\/2010\/12\/LuisAntoniodeVillena1.jpg\"><img loading=\"lazy\" decoding=\"async\" class=\"alignnone size-full wp-image-11632\" src=\"https:\/\/empresas.infoempleo.com\/hrtrends\/media\/2010\/12\/LuisAntoniodeVillena1.jpg\" alt=\"\" width=\"215\" height=\"280\" srcset=\"https:\/\/empresas.infoempleo.com\/hrtrends\/media\/2010\/12\/LuisAntoniodeVillena1.jpg 358w, https:\/\/empresas.infoempleo.com\/hrtrends\/media\/2010\/12\/LuisAntoniodeVillena1-230x300.jpg 230w\" sizes=\"auto, (max-width: 215px) 100vw, 215px\" \/><\/a><\/p>\n<h3>Luis Antonio de Villena, escritor.<\/h3>\n<p>Fue un escritor precoz. Con s\u00f3lo 19 a\u00f1os, Luis Antonio de Villena (Madrid, 1951) public\u00f3 el libro de poemas \u00abSublime Solarium\u00bb. Despu\u00e9s de terminar la universidad, su proyecto de ser profesor descarril\u00f3 al empezar a publicar con Planeta y al entrar en contacto con el mundo period\u00edstico. \u00abMalditos\u00bb es su \u00faltimo libro.<\/p>\n<p><strong>\u00bfCu\u00e1l fue su primer empleo?<br \/>\n<\/strong>Al terminar la universidad un catedr\u00e1tico amigo m\u00edo, Antonio Prieto, que ten\u00eda relaciones con Planeta, me propuso escribir un libro sobre la contracultura, porque en la editorial iban a lanzar una colecci\u00f3n sobre temas de actualidad. Me atra\u00eda mucho y, adem\u00e1s, para la \u00e9poca estaba muy bien pagado: me dieron un adelanto de 300.000 pesetas que, para el a\u00f1o 73, y teniendo en cuenta que yo ten\u00eda 22 a\u00f1os, era much\u00edsimo. Me decid\u00ed a tomarme un curso sab\u00e1tico en el que me dedicar\u00eda a escribir el libro. Despu\u00e9s, ya, seguir\u00eda con la tesis. Est\u00e1bamos en el franquismo y, como eran una colecci\u00f3n muy nueva, tard\u00f3 un poco m\u00e1s en pasar la censura. El libro deber\u00eda haber salido en el oto\u00f1o del 74 pero no se public\u00f3 hasta la primavera del 75.<\/p>\n<p><strong>\u00bfHac\u00eda donde encamin\u00f3 sus pasos?<br \/>\n<\/strong>Mi proyecto, como el de todo estudiante de letras,\u00a0era ser profesor, pero\u00a0no de instituto, porque odiaba trabajar con\u00a0ni\u00f1os. \u00a0Ya lo ten\u00eda todo previsto, pero, cuando escrib\u00ed ese libro, entr\u00e9 en contacto\u00a0con la gente del peri\u00f3dico \u00abYa\u00bb\u00a0y me pidieron hacer colaboraciones de tipo cultural. As\u00ed que, de la noche a la ma\u00f1ana, mi proyecto vital fue cambiando, porque me vi metido en el mundo de la literatura y el periodismo. La verdad es que no hab\u00eda pensado nunca, a priori, lo del periodismo. Yo ten\u00eda hasta cierto desd\u00e9n por los periodistas.<\/p>\n<p><strong>\u00bfPor qu\u00e9?<br \/>\n<\/strong>Yo amaba mucho la cultura y el prestigio intelectual, y el periodismo lo ten\u00eda por una cosa un poco de segunda fila.<\/p>\n<p><strong>Usted estudi\u00f3 Filolog\u00eda Rom\u00e1nica. \u00bfDe d\u00f3nde le viene esa pasi\u00f3n por la cultura cl\u00e1sica?<br \/>\n<\/strong>Yo ten\u00eda muy claro, desde muy peque\u00f1o, que me gustaba escribir y el mundo cl\u00e1sico. De ni\u00f1o jugaba\u00a0a los romanos. Supongo que de ah\u00ed vendr\u00eda, aunque, luego, se va reafirmando con las lecturas y los estudios.<\/p>\n<p><strong>Cuando est\u00e1 enfrascado en la escritura de un libro, \u00bfsigue alguna rutina de trabajo?<br \/>\n<\/strong>Soy bastante rutinario en el trabajo, lo que pasa es que no siempre cunde igual. Con la poes\u00eda no, y con la novela no siempre, pero con el ensayo uno tiene que ser muy rutinario. Yo suelo trabajar por la tarde, y no un n\u00famero de horas fijo, a no ser que tenga cosas muy concretas que hacer, como art\u00edculos. Incluso escribo en vacaciones. Al principio me extra\u00f1aba que me pagaran por hacer algo que me gustaba. Yo estaba acostumbrado a ver trabajadores que intentaban trabajar lo menos posible. En Espa\u00f1a tenemos, con raz\u00f3n, muy mala fama, de vagos y de r\u00e1canos que intentan escaquearse del trabajo. Pero supongo que eso es normal cuando haces un trabajo que no te gusta.<\/p>\n<p><strong>\u00bfQu\u00e9 opina usted de la literatura considerada, casi, como un trabajo industrial?<br \/>\n<\/strong>No conozco ning\u00fan caso de gente que escriba casi como un oficinista. Eso se daba m\u00e1s en la \u00e9poca de la literatura comercial que se vend\u00eda en los quioscos. Esos escritores ten\u00edan que hacer una novelita al mes o, si eran m\u00e1s breves, una a la semana. La mayor\u00eda firmaba con pseud\u00f3nimo. Dec\u00edan que con un nombre ingl\u00e9s se vend\u00eda m\u00e1s\u00a0pero, adem\u00e1s, no quer\u00edan poner su firma en unos libros que escrib\u00edan para ganarse el pan. Pero creo que eso ya no existe.<\/p>\n","protected":false},"excerpt":{"rendered":"<p>Luis Antonio de Villena, escritor. Fue un escritor precoz. Con s\u00f3lo 19 a\u00f1os, Luis Antonio de Villena (Madrid,<a class=\"moretag\" href=\"https:\/\/empresas.infoempleo.com\/hrtrends\/no-pense-en-dedicarme-al-periodismo-le-tenia-cierto-desden\/\"> Leer m\u00e1s<\/a><\/p>\n","protected":false},"author":50,"featured_media":29665,"comment_status":"closed","ping_status":"open","sticky":false,"template":"","format":"standard","meta":{"footnotes":""},"categories":[3],"tags":[2285,491],"class_list":["post-11631","post","type-post","status-publish","format-standard","has-post-thumbnail","hentry","category-actualidad","tag-luis-antonio-de-villena","tag-primer-empleo"],"yoast_head":"<!-- This site is optimized with the Yoast SEO plugin v26.1.1 - https:\/\/yoast.com\/wordpress\/plugins\/seo\/ -->\n<title>\u201cNo pens\u00e9 en dedicarme al periodismo: le ten\u00eda cierto desd\u00e9n\u201d | HRTRENDS<\/title>\n<meta name=\"robots\" content=\"index, follow, max-snippet:-1, max-image-preview:large, max-video-preview:-1\" \/>\n<link rel=\"canonical\" href=\"https:\/\/empresas.infoempleo.com\/hrtrends\/no-pense-en-dedicarme-al-periodismo-le-tenia-cierto-desden\/\" \/>\n<meta property=\"og:locale\" content=\"es_ES\" \/>\n<meta property=\"og:type\" content=\"article\" \/>\n<meta property=\"og:title\" content=\"\u201cNo pens\u00e9 en dedicarme al periodismo: le ten\u00eda cierto desd\u00e9n\u201d | HRTRENDS\" \/>\n<meta property=\"og:description\" content=\"Luis Antonio de Villena, escritor. Fue un escritor precoz. Con s\u00f3lo 19 a\u00f1os, Luis Antonio de Villena (Madrid, Leer m\u00e1s\" \/>\n<meta property=\"og:url\" content=\"https:\/\/empresas.infoempleo.com\/hrtrends\/no-pense-en-dedicarme-al-periodismo-le-tenia-cierto-desden\/\" \/>\n<meta property=\"og:site_name\" content=\"HRTRENDS\" \/>\n<meta property=\"article:publisher\" content=\"https:\/\/www.facebook.com\/Infoempleo\" \/>\n<meta property=\"article:published_time\" content=\"2010-12-13T10:29:41+00:00\" \/>\n<meta property=\"article:modified_time\" content=\"2018-05-23T15:33:31+00:00\" \/>\n<meta property=\"og:image\" content=\"https:\/\/empresas.infoempleo.com\/hrtrends\/media\/2017\/05\/pexels-photo-205508.jpg\" \/>\n\t<meta property=\"og:image:width\" content=\"1280\" \/>\n\t<meta property=\"og:image:height\" content=\"960\" \/>\n\t<meta property=\"og:image:type\" content=\"image\/jpeg\" \/>\n<meta name=\"author\" content=\"Sergio Mu\u00f1oz\" \/>\n<meta name=\"twitter:card\" content=\"summary_large_image\" \/>\n<meta name=\"twitter:creator\" content=\"@infoempleo\" \/>\n<meta name=\"twitter:site\" content=\"@infoempleo\" \/>\n<meta name=\"twitter:label1\" content=\"Escrito por\" \/>\n\t<meta name=\"twitter:data1\" content=\"Sergio Mu\u00f1oz\" \/>\n\t<meta name=\"twitter:label2\" content=\"Tiempo de lectura\" \/>\n\t<meta name=\"twitter:data2\" content=\"3 minutos\" \/>\n<script type=\"application\/ld+json\" class=\"yoast-schema-graph\">{\"@context\":\"https:\/\/schema.org\",\"@graph\":[{\"@type\":\"NewsArticle\",\"@id\":\"https:\/\/empresas.infoempleo.com\/hrtrends\/no-pense-en-dedicarme-al-periodismo-le-tenia-cierto-desden\/#article\",\"isPartOf\":{\"@id\":\"https:\/\/empresas.infoempleo.com\/hrtrends\/no-pense-en-dedicarme-al-periodismo-le-tenia-cierto-desden\/\"},\"author\":{\"name\":\"Sergio Mu\u00f1oz\",\"@id\":\"https:\/\/empresas.infoempleo.com\/hrtrends\/#\/schema\/person\/6eed0717dd6d324ad674543577f7d352\"},\"headline\":\"\u201cNo pens\u00e9 en dedicarme al periodismo: le ten\u00eda cierto desd\u00e9n\u201d\",\"datePublished\":\"2010-12-13T10:29:41+00:00\",\"dateModified\":\"2018-05-23T15:33:31+00:00\",\"mainEntityOfPage\":{\"@id\":\"https:\/\/empresas.infoempleo.com\/hrtrends\/no-pense-en-dedicarme-al-periodismo-le-tenia-cierto-desden\/\"},\"wordCount\":668,\"publisher\":{\"@id\":\"https:\/\/empresas.infoempleo.com\/hrtrends\/#organization\"},\"image\":{\"@id\":\"https:\/\/empresas.infoempleo.com\/hrtrends\/no-pense-en-dedicarme-al-periodismo-le-tenia-cierto-desden\/#primaryimage\"},\"thumbnailUrl\":\"https:\/\/empresas.infoempleo.com\/hrtrends\/media\/2017\/05\/pexels-photo-205508.jpg\",\"keywords\":[\"Luis Antonio de Villena\",\"primer empleo\"],\"articleSection\":[\"Actualidad\"],\"inLanguage\":\"es\",\"copyrightYear\":\"2010\",\"copyrightHolder\":{\"@id\":\"https:\/\/empresas.infoempleo.com\/hrtrends\/#organization\"}},{\"@type\":\"WebPage\",\"@id\":\"https:\/\/empresas.infoempleo.com\/hrtrends\/no-pense-en-dedicarme-al-periodismo-le-tenia-cierto-desden\/\",\"url\":\"https:\/\/empresas.infoempleo.com\/hrtrends\/no-pense-en-dedicarme-al-periodismo-le-tenia-cierto-desden\/\",\"name\":\"\u201cNo pens\u00e9 en dedicarme al periodismo: le ten\u00eda cierto desd\u00e9n\u201d | HRTRENDS\",\"isPartOf\":{\"@id\":\"https:\/\/empresas.infoempleo.com\/hrtrends\/#website\"},\"primaryImageOfPage\":{\"@id\":\"https:\/\/empresas.infoempleo.com\/hrtrends\/no-pense-en-dedicarme-al-periodismo-le-tenia-cierto-desden\/#primaryimage\"},\"image\":{\"@id\":\"https:\/\/empresas.infoempleo.com\/hrtrends\/no-pense-en-dedicarme-al-periodismo-le-tenia-cierto-desden\/#primaryimage\"},\"thumbnailUrl\":\"https:\/\/empresas.infoempleo.com\/hrtrends\/media\/2017\/05\/pexels-photo-205508.jpg\",\"datePublished\":\"2010-12-13T10:29:41+00:00\",\"dateModified\":\"2018-05-23T15:33:31+00:00\",\"breadcrumb\":{\"@id\":\"https:\/\/empresas.infoempleo.com\/hrtrends\/no-pense-en-dedicarme-al-periodismo-le-tenia-cierto-desden\/#breadcrumb\"},\"inLanguage\":\"es\",\"potentialAction\":[{\"@type\":\"ReadAction\",\"target\":[\"https:\/\/empresas.infoempleo.com\/hrtrends\/no-pense-en-dedicarme-al-periodismo-le-tenia-cierto-desden\/\"]}]},{\"@type\":\"ImageObject\",\"inLanguage\":\"es\",\"@id\":\"https:\/\/empresas.infoempleo.com\/hrtrends\/no-pense-en-dedicarme-al-periodismo-le-tenia-cierto-desden\/#primaryimage\",\"url\":\"https:\/\/empresas.infoempleo.com\/hrtrends\/media\/2017\/05\/pexels-photo-205508-150x150.jpg\",\"contentUrl\":\"https:\/\/empresas.infoempleo.com\/hrtrends\/media\/2017\/05\/pexels-photo-205508-150x150.jpg\",\"width\":150,\"height\":150},{\"@type\":\"BreadcrumbList\",\"@id\":\"https:\/\/empresas.infoempleo.com\/hrtrends\/no-pense-en-dedicarme-al-periodismo-le-tenia-cierto-desden\/#breadcrumb\",\"itemListElement\":[{\"@type\":\"ListItem\",\"position\":1,\"name\":\"Portada\",\"item\":\"https:\/\/empresas.infoempleo.com\/hrtrends\/\"},{\"@type\":\"ListItem\",\"position\":2,\"name\":\"\u201cNo pens\u00e9 en dedicarme al periodismo: le ten\u00eda cierto desd\u00e9n\u201d\"}]},{\"@type\":\"WebSite\",\"@id\":\"https:\/\/empresas.infoempleo.com\/hrtrends\/#website\",\"url\":\"https:\/\/empresas.infoempleo.com\/hrtrends\",\"name\":\"HRTrends by Infoempleo\",\"description\":\"\",\"publisher\":{\"@id\":\"https:\/\/empresas.infoempleo.com\/hrtrends\/#organization\"},\"potentialAction\":{\"@type\":\"SearchAction\",\"target\":\"https:\/\/empresas.infoempleo.com\/hrtrends\/?s={search_term_string}\",\"query-input\":\"required name=search_term_string\"},\"inLanguage\":\"es\"},{\"@type\":\"Organization\",\"@id\":\"https:\/\/empresas.infoempleo.com\/hrtrends\/#organization\",\"name\":\"Infoempleo\",\"url\":\"https:\/\/www.infoempleo.com\/\",\"logo\":{\"@type\":\"ImageObject\",\"@id\":\"https:\/\/empresas.infoempleo.com\/hrtrends\/#logo\",\"inLanguage\":\"es\",\"url\":\"https:\/\/cdnazure.infoempleo.com\/infoempleo\/assets\/style\/gfx\/logo.svg\",\"contentUrl\":\"https:\/\/cdnazure.infoempleo.com\/infoempleo\/assets\/style\/gfx\/logo.svg\",\"width\":150,\"height\":40,\"caption\":\"Infoempleo\"},\"image\":{\"@id\":\"https:\/\/empresas.infoempleo.com\/hrtrends\/#logo\"},\"sameAs\":[\"https:\/\/www.facebook.com\/Infoempleo\",\"https:\/\/x.com\/infoempleo\",\"http:\/\/instagram.com\/infoempleo\/\",\"http:\/\/www.linkedin.com\/groups\/Empleo-Espa\u00f1a-Infoempleocom-111276\",\"http:\/\/pinterest.com\/infoempleo\/\"],\"address\":{\"@type\":\"PostalAddress\",\"addressLocality\":\"Madrid\",\"postalCode\":\"28050\",\"streetAddress\":\"Avenida de Burgos 114\"},\"brand\":[\"Infoempleo\"]},{\"@type\":\"Person\",\"@id\":\"https:\/\/empresas.infoempleo.com\/hrtrends\/#\/schema\/person\/6eed0717dd6d324ad674543577f7d352\",\"name\":\"Sergio Mu\u00f1oz\",\"image\":{\"@type\":\"ImageObject\",\"inLanguage\":\"es\",\"@id\":\"https:\/\/empresas.infoempleo.com\/hrtrends\/#\/schema\/person\/image\/\",\"url\":\"https:\/\/secure.gravatar.com\/avatar\/e7731161b4b74cbcb9baea8553044aadfdf78c0164ca104016474818fd843019?s=96&d=mm&r=g\",\"contentUrl\":\"https:\/\/secure.gravatar.com\/avatar\/e7731161b4b74cbcb9baea8553044aadfdf78c0164ca104016474818fd843019?s=96&d=mm&r=g\",\"caption\":\"Sergio Mu\u00f1oz\"},\"url\":\"https:\/\/empresas.infoempleo.com\/hrtrends\/author\/sergio-munoz\/\"}]}<\/script>\n<!-- \/ Yoast SEO plugin. -->","yoast_head_json":{"title":"\u201cNo pens\u00e9 en dedicarme al periodismo: le ten\u00eda cierto desd\u00e9n\u201d | HRTRENDS","robots":{"index":"index","follow":"follow","max-snippet":"max-snippet:-1","max-image-preview":"max-image-preview:large","max-video-preview":"max-video-preview:-1"},"canonical":"https:\/\/empresas.infoempleo.com\/hrtrends\/no-pense-en-dedicarme-al-periodismo-le-tenia-cierto-desden\/","og_locale":"es_ES","og_type":"article","og_title":"\u201cNo pens\u00e9 en dedicarme al periodismo: le ten\u00eda cierto desd\u00e9n\u201d | HRTRENDS","og_description":"Luis Antonio de Villena, escritor. Fue un escritor precoz. Con s\u00f3lo 19 a\u00f1os, Luis Antonio de Villena (Madrid, Leer m\u00e1s","og_url":"https:\/\/empresas.infoempleo.com\/hrtrends\/no-pense-en-dedicarme-al-periodismo-le-tenia-cierto-desden\/","og_site_name":"HRTRENDS","article_publisher":"https:\/\/www.facebook.com\/Infoempleo","article_published_time":"2010-12-13T10:29:41+00:00","article_modified_time":"2018-05-23T15:33:31+00:00","og_image":[{"width":1280,"height":960,"url":"https:\/\/empresas.infoempleo.com\/hrtrends\/media\/2017\/05\/pexels-photo-205508.jpg","type":"image\/jpeg"}],"author":"Sergio Mu\u00f1oz","twitter_card":"summary_large_image","twitter_creator":"@infoempleo","twitter_site":"@infoempleo","twitter_misc":{"Escrito por":"Sergio Mu\u00f1oz","Tiempo de lectura":"3 minutos"},"schema":{"@context":"https:\/\/schema.org","@graph":[{"@type":"NewsArticle","@id":"https:\/\/empresas.infoempleo.com\/hrtrends\/no-pense-en-dedicarme-al-periodismo-le-tenia-cierto-desden\/#article","isPartOf":{"@id":"https:\/\/empresas.infoempleo.com\/hrtrends\/no-pense-en-dedicarme-al-periodismo-le-tenia-cierto-desden\/"},"author":{"name":"Sergio Mu\u00f1oz","@id":"https:\/\/empresas.infoempleo.com\/hrtrends\/#\/schema\/person\/6eed0717dd6d324ad674543577f7d352"},"headline":"\u201cNo pens\u00e9 en dedicarme al periodismo: le ten\u00eda cierto desd\u00e9n\u201d","datePublished":"2010-12-13T10:29:41+00:00","dateModified":"2018-05-23T15:33:31+00:00","mainEntityOfPage":{"@id":"https:\/\/empresas.infoempleo.com\/hrtrends\/no-pense-en-dedicarme-al-periodismo-le-tenia-cierto-desden\/"},"wordCount":668,"publisher":{"@id":"https:\/\/empresas.infoempleo.com\/hrtrends\/#organization"},"image":{"@id":"https:\/\/empresas.infoempleo.com\/hrtrends\/no-pense-en-dedicarme-al-periodismo-le-tenia-cierto-desden\/#primaryimage"},"thumbnailUrl":"https:\/\/empresas.infoempleo.com\/hrtrends\/media\/2017\/05\/pexels-photo-205508.jpg","keywords":["Luis Antonio de Villena","primer empleo"],"articleSection":["Actualidad"],"inLanguage":"es","copyrightYear":"2010","copyrightHolder":{"@id":"https:\/\/empresas.infoempleo.com\/hrtrends\/#organization"}},{"@type":"WebPage","@id":"https:\/\/empresas.infoempleo.com\/hrtrends\/no-pense-en-dedicarme-al-periodismo-le-tenia-cierto-desden\/","url":"https:\/\/empresas.infoempleo.com\/hrtrends\/no-pense-en-dedicarme-al-periodismo-le-tenia-cierto-desden\/","name":"\u201cNo pens\u00e9 en dedicarme al periodismo: le ten\u00eda cierto desd\u00e9n\u201d | HRTRENDS","isPartOf":{"@id":"https:\/\/empresas.infoempleo.com\/hrtrends\/#website"},"primaryImageOfPage":{"@id":"https:\/\/empresas.infoempleo.com\/hrtrends\/no-pense-en-dedicarme-al-periodismo-le-tenia-cierto-desden\/#primaryimage"},"image":{"@id":"https:\/\/empresas.infoempleo.com\/hrtrends\/no-pense-en-dedicarme-al-periodismo-le-tenia-cierto-desden\/#primaryimage"},"thumbnailUrl":"https:\/\/empresas.infoempleo.com\/hrtrends\/media\/2017\/05\/pexels-photo-205508.jpg","datePublished":"2010-12-13T10:29:41+00:00","dateModified":"2018-05-23T15:33:31+00:00","breadcrumb":{"@id":"https:\/\/empresas.infoempleo.com\/hrtrends\/no-pense-en-dedicarme-al-periodismo-le-tenia-cierto-desden\/#breadcrumb"},"inLanguage":"es","potentialAction":[{"@type":"ReadAction","target":["https:\/\/empresas.infoempleo.com\/hrtrends\/no-pense-en-dedicarme-al-periodismo-le-tenia-cierto-desden\/"]}]},{"@type":"ImageObject","inLanguage":"es","@id":"https:\/\/empresas.infoempleo.com\/hrtrends\/no-pense-en-dedicarme-al-periodismo-le-tenia-cierto-desden\/#primaryimage","url":"https:\/\/empresas.infoempleo.com\/hrtrends\/media\/2017\/05\/pexels-photo-205508-150x150.jpg","contentUrl":"https:\/\/empresas.infoempleo.com\/hrtrends\/media\/2017\/05\/pexels-photo-205508-150x150.jpg","width":150,"height":150},{"@type":"BreadcrumbList","@id":"https:\/\/empresas.infoempleo.com\/hrtrends\/no-pense-en-dedicarme-al-periodismo-le-tenia-cierto-desden\/#breadcrumb","itemListElement":[{"@type":"ListItem","position":1,"name":"Portada","item":"https:\/\/empresas.infoempleo.com\/hrtrends\/"},{"@type":"ListItem","position":2,"name":"\u201cNo pens\u00e9 en dedicarme al periodismo: le ten\u00eda cierto desd\u00e9n\u201d"}]},{"@type":"WebSite","@id":"https:\/\/empresas.infoempleo.com\/hrtrends\/#website","url":"https:\/\/empresas.infoempleo.com\/hrtrends","name":"HRTrends by Infoempleo","description":"","publisher":{"@id":"https:\/\/empresas.infoempleo.com\/hrtrends\/#organization"},"potentialAction":{"@type":"SearchAction","target":"https:\/\/empresas.infoempleo.com\/hrtrends\/?s={search_term_string}","query-input":"required name=search_term_string"},"inLanguage":"es"},{"@type":"Organization","@id":"https:\/\/empresas.infoempleo.com\/hrtrends\/#organization","name":"Infoempleo","url":"https:\/\/www.infoempleo.com\/","logo":{"@type":"ImageObject","@id":"https:\/\/empresas.infoempleo.com\/hrtrends\/#logo","inLanguage":"es","url":"https:\/\/cdnazure.infoempleo.com\/infoempleo\/assets\/style\/gfx\/logo.svg","contentUrl":"https:\/\/cdnazure.infoempleo.com\/infoempleo\/assets\/style\/gfx\/logo.svg","width":150,"height":40,"caption":"Infoempleo"},"image":{"@id":"https:\/\/empresas.infoempleo.com\/hrtrends\/#logo"},"sameAs":["https:\/\/www.facebook.com\/Infoempleo","https:\/\/x.com\/infoempleo","http:\/\/instagram.com\/infoempleo\/","http:\/\/www.linkedin.com\/groups\/Empleo-Espa\u00f1a-Infoempleocom-111276","http:\/\/pinterest.com\/infoempleo\/"],"address":{"@type":"PostalAddress","addressLocality":"Madrid","postalCode":"28050","streetAddress":"Avenida de Burgos 114"},"brand":["Infoempleo"]},{"@type":"Person","@id":"https:\/\/empresas.infoempleo.com\/hrtrends\/#\/schema\/person\/6eed0717dd6d324ad674543577f7d352","name":"Sergio Mu\u00f1oz","image":{"@type":"ImageObject","inLanguage":"es","@id":"https:\/\/empresas.infoempleo.com\/hrtrends\/#\/schema\/person\/image\/","url":"https:\/\/secure.gravatar.com\/avatar\/e7731161b4b74cbcb9baea8553044aadfdf78c0164ca104016474818fd843019?s=96&d=mm&r=g","contentUrl":"https:\/\/secure.gravatar.com\/avatar\/e7731161b4b74cbcb9baea8553044aadfdf78c0164ca104016474818fd843019?s=96&d=mm&r=g","caption":"Sergio Mu\u00f1oz"},"url":"https:\/\/empresas.infoempleo.com\/hrtrends\/author\/sergio-munoz\/"}]}},"amp_enabled":true,"_links":{"self":[{"href":"https:\/\/empresas.infoempleo.com\/hrtrends\/wp-json\/wp\/v2\/posts\/11631","targetHints":{"allow":["GET"]}}],"collection":[{"href":"https:\/\/empresas.infoempleo.com\/hrtrends\/wp-json\/wp\/v2\/posts"}],"about":[{"href":"https:\/\/empresas.infoempleo.com\/hrtrends\/wp-json\/wp\/v2\/types\/post"}],"author":[{"embeddable":true,"href":"https:\/\/empresas.infoempleo.com\/hrtrends\/wp-json\/wp\/v2\/users\/50"}],"replies":[{"embeddable":true,"href":"https:\/\/empresas.infoempleo.com\/hrtrends\/wp-json\/wp\/v2\/comments?post=11631"}],"version-history":[{"count":0,"href":"https:\/\/empresas.infoempleo.com\/hrtrends\/wp-json\/wp\/v2\/posts\/11631\/revisions"}],"wp:featuredmedia":[{"embeddable":true,"href":"https:\/\/empresas.infoempleo.com\/hrtrends\/wp-json\/wp\/v2\/media\/29665"}],"wp:attachment":[{"href":"https:\/\/empresas.infoempleo.com\/hrtrends\/wp-json\/wp\/v2\/media?parent=11631"}],"wp:term":[{"taxonomy":"category","embeddable":true,"href":"https:\/\/empresas.infoempleo.com\/hrtrends\/wp-json\/wp\/v2\/categories?post=11631"},{"taxonomy":"post_tag","embeddable":true,"href":"https:\/\/empresas.infoempleo.com\/hrtrends\/wp-json\/wp\/v2\/tags?post=11631"}],"curies":[{"name":"wp","href":"https:\/\/api.w.org\/{rel}","templated":true}]}}