{"id":11466,"date":"2010-11-26T08:52:36","date_gmt":"2010-11-26T07:52:36","guid":{"rendered":"http:\/\/blog.infoempleo.com\/?p=11466"},"modified":"2018-05-23T17:34:33","modified_gmt":"2018-05-23T15:34:33","slug":"consejos-para-iniciarse-en-la-redes-profesionales","status":"publish","type":"post","link":"https:\/\/empresas.infoempleo.com\/hrtrends\/consejos-para-iniciarse-en-la-redes-profesionales\/","title":{"rendered":"Consejos para iniciarse en la redes profesionales"},"content":{"rendered":"<p style=\"text-align: center\"><a href=\"https:\/\/empresas.infoempleo.com\/hrtrends\/media\/2010\/11\/redesprofesionales1.jpg\"><img loading=\"lazy\" decoding=\"async\" class=\"size-full wp-image-11468 aligncenter\" src=\"https:\/\/empresas.infoempleo.com\/hrtrends\/media\/2010\/11\/redesprofesionales1.jpg\" alt=\"\" width=\"435\" height=\"270\" srcset=\"https:\/\/empresas.infoempleo.com\/hrtrends\/media\/2010\/11\/redesprofesionales1.jpg 1280w, https:\/\/empresas.infoempleo.com\/hrtrends\/media\/2010\/11\/redesprofesionales1-300x186.jpg 300w, https:\/\/empresas.infoempleo.com\/hrtrends\/media\/2010\/11\/redesprofesionales1-1024x635.jpg 1024w, https:\/\/empresas.infoempleo.com\/hrtrends\/media\/2010\/11\/redesprofesionales1-768x476.jpg 768w\" sizes=\"auto, (max-width: 435px) 100vw, 435px\" \/><\/a><\/p>\n<p>Ya hemos comentado en otros post la importancia que est\u00e1n ganando las redes sociales en el mercado de trabajo, y en especial las redes profesionales. A pesar de esto hay muchas personas que todav\u00eda no han creado su perfil en estas redes y para ellos, especialmente, va dedicado este post.<\/p>\n<p>Navegando por la red puedes encontrar <strong>muchas opiniones y consejos sobre c\u00f3mo crear tu perfil y c\u00f3mo gestionarlo.<\/strong> A continuaci\u00f3n\u00a0destacamos los\u00a0m\u00e1s \u00fatiles para sacar el m\u00e1ximo partido de estas nuevas herramientas:<\/p>\n<ol>\n<li><strong>Es conveniente estar en las redes profesionales aunque en este momento no se est\u00e9 buscando empleo.<\/strong> En ellas podremos compartir conocimientos, conocer a gente, aportar y conseguir informaci\u00f3n \u00fatil&#8230; todo esto har\u00e1 que cuando necesitemos o queramos cambiar de empresa ya tengamos una s\u00f3lida red de contactos creada.<\/li>\n<li>Existen muchas redes profesionales, aunque lo mejor ser\u00eda estar en todas para no perder ninguna oportunidad, lo cierto es que es casi imposible mantener todos los perfiles por ello<strong> lo recomendable es seleccionar las dos o tres que m\u00e1s se ajusten a tus necesidades.<\/strong><\/li>\n<li><strong>Mant\u00e9n tu perfil actualizado.<\/strong> Ten en cuenta que el perfil es tu carta de presentaci\u00f3n por ello es importante que dediques tiempo y atenci\u00f3n\u00a0a completar todos los datos que se solicitan. Es muy conveniente que pongas tu foto para que te puedan reconocer r\u00e1pidamente.<\/li>\n<li><strong>Hablando de fotos&#8230; \u00a1ten mucho cuidado con las que pones!<\/strong> Tienes que tener muy claro la diferencia entre una red social y una profesional.<\/li>\n<li><strong>Cuida tu ortograf\u00eda<\/strong>, las faltas pueden echar por tierra el mejor de los curr\u00edculum.<\/li>\n<li><strong>S\u00e9 sincero.<\/strong> En el momento en el que mientas toda tu credibilidad se vendr\u00e1 abajo y recuerda que ahora todo el mundo est\u00e1 conectado y las noticias vuelan.<\/li>\n<li><strong>No agregues contactos sin criterio.<\/strong> No se trata de tener la mayor red de contactos, sino de tener contactos afines a ti y que te puedan ayudar. Es preferible tener una red peque\u00f1a pero de calidad, que una muy numerosa pero cuyos miembros tengan poco que compartir.<\/li>\n<li><strong>Cuida tus contactos.<\/strong> Para ello es importante que seas activo, que participes en los debates e iniciativas que surjan en tu entorno.<\/li>\n<li><strong>Consigue recomendaciones.<\/strong> Contar con un buen n\u00famero de recomendaciones favorecer\u00e1 tu imagen, sobre todo sin son de antiguos jefes y compa\u00f1eros.<\/li>\n<li><strong>Participa en los grupos.<\/strong> En estas redes existen grupos especializados por materias donde se plantean debates, participar en ellos es la mejor manera de darse a conocer.<\/li>\n<\/ol>\n<p>Con estas recomendaciones ya est\u00e1s preparado para inciarte en las redes profesionales. <strong>No tengas miedo, l\u00e1nzate\u00a0y no te quedes atr\u00e1s, las redes profesionales han llegado para quedarse.<\/strong><\/p>\n","protected":false},"excerpt":{"rendered":"<p>Ya hemos comentado en otros post la importancia que est\u00e1n ganando las redes sociales en el mercado de<a class=\"moretag\" href=\"https:\/\/empresas.infoempleo.com\/hrtrends\/consejos-para-iniciarse-en-la-redes-profesionales\/\"> Leer m\u00e1s<\/a><\/p>\n","protected":false},"author":48,"featured_media":29665,"comment_status":"closed","ping_status":"open","sticky":false,"template":"","format":"standard","meta":{"footnotes":""},"categories":[3],"tags":[33,162,509,169,16,2271,26,37],"class_list":["post-11466","post","type-post","status-publish","format-standard","has-post-thumbnail","hentry","category-actualidad","tag-desempleo","tag-empleo","tag-internet","tag-mercado-laboral","tag-paro","tag-redes-profesionales","tag-redes-sociales","tag-trabajo"],"yoast_head":"<!-- This site is optimized with the Yoast SEO plugin v26.1.1 - https:\/\/yoast.com\/wordpress\/plugins\/seo\/ -->\n<title>Consejos para iniciarse en la redes profesionales | HRTRENDS<\/title>\n<meta name=\"robots\" content=\"index, follow, max-snippet:-1, max-image-preview:large, max-video-preview:-1\" \/>\n<link rel=\"canonical\" href=\"https:\/\/empresas.infoempleo.com\/hrtrends\/consejos-para-iniciarse-en-la-redes-profesionales\/\" \/>\n<meta property=\"og:locale\" content=\"es_ES\" \/>\n<meta property=\"og:type\" content=\"article\" \/>\n<meta property=\"og:title\" content=\"Consejos para iniciarse en la redes profesionales | HRTRENDS\" \/>\n<meta property=\"og:description\" content=\"Ya hemos comentado en otros post la importancia que est\u00e1n ganando las redes sociales en el mercado de Leer m\u00e1s\" \/>\n<meta property=\"og:url\" content=\"https:\/\/empresas.infoempleo.com\/hrtrends\/consejos-para-iniciarse-en-la-redes-profesionales\/\" \/>\n<meta property=\"og:site_name\" content=\"HRTRENDS\" \/>\n<meta property=\"article:publisher\" content=\"https:\/\/www.facebook.com\/Infoempleo\" \/>\n<meta property=\"article:published_time\" content=\"2010-11-26T07:52:36+00:00\" \/>\n<meta property=\"article:modified_time\" content=\"2018-05-23T15:34:33+00:00\" \/>\n<meta property=\"og:image\" content=\"https:\/\/empresas.infoempleo.com\/hrtrends\/media\/2017\/05\/pexels-photo-205508.jpg\" \/>\n\t<meta property=\"og:image:width\" content=\"1280\" \/>\n\t<meta property=\"og:image:height\" content=\"960\" \/>\n\t<meta property=\"og:image:type\" content=\"image\/jpeg\" \/>\n<meta name=\"author\" content=\"mtv\" \/>\n<meta name=\"twitter:card\" content=\"summary_large_image\" \/>\n<meta name=\"twitter:creator\" content=\"@infoempleo\" \/>\n<meta name=\"twitter:site\" content=\"@infoempleo\" \/>\n<meta name=\"twitter:label1\" content=\"Escrito por\" \/>\n\t<meta name=\"twitter:data1\" content=\"mtv\" \/>\n\t<meta name=\"twitter:label2\" content=\"Tiempo de lectura\" \/>\n\t<meta name=\"twitter:data2\" content=\"2 minutos\" \/>\n<script type=\"application\/ld+json\" class=\"yoast-schema-graph\">{\"@context\":\"https:\/\/schema.org\",\"@graph\":[{\"@type\":\"NewsArticle\",\"@id\":\"https:\/\/empresas.infoempleo.com\/hrtrends\/consejos-para-iniciarse-en-la-redes-profesionales\/#article\",\"isPartOf\":{\"@id\":\"https:\/\/empresas.infoempleo.com\/hrtrends\/consejos-para-iniciarse-en-la-redes-profesionales\/\"},\"author\":{\"name\":\"mtv\",\"@id\":\"https:\/\/empresas.infoempleo.com\/hrtrends\/#\/schema\/person\/b8060896292ad03ae72d206f47858641\"},\"headline\":\"Consejos para iniciarse en la redes profesionales\",\"datePublished\":\"2010-11-26T07:52:36+00:00\",\"dateModified\":\"2018-05-23T15:34:33+00:00\",\"mainEntityOfPage\":{\"@id\":\"https:\/\/empresas.infoempleo.com\/hrtrends\/consejos-para-iniciarse-en-la-redes-profesionales\/\"},\"wordCount\":461,\"publisher\":{\"@id\":\"https:\/\/empresas.infoempleo.com\/hrtrends\/#organization\"},\"image\":{\"@id\":\"https:\/\/empresas.infoempleo.com\/hrtrends\/consejos-para-iniciarse-en-la-redes-profesionales\/#primaryimage\"},\"thumbnailUrl\":\"https:\/\/empresas.infoempleo.com\/hrtrends\/media\/2017\/05\/pexels-photo-205508.jpg\",\"keywords\":[\"desempleo\",\"Empleo\",\"Internet\",\"mercado laboral\",\"paro\",\"redes profesionales\",\"redes sociales\",\"trabajo\"],\"articleSection\":[\"Actualidad\"],\"inLanguage\":\"es\",\"copyrightYear\":\"2010\",\"copyrightHolder\":{\"@id\":\"https:\/\/empresas.infoempleo.com\/hrtrends\/#organization\"}},{\"@type\":\"WebPage\",\"@id\":\"https:\/\/empresas.infoempleo.com\/hrtrends\/consejos-para-iniciarse-en-la-redes-profesionales\/\",\"url\":\"https:\/\/empresas.infoempleo.com\/hrtrends\/consejos-para-iniciarse-en-la-redes-profesionales\/\",\"name\":\"Consejos para iniciarse en la redes profesionales | HRTRENDS\",\"isPartOf\":{\"@id\":\"https:\/\/empresas.infoempleo.com\/hrtrends\/#website\"},\"primaryImageOfPage\":{\"@id\":\"https:\/\/empresas.infoempleo.com\/hrtrends\/consejos-para-iniciarse-en-la-redes-profesionales\/#primaryimage\"},\"image\":{\"@id\":\"https:\/\/empresas.infoempleo.com\/hrtrends\/consejos-para-iniciarse-en-la-redes-profesionales\/#primaryimage\"},\"thumbnailUrl\":\"https:\/\/empresas.infoempleo.com\/hrtrends\/media\/2017\/05\/pexels-photo-205508.jpg\",\"datePublished\":\"2010-11-26T07:52:36+00:00\",\"dateModified\":\"2018-05-23T15:34:33+00:00\",\"breadcrumb\":{\"@id\":\"https:\/\/empresas.infoempleo.com\/hrtrends\/consejos-para-iniciarse-en-la-redes-profesionales\/#breadcrumb\"},\"inLanguage\":\"es\",\"potentialAction\":[{\"@type\":\"ReadAction\",\"target\":[\"https:\/\/empresas.infoempleo.com\/hrtrends\/consejos-para-iniciarse-en-la-redes-profesionales\/\"]}]},{\"@type\":\"ImageObject\",\"inLanguage\":\"es\",\"@id\":\"https:\/\/empresas.infoempleo.com\/hrtrends\/consejos-para-iniciarse-en-la-redes-profesionales\/#primaryimage\",\"url\":\"https:\/\/empresas.infoempleo.com\/hrtrends\/media\/2017\/05\/pexels-photo-205508-150x150.jpg\",\"contentUrl\":\"https:\/\/empresas.infoempleo.com\/hrtrends\/media\/2017\/05\/pexels-photo-205508-150x150.jpg\",\"width\":150,\"height\":150},{\"@type\":\"BreadcrumbList\",\"@id\":\"https:\/\/empresas.infoempleo.com\/hrtrends\/consejos-para-iniciarse-en-la-redes-profesionales\/#breadcrumb\",\"itemListElement\":[{\"@type\":\"ListItem\",\"position\":1,\"name\":\"Portada\",\"item\":\"https:\/\/empresas.infoempleo.com\/hrtrends\/\"},{\"@type\":\"ListItem\",\"position\":2,\"name\":\"Consejos para iniciarse en la redes profesionales\"}]},{\"@type\":\"WebSite\",\"@id\":\"https:\/\/empresas.infoempleo.com\/hrtrends\/#website\",\"url\":\"https:\/\/empresas.infoempleo.com\/hrtrends\",\"name\":\"HRTrends by Infoempleo\",\"description\":\"\",\"publisher\":{\"@id\":\"https:\/\/empresas.infoempleo.com\/hrtrends\/#organization\"},\"potentialAction\":{\"@type\":\"SearchAction\",\"target\":\"https:\/\/empresas.infoempleo.com\/hrtrends\/?s={search_term_string}\",\"query-input\":\"required name=search_term_string\"},\"inLanguage\":\"es\"},{\"@type\":\"Organization\",\"@id\":\"https:\/\/empresas.infoempleo.com\/hrtrends\/#organization\",\"name\":\"Infoempleo\",\"url\":\"https:\/\/www.infoempleo.com\/\",\"logo\":{\"@type\":\"ImageObject\",\"@id\":\"https:\/\/empresas.infoempleo.com\/hrtrends\/#logo\",\"inLanguage\":\"es\",\"url\":\"https:\/\/cdnazure.infoempleo.com\/infoempleo\/assets\/style\/gfx\/logo.svg\",\"contentUrl\":\"https:\/\/cdnazure.infoempleo.com\/infoempleo\/assets\/style\/gfx\/logo.svg\",\"width\":150,\"height\":40,\"caption\":\"Infoempleo\"},\"image\":{\"@id\":\"https:\/\/empresas.infoempleo.com\/hrtrends\/#logo\"},\"sameAs\":[\"https:\/\/www.facebook.com\/Infoempleo\",\"https:\/\/x.com\/infoempleo\",\"http:\/\/instagram.com\/infoempleo\/\",\"http:\/\/www.linkedin.com\/groups\/Empleo-Espa\u00f1a-Infoempleocom-111276\",\"http:\/\/pinterest.com\/infoempleo\/\"],\"address\":{\"@type\":\"PostalAddress\",\"addressLocality\":\"Madrid\",\"postalCode\":\"28050\",\"streetAddress\":\"Avenida de Burgos 114\"},\"brand\":[\"Infoempleo\"]},{\"@type\":\"Person\",\"@id\":\"https:\/\/empresas.infoempleo.com\/hrtrends\/#\/schema\/person\/b8060896292ad03ae72d206f47858641\",\"name\":\"mtv\",\"image\":{\"@type\":\"ImageObject\",\"inLanguage\":\"es\",\"@id\":\"https:\/\/empresas.infoempleo.com\/hrtrends\/#\/schema\/person\/image\/\",\"url\":\"https:\/\/secure.gravatar.com\/avatar\/f91a2145f2ef647a97b73dab59fd37ecf618ce9fc23be2ddb791306b0617c62c?s=96&d=mm&r=g\",\"contentUrl\":\"https:\/\/secure.gravatar.com\/avatar\/f91a2145f2ef647a97b73dab59fd37ecf618ce9fc23be2ddb791306b0617c62c?s=96&d=mm&r=g\",\"caption\":\"mtv\"},\"url\":\"https:\/\/empresas.infoempleo.com\/hrtrends\/author\/mtv\/\"}]}<\/script>\n<!-- \/ Yoast SEO plugin. -->","yoast_head_json":{"title":"Consejos para iniciarse en la redes profesionales | HRTRENDS","robots":{"index":"index","follow":"follow","max-snippet":"max-snippet:-1","max-image-preview":"max-image-preview:large","max-video-preview":"max-video-preview:-1"},"canonical":"https:\/\/empresas.infoempleo.com\/hrtrends\/consejos-para-iniciarse-en-la-redes-profesionales\/","og_locale":"es_ES","og_type":"article","og_title":"Consejos para iniciarse en la redes profesionales | HRTRENDS","og_description":"Ya hemos comentado en otros post la importancia que est\u00e1n ganando las redes sociales en el mercado de Leer m\u00e1s","og_url":"https:\/\/empresas.infoempleo.com\/hrtrends\/consejos-para-iniciarse-en-la-redes-profesionales\/","og_site_name":"HRTRENDS","article_publisher":"https:\/\/www.facebook.com\/Infoempleo","article_published_time":"2010-11-26T07:52:36+00:00","article_modified_time":"2018-05-23T15:34:33+00:00","og_image":[{"width":1280,"height":960,"url":"https:\/\/empresas.infoempleo.com\/hrtrends\/media\/2017\/05\/pexels-photo-205508.jpg","type":"image\/jpeg"}],"author":"mtv","twitter_card":"summary_large_image","twitter_creator":"@infoempleo","twitter_site":"@infoempleo","twitter_misc":{"Escrito por":"mtv","Tiempo de lectura":"2 minutos"},"schema":{"@context":"https:\/\/schema.org","@graph":[{"@type":"NewsArticle","@id":"https:\/\/empresas.infoempleo.com\/hrtrends\/consejos-para-iniciarse-en-la-redes-profesionales\/#article","isPartOf":{"@id":"https:\/\/empresas.infoempleo.com\/hrtrends\/consejos-para-iniciarse-en-la-redes-profesionales\/"},"author":{"name":"mtv","@id":"https:\/\/empresas.infoempleo.com\/hrtrends\/#\/schema\/person\/b8060896292ad03ae72d206f47858641"},"headline":"Consejos para iniciarse en la redes profesionales","datePublished":"2010-11-26T07:52:36+00:00","dateModified":"2018-05-23T15:34:33+00:00","mainEntityOfPage":{"@id":"https:\/\/empresas.infoempleo.com\/hrtrends\/consejos-para-iniciarse-en-la-redes-profesionales\/"},"wordCount":461,"publisher":{"@id":"https:\/\/empresas.infoempleo.com\/hrtrends\/#organization"},"image":{"@id":"https:\/\/empresas.infoempleo.com\/hrtrends\/consejos-para-iniciarse-en-la-redes-profesionales\/#primaryimage"},"thumbnailUrl":"https:\/\/empresas.infoempleo.com\/hrtrends\/media\/2017\/05\/pexels-photo-205508.jpg","keywords":["desempleo","Empleo","Internet","mercado laboral","paro","redes profesionales","redes sociales","trabajo"],"articleSection":["Actualidad"],"inLanguage":"es","copyrightYear":"2010","copyrightHolder":{"@id":"https:\/\/empresas.infoempleo.com\/hrtrends\/#organization"}},{"@type":"WebPage","@id":"https:\/\/empresas.infoempleo.com\/hrtrends\/consejos-para-iniciarse-en-la-redes-profesionales\/","url":"https:\/\/empresas.infoempleo.com\/hrtrends\/consejos-para-iniciarse-en-la-redes-profesionales\/","name":"Consejos para iniciarse en la redes profesionales | HRTRENDS","isPartOf":{"@id":"https:\/\/empresas.infoempleo.com\/hrtrends\/#website"},"primaryImageOfPage":{"@id":"https:\/\/empresas.infoempleo.com\/hrtrends\/consejos-para-iniciarse-en-la-redes-profesionales\/#primaryimage"},"image":{"@id":"https:\/\/empresas.infoempleo.com\/hrtrends\/consejos-para-iniciarse-en-la-redes-profesionales\/#primaryimage"},"thumbnailUrl":"https:\/\/empresas.infoempleo.com\/hrtrends\/media\/2017\/05\/pexels-photo-205508.jpg","datePublished":"2010-11-26T07:52:36+00:00","dateModified":"2018-05-23T15:34:33+00:00","breadcrumb":{"@id":"https:\/\/empresas.infoempleo.com\/hrtrends\/consejos-para-iniciarse-en-la-redes-profesionales\/#breadcrumb"},"inLanguage":"es","potentialAction":[{"@type":"ReadAction","target":["https:\/\/empresas.infoempleo.com\/hrtrends\/consejos-para-iniciarse-en-la-redes-profesionales\/"]}]},{"@type":"ImageObject","inLanguage":"es","@id":"https:\/\/empresas.infoempleo.com\/hrtrends\/consejos-para-iniciarse-en-la-redes-profesionales\/#primaryimage","url":"https:\/\/empresas.infoempleo.com\/hrtrends\/media\/2017\/05\/pexels-photo-205508-150x150.jpg","contentUrl":"https:\/\/empresas.infoempleo.com\/hrtrends\/media\/2017\/05\/pexels-photo-205508-150x150.jpg","width":150,"height":150},{"@type":"BreadcrumbList","@id":"https:\/\/empresas.infoempleo.com\/hrtrends\/consejos-para-iniciarse-en-la-redes-profesionales\/#breadcrumb","itemListElement":[{"@type":"ListItem","position":1,"name":"Portada","item":"https:\/\/empresas.infoempleo.com\/hrtrends\/"},{"@type":"ListItem","position":2,"name":"Consejos para iniciarse en la redes profesionales"}]},{"@type":"WebSite","@id":"https:\/\/empresas.infoempleo.com\/hrtrends\/#website","url":"https:\/\/empresas.infoempleo.com\/hrtrends","name":"HRTrends by Infoempleo","description":"","publisher":{"@id":"https:\/\/empresas.infoempleo.com\/hrtrends\/#organization"},"potentialAction":{"@type":"SearchAction","target":"https:\/\/empresas.infoempleo.com\/hrtrends\/?s={search_term_string}","query-input":"required name=search_term_string"},"inLanguage":"es"},{"@type":"Organization","@id":"https:\/\/empresas.infoempleo.com\/hrtrends\/#organization","name":"Infoempleo","url":"https:\/\/www.infoempleo.com\/","logo":{"@type":"ImageObject","@id":"https:\/\/empresas.infoempleo.com\/hrtrends\/#logo","inLanguage":"es","url":"https:\/\/cdnazure.infoempleo.com\/infoempleo\/assets\/style\/gfx\/logo.svg","contentUrl":"https:\/\/cdnazure.infoempleo.com\/infoempleo\/assets\/style\/gfx\/logo.svg","width":150,"height":40,"caption":"Infoempleo"},"image":{"@id":"https:\/\/empresas.infoempleo.com\/hrtrends\/#logo"},"sameAs":["https:\/\/www.facebook.com\/Infoempleo","https:\/\/x.com\/infoempleo","http:\/\/instagram.com\/infoempleo\/","http:\/\/www.linkedin.com\/groups\/Empleo-Espa\u00f1a-Infoempleocom-111276","http:\/\/pinterest.com\/infoempleo\/"],"address":{"@type":"PostalAddress","addressLocality":"Madrid","postalCode":"28050","streetAddress":"Avenida de Burgos 114"},"brand":["Infoempleo"]},{"@type":"Person","@id":"https:\/\/empresas.infoempleo.com\/hrtrends\/#\/schema\/person\/b8060896292ad03ae72d206f47858641","name":"mtv","image":{"@type":"ImageObject","inLanguage":"es","@id":"https:\/\/empresas.infoempleo.com\/hrtrends\/#\/schema\/person\/image\/","url":"https:\/\/secure.gravatar.com\/avatar\/f91a2145f2ef647a97b73dab59fd37ecf618ce9fc23be2ddb791306b0617c62c?s=96&d=mm&r=g","contentUrl":"https:\/\/secure.gravatar.com\/avatar\/f91a2145f2ef647a97b73dab59fd37ecf618ce9fc23be2ddb791306b0617c62c?s=96&d=mm&r=g","caption":"mtv"},"url":"https:\/\/empresas.infoempleo.com\/hrtrends\/author\/mtv\/"}]}},"amp_enabled":true,"_links":{"self":[{"href":"https:\/\/empresas.infoempleo.com\/hrtrends\/wp-json\/wp\/v2\/posts\/11466","targetHints":{"allow":["GET"]}}],"collection":[{"href":"https:\/\/empresas.infoempleo.com\/hrtrends\/wp-json\/wp\/v2\/posts"}],"about":[{"href":"https:\/\/empresas.infoempleo.com\/hrtrends\/wp-json\/wp\/v2\/types\/post"}],"author":[{"embeddable":true,"href":"https:\/\/empresas.infoempleo.com\/hrtrends\/wp-json\/wp\/v2\/users\/48"}],"replies":[{"embeddable":true,"href":"https:\/\/empresas.infoempleo.com\/hrtrends\/wp-json\/wp\/v2\/comments?post=11466"}],"version-history":[{"count":0,"href":"https:\/\/empresas.infoempleo.com\/hrtrends\/wp-json\/wp\/v2\/posts\/11466\/revisions"}],"wp:featuredmedia":[{"embeddable":true,"href":"https:\/\/empresas.infoempleo.com\/hrtrends\/wp-json\/wp\/v2\/media\/29665"}],"wp:attachment":[{"href":"https:\/\/empresas.infoempleo.com\/hrtrends\/wp-json\/wp\/v2\/media?parent=11466"}],"wp:term":[{"taxonomy":"category","embeddable":true,"href":"https:\/\/empresas.infoempleo.com\/hrtrends\/wp-json\/wp\/v2\/categories?post=11466"},{"taxonomy":"post_tag","embeddable":true,"href":"https:\/\/empresas.infoempleo.com\/hrtrends\/wp-json\/wp\/v2\/tags?post=11466"}],"curies":[{"name":"wp","href":"https:\/\/api.w.org\/{rel}","templated":true}]}}