{"id":11392,"date":"2010-11-15T14:00:45","date_gmt":"2010-11-15T13:00:45","guid":{"rendered":"http:\/\/blog.infoempleo.com\/?p=11392"},"modified":"2024-08-29T17:42:07","modified_gmt":"2024-08-29T15:42:07","slug":"el-conocimiento-como-negocio-en-la-novena-potencia-mundial-en-produccion-cientifica","status":"publish","type":"post","link":"https:\/\/empresas.infoempleo.com\/hrtrends\/el-conocimiento-como-negocio-en-la-novena-potencia-mundial-en-produccion-cientifica\/","title":{"rendered":"El conocimiento como negocio en la novena potencia mundial en producci\u00f3n cient\u00edfica"},"content":{"rendered":"<p>La ministra de Ciencia e Innovaci\u00f3n, Cristina Garmendia Mendiz\u00e1bal, abrir\u00e1 el Foro Conitec 2010 el martes 30 de noviembre a las 9:45 horas en el sal\u00f3n de actos de la Escuela Polit\u00e9cnica Superior de la UAM.<\/p>\n<p>En el Foro Conitec empresas, universidades y administraciones p\u00fablicas intercambiar\u00e1n datos, an\u00e1lisis y propuestas en innovaci\u00f3n y transferencia de tecnolog\u00eda en un momento en el que Espa\u00f1a est\u00e1 en las mejores condiciones de su historia para dar un salto cualitativo hacia una sociedad y una econom\u00eda del conocimiento. El Foro se celebra los pr\u00f3ximos <strong>30 de noviembre y 1 de diciembre en el Campus de Cantoblanco de la Universidad Aut\u00f3noma de Madrid<\/strong>, uno de los centros de investigaci\u00f3n y educaci\u00f3n m\u00e1s importantes de Espa\u00f1a.<\/p>\n<p>Nuestro pa\u00eds se ha convertido en la novena potencia mundial en materia de producci\u00f3n cient\u00edfica despu\u00e9s de tres d\u00e9cadas, y ahora cuenta con el empuje que representa la decisi\u00f3n pol\u00edtica y social de <strong>avanzar de forma plena hacia un modelo productivo en el que la innovaci\u00f3n ser\u00e1 una actividad sistem\u00e1tica de todas las empresas en un marco de cooperaci\u00f3n y m\u00e1xima competencia internacional.<\/strong><\/p>\n<p>Para los promotores, participantes y organizadores de Conitec, la valorizaci\u00f3n del conocimiento y la transferencia de los resultados de la investigaci\u00f3n hacia el tejido productivo son claves estrat\u00e9gicas para incrementar la competitividad de la econom\u00eda espa\u00f1ola.<\/p>\n<p>Por ello se han dise\u00f1ado mesas y conferencias para presentar la Estrategia Estatal de Innovaci\u00f3n y debatir sus resultados para las empresas.<\/p>\n<p>El programa pondr\u00e1 de manifiesto que <strong>la soluci\u00f3n para acercarnos a los pa\u00edses m\u00e1s avanzados pasa por el fomento de la innovaci\u00f3n y la iniciativa emprendedora, destacando el papel que juegan los actores de la intermediaci\u00f3n, casos de \u00e9xito y ejemplos de buenas pr\u00e1cticas para una gesti\u00f3n eficiente del mecenazgo.<\/strong><\/p>\n<h3>Competitividad y TIC en las comunidades aut\u00f3nomas<\/h3>\n<p>Fundetec coordina una charla-coloquio en la que los directores generales de Sociedad de la Informaci\u00f3n, Telecomunicaciones e Innovaci\u00f3n de cuatro Comunidades Aut\u00f3nomas (Castilla y Le\u00f3n, Regi\u00f3n de Murcia, Cantabria y Pa\u00eds Vasco) debatir\u00e1n sobre la situaci\u00f3n de sus respectivas regiones en esta materia, y comentar\u00e1n las l\u00edneas estrat\u00e9gicas de sus Gobiernos auton\u00f3micos para impulsar la competitividad de sus empresas a trav\u00e9s del uso de las Tecnolog\u00edas de la Informaci\u00f3n y la Comunicaci\u00f3n (TIC). El debate estar\u00e1 abierto a la participaci\u00f3n de los asistentes, que podr\u00e1n plantearles sus consultas y hacerles llegar sus comentarios.<\/p>\n<h3>Universidad-Empresa: Elemento clave para el desarrollo de una econom\u00eda basada en el conocimiento<\/h3>\n<p>El marco de Conitec servir\u00e1 para exponer modelos de pol\u00edticas territoriales y experiencias de vinculaci\u00f3n universidad-empresa, de las que se concluye la trascendencia de la ciencia y la tecnolog\u00eda para favorecer el desarrollo regional.<\/p>\n<p>A su vez, se realizar\u00e1 un an\u00e1lisis del impacto de los Campus de Excelencia Internacional en la sociedad, as\u00ed como de los aspectos cr\u00edticos de sostenibilidad del proyecto CEI un a\u00f1o despu\u00e9s de su lanzamiento.<\/p>\n<h3>Conitec: Espacio de conexi\u00f3n para la innovaci\u00f3n y la transferencia tecnol\u00f3gica<\/h3>\n<p>Conitec es, en definitiva, un lugar de encuentro y reflexi\u00f3n que se dirige a todos los agentes implicados en el proceso de transferencia del conocimiento, con una proyecci\u00f3n internacional, para lo cual se incorporan al proyecto iniciativas complementarias de extraordinario valor:<\/p>\n<p>&#8211; Encuentro de Transferencia y Tecnolog\u00eda, coordinado por la Asociaci\u00f3n de Parques Cient\u00edficos y Tecnol\u00f3gicos de Espa\u00f1a-APTE, con agendas preconcertadas entre:<\/p>\n<ul>\n<li>Generadores de conocimiento<\/li>\n<li>Facilitadores<\/li>\n<li>Financiadores<\/li>\n<li>Emprendedores<\/li>\n<\/ul>\n<p>&#8211;\u00a0Foro de Inversi\u00f3n en proyectos EARLY STAGES, organizado conjuntamente por FUNDACI\u00d3N GENOMA, INBERSO, el PARQUE CIENT\u00cdFICO DE MADRID y la en diversas \u00e1reas: Biotecnolog\u00eda, Salud, TIC, Energ\u00eda, Nanotecnolog\u00eda y Materiales.<\/p>\n<p>&#8211;\u00a0Premio Madrid Emprende al mejor proyecto emprendedor con alojamiento gratuito en uno de sus siete viveros de empresas.<\/p>\n<h3>Conitec, una propuesta rentable<\/h3>\n<p>La asistencia a Conitec es especialmente \u00fatil en esta coyuntura para conocer el negocio de la transferencia tecnol\u00f3gica y su rentabilidad, casos pr\u00e1cticos de innovaci\u00f3n y transferencia y oportunidades de financiaci\u00f3n a proyectos de emprendedores.<\/p>\n<p>Adem\u00e1s, una participaci\u00f3n activa en los debates y encuentros ayudar\u00e1 a dinamizar las pol\u00edticas que deben promover el conocimiento y la innovaci\u00f3n, alinear las expectativas espa\u00f1olas con el Espacio Europeo de Investigaci\u00f3n, motivar la gesti\u00f3n de patentes, crear factores de cooperaci\u00f3n estable entre el sector p\u00fablico y el sector privado, facilitar la movilidad de investigadores en relaci\u00f3n con el tejido empresarial y promover un cambio cultural en el mundo empresarial.<\/p>\n<h3>Acreditaciones y entrega de documentaci\u00f3n:<\/h3>\n<p><strong>Fecha:<\/strong>\u00a0\u00a0\u00a0\u00a0\u00a0\u00a0 30 de noviembre a la 9:00 h.<\/p>\n<p><strong>Lugar:<\/strong> \u00a0\u00a0\u00a0\u00a0\u00a0\u00a0 Sal\u00f3n de actos de la Escuela Polit\u00e9cnica Superior de la UAM.\u00a0 Campus de Cantoblanco. Universidad Aut\u00f3noma de Madrid.<\/p>\n<p><strong>Es necesario registrarse previamente en\u00a0 <span style=\"text-decoration: underline\">http:\/\/foroconitec.com\/inscripcion.php<\/span><\/strong><\/p>\n","protected":false},"excerpt":{"rendered":"<p>La ministra de Ciencia e Innovaci\u00f3n, Cristina Garmendia Mendiz\u00e1bal, abrir\u00e1 el Foro Conitec 2010 el martes 30 de<a class=\"moretag\" href=\"https:\/\/empresas.infoempleo.com\/hrtrends\/el-conocimiento-como-negocio-en-la-novena-potencia-mundial-en-produccion-cientifica\/\"> Leer m\u00e1s<\/a><\/p>\n","protected":false},"author":72,"featured_media":29665,"comment_status":"closed","ping_status":"open","sticky":false,"template":"","format":"standard","meta":{"footnotes":""},"categories":[3],"tags":[2267,198],"class_list":["post-11392","post","type-post","status-publish","format-standard","has-post-thumbnail","hentry","category-actualidad","tag-foro-conitec","tag-innovacion"],"yoast_head":"<!-- This site is optimized with the Yoast SEO plugin v26.1.1 - https:\/\/yoast.com\/wordpress\/plugins\/seo\/ -->\n<title>El conocimiento como negocio en la novena potencia mundial en producci\u00f3n cient\u00edfica | HRTRENDS<\/title>\n<meta name=\"robots\" content=\"index, follow, max-snippet:-1, max-image-preview:large, max-video-preview:-1\" \/>\n<link rel=\"canonical\" href=\"https:\/\/empresas.infoempleo.com\/hrtrends\/el-conocimiento-como-negocio-en-la-novena-potencia-mundial-en-produccion-cientifica\/\" \/>\n<meta property=\"og:locale\" content=\"es_ES\" \/>\n<meta property=\"og:type\" content=\"article\" \/>\n<meta property=\"og:title\" content=\"El conocimiento como negocio en la novena potencia mundial en producci\u00f3n cient\u00edfica | HRTRENDS\" \/>\n<meta property=\"og:description\" content=\"La ministra de Ciencia e Innovaci\u00f3n, Cristina Garmendia Mendiz\u00e1bal, abrir\u00e1 el Foro Conitec 2010 el martes 30 de Leer m\u00e1s\" \/>\n<meta property=\"og:url\" content=\"https:\/\/empresas.infoempleo.com\/hrtrends\/el-conocimiento-como-negocio-en-la-novena-potencia-mundial-en-produccion-cientifica\/\" \/>\n<meta property=\"og:site_name\" content=\"HRTRENDS\" \/>\n<meta property=\"article:publisher\" content=\"https:\/\/www.facebook.com\/Infoempleo\" \/>\n<meta property=\"article:published_time\" content=\"2010-11-15T13:00:45+00:00\" \/>\n<meta property=\"article:modified_time\" content=\"2024-08-29T15:42:07+00:00\" \/>\n<meta name=\"author\" content=\"infoempleo\" \/>\n<meta name=\"twitter:card\" content=\"summary_large_image\" \/>\n<meta name=\"twitter:creator\" content=\"@infoempleo\" \/>\n<meta name=\"twitter:site\" content=\"@infoempleo\" \/>\n<meta name=\"twitter:label1\" content=\"Escrito por\" \/>\n\t<meta name=\"twitter:data1\" content=\"infoempleo\" \/>\n\t<meta name=\"twitter:label2\" content=\"Tiempo de lectura\" \/>\n\t<meta name=\"twitter:data2\" content=\"4 minutos\" \/>\n<script type=\"application\/ld+json\" class=\"yoast-schema-graph\">{\"@context\":\"https:\/\/schema.org\",\"@graph\":[{\"@type\":\"NewsArticle\",\"@id\":\"https:\/\/empresas.infoempleo.com\/hrtrends\/el-conocimiento-como-negocio-en-la-novena-potencia-mundial-en-produccion-cientifica\/#article\",\"isPartOf\":{\"@id\":\"https:\/\/empresas.infoempleo.com\/hrtrends\/el-conocimiento-como-negocio-en-la-novena-potencia-mundial-en-produccion-cientifica\/\"},\"author\":{\"name\":\"infoempleo\",\"@id\":\"https:\/\/empresas.infoempleo.com\/hrtrends\/#\/schema\/person\/67d3e276ffcc8b3ae0ebec816daf775a\"},\"headline\":\"El conocimiento como negocio en la novena potencia mundial en producci\u00f3n cient\u00edfica\",\"datePublished\":\"2010-11-15T13:00:45+00:00\",\"dateModified\":\"2024-08-29T15:42:07+00:00\",\"mainEntityOfPage\":{\"@id\":\"https:\/\/empresas.infoempleo.com\/hrtrends\/el-conocimiento-como-negocio-en-la-novena-potencia-mundial-en-produccion-cientifica\/\"},\"wordCount\":863,\"publisher\":{\"@id\":\"https:\/\/empresas.infoempleo.com\/hrtrends\/#organization\"},\"image\":{\"@id\":\"https:\/\/empresas.infoempleo.com\/hrtrends\/el-conocimiento-como-negocio-en-la-novena-potencia-mundial-en-produccion-cientifica\/#primaryimage\"},\"thumbnailUrl\":\"https:\/\/empresas.infoempleo.com\/hrtrends\/media\/2017\/05\/pexels-photo-205508.jpg\",\"keywords\":[\"Foro conitec\",\"innovaci\u00f3n\"],\"articleSection\":[\"Actualidad\"],\"inLanguage\":\"es\",\"copyrightYear\":\"2010\",\"copyrightHolder\":{\"@id\":\"https:\/\/empresas.infoempleo.com\/hrtrends\/#organization\"}},{\"@type\":\"WebPage\",\"@id\":\"https:\/\/empresas.infoempleo.com\/hrtrends\/el-conocimiento-como-negocio-en-la-novena-potencia-mundial-en-produccion-cientifica\/\",\"url\":\"https:\/\/empresas.infoempleo.com\/hrtrends\/el-conocimiento-como-negocio-en-la-novena-potencia-mundial-en-produccion-cientifica\/\",\"name\":\"El conocimiento como negocio en la novena potencia mundial en producci\u00f3n cient\u00edfica | HRTRENDS\",\"isPartOf\":{\"@id\":\"https:\/\/empresas.infoempleo.com\/hrtrends\/#website\"},\"primaryImageOfPage\":{\"@id\":\"https:\/\/empresas.infoempleo.com\/hrtrends\/el-conocimiento-como-negocio-en-la-novena-potencia-mundial-en-produccion-cientifica\/#primaryimage\"},\"image\":{\"@id\":\"https:\/\/empresas.infoempleo.com\/hrtrends\/el-conocimiento-como-negocio-en-la-novena-potencia-mundial-en-produccion-cientifica\/#primaryimage\"},\"thumbnailUrl\":\"https:\/\/empresas.infoempleo.com\/hrtrends\/media\/2017\/05\/pexels-photo-205508.jpg\",\"datePublished\":\"2010-11-15T13:00:45+00:00\",\"dateModified\":\"2024-08-29T15:42:07+00:00\",\"breadcrumb\":{\"@id\":\"https:\/\/empresas.infoempleo.com\/hrtrends\/el-conocimiento-como-negocio-en-la-novena-potencia-mundial-en-produccion-cientifica\/#breadcrumb\"},\"inLanguage\":\"es\",\"potentialAction\":[{\"@type\":\"ReadAction\",\"target\":[\"https:\/\/empresas.infoempleo.com\/hrtrends\/el-conocimiento-como-negocio-en-la-novena-potencia-mundial-en-produccion-cientifica\/\"]}]},{\"@type\":\"ImageObject\",\"inLanguage\":\"es\",\"@id\":\"https:\/\/empresas.infoempleo.com\/hrtrends\/el-conocimiento-como-negocio-en-la-novena-potencia-mundial-en-produccion-cientifica\/#primaryimage\",\"url\":\"https:\/\/empresas.infoempleo.com\/hrtrends\/media\/2017\/05\/pexels-photo-205508-150x150.jpg\",\"contentUrl\":\"https:\/\/empresas.infoempleo.com\/hrtrends\/media\/2017\/05\/pexels-photo-205508-150x150.jpg\",\"width\":150,\"height\":150},{\"@type\":\"BreadcrumbList\",\"@id\":\"https:\/\/empresas.infoempleo.com\/hrtrends\/el-conocimiento-como-negocio-en-la-novena-potencia-mundial-en-produccion-cientifica\/#breadcrumb\",\"itemListElement\":[{\"@type\":\"ListItem\",\"position\":1,\"name\":\"Portada\",\"item\":\"https:\/\/empresas.infoempleo.com\/hrtrends\/\"},{\"@type\":\"ListItem\",\"position\":2,\"name\":\"El conocimiento como negocio en la novena potencia mundial en producci\u00f3n cient\u00edfica\"}]},{\"@type\":\"WebSite\",\"@id\":\"https:\/\/empresas.infoempleo.com\/hrtrends\/#website\",\"url\":\"https:\/\/empresas.infoempleo.com\/hrtrends\",\"name\":\"HRTrends by Infoempleo\",\"description\":\"\",\"publisher\":{\"@id\":\"https:\/\/empresas.infoempleo.com\/hrtrends\/#organization\"},\"potentialAction\":{\"@type\":\"SearchAction\",\"target\":\"https:\/\/empresas.infoempleo.com\/hrtrends\/?s={search_term_string}\",\"query-input\":\"required name=search_term_string\"},\"inLanguage\":\"es\"},{\"@type\":\"Organization\",\"@id\":\"https:\/\/empresas.infoempleo.com\/hrtrends\/#organization\",\"name\":\"Infoempleo\",\"url\":\"https:\/\/www.infoempleo.com\/\",\"logo\":{\"@type\":\"ImageObject\",\"@id\":\"https:\/\/empresas.infoempleo.com\/hrtrends\/#logo\",\"inLanguage\":\"es\",\"url\":\"https:\/\/cdnazure.infoempleo.com\/infoempleo\/assets\/style\/gfx\/logo.svg\",\"contentUrl\":\"https:\/\/cdnazure.infoempleo.com\/infoempleo\/assets\/style\/gfx\/logo.svg\",\"width\":150,\"height\":40,\"caption\":\"Infoempleo\"},\"image\":{\"@id\":\"https:\/\/empresas.infoempleo.com\/hrtrends\/#logo\"},\"sameAs\":[\"https:\/\/www.facebook.com\/Infoempleo\",\"https:\/\/x.com\/infoempleo\",\"http:\/\/instagram.com\/infoempleo\/\",\"http:\/\/www.linkedin.com\/groups\/Empleo-Espa\u00f1a-Infoempleocom-111276\",\"http:\/\/pinterest.com\/infoempleo\/\"],\"address\":{\"@type\":\"PostalAddress\",\"addressLocality\":\"Madrid\",\"postalCode\":\"28050\",\"streetAddress\":\"Avenida de Burgos 114\"},\"brand\":[\"Infoempleo\"]},{\"@type\":\"Person\",\"@id\":\"https:\/\/empresas.infoempleo.com\/hrtrends\/#\/schema\/person\/67d3e276ffcc8b3ae0ebec816daf775a\",\"name\":\"infoempleo\",\"image\":{\"@type\":\"ImageObject\",\"inLanguage\":\"es\",\"@id\":\"https:\/\/empresas.infoempleo.com\/hrtrends\/#\/schema\/person\/image\/\",\"url\":\"https:\/\/secure.gravatar.com\/avatar\/7b437777242fe67d2473c2a818da2344692d1ee91e91080ccffbd97bcd4a0975?s=96&d=mm&r=g\",\"contentUrl\":\"https:\/\/secure.gravatar.com\/avatar\/7b437777242fe67d2473c2a818da2344692d1ee91e91080ccffbd97bcd4a0975?s=96&d=mm&r=g\",\"caption\":\"infoempleo\"},\"url\":\"https:\/\/empresas.infoempleo.com\/hrtrends\/author\/infoempleo\/\"}]}<\/script>\n<!-- \/ Yoast SEO plugin. -->","yoast_head_json":{"title":"El conocimiento como negocio en la novena potencia mundial en producci\u00f3n cient\u00edfica | HRTRENDS","robots":{"index":"index","follow":"follow","max-snippet":"max-snippet:-1","max-image-preview":"max-image-preview:large","max-video-preview":"max-video-preview:-1"},"canonical":"https:\/\/empresas.infoempleo.com\/hrtrends\/el-conocimiento-como-negocio-en-la-novena-potencia-mundial-en-produccion-cientifica\/","og_locale":"es_ES","og_type":"article","og_title":"El conocimiento como negocio en la novena potencia mundial en producci\u00f3n cient\u00edfica | HRTRENDS","og_description":"La ministra de Ciencia e Innovaci\u00f3n, Cristina Garmendia Mendiz\u00e1bal, abrir\u00e1 el Foro Conitec 2010 el martes 30 de Leer m\u00e1s","og_url":"https:\/\/empresas.infoempleo.com\/hrtrends\/el-conocimiento-como-negocio-en-la-novena-potencia-mundial-en-produccion-cientifica\/","og_site_name":"HRTRENDS","article_publisher":"https:\/\/www.facebook.com\/Infoempleo","article_published_time":"2010-11-15T13:00:45+00:00","article_modified_time":"2024-08-29T15:42:07+00:00","author":"infoempleo","twitter_card":"summary_large_image","twitter_creator":"@infoempleo","twitter_site":"@infoempleo","twitter_misc":{"Escrito por":"infoempleo","Tiempo de lectura":"4 minutos"},"schema":{"@context":"https:\/\/schema.org","@graph":[{"@type":"NewsArticle","@id":"https:\/\/empresas.infoempleo.com\/hrtrends\/el-conocimiento-como-negocio-en-la-novena-potencia-mundial-en-produccion-cientifica\/#article","isPartOf":{"@id":"https:\/\/empresas.infoempleo.com\/hrtrends\/el-conocimiento-como-negocio-en-la-novena-potencia-mundial-en-produccion-cientifica\/"},"author":{"name":"infoempleo","@id":"https:\/\/empresas.infoempleo.com\/hrtrends\/#\/schema\/person\/67d3e276ffcc8b3ae0ebec816daf775a"},"headline":"El conocimiento como negocio en la novena potencia mundial en producci\u00f3n cient\u00edfica","datePublished":"2010-11-15T13:00:45+00:00","dateModified":"2024-08-29T15:42:07+00:00","mainEntityOfPage":{"@id":"https:\/\/empresas.infoempleo.com\/hrtrends\/el-conocimiento-como-negocio-en-la-novena-potencia-mundial-en-produccion-cientifica\/"},"wordCount":863,"publisher":{"@id":"https:\/\/empresas.infoempleo.com\/hrtrends\/#organization"},"image":{"@id":"https:\/\/empresas.infoempleo.com\/hrtrends\/el-conocimiento-como-negocio-en-la-novena-potencia-mundial-en-produccion-cientifica\/#primaryimage"},"thumbnailUrl":"https:\/\/empresas.infoempleo.com\/hrtrends\/media\/2017\/05\/pexels-photo-205508.jpg","keywords":["Foro conitec","innovaci\u00f3n"],"articleSection":["Actualidad"],"inLanguage":"es","copyrightYear":"2010","copyrightHolder":{"@id":"https:\/\/empresas.infoempleo.com\/hrtrends\/#organization"}},{"@type":"WebPage","@id":"https:\/\/empresas.infoempleo.com\/hrtrends\/el-conocimiento-como-negocio-en-la-novena-potencia-mundial-en-produccion-cientifica\/","url":"https:\/\/empresas.infoempleo.com\/hrtrends\/el-conocimiento-como-negocio-en-la-novena-potencia-mundial-en-produccion-cientifica\/","name":"El conocimiento como negocio en la novena potencia mundial en producci\u00f3n cient\u00edfica | HRTRENDS","isPartOf":{"@id":"https:\/\/empresas.infoempleo.com\/hrtrends\/#website"},"primaryImageOfPage":{"@id":"https:\/\/empresas.infoempleo.com\/hrtrends\/el-conocimiento-como-negocio-en-la-novena-potencia-mundial-en-produccion-cientifica\/#primaryimage"},"image":{"@id":"https:\/\/empresas.infoempleo.com\/hrtrends\/el-conocimiento-como-negocio-en-la-novena-potencia-mundial-en-produccion-cientifica\/#primaryimage"},"thumbnailUrl":"https:\/\/empresas.infoempleo.com\/hrtrends\/media\/2017\/05\/pexels-photo-205508.jpg","datePublished":"2010-11-15T13:00:45+00:00","dateModified":"2024-08-29T15:42:07+00:00","breadcrumb":{"@id":"https:\/\/empresas.infoempleo.com\/hrtrends\/el-conocimiento-como-negocio-en-la-novena-potencia-mundial-en-produccion-cientifica\/#breadcrumb"},"inLanguage":"es","potentialAction":[{"@type":"ReadAction","target":["https:\/\/empresas.infoempleo.com\/hrtrends\/el-conocimiento-como-negocio-en-la-novena-potencia-mundial-en-produccion-cientifica\/"]}]},{"@type":"ImageObject","inLanguage":"es","@id":"https:\/\/empresas.infoempleo.com\/hrtrends\/el-conocimiento-como-negocio-en-la-novena-potencia-mundial-en-produccion-cientifica\/#primaryimage","url":"https:\/\/empresas.infoempleo.com\/hrtrends\/media\/2017\/05\/pexels-photo-205508-150x150.jpg","contentUrl":"https:\/\/empresas.infoempleo.com\/hrtrends\/media\/2017\/05\/pexels-photo-205508-150x150.jpg","width":150,"height":150},{"@type":"BreadcrumbList","@id":"https:\/\/empresas.infoempleo.com\/hrtrends\/el-conocimiento-como-negocio-en-la-novena-potencia-mundial-en-produccion-cientifica\/#breadcrumb","itemListElement":[{"@type":"ListItem","position":1,"name":"Portada","item":"https:\/\/empresas.infoempleo.com\/hrtrends\/"},{"@type":"ListItem","position":2,"name":"El conocimiento como negocio en la novena potencia mundial en producci\u00f3n cient\u00edfica"}]},{"@type":"WebSite","@id":"https:\/\/empresas.infoempleo.com\/hrtrends\/#website","url":"https:\/\/empresas.infoempleo.com\/hrtrends","name":"HRTrends by Infoempleo","description":"","publisher":{"@id":"https:\/\/empresas.infoempleo.com\/hrtrends\/#organization"},"potentialAction":{"@type":"SearchAction","target":"https:\/\/empresas.infoempleo.com\/hrtrends\/?s={search_term_string}","query-input":"required name=search_term_string"},"inLanguage":"es"},{"@type":"Organization","@id":"https:\/\/empresas.infoempleo.com\/hrtrends\/#organization","name":"Infoempleo","url":"https:\/\/www.infoempleo.com\/","logo":{"@type":"ImageObject","@id":"https:\/\/empresas.infoempleo.com\/hrtrends\/#logo","inLanguage":"es","url":"https:\/\/cdnazure.infoempleo.com\/infoempleo\/assets\/style\/gfx\/logo.svg","contentUrl":"https:\/\/cdnazure.infoempleo.com\/infoempleo\/assets\/style\/gfx\/logo.svg","width":150,"height":40,"caption":"Infoempleo"},"image":{"@id":"https:\/\/empresas.infoempleo.com\/hrtrends\/#logo"},"sameAs":["https:\/\/www.facebook.com\/Infoempleo","https:\/\/x.com\/infoempleo","http:\/\/instagram.com\/infoempleo\/","http:\/\/www.linkedin.com\/groups\/Empleo-Espa\u00f1a-Infoempleocom-111276","http:\/\/pinterest.com\/infoempleo\/"],"address":{"@type":"PostalAddress","addressLocality":"Madrid","postalCode":"28050","streetAddress":"Avenida de Burgos 114"},"brand":["Infoempleo"]},{"@type":"Person","@id":"https:\/\/empresas.infoempleo.com\/hrtrends\/#\/schema\/person\/67d3e276ffcc8b3ae0ebec816daf775a","name":"infoempleo","image":{"@type":"ImageObject","inLanguage":"es","@id":"https:\/\/empresas.infoempleo.com\/hrtrends\/#\/schema\/person\/image\/","url":"https:\/\/secure.gravatar.com\/avatar\/7b437777242fe67d2473c2a818da2344692d1ee91e91080ccffbd97bcd4a0975?s=96&d=mm&r=g","contentUrl":"https:\/\/secure.gravatar.com\/avatar\/7b437777242fe67d2473c2a818da2344692d1ee91e91080ccffbd97bcd4a0975?s=96&d=mm&r=g","caption":"infoempleo"},"url":"https:\/\/empresas.infoempleo.com\/hrtrends\/author\/infoempleo\/"}]}},"amp_enabled":true,"_links":{"self":[{"href":"https:\/\/empresas.infoempleo.com\/hrtrends\/wp-json\/wp\/v2\/posts\/11392","targetHints":{"allow":["GET"]}}],"collection":[{"href":"https:\/\/empresas.infoempleo.com\/hrtrends\/wp-json\/wp\/v2\/posts"}],"about":[{"href":"https:\/\/empresas.infoempleo.com\/hrtrends\/wp-json\/wp\/v2\/types\/post"}],"author":[{"embeddable":true,"href":"https:\/\/empresas.infoempleo.com\/hrtrends\/wp-json\/wp\/v2\/users\/72"}],"replies":[{"embeddable":true,"href":"https:\/\/empresas.infoempleo.com\/hrtrends\/wp-json\/wp\/v2\/comments?post=11392"}],"version-history":[{"count":4,"href":"https:\/\/empresas.infoempleo.com\/hrtrends\/wp-json\/wp\/v2\/posts\/11392\/revisions"}],"predecessor-version":[{"id":44887,"href":"https:\/\/empresas.infoempleo.com\/hrtrends\/wp-json\/wp\/v2\/posts\/11392\/revisions\/44887"}],"wp:featuredmedia":[{"embeddable":true,"href":"https:\/\/empresas.infoempleo.com\/hrtrends\/wp-json\/wp\/v2\/media\/29665"}],"wp:attachment":[{"href":"https:\/\/empresas.infoempleo.com\/hrtrends\/wp-json\/wp\/v2\/media?parent=11392"}],"wp:term":[{"taxonomy":"category","embeddable":true,"href":"https:\/\/empresas.infoempleo.com\/hrtrends\/wp-json\/wp\/v2\/categories?post=11392"},{"taxonomy":"post_tag","embeddable":true,"href":"https:\/\/empresas.infoempleo.com\/hrtrends\/wp-json\/wp\/v2\/tags?post=11392"}],"curies":[{"name":"wp","href":"https:\/\/api.w.org\/{rel}","templated":true}]}}