{"id":11377,"date":"2010-11-15T12:56:46","date_gmt":"2010-11-15T11:56:46","guid":{"rendered":"http:\/\/blog.infoempleo.com\/?p=11377"},"modified":"2018-05-23T17:34:34","modified_gmt":"2018-05-23T15:34:34","slug":"se-podria-decir-que-he-aprendido-trabajando","status":"publish","type":"post","link":"https:\/\/empresas.infoempleo.com\/hrtrends\/se-podria-decir-que-he-aprendido-trabajando\/","title":{"rendered":"\u201cSe podr\u00eda decir que he aprendido trabajando\u201d"},"content":{"rendered":"<p><img loading=\"lazy\" decoding=\"async\" class=\"alignnone size-full wp-image-11378\" src=\"https:\/\/empresas.infoempleo.com\/hrtrends\/media\/2010\/11\/ingridrubio1.jpg\" alt=\"Ingrid Rubio\" width=\"175\" height=\"263\" srcset=\"https:\/\/empresas.infoempleo.com\/hrtrends\/media\/2010\/11\/ingridrubio1.jpg 250w, https:\/\/empresas.infoempleo.com\/hrtrends\/media\/2010\/11\/ingridrubio1-200x300.jpg 200w\" sizes=\"auto, (max-width: 175px) 100vw, 175px\" \/><\/p>\n<h3>Ingrid Rubio, actriz<\/h3>\n<p>De mirada chispeante y sonrisa sincera, Ingrid Rubio (Barcelona, 1975) lleva desde que cumpli\u00f3 su mayor\u00eda de edad dedicada a la interpretaci\u00f3n. En su primera pel\u00edcula era una taxista dirigida por Carlos Saura y ah\u00ed comenz\u00f3 una carrera que la ha llevado a meterse en personajes de distintas profesiones, caracter\u00edsticas y condici\u00f3n. Ha sido veterinaria en \u201cS\u00e9 qui\u00e9n eres\u201d; periodista, en \u201cHermanas\u201d, polic\u00eda cient\u00edfica en \u201cEl alquimista\u201d, modista en \u201cEl faro del sur\u201d o peluquera en \u201cQue se mueran los feos\u201d, su \u00faltima pel\u00edcula y una de las m\u00e1s taquilleras en este 2010.<\/p>\n<p><strong>\u00bfCu\u00e1l fue su primer trabajo remunerado?<br \/>\n<\/strong>Mi primer dinero lo gan\u00e9 de \u201ccanguro\u201d pero en realidad mi primer sueldo fue trabajando durante dos veranos de camarera en un bar. Con el dinero me pagu\u00e9 mis primeras clases de interpretaci\u00f3n. Pero la oportunidad no me lleg\u00f3 hasta a\u00f1os despu\u00e9s.<\/p>\n<p><strong>\u00bfC\u00f3mo le lleg\u00f3 esa oportunidad?<br \/>\n<\/strong>Un d\u00eda viajaba en un tren y un fot\u00f3grafo se me acerc\u00f3 y me propuso hacerme unas fotos. Acced\u00ed a ello. Una amiga me acompa\u00f1\u00f3, me las hice y las llev\u00e9 a una agencia de publicidad. Me llamaron para hacer alg\u00fan casting y al tercero me contrataron para rodar un anuncio de publicidad, el de \u201cla sopa\u201d.<\/p>\n<p><strong>\u00bfCu\u00e1ntos a\u00f1os ten\u00eda cuando rod\u00f3 el anuncio?<br \/>\n<\/strong>Ten\u00eda 15 a\u00f1os. El anuncio fue el detonante de mi carrera profesional porque tres a\u00f1os despu\u00e9s lo volvieron a reponer en televisi\u00f3n y fue entonces cuando me vio Sergi Belbel, que dirig\u00eda la serie \u201cSecrets de Familia\u201d en la televisi\u00f3n catalana. Andaban buscando a una actriz que pudiera interpretar a un personaje de la serie y me llamaron. Hice cinco pruebas y me contrataron para el papel. Comenc\u00e9 a trabajar al lado de actores profesionales, que me ense\u00f1aron muchas cosas como a colocarme ante las c\u00e1maras, conseguir los estados emocionales o estar atenta a las marcas. Se podr\u00eda decir que he aprendido trabajando. He tenido mucha suerte con la suma de acontecimientos, pero sobre todo, por los compa\u00f1eros que se han ido cruzando en mi camino, directores, equipo t\u00e9cnico, actores. Mis compa\u00f1eros me han ayudado a aprender.<\/p>\n<p><strong>Despu\u00e9s de \u201cSecrets de Familia\u201d rod\u00f3 \u201cTaxi\u201d. \u00bfC\u00f3mo la encontr\u00f3 Carlos Saura?<br \/>\n<\/strong>Carlos Saura estaba preparando el rodaje de la pel\u00edcula y ten\u00eda decidido al protagonista masculino, Carlos Fuentes, pero le faltaba la actriz. El representante de Carlos Fuentes, Jorge Deniz, me hab\u00eda visto en la serie y crey\u00f3 que podr\u00eda encajar en el perfil. Se puso en contacto conmigo. Preparamos un v\u00eddeo y las fotos que me hab\u00eda hecho a\u00f1os antes y lo enviamos a la productora. A partir de ese momento todo fue muy r\u00e1pido. Hice la prueba y me eligieron para interpretar a Paz. El mismo d\u00eda que hice la prueba en Madrid con Carlos Saura aprovech\u00e9 para ir a la productora de Fernando Colomo, donde se estaba decidiendo el reparto de \u201cM\u00e1s que amor frenes\u00ed\u201d, para dejar mi escaso material.<\/p>\n<p><strong>\u00bfDe todas las profesiones que ha interpretado con cu\u00e1l se quedar\u00eda?<br \/>\n<\/strong>La de modista, de \u201cEl faro del sur\u201d. Mis dos abuelas lo eran. Identifico este oficio con un sonido y una imagen, que me aporta paz y mucho amor. Adem\u00e1s es una labor muy creativa.<\/p>\n<p><strong>\u00bfQu\u00e9 profesi\u00f3n que no haya hecho le gustar\u00eda interpretar?<br \/>\n<\/strong>De bi\u00f3loga o alguien que estuviera relacionada con las Ciencias del Mar. Amo la mar, desde muy peque\u00f1a. Me encanta bucear, navegar, nadar. Adem\u00e1s, del mar a\u00fan nos queda mucho mundo por descubrir.<\/p>\n<p><strong>\u00bfC\u00f3mo se mete en la piel de sus personajes?<br \/>\n<\/strong>Principalmente sumergi\u00e9ndome en la l\u00ednea de su pensamiento, en su evoluci\u00f3n, entendi\u00e9ndole y queri\u00e9ndole. Trabajo su expresi\u00f3n corporal, le doy una canci\u00f3n, un olor, que no tiene porqu\u00e9 ser el de un perfume, puede ser un olor de la naturaleza, de una fruta, a hierbabuena o mandarina. Incluso lo transformo en un animal. Y c\u00f3mo no, encontrar sus zapatos.<\/p>\n<p><strong>Los zapatos, \u00bfporqu\u00e9?<br \/>\n<\/strong>En mi vida soy una persona muy pr\u00e1ctica y funcional. Llevo siempre zapatos muy c\u00f3modos. Los tacones me los guardo para ocasiones muy especiales. Siempre me llama la atenci\u00f3n la elecci\u00f3n de los zapatos que han de llevar puestos mis personajes. Es como la base sobre el suelo que pisan. Cuando me subo en los zapatos de un personaje ya estoy preparada.<\/p>\n<p><strong>El trabajo de actriz conlleva inestabilidad laboral, \u00bfc\u00f3mo se lleva eso?<br \/>\n<\/strong>Es muy importante la estabilidad emocional. Cuando no trabajas es necesario crearte unas rutinas diarias y hacer cosas que en otro momento no puedes hacer. Puede pasar mucho tiempo esperando una llamada, pero hay que confiar, saber esperar y no ponerse ansioso.<\/p>\n<p><strong>\u00bfQu\u00e9 le dir\u00eda a alguien que lleva mucho tiempo sin empleo?<br \/>\n<\/strong>Que sea proactivo, que conf\u00ede y que se mueva. El movimiento constante trae movimiento.<\/p>\n<p><strong>\u00bfQu\u00e9 espera de su profesi\u00f3n?<br \/>\n<\/strong>Espero que me aporte mucho trabajo. Amo lo que hago y espero seguir trabajando mucho tiempo porque es lo que cualquier persona necesita cuando siente verdadera pasi\u00f3n por lo que hace.<\/p>\n","protected":false},"excerpt":{"rendered":"<p>Ingrid Rubio, actriz De mirada chispeante y sonrisa sincera, Ingrid Rubio (Barcelona, 1975) lleva desde que cumpli\u00f3 su<a class=\"moretag\" href=\"https:\/\/empresas.infoempleo.com\/hrtrends\/se-podria-decir-que-he-aprendido-trabajando\/\"> Leer m\u00e1s<\/a><\/p>\n","protected":false},"author":59,"featured_media":29665,"comment_status":"closed","ping_status":"open","sticky":false,"template":"","format":"standard","meta":{"footnotes":""},"categories":[3],"tags":[2261,491],"class_list":["post-11377","post","type-post","status-publish","format-standard","has-post-thumbnail","hentry","category-actualidad","tag-ingrid-rubio","tag-primer-empleo"],"yoast_head":"<!-- This site is optimized with the Yoast SEO plugin v26.1.1 - https:\/\/yoast.com\/wordpress\/plugins\/seo\/ -->\n<title>\u201cSe podr\u00eda decir que he aprendido trabajando\u201d | HRTRENDS<\/title>\n<meta name=\"robots\" content=\"index, follow, max-snippet:-1, max-image-preview:large, max-video-preview:-1\" \/>\n<link rel=\"canonical\" href=\"https:\/\/empresas.infoempleo.com\/hrtrends\/se-podria-decir-que-he-aprendido-trabajando\/\" \/>\n<meta property=\"og:locale\" content=\"es_ES\" \/>\n<meta property=\"og:type\" content=\"article\" \/>\n<meta property=\"og:title\" content=\"\u201cSe podr\u00eda decir que he aprendido trabajando\u201d | HRTRENDS\" \/>\n<meta property=\"og:description\" content=\"Ingrid Rubio, actriz De mirada chispeante y sonrisa sincera, Ingrid Rubio (Barcelona, 1975) lleva desde que cumpli\u00f3 su Leer m\u00e1s\" \/>\n<meta property=\"og:url\" content=\"https:\/\/empresas.infoempleo.com\/hrtrends\/se-podria-decir-que-he-aprendido-trabajando\/\" \/>\n<meta property=\"og:site_name\" content=\"HRTRENDS\" \/>\n<meta property=\"article:publisher\" content=\"https:\/\/www.facebook.com\/Infoempleo\" \/>\n<meta property=\"article:published_time\" content=\"2010-11-15T11:56:46+00:00\" \/>\n<meta property=\"article:modified_time\" content=\"2018-05-23T15:34:34+00:00\" \/>\n<meta property=\"og:image\" content=\"https:\/\/empresas.infoempleo.com\/hrtrends\/media\/2017\/05\/pexels-photo-205508.jpg\" \/>\n\t<meta property=\"og:image:width\" content=\"1280\" \/>\n\t<meta property=\"og:image:height\" content=\"960\" \/>\n\t<meta property=\"og:image:type\" content=\"image\/jpeg\" \/>\n<meta name=\"author\" content=\"pepa albarracin\" \/>\n<meta name=\"twitter:card\" content=\"summary_large_image\" \/>\n<meta name=\"twitter:creator\" content=\"@infoempleo\" \/>\n<meta name=\"twitter:site\" content=\"@infoempleo\" \/>\n<meta name=\"twitter:label1\" content=\"Escrito por\" \/>\n\t<meta name=\"twitter:data1\" content=\"pepa albarracin\" \/>\n\t<meta name=\"twitter:label2\" content=\"Tiempo de lectura\" \/>\n\t<meta name=\"twitter:data2\" content=\"4 minutos\" \/>\n<script type=\"application\/ld+json\" class=\"yoast-schema-graph\">{\"@context\":\"https:\/\/schema.org\",\"@graph\":[{\"@type\":\"NewsArticle\",\"@id\":\"https:\/\/empresas.infoempleo.com\/hrtrends\/se-podria-decir-que-he-aprendido-trabajando\/#article\",\"isPartOf\":{\"@id\":\"https:\/\/empresas.infoempleo.com\/hrtrends\/se-podria-decir-que-he-aprendido-trabajando\/\"},\"author\":{\"name\":\"pepa albarracin\",\"@id\":\"https:\/\/empresas.infoempleo.com\/hrtrends\/#\/schema\/person\/1c443dfa643fc0977304bdabcccf70d2\"},\"headline\":\"\u201cSe podr\u00eda decir que he aprendido trabajando\u201d\",\"datePublished\":\"2010-11-15T11:56:46+00:00\",\"dateModified\":\"2018-05-23T15:34:34+00:00\",\"mainEntityOfPage\":{\"@id\":\"https:\/\/empresas.infoempleo.com\/hrtrends\/se-podria-decir-que-he-aprendido-trabajando\/\"},\"wordCount\":897,\"publisher\":{\"@id\":\"https:\/\/empresas.infoempleo.com\/hrtrends\/#organization\"},\"image\":{\"@id\":\"https:\/\/empresas.infoempleo.com\/hrtrends\/se-podria-decir-que-he-aprendido-trabajando\/#primaryimage\"},\"thumbnailUrl\":\"https:\/\/empresas.infoempleo.com\/hrtrends\/media\/2017\/05\/pexels-photo-205508.jpg\",\"keywords\":[\"Ingrid Rubio\",\"primer empleo\"],\"articleSection\":[\"Actualidad\"],\"inLanguage\":\"es\",\"copyrightYear\":\"2010\",\"copyrightHolder\":{\"@id\":\"https:\/\/empresas.infoempleo.com\/hrtrends\/#organization\"}},{\"@type\":\"WebPage\",\"@id\":\"https:\/\/empresas.infoempleo.com\/hrtrends\/se-podria-decir-que-he-aprendido-trabajando\/\",\"url\":\"https:\/\/empresas.infoempleo.com\/hrtrends\/se-podria-decir-que-he-aprendido-trabajando\/\",\"name\":\"\u201cSe podr\u00eda decir que he aprendido trabajando\u201d | HRTRENDS\",\"isPartOf\":{\"@id\":\"https:\/\/empresas.infoempleo.com\/hrtrends\/#website\"},\"primaryImageOfPage\":{\"@id\":\"https:\/\/empresas.infoempleo.com\/hrtrends\/se-podria-decir-que-he-aprendido-trabajando\/#primaryimage\"},\"image\":{\"@id\":\"https:\/\/empresas.infoempleo.com\/hrtrends\/se-podria-decir-que-he-aprendido-trabajando\/#primaryimage\"},\"thumbnailUrl\":\"https:\/\/empresas.infoempleo.com\/hrtrends\/media\/2017\/05\/pexels-photo-205508.jpg\",\"datePublished\":\"2010-11-15T11:56:46+00:00\",\"dateModified\":\"2018-05-23T15:34:34+00:00\",\"breadcrumb\":{\"@id\":\"https:\/\/empresas.infoempleo.com\/hrtrends\/se-podria-decir-que-he-aprendido-trabajando\/#breadcrumb\"},\"inLanguage\":\"es\",\"potentialAction\":[{\"@type\":\"ReadAction\",\"target\":[\"https:\/\/empresas.infoempleo.com\/hrtrends\/se-podria-decir-que-he-aprendido-trabajando\/\"]}]},{\"@type\":\"ImageObject\",\"inLanguage\":\"es\",\"@id\":\"https:\/\/empresas.infoempleo.com\/hrtrends\/se-podria-decir-que-he-aprendido-trabajando\/#primaryimage\",\"url\":\"https:\/\/empresas.infoempleo.com\/hrtrends\/media\/2017\/05\/pexels-photo-205508-150x150.jpg\",\"contentUrl\":\"https:\/\/empresas.infoempleo.com\/hrtrends\/media\/2017\/05\/pexels-photo-205508-150x150.jpg\",\"width\":150,\"height\":150},{\"@type\":\"BreadcrumbList\",\"@id\":\"https:\/\/empresas.infoempleo.com\/hrtrends\/se-podria-decir-que-he-aprendido-trabajando\/#breadcrumb\",\"itemListElement\":[{\"@type\":\"ListItem\",\"position\":1,\"name\":\"Portada\",\"item\":\"https:\/\/empresas.infoempleo.com\/hrtrends\/\"},{\"@type\":\"ListItem\",\"position\":2,\"name\":\"\u201cSe podr\u00eda decir que he aprendido trabajando\u201d\"}]},{\"@type\":\"WebSite\",\"@id\":\"https:\/\/empresas.infoempleo.com\/hrtrends\/#website\",\"url\":\"https:\/\/empresas.infoempleo.com\/hrtrends\",\"name\":\"HRTrends by Infoempleo\",\"description\":\"\",\"publisher\":{\"@id\":\"https:\/\/empresas.infoempleo.com\/hrtrends\/#organization\"},\"potentialAction\":{\"@type\":\"SearchAction\",\"target\":\"https:\/\/empresas.infoempleo.com\/hrtrends\/?s={search_term_string}\",\"query-input\":\"required name=search_term_string\"},\"inLanguage\":\"es\"},{\"@type\":\"Organization\",\"@id\":\"https:\/\/empresas.infoempleo.com\/hrtrends\/#organization\",\"name\":\"Infoempleo\",\"url\":\"https:\/\/www.infoempleo.com\/\",\"logo\":{\"@type\":\"ImageObject\",\"@id\":\"https:\/\/empresas.infoempleo.com\/hrtrends\/#logo\",\"inLanguage\":\"es\",\"url\":\"https:\/\/cdnazure.infoempleo.com\/infoempleo\/assets\/style\/gfx\/logo.svg\",\"contentUrl\":\"https:\/\/cdnazure.infoempleo.com\/infoempleo\/assets\/style\/gfx\/logo.svg\",\"width\":150,\"height\":40,\"caption\":\"Infoempleo\"},\"image\":{\"@id\":\"https:\/\/empresas.infoempleo.com\/hrtrends\/#logo\"},\"sameAs\":[\"https:\/\/www.facebook.com\/Infoempleo\",\"https:\/\/x.com\/infoempleo\",\"http:\/\/instagram.com\/infoempleo\/\",\"http:\/\/www.linkedin.com\/groups\/Empleo-Espa\u00f1a-Infoempleocom-111276\",\"http:\/\/pinterest.com\/infoempleo\/\"],\"address\":{\"@type\":\"PostalAddress\",\"addressLocality\":\"Madrid\",\"postalCode\":\"28050\",\"streetAddress\":\"Avenida de Burgos 114\"},\"brand\":[\"Infoempleo\"]},{\"@type\":\"Person\",\"@id\":\"https:\/\/empresas.infoempleo.com\/hrtrends\/#\/schema\/person\/1c443dfa643fc0977304bdabcccf70d2\",\"name\":\"pepa albarracin\",\"image\":{\"@type\":\"ImageObject\",\"inLanguage\":\"es\",\"@id\":\"https:\/\/empresas.infoempleo.com\/hrtrends\/#\/schema\/person\/image\/\",\"url\":\"https:\/\/secure.gravatar.com\/avatar\/4ad126e93a48c4959998acc2e1d21843e49edbbdcd223b8f411bebbfbfc37b97?s=96&d=mm&r=g\",\"contentUrl\":\"https:\/\/secure.gravatar.com\/avatar\/4ad126e93a48c4959998acc2e1d21843e49edbbdcd223b8f411bebbfbfc37b97?s=96&d=mm&r=g\",\"caption\":\"pepa albarracin\"},\"url\":\"https:\/\/empresas.infoempleo.com\/hrtrends\/author\/pepa-albarracin\/\"}]}<\/script>\n<!-- \/ Yoast SEO plugin. -->","yoast_head_json":{"title":"\u201cSe podr\u00eda decir que he aprendido trabajando\u201d | HRTRENDS","robots":{"index":"index","follow":"follow","max-snippet":"max-snippet:-1","max-image-preview":"max-image-preview:large","max-video-preview":"max-video-preview:-1"},"canonical":"https:\/\/empresas.infoempleo.com\/hrtrends\/se-podria-decir-que-he-aprendido-trabajando\/","og_locale":"es_ES","og_type":"article","og_title":"\u201cSe podr\u00eda decir que he aprendido trabajando\u201d | HRTRENDS","og_description":"Ingrid Rubio, actriz De mirada chispeante y sonrisa sincera, Ingrid Rubio (Barcelona, 1975) lleva desde que cumpli\u00f3 su Leer m\u00e1s","og_url":"https:\/\/empresas.infoempleo.com\/hrtrends\/se-podria-decir-que-he-aprendido-trabajando\/","og_site_name":"HRTRENDS","article_publisher":"https:\/\/www.facebook.com\/Infoempleo","article_published_time":"2010-11-15T11:56:46+00:00","article_modified_time":"2018-05-23T15:34:34+00:00","og_image":[{"width":1280,"height":960,"url":"https:\/\/empresas.infoempleo.com\/hrtrends\/media\/2017\/05\/pexels-photo-205508.jpg","type":"image\/jpeg"}],"author":"pepa albarracin","twitter_card":"summary_large_image","twitter_creator":"@infoempleo","twitter_site":"@infoempleo","twitter_misc":{"Escrito por":"pepa albarracin","Tiempo de lectura":"4 minutos"},"schema":{"@context":"https:\/\/schema.org","@graph":[{"@type":"NewsArticle","@id":"https:\/\/empresas.infoempleo.com\/hrtrends\/se-podria-decir-que-he-aprendido-trabajando\/#article","isPartOf":{"@id":"https:\/\/empresas.infoempleo.com\/hrtrends\/se-podria-decir-que-he-aprendido-trabajando\/"},"author":{"name":"pepa albarracin","@id":"https:\/\/empresas.infoempleo.com\/hrtrends\/#\/schema\/person\/1c443dfa643fc0977304bdabcccf70d2"},"headline":"\u201cSe podr\u00eda decir que he aprendido trabajando\u201d","datePublished":"2010-11-15T11:56:46+00:00","dateModified":"2018-05-23T15:34:34+00:00","mainEntityOfPage":{"@id":"https:\/\/empresas.infoempleo.com\/hrtrends\/se-podria-decir-que-he-aprendido-trabajando\/"},"wordCount":897,"publisher":{"@id":"https:\/\/empresas.infoempleo.com\/hrtrends\/#organization"},"image":{"@id":"https:\/\/empresas.infoempleo.com\/hrtrends\/se-podria-decir-que-he-aprendido-trabajando\/#primaryimage"},"thumbnailUrl":"https:\/\/empresas.infoempleo.com\/hrtrends\/media\/2017\/05\/pexels-photo-205508.jpg","keywords":["Ingrid Rubio","primer empleo"],"articleSection":["Actualidad"],"inLanguage":"es","copyrightYear":"2010","copyrightHolder":{"@id":"https:\/\/empresas.infoempleo.com\/hrtrends\/#organization"}},{"@type":"WebPage","@id":"https:\/\/empresas.infoempleo.com\/hrtrends\/se-podria-decir-que-he-aprendido-trabajando\/","url":"https:\/\/empresas.infoempleo.com\/hrtrends\/se-podria-decir-que-he-aprendido-trabajando\/","name":"\u201cSe podr\u00eda decir que he aprendido trabajando\u201d | HRTRENDS","isPartOf":{"@id":"https:\/\/empresas.infoempleo.com\/hrtrends\/#website"},"primaryImageOfPage":{"@id":"https:\/\/empresas.infoempleo.com\/hrtrends\/se-podria-decir-que-he-aprendido-trabajando\/#primaryimage"},"image":{"@id":"https:\/\/empresas.infoempleo.com\/hrtrends\/se-podria-decir-que-he-aprendido-trabajando\/#primaryimage"},"thumbnailUrl":"https:\/\/empresas.infoempleo.com\/hrtrends\/media\/2017\/05\/pexels-photo-205508.jpg","datePublished":"2010-11-15T11:56:46+00:00","dateModified":"2018-05-23T15:34:34+00:00","breadcrumb":{"@id":"https:\/\/empresas.infoempleo.com\/hrtrends\/se-podria-decir-que-he-aprendido-trabajando\/#breadcrumb"},"inLanguage":"es","potentialAction":[{"@type":"ReadAction","target":["https:\/\/empresas.infoempleo.com\/hrtrends\/se-podria-decir-que-he-aprendido-trabajando\/"]}]},{"@type":"ImageObject","inLanguage":"es","@id":"https:\/\/empresas.infoempleo.com\/hrtrends\/se-podria-decir-que-he-aprendido-trabajando\/#primaryimage","url":"https:\/\/empresas.infoempleo.com\/hrtrends\/media\/2017\/05\/pexels-photo-205508-150x150.jpg","contentUrl":"https:\/\/empresas.infoempleo.com\/hrtrends\/media\/2017\/05\/pexels-photo-205508-150x150.jpg","width":150,"height":150},{"@type":"BreadcrumbList","@id":"https:\/\/empresas.infoempleo.com\/hrtrends\/se-podria-decir-que-he-aprendido-trabajando\/#breadcrumb","itemListElement":[{"@type":"ListItem","position":1,"name":"Portada","item":"https:\/\/empresas.infoempleo.com\/hrtrends\/"},{"@type":"ListItem","position":2,"name":"\u201cSe podr\u00eda decir que he aprendido trabajando\u201d"}]},{"@type":"WebSite","@id":"https:\/\/empresas.infoempleo.com\/hrtrends\/#website","url":"https:\/\/empresas.infoempleo.com\/hrtrends","name":"HRTrends by Infoempleo","description":"","publisher":{"@id":"https:\/\/empresas.infoempleo.com\/hrtrends\/#organization"},"potentialAction":{"@type":"SearchAction","target":"https:\/\/empresas.infoempleo.com\/hrtrends\/?s={search_term_string}","query-input":"required name=search_term_string"},"inLanguage":"es"},{"@type":"Organization","@id":"https:\/\/empresas.infoempleo.com\/hrtrends\/#organization","name":"Infoempleo","url":"https:\/\/www.infoempleo.com\/","logo":{"@type":"ImageObject","@id":"https:\/\/empresas.infoempleo.com\/hrtrends\/#logo","inLanguage":"es","url":"https:\/\/cdnazure.infoempleo.com\/infoempleo\/assets\/style\/gfx\/logo.svg","contentUrl":"https:\/\/cdnazure.infoempleo.com\/infoempleo\/assets\/style\/gfx\/logo.svg","width":150,"height":40,"caption":"Infoempleo"},"image":{"@id":"https:\/\/empresas.infoempleo.com\/hrtrends\/#logo"},"sameAs":["https:\/\/www.facebook.com\/Infoempleo","https:\/\/x.com\/infoempleo","http:\/\/instagram.com\/infoempleo\/","http:\/\/www.linkedin.com\/groups\/Empleo-Espa\u00f1a-Infoempleocom-111276","http:\/\/pinterest.com\/infoempleo\/"],"address":{"@type":"PostalAddress","addressLocality":"Madrid","postalCode":"28050","streetAddress":"Avenida de Burgos 114"},"brand":["Infoempleo"]},{"@type":"Person","@id":"https:\/\/empresas.infoempleo.com\/hrtrends\/#\/schema\/person\/1c443dfa643fc0977304bdabcccf70d2","name":"pepa albarracin","image":{"@type":"ImageObject","inLanguage":"es","@id":"https:\/\/empresas.infoempleo.com\/hrtrends\/#\/schema\/person\/image\/","url":"https:\/\/secure.gravatar.com\/avatar\/4ad126e93a48c4959998acc2e1d21843e49edbbdcd223b8f411bebbfbfc37b97?s=96&d=mm&r=g","contentUrl":"https:\/\/secure.gravatar.com\/avatar\/4ad126e93a48c4959998acc2e1d21843e49edbbdcd223b8f411bebbfbfc37b97?s=96&d=mm&r=g","caption":"pepa albarracin"},"url":"https:\/\/empresas.infoempleo.com\/hrtrends\/author\/pepa-albarracin\/"}]}},"amp_enabled":true,"_links":{"self":[{"href":"https:\/\/empresas.infoempleo.com\/hrtrends\/wp-json\/wp\/v2\/posts\/11377","targetHints":{"allow":["GET"]}}],"collection":[{"href":"https:\/\/empresas.infoempleo.com\/hrtrends\/wp-json\/wp\/v2\/posts"}],"about":[{"href":"https:\/\/empresas.infoempleo.com\/hrtrends\/wp-json\/wp\/v2\/types\/post"}],"author":[{"embeddable":true,"href":"https:\/\/empresas.infoempleo.com\/hrtrends\/wp-json\/wp\/v2\/users\/59"}],"replies":[{"embeddable":true,"href":"https:\/\/empresas.infoempleo.com\/hrtrends\/wp-json\/wp\/v2\/comments?post=11377"}],"version-history":[{"count":0,"href":"https:\/\/empresas.infoempleo.com\/hrtrends\/wp-json\/wp\/v2\/posts\/11377\/revisions"}],"wp:featuredmedia":[{"embeddable":true,"href":"https:\/\/empresas.infoempleo.com\/hrtrends\/wp-json\/wp\/v2\/media\/29665"}],"wp:attachment":[{"href":"https:\/\/empresas.infoempleo.com\/hrtrends\/wp-json\/wp\/v2\/media?parent=11377"}],"wp:term":[{"taxonomy":"category","embeddable":true,"href":"https:\/\/empresas.infoempleo.com\/hrtrends\/wp-json\/wp\/v2\/categories?post=11377"},{"taxonomy":"post_tag","embeddable":true,"href":"https:\/\/empresas.infoempleo.com\/hrtrends\/wp-json\/wp\/v2\/tags?post=11377"}],"curies":[{"name":"wp","href":"https:\/\/api.w.org\/{rel}","templated":true}]}}