{"id":11364,"date":"2010-11-15T10:28:44","date_gmt":"2010-11-15T09:28:44","guid":{"rendered":"http:\/\/blog.infoempleo.com\/?p=11364"},"modified":"2024-08-29T17:42:02","modified_gmt":"2024-08-29T15:42:02","slug":"la-fuga-de-cerebros-una-amenaza-para-el-sector-espanol-de-idi","status":"publish","type":"post","link":"https:\/\/empresas.infoempleo.com\/hrtrends\/la-fuga-de-cerebros-una-amenaza-para-el-sector-espanol-de-idi\/","title":{"rendered":"La fuga de cerebros, una amenaza para el sector espa\u00f1ol de I+D+i"},"content":{"rendered":"<p>El talento se est\u00e1 marchando de nuestro pa\u00eds. <strong>La crisis econ\u00f3mica y la falta de perspectivas laborales est\u00e1 obligando a muchos espa\u00f1oles a buscar oportunidades fuera de nuestras fronteras.<\/strong> El Departamento de Movilidad Internacional de la consultora <a href=\"https:\/\/www.adecco.es\/\" target=\"_blank\" rel=\"noopener\">Adecco<\/a> ha recogido las cifras de este \u00e9xodo y ha llegado a unas conclusiones alarmantes: <strong>en tan s\u00f3lo dos a\u00f1os, el n\u00famero de demandantes de empleo para trabajar fuera de Espa\u00f1a se ha duplicado y el 50% asegura que dejar\u00eda el pa\u00eds por un sueldo igual o, incluso, menor que el que recibe aqu\u00ed.<\/strong><\/p>\n<p>Tambi\u00e9n las cifras demogr\u00e1ficas oficiales parecen corroborar esta tendencia. Entre abril de 2008 \u2014momento que se considera el principio de la crisis econ\u00f3mica\u2014 y abril de 2010 el n\u00famero de espa\u00f1oles mayores de edad residentes en el extranjero se ha incrementado en 118.145 personas\u2014 un 9,2% m\u00e1s\u2014, seg\u00fan datos del Censo Electoral de Espa\u00f1oles Residentes en el Extranjero.<\/p>\n<p>Seg\u00fan la consultora, <strong>el perfil del profesional que se marcha fuera es el de un joven de entre 25 y 35 a\u00f1os, que a\u00fan no posee cargas familiares y que, generalmente, cuenta con una formaci\u00f3n altamente cualificada.<\/strong>\u00a0 Tradicionalmente, Espa\u00f1a ha \u00abexportado cerebros\u00bb de la rama biosanitaria, pero<strong> la crisis tambi\u00e9n est\u00e1 afectando a arquitectos, inform\u00e1ticos o ingenieros, profesiones que, en\u00a0 Espa\u00f1a, nunca tuvieron un elevado \u00edndice de desempleo<\/strong> y que actualmente pasan por las mismas dificultades que el resto de los titulados superiores.<\/p>\n<h3>Creadores preocupados<\/h3>\n<p>Precisamente el sector de la ingenier\u00eda es el que \u00faltimamente se muestra m\u00e1s inquieto ante la falta de oportunidades en Espa\u00f1a y la incesante \u00abfuga de cerebros\u00bb. Recientemente, la patronal del ramo, Tecniberia, ha solicitado al Gobierno que garantice una inversi\u00f3n p\u00fablica m\u00ednima anual de 1.000\u00a0 millones\u00a0 de euros en ingenier\u00eda. De lo contrario, la huida del talento hacia otros pa\u00edses es inminente, teniendo en cuenta que el colectivo pierde alrededor de 1.000 puestos de trabajo al mes.<\/p>\n<p>La principal causa de este chorreo continuo de destrucci\u00f3n de empleo es, seg\u00fan Jos\u00e9 Luis Vallv\u00e9, presidente de Tecniberia, <strong>el recorte en la inversi\u00f3n p\u00fablica en ingenier\u00eda en un 50%<\/strong>. Algunas de las cifras que maneja son espectaculares. En algunos subsectores la inversi\u00f3n p\u00fablica ha ca\u00eddo en picado. En el de carreteras, por ejemplo, el sector\u00a0p\u00fablico invirti\u00f3 en 2009 200 millones de euros. En\u00a0 2010, la inversi\u00f3n ha sido, tan s\u00f3lo, de 6 millones de euros.<\/p>\n<p>El Estado ha sido, tradicionalmente, el que mayor consumo de ingenier\u00eda ha realizado, por lo que el recorte en inversiones est\u00e1 siendo catastr\u00f3fico. \u00abHace un a\u00f1o, en los tablones de anuncios de las escuelas de ingenieros hab\u00eda muchas ofertas de trabajo. Ahora no hay ninguna\u00bb, se quejaVallv\u00e9.<\/p>\n<p><strong>Teniendo en cuenta que la ingenier\u00eda y la\u00a0 investigaci\u00f3n son sectores estrat\u00e9gicos que crean nuevo conocimiento e impulsan la econom\u00eda de un pa\u00eds, el futuro de Espa\u00f1a no se presenta\u00a0 nada claro.<\/strong> \u00abEstamos parando el pa\u00eds: lo que no se proyecta no se va a hacer\u00bb, se quejaVallv\u00e9.<\/p>\n<p>Ante este panorama, los ingenieros est\u00e1n optando por hacer las maletas y marcharse a otros pa\u00edses de Europa o a Estados Unidos. \u00abHay pa\u00edses que no han parado el ritmo creador, como Alemania, Reino Unido o los pa\u00edses n\u00f3rdicos, as\u00ed que los ingenieros se marchan all\u00ed\u00bb, afirma Vallv\u00e9.<\/p>\n<p>Pero la tragedia no tiene s\u00f3lo connotaciones humanas\u2014 la p\u00e9rdida de fuerza de trabajo y de talento creador\u2014 sino econ\u00f3mico: seg\u00fan el presidente de Tecniberia, formar a un ingeniero le cuesta a la sociedad unos 60.000 euros. Si se marcha fuera, es una inversi\u00f3n que no se recupera. \u00abEs poco inteligente recortar donde se supone que est\u00e1 el futuro\u00bb, sentenciaVallv\u00e9.<\/p>\n<h3>Falta de investigaci\u00f3n<\/h3>\n<p>Los ingenieros est\u00e1n optando ahora por marcharse fuera, pero muchos profesionales de la investigaci\u00f3n cient\u00edfica espa\u00f1ola hace tiempo que saben lo que es buscarse un\u00a0 sitio en el exterior ante la falta de oportunidades que ofrece Espa\u00f1a. <strong>\u00abMarcharse fuera no es negativo, pero s\u00ed cuando es la \u00fanica salida\u00bb<\/strong>, opina Salom\u00f3n Aguado, portavoz de la Federaci\u00f3n de J\u00f3venes\u00a0 Investigadores\/Precarios\u00a0(FJI\/Precarios), una instituci\u00f3n creada en 2000 que lucha por mejorar las condiciones laborales de los j\u00f3venes investigadores y por la dignificaci\u00f3n de la profesi\u00f3n y que elabora propuestas de cara a\u00a0mejorar la situaci\u00f3n de la ciencia y el I+D+i en Espa\u00f1a.<\/p>\n<p>Las causas de este \u00e9xodo de investigadores son dos, seg\u00fan Aguado. En primer lugar, la <strong>falta de una carrera investigadora estructurada<\/strong>. \u00abDespu\u00e9s del doctorado no se sabe muy bien cu\u00e1les son los pasos a seguir. No hay una estructura cient\u00edfica para incorporar a este personal\u00bb, asegura. En Espa\u00f1a, informa el portavoz de FJI\/Precarios, se leen unas 10.000 tesis doctorales al a\u00f1o, pero no hay puestos de trabajo para todos.<\/p>\n<p>La segunda causa es la <strong>falta de recursos econ\u00f3micos destinados a I+D+i en Espa\u00f1a<\/strong>. Aguado se queja de que el a\u00f1o pasado el Ministerio de Ciencia e Innovaci\u00f3n recort\u00f3 el presupuesto en investigaci\u00f3n en un 15% y este a\u00f1o el tijeretazo se ha llevado casi el 10% de los recursos. Y dadas las cifras que ya se han hecho p\u00fablicas, el a\u00f1o que viene la situaci\u00f3n no mejora. <strong>En 2011, el presupuesto en I+D+i ser\u00e1 un 7% inferior<\/strong>. Ante este recorte, algunas instituciones ya se est\u00e1n apretando el cintur\u00f3n. Por ejemplo, el <a href=\"https:\/\/www.csic.es\/es\" target=\"_blank\" rel=\"noopener\">Centro Superior de Investigaciones Cient\u00edficas (CSIC)<\/a> reducir\u00e1 la contrataci\u00f3n el a\u00f1o que viene en un 20%. \u00abEl Gobierno no ha apostado por la innovaci\u00f3n para salir de la crisis \u00bb, asegura Aguado. Por eso cree que otros pa\u00edses, como el Reino Unido, que s\u00ed han apostado por el I+D+i para\u00a0 salir\u00a0de la crisis, dejar\u00e1n atr\u00e1s los problemas financieros mucho antes.<\/p>\n<p>Ante este panorama, muchos doctores deciden buscar un hueco fuera de nuestras fronteras. Pero, \u00bfqu\u00e9 encuentran\u00a0all\u00ed? Sobre todo, una buena acogida del talento. \u00ab<strong>En otros pa\u00edses hay un reconocimiento social a la figura del doctor. <\/strong>En Estados Unidos y Alemania los investigadores est\u00e1n\u00a0 bien vistos\u00bb, afirma Aguado. Y finaliza con\u00a0una queja muy similar a la del presidente de la patronal Tecniberia. \u00abEs muycaro formar a un doctor. Entonces,\u00a0\u00bfse est\u00e1n creando doctores para el mercado alem\u00e1n?\u00bb, a\u00f1ade el portavoz de FJI\/Precarios.<\/p>\n","protected":false},"excerpt":{"rendered":"<p>El talento se est\u00e1 marchando de nuestro pa\u00eds. La crisis econ\u00f3mica y la falta de perspectivas laborales est\u00e1<a class=\"moretag\" href=\"https:\/\/empresas.infoempleo.com\/hrtrends\/la-fuga-de-cerebros-una-amenaza-para-el-sector-espanol-de-idi\/\"> Leer m\u00e1s<\/a><\/p>\n","protected":false},"author":50,"featured_media":29665,"comment_status":"closed","ping_status":"open","sticky":false,"template":"","format":"standard","meta":{"footnotes":""},"categories":[3],"tags":[2256,595,198,2257,2258,2259,64],"class_list":["post-11364","post","type-post","status-publish","format-standard","has-post-thumbnail","hentry","category-actualidad","tag-doctor","tag-idi","tag-innovacion","tag-inversion","tag-ivestigacion","tag-newsltter","tag-tecnologia-2"],"yoast_head":"<!-- This site is optimized with the Yoast SEO plugin v26.1.1 - https:\/\/yoast.com\/wordpress\/plugins\/seo\/ -->\n<title>La fuga de cerebros, una amenaza para el sector espa\u00f1ol de I+D+i | HRTRENDS<\/title>\n<meta name=\"robots\" content=\"index, follow, max-snippet:-1, max-image-preview:large, max-video-preview:-1\" \/>\n<link rel=\"canonical\" href=\"https:\/\/empresas.infoempleo.com\/hrtrends\/la-fuga-de-cerebros-una-amenaza-para-el-sector-espanol-de-idi\/\" \/>\n<meta property=\"og:locale\" content=\"es_ES\" \/>\n<meta property=\"og:type\" content=\"article\" \/>\n<meta property=\"og:title\" content=\"La fuga de cerebros, una amenaza para el sector espa\u00f1ol de I+D+i | HRTRENDS\" \/>\n<meta property=\"og:description\" content=\"El talento se est\u00e1 marchando de nuestro pa\u00eds. La crisis econ\u00f3mica y la falta de perspectivas laborales est\u00e1 Leer m\u00e1s\" \/>\n<meta property=\"og:url\" content=\"https:\/\/empresas.infoempleo.com\/hrtrends\/la-fuga-de-cerebros-una-amenaza-para-el-sector-espanol-de-idi\/\" \/>\n<meta property=\"og:site_name\" content=\"HRTRENDS\" \/>\n<meta property=\"article:publisher\" content=\"https:\/\/www.facebook.com\/Infoempleo\" \/>\n<meta property=\"article:published_time\" content=\"2010-11-15T09:28:44+00:00\" \/>\n<meta property=\"article:modified_time\" content=\"2024-08-29T15:42:02+00:00\" \/>\n<meta name=\"author\" content=\"Sergio Mu\u00f1oz\" \/>\n<meta name=\"twitter:card\" content=\"summary_large_image\" \/>\n<meta name=\"twitter:creator\" content=\"@infoempleo\" \/>\n<meta name=\"twitter:site\" content=\"@infoempleo\" \/>\n<meta name=\"twitter:label1\" content=\"Escrito por\" \/>\n\t<meta name=\"twitter:data1\" content=\"Sergio Mu\u00f1oz\" \/>\n\t<meta name=\"twitter:label2\" content=\"Tiempo de lectura\" \/>\n\t<meta name=\"twitter:data2\" content=\"5 minutos\" \/>\n<script type=\"application\/ld+json\" class=\"yoast-schema-graph\">{\"@context\":\"https:\/\/schema.org\",\"@graph\":[{\"@type\":\"NewsArticle\",\"@id\":\"https:\/\/empresas.infoempleo.com\/hrtrends\/la-fuga-de-cerebros-una-amenaza-para-el-sector-espanol-de-idi\/#article\",\"isPartOf\":{\"@id\":\"https:\/\/empresas.infoempleo.com\/hrtrends\/la-fuga-de-cerebros-una-amenaza-para-el-sector-espanol-de-idi\/\"},\"author\":{\"name\":\"Sergio Mu\u00f1oz\",\"@id\":\"https:\/\/empresas.infoempleo.com\/hrtrends\/#\/schema\/person\/6eed0717dd6d324ad674543577f7d352\"},\"headline\":\"La fuga de cerebros, una amenaza para el sector espa\u00f1ol de I+D+i\",\"datePublished\":\"2010-11-15T09:28:44+00:00\",\"dateModified\":\"2024-08-29T15:42:02+00:00\",\"mainEntityOfPage\":{\"@id\":\"https:\/\/empresas.infoempleo.com\/hrtrends\/la-fuga-de-cerebros-una-amenaza-para-el-sector-espanol-de-idi\/\"},\"wordCount\":1114,\"publisher\":{\"@id\":\"https:\/\/empresas.infoempleo.com\/hrtrends\/#organization\"},\"image\":{\"@id\":\"https:\/\/empresas.infoempleo.com\/hrtrends\/la-fuga-de-cerebros-una-amenaza-para-el-sector-espanol-de-idi\/#primaryimage\"},\"thumbnailUrl\":\"https:\/\/empresas.infoempleo.com\/hrtrends\/media\/2017\/05\/pexels-photo-205508.jpg\",\"keywords\":[\"doctor\",\"I+D+i\",\"innovaci\u00f3n\",\"inversion\",\"ivestigaci\u00f3n\",\"newsltter\",\"tecnolog\u00eda\"],\"articleSection\":[\"Actualidad\"],\"inLanguage\":\"es\",\"copyrightYear\":\"2010\",\"copyrightHolder\":{\"@id\":\"https:\/\/empresas.infoempleo.com\/hrtrends\/#organization\"}},{\"@type\":\"WebPage\",\"@id\":\"https:\/\/empresas.infoempleo.com\/hrtrends\/la-fuga-de-cerebros-una-amenaza-para-el-sector-espanol-de-idi\/\",\"url\":\"https:\/\/empresas.infoempleo.com\/hrtrends\/la-fuga-de-cerebros-una-amenaza-para-el-sector-espanol-de-idi\/\",\"name\":\"La fuga de cerebros, una amenaza para el sector espa\u00f1ol de I+D+i | HRTRENDS\",\"isPartOf\":{\"@id\":\"https:\/\/empresas.infoempleo.com\/hrtrends\/#website\"},\"primaryImageOfPage\":{\"@id\":\"https:\/\/empresas.infoempleo.com\/hrtrends\/la-fuga-de-cerebros-una-amenaza-para-el-sector-espanol-de-idi\/#primaryimage\"},\"image\":{\"@id\":\"https:\/\/empresas.infoempleo.com\/hrtrends\/la-fuga-de-cerebros-una-amenaza-para-el-sector-espanol-de-idi\/#primaryimage\"},\"thumbnailUrl\":\"https:\/\/empresas.infoempleo.com\/hrtrends\/media\/2017\/05\/pexels-photo-205508.jpg\",\"datePublished\":\"2010-11-15T09:28:44+00:00\",\"dateModified\":\"2024-08-29T15:42:02+00:00\",\"breadcrumb\":{\"@id\":\"https:\/\/empresas.infoempleo.com\/hrtrends\/la-fuga-de-cerebros-una-amenaza-para-el-sector-espanol-de-idi\/#breadcrumb\"},\"inLanguage\":\"es\",\"potentialAction\":[{\"@type\":\"ReadAction\",\"target\":[\"https:\/\/empresas.infoempleo.com\/hrtrends\/la-fuga-de-cerebros-una-amenaza-para-el-sector-espanol-de-idi\/\"]}]},{\"@type\":\"ImageObject\",\"inLanguage\":\"es\",\"@id\":\"https:\/\/empresas.infoempleo.com\/hrtrends\/la-fuga-de-cerebros-una-amenaza-para-el-sector-espanol-de-idi\/#primaryimage\",\"url\":\"https:\/\/empresas.infoempleo.com\/hrtrends\/media\/2017\/05\/pexels-photo-205508-150x150.jpg\",\"contentUrl\":\"https:\/\/empresas.infoempleo.com\/hrtrends\/media\/2017\/05\/pexels-photo-205508-150x150.jpg\",\"width\":150,\"height\":150},{\"@type\":\"BreadcrumbList\",\"@id\":\"https:\/\/empresas.infoempleo.com\/hrtrends\/la-fuga-de-cerebros-una-amenaza-para-el-sector-espanol-de-idi\/#breadcrumb\",\"itemListElement\":[{\"@type\":\"ListItem\",\"position\":1,\"name\":\"Portada\",\"item\":\"https:\/\/empresas.infoempleo.com\/hrtrends\/\"},{\"@type\":\"ListItem\",\"position\":2,\"name\":\"La fuga de cerebros, una amenaza para el sector espa\u00f1ol de I+D+i\"}]},{\"@type\":\"WebSite\",\"@id\":\"https:\/\/empresas.infoempleo.com\/hrtrends\/#website\",\"url\":\"https:\/\/empresas.infoempleo.com\/hrtrends\",\"name\":\"HRTrends by Infoempleo\",\"description\":\"\",\"publisher\":{\"@id\":\"https:\/\/empresas.infoempleo.com\/hrtrends\/#organization\"},\"potentialAction\":{\"@type\":\"SearchAction\",\"target\":\"https:\/\/empresas.infoempleo.com\/hrtrends\/?s={search_term_string}\",\"query-input\":\"required name=search_term_string\"},\"inLanguage\":\"es\"},{\"@type\":\"Organization\",\"@id\":\"https:\/\/empresas.infoempleo.com\/hrtrends\/#organization\",\"name\":\"Infoempleo\",\"url\":\"https:\/\/www.infoempleo.com\/\",\"logo\":{\"@type\":\"ImageObject\",\"@id\":\"https:\/\/empresas.infoempleo.com\/hrtrends\/#logo\",\"inLanguage\":\"es\",\"url\":\"https:\/\/cdnazure.infoempleo.com\/infoempleo\/assets\/style\/gfx\/logo.svg\",\"contentUrl\":\"https:\/\/cdnazure.infoempleo.com\/infoempleo\/assets\/style\/gfx\/logo.svg\",\"width\":150,\"height\":40,\"caption\":\"Infoempleo\"},\"image\":{\"@id\":\"https:\/\/empresas.infoempleo.com\/hrtrends\/#logo\"},\"sameAs\":[\"https:\/\/www.facebook.com\/Infoempleo\",\"https:\/\/x.com\/infoempleo\",\"http:\/\/instagram.com\/infoempleo\/\",\"http:\/\/www.linkedin.com\/groups\/Empleo-Espa\u00f1a-Infoempleocom-111276\",\"http:\/\/pinterest.com\/infoempleo\/\"],\"address\":{\"@type\":\"PostalAddress\",\"addressLocality\":\"Madrid\",\"postalCode\":\"28050\",\"streetAddress\":\"Avenida de Burgos 114\"},\"brand\":[\"Infoempleo\"]},{\"@type\":\"Person\",\"@id\":\"https:\/\/empresas.infoempleo.com\/hrtrends\/#\/schema\/person\/6eed0717dd6d324ad674543577f7d352\",\"name\":\"Sergio Mu\u00f1oz\",\"image\":{\"@type\":\"ImageObject\",\"inLanguage\":\"es\",\"@id\":\"https:\/\/empresas.infoempleo.com\/hrtrends\/#\/schema\/person\/image\/\",\"url\":\"https:\/\/secure.gravatar.com\/avatar\/e7731161b4b74cbcb9baea8553044aadfdf78c0164ca104016474818fd843019?s=96&d=mm&r=g\",\"contentUrl\":\"https:\/\/secure.gravatar.com\/avatar\/e7731161b4b74cbcb9baea8553044aadfdf78c0164ca104016474818fd843019?s=96&d=mm&r=g\",\"caption\":\"Sergio Mu\u00f1oz\"},\"url\":\"https:\/\/empresas.infoempleo.com\/hrtrends\/author\/sergio-munoz\/\"}]}<\/script>\n<!-- \/ Yoast SEO plugin. -->","yoast_head_json":{"title":"La fuga de cerebros, una amenaza para el sector espa\u00f1ol de I+D+i | HRTRENDS","robots":{"index":"index","follow":"follow","max-snippet":"max-snippet:-1","max-image-preview":"max-image-preview:large","max-video-preview":"max-video-preview:-1"},"canonical":"https:\/\/empresas.infoempleo.com\/hrtrends\/la-fuga-de-cerebros-una-amenaza-para-el-sector-espanol-de-idi\/","og_locale":"es_ES","og_type":"article","og_title":"La fuga de cerebros, una amenaza para el sector espa\u00f1ol de I+D+i | HRTRENDS","og_description":"El talento se est\u00e1 marchando de nuestro pa\u00eds. La crisis econ\u00f3mica y la falta de perspectivas laborales est\u00e1 Leer m\u00e1s","og_url":"https:\/\/empresas.infoempleo.com\/hrtrends\/la-fuga-de-cerebros-una-amenaza-para-el-sector-espanol-de-idi\/","og_site_name":"HRTRENDS","article_publisher":"https:\/\/www.facebook.com\/Infoempleo","article_published_time":"2010-11-15T09:28:44+00:00","article_modified_time":"2024-08-29T15:42:02+00:00","author":"Sergio Mu\u00f1oz","twitter_card":"summary_large_image","twitter_creator":"@infoempleo","twitter_site":"@infoempleo","twitter_misc":{"Escrito por":"Sergio Mu\u00f1oz","Tiempo de lectura":"5 minutos"},"schema":{"@context":"https:\/\/schema.org","@graph":[{"@type":"NewsArticle","@id":"https:\/\/empresas.infoempleo.com\/hrtrends\/la-fuga-de-cerebros-una-amenaza-para-el-sector-espanol-de-idi\/#article","isPartOf":{"@id":"https:\/\/empresas.infoempleo.com\/hrtrends\/la-fuga-de-cerebros-una-amenaza-para-el-sector-espanol-de-idi\/"},"author":{"name":"Sergio Mu\u00f1oz","@id":"https:\/\/empresas.infoempleo.com\/hrtrends\/#\/schema\/person\/6eed0717dd6d324ad674543577f7d352"},"headline":"La fuga de cerebros, una amenaza para el sector espa\u00f1ol de I+D+i","datePublished":"2010-11-15T09:28:44+00:00","dateModified":"2024-08-29T15:42:02+00:00","mainEntityOfPage":{"@id":"https:\/\/empresas.infoempleo.com\/hrtrends\/la-fuga-de-cerebros-una-amenaza-para-el-sector-espanol-de-idi\/"},"wordCount":1114,"publisher":{"@id":"https:\/\/empresas.infoempleo.com\/hrtrends\/#organization"},"image":{"@id":"https:\/\/empresas.infoempleo.com\/hrtrends\/la-fuga-de-cerebros-una-amenaza-para-el-sector-espanol-de-idi\/#primaryimage"},"thumbnailUrl":"https:\/\/empresas.infoempleo.com\/hrtrends\/media\/2017\/05\/pexels-photo-205508.jpg","keywords":["doctor","I+D+i","innovaci\u00f3n","inversion","ivestigaci\u00f3n","newsltter","tecnolog\u00eda"],"articleSection":["Actualidad"],"inLanguage":"es","copyrightYear":"2010","copyrightHolder":{"@id":"https:\/\/empresas.infoempleo.com\/hrtrends\/#organization"}},{"@type":"WebPage","@id":"https:\/\/empresas.infoempleo.com\/hrtrends\/la-fuga-de-cerebros-una-amenaza-para-el-sector-espanol-de-idi\/","url":"https:\/\/empresas.infoempleo.com\/hrtrends\/la-fuga-de-cerebros-una-amenaza-para-el-sector-espanol-de-idi\/","name":"La fuga de cerebros, una amenaza para el sector espa\u00f1ol de I+D+i | HRTRENDS","isPartOf":{"@id":"https:\/\/empresas.infoempleo.com\/hrtrends\/#website"},"primaryImageOfPage":{"@id":"https:\/\/empresas.infoempleo.com\/hrtrends\/la-fuga-de-cerebros-una-amenaza-para-el-sector-espanol-de-idi\/#primaryimage"},"image":{"@id":"https:\/\/empresas.infoempleo.com\/hrtrends\/la-fuga-de-cerebros-una-amenaza-para-el-sector-espanol-de-idi\/#primaryimage"},"thumbnailUrl":"https:\/\/empresas.infoempleo.com\/hrtrends\/media\/2017\/05\/pexels-photo-205508.jpg","datePublished":"2010-11-15T09:28:44+00:00","dateModified":"2024-08-29T15:42:02+00:00","breadcrumb":{"@id":"https:\/\/empresas.infoempleo.com\/hrtrends\/la-fuga-de-cerebros-una-amenaza-para-el-sector-espanol-de-idi\/#breadcrumb"},"inLanguage":"es","potentialAction":[{"@type":"ReadAction","target":["https:\/\/empresas.infoempleo.com\/hrtrends\/la-fuga-de-cerebros-una-amenaza-para-el-sector-espanol-de-idi\/"]}]},{"@type":"ImageObject","inLanguage":"es","@id":"https:\/\/empresas.infoempleo.com\/hrtrends\/la-fuga-de-cerebros-una-amenaza-para-el-sector-espanol-de-idi\/#primaryimage","url":"https:\/\/empresas.infoempleo.com\/hrtrends\/media\/2017\/05\/pexels-photo-205508-150x150.jpg","contentUrl":"https:\/\/empresas.infoempleo.com\/hrtrends\/media\/2017\/05\/pexels-photo-205508-150x150.jpg","width":150,"height":150},{"@type":"BreadcrumbList","@id":"https:\/\/empresas.infoempleo.com\/hrtrends\/la-fuga-de-cerebros-una-amenaza-para-el-sector-espanol-de-idi\/#breadcrumb","itemListElement":[{"@type":"ListItem","position":1,"name":"Portada","item":"https:\/\/empresas.infoempleo.com\/hrtrends\/"},{"@type":"ListItem","position":2,"name":"La fuga de cerebros, una amenaza para el sector espa\u00f1ol de I+D+i"}]},{"@type":"WebSite","@id":"https:\/\/empresas.infoempleo.com\/hrtrends\/#website","url":"https:\/\/empresas.infoempleo.com\/hrtrends","name":"HRTrends by Infoempleo","description":"","publisher":{"@id":"https:\/\/empresas.infoempleo.com\/hrtrends\/#organization"},"potentialAction":{"@type":"SearchAction","target":"https:\/\/empresas.infoempleo.com\/hrtrends\/?s={search_term_string}","query-input":"required name=search_term_string"},"inLanguage":"es"},{"@type":"Organization","@id":"https:\/\/empresas.infoempleo.com\/hrtrends\/#organization","name":"Infoempleo","url":"https:\/\/www.infoempleo.com\/","logo":{"@type":"ImageObject","@id":"https:\/\/empresas.infoempleo.com\/hrtrends\/#logo","inLanguage":"es","url":"https:\/\/cdnazure.infoempleo.com\/infoempleo\/assets\/style\/gfx\/logo.svg","contentUrl":"https:\/\/cdnazure.infoempleo.com\/infoempleo\/assets\/style\/gfx\/logo.svg","width":150,"height":40,"caption":"Infoempleo"},"image":{"@id":"https:\/\/empresas.infoempleo.com\/hrtrends\/#logo"},"sameAs":["https:\/\/www.facebook.com\/Infoempleo","https:\/\/x.com\/infoempleo","http:\/\/instagram.com\/infoempleo\/","http:\/\/www.linkedin.com\/groups\/Empleo-Espa\u00f1a-Infoempleocom-111276","http:\/\/pinterest.com\/infoempleo\/"],"address":{"@type":"PostalAddress","addressLocality":"Madrid","postalCode":"28050","streetAddress":"Avenida de Burgos 114"},"brand":["Infoempleo"]},{"@type":"Person","@id":"https:\/\/empresas.infoempleo.com\/hrtrends\/#\/schema\/person\/6eed0717dd6d324ad674543577f7d352","name":"Sergio Mu\u00f1oz","image":{"@type":"ImageObject","inLanguage":"es","@id":"https:\/\/empresas.infoempleo.com\/hrtrends\/#\/schema\/person\/image\/","url":"https:\/\/secure.gravatar.com\/avatar\/e7731161b4b74cbcb9baea8553044aadfdf78c0164ca104016474818fd843019?s=96&d=mm&r=g","contentUrl":"https:\/\/secure.gravatar.com\/avatar\/e7731161b4b74cbcb9baea8553044aadfdf78c0164ca104016474818fd843019?s=96&d=mm&r=g","caption":"Sergio Mu\u00f1oz"},"url":"https:\/\/empresas.infoempleo.com\/hrtrends\/author\/sergio-munoz\/"}]}},"amp_enabled":true,"_links":{"self":[{"href":"https:\/\/empresas.infoempleo.com\/hrtrends\/wp-json\/wp\/v2\/posts\/11364","targetHints":{"allow":["GET"]}}],"collection":[{"href":"https:\/\/empresas.infoempleo.com\/hrtrends\/wp-json\/wp\/v2\/posts"}],"about":[{"href":"https:\/\/empresas.infoempleo.com\/hrtrends\/wp-json\/wp\/v2\/types\/post"}],"author":[{"embeddable":true,"href":"https:\/\/empresas.infoempleo.com\/hrtrends\/wp-json\/wp\/v2\/users\/50"}],"replies":[{"embeddable":true,"href":"https:\/\/empresas.infoempleo.com\/hrtrends\/wp-json\/wp\/v2\/comments?post=11364"}],"version-history":[{"count":2,"href":"https:\/\/empresas.infoempleo.com\/hrtrends\/wp-json\/wp\/v2\/posts\/11364\/revisions"}],"predecessor-version":[{"id":44880,"href":"https:\/\/empresas.infoempleo.com\/hrtrends\/wp-json\/wp\/v2\/posts\/11364\/revisions\/44880"}],"wp:featuredmedia":[{"embeddable":true,"href":"https:\/\/empresas.infoempleo.com\/hrtrends\/wp-json\/wp\/v2\/media\/29665"}],"wp:attachment":[{"href":"https:\/\/empresas.infoempleo.com\/hrtrends\/wp-json\/wp\/v2\/media?parent=11364"}],"wp:term":[{"taxonomy":"category","embeddable":true,"href":"https:\/\/empresas.infoempleo.com\/hrtrends\/wp-json\/wp\/v2\/categories?post=11364"},{"taxonomy":"post_tag","embeddable":true,"href":"https:\/\/empresas.infoempleo.com\/hrtrends\/wp-json\/wp\/v2\/tags?post=11364"}],"curies":[{"name":"wp","href":"https:\/\/api.w.org\/{rel}","templated":true}]}}