{"id":11361,"date":"2010-11-15T09:15:23","date_gmt":"2010-11-15T08:15:23","guid":{"rendered":"http:\/\/blog.infoempleo.com\/?p=11361"},"modified":"2024-08-29T17:42:02","modified_gmt":"2024-08-29T15:42:02","slug":"una-ley-para-mejorar-el-sector-de-idi","status":"publish","type":"post","link":"https:\/\/empresas.infoempleo.com\/hrtrends\/una-ley-para-mejorar-el-sector-de-idi\/","title":{"rendered":"\u00bfUna ley para mejorar el sector de I+D+i?"},"content":{"rendered":"<p>El pasado 19 de mayo, el Gobierno present\u00f3 ante el Congreso de los Diputados el <strong>Proyecto de Ley de la Ciencia, la Tecnolog\u00eda y la Innovaci\u00f3n<\/strong> para su tramitaci\u00f3n parlamentaria. La nueva norma sustituir\u00e1 a la Ley de la Ciencia de 1986 y, entre otras cosas, seg\u00fan el Gobierno, <strong>servir\u00e1 par evitar la fuga de talento al exterior. <\/strong><\/p>\n<p>El Proyecto de Ley responde a cuatro grandes retos. En primer lugar, <strong>permitir\u00e1 dise\u00f1ar \u00abuna carrera cient\u00edfica basada en m\u00e9ritos,\u00a0estable y previsible que permita retener y atraer el talento cient\u00edfico\u00bb<\/strong>, seg\u00fan el Ministerio de Ciencia e Innovaci\u00f3n. La ley incluye, por ejemplo, la creaci\u00f3n de un contrato de acceso para investigadores postdoctorales que les permitir\u00e1 incorporarse al sistema p\u00fablico de I+D cumpliendo criterios de excelencia.<\/p>\n<p>En segundo lugar, la ley <strong>prev\u00e9 la creaci\u00f3n de una Agencia de financiaci\u00f3n, que garantizar\u00e1 el m\u00e1ximo control sobre la gesti\u00f3n de los fondos p\u00fablicos. <\/strong>En tercer lugar, <strong>la norma incorpora novedades en el \u00e1mbito de la cooperaci\u00f3n p\u00fablico-privada con fines cient\u00edficos y tecnol\u00f3gicos<\/strong>, atendiendo al cambio de modelo productivo que pretende el Gobierno. Por \u00faltimo, el texto presentado al Congreso de los Diputados establece mecanismos para <strong>mejorar la cooperaci\u00f3n y la coordinaci\u00f3n entre las distintas administraciones<\/strong>, con el fin de maximizar la producci\u00f3n cient\u00edfica de todos los sistemas de I+D y evitar duplicidades.<\/p>\n<p>Adem\u00e1s, la ley tambi\u00e9n prev\u00e9 la <strong>creaci\u00f3n de un Comit\u00e9 de \u00c9tica de la Investigaci\u00f3n<\/strong>, que se ocupar\u00e1, entre otras cosas, de arbitrar en los conflictos de intereses entre las actividades p\u00fablicas y privadas.<\/p>\n<p>Muchos expertos de los \u00e1mbitos de la investigaci\u00f3n t\u00e9cnica y cient\u00edfica no se muestran muy esperanzados con el proyecto de ley impulsado por\u00a0 el Ministerio de Ciencia e Innovaci\u00f3n. Jos\u00e9 Luis Gonz\u00e1lez Vallv\u00e9, presidente de la patronal de ingenier\u00eda <a href=\"https:\/\/tecniberia.es\/\" target=\"_blank\" rel=\"noopener\">Tecniberia<\/a>, cree\u00a0que la ley est\u00e1 del lado \u00abde la creaci\u00f3n de papeles, pero no est\u00e1 resuelto el tema de pasar del papel a la realidad\u00bb. Desde su punto de vista, ser ingeniero es muy dif\u00edcil y no se incentiva el hecho de que un joven quiera serlo. Salom\u00f3n Aguado, portavoz de la <a href=\"http:\/\/precarios.org\/Qui%C3%A9nes+somos\" target=\"_blank\" rel=\"noopener\" class=\"broken_link\">Federaci\u00f3n de J\u00f3venes Investigadores\/Precarios<\/a>, se muestra mucho m\u00e1s cr\u00edtico. \u00abDe cara a la galer\u00eda, hasta la ministra utiliza palabras\u00a0muy parecidas a las nuestras\u00bb, asegura, y a\u00f1ade que la ley es contraria a todas las sugerencias de la comunidad cient\u00edfica. \u00abNo va a servir para poner las bases de la nueva ciencia del siglo XXI porque reitera en el sistema fracasado del siglo XX\u00bb, opina.<\/p>\n","protected":false},"excerpt":{"rendered":"<p>El pasado 19 de mayo, el Gobierno present\u00f3 ante el Congreso de los Diputados el Proyecto de Ley<a class=\"moretag\" href=\"https:\/\/empresas.infoempleo.com\/hrtrends\/una-ley-para-mejorar-el-sector-de-idi\/\"> Leer m\u00e1s<\/a><\/p>\n","protected":false},"author":50,"featured_media":29665,"comment_status":"closed","ping_status":"open","sticky":false,"template":"","format":"standard","meta":{"footnotes":""},"categories":[3],"tags":[2254,595,198,1348,2255,64],"class_list":["post-11361","post","type-post","status-publish","format-standard","has-post-thumbnail","hentry","category-actualidad","tag-ciencia","tag-idi","tag-innovacion","tag-investigacion","tag-ministerio-de-ciencia-e-innovacion","tag-tecnologia-2"],"yoast_head":"<!-- This site is optimized with the Yoast SEO plugin v26.1.1 - https:\/\/yoast.com\/wordpress\/plugins\/seo\/ -->\n<title>\u00bfUna ley para mejorar el sector de I+D+i? | HRTRENDS<\/title>\n<meta name=\"robots\" content=\"index, follow, max-snippet:-1, max-image-preview:large, max-video-preview:-1\" \/>\n<link rel=\"canonical\" href=\"https:\/\/empresas.infoempleo.com\/hrtrends\/una-ley-para-mejorar-el-sector-de-idi\/\" \/>\n<meta property=\"og:locale\" content=\"es_ES\" \/>\n<meta property=\"og:type\" content=\"article\" \/>\n<meta property=\"og:title\" content=\"\u00bfUna ley para mejorar el sector de I+D+i? | HRTRENDS\" \/>\n<meta property=\"og:description\" content=\"El pasado 19 de mayo, el Gobierno present\u00f3 ante el Congreso de los Diputados el Proyecto de Ley Leer m\u00e1s\" \/>\n<meta property=\"og:url\" content=\"https:\/\/empresas.infoempleo.com\/hrtrends\/una-ley-para-mejorar-el-sector-de-idi\/\" \/>\n<meta property=\"og:site_name\" content=\"HRTRENDS\" \/>\n<meta property=\"article:publisher\" content=\"https:\/\/www.facebook.com\/Infoempleo\" \/>\n<meta property=\"article:published_time\" content=\"2010-11-15T08:15:23+00:00\" \/>\n<meta property=\"article:modified_time\" content=\"2024-08-29T15:42:02+00:00\" \/>\n<meta name=\"author\" content=\"Sergio Mu\u00f1oz\" \/>\n<meta name=\"twitter:card\" content=\"summary_large_image\" \/>\n<meta name=\"twitter:creator\" content=\"@infoempleo\" \/>\n<meta name=\"twitter:site\" content=\"@infoempleo\" \/>\n<meta name=\"twitter:label1\" content=\"Escrito por\" \/>\n\t<meta name=\"twitter:data1\" content=\"Sergio Mu\u00f1oz\" \/>\n\t<meta name=\"twitter:label2\" content=\"Tiempo de lectura\" \/>\n\t<meta name=\"twitter:data2\" content=\"2 minutos\" \/>\n<script type=\"application\/ld+json\" class=\"yoast-schema-graph\">{\"@context\":\"https:\/\/schema.org\",\"@graph\":[{\"@type\":\"NewsArticle\",\"@id\":\"https:\/\/empresas.infoempleo.com\/hrtrends\/una-ley-para-mejorar-el-sector-de-idi\/#article\",\"isPartOf\":{\"@id\":\"https:\/\/empresas.infoempleo.com\/hrtrends\/una-ley-para-mejorar-el-sector-de-idi\/\"},\"author\":{\"name\":\"Sergio Mu\u00f1oz\",\"@id\":\"https:\/\/empresas.infoempleo.com\/hrtrends\/#\/schema\/person\/6eed0717dd6d324ad674543577f7d352\"},\"headline\":\"\u00bfUna ley para mejorar el sector de I+D+i?\",\"datePublished\":\"2010-11-15T08:15:23+00:00\",\"dateModified\":\"2024-08-29T15:42:02+00:00\",\"mainEntityOfPage\":{\"@id\":\"https:\/\/empresas.infoempleo.com\/hrtrends\/una-ley-para-mejorar-el-sector-de-idi\/\"},\"wordCount\":466,\"publisher\":{\"@id\":\"https:\/\/empresas.infoempleo.com\/hrtrends\/#organization\"},\"image\":{\"@id\":\"https:\/\/empresas.infoempleo.com\/hrtrends\/una-ley-para-mejorar-el-sector-de-idi\/#primaryimage\"},\"thumbnailUrl\":\"https:\/\/empresas.infoempleo.com\/hrtrends\/media\/2017\/05\/pexels-photo-205508.jpg\",\"keywords\":[\"ciencia\",\"I+D+i\",\"innovaci\u00f3n\",\"investigaci\u00f3n\",\"Ministerio de ciencia e innovaci\u00f3n\",\"tecnolog\u00eda\"],\"articleSection\":[\"Actualidad\"],\"inLanguage\":\"es\",\"copyrightYear\":\"2010\",\"copyrightHolder\":{\"@id\":\"https:\/\/empresas.infoempleo.com\/hrtrends\/#organization\"}},{\"@type\":\"WebPage\",\"@id\":\"https:\/\/empresas.infoempleo.com\/hrtrends\/una-ley-para-mejorar-el-sector-de-idi\/\",\"url\":\"https:\/\/empresas.infoempleo.com\/hrtrends\/una-ley-para-mejorar-el-sector-de-idi\/\",\"name\":\"\u00bfUna ley para mejorar el sector de I+D+i? | HRTRENDS\",\"isPartOf\":{\"@id\":\"https:\/\/empresas.infoempleo.com\/hrtrends\/#website\"},\"primaryImageOfPage\":{\"@id\":\"https:\/\/empresas.infoempleo.com\/hrtrends\/una-ley-para-mejorar-el-sector-de-idi\/#primaryimage\"},\"image\":{\"@id\":\"https:\/\/empresas.infoempleo.com\/hrtrends\/una-ley-para-mejorar-el-sector-de-idi\/#primaryimage\"},\"thumbnailUrl\":\"https:\/\/empresas.infoempleo.com\/hrtrends\/media\/2017\/05\/pexels-photo-205508.jpg\",\"datePublished\":\"2010-11-15T08:15:23+00:00\",\"dateModified\":\"2024-08-29T15:42:02+00:00\",\"breadcrumb\":{\"@id\":\"https:\/\/empresas.infoempleo.com\/hrtrends\/una-ley-para-mejorar-el-sector-de-idi\/#breadcrumb\"},\"inLanguage\":\"es\",\"potentialAction\":[{\"@type\":\"ReadAction\",\"target\":[\"https:\/\/empresas.infoempleo.com\/hrtrends\/una-ley-para-mejorar-el-sector-de-idi\/\"]}]},{\"@type\":\"ImageObject\",\"inLanguage\":\"es\",\"@id\":\"https:\/\/empresas.infoempleo.com\/hrtrends\/una-ley-para-mejorar-el-sector-de-idi\/#primaryimage\",\"url\":\"https:\/\/empresas.infoempleo.com\/hrtrends\/media\/2017\/05\/pexels-photo-205508-150x150.jpg\",\"contentUrl\":\"https:\/\/empresas.infoempleo.com\/hrtrends\/media\/2017\/05\/pexels-photo-205508-150x150.jpg\",\"width\":150,\"height\":150},{\"@type\":\"BreadcrumbList\",\"@id\":\"https:\/\/empresas.infoempleo.com\/hrtrends\/una-ley-para-mejorar-el-sector-de-idi\/#breadcrumb\",\"itemListElement\":[{\"@type\":\"ListItem\",\"position\":1,\"name\":\"Portada\",\"item\":\"https:\/\/empresas.infoempleo.com\/hrtrends\/\"},{\"@type\":\"ListItem\",\"position\":2,\"name\":\"\u00bfUna ley para mejorar el sector de I+D+i?\"}]},{\"@type\":\"WebSite\",\"@id\":\"https:\/\/empresas.infoempleo.com\/hrtrends\/#website\",\"url\":\"https:\/\/empresas.infoempleo.com\/hrtrends\",\"name\":\"HRTrends by Infoempleo\",\"description\":\"\",\"publisher\":{\"@id\":\"https:\/\/empresas.infoempleo.com\/hrtrends\/#organization\"},\"potentialAction\":{\"@type\":\"SearchAction\",\"target\":\"https:\/\/empresas.infoempleo.com\/hrtrends\/?s={search_term_string}\",\"query-input\":\"required name=search_term_string\"},\"inLanguage\":\"es\"},{\"@type\":\"Organization\",\"@id\":\"https:\/\/empresas.infoempleo.com\/hrtrends\/#organization\",\"name\":\"Infoempleo\",\"url\":\"https:\/\/www.infoempleo.com\/\",\"logo\":{\"@type\":\"ImageObject\",\"@id\":\"https:\/\/empresas.infoempleo.com\/hrtrends\/#logo\",\"inLanguage\":\"es\",\"url\":\"https:\/\/cdnazure.infoempleo.com\/infoempleo\/assets\/style\/gfx\/logo.svg\",\"contentUrl\":\"https:\/\/cdnazure.infoempleo.com\/infoempleo\/assets\/style\/gfx\/logo.svg\",\"width\":150,\"height\":40,\"caption\":\"Infoempleo\"},\"image\":{\"@id\":\"https:\/\/empresas.infoempleo.com\/hrtrends\/#logo\"},\"sameAs\":[\"https:\/\/www.facebook.com\/Infoempleo\",\"https:\/\/x.com\/infoempleo\",\"http:\/\/instagram.com\/infoempleo\/\",\"http:\/\/www.linkedin.com\/groups\/Empleo-Espa\u00f1a-Infoempleocom-111276\",\"http:\/\/pinterest.com\/infoempleo\/\"],\"address\":{\"@type\":\"PostalAddress\",\"addressLocality\":\"Madrid\",\"postalCode\":\"28050\",\"streetAddress\":\"Avenida de Burgos 114\"},\"brand\":[\"Infoempleo\"]},{\"@type\":\"Person\",\"@id\":\"https:\/\/empresas.infoempleo.com\/hrtrends\/#\/schema\/person\/6eed0717dd6d324ad674543577f7d352\",\"name\":\"Sergio Mu\u00f1oz\",\"image\":{\"@type\":\"ImageObject\",\"inLanguage\":\"es\",\"@id\":\"https:\/\/empresas.infoempleo.com\/hrtrends\/#\/schema\/person\/image\/\",\"url\":\"https:\/\/secure.gravatar.com\/avatar\/e7731161b4b74cbcb9baea8553044aadfdf78c0164ca104016474818fd843019?s=96&d=mm&r=g\",\"contentUrl\":\"https:\/\/secure.gravatar.com\/avatar\/e7731161b4b74cbcb9baea8553044aadfdf78c0164ca104016474818fd843019?s=96&d=mm&r=g\",\"caption\":\"Sergio Mu\u00f1oz\"},\"url\":\"https:\/\/empresas.infoempleo.com\/hrtrends\/author\/sergio-munoz\/\"}]}<\/script>\n<!-- \/ Yoast SEO plugin. -->","yoast_head_json":{"title":"\u00bfUna ley para mejorar el sector de I+D+i? | HRTRENDS","robots":{"index":"index","follow":"follow","max-snippet":"max-snippet:-1","max-image-preview":"max-image-preview:large","max-video-preview":"max-video-preview:-1"},"canonical":"https:\/\/empresas.infoempleo.com\/hrtrends\/una-ley-para-mejorar-el-sector-de-idi\/","og_locale":"es_ES","og_type":"article","og_title":"\u00bfUna ley para mejorar el sector de I+D+i? | HRTRENDS","og_description":"El pasado 19 de mayo, el Gobierno present\u00f3 ante el Congreso de los Diputados el Proyecto de Ley Leer m\u00e1s","og_url":"https:\/\/empresas.infoempleo.com\/hrtrends\/una-ley-para-mejorar-el-sector-de-idi\/","og_site_name":"HRTRENDS","article_publisher":"https:\/\/www.facebook.com\/Infoempleo","article_published_time":"2010-11-15T08:15:23+00:00","article_modified_time":"2024-08-29T15:42:02+00:00","author":"Sergio Mu\u00f1oz","twitter_card":"summary_large_image","twitter_creator":"@infoempleo","twitter_site":"@infoempleo","twitter_misc":{"Escrito por":"Sergio Mu\u00f1oz","Tiempo de lectura":"2 minutos"},"schema":{"@context":"https:\/\/schema.org","@graph":[{"@type":"NewsArticle","@id":"https:\/\/empresas.infoempleo.com\/hrtrends\/una-ley-para-mejorar-el-sector-de-idi\/#article","isPartOf":{"@id":"https:\/\/empresas.infoempleo.com\/hrtrends\/una-ley-para-mejorar-el-sector-de-idi\/"},"author":{"name":"Sergio Mu\u00f1oz","@id":"https:\/\/empresas.infoempleo.com\/hrtrends\/#\/schema\/person\/6eed0717dd6d324ad674543577f7d352"},"headline":"\u00bfUna ley para mejorar el sector de I+D+i?","datePublished":"2010-11-15T08:15:23+00:00","dateModified":"2024-08-29T15:42:02+00:00","mainEntityOfPage":{"@id":"https:\/\/empresas.infoempleo.com\/hrtrends\/una-ley-para-mejorar-el-sector-de-idi\/"},"wordCount":466,"publisher":{"@id":"https:\/\/empresas.infoempleo.com\/hrtrends\/#organization"},"image":{"@id":"https:\/\/empresas.infoempleo.com\/hrtrends\/una-ley-para-mejorar-el-sector-de-idi\/#primaryimage"},"thumbnailUrl":"https:\/\/empresas.infoempleo.com\/hrtrends\/media\/2017\/05\/pexels-photo-205508.jpg","keywords":["ciencia","I+D+i","innovaci\u00f3n","investigaci\u00f3n","Ministerio de ciencia e innovaci\u00f3n","tecnolog\u00eda"],"articleSection":["Actualidad"],"inLanguage":"es","copyrightYear":"2010","copyrightHolder":{"@id":"https:\/\/empresas.infoempleo.com\/hrtrends\/#organization"}},{"@type":"WebPage","@id":"https:\/\/empresas.infoempleo.com\/hrtrends\/una-ley-para-mejorar-el-sector-de-idi\/","url":"https:\/\/empresas.infoempleo.com\/hrtrends\/una-ley-para-mejorar-el-sector-de-idi\/","name":"\u00bfUna ley para mejorar el sector de I+D+i? | HRTRENDS","isPartOf":{"@id":"https:\/\/empresas.infoempleo.com\/hrtrends\/#website"},"primaryImageOfPage":{"@id":"https:\/\/empresas.infoempleo.com\/hrtrends\/una-ley-para-mejorar-el-sector-de-idi\/#primaryimage"},"image":{"@id":"https:\/\/empresas.infoempleo.com\/hrtrends\/una-ley-para-mejorar-el-sector-de-idi\/#primaryimage"},"thumbnailUrl":"https:\/\/empresas.infoempleo.com\/hrtrends\/media\/2017\/05\/pexels-photo-205508.jpg","datePublished":"2010-11-15T08:15:23+00:00","dateModified":"2024-08-29T15:42:02+00:00","breadcrumb":{"@id":"https:\/\/empresas.infoempleo.com\/hrtrends\/una-ley-para-mejorar-el-sector-de-idi\/#breadcrumb"},"inLanguage":"es","potentialAction":[{"@type":"ReadAction","target":["https:\/\/empresas.infoempleo.com\/hrtrends\/una-ley-para-mejorar-el-sector-de-idi\/"]}]},{"@type":"ImageObject","inLanguage":"es","@id":"https:\/\/empresas.infoempleo.com\/hrtrends\/una-ley-para-mejorar-el-sector-de-idi\/#primaryimage","url":"https:\/\/empresas.infoempleo.com\/hrtrends\/media\/2017\/05\/pexels-photo-205508-150x150.jpg","contentUrl":"https:\/\/empresas.infoempleo.com\/hrtrends\/media\/2017\/05\/pexels-photo-205508-150x150.jpg","width":150,"height":150},{"@type":"BreadcrumbList","@id":"https:\/\/empresas.infoempleo.com\/hrtrends\/una-ley-para-mejorar-el-sector-de-idi\/#breadcrumb","itemListElement":[{"@type":"ListItem","position":1,"name":"Portada","item":"https:\/\/empresas.infoempleo.com\/hrtrends\/"},{"@type":"ListItem","position":2,"name":"\u00bfUna ley para mejorar el sector de I+D+i?"}]},{"@type":"WebSite","@id":"https:\/\/empresas.infoempleo.com\/hrtrends\/#website","url":"https:\/\/empresas.infoempleo.com\/hrtrends","name":"HRTrends by Infoempleo","description":"","publisher":{"@id":"https:\/\/empresas.infoempleo.com\/hrtrends\/#organization"},"potentialAction":{"@type":"SearchAction","target":"https:\/\/empresas.infoempleo.com\/hrtrends\/?s={search_term_string}","query-input":"required name=search_term_string"},"inLanguage":"es"},{"@type":"Organization","@id":"https:\/\/empresas.infoempleo.com\/hrtrends\/#organization","name":"Infoempleo","url":"https:\/\/www.infoempleo.com\/","logo":{"@type":"ImageObject","@id":"https:\/\/empresas.infoempleo.com\/hrtrends\/#logo","inLanguage":"es","url":"https:\/\/cdnazure.infoempleo.com\/infoempleo\/assets\/style\/gfx\/logo.svg","contentUrl":"https:\/\/cdnazure.infoempleo.com\/infoempleo\/assets\/style\/gfx\/logo.svg","width":150,"height":40,"caption":"Infoempleo"},"image":{"@id":"https:\/\/empresas.infoempleo.com\/hrtrends\/#logo"},"sameAs":["https:\/\/www.facebook.com\/Infoempleo","https:\/\/x.com\/infoempleo","http:\/\/instagram.com\/infoempleo\/","http:\/\/www.linkedin.com\/groups\/Empleo-Espa\u00f1a-Infoempleocom-111276","http:\/\/pinterest.com\/infoempleo\/"],"address":{"@type":"PostalAddress","addressLocality":"Madrid","postalCode":"28050","streetAddress":"Avenida de Burgos 114"},"brand":["Infoempleo"]},{"@type":"Person","@id":"https:\/\/empresas.infoempleo.com\/hrtrends\/#\/schema\/person\/6eed0717dd6d324ad674543577f7d352","name":"Sergio Mu\u00f1oz","image":{"@type":"ImageObject","inLanguage":"es","@id":"https:\/\/empresas.infoempleo.com\/hrtrends\/#\/schema\/person\/image\/","url":"https:\/\/secure.gravatar.com\/avatar\/e7731161b4b74cbcb9baea8553044aadfdf78c0164ca104016474818fd843019?s=96&d=mm&r=g","contentUrl":"https:\/\/secure.gravatar.com\/avatar\/e7731161b4b74cbcb9baea8553044aadfdf78c0164ca104016474818fd843019?s=96&d=mm&r=g","caption":"Sergio Mu\u00f1oz"},"url":"https:\/\/empresas.infoempleo.com\/hrtrends\/author\/sergio-munoz\/"}]}},"amp_enabled":true,"_links":{"self":[{"href":"https:\/\/empresas.infoempleo.com\/hrtrends\/wp-json\/wp\/v2\/posts\/11361","targetHints":{"allow":["GET"]}}],"collection":[{"href":"https:\/\/empresas.infoempleo.com\/hrtrends\/wp-json\/wp\/v2\/posts"}],"about":[{"href":"https:\/\/empresas.infoempleo.com\/hrtrends\/wp-json\/wp\/v2\/types\/post"}],"author":[{"embeddable":true,"href":"https:\/\/empresas.infoempleo.com\/hrtrends\/wp-json\/wp\/v2\/users\/50"}],"replies":[{"embeddable":true,"href":"https:\/\/empresas.infoempleo.com\/hrtrends\/wp-json\/wp\/v2\/comments?post=11361"}],"version-history":[{"count":1,"href":"https:\/\/empresas.infoempleo.com\/hrtrends\/wp-json\/wp\/v2\/posts\/11361\/revisions"}],"predecessor-version":[{"id":44879,"href":"https:\/\/empresas.infoempleo.com\/hrtrends\/wp-json\/wp\/v2\/posts\/11361\/revisions\/44879"}],"wp:featuredmedia":[{"embeddable":true,"href":"https:\/\/empresas.infoempleo.com\/hrtrends\/wp-json\/wp\/v2\/media\/29665"}],"wp:attachment":[{"href":"https:\/\/empresas.infoempleo.com\/hrtrends\/wp-json\/wp\/v2\/media?parent=11361"}],"wp:term":[{"taxonomy":"category","embeddable":true,"href":"https:\/\/empresas.infoempleo.com\/hrtrends\/wp-json\/wp\/v2\/categories?post=11361"},{"taxonomy":"post_tag","embeddable":true,"href":"https:\/\/empresas.infoempleo.com\/hrtrends\/wp-json\/wp\/v2\/tags?post=11361"}],"curies":[{"name":"wp","href":"https:\/\/api.w.org\/{rel}","templated":true}]}}