{"id":11296,"date":"2010-11-02T16:13:53","date_gmt":"2010-11-02T15:13:53","guid":{"rendered":"http:\/\/blog.infoempleo.com\/?p=11296"},"modified":"2025-05-13T13:26:57","modified_gmt":"2025-05-13T11:26:57","slug":"redarquia-el-nuevo-orden-emergente-en-la-era-de-la-colaboracion","status":"publish","type":"post","link":"https:\/\/empresas.infoempleo.com\/hrtrends\/redarquia-el-nuevo-orden-emergente-en-la-era-de-la-colaboracion\/","title":{"rendered":"Redarqu\u00eda: el nuevo orden emergente en la Era de la Colaboraci\u00f3n"},"content":{"rendered":"<p style=\"text-align: center\"><img loading=\"lazy\" decoding=\"async\" class=\"alignnone size-full wp-image-11297\" src=\"https:\/\/empresas.infoempleo.com\/hrtrends\/media\/2010\/11\/JoseCabrera1.jpg\" alt=\"Jos\u00e9 Cabrera\" width=\"400\" height=\"266\" srcset=\"https:\/\/empresas.infoempleo.com\/hrtrends\/media\/2010\/11\/JoseCabrera1.jpg 400w, https:\/\/empresas.infoempleo.com\/hrtrends\/media\/2010\/11\/JoseCabrera1-300x200.jpg 300w\" sizes=\"auto, (max-width: 400px) 100vw, 400px\" \/><\/p>\n<h3>Jos\u00e9 Cabrera, presidente ASPGems y socio fundador de Innopersonas<\/h3>\n<p>Las organizaciones que hemos creado est\u00e1n pensadas para satisfacer las necesidades de la Era Industrial, muy especialmente la producci\u00f3n, la eficiencia y la escalabilidad. <strong>Su estructura est\u00e1 basada en un f\u00e9rreo control jer\u00e1rquico, que hace que las \u00f3rdenes emanen de la c\u00fapula directiva y discurran exclusivamente en una direcci\u00f3n: de arriba a abajo. \u00c9ste es uno de los motivos por el que nuestras empresas e instituciones se han vuelto lentas y burocr\u00e1ticas, incapaces de adaptarse a los cambios.<\/strong><\/p>\n<p>Pero ya no vivimos en la Era Industrial, sino en la Era de la Colaboraci\u00f3n. <strong>Las organizaciones hoy necesitan transparencia, agilidad, creatividad, capacidad de innovaci\u00f3n y, por encima de todo, mecanismos para aprovechar al m\u00e1ximo los nuevos modelos de creaci\u00f3n de valor surgidos en las redes de colaboraci\u00f3n.<\/strong><\/p>\n<p>\u00bfPor qu\u00e9 es tan importante la colaboraci\u00f3n? Porque los retos a los que nos enfrentamos son excepcionalmente complejos y ya no es posible dar una respuesta individual. Vivimos en un entorno de gran incertidumbre, los cambios se suceden a un ritmo acelerado, generamos m\u00e1s informaci\u00f3n de la que podemos absorber, nuestras interrelaciones son globales y nuestras estructuras sociales cada vez m\u00e1s complejas. Es evidente que la respuesta ya no puede estar en la c\u00faspide de la pir\u00e1mide, en el l\u00edder \u201cque lo sabe todo\u201d.<strong> La \u00fanica respuesta posible es una respuesta colectiva, basada en la colaboraci\u00f3n.<\/strong><\/p>\n<p>Esto implica un cambio profundo. <strong>Necesitamos una nueva estructura organizativa que nos permita aprovechar todas las oportunidades que la colaboraci\u00f3n masiva nos ofrece. A este nuevo modelo lo hemos denominado redarqu\u00eda.<\/strong><\/p>\n<h3>La redarqu\u00eda es el modelo organizativo de la colaboraci\u00f3n<\/h3>\n<p>La redarqu\u00eda es un modelo organizativo emergente caracter\u00edstico de las nuevas redes abiertas de colaboraci\u00f3n -muy especialmente la Web 2.0- y <strong>est\u00e1 basado en las interacciones que m\u00faltiples agentes mantienen entre s\u00ed cuando comparten su talento y su conocimiento de forma abierta y transparente, en relaciones de igual a igual.<\/strong><\/p>\n<p>Frente al tradicional modelo organizativo jer\u00e1rquico, en el que las \u00f3rdenes son impuestas y discurren exclusivamente de arriba a abajo, la redarqu\u00eda es un orden que funciona de abajo a arriba: las decisiones y las soluciones emergen de forma natural como destilaci\u00f3n espont\u00e1nea de la inteligencia colectiva. El ejemplo m\u00e1s claro es el de las comunidades de software libre, que son capaces de crear productos tan sofisticados como la Wikipedia o el navegador Mozilla Firefox colaborando en redes abiertas y horizontales, ajenas a la estructura jer\u00e1rquica tradicional.<\/p>\n<p>As\u00ed pues, la esencia de una estructura red\u00e1rquica son las relaciones de participaci\u00f3n descentralizadas, basadas en la confianza, el valor a\u00f1adido y la autenticidad de cada uno de los miembros que conforman la red.<\/p>\n<p>La clave est\u00e1 en entender que el mero hecho de colaborar y compartir de igual a igual genera propuestas y soluciones innovadoras y permite que la actividad se traslade, de forma natural, a los nodos en los que realmente se est\u00e1 aportando valor a la organizaci\u00f3n. <strong>Frente a un problema complejo, la colaboraci\u00f3n de todos los agentes en redes abiertas genera nuevas interacciones, permite que afloren propuestas creativas y, en \u00faltima instancia, hace posible que la soluci\u00f3n emerja de forma natural.<\/strong><\/p>\n","protected":false},"excerpt":{"rendered":"<p>Jos\u00e9 Cabrera, presidente ASPGems y socio fundador de Innopersonas Las organizaciones que hemos creado est\u00e1n pensadas para satisfacer<a class=\"moretag\" href=\"https:\/\/empresas.infoempleo.com\/hrtrends\/redarquia-el-nuevo-orden-emergente-en-la-era-de-la-colaboracion\/\"> Leer m\u00e1s<\/a><\/p>\n","protected":false},"author":72,"featured_media":29665,"comment_status":"closed","ping_status":"open","sticky":false,"template":"","format":"standard","meta":{"footnotes":""},"categories":[3],"tags":[1194,2253,854,138],"class_list":["post-11296","post","type-post","status-publish","format-standard","has-post-thumbnail","hentry","category-actualidad","tag-colaboracion","tag-estructura","tag-organizacion","tag-red"],"yoast_head":"<!-- This site is optimized with the Yoast SEO plugin v26.1.1 - https:\/\/yoast.com\/wordpress\/plugins\/seo\/ -->\n<title>Redarqu\u00eda: el nuevo orden emergente en la Era de la Colaboraci\u00f3n | HRTRENDS<\/title>\n<meta name=\"robots\" content=\"index, follow, max-snippet:-1, max-image-preview:large, max-video-preview:-1\" \/>\n<link rel=\"canonical\" href=\"https:\/\/empresas.infoempleo.com\/hrtrends\/redarquia-el-nuevo-orden-emergente-en-la-era-de-la-colaboracion\/\" \/>\n<meta property=\"og:locale\" content=\"es_ES\" \/>\n<meta property=\"og:type\" content=\"article\" \/>\n<meta property=\"og:title\" content=\"Redarqu\u00eda: el nuevo orden emergente en la Era de la Colaboraci\u00f3n | HRTRENDS\" \/>\n<meta property=\"og:description\" content=\"Jos\u00e9 Cabrera, presidente ASPGems y socio fundador de Innopersonas Las organizaciones que hemos creado est\u00e1n pensadas para satisfacer Leer m\u00e1s\" \/>\n<meta property=\"og:url\" content=\"https:\/\/empresas.infoempleo.com\/hrtrends\/redarquia-el-nuevo-orden-emergente-en-la-era-de-la-colaboracion\/\" \/>\n<meta property=\"og:site_name\" content=\"HRTRENDS\" \/>\n<meta property=\"article:publisher\" content=\"https:\/\/www.facebook.com\/Infoempleo\" \/>\n<meta property=\"article:published_time\" content=\"2010-11-02T15:13:53+00:00\" \/>\n<meta property=\"article:modified_time\" content=\"2025-05-13T11:26:57+00:00\" \/>\n<meta property=\"og:image\" content=\"https:\/\/empresas.infoempleo.com\/hrtrends\/media\/2010\/11\/JoseCabrera1.jpg\" \/>\n<meta name=\"author\" content=\"infoempleo\" \/>\n<meta name=\"twitter:card\" content=\"summary_large_image\" \/>\n<meta name=\"twitter:creator\" content=\"@infoempleo\" \/>\n<meta name=\"twitter:site\" content=\"@infoempleo\" \/>\n<meta name=\"twitter:label1\" content=\"Escrito por\" \/>\n\t<meta name=\"twitter:data1\" content=\"infoempleo\" \/>\n\t<meta name=\"twitter:label2\" content=\"Tiempo de lectura\" \/>\n\t<meta name=\"twitter:data2\" content=\"3 minutos\" \/>\n<script type=\"application\/ld+json\" class=\"yoast-schema-graph\">{\"@context\":\"https:\/\/schema.org\",\"@graph\":[{\"@type\":\"NewsArticle\",\"@id\":\"https:\/\/empresas.infoempleo.com\/hrtrends\/redarquia-el-nuevo-orden-emergente-en-la-era-de-la-colaboracion\/#article\",\"isPartOf\":{\"@id\":\"https:\/\/empresas.infoempleo.com\/hrtrends\/redarquia-el-nuevo-orden-emergente-en-la-era-de-la-colaboracion\/\"},\"author\":{\"name\":\"infoempleo\",\"@id\":\"https:\/\/empresas.infoempleo.com\/hrtrends\/#\/schema\/person\/67d3e276ffcc8b3ae0ebec816daf775a\"},\"headline\":\"Redarqu\u00eda: el nuevo orden emergente en la Era de la Colaboraci\u00f3n\",\"datePublished\":\"2010-11-02T15:13:53+00:00\",\"dateModified\":\"2025-05-13T11:26:57+00:00\",\"mainEntityOfPage\":{\"@id\":\"https:\/\/empresas.infoempleo.com\/hrtrends\/redarquia-el-nuevo-orden-emergente-en-la-era-de-la-colaboracion\/\"},\"wordCount\":576,\"publisher\":{\"@id\":\"https:\/\/empresas.infoempleo.com\/hrtrends\/#organization\"},\"image\":{\"@id\":\"https:\/\/empresas.infoempleo.com\/hrtrends\/redarquia-el-nuevo-orden-emergente-en-la-era-de-la-colaboracion\/#primaryimage\"},\"thumbnailUrl\":\"https:\/\/empresas.infoempleo.com\/hrtrends\/media\/2017\/05\/pexels-photo-205508.jpg\",\"keywords\":[\"colaboraci\u00f3n\",\"estructura\",\"organizaci\u00f3n\",\"red\"],\"articleSection\":[\"Actualidad\"],\"inLanguage\":\"es\",\"copyrightYear\":\"2010\",\"copyrightHolder\":{\"@id\":\"https:\/\/empresas.infoempleo.com\/hrtrends\/#organization\"}},{\"@type\":\"WebPage\",\"@id\":\"https:\/\/empresas.infoempleo.com\/hrtrends\/redarquia-el-nuevo-orden-emergente-en-la-era-de-la-colaboracion\/\",\"url\":\"https:\/\/empresas.infoempleo.com\/hrtrends\/redarquia-el-nuevo-orden-emergente-en-la-era-de-la-colaboracion\/\",\"name\":\"Redarqu\u00eda: el nuevo orden emergente en la Era de la Colaboraci\u00f3n | HRTRENDS\",\"isPartOf\":{\"@id\":\"https:\/\/empresas.infoempleo.com\/hrtrends\/#website\"},\"primaryImageOfPage\":{\"@id\":\"https:\/\/empresas.infoempleo.com\/hrtrends\/redarquia-el-nuevo-orden-emergente-en-la-era-de-la-colaboracion\/#primaryimage\"},\"image\":{\"@id\":\"https:\/\/empresas.infoempleo.com\/hrtrends\/redarquia-el-nuevo-orden-emergente-en-la-era-de-la-colaboracion\/#primaryimage\"},\"thumbnailUrl\":\"https:\/\/empresas.infoempleo.com\/hrtrends\/media\/2017\/05\/pexels-photo-205508.jpg\",\"datePublished\":\"2010-11-02T15:13:53+00:00\",\"dateModified\":\"2025-05-13T11:26:57+00:00\",\"breadcrumb\":{\"@id\":\"https:\/\/empresas.infoempleo.com\/hrtrends\/redarquia-el-nuevo-orden-emergente-en-la-era-de-la-colaboracion\/#breadcrumb\"},\"inLanguage\":\"es\",\"potentialAction\":[{\"@type\":\"ReadAction\",\"target\":[\"https:\/\/empresas.infoempleo.com\/hrtrends\/redarquia-el-nuevo-orden-emergente-en-la-era-de-la-colaboracion\/\"]}]},{\"@type\":\"ImageObject\",\"inLanguage\":\"es\",\"@id\":\"https:\/\/empresas.infoempleo.com\/hrtrends\/redarquia-el-nuevo-orden-emergente-en-la-era-de-la-colaboracion\/#primaryimage\",\"url\":\"https:\/\/empresas.infoempleo.com\/hrtrends\/media\/2017\/05\/pexels-photo-205508-150x150.jpg\",\"contentUrl\":\"https:\/\/empresas.infoempleo.com\/hrtrends\/media\/2017\/05\/pexels-photo-205508-150x150.jpg\",\"width\":150,\"height\":150},{\"@type\":\"BreadcrumbList\",\"@id\":\"https:\/\/empresas.infoempleo.com\/hrtrends\/redarquia-el-nuevo-orden-emergente-en-la-era-de-la-colaboracion\/#breadcrumb\",\"itemListElement\":[{\"@type\":\"ListItem\",\"position\":1,\"name\":\"Portada\",\"item\":\"https:\/\/empresas.infoempleo.com\/hrtrends\/\"},{\"@type\":\"ListItem\",\"position\":2,\"name\":\"Redarqu\u00eda: el nuevo orden emergente en la Era de la Colaboraci\u00f3n\"}]},{\"@type\":\"WebSite\",\"@id\":\"https:\/\/empresas.infoempleo.com\/hrtrends\/#website\",\"url\":\"https:\/\/empresas.infoempleo.com\/hrtrends\",\"name\":\"HRTrends by Infoempleo\",\"description\":\"\",\"publisher\":{\"@id\":\"https:\/\/empresas.infoempleo.com\/hrtrends\/#organization\"},\"potentialAction\":{\"@type\":\"SearchAction\",\"target\":\"https:\/\/empresas.infoempleo.com\/hrtrends\/?s={search_term_string}\",\"query-input\":\"required name=search_term_string\"},\"inLanguage\":\"es\"},{\"@type\":\"Organization\",\"@id\":\"https:\/\/empresas.infoempleo.com\/hrtrends\/#organization\",\"name\":\"Infoempleo\",\"url\":\"https:\/\/www.infoempleo.com\/\",\"logo\":{\"@type\":\"ImageObject\",\"@id\":\"https:\/\/empresas.infoempleo.com\/hrtrends\/#logo\",\"inLanguage\":\"es\",\"url\":\"https:\/\/cdnazure.infoempleo.com\/infoempleo\/assets\/style\/gfx\/logo.svg\",\"contentUrl\":\"https:\/\/cdnazure.infoempleo.com\/infoempleo\/assets\/style\/gfx\/logo.svg\",\"width\":150,\"height\":40,\"caption\":\"Infoempleo\"},\"image\":{\"@id\":\"https:\/\/empresas.infoempleo.com\/hrtrends\/#logo\"},\"sameAs\":[\"https:\/\/www.facebook.com\/Infoempleo\",\"https:\/\/x.com\/infoempleo\",\"http:\/\/instagram.com\/infoempleo\/\",\"http:\/\/www.linkedin.com\/groups\/Empleo-Espa\u00f1a-Infoempleocom-111276\",\"http:\/\/pinterest.com\/infoempleo\/\"],\"address\":{\"@type\":\"PostalAddress\",\"addressLocality\":\"Madrid\",\"postalCode\":\"28050\",\"streetAddress\":\"Avenida de Burgos 114\"},\"brand\":[\"Infoempleo\"]},{\"@type\":\"Person\",\"@id\":\"https:\/\/empresas.infoempleo.com\/hrtrends\/#\/schema\/person\/67d3e276ffcc8b3ae0ebec816daf775a\",\"name\":\"infoempleo\",\"image\":{\"@type\":\"ImageObject\",\"inLanguage\":\"es\",\"@id\":\"https:\/\/empresas.infoempleo.com\/hrtrends\/#\/schema\/person\/image\/\",\"url\":\"https:\/\/secure.gravatar.com\/avatar\/7b437777242fe67d2473c2a818da2344692d1ee91e91080ccffbd97bcd4a0975?s=96&d=mm&r=g\",\"contentUrl\":\"https:\/\/secure.gravatar.com\/avatar\/7b437777242fe67d2473c2a818da2344692d1ee91e91080ccffbd97bcd4a0975?s=96&d=mm&r=g\",\"caption\":\"infoempleo\"},\"url\":\"https:\/\/empresas.infoempleo.com\/hrtrends\/author\/infoempleo\/\"}]}<\/script>\n<!-- \/ Yoast SEO plugin. -->","yoast_head_json":{"title":"Redarqu\u00eda: el nuevo orden emergente en la Era de la Colaboraci\u00f3n | HRTRENDS","robots":{"index":"index","follow":"follow","max-snippet":"max-snippet:-1","max-image-preview":"max-image-preview:large","max-video-preview":"max-video-preview:-1"},"canonical":"https:\/\/empresas.infoempleo.com\/hrtrends\/redarquia-el-nuevo-orden-emergente-en-la-era-de-la-colaboracion\/","og_locale":"es_ES","og_type":"article","og_title":"Redarqu\u00eda: el nuevo orden emergente en la Era de la Colaboraci\u00f3n | HRTRENDS","og_description":"Jos\u00e9 Cabrera, presidente ASPGems y socio fundador de Innopersonas Las organizaciones que hemos creado est\u00e1n pensadas para satisfacer Leer m\u00e1s","og_url":"https:\/\/empresas.infoempleo.com\/hrtrends\/redarquia-el-nuevo-orden-emergente-en-la-era-de-la-colaboracion\/","og_site_name":"HRTRENDS","article_publisher":"https:\/\/www.facebook.com\/Infoempleo","article_published_time":"2010-11-02T15:13:53+00:00","article_modified_time":"2025-05-13T11:26:57+00:00","og_image":[{"url":"https:\/\/empresas.infoempleo.com\/hrtrends\/media\/2010\/11\/JoseCabrera1.jpg","type":"","width":"","height":""}],"author":"infoempleo","twitter_card":"summary_large_image","twitter_creator":"@infoempleo","twitter_site":"@infoempleo","twitter_misc":{"Escrito por":"infoempleo","Tiempo de lectura":"3 minutos"},"schema":{"@context":"https:\/\/schema.org","@graph":[{"@type":"NewsArticle","@id":"https:\/\/empresas.infoempleo.com\/hrtrends\/redarquia-el-nuevo-orden-emergente-en-la-era-de-la-colaboracion\/#article","isPartOf":{"@id":"https:\/\/empresas.infoempleo.com\/hrtrends\/redarquia-el-nuevo-orden-emergente-en-la-era-de-la-colaboracion\/"},"author":{"name":"infoempleo","@id":"https:\/\/empresas.infoempleo.com\/hrtrends\/#\/schema\/person\/67d3e276ffcc8b3ae0ebec816daf775a"},"headline":"Redarqu\u00eda: el nuevo orden emergente en la Era de la Colaboraci\u00f3n","datePublished":"2010-11-02T15:13:53+00:00","dateModified":"2025-05-13T11:26:57+00:00","mainEntityOfPage":{"@id":"https:\/\/empresas.infoempleo.com\/hrtrends\/redarquia-el-nuevo-orden-emergente-en-la-era-de-la-colaboracion\/"},"wordCount":576,"publisher":{"@id":"https:\/\/empresas.infoempleo.com\/hrtrends\/#organization"},"image":{"@id":"https:\/\/empresas.infoempleo.com\/hrtrends\/redarquia-el-nuevo-orden-emergente-en-la-era-de-la-colaboracion\/#primaryimage"},"thumbnailUrl":"https:\/\/empresas.infoempleo.com\/hrtrends\/media\/2017\/05\/pexels-photo-205508.jpg","keywords":["colaboraci\u00f3n","estructura","organizaci\u00f3n","red"],"articleSection":["Actualidad"],"inLanguage":"es","copyrightYear":"2010","copyrightHolder":{"@id":"https:\/\/empresas.infoempleo.com\/hrtrends\/#organization"}},{"@type":"WebPage","@id":"https:\/\/empresas.infoempleo.com\/hrtrends\/redarquia-el-nuevo-orden-emergente-en-la-era-de-la-colaboracion\/","url":"https:\/\/empresas.infoempleo.com\/hrtrends\/redarquia-el-nuevo-orden-emergente-en-la-era-de-la-colaboracion\/","name":"Redarqu\u00eda: el nuevo orden emergente en la Era de la Colaboraci\u00f3n | HRTRENDS","isPartOf":{"@id":"https:\/\/empresas.infoempleo.com\/hrtrends\/#website"},"primaryImageOfPage":{"@id":"https:\/\/empresas.infoempleo.com\/hrtrends\/redarquia-el-nuevo-orden-emergente-en-la-era-de-la-colaboracion\/#primaryimage"},"image":{"@id":"https:\/\/empresas.infoempleo.com\/hrtrends\/redarquia-el-nuevo-orden-emergente-en-la-era-de-la-colaboracion\/#primaryimage"},"thumbnailUrl":"https:\/\/empresas.infoempleo.com\/hrtrends\/media\/2017\/05\/pexels-photo-205508.jpg","datePublished":"2010-11-02T15:13:53+00:00","dateModified":"2025-05-13T11:26:57+00:00","breadcrumb":{"@id":"https:\/\/empresas.infoempleo.com\/hrtrends\/redarquia-el-nuevo-orden-emergente-en-la-era-de-la-colaboracion\/#breadcrumb"},"inLanguage":"es","potentialAction":[{"@type":"ReadAction","target":["https:\/\/empresas.infoempleo.com\/hrtrends\/redarquia-el-nuevo-orden-emergente-en-la-era-de-la-colaboracion\/"]}]},{"@type":"ImageObject","inLanguage":"es","@id":"https:\/\/empresas.infoempleo.com\/hrtrends\/redarquia-el-nuevo-orden-emergente-en-la-era-de-la-colaboracion\/#primaryimage","url":"https:\/\/empresas.infoempleo.com\/hrtrends\/media\/2017\/05\/pexels-photo-205508-150x150.jpg","contentUrl":"https:\/\/empresas.infoempleo.com\/hrtrends\/media\/2017\/05\/pexels-photo-205508-150x150.jpg","width":150,"height":150},{"@type":"BreadcrumbList","@id":"https:\/\/empresas.infoempleo.com\/hrtrends\/redarquia-el-nuevo-orden-emergente-en-la-era-de-la-colaboracion\/#breadcrumb","itemListElement":[{"@type":"ListItem","position":1,"name":"Portada","item":"https:\/\/empresas.infoempleo.com\/hrtrends\/"},{"@type":"ListItem","position":2,"name":"Redarqu\u00eda: el nuevo orden emergente en la Era de la Colaboraci\u00f3n"}]},{"@type":"WebSite","@id":"https:\/\/empresas.infoempleo.com\/hrtrends\/#website","url":"https:\/\/empresas.infoempleo.com\/hrtrends","name":"HRTrends by Infoempleo","description":"","publisher":{"@id":"https:\/\/empresas.infoempleo.com\/hrtrends\/#organization"},"potentialAction":{"@type":"SearchAction","target":"https:\/\/empresas.infoempleo.com\/hrtrends\/?s={search_term_string}","query-input":"required name=search_term_string"},"inLanguage":"es"},{"@type":"Organization","@id":"https:\/\/empresas.infoempleo.com\/hrtrends\/#organization","name":"Infoempleo","url":"https:\/\/www.infoempleo.com\/","logo":{"@type":"ImageObject","@id":"https:\/\/empresas.infoempleo.com\/hrtrends\/#logo","inLanguage":"es","url":"https:\/\/cdnazure.infoempleo.com\/infoempleo\/assets\/style\/gfx\/logo.svg","contentUrl":"https:\/\/cdnazure.infoempleo.com\/infoempleo\/assets\/style\/gfx\/logo.svg","width":150,"height":40,"caption":"Infoempleo"},"image":{"@id":"https:\/\/empresas.infoempleo.com\/hrtrends\/#logo"},"sameAs":["https:\/\/www.facebook.com\/Infoempleo","https:\/\/x.com\/infoempleo","http:\/\/instagram.com\/infoempleo\/","http:\/\/www.linkedin.com\/groups\/Empleo-Espa\u00f1a-Infoempleocom-111276","http:\/\/pinterest.com\/infoempleo\/"],"address":{"@type":"PostalAddress","addressLocality":"Madrid","postalCode":"28050","streetAddress":"Avenida de Burgos 114"},"brand":["Infoempleo"]},{"@type":"Person","@id":"https:\/\/empresas.infoempleo.com\/hrtrends\/#\/schema\/person\/67d3e276ffcc8b3ae0ebec816daf775a","name":"infoempleo","image":{"@type":"ImageObject","inLanguage":"es","@id":"https:\/\/empresas.infoempleo.com\/hrtrends\/#\/schema\/person\/image\/","url":"https:\/\/secure.gravatar.com\/avatar\/7b437777242fe67d2473c2a818da2344692d1ee91e91080ccffbd97bcd4a0975?s=96&d=mm&r=g","contentUrl":"https:\/\/secure.gravatar.com\/avatar\/7b437777242fe67d2473c2a818da2344692d1ee91e91080ccffbd97bcd4a0975?s=96&d=mm&r=g","caption":"infoempleo"},"url":"https:\/\/empresas.infoempleo.com\/hrtrends\/author\/infoempleo\/"}]}},"amp_enabled":true,"_links":{"self":[{"href":"https:\/\/empresas.infoempleo.com\/hrtrends\/wp-json\/wp\/v2\/posts\/11296","targetHints":{"allow":["GET"]}}],"collection":[{"href":"https:\/\/empresas.infoempleo.com\/hrtrends\/wp-json\/wp\/v2\/posts"}],"about":[{"href":"https:\/\/empresas.infoempleo.com\/hrtrends\/wp-json\/wp\/v2\/types\/post"}],"author":[{"embeddable":true,"href":"https:\/\/empresas.infoempleo.com\/hrtrends\/wp-json\/wp\/v2\/users\/72"}],"replies":[{"embeddable":true,"href":"https:\/\/empresas.infoempleo.com\/hrtrends\/wp-json\/wp\/v2\/comments?post=11296"}],"version-history":[{"count":2,"href":"https:\/\/empresas.infoempleo.com\/hrtrends\/wp-json\/wp\/v2\/posts\/11296\/revisions"}],"predecessor-version":[{"id":46742,"href":"https:\/\/empresas.infoempleo.com\/hrtrends\/wp-json\/wp\/v2\/posts\/11296\/revisions\/46742"}],"wp:featuredmedia":[{"embeddable":true,"href":"https:\/\/empresas.infoempleo.com\/hrtrends\/wp-json\/wp\/v2\/media\/29665"}],"wp:attachment":[{"href":"https:\/\/empresas.infoempleo.com\/hrtrends\/wp-json\/wp\/v2\/media?parent=11296"}],"wp:term":[{"taxonomy":"category","embeddable":true,"href":"https:\/\/empresas.infoempleo.com\/hrtrends\/wp-json\/wp\/v2\/categories?post=11296"},{"taxonomy":"post_tag","embeddable":true,"href":"https:\/\/empresas.infoempleo.com\/hrtrends\/wp-json\/wp\/v2\/tags?post=11296"}],"curies":[{"name":"wp","href":"https:\/\/api.w.org\/{rel}","templated":true}]}}