{"id":11166,"date":"2010-10-18T15:31:33","date_gmt":"2010-10-18T14:31:33","guid":{"rendered":"http:\/\/blog.infoempleo.com\/?p=11166"},"modified":"2018-05-23T17:35:23","modified_gmt":"2018-05-23T15:35:23","slug":"intento-dignificar-la-cocina-a-traves-de-los-medios","status":"publish","type":"post","link":"https:\/\/empresas.infoempleo.com\/hrtrends\/intento-dignificar-la-cocina-a-traves-de-los-medios\/","title":{"rendered":"\u201cIntento dignificar la cocina a trav\u00e9s de los medios\u201d"},"content":{"rendered":"<p style=\"text-align: center\"><img loading=\"lazy\" decoding=\"async\" class=\"alignnone size-full wp-image-11167\" src=\"https:\/\/empresas.infoempleo.com\/hrtrends\/media\/2010\/10\/mario_sandoval_dream_food1.jpg\" alt=\"Mario Sandoval\" width=\"300\" height=\"263\" srcset=\"https:\/\/empresas.infoempleo.com\/hrtrends\/media\/2010\/10\/mario_sandoval_dream_food1.jpg 500w, https:\/\/empresas.infoempleo.com\/hrtrends\/media\/2010\/10\/mario_sandoval_dream_food1-300x263.jpg 300w\" sizes=\"auto, (max-width: 300px) 100vw, 300px\" \/><\/p>\n<h3 style=\"text-align: left\">Mario Sandoval, chef<\/h3>\n<p>La pasi\u00f3n por la cocina es, en su caso, casi una cuesti\u00f3n gen\u00e9tica. El chef Mario Sandoval creci\u00f3, literalmente, entre cazuelas, en medio de la actividad diaria del restaurante familiar, Coque, situado en la localidad madrile\u00f1a de Humanes. Sus ganas de aprender le llevaron a viajar por medio mundo en busca de los grandes gur\u00fas de la cocina y asimilar su sabidur\u00eda. Entre ellos, los gigantes Arzak y Adri\u00e1. Defensor de la Nueva Cocina Madrile\u00f1a, hoy Sandoval es uno de los cocineros m\u00e1s importantes de Espa\u00f1a y su restaurante, Coque, se cuenta entre los mejores. Despu\u00e9s de su participaci\u00f3n en algunos programas de televisi\u00f3n su rostro se ha vuelto popular. Esa faceta medi\u00e1tica, asegura, le permite promocionar su cocina y dignificar el arte de la gastronom\u00eda.<\/p>\n<p><strong>\u00bfCu\u00e1l fue su primer empleo remunerado?<br \/>\n<\/strong>En mi propio restaurante, el de mis padres. Primero estudi\u00e9 en la Escuela Superior de Hosteler\u00eda de Madrid, pero luego me dediqu\u00e9 a viajar para aprender la cocina que se hac\u00eda en otros sitios. Visit\u00e9 Par\u00eds, Londres, Nueva York\u2026 Fue muy duro. Tu familia conf\u00eda en ti y no les puedes fallar. Lo bonito es ver c\u00f3mo vas evolucionando. Primero hacia una cocina m\u00e1s tradicional, luego, investigando, de vanguardia. Empec\u00e9 a los 22 a\u00f1os. Hoy tengo 33 y no me han echado, as\u00ed que debo de estar haci\u00e9ndolo bien. Yo era el hijo del due\u00f1o. Ten\u00eda mucha ilusi\u00f3n, pero tambi\u00e9n una gran responsabilidad. Trabajaba 16 horas diarias, de lunes a s\u00e1bado, me ten\u00eda que levantar muy temprano para ir a Mercamadrid\u2026 Ha sido muy duro, pero hoy es un restaurante conocido. Nos visitan incluso desde el extranjero.<\/p>\n<p><strong>\u00bfRecuerda en qu\u00e9 emple\u00f3 el dinero de aquel primer trabajo?<br \/>\n<\/strong>Pues compr\u00e9 un robot de cocina. Necesitaba una salsa y no sal\u00eda todo lo fina que yo quer\u00eda. Como en el restaurante no pod\u00edan comprarlo, pues el dinero lo puse yo. Tambi\u00e9n lo emple\u00e9 en poder viajar. Quer\u00eda conocer la cocina que se hac\u00eda en los grandes restaurantes. Muchas veces dorm\u00eda en el tren para poder llegar hasta ellos.<\/p>\n<p><strong>As\u00ed que se puede decir que lo suyo es vocacional\u2026<br \/>\n<\/strong>Totalmente vocacional. Mi madre me daba el pecho y mi abuelo le dec\u00eda que me iba a quemar, porque ella siempre estaba entre fogones.<\/p>\n<p><strong>Sin embargo, tambi\u00e9n se matricul\u00f3 en la universidad, aunque creo que la idea no fue bien.<br \/>\n<\/strong>Hice COU, selectividad y me matricul\u00e9 en Empresariales en la Universidad Carlos III de Madrid. Pero el primer d\u00eda, dije \u201cno empiezo\u201d. Yo soy muy responsable, y prefer\u00eda no empezar algo si no lo iba a acabar.<\/p>\n<p><strong>Por lo que veo, usted ha trabajado mucho desde muy joven. \u00bfNo le da la sensaci\u00f3n de haberse perdido algo?<br \/>\n<\/strong>Siempre uno quiere m\u00e1s tiempo para poder dedicarse a sus aficiones, en mi caso, montar a caballo o jugar al tenis. Pero la alta competici\u00f3n es muy dura. Yo estoy muy orgulloso de todo lo que he conseguido, as\u00ed que, si me he perdido algo, ser\u00eda porque no me apetec\u00eda hacerlo. No me arrepiento. Eso s\u00ed, tambi\u00e9n he salido y he hecho mis pinitos por ah\u00ed.<\/p>\n<p><strong>\u00bfCu\u00e1les son sus maestros?<br \/>\n<\/strong>El primero fue Salvador Gallego, y luego estuve ccon Adri\u00e1, Arzak\u2026 Y, entre los extranjeros, con gente como Garnier. Yo fui paso a paso, aprendiendo primero de los espa\u00f1oles. Luego viajas y aprendes de los de fuera.<\/p>\n<p><strong>La cocina espa\u00f1ola triunfa. \u00bfPor qu\u00e9?<br \/>\n<\/strong>Primero, porque tenemos unos productos buen\u00edsimos, como el aceite de oliva o los alimentos mediterr\u00e1neos. Y, despu\u00e9s, porque la formaci\u00f3n es muy buena y tenemos grandes profesionales, que est\u00e1n investigando.<\/p>\n<p><strong>Tambi\u00e9n es alguien muy medi\u00e1tico. \u00bfC\u00f3mo lleva esa faceta?<br \/>\n<\/strong>Es interesante que el p\u00fablico te conozca, para que vaya a tu restaurante. Sin embargo, creo que la forma de darte a conocer debe ser controlada, debe aportar algo a tu imagen y a la del restaurante. Intento dignificar la cocina a trav\u00e9s de los medios de comunicaci\u00f3n.<\/p>\n","protected":false},"excerpt":{"rendered":"<p>Mario Sandoval, chef La pasi\u00f3n por la cocina es, en su caso, casi una cuesti\u00f3n gen\u00e9tica. El chef<a class=\"moretag\" href=\"https:\/\/empresas.infoempleo.com\/hrtrends\/intento-dignificar-la-cocina-a-traves-de-los-medios\/\"> Leer m\u00e1s<\/a><\/p>\n","protected":false},"author":50,"featured_media":29665,"comment_status":"closed","ping_status":"open","sticky":false,"template":"","format":"standard","meta":{"footnotes":""},"categories":[3],"tags":[2236,1646,2237,491],"class_list":["post-11166","post","type-post","status-publish","format-standard","has-post-thumbnail","hentry","category-actualidad","tag-chef","tag-cocina","tag-mario-sandoval","tag-primer-empleo"],"yoast_head":"<!-- This site is optimized with the Yoast SEO plugin v26.1.1 - https:\/\/yoast.com\/wordpress\/plugins\/seo\/ -->\n<title>\u201cIntento dignificar la cocina a trav\u00e9s de los medios\u201d | HRTRENDS<\/title>\n<meta name=\"robots\" content=\"index, follow, max-snippet:-1, max-image-preview:large, max-video-preview:-1\" \/>\n<link rel=\"canonical\" href=\"https:\/\/empresas.infoempleo.com\/hrtrends\/intento-dignificar-la-cocina-a-traves-de-los-medios\/\" \/>\n<meta property=\"og:locale\" content=\"es_ES\" \/>\n<meta property=\"og:type\" content=\"article\" \/>\n<meta property=\"og:title\" content=\"\u201cIntento dignificar la cocina a trav\u00e9s de los medios\u201d | HRTRENDS\" \/>\n<meta property=\"og:description\" content=\"Mario Sandoval, chef La pasi\u00f3n por la cocina es, en su caso, casi una cuesti\u00f3n gen\u00e9tica. El chef Leer m\u00e1s\" \/>\n<meta property=\"og:url\" content=\"https:\/\/empresas.infoempleo.com\/hrtrends\/intento-dignificar-la-cocina-a-traves-de-los-medios\/\" \/>\n<meta property=\"og:site_name\" content=\"HRTRENDS\" \/>\n<meta property=\"article:publisher\" content=\"https:\/\/www.facebook.com\/Infoempleo\" \/>\n<meta property=\"article:published_time\" content=\"2010-10-18T14:31:33+00:00\" \/>\n<meta property=\"article:modified_time\" content=\"2018-05-23T15:35:23+00:00\" \/>\n<meta property=\"og:image\" content=\"https:\/\/empresas.infoempleo.com\/hrtrends\/media\/2017\/05\/pexels-photo-205508.jpg\" \/>\n\t<meta property=\"og:image:width\" content=\"1280\" \/>\n\t<meta property=\"og:image:height\" content=\"960\" \/>\n\t<meta property=\"og:image:type\" content=\"image\/jpeg\" \/>\n<meta name=\"author\" content=\"Sergio Mu\u00f1oz\" \/>\n<meta name=\"twitter:card\" content=\"summary_large_image\" \/>\n<meta name=\"twitter:creator\" content=\"@infoempleo\" \/>\n<meta name=\"twitter:site\" content=\"@infoempleo\" \/>\n<meta name=\"twitter:label1\" content=\"Escrito por\" \/>\n\t<meta name=\"twitter:data1\" content=\"Sergio Mu\u00f1oz\" \/>\n\t<meta name=\"twitter:label2\" content=\"Tiempo de lectura\" \/>\n\t<meta name=\"twitter:data2\" content=\"4 minutos\" \/>\n<script type=\"application\/ld+json\" class=\"yoast-schema-graph\">{\"@context\":\"https:\/\/schema.org\",\"@graph\":[{\"@type\":\"NewsArticle\",\"@id\":\"https:\/\/empresas.infoempleo.com\/hrtrends\/intento-dignificar-la-cocina-a-traves-de-los-medios\/#article\",\"isPartOf\":{\"@id\":\"https:\/\/empresas.infoempleo.com\/hrtrends\/intento-dignificar-la-cocina-a-traves-de-los-medios\/\"},\"author\":{\"name\":\"Sergio Mu\u00f1oz\",\"@id\":\"https:\/\/empresas.infoempleo.com\/hrtrends\/#\/schema\/person\/6eed0717dd6d324ad674543577f7d352\"},\"headline\":\"\u201cIntento dignificar la cocina a trav\u00e9s de los medios\u201d\",\"datePublished\":\"2010-10-18T14:31:33+00:00\",\"dateModified\":\"2018-05-23T15:35:23+00:00\",\"mainEntityOfPage\":{\"@id\":\"https:\/\/empresas.infoempleo.com\/hrtrends\/intento-dignificar-la-cocina-a-traves-de-los-medios\/\"},\"wordCount\":715,\"publisher\":{\"@id\":\"https:\/\/empresas.infoempleo.com\/hrtrends\/#organization\"},\"image\":{\"@id\":\"https:\/\/empresas.infoempleo.com\/hrtrends\/intento-dignificar-la-cocina-a-traves-de-los-medios\/#primaryimage\"},\"thumbnailUrl\":\"https:\/\/empresas.infoempleo.com\/hrtrends\/media\/2017\/05\/pexels-photo-205508.jpg\",\"keywords\":[\"chef\",\"cocina\",\"mario sandoval\",\"primer empleo\"],\"articleSection\":[\"Actualidad\"],\"inLanguage\":\"es\",\"copyrightYear\":\"2010\",\"copyrightHolder\":{\"@id\":\"https:\/\/empresas.infoempleo.com\/hrtrends\/#organization\"}},{\"@type\":\"WebPage\",\"@id\":\"https:\/\/empresas.infoempleo.com\/hrtrends\/intento-dignificar-la-cocina-a-traves-de-los-medios\/\",\"url\":\"https:\/\/empresas.infoempleo.com\/hrtrends\/intento-dignificar-la-cocina-a-traves-de-los-medios\/\",\"name\":\"\u201cIntento dignificar la cocina a trav\u00e9s de los medios\u201d | HRTRENDS\",\"isPartOf\":{\"@id\":\"https:\/\/empresas.infoempleo.com\/hrtrends\/#website\"},\"primaryImageOfPage\":{\"@id\":\"https:\/\/empresas.infoempleo.com\/hrtrends\/intento-dignificar-la-cocina-a-traves-de-los-medios\/#primaryimage\"},\"image\":{\"@id\":\"https:\/\/empresas.infoempleo.com\/hrtrends\/intento-dignificar-la-cocina-a-traves-de-los-medios\/#primaryimage\"},\"thumbnailUrl\":\"https:\/\/empresas.infoempleo.com\/hrtrends\/media\/2017\/05\/pexels-photo-205508.jpg\",\"datePublished\":\"2010-10-18T14:31:33+00:00\",\"dateModified\":\"2018-05-23T15:35:23+00:00\",\"breadcrumb\":{\"@id\":\"https:\/\/empresas.infoempleo.com\/hrtrends\/intento-dignificar-la-cocina-a-traves-de-los-medios\/#breadcrumb\"},\"inLanguage\":\"es\",\"potentialAction\":[{\"@type\":\"ReadAction\",\"target\":[\"https:\/\/empresas.infoempleo.com\/hrtrends\/intento-dignificar-la-cocina-a-traves-de-los-medios\/\"]}]},{\"@type\":\"ImageObject\",\"inLanguage\":\"es\",\"@id\":\"https:\/\/empresas.infoempleo.com\/hrtrends\/intento-dignificar-la-cocina-a-traves-de-los-medios\/#primaryimage\",\"url\":\"https:\/\/empresas.infoempleo.com\/hrtrends\/media\/2017\/05\/pexels-photo-205508-150x150.jpg\",\"contentUrl\":\"https:\/\/empresas.infoempleo.com\/hrtrends\/media\/2017\/05\/pexels-photo-205508-150x150.jpg\",\"width\":150,\"height\":150},{\"@type\":\"BreadcrumbList\",\"@id\":\"https:\/\/empresas.infoempleo.com\/hrtrends\/intento-dignificar-la-cocina-a-traves-de-los-medios\/#breadcrumb\",\"itemListElement\":[{\"@type\":\"ListItem\",\"position\":1,\"name\":\"Portada\",\"item\":\"https:\/\/empresas.infoempleo.com\/hrtrends\/\"},{\"@type\":\"ListItem\",\"position\":2,\"name\":\"\u201cIntento dignificar la cocina a trav\u00e9s de los medios\u201d\"}]},{\"@type\":\"WebSite\",\"@id\":\"https:\/\/empresas.infoempleo.com\/hrtrends\/#website\",\"url\":\"https:\/\/empresas.infoempleo.com\/hrtrends\",\"name\":\"HRTrends by Infoempleo\",\"description\":\"\",\"publisher\":{\"@id\":\"https:\/\/empresas.infoempleo.com\/hrtrends\/#organization\"},\"potentialAction\":{\"@type\":\"SearchAction\",\"target\":\"https:\/\/empresas.infoempleo.com\/hrtrends\/?s={search_term_string}\",\"query-input\":\"required name=search_term_string\"},\"inLanguage\":\"es\"},{\"@type\":\"Organization\",\"@id\":\"https:\/\/empresas.infoempleo.com\/hrtrends\/#organization\",\"name\":\"Infoempleo\",\"url\":\"https:\/\/www.infoempleo.com\/\",\"logo\":{\"@type\":\"ImageObject\",\"@id\":\"https:\/\/empresas.infoempleo.com\/hrtrends\/#logo\",\"inLanguage\":\"es\",\"url\":\"https:\/\/cdnazure.infoempleo.com\/infoempleo\/assets\/style\/gfx\/logo.svg\",\"contentUrl\":\"https:\/\/cdnazure.infoempleo.com\/infoempleo\/assets\/style\/gfx\/logo.svg\",\"width\":150,\"height\":40,\"caption\":\"Infoempleo\"},\"image\":{\"@id\":\"https:\/\/empresas.infoempleo.com\/hrtrends\/#logo\"},\"sameAs\":[\"https:\/\/www.facebook.com\/Infoempleo\",\"https:\/\/x.com\/infoempleo\",\"http:\/\/instagram.com\/infoempleo\/\",\"http:\/\/www.linkedin.com\/groups\/Empleo-Espa\u00f1a-Infoempleocom-111276\",\"http:\/\/pinterest.com\/infoempleo\/\"],\"address\":{\"@type\":\"PostalAddress\",\"addressLocality\":\"Madrid\",\"postalCode\":\"28050\",\"streetAddress\":\"Avenida de Burgos 114\"},\"brand\":[\"Infoempleo\"]},{\"@type\":\"Person\",\"@id\":\"https:\/\/empresas.infoempleo.com\/hrtrends\/#\/schema\/person\/6eed0717dd6d324ad674543577f7d352\",\"name\":\"Sergio Mu\u00f1oz\",\"image\":{\"@type\":\"ImageObject\",\"inLanguage\":\"es\",\"@id\":\"https:\/\/empresas.infoempleo.com\/hrtrends\/#\/schema\/person\/image\/\",\"url\":\"https:\/\/secure.gravatar.com\/avatar\/e7731161b4b74cbcb9baea8553044aadfdf78c0164ca104016474818fd843019?s=96&d=mm&r=g\",\"contentUrl\":\"https:\/\/secure.gravatar.com\/avatar\/e7731161b4b74cbcb9baea8553044aadfdf78c0164ca104016474818fd843019?s=96&d=mm&r=g\",\"caption\":\"Sergio Mu\u00f1oz\"},\"url\":\"https:\/\/empresas.infoempleo.com\/hrtrends\/author\/sergio-munoz\/\"}]}<\/script>\n<!-- \/ Yoast SEO plugin. -->","yoast_head_json":{"title":"\u201cIntento dignificar la cocina a trav\u00e9s de los medios\u201d | HRTRENDS","robots":{"index":"index","follow":"follow","max-snippet":"max-snippet:-1","max-image-preview":"max-image-preview:large","max-video-preview":"max-video-preview:-1"},"canonical":"https:\/\/empresas.infoempleo.com\/hrtrends\/intento-dignificar-la-cocina-a-traves-de-los-medios\/","og_locale":"es_ES","og_type":"article","og_title":"\u201cIntento dignificar la cocina a trav\u00e9s de los medios\u201d | HRTRENDS","og_description":"Mario Sandoval, chef La pasi\u00f3n por la cocina es, en su caso, casi una cuesti\u00f3n gen\u00e9tica. El chef Leer m\u00e1s","og_url":"https:\/\/empresas.infoempleo.com\/hrtrends\/intento-dignificar-la-cocina-a-traves-de-los-medios\/","og_site_name":"HRTRENDS","article_publisher":"https:\/\/www.facebook.com\/Infoempleo","article_published_time":"2010-10-18T14:31:33+00:00","article_modified_time":"2018-05-23T15:35:23+00:00","og_image":[{"width":1280,"height":960,"url":"https:\/\/empresas.infoempleo.com\/hrtrends\/media\/2017\/05\/pexels-photo-205508.jpg","type":"image\/jpeg"}],"author":"Sergio Mu\u00f1oz","twitter_card":"summary_large_image","twitter_creator":"@infoempleo","twitter_site":"@infoempleo","twitter_misc":{"Escrito por":"Sergio Mu\u00f1oz","Tiempo de lectura":"4 minutos"},"schema":{"@context":"https:\/\/schema.org","@graph":[{"@type":"NewsArticle","@id":"https:\/\/empresas.infoempleo.com\/hrtrends\/intento-dignificar-la-cocina-a-traves-de-los-medios\/#article","isPartOf":{"@id":"https:\/\/empresas.infoempleo.com\/hrtrends\/intento-dignificar-la-cocina-a-traves-de-los-medios\/"},"author":{"name":"Sergio Mu\u00f1oz","@id":"https:\/\/empresas.infoempleo.com\/hrtrends\/#\/schema\/person\/6eed0717dd6d324ad674543577f7d352"},"headline":"\u201cIntento dignificar la cocina a trav\u00e9s de los medios\u201d","datePublished":"2010-10-18T14:31:33+00:00","dateModified":"2018-05-23T15:35:23+00:00","mainEntityOfPage":{"@id":"https:\/\/empresas.infoempleo.com\/hrtrends\/intento-dignificar-la-cocina-a-traves-de-los-medios\/"},"wordCount":715,"publisher":{"@id":"https:\/\/empresas.infoempleo.com\/hrtrends\/#organization"},"image":{"@id":"https:\/\/empresas.infoempleo.com\/hrtrends\/intento-dignificar-la-cocina-a-traves-de-los-medios\/#primaryimage"},"thumbnailUrl":"https:\/\/empresas.infoempleo.com\/hrtrends\/media\/2017\/05\/pexels-photo-205508.jpg","keywords":["chef","cocina","mario sandoval","primer empleo"],"articleSection":["Actualidad"],"inLanguage":"es","copyrightYear":"2010","copyrightHolder":{"@id":"https:\/\/empresas.infoempleo.com\/hrtrends\/#organization"}},{"@type":"WebPage","@id":"https:\/\/empresas.infoempleo.com\/hrtrends\/intento-dignificar-la-cocina-a-traves-de-los-medios\/","url":"https:\/\/empresas.infoempleo.com\/hrtrends\/intento-dignificar-la-cocina-a-traves-de-los-medios\/","name":"\u201cIntento dignificar la cocina a trav\u00e9s de los medios\u201d | HRTRENDS","isPartOf":{"@id":"https:\/\/empresas.infoempleo.com\/hrtrends\/#website"},"primaryImageOfPage":{"@id":"https:\/\/empresas.infoempleo.com\/hrtrends\/intento-dignificar-la-cocina-a-traves-de-los-medios\/#primaryimage"},"image":{"@id":"https:\/\/empresas.infoempleo.com\/hrtrends\/intento-dignificar-la-cocina-a-traves-de-los-medios\/#primaryimage"},"thumbnailUrl":"https:\/\/empresas.infoempleo.com\/hrtrends\/media\/2017\/05\/pexels-photo-205508.jpg","datePublished":"2010-10-18T14:31:33+00:00","dateModified":"2018-05-23T15:35:23+00:00","breadcrumb":{"@id":"https:\/\/empresas.infoempleo.com\/hrtrends\/intento-dignificar-la-cocina-a-traves-de-los-medios\/#breadcrumb"},"inLanguage":"es","potentialAction":[{"@type":"ReadAction","target":["https:\/\/empresas.infoempleo.com\/hrtrends\/intento-dignificar-la-cocina-a-traves-de-los-medios\/"]}]},{"@type":"ImageObject","inLanguage":"es","@id":"https:\/\/empresas.infoempleo.com\/hrtrends\/intento-dignificar-la-cocina-a-traves-de-los-medios\/#primaryimage","url":"https:\/\/empresas.infoempleo.com\/hrtrends\/media\/2017\/05\/pexels-photo-205508-150x150.jpg","contentUrl":"https:\/\/empresas.infoempleo.com\/hrtrends\/media\/2017\/05\/pexels-photo-205508-150x150.jpg","width":150,"height":150},{"@type":"BreadcrumbList","@id":"https:\/\/empresas.infoempleo.com\/hrtrends\/intento-dignificar-la-cocina-a-traves-de-los-medios\/#breadcrumb","itemListElement":[{"@type":"ListItem","position":1,"name":"Portada","item":"https:\/\/empresas.infoempleo.com\/hrtrends\/"},{"@type":"ListItem","position":2,"name":"\u201cIntento dignificar la cocina a trav\u00e9s de los medios\u201d"}]},{"@type":"WebSite","@id":"https:\/\/empresas.infoempleo.com\/hrtrends\/#website","url":"https:\/\/empresas.infoempleo.com\/hrtrends","name":"HRTrends by Infoempleo","description":"","publisher":{"@id":"https:\/\/empresas.infoempleo.com\/hrtrends\/#organization"},"potentialAction":{"@type":"SearchAction","target":"https:\/\/empresas.infoempleo.com\/hrtrends\/?s={search_term_string}","query-input":"required name=search_term_string"},"inLanguage":"es"},{"@type":"Organization","@id":"https:\/\/empresas.infoempleo.com\/hrtrends\/#organization","name":"Infoempleo","url":"https:\/\/www.infoempleo.com\/","logo":{"@type":"ImageObject","@id":"https:\/\/empresas.infoempleo.com\/hrtrends\/#logo","inLanguage":"es","url":"https:\/\/cdnazure.infoempleo.com\/infoempleo\/assets\/style\/gfx\/logo.svg","contentUrl":"https:\/\/cdnazure.infoempleo.com\/infoempleo\/assets\/style\/gfx\/logo.svg","width":150,"height":40,"caption":"Infoempleo"},"image":{"@id":"https:\/\/empresas.infoempleo.com\/hrtrends\/#logo"},"sameAs":["https:\/\/www.facebook.com\/Infoempleo","https:\/\/x.com\/infoempleo","http:\/\/instagram.com\/infoempleo\/","http:\/\/www.linkedin.com\/groups\/Empleo-Espa\u00f1a-Infoempleocom-111276","http:\/\/pinterest.com\/infoempleo\/"],"address":{"@type":"PostalAddress","addressLocality":"Madrid","postalCode":"28050","streetAddress":"Avenida de Burgos 114"},"brand":["Infoempleo"]},{"@type":"Person","@id":"https:\/\/empresas.infoempleo.com\/hrtrends\/#\/schema\/person\/6eed0717dd6d324ad674543577f7d352","name":"Sergio Mu\u00f1oz","image":{"@type":"ImageObject","inLanguage":"es","@id":"https:\/\/empresas.infoempleo.com\/hrtrends\/#\/schema\/person\/image\/","url":"https:\/\/secure.gravatar.com\/avatar\/e7731161b4b74cbcb9baea8553044aadfdf78c0164ca104016474818fd843019?s=96&d=mm&r=g","contentUrl":"https:\/\/secure.gravatar.com\/avatar\/e7731161b4b74cbcb9baea8553044aadfdf78c0164ca104016474818fd843019?s=96&d=mm&r=g","caption":"Sergio Mu\u00f1oz"},"url":"https:\/\/empresas.infoempleo.com\/hrtrends\/author\/sergio-munoz\/"}]}},"amp_enabled":true,"_links":{"self":[{"href":"https:\/\/empresas.infoempleo.com\/hrtrends\/wp-json\/wp\/v2\/posts\/11166","targetHints":{"allow":["GET"]}}],"collection":[{"href":"https:\/\/empresas.infoempleo.com\/hrtrends\/wp-json\/wp\/v2\/posts"}],"about":[{"href":"https:\/\/empresas.infoempleo.com\/hrtrends\/wp-json\/wp\/v2\/types\/post"}],"author":[{"embeddable":true,"href":"https:\/\/empresas.infoempleo.com\/hrtrends\/wp-json\/wp\/v2\/users\/50"}],"replies":[{"embeddable":true,"href":"https:\/\/empresas.infoempleo.com\/hrtrends\/wp-json\/wp\/v2\/comments?post=11166"}],"version-history":[{"count":0,"href":"https:\/\/empresas.infoempleo.com\/hrtrends\/wp-json\/wp\/v2\/posts\/11166\/revisions"}],"wp:featuredmedia":[{"embeddable":true,"href":"https:\/\/empresas.infoempleo.com\/hrtrends\/wp-json\/wp\/v2\/media\/29665"}],"wp:attachment":[{"href":"https:\/\/empresas.infoempleo.com\/hrtrends\/wp-json\/wp\/v2\/media?parent=11166"}],"wp:term":[{"taxonomy":"category","embeddable":true,"href":"https:\/\/empresas.infoempleo.com\/hrtrends\/wp-json\/wp\/v2\/categories?post=11166"},{"taxonomy":"post_tag","embeddable":true,"href":"https:\/\/empresas.infoempleo.com\/hrtrends\/wp-json\/wp\/v2\/tags?post=11166"}],"curies":[{"name":"wp","href":"https:\/\/api.w.org\/{rel}","templated":true}]}}