{"id":11154,"date":"2010-10-18T13:23:08","date_gmt":"2010-10-18T12:23:08","guid":{"rendered":"http:\/\/blog.infoempleo.com\/?p=11154"},"modified":"2025-10-28T17:57:26","modified_gmt":"2025-10-28T15:57:26","slug":"la-otra-cara-de-la-innovacion","status":"publish","type":"post","link":"https:\/\/empresas.infoempleo.com\/hrtrends\/la-otra-cara-de-la-innovacion\/","title":{"rendered":"La otra cara de la innovaci\u00f3n"},"content":{"rendered":"<p><strong>La innovaci\u00f3n produce riqueza y hace avanzar a las sociedades.<\/strong> <strong>Sin embargo, existe el peligro de que los avances se paralicen en tiempos de crisis, debido a los recortes en los presupuestos de I+D.<\/strong> Alfons Sauquet, decano de ESADE y representante de la escuela de negocios en el Science\/Business Innovation Board, una asociaci\u00f3n cient\u00edfica sin \u00e1nimo de lucro con\u00a0sede en Bruselas, cuyo objetivo es implementar la innovaci\u00f3n en Europa, considera que <strong>\u00abpara solucionar los grandes retos a los que Europa se enfrenta \u2013como el cambio clim\u00e1tico, el suministro el\u00e9ctrico o la asistencia sanitaria para una poblaci\u00f3n cada vez mayor\u2013 ser\u00e1 necesario innovar. Y eso s\u00f3lo pasar\u00e1 si acabamos con las limitaciones\u00a0que tanto Bruselas como los estados miembros imponen a los innovadores\u00bb.<\/strong><\/p>\n<p>Algunos expertos dibujan un panorama igual de gris en el sector de la\u00a0 innovaci\u00f3n. \u00abLas restricciones presupuestarias son inevitables para salir de una grave crisis econ\u00f3mica comola actual. Pero los recortes en los\u00a0 programas nacionales de I+D podr\u00edan volverse en nuestra contra. La investigaci\u00f3n originar\u00e1 nuevas tecnolog\u00edas e innovaci\u00f3n, y ambas son claves para el crecimiento econ\u00f3mico\u00bb, asegura el decano de la escuela de negocios INSEAD, J. Frank Brown.<\/p>\n<h3>Producir m\u00e1s<\/h3>\n<p><strong>Los beneficios de la innovaci\u00f3n son evidentes. Seg\u00fan un estudio de la OCDE, con cada 1% de incremento de la inversi\u00f3n p\u00fablica en I+D la productividad de un pa\u00eds aumenta un 0,17%.<\/strong> Asimismo, si el sector privado es el que incrementa un 1% la inversi\u00f3n en I+D la productividad aumenta un 0,13%. Sin embargo, hay escenarios tambi\u00e9n para los optimistas. Aunque\u00a0 actualmente vemos cada vez m\u00e1s pol\u00edticas econ\u00f3micas como la inglesa, que abogan por importantes\u00a0 recortes a los presupuestos de I+D, tambi\u00e9n vemos lo opuesto, como el Plan para la Innovaci\u00f3n, presentado por la comisaria europea M\u00e1ire Geoghean-Quin. \u00abEs un paso adelante -asegura Sauquet- pero ahora es necesario que la Uni\u00f3n Europea lo apoye\u00bb.<\/p>\n<p><strong>Vijay Govindarajan y Chris Timble, dos profesores de la prestigiosa escuela de negocios norteamericana Tuck\u00a0 School, de la Universidad de Dartmouth<\/strong>, se han pasado la ultima d\u00e9cada estudiando la innovaci\u00f3n en empresas como IBM, Cisco Systems y Dow Jones. En su nuevo libro,<strong> \u00ab10 reglas para innovadores\u00a0 estrat\u00e9gicos\u00bb<\/strong>, se preguntan si las empresas actuales\u00a0son capaces de cambiar el mundo. La respuesta es s\u00ed, pero s\u00f3lo si se ajustan. \u00ab<strong>A trav\u00e9s de la innovaci\u00f3n, las empresas pueden cambiar el mundo. Pero hay un problema. Las compa\u00f1\u00edas no est\u00e1n construidas para la innovaci\u00f3n, sino para la eficiencia\u00bb<\/strong>, dicen los autores. Sin embargo, \u00abaunque la mayor\u00eda de los\u00a0 empresarios tiene creatividad y tecnolog\u00eda, carece de las habilidades directivas para convertir las ideas en realidad \u00bb, dicen los autores.<\/p>\n<p>En su libro comparan la innovaci\u00f3n con la ascensi\u00f3n de\u00a0una monta\u00f1a. La mayor\u00eda de los monta\u00f1istas enfocan su energ\u00eda y entusiasmo en coronar la cima, sacrificando recursos para la bajada, el tramo m\u00e1s peligroso.De manera similar,<strong> las empresas s\u00f3lo se centran en la cima de la innovaci\u00f3n, es decir, identificando una idea brillante, pero dejan de lado la otra cara de la innovaci\u00f3n, la ejecuci\u00f3n.<\/strong> \u00abHay demasiado \u00e9nfasis en las ideas, pero no\u00a0 bastante en la ejecuci\u00f3n\u00bb. Su trabajo les ha llevado a la conclusi\u00f3n de que las empresas deber\u00edan ser capaces de ejecutar cualquier iniciativa innovadora.<\/p>\n<h3>Visi\u00f3n de futuro<\/h3>\n<p>Al final, <strong>lo que queda claro es que incrementar la innovaci\u00f3n es beneficioso a largo plazo. El valor de la innovaci\u00f3n queda presente y se aprovecha en el futuro. <\/strong>As\u00ed lo apuntan, al menos, algunos expertos. \u00abLa tecnolog\u00eda y la ciencia proporcionan puestos de trabajo s\u00f3lidos y\u00a0un verdadero valor econ\u00f3mico que no desaparece cuando vienen malos tiempos para un pa\u00eds\u00bb, ha asegurado nada menos que Jean- Philippe Courtois, presidente de Microsoft Internacional.<\/p>\n<p>M\u00e1s cr\u00edtico se muestra el flamando ganador del \u00faltimo Premio Nobel de F\u00edsica, Konstantin Novoselov, que, al alim\u00f3n con su compatriota ruso Andre Geim, ha sido premiado\u00a0por sus avances con el grafeno. \u00abLa Uni\u00f3n Europea\u00a0 debe hacer todo lo que est\u00e9 en su mano para crear las condiciones\u00a0 adecuadas para\u00a0que surja el talento y las nuevas ideas\u00bb, ha dicho Novoselov, profesor de la Universidad de Manchester, a lo que a\u00f1ade que \u00abeste pa\u00eds se arriesga a perder a las figuras m\u00e1s importantes y las nuevas estrellas de la ciencia si los nuevos recortes de presupuestos se materializan. La consecuencia ser\u00e1 que, sin dinero, los mejores cient\u00edficos se ir\u00e1n a trabajar al extranjero, especialmente los m\u00e1s j\u00f3venes\u00bb. Palabra de Nobel.<\/p>\n","protected":false},"excerpt":{"rendered":"<p>La innovaci\u00f3n produce riqueza y hace avanzar a las sociedades. Sin embargo, existe el peligro de que los<a class=\"moretag\" href=\"https:\/\/empresas.infoempleo.com\/hrtrends\/la-otra-cara-de-la-innovacion\/\"> Leer m\u00e1s<\/a><\/p>\n","protected":false},"author":51,"featured_media":31909,"comment_status":"closed","ping_status":"open","sticky":false,"template":"","format":"standard","meta":{"footnotes":""},"categories":[3],"tags":[1790,494,198,1395],"class_list":["post-11154","post","type-post","status-publish","format-standard","has-post-thumbnail","hentry","category-actualidad","tag-beneficios","tag-id","tag-innovacion","tag-negocio"],"yoast_head":"<!-- This site is optimized with the Yoast SEO plugin v26.1.1 - https:\/\/yoast.com\/wordpress\/plugins\/seo\/ -->\n<title>La otra cara de la innovaci\u00f3n | HRTRENDS<\/title>\n<meta name=\"robots\" content=\"index, follow, max-snippet:-1, max-image-preview:large, max-video-preview:-1\" \/>\n<link rel=\"canonical\" href=\"https:\/\/empresas.infoempleo.com\/hrtrends\/la-otra-cara-de-la-innovacion\/\" \/>\n<meta property=\"og:locale\" content=\"es_ES\" \/>\n<meta property=\"og:type\" content=\"article\" \/>\n<meta property=\"og:title\" content=\"La otra cara de la innovaci\u00f3n | HRTRENDS\" \/>\n<meta property=\"og:description\" content=\"La innovaci\u00f3n produce riqueza y hace avanzar a las sociedades. Sin embargo, existe el peligro de que los Leer m\u00e1s\" \/>\n<meta property=\"og:url\" content=\"https:\/\/empresas.infoempleo.com\/hrtrends\/la-otra-cara-de-la-innovacion\/\" \/>\n<meta property=\"og:site_name\" content=\"HRTRENDS\" \/>\n<meta property=\"article:publisher\" content=\"https:\/\/www.facebook.com\/Infoempleo\" \/>\n<meta property=\"article:published_time\" content=\"2010-10-18T12:23:08+00:00\" \/>\n<meta property=\"article:modified_time\" content=\"2025-10-28T15:57:26+00:00\" \/>\n<meta property=\"og:image\" content=\"https:\/\/empresas.infoempleo.com\/hrtrends\/media\/2010\/10\/pexels-photo-212286.jpeg\" \/>\n\t<meta property=\"og:image:width\" content=\"900\" \/>\n\t<meta property=\"og:image:height\" content=\"600\" \/>\n\t<meta property=\"og:image:type\" content=\"image\/jpeg\" \/>\n<meta name=\"author\" content=\"enrique maier\" \/>\n<meta name=\"twitter:card\" content=\"summary_large_image\" \/>\n<meta name=\"twitter:creator\" content=\"@infoempleo\" \/>\n<meta name=\"twitter:site\" content=\"@infoempleo\" \/>\n<meta name=\"twitter:label1\" content=\"Escrito por\" \/>\n\t<meta name=\"twitter:data1\" content=\"enrique maier\" \/>\n\t<meta name=\"twitter:label2\" content=\"Tiempo de lectura\" \/>\n\t<meta name=\"twitter:data2\" content=\"4 minutos\" \/>\n<script type=\"application\/ld+json\" class=\"yoast-schema-graph\">{\"@context\":\"https:\/\/schema.org\",\"@graph\":[{\"@type\":\"NewsArticle\",\"@id\":\"https:\/\/empresas.infoempleo.com\/hrtrends\/la-otra-cara-de-la-innovacion\/#article\",\"isPartOf\":{\"@id\":\"https:\/\/empresas.infoempleo.com\/hrtrends\/la-otra-cara-de-la-innovacion\/\"},\"author\":{\"name\":\"enrique maier\",\"@id\":\"https:\/\/empresas.infoempleo.com\/hrtrends\/#\/schema\/person\/b81f0f6b5aa29431f1e42629731276e9\"},\"headline\":\"La otra cara de la innovaci\u00f3n\",\"datePublished\":\"2010-10-18T12:23:08+00:00\",\"dateModified\":\"2025-10-28T15:57:26+00:00\",\"mainEntityOfPage\":{\"@id\":\"https:\/\/empresas.infoempleo.com\/hrtrends\/la-otra-cara-de-la-innovacion\/\"},\"wordCount\":811,\"publisher\":{\"@id\":\"https:\/\/empresas.infoempleo.com\/hrtrends\/#organization\"},\"image\":{\"@id\":\"https:\/\/empresas.infoempleo.com\/hrtrends\/la-otra-cara-de-la-innovacion\/#primaryimage\"},\"thumbnailUrl\":\"https:\/\/empresas.infoempleo.com\/hrtrends\/media\/2010\/10\/pexels-photo-212286.jpeg\",\"keywords\":[\"beneficios\",\"I+D\",\"innovaci\u00f3n\",\"negocio\"],\"articleSection\":[\"Actualidad\"],\"inLanguage\":\"es\",\"copyrightYear\":\"2010\",\"copyrightHolder\":{\"@id\":\"https:\/\/empresas.infoempleo.com\/hrtrends\/#organization\"}},{\"@type\":\"WebPage\",\"@id\":\"https:\/\/empresas.infoempleo.com\/hrtrends\/la-otra-cara-de-la-innovacion\/\",\"url\":\"https:\/\/empresas.infoempleo.com\/hrtrends\/la-otra-cara-de-la-innovacion\/\",\"name\":\"La otra cara de la innovaci\u00f3n | HRTRENDS\",\"isPartOf\":{\"@id\":\"https:\/\/empresas.infoempleo.com\/hrtrends\/#website\"},\"primaryImageOfPage\":{\"@id\":\"https:\/\/empresas.infoempleo.com\/hrtrends\/la-otra-cara-de-la-innovacion\/#primaryimage\"},\"image\":{\"@id\":\"https:\/\/empresas.infoempleo.com\/hrtrends\/la-otra-cara-de-la-innovacion\/#primaryimage\"},\"thumbnailUrl\":\"https:\/\/empresas.infoempleo.com\/hrtrends\/media\/2010\/10\/pexels-photo-212286.jpeg\",\"datePublished\":\"2010-10-18T12:23:08+00:00\",\"dateModified\":\"2025-10-28T15:57:26+00:00\",\"breadcrumb\":{\"@id\":\"https:\/\/empresas.infoempleo.com\/hrtrends\/la-otra-cara-de-la-innovacion\/#breadcrumb\"},\"inLanguage\":\"es\",\"potentialAction\":[{\"@type\":\"ReadAction\",\"target\":[\"https:\/\/empresas.infoempleo.com\/hrtrends\/la-otra-cara-de-la-innovacion\/\"]}]},{\"@type\":\"ImageObject\",\"inLanguage\":\"es\",\"@id\":\"https:\/\/empresas.infoempleo.com\/hrtrends\/la-otra-cara-de-la-innovacion\/#primaryimage\",\"url\":\"https:\/\/empresas.infoempleo.com\/hrtrends\/media\/2010\/10\/pexels-photo-212286-150x150.jpeg\",\"contentUrl\":\"https:\/\/empresas.infoempleo.com\/hrtrends\/media\/2010\/10\/pexels-photo-212286-150x150.jpeg\",\"width\":150,\"height\":150},{\"@type\":\"BreadcrumbList\",\"@id\":\"https:\/\/empresas.infoempleo.com\/hrtrends\/la-otra-cara-de-la-innovacion\/#breadcrumb\",\"itemListElement\":[{\"@type\":\"ListItem\",\"position\":1,\"name\":\"Portada\",\"item\":\"https:\/\/empresas.infoempleo.com\/hrtrends\/\"},{\"@type\":\"ListItem\",\"position\":2,\"name\":\"La otra cara de la innovaci\u00f3n\"}]},{\"@type\":\"WebSite\",\"@id\":\"https:\/\/empresas.infoempleo.com\/hrtrends\/#website\",\"url\":\"https:\/\/empresas.infoempleo.com\/hrtrends\",\"name\":\"HRTrends by Infoempleo\",\"description\":\"\",\"publisher\":{\"@id\":\"https:\/\/empresas.infoempleo.com\/hrtrends\/#organization\"},\"potentialAction\":{\"@type\":\"SearchAction\",\"target\":\"https:\/\/empresas.infoempleo.com\/hrtrends\/?s={search_term_string}\",\"query-input\":\"required name=search_term_string\"},\"inLanguage\":\"es\"},{\"@type\":\"Organization\",\"@id\":\"https:\/\/empresas.infoempleo.com\/hrtrends\/#organization\",\"name\":\"Infoempleo\",\"url\":\"https:\/\/www.infoempleo.com\/\",\"logo\":{\"@type\":\"ImageObject\",\"@id\":\"https:\/\/empresas.infoempleo.com\/hrtrends\/#logo\",\"inLanguage\":\"es\",\"url\":\"https:\/\/cdnazure.infoempleo.com\/infoempleo\/assets\/style\/gfx\/logo.svg\",\"contentUrl\":\"https:\/\/cdnazure.infoempleo.com\/infoempleo\/assets\/style\/gfx\/logo.svg\",\"width\":150,\"height\":40,\"caption\":\"Infoempleo\"},\"image\":{\"@id\":\"https:\/\/empresas.infoempleo.com\/hrtrends\/#logo\"},\"sameAs\":[\"https:\/\/www.facebook.com\/Infoempleo\",\"https:\/\/x.com\/infoempleo\",\"http:\/\/instagram.com\/infoempleo\/\",\"http:\/\/www.linkedin.com\/groups\/Empleo-Espa\u00f1a-Infoempleocom-111276\",\"http:\/\/pinterest.com\/infoempleo\/\"],\"address\":{\"@type\":\"PostalAddress\",\"addressLocality\":\"Madrid\",\"postalCode\":\"28050\",\"streetAddress\":\"Avenida de Burgos 114\"},\"brand\":[\"Infoempleo\"]},{\"@type\":\"Person\",\"@id\":\"https:\/\/empresas.infoempleo.com\/hrtrends\/#\/schema\/person\/b81f0f6b5aa29431f1e42629731276e9\",\"name\":\"enrique maier\",\"image\":{\"@type\":\"ImageObject\",\"inLanguage\":\"es\",\"@id\":\"https:\/\/empresas.infoempleo.com\/hrtrends\/#\/schema\/person\/image\/\",\"url\":\"https:\/\/secure.gravatar.com\/avatar\/295b64f3f4c9bc4507675e5f792b449f3be5064006f40b5fd04b0783449103eb?s=96&d=mm&r=g\",\"contentUrl\":\"https:\/\/secure.gravatar.com\/avatar\/295b64f3f4c9bc4507675e5f792b449f3be5064006f40b5fd04b0783449103eb?s=96&d=mm&r=g\",\"caption\":\"enrique maier\"},\"url\":\"https:\/\/empresas.infoempleo.com\/hrtrends\/author\/enrique-maier\/\"}]}<\/script>\n<!-- \/ Yoast SEO plugin. -->","yoast_head_json":{"title":"La otra cara de la innovaci\u00f3n | HRTRENDS","robots":{"index":"index","follow":"follow","max-snippet":"max-snippet:-1","max-image-preview":"max-image-preview:large","max-video-preview":"max-video-preview:-1"},"canonical":"https:\/\/empresas.infoempleo.com\/hrtrends\/la-otra-cara-de-la-innovacion\/","og_locale":"es_ES","og_type":"article","og_title":"La otra cara de la innovaci\u00f3n | HRTRENDS","og_description":"La innovaci\u00f3n produce riqueza y hace avanzar a las sociedades. Sin embargo, existe el peligro de que los Leer m\u00e1s","og_url":"https:\/\/empresas.infoempleo.com\/hrtrends\/la-otra-cara-de-la-innovacion\/","og_site_name":"HRTRENDS","article_publisher":"https:\/\/www.facebook.com\/Infoempleo","article_published_time":"2010-10-18T12:23:08+00:00","article_modified_time":"2025-10-28T15:57:26+00:00","og_image":[{"width":900,"height":600,"url":"https:\/\/empresas.infoempleo.com\/hrtrends\/media\/2010\/10\/pexels-photo-212286.jpeg","type":"image\/jpeg"}],"author":"enrique maier","twitter_card":"summary_large_image","twitter_creator":"@infoempleo","twitter_site":"@infoempleo","twitter_misc":{"Escrito por":"enrique maier","Tiempo de lectura":"4 minutos"},"schema":{"@context":"https:\/\/schema.org","@graph":[{"@type":"NewsArticle","@id":"https:\/\/empresas.infoempleo.com\/hrtrends\/la-otra-cara-de-la-innovacion\/#article","isPartOf":{"@id":"https:\/\/empresas.infoempleo.com\/hrtrends\/la-otra-cara-de-la-innovacion\/"},"author":{"name":"enrique maier","@id":"https:\/\/empresas.infoempleo.com\/hrtrends\/#\/schema\/person\/b81f0f6b5aa29431f1e42629731276e9"},"headline":"La otra cara de la innovaci\u00f3n","datePublished":"2010-10-18T12:23:08+00:00","dateModified":"2025-10-28T15:57:26+00:00","mainEntityOfPage":{"@id":"https:\/\/empresas.infoempleo.com\/hrtrends\/la-otra-cara-de-la-innovacion\/"},"wordCount":811,"publisher":{"@id":"https:\/\/empresas.infoempleo.com\/hrtrends\/#organization"},"image":{"@id":"https:\/\/empresas.infoempleo.com\/hrtrends\/la-otra-cara-de-la-innovacion\/#primaryimage"},"thumbnailUrl":"https:\/\/empresas.infoempleo.com\/hrtrends\/media\/2010\/10\/pexels-photo-212286.jpeg","keywords":["beneficios","I+D","innovaci\u00f3n","negocio"],"articleSection":["Actualidad"],"inLanguage":"es","copyrightYear":"2010","copyrightHolder":{"@id":"https:\/\/empresas.infoempleo.com\/hrtrends\/#organization"}},{"@type":"WebPage","@id":"https:\/\/empresas.infoempleo.com\/hrtrends\/la-otra-cara-de-la-innovacion\/","url":"https:\/\/empresas.infoempleo.com\/hrtrends\/la-otra-cara-de-la-innovacion\/","name":"La otra cara de la innovaci\u00f3n | HRTRENDS","isPartOf":{"@id":"https:\/\/empresas.infoempleo.com\/hrtrends\/#website"},"primaryImageOfPage":{"@id":"https:\/\/empresas.infoempleo.com\/hrtrends\/la-otra-cara-de-la-innovacion\/#primaryimage"},"image":{"@id":"https:\/\/empresas.infoempleo.com\/hrtrends\/la-otra-cara-de-la-innovacion\/#primaryimage"},"thumbnailUrl":"https:\/\/empresas.infoempleo.com\/hrtrends\/media\/2010\/10\/pexels-photo-212286.jpeg","datePublished":"2010-10-18T12:23:08+00:00","dateModified":"2025-10-28T15:57:26+00:00","breadcrumb":{"@id":"https:\/\/empresas.infoempleo.com\/hrtrends\/la-otra-cara-de-la-innovacion\/#breadcrumb"},"inLanguage":"es","potentialAction":[{"@type":"ReadAction","target":["https:\/\/empresas.infoempleo.com\/hrtrends\/la-otra-cara-de-la-innovacion\/"]}]},{"@type":"ImageObject","inLanguage":"es","@id":"https:\/\/empresas.infoempleo.com\/hrtrends\/la-otra-cara-de-la-innovacion\/#primaryimage","url":"https:\/\/empresas.infoempleo.com\/hrtrends\/media\/2010\/10\/pexels-photo-212286-150x150.jpeg","contentUrl":"https:\/\/empresas.infoempleo.com\/hrtrends\/media\/2010\/10\/pexels-photo-212286-150x150.jpeg","width":150,"height":150},{"@type":"BreadcrumbList","@id":"https:\/\/empresas.infoempleo.com\/hrtrends\/la-otra-cara-de-la-innovacion\/#breadcrumb","itemListElement":[{"@type":"ListItem","position":1,"name":"Portada","item":"https:\/\/empresas.infoempleo.com\/hrtrends\/"},{"@type":"ListItem","position":2,"name":"La otra cara de la innovaci\u00f3n"}]},{"@type":"WebSite","@id":"https:\/\/empresas.infoempleo.com\/hrtrends\/#website","url":"https:\/\/empresas.infoempleo.com\/hrtrends","name":"HRTrends by Infoempleo","description":"","publisher":{"@id":"https:\/\/empresas.infoempleo.com\/hrtrends\/#organization"},"potentialAction":{"@type":"SearchAction","target":"https:\/\/empresas.infoempleo.com\/hrtrends\/?s={search_term_string}","query-input":"required name=search_term_string"},"inLanguage":"es"},{"@type":"Organization","@id":"https:\/\/empresas.infoempleo.com\/hrtrends\/#organization","name":"Infoempleo","url":"https:\/\/www.infoempleo.com\/","logo":{"@type":"ImageObject","@id":"https:\/\/empresas.infoempleo.com\/hrtrends\/#logo","inLanguage":"es","url":"https:\/\/cdnazure.infoempleo.com\/infoempleo\/assets\/style\/gfx\/logo.svg","contentUrl":"https:\/\/cdnazure.infoempleo.com\/infoempleo\/assets\/style\/gfx\/logo.svg","width":150,"height":40,"caption":"Infoempleo"},"image":{"@id":"https:\/\/empresas.infoempleo.com\/hrtrends\/#logo"},"sameAs":["https:\/\/www.facebook.com\/Infoempleo","https:\/\/x.com\/infoempleo","http:\/\/instagram.com\/infoempleo\/","http:\/\/www.linkedin.com\/groups\/Empleo-Espa\u00f1a-Infoempleocom-111276","http:\/\/pinterest.com\/infoempleo\/"],"address":{"@type":"PostalAddress","addressLocality":"Madrid","postalCode":"28050","streetAddress":"Avenida de Burgos 114"},"brand":["Infoempleo"]},{"@type":"Person","@id":"https:\/\/empresas.infoempleo.com\/hrtrends\/#\/schema\/person\/b81f0f6b5aa29431f1e42629731276e9","name":"enrique maier","image":{"@type":"ImageObject","inLanguage":"es","@id":"https:\/\/empresas.infoempleo.com\/hrtrends\/#\/schema\/person\/image\/","url":"https:\/\/secure.gravatar.com\/avatar\/295b64f3f4c9bc4507675e5f792b449f3be5064006f40b5fd04b0783449103eb?s=96&d=mm&r=g","contentUrl":"https:\/\/secure.gravatar.com\/avatar\/295b64f3f4c9bc4507675e5f792b449f3be5064006f40b5fd04b0783449103eb?s=96&d=mm&r=g","caption":"enrique maier"},"url":"https:\/\/empresas.infoempleo.com\/hrtrends\/author\/enrique-maier\/"}]}},"amp_enabled":true,"_links":{"self":[{"href":"https:\/\/empresas.infoempleo.com\/hrtrends\/wp-json\/wp\/v2\/posts\/11154","targetHints":{"allow":["GET"]}}],"collection":[{"href":"https:\/\/empresas.infoempleo.com\/hrtrends\/wp-json\/wp\/v2\/posts"}],"about":[{"href":"https:\/\/empresas.infoempleo.com\/hrtrends\/wp-json\/wp\/v2\/types\/post"}],"author":[{"embeddable":true,"href":"https:\/\/empresas.infoempleo.com\/hrtrends\/wp-json\/wp\/v2\/users\/51"}],"replies":[{"embeddable":true,"href":"https:\/\/empresas.infoempleo.com\/hrtrends\/wp-json\/wp\/v2\/comments?post=11154"}],"version-history":[{"count":1,"href":"https:\/\/empresas.infoempleo.com\/hrtrends\/wp-json\/wp\/v2\/posts\/11154\/revisions"}],"predecessor-version":[{"id":47186,"href":"https:\/\/empresas.infoempleo.com\/hrtrends\/wp-json\/wp\/v2\/posts\/11154\/revisions\/47186"}],"wp:featuredmedia":[{"embeddable":true,"href":"https:\/\/empresas.infoempleo.com\/hrtrends\/wp-json\/wp\/v2\/media\/31909"}],"wp:attachment":[{"href":"https:\/\/empresas.infoempleo.com\/hrtrends\/wp-json\/wp\/v2\/media?parent=11154"}],"wp:term":[{"taxonomy":"category","embeddable":true,"href":"https:\/\/empresas.infoempleo.com\/hrtrends\/wp-json\/wp\/v2\/categories?post=11154"},{"taxonomy":"post_tag","embeddable":true,"href":"https:\/\/empresas.infoempleo.com\/hrtrends\/wp-json\/wp\/v2\/tags?post=11154"}],"curies":[{"name":"wp","href":"https:\/\/api.w.org\/{rel}","templated":true}]}}