{"id":11055,"date":"2010-10-04T14:57:59","date_gmt":"2010-10-04T13:57:59","guid":{"rendered":"http:\/\/blog.infoempleo.com\/?p=11055"},"modified":"2018-05-23T17:35:24","modified_gmt":"2018-05-23T15:35:24","slug":"el-puesto-de-trabajo-virtual-servicio-en-la-nube-imprescindible-para-el-tejido-empresarial","status":"publish","type":"post","link":"https:\/\/empresas.infoempleo.com\/hrtrends\/el-puesto-de-trabajo-virtual-servicio-en-la-nube-imprescindible-para-el-tejido-empresarial\/","title":{"rendered":"El puesto de trabajo virtual, servicio en la nube imprescindible para el tejido empresarial"},"content":{"rendered":"<h3><img loading=\"lazy\" decoding=\"async\" class=\"alignnone size-full wp-image-11059\" src=\"https:\/\/empresas.infoempleo.com\/hrtrends\/media\/2010\/10\/JuanJavierRodrIguez1.jpg\" alt=\"Juan Javier Rodr\u00edguez\" width=\"233\" height=\"173\" srcset=\"https:\/\/empresas.infoempleo.com\/hrtrends\/media\/2010\/10\/JuanJavierRodrIguez1.jpg 1280w, https:\/\/empresas.infoempleo.com\/hrtrends\/media\/2010\/10\/JuanJavierRodrIguez1-300x223.jpg 300w, https:\/\/empresas.infoempleo.com\/hrtrends\/media\/2010\/10\/JuanJavierRodrIguez1-1024x762.jpg 1024w, https:\/\/empresas.infoempleo.com\/hrtrends\/media\/2010\/10\/JuanJavierRodrIguez1-768x572.jpg 768w\" sizes=\"auto, (max-width: 233px) 100vw, 233px\" \/><\/h3>\n<h3>Juan Javier Rodr\u00edguez, director general de NEC IT Platform Solutions Espa\u00f1a y Portugal.<\/h3>\n<p>La virtualizaci\u00f3n es actualmente la soluci\u00f3n TI m\u00e1s demandada y utilizada por peque\u00f1as, medianas y grandes empresas como medida de consolidaci\u00f3n y ahorro de costes ante la crisis. Su progresivo desarrollo ha hecho posible que el t\u00e9rmino \u201ccloud computing\u201d sea cada vez m\u00e1s escuchado en todo tipo de foros y debates del sector.<\/p>\n<p>El servicio de virtualizaci\u00f3n del puesto de trabajo o DaaS (Desktop as a Service) forma parte del \u201ccloud computing\u201d al ser un servicio m\u00e1s en la nube. <strong>Este servicio de virtualizaci\u00f3n tiene como principal beneficio el poder incrementar la capacidad de una empresa sin necesidad de incorporar una nueva infraestructura (servidores y almacenamiento) y personal dedicado al mantenimiento de la misma<\/strong>, incluyendo las licencias de software. La gran ventaja es la rentabilidad inmediata para las empresas, ya que son servicios que se incorporan a demanda seg\u00fan las necesidades de cada negocio y en cada momento (pago por uso), sin tener que realizar grandes inversiones.<\/p>\n<p>El servicio virtual del puesto de trabajo transmite a las empresas la impresi\u00f3n de tener un gran centro de procesos de datos en sus instalaciones, aunque realmente no importa d\u00f3nde se encuentre. Lo importante es disponer de un buen servicio las 24 horas del d\u00eda accesible desde cualquier lugar del mundo a trav\u00e9s de la red.\u00a0<\/p>\n<p>Son muchas las ventajas que suponen los servicios de virtualizaci\u00f3n del puesto de trabajo: <strong>facilidad de gesti\u00f3n, reducci\u00f3n de costes, flexibilidad, movilidad, eficiencia energ\u00e9tica, protecci\u00f3n de la informaci\u00f3n o aumento de la seguridad, entre otras.<\/strong> El progresivo desarrollo de la virtualizaci\u00f3n del software y el hardware ha contribuido sobremanera en el \u00e9xito del cloud computing. Hoy en d\u00eda podemos decir ya que el puesto de trabajo virtual se ha convertido en un servicio en la nube imprescindible para el tejido empresarial.<\/p>\n","protected":false},"excerpt":{"rendered":"<p>Juan Javier Rodr\u00edguez, director general de NEC IT Platform Solutions Espa\u00f1a y Portugal. La virtualizaci\u00f3n es actualmente la<a class=\"moretag\" href=\"https:\/\/empresas.infoempleo.com\/hrtrends\/el-puesto-de-trabajo-virtual-servicio-en-la-nube-imprescindible-para-el-tejido-empresarial\/\"> Leer m\u00e1s<\/a><\/p>\n","protected":false},"author":72,"featured_media":29665,"comment_status":"closed","ping_status":"open","sticky":false,"template":"","format":"standard","meta":{"footnotes":""},"categories":[3],"tags":[2230,2178],"class_list":["post-11055","post","type-post","status-publish","format-standard","has-post-thumbnail","hentry","category-actualidad","tag-puesto-virtual","tag-virtualizacion"],"yoast_head":"<!-- This site is optimized with the Yoast SEO plugin v26.1.1 - https:\/\/yoast.com\/wordpress\/plugins\/seo\/ -->\n<title>El puesto de trabajo virtual, servicio en la nube imprescindible para el tejido empresarial | HRTRENDS<\/title>\n<meta name=\"robots\" content=\"index, follow, max-snippet:-1, max-image-preview:large, max-video-preview:-1\" \/>\n<link rel=\"canonical\" href=\"https:\/\/empresas.infoempleo.com\/hrtrends\/el-puesto-de-trabajo-virtual-servicio-en-la-nube-imprescindible-para-el-tejido-empresarial\/\" \/>\n<meta property=\"og:locale\" content=\"es_ES\" \/>\n<meta property=\"og:type\" content=\"article\" \/>\n<meta property=\"og:title\" content=\"El puesto de trabajo virtual, servicio en la nube imprescindible para el tejido empresarial | HRTRENDS\" \/>\n<meta property=\"og:description\" content=\"Juan Javier Rodr\u00edguez, director general de NEC IT Platform Solutions Espa\u00f1a y Portugal. La virtualizaci\u00f3n es actualmente la Leer m\u00e1s\" \/>\n<meta property=\"og:url\" content=\"https:\/\/empresas.infoempleo.com\/hrtrends\/el-puesto-de-trabajo-virtual-servicio-en-la-nube-imprescindible-para-el-tejido-empresarial\/\" \/>\n<meta property=\"og:site_name\" content=\"HRTRENDS\" \/>\n<meta property=\"article:publisher\" content=\"https:\/\/www.facebook.com\/Infoempleo\" \/>\n<meta property=\"article:published_time\" content=\"2010-10-04T13:57:59+00:00\" \/>\n<meta property=\"article:modified_time\" content=\"2018-05-23T15:35:24+00:00\" \/>\n<meta property=\"og:image\" content=\"https:\/\/empresas.infoempleo.com\/hrtrends\/media\/2017\/05\/pexels-photo-205508.jpg\" \/>\n\t<meta property=\"og:image:width\" content=\"1280\" \/>\n\t<meta property=\"og:image:height\" content=\"960\" \/>\n\t<meta property=\"og:image:type\" content=\"image\/jpeg\" \/>\n<meta name=\"author\" content=\"infoempleo\" \/>\n<meta name=\"twitter:card\" content=\"summary_large_image\" \/>\n<meta name=\"twitter:creator\" content=\"@infoempleo\" \/>\n<meta name=\"twitter:site\" content=\"@infoempleo\" \/>\n<meta name=\"twitter:label1\" content=\"Escrito por\" \/>\n\t<meta name=\"twitter:data1\" content=\"infoempleo\" \/>\n\t<meta name=\"twitter:label2\" content=\"Tiempo de lectura\" \/>\n\t<meta name=\"twitter:data2\" content=\"2 minutos\" \/>\n<script type=\"application\/ld+json\" class=\"yoast-schema-graph\">{\"@context\":\"https:\/\/schema.org\",\"@graph\":[{\"@type\":\"NewsArticle\",\"@id\":\"https:\/\/empresas.infoempleo.com\/hrtrends\/el-puesto-de-trabajo-virtual-servicio-en-la-nube-imprescindible-para-el-tejido-empresarial\/#article\",\"isPartOf\":{\"@id\":\"https:\/\/empresas.infoempleo.com\/hrtrends\/el-puesto-de-trabajo-virtual-servicio-en-la-nube-imprescindible-para-el-tejido-empresarial\/\"},\"author\":{\"name\":\"infoempleo\",\"@id\":\"https:\/\/empresas.infoempleo.com\/hrtrends\/#\/schema\/person\/67d3e276ffcc8b3ae0ebec816daf775a\"},\"headline\":\"El puesto de trabajo virtual, servicio en la nube imprescindible para el tejido empresarial\",\"datePublished\":\"2010-10-04T13:57:59+00:00\",\"dateModified\":\"2018-05-23T15:35:24+00:00\",\"mainEntityOfPage\":{\"@id\":\"https:\/\/empresas.infoempleo.com\/hrtrends\/el-puesto-de-trabajo-virtual-servicio-en-la-nube-imprescindible-para-el-tejido-empresarial\/\"},\"wordCount\":345,\"publisher\":{\"@id\":\"https:\/\/empresas.infoempleo.com\/hrtrends\/#organization\"},\"image\":{\"@id\":\"https:\/\/empresas.infoempleo.com\/hrtrends\/el-puesto-de-trabajo-virtual-servicio-en-la-nube-imprescindible-para-el-tejido-empresarial\/#primaryimage\"},\"thumbnailUrl\":\"https:\/\/empresas.infoempleo.com\/hrtrends\/media\/2017\/05\/pexels-photo-205508.jpg\",\"keywords\":[\"puesto virtual\",\"virtualizaci\u00f3n\"],\"articleSection\":[\"Actualidad\"],\"inLanguage\":\"es\",\"copyrightYear\":\"2010\",\"copyrightHolder\":{\"@id\":\"https:\/\/empresas.infoempleo.com\/hrtrends\/#organization\"}},{\"@type\":\"WebPage\",\"@id\":\"https:\/\/empresas.infoempleo.com\/hrtrends\/el-puesto-de-trabajo-virtual-servicio-en-la-nube-imprescindible-para-el-tejido-empresarial\/\",\"url\":\"https:\/\/empresas.infoempleo.com\/hrtrends\/el-puesto-de-trabajo-virtual-servicio-en-la-nube-imprescindible-para-el-tejido-empresarial\/\",\"name\":\"El puesto de trabajo virtual, servicio en la nube imprescindible para el tejido empresarial | HRTRENDS\",\"isPartOf\":{\"@id\":\"https:\/\/empresas.infoempleo.com\/hrtrends\/#website\"},\"primaryImageOfPage\":{\"@id\":\"https:\/\/empresas.infoempleo.com\/hrtrends\/el-puesto-de-trabajo-virtual-servicio-en-la-nube-imprescindible-para-el-tejido-empresarial\/#primaryimage\"},\"image\":{\"@id\":\"https:\/\/empresas.infoempleo.com\/hrtrends\/el-puesto-de-trabajo-virtual-servicio-en-la-nube-imprescindible-para-el-tejido-empresarial\/#primaryimage\"},\"thumbnailUrl\":\"https:\/\/empresas.infoempleo.com\/hrtrends\/media\/2017\/05\/pexels-photo-205508.jpg\",\"datePublished\":\"2010-10-04T13:57:59+00:00\",\"dateModified\":\"2018-05-23T15:35:24+00:00\",\"breadcrumb\":{\"@id\":\"https:\/\/empresas.infoempleo.com\/hrtrends\/el-puesto-de-trabajo-virtual-servicio-en-la-nube-imprescindible-para-el-tejido-empresarial\/#breadcrumb\"},\"inLanguage\":\"es\",\"potentialAction\":[{\"@type\":\"ReadAction\",\"target\":[\"https:\/\/empresas.infoempleo.com\/hrtrends\/el-puesto-de-trabajo-virtual-servicio-en-la-nube-imprescindible-para-el-tejido-empresarial\/\"]}]},{\"@type\":\"ImageObject\",\"inLanguage\":\"es\",\"@id\":\"https:\/\/empresas.infoempleo.com\/hrtrends\/el-puesto-de-trabajo-virtual-servicio-en-la-nube-imprescindible-para-el-tejido-empresarial\/#primaryimage\",\"url\":\"https:\/\/empresas.infoempleo.com\/hrtrends\/media\/2017\/05\/pexels-photo-205508-150x150.jpg\",\"contentUrl\":\"https:\/\/empresas.infoempleo.com\/hrtrends\/media\/2017\/05\/pexels-photo-205508-150x150.jpg\",\"width\":150,\"height\":150},{\"@type\":\"BreadcrumbList\",\"@id\":\"https:\/\/empresas.infoempleo.com\/hrtrends\/el-puesto-de-trabajo-virtual-servicio-en-la-nube-imprescindible-para-el-tejido-empresarial\/#breadcrumb\",\"itemListElement\":[{\"@type\":\"ListItem\",\"position\":1,\"name\":\"Portada\",\"item\":\"https:\/\/empresas.infoempleo.com\/hrtrends\/\"},{\"@type\":\"ListItem\",\"position\":2,\"name\":\"El puesto de trabajo virtual, servicio en la nube imprescindible para el tejido empresarial\"}]},{\"@type\":\"WebSite\",\"@id\":\"https:\/\/empresas.infoempleo.com\/hrtrends\/#website\",\"url\":\"https:\/\/empresas.infoempleo.com\/hrtrends\",\"name\":\"HRTrends by Infoempleo\",\"description\":\"\",\"publisher\":{\"@id\":\"https:\/\/empresas.infoempleo.com\/hrtrends\/#organization\"},\"potentialAction\":{\"@type\":\"SearchAction\",\"target\":\"https:\/\/empresas.infoempleo.com\/hrtrends\/?s={search_term_string}\",\"query-input\":\"required name=search_term_string\"},\"inLanguage\":\"es\"},{\"@type\":\"Organization\",\"@id\":\"https:\/\/empresas.infoempleo.com\/hrtrends\/#organization\",\"name\":\"Infoempleo\",\"url\":\"https:\/\/www.infoempleo.com\/\",\"logo\":{\"@type\":\"ImageObject\",\"@id\":\"https:\/\/empresas.infoempleo.com\/hrtrends\/#logo\",\"inLanguage\":\"es\",\"url\":\"https:\/\/cdnazure.infoempleo.com\/infoempleo\/assets\/style\/gfx\/logo.svg\",\"contentUrl\":\"https:\/\/cdnazure.infoempleo.com\/infoempleo\/assets\/style\/gfx\/logo.svg\",\"width\":150,\"height\":40,\"caption\":\"Infoempleo\"},\"image\":{\"@id\":\"https:\/\/empresas.infoempleo.com\/hrtrends\/#logo\"},\"sameAs\":[\"https:\/\/www.facebook.com\/Infoempleo\",\"https:\/\/x.com\/infoempleo\",\"http:\/\/instagram.com\/infoempleo\/\",\"http:\/\/www.linkedin.com\/groups\/Empleo-Espa\u00f1a-Infoempleocom-111276\",\"http:\/\/pinterest.com\/infoempleo\/\"],\"address\":{\"@type\":\"PostalAddress\",\"addressLocality\":\"Madrid\",\"postalCode\":\"28050\",\"streetAddress\":\"Avenida de Burgos 114\"},\"brand\":[\"Infoempleo\"]},{\"@type\":\"Person\",\"@id\":\"https:\/\/empresas.infoempleo.com\/hrtrends\/#\/schema\/person\/67d3e276ffcc8b3ae0ebec816daf775a\",\"name\":\"infoempleo\",\"image\":{\"@type\":\"ImageObject\",\"inLanguage\":\"es\",\"@id\":\"https:\/\/empresas.infoempleo.com\/hrtrends\/#\/schema\/person\/image\/\",\"url\":\"https:\/\/secure.gravatar.com\/avatar\/7b437777242fe67d2473c2a818da2344692d1ee91e91080ccffbd97bcd4a0975?s=96&d=mm&r=g\",\"contentUrl\":\"https:\/\/secure.gravatar.com\/avatar\/7b437777242fe67d2473c2a818da2344692d1ee91e91080ccffbd97bcd4a0975?s=96&d=mm&r=g\",\"caption\":\"infoempleo\"},\"url\":\"https:\/\/empresas.infoempleo.com\/hrtrends\/author\/infoempleo\/\"}]}<\/script>\n<!-- \/ Yoast SEO plugin. -->","yoast_head_json":{"title":"El puesto de trabajo virtual, servicio en la nube imprescindible para el tejido empresarial | HRTRENDS","robots":{"index":"index","follow":"follow","max-snippet":"max-snippet:-1","max-image-preview":"max-image-preview:large","max-video-preview":"max-video-preview:-1"},"canonical":"https:\/\/empresas.infoempleo.com\/hrtrends\/el-puesto-de-trabajo-virtual-servicio-en-la-nube-imprescindible-para-el-tejido-empresarial\/","og_locale":"es_ES","og_type":"article","og_title":"El puesto de trabajo virtual, servicio en la nube imprescindible para el tejido empresarial | HRTRENDS","og_description":"Juan Javier Rodr\u00edguez, director general de NEC IT Platform Solutions Espa\u00f1a y Portugal. La virtualizaci\u00f3n es actualmente la Leer m\u00e1s","og_url":"https:\/\/empresas.infoempleo.com\/hrtrends\/el-puesto-de-trabajo-virtual-servicio-en-la-nube-imprescindible-para-el-tejido-empresarial\/","og_site_name":"HRTRENDS","article_publisher":"https:\/\/www.facebook.com\/Infoempleo","article_published_time":"2010-10-04T13:57:59+00:00","article_modified_time":"2018-05-23T15:35:24+00:00","og_image":[{"width":1280,"height":960,"url":"https:\/\/empresas.infoempleo.com\/hrtrends\/media\/2017\/05\/pexels-photo-205508.jpg","type":"image\/jpeg"}],"author":"infoempleo","twitter_card":"summary_large_image","twitter_creator":"@infoempleo","twitter_site":"@infoempleo","twitter_misc":{"Escrito por":"infoempleo","Tiempo de lectura":"2 minutos"},"schema":{"@context":"https:\/\/schema.org","@graph":[{"@type":"NewsArticle","@id":"https:\/\/empresas.infoempleo.com\/hrtrends\/el-puesto-de-trabajo-virtual-servicio-en-la-nube-imprescindible-para-el-tejido-empresarial\/#article","isPartOf":{"@id":"https:\/\/empresas.infoempleo.com\/hrtrends\/el-puesto-de-trabajo-virtual-servicio-en-la-nube-imprescindible-para-el-tejido-empresarial\/"},"author":{"name":"infoempleo","@id":"https:\/\/empresas.infoempleo.com\/hrtrends\/#\/schema\/person\/67d3e276ffcc8b3ae0ebec816daf775a"},"headline":"El puesto de trabajo virtual, servicio en la nube imprescindible para el tejido empresarial","datePublished":"2010-10-04T13:57:59+00:00","dateModified":"2018-05-23T15:35:24+00:00","mainEntityOfPage":{"@id":"https:\/\/empresas.infoempleo.com\/hrtrends\/el-puesto-de-trabajo-virtual-servicio-en-la-nube-imprescindible-para-el-tejido-empresarial\/"},"wordCount":345,"publisher":{"@id":"https:\/\/empresas.infoempleo.com\/hrtrends\/#organization"},"image":{"@id":"https:\/\/empresas.infoempleo.com\/hrtrends\/el-puesto-de-trabajo-virtual-servicio-en-la-nube-imprescindible-para-el-tejido-empresarial\/#primaryimage"},"thumbnailUrl":"https:\/\/empresas.infoempleo.com\/hrtrends\/media\/2017\/05\/pexels-photo-205508.jpg","keywords":["puesto virtual","virtualizaci\u00f3n"],"articleSection":["Actualidad"],"inLanguage":"es","copyrightYear":"2010","copyrightHolder":{"@id":"https:\/\/empresas.infoempleo.com\/hrtrends\/#organization"}},{"@type":"WebPage","@id":"https:\/\/empresas.infoempleo.com\/hrtrends\/el-puesto-de-trabajo-virtual-servicio-en-la-nube-imprescindible-para-el-tejido-empresarial\/","url":"https:\/\/empresas.infoempleo.com\/hrtrends\/el-puesto-de-trabajo-virtual-servicio-en-la-nube-imprescindible-para-el-tejido-empresarial\/","name":"El puesto de trabajo virtual, servicio en la nube imprescindible para el tejido empresarial | HRTRENDS","isPartOf":{"@id":"https:\/\/empresas.infoempleo.com\/hrtrends\/#website"},"primaryImageOfPage":{"@id":"https:\/\/empresas.infoempleo.com\/hrtrends\/el-puesto-de-trabajo-virtual-servicio-en-la-nube-imprescindible-para-el-tejido-empresarial\/#primaryimage"},"image":{"@id":"https:\/\/empresas.infoempleo.com\/hrtrends\/el-puesto-de-trabajo-virtual-servicio-en-la-nube-imprescindible-para-el-tejido-empresarial\/#primaryimage"},"thumbnailUrl":"https:\/\/empresas.infoempleo.com\/hrtrends\/media\/2017\/05\/pexels-photo-205508.jpg","datePublished":"2010-10-04T13:57:59+00:00","dateModified":"2018-05-23T15:35:24+00:00","breadcrumb":{"@id":"https:\/\/empresas.infoempleo.com\/hrtrends\/el-puesto-de-trabajo-virtual-servicio-en-la-nube-imprescindible-para-el-tejido-empresarial\/#breadcrumb"},"inLanguage":"es","potentialAction":[{"@type":"ReadAction","target":["https:\/\/empresas.infoempleo.com\/hrtrends\/el-puesto-de-trabajo-virtual-servicio-en-la-nube-imprescindible-para-el-tejido-empresarial\/"]}]},{"@type":"ImageObject","inLanguage":"es","@id":"https:\/\/empresas.infoempleo.com\/hrtrends\/el-puesto-de-trabajo-virtual-servicio-en-la-nube-imprescindible-para-el-tejido-empresarial\/#primaryimage","url":"https:\/\/empresas.infoempleo.com\/hrtrends\/media\/2017\/05\/pexels-photo-205508-150x150.jpg","contentUrl":"https:\/\/empresas.infoempleo.com\/hrtrends\/media\/2017\/05\/pexels-photo-205508-150x150.jpg","width":150,"height":150},{"@type":"BreadcrumbList","@id":"https:\/\/empresas.infoempleo.com\/hrtrends\/el-puesto-de-trabajo-virtual-servicio-en-la-nube-imprescindible-para-el-tejido-empresarial\/#breadcrumb","itemListElement":[{"@type":"ListItem","position":1,"name":"Portada","item":"https:\/\/empresas.infoempleo.com\/hrtrends\/"},{"@type":"ListItem","position":2,"name":"El puesto de trabajo virtual, servicio en la nube imprescindible para el tejido empresarial"}]},{"@type":"WebSite","@id":"https:\/\/empresas.infoempleo.com\/hrtrends\/#website","url":"https:\/\/empresas.infoempleo.com\/hrtrends","name":"HRTrends by Infoempleo","description":"","publisher":{"@id":"https:\/\/empresas.infoempleo.com\/hrtrends\/#organization"},"potentialAction":{"@type":"SearchAction","target":"https:\/\/empresas.infoempleo.com\/hrtrends\/?s={search_term_string}","query-input":"required name=search_term_string"},"inLanguage":"es"},{"@type":"Organization","@id":"https:\/\/empresas.infoempleo.com\/hrtrends\/#organization","name":"Infoempleo","url":"https:\/\/www.infoempleo.com\/","logo":{"@type":"ImageObject","@id":"https:\/\/empresas.infoempleo.com\/hrtrends\/#logo","inLanguage":"es","url":"https:\/\/cdnazure.infoempleo.com\/infoempleo\/assets\/style\/gfx\/logo.svg","contentUrl":"https:\/\/cdnazure.infoempleo.com\/infoempleo\/assets\/style\/gfx\/logo.svg","width":150,"height":40,"caption":"Infoempleo"},"image":{"@id":"https:\/\/empresas.infoempleo.com\/hrtrends\/#logo"},"sameAs":["https:\/\/www.facebook.com\/Infoempleo","https:\/\/x.com\/infoempleo","http:\/\/instagram.com\/infoempleo\/","http:\/\/www.linkedin.com\/groups\/Empleo-Espa\u00f1a-Infoempleocom-111276","http:\/\/pinterest.com\/infoempleo\/"],"address":{"@type":"PostalAddress","addressLocality":"Madrid","postalCode":"28050","streetAddress":"Avenida de Burgos 114"},"brand":["Infoempleo"]},{"@type":"Person","@id":"https:\/\/empresas.infoempleo.com\/hrtrends\/#\/schema\/person\/67d3e276ffcc8b3ae0ebec816daf775a","name":"infoempleo","image":{"@type":"ImageObject","inLanguage":"es","@id":"https:\/\/empresas.infoempleo.com\/hrtrends\/#\/schema\/person\/image\/","url":"https:\/\/secure.gravatar.com\/avatar\/7b437777242fe67d2473c2a818da2344692d1ee91e91080ccffbd97bcd4a0975?s=96&d=mm&r=g","contentUrl":"https:\/\/secure.gravatar.com\/avatar\/7b437777242fe67d2473c2a818da2344692d1ee91e91080ccffbd97bcd4a0975?s=96&d=mm&r=g","caption":"infoempleo"},"url":"https:\/\/empresas.infoempleo.com\/hrtrends\/author\/infoempleo\/"}]}},"amp_enabled":true,"_links":{"self":[{"href":"https:\/\/empresas.infoempleo.com\/hrtrends\/wp-json\/wp\/v2\/posts\/11055","targetHints":{"allow":["GET"]}}],"collection":[{"href":"https:\/\/empresas.infoempleo.com\/hrtrends\/wp-json\/wp\/v2\/posts"}],"about":[{"href":"https:\/\/empresas.infoempleo.com\/hrtrends\/wp-json\/wp\/v2\/types\/post"}],"author":[{"embeddable":true,"href":"https:\/\/empresas.infoempleo.com\/hrtrends\/wp-json\/wp\/v2\/users\/72"}],"replies":[{"embeddable":true,"href":"https:\/\/empresas.infoempleo.com\/hrtrends\/wp-json\/wp\/v2\/comments?post=11055"}],"version-history":[{"count":0,"href":"https:\/\/empresas.infoempleo.com\/hrtrends\/wp-json\/wp\/v2\/posts\/11055\/revisions"}],"wp:featuredmedia":[{"embeddable":true,"href":"https:\/\/empresas.infoempleo.com\/hrtrends\/wp-json\/wp\/v2\/media\/29665"}],"wp:attachment":[{"href":"https:\/\/empresas.infoempleo.com\/hrtrends\/wp-json\/wp\/v2\/media?parent=11055"}],"wp:term":[{"taxonomy":"category","embeddable":true,"href":"https:\/\/empresas.infoempleo.com\/hrtrends\/wp-json\/wp\/v2\/categories?post=11055"},{"taxonomy":"post_tag","embeddable":true,"href":"https:\/\/empresas.infoempleo.com\/hrtrends\/wp-json\/wp\/v2\/tags?post=11055"}],"curies":[{"name":"wp","href":"https:\/\/api.w.org\/{rel}","templated":true}]}}