{"id":10886,"date":"2010-09-20T09:28:41","date_gmt":"2010-09-20T08:28:41","guid":{"rendered":"http:\/\/blog.infoempleo.com\/?p=10886"},"modified":"2018-05-23T17:37:12","modified_gmt":"2018-05-23T15:37:12","slug":"la-ley-contempla-un-fondo-de-capitalizacion","status":"publish","type":"post","link":"https:\/\/empresas.infoempleo.com\/hrtrends\/la-ley-contempla-un-fondo-de-capitalizacion\/","title":{"rendered":"La Ley contempla un Fondo de Capitalizaci\u00f3n"},"content":{"rendered":"<p>La reforma laboral recientemente aprobada tambi\u00e9n hace referencia a c\u00f3mo hacer frente a las indemnizaciones por despido durante la vida laboral de los trabajadores. Para ello, se crear\u00e1 un fondo que entrar\u00e1 en vigor el 1 de enero de 2012. Dicho <strong>Fondo de Capitalizaci\u00f3n se har\u00e1 cargo de parte de las indemnizaciones por despido de aquellos que est\u00e9n trabajando bajo un contrato de fomento del empleo<\/strong>. La cantidad equivaldr\u00e1 a un n\u00famero de d\u00edas por a\u00f1o trabajado que tendr\u00e1 que especificarse. El trabajador tambi\u00e9n podr\u00e1 recurrir a este fondo por otras razones, adem\u00e1s del despido, como la movilidad geogr\u00e1fica o el desarrollo de alguna actividad formativa.<\/p>\n<p>Este fondo, que se mantendr\u00e1 durante toda la vida laboral del trabajador, independientemente de d\u00f3nde desarrolle su labor, se ha creado siguiendo las bases del modelo austriaco. As\u00ed, el trabajador podr\u00e1 percibir en el momento de jubilarse la cantidad que no haya hecho efectiva con anterioridad, es decir, si no ha necesitado utilizarlo antes por ninguna de las causas ya comentadas.<\/p>\n<p><strong>Mientras no se haya constituido este fondo, la empresa y el Fondo de Garant\u00eda Salarial (FOGASA) deber\u00e1n abonar esa indemnizaci\u00f3n.<\/strong> Y lo har\u00e1n de la siguiente forma: FOGASA -que se nutre de las aportaciones de las propias compa\u00f1\u00edas- deber\u00e1 pagar ocho d\u00edas de las indemnizaciones derivadas de los despidos producidos por causas objetivas y la empresa, los otros 22, sumando as\u00ed los 33 d\u00edas por a\u00f1o trabajado estipulados en la extinci\u00f3n de los contratos de fomento del empleo. Pero s\u00f3lo ser\u00e1 efectivo para contratos que se hayan firmado despu\u00e9s del 18 de junio de 2010, fecha en la que entraba en vigor el decreto ley de la reforma laboral.<\/p>\n<p>Adem\u00e1s, los pagos que provengan de FOGASA tendr\u00e1n que realizarse antes de que finalice el 2011, cuando este organismo, que depende del Ministerio de Trabajo, sea sustituido por el nuevo fondo \u00aba la austriaca\u00bb.<\/p>\n<h3>Quejas sindicales<\/h3>\n<p>El sindicato Comisiones Obreras (CC.OO.) ya ha exigido al Ministerio de Trabajo que dote al FOGASA de los recursos humanos necesarios para hacer frente a esta nueva situaci\u00f3n creada por la reforma laboral, que provocar\u00e1 el aumento de prestaciones y el n\u00famero de procesos a los que tendr\u00e1 que responder, sin que est\u00e9 prevista su financiaci\u00f3n, ni los recursos humanos necesarios para afrontarla, lo que puede acarrear un retraso en el cobro de las prestaciones, provocando graves consecuencias para los afectados.<\/p>\n<p>Por otro lado, en los primeros ocho meses del a\u00f1o, las prestaciones abonadas por el FOGASA se han incrementado un 60,18% con respecto al mismo periodo de 2009. En cifras monetarias, el montante asciende a 861.653 millones de euros. De esta cuant\u00eda, casi 300.000 millones corresponden al pago de salarios y, el resto, al abono de indemnizaciones. El total de trabajadores que ha percibido prestaciones entre enero y agosto de 2010 ha sido 158.745, un 40% m\u00e1s que en los mismos meses del a\u00f1o pasado.<\/p>\n<p>Por regiones, la Comunidad Valenciana, Catalu\u00f1a, Andaluc\u00eda, Madrid y el Pa\u00eds Vasco han sido las comunidades aut\u00f3nomas que m\u00e1s presupuesto han consumido de los fondos del FOGASA. Estas cinco regiones han empleado el 72% del total del presupuesto abonado al Fondo de Garant\u00eda Salarial.<\/p>\n<p>Los trabajadores contratados por las Pymes han sido los que m\u00e1s han percibido prestaciones del FOGASA durante estos ocho meses. El 82% de estos empleados pertenecen a empresas de menos de 25 trabajadores. El montante consumido por estos trabajadores ha sido de 640.875 millones de euros, un 74,38% del total.<\/p>\n","protected":false},"excerpt":{"rendered":"<p>La reforma laboral recientemente aprobada tambi\u00e9n hace referencia a c\u00f3mo hacer frente a las indemnizaciones por despido durante<a class=\"moretag\" href=\"https:\/\/empresas.infoempleo.com\/hrtrends\/la-ley-contempla-un-fondo-de-capitalizacion\/\"> Leer m\u00e1s<\/a><\/p>\n","protected":false},"author":51,"featured_media":29665,"comment_status":"closed","ping_status":"open","sticky":false,"template":"","format":"standard","meta":{"footnotes":""},"categories":[3],"tags":[33,14,2217,2218,16,2036],"class_list":["post-10886","post","type-post","status-publish","format-standard","has-post-thumbnail","hentry","category-actualidad","tag-desempleo","tag-despido","tag-fogasa","tag-fondo-de-capitalizacion","tag-paro","tag-reforma-laboral"],"yoast_head":"<!-- This site is optimized with the Yoast SEO plugin v26.1.1 - https:\/\/yoast.com\/wordpress\/plugins\/seo\/ -->\n<title>La Ley contempla un Fondo de Capitalizaci\u00f3n | HRTRENDS<\/title>\n<meta name=\"robots\" content=\"index, follow, max-snippet:-1, max-image-preview:large, max-video-preview:-1\" \/>\n<link rel=\"canonical\" href=\"https:\/\/empresas.infoempleo.com\/hrtrends\/la-ley-contempla-un-fondo-de-capitalizacion\/\" \/>\n<meta property=\"og:locale\" content=\"es_ES\" \/>\n<meta property=\"og:type\" content=\"article\" \/>\n<meta property=\"og:title\" content=\"La Ley contempla un Fondo de Capitalizaci\u00f3n | HRTRENDS\" \/>\n<meta property=\"og:description\" content=\"La reforma laboral recientemente aprobada tambi\u00e9n hace referencia a c\u00f3mo hacer frente a las indemnizaciones por despido durante Leer m\u00e1s\" \/>\n<meta property=\"og:url\" content=\"https:\/\/empresas.infoempleo.com\/hrtrends\/la-ley-contempla-un-fondo-de-capitalizacion\/\" \/>\n<meta property=\"og:site_name\" content=\"HRTRENDS\" \/>\n<meta property=\"article:publisher\" content=\"https:\/\/www.facebook.com\/Infoempleo\" \/>\n<meta property=\"article:published_time\" content=\"2010-09-20T08:28:41+00:00\" \/>\n<meta property=\"article:modified_time\" content=\"2018-05-23T15:37:12+00:00\" \/>\n<meta property=\"og:image\" content=\"https:\/\/empresas.infoempleo.com\/hrtrends\/media\/2017\/05\/pexels-photo-205508.jpg\" \/>\n\t<meta property=\"og:image:width\" content=\"1280\" \/>\n\t<meta property=\"og:image:height\" content=\"960\" \/>\n\t<meta property=\"og:image:type\" content=\"image\/jpeg\" \/>\n<meta name=\"author\" content=\"enrique maier\" \/>\n<meta name=\"twitter:card\" content=\"summary_large_image\" \/>\n<meta name=\"twitter:creator\" content=\"@infoempleo\" \/>\n<meta name=\"twitter:site\" content=\"@infoempleo\" \/>\n<meta name=\"twitter:label1\" content=\"Escrito por\" \/>\n\t<meta name=\"twitter:data1\" content=\"enrique maier\" \/>\n\t<meta name=\"twitter:label2\" content=\"Tiempo de lectura\" \/>\n\t<meta name=\"twitter:data2\" content=\"3 minutos\" \/>\n<script type=\"application\/ld+json\" class=\"yoast-schema-graph\">{\"@context\":\"https:\/\/schema.org\",\"@graph\":[{\"@type\":\"NewsArticle\",\"@id\":\"https:\/\/empresas.infoempleo.com\/hrtrends\/la-ley-contempla-un-fondo-de-capitalizacion\/#article\",\"isPartOf\":{\"@id\":\"https:\/\/empresas.infoempleo.com\/hrtrends\/la-ley-contempla-un-fondo-de-capitalizacion\/\"},\"author\":{\"name\":\"enrique maier\",\"@id\":\"https:\/\/empresas.infoempleo.com\/hrtrends\/#\/schema\/person\/b81f0f6b5aa29431f1e42629731276e9\"},\"headline\":\"La Ley contempla un Fondo de Capitalizaci\u00f3n\",\"datePublished\":\"2010-09-20T08:28:41+00:00\",\"dateModified\":\"2018-05-23T15:37:12+00:00\",\"mainEntityOfPage\":{\"@id\":\"https:\/\/empresas.infoempleo.com\/hrtrends\/la-ley-contempla-un-fondo-de-capitalizacion\/\"},\"wordCount\":600,\"publisher\":{\"@id\":\"https:\/\/empresas.infoempleo.com\/hrtrends\/#organization\"},\"image\":{\"@id\":\"https:\/\/empresas.infoempleo.com\/hrtrends\/la-ley-contempla-un-fondo-de-capitalizacion\/#primaryimage\"},\"thumbnailUrl\":\"https:\/\/empresas.infoempleo.com\/hrtrends\/media\/2017\/05\/pexels-photo-205508.jpg\",\"keywords\":[\"desempleo\",\"Despido\",\"fogasa\",\"fondo de capitalizaci\u00f3n\",\"paro\",\"reforma laboral\"],\"articleSection\":[\"Actualidad\"],\"inLanguage\":\"es\",\"copyrightYear\":\"2010\",\"copyrightHolder\":{\"@id\":\"https:\/\/empresas.infoempleo.com\/hrtrends\/#organization\"}},{\"@type\":\"WebPage\",\"@id\":\"https:\/\/empresas.infoempleo.com\/hrtrends\/la-ley-contempla-un-fondo-de-capitalizacion\/\",\"url\":\"https:\/\/empresas.infoempleo.com\/hrtrends\/la-ley-contempla-un-fondo-de-capitalizacion\/\",\"name\":\"La Ley contempla un Fondo de Capitalizaci\u00f3n | HRTRENDS\",\"isPartOf\":{\"@id\":\"https:\/\/empresas.infoempleo.com\/hrtrends\/#website\"},\"primaryImageOfPage\":{\"@id\":\"https:\/\/empresas.infoempleo.com\/hrtrends\/la-ley-contempla-un-fondo-de-capitalizacion\/#primaryimage\"},\"image\":{\"@id\":\"https:\/\/empresas.infoempleo.com\/hrtrends\/la-ley-contempla-un-fondo-de-capitalizacion\/#primaryimage\"},\"thumbnailUrl\":\"https:\/\/empresas.infoempleo.com\/hrtrends\/media\/2017\/05\/pexels-photo-205508.jpg\",\"datePublished\":\"2010-09-20T08:28:41+00:00\",\"dateModified\":\"2018-05-23T15:37:12+00:00\",\"breadcrumb\":{\"@id\":\"https:\/\/empresas.infoempleo.com\/hrtrends\/la-ley-contempla-un-fondo-de-capitalizacion\/#breadcrumb\"},\"inLanguage\":\"es\",\"potentialAction\":[{\"@type\":\"ReadAction\",\"target\":[\"https:\/\/empresas.infoempleo.com\/hrtrends\/la-ley-contempla-un-fondo-de-capitalizacion\/\"]}]},{\"@type\":\"ImageObject\",\"inLanguage\":\"es\",\"@id\":\"https:\/\/empresas.infoempleo.com\/hrtrends\/la-ley-contempla-un-fondo-de-capitalizacion\/#primaryimage\",\"url\":\"https:\/\/empresas.infoempleo.com\/hrtrends\/media\/2017\/05\/pexels-photo-205508-150x150.jpg\",\"contentUrl\":\"https:\/\/empresas.infoempleo.com\/hrtrends\/media\/2017\/05\/pexels-photo-205508-150x150.jpg\",\"width\":150,\"height\":150},{\"@type\":\"BreadcrumbList\",\"@id\":\"https:\/\/empresas.infoempleo.com\/hrtrends\/la-ley-contempla-un-fondo-de-capitalizacion\/#breadcrumb\",\"itemListElement\":[{\"@type\":\"ListItem\",\"position\":1,\"name\":\"Portada\",\"item\":\"https:\/\/empresas.infoempleo.com\/hrtrends\/\"},{\"@type\":\"ListItem\",\"position\":2,\"name\":\"La Ley contempla un Fondo de Capitalizaci\u00f3n\"}]},{\"@type\":\"WebSite\",\"@id\":\"https:\/\/empresas.infoempleo.com\/hrtrends\/#website\",\"url\":\"https:\/\/empresas.infoempleo.com\/hrtrends\",\"name\":\"HRTrends by Infoempleo\",\"description\":\"\",\"publisher\":{\"@id\":\"https:\/\/empresas.infoempleo.com\/hrtrends\/#organization\"},\"potentialAction\":{\"@type\":\"SearchAction\",\"target\":\"https:\/\/empresas.infoempleo.com\/hrtrends\/?s={search_term_string}\",\"query-input\":\"required name=search_term_string\"},\"inLanguage\":\"es\"},{\"@type\":\"Organization\",\"@id\":\"https:\/\/empresas.infoempleo.com\/hrtrends\/#organization\",\"name\":\"Infoempleo\",\"url\":\"https:\/\/www.infoempleo.com\/\",\"logo\":{\"@type\":\"ImageObject\",\"@id\":\"https:\/\/empresas.infoempleo.com\/hrtrends\/#logo\",\"inLanguage\":\"es\",\"url\":\"https:\/\/cdnazure.infoempleo.com\/infoempleo\/assets\/style\/gfx\/logo.svg\",\"contentUrl\":\"https:\/\/cdnazure.infoempleo.com\/infoempleo\/assets\/style\/gfx\/logo.svg\",\"width\":150,\"height\":40,\"caption\":\"Infoempleo\"},\"image\":{\"@id\":\"https:\/\/empresas.infoempleo.com\/hrtrends\/#logo\"},\"sameAs\":[\"https:\/\/www.facebook.com\/Infoempleo\",\"https:\/\/x.com\/infoempleo\",\"http:\/\/instagram.com\/infoempleo\/\",\"http:\/\/www.linkedin.com\/groups\/Empleo-Espa\u00f1a-Infoempleocom-111276\",\"http:\/\/pinterest.com\/infoempleo\/\"],\"address\":{\"@type\":\"PostalAddress\",\"addressLocality\":\"Madrid\",\"postalCode\":\"28050\",\"streetAddress\":\"Avenida de Burgos 114\"},\"brand\":[\"Infoempleo\"]},{\"@type\":\"Person\",\"@id\":\"https:\/\/empresas.infoempleo.com\/hrtrends\/#\/schema\/person\/b81f0f6b5aa29431f1e42629731276e9\",\"name\":\"enrique maier\",\"image\":{\"@type\":\"ImageObject\",\"inLanguage\":\"es\",\"@id\":\"https:\/\/empresas.infoempleo.com\/hrtrends\/#\/schema\/person\/image\/\",\"url\":\"https:\/\/secure.gravatar.com\/avatar\/295b64f3f4c9bc4507675e5f792b449f3be5064006f40b5fd04b0783449103eb?s=96&d=mm&r=g\",\"contentUrl\":\"https:\/\/secure.gravatar.com\/avatar\/295b64f3f4c9bc4507675e5f792b449f3be5064006f40b5fd04b0783449103eb?s=96&d=mm&r=g\",\"caption\":\"enrique maier\"},\"url\":\"https:\/\/empresas.infoempleo.com\/hrtrends\/author\/enrique-maier\/\"}]}<\/script>\n<!-- \/ Yoast SEO plugin. -->","yoast_head_json":{"title":"La Ley contempla un Fondo de Capitalizaci\u00f3n | HRTRENDS","robots":{"index":"index","follow":"follow","max-snippet":"max-snippet:-1","max-image-preview":"max-image-preview:large","max-video-preview":"max-video-preview:-1"},"canonical":"https:\/\/empresas.infoempleo.com\/hrtrends\/la-ley-contempla-un-fondo-de-capitalizacion\/","og_locale":"es_ES","og_type":"article","og_title":"La Ley contempla un Fondo de Capitalizaci\u00f3n | HRTRENDS","og_description":"La reforma laboral recientemente aprobada tambi\u00e9n hace referencia a c\u00f3mo hacer frente a las indemnizaciones por despido durante Leer m\u00e1s","og_url":"https:\/\/empresas.infoempleo.com\/hrtrends\/la-ley-contempla-un-fondo-de-capitalizacion\/","og_site_name":"HRTRENDS","article_publisher":"https:\/\/www.facebook.com\/Infoempleo","article_published_time":"2010-09-20T08:28:41+00:00","article_modified_time":"2018-05-23T15:37:12+00:00","og_image":[{"width":1280,"height":960,"url":"https:\/\/empresas.infoempleo.com\/hrtrends\/media\/2017\/05\/pexels-photo-205508.jpg","type":"image\/jpeg"}],"author":"enrique maier","twitter_card":"summary_large_image","twitter_creator":"@infoempleo","twitter_site":"@infoempleo","twitter_misc":{"Escrito por":"enrique maier","Tiempo de lectura":"3 minutos"},"schema":{"@context":"https:\/\/schema.org","@graph":[{"@type":"NewsArticle","@id":"https:\/\/empresas.infoempleo.com\/hrtrends\/la-ley-contempla-un-fondo-de-capitalizacion\/#article","isPartOf":{"@id":"https:\/\/empresas.infoempleo.com\/hrtrends\/la-ley-contempla-un-fondo-de-capitalizacion\/"},"author":{"name":"enrique maier","@id":"https:\/\/empresas.infoempleo.com\/hrtrends\/#\/schema\/person\/b81f0f6b5aa29431f1e42629731276e9"},"headline":"La Ley contempla un Fondo de Capitalizaci\u00f3n","datePublished":"2010-09-20T08:28:41+00:00","dateModified":"2018-05-23T15:37:12+00:00","mainEntityOfPage":{"@id":"https:\/\/empresas.infoempleo.com\/hrtrends\/la-ley-contempla-un-fondo-de-capitalizacion\/"},"wordCount":600,"publisher":{"@id":"https:\/\/empresas.infoempleo.com\/hrtrends\/#organization"},"image":{"@id":"https:\/\/empresas.infoempleo.com\/hrtrends\/la-ley-contempla-un-fondo-de-capitalizacion\/#primaryimage"},"thumbnailUrl":"https:\/\/empresas.infoempleo.com\/hrtrends\/media\/2017\/05\/pexels-photo-205508.jpg","keywords":["desempleo","Despido","fogasa","fondo de capitalizaci\u00f3n","paro","reforma laboral"],"articleSection":["Actualidad"],"inLanguage":"es","copyrightYear":"2010","copyrightHolder":{"@id":"https:\/\/empresas.infoempleo.com\/hrtrends\/#organization"}},{"@type":"WebPage","@id":"https:\/\/empresas.infoempleo.com\/hrtrends\/la-ley-contempla-un-fondo-de-capitalizacion\/","url":"https:\/\/empresas.infoempleo.com\/hrtrends\/la-ley-contempla-un-fondo-de-capitalizacion\/","name":"La Ley contempla un Fondo de Capitalizaci\u00f3n | HRTRENDS","isPartOf":{"@id":"https:\/\/empresas.infoempleo.com\/hrtrends\/#website"},"primaryImageOfPage":{"@id":"https:\/\/empresas.infoempleo.com\/hrtrends\/la-ley-contempla-un-fondo-de-capitalizacion\/#primaryimage"},"image":{"@id":"https:\/\/empresas.infoempleo.com\/hrtrends\/la-ley-contempla-un-fondo-de-capitalizacion\/#primaryimage"},"thumbnailUrl":"https:\/\/empresas.infoempleo.com\/hrtrends\/media\/2017\/05\/pexels-photo-205508.jpg","datePublished":"2010-09-20T08:28:41+00:00","dateModified":"2018-05-23T15:37:12+00:00","breadcrumb":{"@id":"https:\/\/empresas.infoempleo.com\/hrtrends\/la-ley-contempla-un-fondo-de-capitalizacion\/#breadcrumb"},"inLanguage":"es","potentialAction":[{"@type":"ReadAction","target":["https:\/\/empresas.infoempleo.com\/hrtrends\/la-ley-contempla-un-fondo-de-capitalizacion\/"]}]},{"@type":"ImageObject","inLanguage":"es","@id":"https:\/\/empresas.infoempleo.com\/hrtrends\/la-ley-contempla-un-fondo-de-capitalizacion\/#primaryimage","url":"https:\/\/empresas.infoempleo.com\/hrtrends\/media\/2017\/05\/pexels-photo-205508-150x150.jpg","contentUrl":"https:\/\/empresas.infoempleo.com\/hrtrends\/media\/2017\/05\/pexels-photo-205508-150x150.jpg","width":150,"height":150},{"@type":"BreadcrumbList","@id":"https:\/\/empresas.infoempleo.com\/hrtrends\/la-ley-contempla-un-fondo-de-capitalizacion\/#breadcrumb","itemListElement":[{"@type":"ListItem","position":1,"name":"Portada","item":"https:\/\/empresas.infoempleo.com\/hrtrends\/"},{"@type":"ListItem","position":2,"name":"La Ley contempla un Fondo de Capitalizaci\u00f3n"}]},{"@type":"WebSite","@id":"https:\/\/empresas.infoempleo.com\/hrtrends\/#website","url":"https:\/\/empresas.infoempleo.com\/hrtrends","name":"HRTrends by Infoempleo","description":"","publisher":{"@id":"https:\/\/empresas.infoempleo.com\/hrtrends\/#organization"},"potentialAction":{"@type":"SearchAction","target":"https:\/\/empresas.infoempleo.com\/hrtrends\/?s={search_term_string}","query-input":"required name=search_term_string"},"inLanguage":"es"},{"@type":"Organization","@id":"https:\/\/empresas.infoempleo.com\/hrtrends\/#organization","name":"Infoempleo","url":"https:\/\/www.infoempleo.com\/","logo":{"@type":"ImageObject","@id":"https:\/\/empresas.infoempleo.com\/hrtrends\/#logo","inLanguage":"es","url":"https:\/\/cdnazure.infoempleo.com\/infoempleo\/assets\/style\/gfx\/logo.svg","contentUrl":"https:\/\/cdnazure.infoempleo.com\/infoempleo\/assets\/style\/gfx\/logo.svg","width":150,"height":40,"caption":"Infoempleo"},"image":{"@id":"https:\/\/empresas.infoempleo.com\/hrtrends\/#logo"},"sameAs":["https:\/\/www.facebook.com\/Infoempleo","https:\/\/x.com\/infoempleo","http:\/\/instagram.com\/infoempleo\/","http:\/\/www.linkedin.com\/groups\/Empleo-Espa\u00f1a-Infoempleocom-111276","http:\/\/pinterest.com\/infoempleo\/"],"address":{"@type":"PostalAddress","addressLocality":"Madrid","postalCode":"28050","streetAddress":"Avenida de Burgos 114"},"brand":["Infoempleo"]},{"@type":"Person","@id":"https:\/\/empresas.infoempleo.com\/hrtrends\/#\/schema\/person\/b81f0f6b5aa29431f1e42629731276e9","name":"enrique maier","image":{"@type":"ImageObject","inLanguage":"es","@id":"https:\/\/empresas.infoempleo.com\/hrtrends\/#\/schema\/person\/image\/","url":"https:\/\/secure.gravatar.com\/avatar\/295b64f3f4c9bc4507675e5f792b449f3be5064006f40b5fd04b0783449103eb?s=96&d=mm&r=g","contentUrl":"https:\/\/secure.gravatar.com\/avatar\/295b64f3f4c9bc4507675e5f792b449f3be5064006f40b5fd04b0783449103eb?s=96&d=mm&r=g","caption":"enrique maier"},"url":"https:\/\/empresas.infoempleo.com\/hrtrends\/author\/enrique-maier\/"}]}},"amp_enabled":true,"_links":{"self":[{"href":"https:\/\/empresas.infoempleo.com\/hrtrends\/wp-json\/wp\/v2\/posts\/10886","targetHints":{"allow":["GET"]}}],"collection":[{"href":"https:\/\/empresas.infoempleo.com\/hrtrends\/wp-json\/wp\/v2\/posts"}],"about":[{"href":"https:\/\/empresas.infoempleo.com\/hrtrends\/wp-json\/wp\/v2\/types\/post"}],"author":[{"embeddable":true,"href":"https:\/\/empresas.infoempleo.com\/hrtrends\/wp-json\/wp\/v2\/users\/51"}],"replies":[{"embeddable":true,"href":"https:\/\/empresas.infoempleo.com\/hrtrends\/wp-json\/wp\/v2\/comments?post=10886"}],"version-history":[{"count":0,"href":"https:\/\/empresas.infoempleo.com\/hrtrends\/wp-json\/wp\/v2\/posts\/10886\/revisions"}],"wp:featuredmedia":[{"embeddable":true,"href":"https:\/\/empresas.infoempleo.com\/hrtrends\/wp-json\/wp\/v2\/media\/29665"}],"wp:attachment":[{"href":"https:\/\/empresas.infoempleo.com\/hrtrends\/wp-json\/wp\/v2\/media?parent=10886"}],"wp:term":[{"taxonomy":"category","embeddable":true,"href":"https:\/\/empresas.infoempleo.com\/hrtrends\/wp-json\/wp\/v2\/categories?post=10886"},{"taxonomy":"post_tag","embeddable":true,"href":"https:\/\/empresas.infoempleo.com\/hrtrends\/wp-json\/wp\/v2\/tags?post=10886"}],"curies":[{"name":"wp","href":"https:\/\/api.w.org\/{rel}","templated":true}]}}