{"id":10883,"date":"2010-09-20T09:32:27","date_gmt":"2010-09-20T08:32:27","guid":{"rendered":"http:\/\/blog.infoempleo.com\/?p=10883"},"modified":"2023-03-13T19:16:56","modified_gmt":"2023-03-13T17:16:56","slug":"la-hora-de-la-verdad-de-la-reforma-laboral","status":"publish","type":"post","link":"https:\/\/empresas.infoempleo.com\/hrtrends\/la-hora-de-la-verdad-de-la-reforma-laboral\/","title":{"rendered":"La hora de la verdad de la reforma laboral"},"content":{"rendered":"<p>El pasado 9 de septiembre, el Congreso aprobaba definitivamente la reforma laboral, dos meses despu\u00e9s de que se iniciara su tramitaci\u00f3n y <strong>sin tener en cuenta la mayor\u00eda de las enmiendas introducidas en el Senado.<\/strong> Entre las medidas m\u00e1s importantes que recoge la nueva norma destacan varias que afectan al despido o a la contrataci\u00f3n temporal, y algunas que hacen referencia a un mayor control del empleado, como en las cuestiones que ata\u00f1en al absentismo.<\/p>\n<p>Para el empresariado, seg\u00fan palabras de Juan Antonio Sagardoy, miembro del C\u00edrculo de Empresarios y Catedr\u00e1tico de Derecho del Trabajo, \u00abse trata de una medida que colabora a mejorar la competitividad de las empresas y favorece tanto a los trabajadores como a los empresarios\u00bb. Para los sindicatos, la visi\u00f3n es otra. \u00abEste giro radical del Gobierno no es m\u00e1s que una forma de abaratar el despido y, aunque afecta a la totalidad de la sociedad, tiene un especial efecto en los desempleados porque no les abre camino y les criminaliza\u00bb, afirma Toni Ferrer, secretario de acci\u00f3n sindical de UGT. \u00bfAlternativas? Seg\u00fan la profesora de derecho de ESADE, Esther S\u00e1nchez, la formaci\u00f3n continua es \u00abla herramienta que puede permitir un cambio de modelo productivo en nuestro pa\u00eds\u00bb.<\/p>\n<p>Muchas opiniones y una nueva norma\u2026 <strong>Pero, una vez en la calle, \u00bfc\u00f3mo afectar\u00e1n estas medidas a trabajadores y empresarios? \u00bfQu\u00e9 cambios sufre el mercado de trabajo?<\/strong><\/p>\n<h3>1. Contratos temporales<\/h3>\n<p>A partir de 2015 aumentar\u00e1n las indemnizaciones en los despidos de este tipo de contratos. Los ocho d\u00edas por a\u00f1o trabajado actuales se sustituir\u00e1n por 12, con lo que se pretende desincentivar esta modalidad, tan habituales en los \u00faltimos tiempos. Asimismo, los de obra y servicio tendr\u00e1n una duraci\u00f3n m\u00e1xima de dos a\u00f1os, ampliables a otro m\u00e1s si as\u00ed lo recoge el convenio. Despu\u00e9s de ese tiempo, el trabajador pasa a ser un empleado fijo.<\/p>\n<p>Por otro lado, los contratos eventuales tendr\u00e1n una duraci\u00f3n m\u00e1xima de seis meses dentro de un periodo de 12. Para Toni Ferrer, el objetivo de reducir la dualidad entre contratos temporales y fijos no se ha cumplido. En su opini\u00f3n, \u00abel empleo estable se hace vulnerable\u00bb.<\/p>\n<h3>2. Fomento del contrato indefinido con despido de 33 d\u00edas<\/h3>\n<p>La reforma ampl\u00eda este tipo de contrato, que implica una indemnizaci\u00f3n por despido de 33 d\u00edas por a\u00f1o trabajado, frente al m\u00e1ximo estipulado de 45 d\u00edas, y lo generaliza a casi todos los colectivos de trabajadores. El \u00fanico estrato que se salva es el de las personas de entre 30 y 45 a\u00f1os, siempre que lleven menos de un mes desempleados.<\/p>\n<h3>3. Despido<\/h3>\n<p>Las empresas con problemas econ\u00f3micos -cuando tengan p\u00e9rdidas o prevean tenerlas- podr\u00e1n despedir a sus trabajadores con 20 d\u00edas de indemnizaci\u00f3n y un m\u00e1ximo de 12 mensualidades. A estas causas econ\u00f3micas del despido objetivo se suman tambi\u00e9n las causas t\u00e9cnicas, organizativas o productivas que afecten a la empresa en ese momento. Este despido objetivo es, seg\u00fan Juan Antonio Sagardoy, \u00abuno de los talones de Aquiles de nuestra normativa laboral. Cuando una empresa tiene probadas razones para extinguir contratos de trabajo hay que darle un cauce. Con la reforma se ha mejorado en el tiempo que debe durar el procedimiento\u00bb.<\/p>\n<h3>4. Absentismo<\/h3>\n<p>Tambi\u00e9n podr\u00e1 ser causa de despido que un empleado falte a su puesto de trabajo superando en m\u00e1s del 20% sus jornadas h\u00e1biles en dos meses consecutivos, o bien, un 25% en cuatro discontinuos. Aunque el PNV present\u00f3 una enmienda frente a esta cl\u00e1usula, finalmente esto ser\u00e1 as\u00ed cuando la media de absentismo de la plantilla no supere el 2,5%. Anteriormente estaba fijado en el 5%. En opini\u00f3n del secretario de acci\u00f3n sindical de UGT esto no hace sino \u00abdar m\u00e1s poder y medios a las mutuas, y facilitar el despido de enfermos por bajas de larga duraci\u00f3n\u00bb.<\/p>\n<h3>5. Prestaci\u00f3n por desempleo<\/h3>\n<p>De las enmiendas que salieron del Senado, la \u00fanica que fue aceptada en el Congreso, adem\u00e1s de las del PSOE, fue la que propuso el Bloque Nacionalista Galego y que hac\u00eda referencia al cobro de prestaciones por desempleo parcial. A partir de ahora, el paro se cobrar\u00e1 teniendo en cuenta las horas trabajadas, en lugar de los d\u00edas. De esta forma, el porcentaje de esta prestaci\u00f3n ser\u00e1 equivalente al de reducci\u00f3n de jornada.<\/p>\n<h3>6. Reducci\u00f3n de jornada<\/h3>\n<p>Como alternativa al despido se propone la reducci\u00f3n de jornada, pr\u00e1ctica que llevan a cabo en algunos pa\u00edses del norte de Europa. Es lo que ha venido a llamarse el \u00abmodelo alem\u00e1n\u00bb. En el caso de que una empresa espa\u00f1ola opte por esta alternativa, siempre tendr\u00e1 que hacerlo de forma temporal, sin que esta jornada reducida exceda de un periodo m\u00e1ximo de un a\u00f1o.<\/p>\n<h3>7. Bonificaciones para las empresas<\/h3>\n<p>Las empresas se beneficiar\u00e1n en la cuota a la Seguridad Social con bonificaciones de entre 800 y 1.400 euros por emplear de forma indefinida a j\u00f3venes, mujeres y mayores de 45 a\u00f1os. Eso s\u00ed, deben tener unas condiciones determinadas (sin titulaci\u00f3n, desempleados de un a\u00f1o, etc\u00e9tera.). El profesor Sagardoy lo valora positivamente, aunque matiza: \u00abNo est\u00e1 bien que la contrataci\u00f3n se monte en la subvenci\u00f3n. Es como andar habitualmente con muletas. Nadie contrata a quien no necesita, ni nadie despide a quien necesita\u00bb.<\/p>\n<h3>8. Aut\u00f3nomos<\/h3>\n<p>Suele ser el sector m\u00e1s olvidado y as\u00ed lo refleja Lorenzo Amor, presidente de la Federaci\u00f3n Nacional de Asociaciones de Trabajadores Aut\u00f3nomos (ATA). \u00abSe ten\u00eda que haber ido m\u00e1s all\u00e1 y haber acometido una reforma laboral adaptada a la realidad actual\u2026 Es un desprop\u00f3sito que se haya negado hasta ahora, tanto en el Congreso como en el Senado, el derecho que tienen los aut\u00f3nomos que en un futuro hayan agotado la prestaci\u00f3n de paro a percibir el subsidio no contributivo de 426 euros\u00bb.<\/p>\n<h3>9. ETT<\/h3>\n<p>Han sido las grandes beneficiarias de esta reforma, y es que, a partir del 1 de abril de 2011, las empresas de trabajo temporal podr\u00e1n realizar contratos con la Administraci\u00f3n P\u00fablica. Adem\u00e1s, se liberalizar\u00e1n los servicios de empleo para que estas empresas puedan aconsejar y colocar a los desempleados, tambi\u00e9n de las profesiones de riesgo. Este nuevo papel de las ETT tendr\u00e1 un car\u00e1cter de servicio p\u00fablico y, adem\u00e1s, deber\u00e1n garantizar que sus usuarios tengan igualdad de condiciones en las empresas.<\/p>\n<h3>10. Acuerdos en las condiciones de trabajo<\/h3>\n<p>Se ampl\u00edan las situaciones para recurrir las modificaciones sustanciales de las condiciones de trabajo con el fin de prevenir una evoluci\u00f3n negativa de la empresa. Por ejemplo, se limita el plazo para negociar la movilidad geogr\u00e1fica: ahora no ser\u00e1 superior a 15 d\u00edas. Para el secretario de acci\u00f3n sindical de UGT, esto no es m\u00e1s que otra forma de \u00abaumentar el poder empresarial para modificar las condiciones de trabajo. Se est\u00e1 debilitando la negociaci\u00f3n colectiva\u00bb.<\/p>\n","protected":false},"excerpt":{"rendered":"<p>El pasado 9 de septiembre, el Congreso aprobaba definitivamente la reforma laboral, dos meses despu\u00e9s de que se<a class=\"moretag\" href=\"https:\/\/empresas.infoempleo.com\/hrtrends\/la-hora-de-la-verdad-de-la-reforma-laboral\/\"> Leer m\u00e1s<\/a><\/p>\n","protected":false},"author":72,"featured_media":29665,"comment_status":"closed","ping_status":"open","sticky":false,"template":"","format":"standard","meta":{"footnotes":""},"categories":[3],"tags":[33,162,2036,37],"class_list":["post-10883","post","type-post","status-publish","format-standard","has-post-thumbnail","hentry","category-actualidad","tag-desempleo","tag-empleo","tag-reforma-laboral","tag-trabajo"],"yoast_head":"<!-- This site is optimized with the Yoast SEO plugin v26.1.1 - https:\/\/yoast.com\/wordpress\/plugins\/seo\/ -->\n<title>La hora de la verdad de la reforma laboral | HRTRENDS<\/title>\n<meta name=\"robots\" content=\"index, follow, max-snippet:-1, max-image-preview:large, max-video-preview:-1\" \/>\n<link rel=\"canonical\" href=\"https:\/\/empresas.infoempleo.com\/hrtrends\/la-hora-de-la-verdad-de-la-reforma-laboral\/\" \/>\n<meta property=\"og:locale\" content=\"es_ES\" \/>\n<meta property=\"og:type\" content=\"article\" \/>\n<meta property=\"og:title\" content=\"La hora de la verdad de la reforma laboral | HRTRENDS\" \/>\n<meta property=\"og:description\" content=\"El pasado 9 de septiembre, el Congreso aprobaba definitivamente la reforma laboral, dos meses despu\u00e9s de que se Leer m\u00e1s\" \/>\n<meta property=\"og:url\" content=\"https:\/\/empresas.infoempleo.com\/hrtrends\/la-hora-de-la-verdad-de-la-reforma-laboral\/\" \/>\n<meta property=\"og:site_name\" content=\"HRTRENDS\" \/>\n<meta property=\"article:publisher\" content=\"https:\/\/www.facebook.com\/Infoempleo\" \/>\n<meta property=\"article:published_time\" content=\"2010-09-20T08:32:27+00:00\" \/>\n<meta property=\"article:modified_time\" content=\"2023-03-13T17:16:56+00:00\" \/>\n<meta property=\"og:image\" content=\"https:\/\/empresas.infoempleo.com\/hrtrends\/media\/2017\/05\/pexels-photo-205508.jpg\" \/>\n\t<meta property=\"og:image:width\" content=\"1280\" \/>\n\t<meta property=\"og:image:height\" content=\"960\" \/>\n\t<meta property=\"og:image:type\" content=\"image\/jpeg\" \/>\n<meta name=\"author\" content=\"infoempleo\" \/>\n<meta name=\"twitter:card\" content=\"summary_large_image\" \/>\n<meta name=\"twitter:creator\" content=\"@infoempleo\" \/>\n<meta name=\"twitter:site\" content=\"@infoempleo\" \/>\n<meta name=\"twitter:label1\" content=\"Escrito por\" \/>\n\t<meta name=\"twitter:data1\" content=\"infoempleo\" \/>\n\t<meta name=\"twitter:label2\" content=\"Tiempo de lectura\" \/>\n\t<meta name=\"twitter:data2\" content=\"6 minutos\" \/>\n<script type=\"application\/ld+json\" class=\"yoast-schema-graph\">{\"@context\":\"https:\/\/schema.org\",\"@graph\":[{\"@type\":\"NewsArticle\",\"@id\":\"https:\/\/empresas.infoempleo.com\/hrtrends\/la-hora-de-la-verdad-de-la-reforma-laboral\/#article\",\"isPartOf\":{\"@id\":\"https:\/\/empresas.infoempleo.com\/hrtrends\/la-hora-de-la-verdad-de-la-reforma-laboral\/\"},\"author\":{\"name\":\"infoempleo\",\"@id\":\"https:\/\/empresas.infoempleo.com\/hrtrends\/#\/schema\/person\/67d3e276ffcc8b3ae0ebec816daf775a\"},\"headline\":\"La hora de la verdad de la reforma laboral\",\"datePublished\":\"2010-09-20T08:32:27+00:00\",\"dateModified\":\"2023-03-13T17:16:56+00:00\",\"mainEntityOfPage\":{\"@id\":\"https:\/\/empresas.infoempleo.com\/hrtrends\/la-hora-de-la-verdad-de-la-reforma-laboral\/\"},\"wordCount\":1190,\"publisher\":{\"@id\":\"https:\/\/empresas.infoempleo.com\/hrtrends\/#organization\"},\"image\":{\"@id\":\"https:\/\/empresas.infoempleo.com\/hrtrends\/la-hora-de-la-verdad-de-la-reforma-laboral\/#primaryimage\"},\"thumbnailUrl\":\"https:\/\/empresas.infoempleo.com\/hrtrends\/media\/2017\/05\/pexels-photo-205508.jpg\",\"keywords\":[\"desempleo\",\"Empleo\",\"reforma laboral\",\"trabajo\"],\"articleSection\":[\"Actualidad\"],\"inLanguage\":\"es\",\"copyrightYear\":\"2010\",\"copyrightHolder\":{\"@id\":\"https:\/\/empresas.infoempleo.com\/hrtrends\/#organization\"}},{\"@type\":\"WebPage\",\"@id\":\"https:\/\/empresas.infoempleo.com\/hrtrends\/la-hora-de-la-verdad-de-la-reforma-laboral\/\",\"url\":\"https:\/\/empresas.infoempleo.com\/hrtrends\/la-hora-de-la-verdad-de-la-reforma-laboral\/\",\"name\":\"La hora de la verdad de la reforma laboral | HRTRENDS\",\"isPartOf\":{\"@id\":\"https:\/\/empresas.infoempleo.com\/hrtrends\/#website\"},\"primaryImageOfPage\":{\"@id\":\"https:\/\/empresas.infoempleo.com\/hrtrends\/la-hora-de-la-verdad-de-la-reforma-laboral\/#primaryimage\"},\"image\":{\"@id\":\"https:\/\/empresas.infoempleo.com\/hrtrends\/la-hora-de-la-verdad-de-la-reforma-laboral\/#primaryimage\"},\"thumbnailUrl\":\"https:\/\/empresas.infoempleo.com\/hrtrends\/media\/2017\/05\/pexels-photo-205508.jpg\",\"datePublished\":\"2010-09-20T08:32:27+00:00\",\"dateModified\":\"2023-03-13T17:16:56+00:00\",\"breadcrumb\":{\"@id\":\"https:\/\/empresas.infoempleo.com\/hrtrends\/la-hora-de-la-verdad-de-la-reforma-laboral\/#breadcrumb\"},\"inLanguage\":\"es\",\"potentialAction\":[{\"@type\":\"ReadAction\",\"target\":[\"https:\/\/empresas.infoempleo.com\/hrtrends\/la-hora-de-la-verdad-de-la-reforma-laboral\/\"]}]},{\"@type\":\"ImageObject\",\"inLanguage\":\"es\",\"@id\":\"https:\/\/empresas.infoempleo.com\/hrtrends\/la-hora-de-la-verdad-de-la-reforma-laboral\/#primaryimage\",\"url\":\"https:\/\/empresas.infoempleo.com\/hrtrends\/media\/2017\/05\/pexels-photo-205508-150x150.jpg\",\"contentUrl\":\"https:\/\/empresas.infoempleo.com\/hrtrends\/media\/2017\/05\/pexels-photo-205508-150x150.jpg\",\"width\":150,\"height\":150},{\"@type\":\"BreadcrumbList\",\"@id\":\"https:\/\/empresas.infoempleo.com\/hrtrends\/la-hora-de-la-verdad-de-la-reforma-laboral\/#breadcrumb\",\"itemListElement\":[{\"@type\":\"ListItem\",\"position\":1,\"name\":\"Portada\",\"item\":\"https:\/\/empresas.infoempleo.com\/hrtrends\/\"},{\"@type\":\"ListItem\",\"position\":2,\"name\":\"La hora de la verdad de la reforma laboral\"}]},{\"@type\":\"WebSite\",\"@id\":\"https:\/\/empresas.infoempleo.com\/hrtrends\/#website\",\"url\":\"https:\/\/empresas.infoempleo.com\/hrtrends\",\"name\":\"HRTrends by Infoempleo\",\"description\":\"\",\"publisher\":{\"@id\":\"https:\/\/empresas.infoempleo.com\/hrtrends\/#organization\"},\"potentialAction\":{\"@type\":\"SearchAction\",\"target\":\"https:\/\/empresas.infoempleo.com\/hrtrends\/?s={search_term_string}\",\"query-input\":\"required name=search_term_string\"},\"inLanguage\":\"es\"},{\"@type\":\"Organization\",\"@id\":\"https:\/\/empresas.infoempleo.com\/hrtrends\/#organization\",\"name\":\"Infoempleo\",\"url\":\"https:\/\/www.infoempleo.com\/\",\"logo\":{\"@type\":\"ImageObject\",\"@id\":\"https:\/\/empresas.infoempleo.com\/hrtrends\/#logo\",\"inLanguage\":\"es\",\"url\":\"https:\/\/cdnazure.infoempleo.com\/infoempleo\/assets\/style\/gfx\/logo.svg\",\"contentUrl\":\"https:\/\/cdnazure.infoempleo.com\/infoempleo\/assets\/style\/gfx\/logo.svg\",\"width\":150,\"height\":40,\"caption\":\"Infoempleo\"},\"image\":{\"@id\":\"https:\/\/empresas.infoempleo.com\/hrtrends\/#logo\"},\"sameAs\":[\"https:\/\/www.facebook.com\/Infoempleo\",\"https:\/\/x.com\/infoempleo\",\"http:\/\/instagram.com\/infoempleo\/\",\"http:\/\/www.linkedin.com\/groups\/Empleo-Espa\u00f1a-Infoempleocom-111276\",\"http:\/\/pinterest.com\/infoempleo\/\"],\"address\":{\"@type\":\"PostalAddress\",\"addressLocality\":\"Madrid\",\"postalCode\":\"28050\",\"streetAddress\":\"Avenida de Burgos 114\"},\"brand\":[\"Infoempleo\"]},{\"@type\":\"Person\",\"@id\":\"https:\/\/empresas.infoempleo.com\/hrtrends\/#\/schema\/person\/67d3e276ffcc8b3ae0ebec816daf775a\",\"name\":\"infoempleo\",\"image\":{\"@type\":\"ImageObject\",\"inLanguage\":\"es\",\"@id\":\"https:\/\/empresas.infoempleo.com\/hrtrends\/#\/schema\/person\/image\/\",\"url\":\"https:\/\/secure.gravatar.com\/avatar\/7b437777242fe67d2473c2a818da2344692d1ee91e91080ccffbd97bcd4a0975?s=96&d=mm&r=g\",\"contentUrl\":\"https:\/\/secure.gravatar.com\/avatar\/7b437777242fe67d2473c2a818da2344692d1ee91e91080ccffbd97bcd4a0975?s=96&d=mm&r=g\",\"caption\":\"infoempleo\"},\"url\":\"https:\/\/empresas.infoempleo.com\/hrtrends\/author\/infoempleo\/\"}]}<\/script>\n<!-- \/ Yoast SEO plugin. -->","yoast_head_json":{"title":"La hora de la verdad de la reforma laboral | HRTRENDS","robots":{"index":"index","follow":"follow","max-snippet":"max-snippet:-1","max-image-preview":"max-image-preview:large","max-video-preview":"max-video-preview:-1"},"canonical":"https:\/\/empresas.infoempleo.com\/hrtrends\/la-hora-de-la-verdad-de-la-reforma-laboral\/","og_locale":"es_ES","og_type":"article","og_title":"La hora de la verdad de la reforma laboral | HRTRENDS","og_description":"El pasado 9 de septiembre, el Congreso aprobaba definitivamente la reforma laboral, dos meses despu\u00e9s de que se Leer m\u00e1s","og_url":"https:\/\/empresas.infoempleo.com\/hrtrends\/la-hora-de-la-verdad-de-la-reforma-laboral\/","og_site_name":"HRTRENDS","article_publisher":"https:\/\/www.facebook.com\/Infoempleo","article_published_time":"2010-09-20T08:32:27+00:00","article_modified_time":"2023-03-13T17:16:56+00:00","og_image":[{"width":1280,"height":960,"url":"https:\/\/empresas.infoempleo.com\/hrtrends\/media\/2017\/05\/pexels-photo-205508.jpg","type":"image\/jpeg"}],"author":"infoempleo","twitter_card":"summary_large_image","twitter_creator":"@infoempleo","twitter_site":"@infoempleo","twitter_misc":{"Escrito por":"infoempleo","Tiempo de lectura":"6 minutos"},"schema":{"@context":"https:\/\/schema.org","@graph":[{"@type":"NewsArticle","@id":"https:\/\/empresas.infoempleo.com\/hrtrends\/la-hora-de-la-verdad-de-la-reforma-laboral\/#article","isPartOf":{"@id":"https:\/\/empresas.infoempleo.com\/hrtrends\/la-hora-de-la-verdad-de-la-reforma-laboral\/"},"author":{"name":"infoempleo","@id":"https:\/\/empresas.infoempleo.com\/hrtrends\/#\/schema\/person\/67d3e276ffcc8b3ae0ebec816daf775a"},"headline":"La hora de la verdad de la reforma laboral","datePublished":"2010-09-20T08:32:27+00:00","dateModified":"2023-03-13T17:16:56+00:00","mainEntityOfPage":{"@id":"https:\/\/empresas.infoempleo.com\/hrtrends\/la-hora-de-la-verdad-de-la-reforma-laboral\/"},"wordCount":1190,"publisher":{"@id":"https:\/\/empresas.infoempleo.com\/hrtrends\/#organization"},"image":{"@id":"https:\/\/empresas.infoempleo.com\/hrtrends\/la-hora-de-la-verdad-de-la-reforma-laboral\/#primaryimage"},"thumbnailUrl":"https:\/\/empresas.infoempleo.com\/hrtrends\/media\/2017\/05\/pexels-photo-205508.jpg","keywords":["desempleo","Empleo","reforma laboral","trabajo"],"articleSection":["Actualidad"],"inLanguage":"es","copyrightYear":"2010","copyrightHolder":{"@id":"https:\/\/empresas.infoempleo.com\/hrtrends\/#organization"}},{"@type":"WebPage","@id":"https:\/\/empresas.infoempleo.com\/hrtrends\/la-hora-de-la-verdad-de-la-reforma-laboral\/","url":"https:\/\/empresas.infoempleo.com\/hrtrends\/la-hora-de-la-verdad-de-la-reforma-laboral\/","name":"La hora de la verdad de la reforma laboral | HRTRENDS","isPartOf":{"@id":"https:\/\/empresas.infoempleo.com\/hrtrends\/#website"},"primaryImageOfPage":{"@id":"https:\/\/empresas.infoempleo.com\/hrtrends\/la-hora-de-la-verdad-de-la-reforma-laboral\/#primaryimage"},"image":{"@id":"https:\/\/empresas.infoempleo.com\/hrtrends\/la-hora-de-la-verdad-de-la-reforma-laboral\/#primaryimage"},"thumbnailUrl":"https:\/\/empresas.infoempleo.com\/hrtrends\/media\/2017\/05\/pexels-photo-205508.jpg","datePublished":"2010-09-20T08:32:27+00:00","dateModified":"2023-03-13T17:16:56+00:00","breadcrumb":{"@id":"https:\/\/empresas.infoempleo.com\/hrtrends\/la-hora-de-la-verdad-de-la-reforma-laboral\/#breadcrumb"},"inLanguage":"es","potentialAction":[{"@type":"ReadAction","target":["https:\/\/empresas.infoempleo.com\/hrtrends\/la-hora-de-la-verdad-de-la-reforma-laboral\/"]}]},{"@type":"ImageObject","inLanguage":"es","@id":"https:\/\/empresas.infoempleo.com\/hrtrends\/la-hora-de-la-verdad-de-la-reforma-laboral\/#primaryimage","url":"https:\/\/empresas.infoempleo.com\/hrtrends\/media\/2017\/05\/pexels-photo-205508-150x150.jpg","contentUrl":"https:\/\/empresas.infoempleo.com\/hrtrends\/media\/2017\/05\/pexels-photo-205508-150x150.jpg","width":150,"height":150},{"@type":"BreadcrumbList","@id":"https:\/\/empresas.infoempleo.com\/hrtrends\/la-hora-de-la-verdad-de-la-reforma-laboral\/#breadcrumb","itemListElement":[{"@type":"ListItem","position":1,"name":"Portada","item":"https:\/\/empresas.infoempleo.com\/hrtrends\/"},{"@type":"ListItem","position":2,"name":"La hora de la verdad de la reforma laboral"}]},{"@type":"WebSite","@id":"https:\/\/empresas.infoempleo.com\/hrtrends\/#website","url":"https:\/\/empresas.infoempleo.com\/hrtrends","name":"HRTrends by Infoempleo","description":"","publisher":{"@id":"https:\/\/empresas.infoempleo.com\/hrtrends\/#organization"},"potentialAction":{"@type":"SearchAction","target":"https:\/\/empresas.infoempleo.com\/hrtrends\/?s={search_term_string}","query-input":"required name=search_term_string"},"inLanguage":"es"},{"@type":"Organization","@id":"https:\/\/empresas.infoempleo.com\/hrtrends\/#organization","name":"Infoempleo","url":"https:\/\/www.infoempleo.com\/","logo":{"@type":"ImageObject","@id":"https:\/\/empresas.infoempleo.com\/hrtrends\/#logo","inLanguage":"es","url":"https:\/\/cdnazure.infoempleo.com\/infoempleo\/assets\/style\/gfx\/logo.svg","contentUrl":"https:\/\/cdnazure.infoempleo.com\/infoempleo\/assets\/style\/gfx\/logo.svg","width":150,"height":40,"caption":"Infoempleo"},"image":{"@id":"https:\/\/empresas.infoempleo.com\/hrtrends\/#logo"},"sameAs":["https:\/\/www.facebook.com\/Infoempleo","https:\/\/x.com\/infoempleo","http:\/\/instagram.com\/infoempleo\/","http:\/\/www.linkedin.com\/groups\/Empleo-Espa\u00f1a-Infoempleocom-111276","http:\/\/pinterest.com\/infoempleo\/"],"address":{"@type":"PostalAddress","addressLocality":"Madrid","postalCode":"28050","streetAddress":"Avenida de Burgos 114"},"brand":["Infoempleo"]},{"@type":"Person","@id":"https:\/\/empresas.infoempleo.com\/hrtrends\/#\/schema\/person\/67d3e276ffcc8b3ae0ebec816daf775a","name":"infoempleo","image":{"@type":"ImageObject","inLanguage":"es","@id":"https:\/\/empresas.infoempleo.com\/hrtrends\/#\/schema\/person\/image\/","url":"https:\/\/secure.gravatar.com\/avatar\/7b437777242fe67d2473c2a818da2344692d1ee91e91080ccffbd97bcd4a0975?s=96&d=mm&r=g","contentUrl":"https:\/\/secure.gravatar.com\/avatar\/7b437777242fe67d2473c2a818da2344692d1ee91e91080ccffbd97bcd4a0975?s=96&d=mm&r=g","caption":"infoempleo"},"url":"https:\/\/empresas.infoempleo.com\/hrtrends\/author\/infoempleo\/"}]}},"amp_enabled":true,"_links":{"self":[{"href":"https:\/\/empresas.infoempleo.com\/hrtrends\/wp-json\/wp\/v2\/posts\/10883","targetHints":{"allow":["GET"]}}],"collection":[{"href":"https:\/\/empresas.infoempleo.com\/hrtrends\/wp-json\/wp\/v2\/posts"}],"about":[{"href":"https:\/\/empresas.infoempleo.com\/hrtrends\/wp-json\/wp\/v2\/types\/post"}],"author":[{"embeddable":true,"href":"https:\/\/empresas.infoempleo.com\/hrtrends\/wp-json\/wp\/v2\/users\/72"}],"replies":[{"embeddable":true,"href":"https:\/\/empresas.infoempleo.com\/hrtrends\/wp-json\/wp\/v2\/comments?post=10883"}],"version-history":[{"count":1,"href":"https:\/\/empresas.infoempleo.com\/hrtrends\/wp-json\/wp\/v2\/posts\/10883\/revisions"}],"predecessor-version":[{"id":43046,"href":"https:\/\/empresas.infoempleo.com\/hrtrends\/wp-json\/wp\/v2\/posts\/10883\/revisions\/43046"}],"wp:featuredmedia":[{"embeddable":true,"href":"https:\/\/empresas.infoempleo.com\/hrtrends\/wp-json\/wp\/v2\/media\/29665"}],"wp:attachment":[{"href":"https:\/\/empresas.infoempleo.com\/hrtrends\/wp-json\/wp\/v2\/media?parent=10883"}],"wp:term":[{"taxonomy":"category","embeddable":true,"href":"https:\/\/empresas.infoempleo.com\/hrtrends\/wp-json\/wp\/v2\/categories?post=10883"},{"taxonomy":"post_tag","embeddable":true,"href":"https:\/\/empresas.infoempleo.com\/hrtrends\/wp-json\/wp\/v2\/tags?post=10883"}],"curies":[{"name":"wp","href":"https:\/\/api.w.org\/{rel}","templated":true}]}}