{"id":10528,"date":"2010-07-09T08:16:29","date_gmt":"2010-07-09T07:16:29","guid":{"rendered":"http:\/\/blog.infoempleo.com\/?p=10528"},"modified":"2018-05-23T17:38:09","modified_gmt":"2018-05-23T15:38:09","slug":"las-grandes-superficies-reducen-sus-ventas-un-5-por-la-crisis","status":"publish","type":"post","link":"https:\/\/empresas.infoempleo.com\/hrtrends\/las-grandes-superficies-reducen-sus-ventas-un-5-por-la-crisis\/","title":{"rendered":"Las grandes superficies reducen sus ventas un 5% por la crisis"},"content":{"rendered":"<p>Las compa\u00f1\u00edas integradas en la <a title=\"Web de Anged\" href=\"https:\/\/www.anged.es\/\" target=\"_blank\">Asociaci\u00f3n Nacional de Grandes Empresas de Distribuci\u00f3n<\/a> (Anged) facturaron 39.916 millones de euros en el ejercicio 2009, lo que representa una ca\u00edda del 5% respecto al a\u00f1o anterior, y perdieron 11.150 puestos de trabajo, al pasar de una plantilla de 247.425 trabajadores a 236.275 empleados el a\u00f1o pasado.<\/p>\n<p>\u00abNuestro sector sufre la crisis, pero no est\u00e1 en crisis\u00bb, afirm\u00f3 el presidente de la asociaci\u00f3n, Juan Manuel de Mingo, en la asamblea anual de Anged, que representa a empresas como El Corte Ingl\u00e9s, Ikea, Carrefour, Alcampo, Cortefiel, FNAC o Media Markt, entre otras.<\/p>\n<p>De Mingo destac\u00f3 el \u00abesfuerzo\u00bb realizado por la gran distribuci\u00f3n, junto con sus proveedores, para reducir los m\u00e1rgenes y hacer la cesta de la compra \u00abm\u00e1s asequible\u00bb, al tiempo que calific\u00f3 de \u00absatisfactorios\u00bb los resultados de 2009, especialmente en lo referente al \u00abpulso inversor potente\u00bb que mantienen el sector.<\/p>\n<p>Las grandes superficies invirtieron 2.515 millones de euros el pasado ejercicio, un 5,4% menos que el a\u00f1o anterior. En el \u00faltimo quinquenio la cifra se eleva a 12.750 millones de euros.<\/p>\n<p>Estas empresas incorporaron a lo largo del a\u00f1o un total de 53 nuevos establecimientos, con una superficie de 173.750 metros cuadrados, con lo que al cierre del ejercicio sumaban 5.454 tiendas, de las que 4.629 se situaban en Espa\u00f1a.<\/p>\n<p>Anged destac\u00f3 que, en el actual contexto econ\u00f3mico \u00abdesfavorable\u00bb, con una ca\u00edda del consumo privado del 5,6%, la cifra de negocio de sus empresas registr\u00f3 una mejor evoluci\u00f3n que la del conjunto del sector minorista. Las ventas de Anged representan un 19,3% del total.<\/p>\n<p>En cuanto al empleo,<strong> el descenso registrado por las grandes empresas de distribuci\u00f3n, del 4,4%, tambi\u00e9n fue menor al del conjunto del comercio (-5,3%)<\/strong>. La patronal destac\u00f3 que la tasa de empleo indefinido en las empresas asociadas alcanza el 83,4%.<\/p>\n<p>De Mingo, apoyado por los vicepresidentes de Anged, Rafael Arias-Salgado (Carrefour) y Patrick Coignard (Alcampo), lament\u00f3 que la Administraci\u00f3n no haya valorado el \u00abesfuerzo\u00bb de la gran distribuci\u00f3n ante la crisis, al tiempo que critic\u00f3 que el actual marco normativo \u00abimpide el ejercicio de la iniciaci\u00f3n, constri\u00f1e la capacidad de crecimiento y expulsa del mercado a las empresas que quieren invertir\u00bb.<\/p>\n<h3>Reforma laboral en \u00abprofundidad\u00bb<\/h3>\n<p>\u00abLa sociedad espa\u00f1ola no merece una legislaci\u00f3n comercial como la que tenemos\u00bb, lament\u00f3 el presidente de Anged, quien, en un repaso a la situaci\u00f3n econ\u00f3mica internacional y nacional, advirti\u00f3 de la p\u00e9rdida de liderazgo de las grandes organizaciones rectoras de la econom\u00eda internacional, de manera que \u00absus mensajes dubitativos llevan a la sociedad global a la zozobra y la p\u00e9rdida de confianza\u00bb.<\/p>\n<p>En el panorama nacional, consider\u00f3 que existe un debilitamiento del entorno institucional y urgi\u00f3 a buscar un consenso sobre el modelo territorial. Adem\u00e1s, pidi\u00f3 una gesti\u00f3n \u00abrigurosa y austera\u00bb de las cuentas p\u00fablicas, finalizar el saneamiento del sistema financiero y acometer con urgencia una reforma laboral en \u00abprofundidad\u00bb, al tiempo que apost\u00f3 por un \u00abgran pacto\u00bb entre sociedad y Estado.<\/p>\n<p>Fuente: <a href=\"https:\/\/www.europapress.es\/economia\/noticia-grandes-superficies-reducen-ventas-crisis-20100708164419.html\" target=\"_blank\">Europa Press<\/a><\/p>\n","protected":false},"excerpt":{"rendered":"<p>Las compa\u00f1\u00edas integradas en la Asociaci\u00f3n Nacional de Grandes Empresas de Distribuci\u00f3n (Anged) facturaron 39.916 millones de euros<a class=\"moretag\" href=\"https:\/\/empresas.infoempleo.com\/hrtrends\/las-grandes-superficies-reducen-sus-ventas-un-5-por-la-crisis\/\"> Leer m\u00e1s<\/a><\/p>\n","protected":false},"author":72,"featured_media":29665,"comment_status":"closed","ping_status":"open","sticky":false,"template":"","format":"standard","meta":{"footnotes":""},"categories":[3],"tags":[623,2184,618,317],"class_list":["post-10528","post","type-post","status-publish","format-standard","has-post-thumbnail","hentry","category-actualidad","tag-anged","tag-centros-comerciales","tag-comercio","tag-distribucion"],"yoast_head":"<!-- This site is optimized with the Yoast SEO plugin v26.1.1 - https:\/\/yoast.com\/wordpress\/plugins\/seo\/ -->\n<title>Las grandes superficies reducen sus ventas un 5% por la crisis | HRTRENDS<\/title>\n<meta name=\"robots\" content=\"index, follow, max-snippet:-1, max-image-preview:large, max-video-preview:-1\" \/>\n<link rel=\"canonical\" href=\"https:\/\/empresas.infoempleo.com\/hrtrends\/las-grandes-superficies-reducen-sus-ventas-un-5-por-la-crisis\/\" \/>\n<meta property=\"og:locale\" content=\"es_ES\" \/>\n<meta property=\"og:type\" content=\"article\" \/>\n<meta property=\"og:title\" content=\"Las grandes superficies reducen sus ventas un 5% por la crisis | HRTRENDS\" \/>\n<meta property=\"og:description\" content=\"Las compa\u00f1\u00edas integradas en la Asociaci\u00f3n Nacional de Grandes Empresas de Distribuci\u00f3n (Anged) facturaron 39.916 millones de euros Leer m\u00e1s\" \/>\n<meta property=\"og:url\" content=\"https:\/\/empresas.infoempleo.com\/hrtrends\/las-grandes-superficies-reducen-sus-ventas-un-5-por-la-crisis\/\" \/>\n<meta property=\"og:site_name\" content=\"HRTRENDS\" \/>\n<meta property=\"article:publisher\" content=\"https:\/\/www.facebook.com\/Infoempleo\" \/>\n<meta property=\"article:published_time\" content=\"2010-07-09T07:16:29+00:00\" \/>\n<meta property=\"article:modified_time\" content=\"2018-05-23T15:38:09+00:00\" \/>\n<meta property=\"og:image\" content=\"https:\/\/empresas.infoempleo.com\/hrtrends\/media\/2017\/05\/pexels-photo-205508.jpg\" \/>\n\t<meta property=\"og:image:width\" content=\"1280\" \/>\n\t<meta property=\"og:image:height\" content=\"960\" \/>\n\t<meta property=\"og:image:type\" content=\"image\/jpeg\" \/>\n<meta name=\"author\" content=\"infoempleo\" \/>\n<meta name=\"twitter:card\" content=\"summary_large_image\" \/>\n<meta name=\"twitter:creator\" content=\"@infoempleo\" \/>\n<meta name=\"twitter:site\" content=\"@infoempleo\" \/>\n<meta name=\"twitter:label1\" content=\"Escrito por\" \/>\n\t<meta name=\"twitter:data1\" content=\"infoempleo\" \/>\n\t<meta name=\"twitter:label2\" content=\"Tiempo de lectura\" \/>\n\t<meta name=\"twitter:data2\" content=\"3 minutos\" \/>\n<script type=\"application\/ld+json\" class=\"yoast-schema-graph\">{\"@context\":\"https:\/\/schema.org\",\"@graph\":[{\"@type\":\"NewsArticle\",\"@id\":\"https:\/\/empresas.infoempleo.com\/hrtrends\/las-grandes-superficies-reducen-sus-ventas-un-5-por-la-crisis\/#article\",\"isPartOf\":{\"@id\":\"https:\/\/empresas.infoempleo.com\/hrtrends\/las-grandes-superficies-reducen-sus-ventas-un-5-por-la-crisis\/\"},\"author\":{\"name\":\"infoempleo\",\"@id\":\"https:\/\/empresas.infoempleo.com\/hrtrends\/#\/schema\/person\/67d3e276ffcc8b3ae0ebec816daf775a\"},\"headline\":\"Las grandes superficies reducen sus ventas un 5% por la crisis\",\"datePublished\":\"2010-07-09T07:16:29+00:00\",\"dateModified\":\"2018-05-23T15:38:09+00:00\",\"mainEntityOfPage\":{\"@id\":\"https:\/\/empresas.infoempleo.com\/hrtrends\/las-grandes-superficies-reducen-sus-ventas-un-5-por-la-crisis\/\"},\"wordCount\":515,\"publisher\":{\"@id\":\"https:\/\/empresas.infoempleo.com\/hrtrends\/#organization\"},\"image\":{\"@id\":\"https:\/\/empresas.infoempleo.com\/hrtrends\/las-grandes-superficies-reducen-sus-ventas-un-5-por-la-crisis\/#primaryimage\"},\"thumbnailUrl\":\"https:\/\/empresas.infoempleo.com\/hrtrends\/media\/2017\/05\/pexels-photo-205508.jpg\",\"keywords\":[\"ANGED\",\"centros comerciales\",\"comercio\",\"distribuci\u00f3n\"],\"articleSection\":[\"Actualidad\"],\"inLanguage\":\"es\",\"copyrightYear\":\"2010\",\"copyrightHolder\":{\"@id\":\"https:\/\/empresas.infoempleo.com\/hrtrends\/#organization\"}},{\"@type\":\"WebPage\",\"@id\":\"https:\/\/empresas.infoempleo.com\/hrtrends\/las-grandes-superficies-reducen-sus-ventas-un-5-por-la-crisis\/\",\"url\":\"https:\/\/empresas.infoempleo.com\/hrtrends\/las-grandes-superficies-reducen-sus-ventas-un-5-por-la-crisis\/\",\"name\":\"Las grandes superficies reducen sus ventas un 5% por la crisis | HRTRENDS\",\"isPartOf\":{\"@id\":\"https:\/\/empresas.infoempleo.com\/hrtrends\/#website\"},\"primaryImageOfPage\":{\"@id\":\"https:\/\/empresas.infoempleo.com\/hrtrends\/las-grandes-superficies-reducen-sus-ventas-un-5-por-la-crisis\/#primaryimage\"},\"image\":{\"@id\":\"https:\/\/empresas.infoempleo.com\/hrtrends\/las-grandes-superficies-reducen-sus-ventas-un-5-por-la-crisis\/#primaryimage\"},\"thumbnailUrl\":\"https:\/\/empresas.infoempleo.com\/hrtrends\/media\/2017\/05\/pexels-photo-205508.jpg\",\"datePublished\":\"2010-07-09T07:16:29+00:00\",\"dateModified\":\"2018-05-23T15:38:09+00:00\",\"breadcrumb\":{\"@id\":\"https:\/\/empresas.infoempleo.com\/hrtrends\/las-grandes-superficies-reducen-sus-ventas-un-5-por-la-crisis\/#breadcrumb\"},\"inLanguage\":\"es\",\"potentialAction\":[{\"@type\":\"ReadAction\",\"target\":[\"https:\/\/empresas.infoempleo.com\/hrtrends\/las-grandes-superficies-reducen-sus-ventas-un-5-por-la-crisis\/\"]}]},{\"@type\":\"ImageObject\",\"inLanguage\":\"es\",\"@id\":\"https:\/\/empresas.infoempleo.com\/hrtrends\/las-grandes-superficies-reducen-sus-ventas-un-5-por-la-crisis\/#primaryimage\",\"url\":\"https:\/\/empresas.infoempleo.com\/hrtrends\/media\/2017\/05\/pexels-photo-205508-150x150.jpg\",\"contentUrl\":\"https:\/\/empresas.infoempleo.com\/hrtrends\/media\/2017\/05\/pexels-photo-205508-150x150.jpg\",\"width\":150,\"height\":150},{\"@type\":\"BreadcrumbList\",\"@id\":\"https:\/\/empresas.infoempleo.com\/hrtrends\/las-grandes-superficies-reducen-sus-ventas-un-5-por-la-crisis\/#breadcrumb\",\"itemListElement\":[{\"@type\":\"ListItem\",\"position\":1,\"name\":\"Portada\",\"item\":\"https:\/\/empresas.infoempleo.com\/hrtrends\/\"},{\"@type\":\"ListItem\",\"position\":2,\"name\":\"Las grandes superficies reducen sus ventas un 5% por la crisis\"}]},{\"@type\":\"WebSite\",\"@id\":\"https:\/\/empresas.infoempleo.com\/hrtrends\/#website\",\"url\":\"https:\/\/empresas.infoempleo.com\/hrtrends\",\"name\":\"HRTrends by Infoempleo\",\"description\":\"\",\"publisher\":{\"@id\":\"https:\/\/empresas.infoempleo.com\/hrtrends\/#organization\"},\"potentialAction\":{\"@type\":\"SearchAction\",\"target\":\"https:\/\/empresas.infoempleo.com\/hrtrends\/?s={search_term_string}\",\"query-input\":\"required name=search_term_string\"},\"inLanguage\":\"es\"},{\"@type\":\"Organization\",\"@id\":\"https:\/\/empresas.infoempleo.com\/hrtrends\/#organization\",\"name\":\"Infoempleo\",\"url\":\"https:\/\/www.infoempleo.com\/\",\"logo\":{\"@type\":\"ImageObject\",\"@id\":\"https:\/\/empresas.infoempleo.com\/hrtrends\/#logo\",\"inLanguage\":\"es\",\"url\":\"https:\/\/cdnazure.infoempleo.com\/infoempleo\/assets\/style\/gfx\/logo.svg\",\"contentUrl\":\"https:\/\/cdnazure.infoempleo.com\/infoempleo\/assets\/style\/gfx\/logo.svg\",\"width\":150,\"height\":40,\"caption\":\"Infoempleo\"},\"image\":{\"@id\":\"https:\/\/empresas.infoempleo.com\/hrtrends\/#logo\"},\"sameAs\":[\"https:\/\/www.facebook.com\/Infoempleo\",\"https:\/\/x.com\/infoempleo\",\"http:\/\/instagram.com\/infoempleo\/\",\"http:\/\/www.linkedin.com\/groups\/Empleo-Espa\u00f1a-Infoempleocom-111276\",\"http:\/\/pinterest.com\/infoempleo\/\"],\"address\":{\"@type\":\"PostalAddress\",\"addressLocality\":\"Madrid\",\"postalCode\":\"28050\",\"streetAddress\":\"Avenida de Burgos 114\"},\"brand\":[\"Infoempleo\"]},{\"@type\":\"Person\",\"@id\":\"https:\/\/empresas.infoempleo.com\/hrtrends\/#\/schema\/person\/67d3e276ffcc8b3ae0ebec816daf775a\",\"name\":\"infoempleo\",\"image\":{\"@type\":\"ImageObject\",\"inLanguage\":\"es\",\"@id\":\"https:\/\/empresas.infoempleo.com\/hrtrends\/#\/schema\/person\/image\/\",\"url\":\"https:\/\/secure.gravatar.com\/avatar\/7b437777242fe67d2473c2a818da2344692d1ee91e91080ccffbd97bcd4a0975?s=96&d=mm&r=g\",\"contentUrl\":\"https:\/\/secure.gravatar.com\/avatar\/7b437777242fe67d2473c2a818da2344692d1ee91e91080ccffbd97bcd4a0975?s=96&d=mm&r=g\",\"caption\":\"infoempleo\"},\"url\":\"https:\/\/empresas.infoempleo.com\/hrtrends\/author\/infoempleo\/\"}]}<\/script>\n<!-- \/ Yoast SEO plugin. -->","yoast_head_json":{"title":"Las grandes superficies reducen sus ventas un 5% por la crisis | HRTRENDS","robots":{"index":"index","follow":"follow","max-snippet":"max-snippet:-1","max-image-preview":"max-image-preview:large","max-video-preview":"max-video-preview:-1"},"canonical":"https:\/\/empresas.infoempleo.com\/hrtrends\/las-grandes-superficies-reducen-sus-ventas-un-5-por-la-crisis\/","og_locale":"es_ES","og_type":"article","og_title":"Las grandes superficies reducen sus ventas un 5% por la crisis | HRTRENDS","og_description":"Las compa\u00f1\u00edas integradas en la Asociaci\u00f3n Nacional de Grandes Empresas de Distribuci\u00f3n (Anged) facturaron 39.916 millones de euros Leer m\u00e1s","og_url":"https:\/\/empresas.infoempleo.com\/hrtrends\/las-grandes-superficies-reducen-sus-ventas-un-5-por-la-crisis\/","og_site_name":"HRTRENDS","article_publisher":"https:\/\/www.facebook.com\/Infoempleo","article_published_time":"2010-07-09T07:16:29+00:00","article_modified_time":"2018-05-23T15:38:09+00:00","og_image":[{"width":1280,"height":960,"url":"https:\/\/empresas.infoempleo.com\/hrtrends\/media\/2017\/05\/pexels-photo-205508.jpg","type":"image\/jpeg"}],"author":"infoempleo","twitter_card":"summary_large_image","twitter_creator":"@infoempleo","twitter_site":"@infoempleo","twitter_misc":{"Escrito por":"infoempleo","Tiempo de lectura":"3 minutos"},"schema":{"@context":"https:\/\/schema.org","@graph":[{"@type":"NewsArticle","@id":"https:\/\/empresas.infoempleo.com\/hrtrends\/las-grandes-superficies-reducen-sus-ventas-un-5-por-la-crisis\/#article","isPartOf":{"@id":"https:\/\/empresas.infoempleo.com\/hrtrends\/las-grandes-superficies-reducen-sus-ventas-un-5-por-la-crisis\/"},"author":{"name":"infoempleo","@id":"https:\/\/empresas.infoempleo.com\/hrtrends\/#\/schema\/person\/67d3e276ffcc8b3ae0ebec816daf775a"},"headline":"Las grandes superficies reducen sus ventas un 5% por la crisis","datePublished":"2010-07-09T07:16:29+00:00","dateModified":"2018-05-23T15:38:09+00:00","mainEntityOfPage":{"@id":"https:\/\/empresas.infoempleo.com\/hrtrends\/las-grandes-superficies-reducen-sus-ventas-un-5-por-la-crisis\/"},"wordCount":515,"publisher":{"@id":"https:\/\/empresas.infoempleo.com\/hrtrends\/#organization"},"image":{"@id":"https:\/\/empresas.infoempleo.com\/hrtrends\/las-grandes-superficies-reducen-sus-ventas-un-5-por-la-crisis\/#primaryimage"},"thumbnailUrl":"https:\/\/empresas.infoempleo.com\/hrtrends\/media\/2017\/05\/pexels-photo-205508.jpg","keywords":["ANGED","centros comerciales","comercio","distribuci\u00f3n"],"articleSection":["Actualidad"],"inLanguage":"es","copyrightYear":"2010","copyrightHolder":{"@id":"https:\/\/empresas.infoempleo.com\/hrtrends\/#organization"}},{"@type":"WebPage","@id":"https:\/\/empresas.infoempleo.com\/hrtrends\/las-grandes-superficies-reducen-sus-ventas-un-5-por-la-crisis\/","url":"https:\/\/empresas.infoempleo.com\/hrtrends\/las-grandes-superficies-reducen-sus-ventas-un-5-por-la-crisis\/","name":"Las grandes superficies reducen sus ventas un 5% por la crisis | HRTRENDS","isPartOf":{"@id":"https:\/\/empresas.infoempleo.com\/hrtrends\/#website"},"primaryImageOfPage":{"@id":"https:\/\/empresas.infoempleo.com\/hrtrends\/las-grandes-superficies-reducen-sus-ventas-un-5-por-la-crisis\/#primaryimage"},"image":{"@id":"https:\/\/empresas.infoempleo.com\/hrtrends\/las-grandes-superficies-reducen-sus-ventas-un-5-por-la-crisis\/#primaryimage"},"thumbnailUrl":"https:\/\/empresas.infoempleo.com\/hrtrends\/media\/2017\/05\/pexels-photo-205508.jpg","datePublished":"2010-07-09T07:16:29+00:00","dateModified":"2018-05-23T15:38:09+00:00","breadcrumb":{"@id":"https:\/\/empresas.infoempleo.com\/hrtrends\/las-grandes-superficies-reducen-sus-ventas-un-5-por-la-crisis\/#breadcrumb"},"inLanguage":"es","potentialAction":[{"@type":"ReadAction","target":["https:\/\/empresas.infoempleo.com\/hrtrends\/las-grandes-superficies-reducen-sus-ventas-un-5-por-la-crisis\/"]}]},{"@type":"ImageObject","inLanguage":"es","@id":"https:\/\/empresas.infoempleo.com\/hrtrends\/las-grandes-superficies-reducen-sus-ventas-un-5-por-la-crisis\/#primaryimage","url":"https:\/\/empresas.infoempleo.com\/hrtrends\/media\/2017\/05\/pexels-photo-205508-150x150.jpg","contentUrl":"https:\/\/empresas.infoempleo.com\/hrtrends\/media\/2017\/05\/pexels-photo-205508-150x150.jpg","width":150,"height":150},{"@type":"BreadcrumbList","@id":"https:\/\/empresas.infoempleo.com\/hrtrends\/las-grandes-superficies-reducen-sus-ventas-un-5-por-la-crisis\/#breadcrumb","itemListElement":[{"@type":"ListItem","position":1,"name":"Portada","item":"https:\/\/empresas.infoempleo.com\/hrtrends\/"},{"@type":"ListItem","position":2,"name":"Las grandes superficies reducen sus ventas un 5% por la crisis"}]},{"@type":"WebSite","@id":"https:\/\/empresas.infoempleo.com\/hrtrends\/#website","url":"https:\/\/empresas.infoempleo.com\/hrtrends","name":"HRTrends by Infoempleo","description":"","publisher":{"@id":"https:\/\/empresas.infoempleo.com\/hrtrends\/#organization"},"potentialAction":{"@type":"SearchAction","target":"https:\/\/empresas.infoempleo.com\/hrtrends\/?s={search_term_string}","query-input":"required name=search_term_string"},"inLanguage":"es"},{"@type":"Organization","@id":"https:\/\/empresas.infoempleo.com\/hrtrends\/#organization","name":"Infoempleo","url":"https:\/\/www.infoempleo.com\/","logo":{"@type":"ImageObject","@id":"https:\/\/empresas.infoempleo.com\/hrtrends\/#logo","inLanguage":"es","url":"https:\/\/cdnazure.infoempleo.com\/infoempleo\/assets\/style\/gfx\/logo.svg","contentUrl":"https:\/\/cdnazure.infoempleo.com\/infoempleo\/assets\/style\/gfx\/logo.svg","width":150,"height":40,"caption":"Infoempleo"},"image":{"@id":"https:\/\/empresas.infoempleo.com\/hrtrends\/#logo"},"sameAs":["https:\/\/www.facebook.com\/Infoempleo","https:\/\/x.com\/infoempleo","http:\/\/instagram.com\/infoempleo\/","http:\/\/www.linkedin.com\/groups\/Empleo-Espa\u00f1a-Infoempleocom-111276","http:\/\/pinterest.com\/infoempleo\/"],"address":{"@type":"PostalAddress","addressLocality":"Madrid","postalCode":"28050","streetAddress":"Avenida de Burgos 114"},"brand":["Infoempleo"]},{"@type":"Person","@id":"https:\/\/empresas.infoempleo.com\/hrtrends\/#\/schema\/person\/67d3e276ffcc8b3ae0ebec816daf775a","name":"infoempleo","image":{"@type":"ImageObject","inLanguage":"es","@id":"https:\/\/empresas.infoempleo.com\/hrtrends\/#\/schema\/person\/image\/","url":"https:\/\/secure.gravatar.com\/avatar\/7b437777242fe67d2473c2a818da2344692d1ee91e91080ccffbd97bcd4a0975?s=96&d=mm&r=g","contentUrl":"https:\/\/secure.gravatar.com\/avatar\/7b437777242fe67d2473c2a818da2344692d1ee91e91080ccffbd97bcd4a0975?s=96&d=mm&r=g","caption":"infoempleo"},"url":"https:\/\/empresas.infoempleo.com\/hrtrends\/author\/infoempleo\/"}]}},"amp_enabled":true,"_links":{"self":[{"href":"https:\/\/empresas.infoempleo.com\/hrtrends\/wp-json\/wp\/v2\/posts\/10528","targetHints":{"allow":["GET"]}}],"collection":[{"href":"https:\/\/empresas.infoempleo.com\/hrtrends\/wp-json\/wp\/v2\/posts"}],"about":[{"href":"https:\/\/empresas.infoempleo.com\/hrtrends\/wp-json\/wp\/v2\/types\/post"}],"author":[{"embeddable":true,"href":"https:\/\/empresas.infoempleo.com\/hrtrends\/wp-json\/wp\/v2\/users\/72"}],"replies":[{"embeddable":true,"href":"https:\/\/empresas.infoempleo.com\/hrtrends\/wp-json\/wp\/v2\/comments?post=10528"}],"version-history":[{"count":0,"href":"https:\/\/empresas.infoempleo.com\/hrtrends\/wp-json\/wp\/v2\/posts\/10528\/revisions"}],"wp:featuredmedia":[{"embeddable":true,"href":"https:\/\/empresas.infoempleo.com\/hrtrends\/wp-json\/wp\/v2\/media\/29665"}],"wp:attachment":[{"href":"https:\/\/empresas.infoempleo.com\/hrtrends\/wp-json\/wp\/v2\/media?parent=10528"}],"wp:term":[{"taxonomy":"category","embeddable":true,"href":"https:\/\/empresas.infoempleo.com\/hrtrends\/wp-json\/wp\/v2\/categories?post=10528"},{"taxonomy":"post_tag","embeddable":true,"href":"https:\/\/empresas.infoempleo.com\/hrtrends\/wp-json\/wp\/v2\/tags?post=10528"}],"curies":[{"name":"wp","href":"https:\/\/api.w.org\/{rel}","templated":true}]}}