{"id":10498,"date":"2010-07-12T09:51:29","date_gmt":"2010-07-12T08:51:29","guid":{"rendered":"http:\/\/blog.infoempleo.com\/?p=10498"},"modified":"2023-02-03T15:06:37","modified_gmt":"2023-02-03T13:06:37","slug":"el-pc-de-sobremesa-ya-es-historia-en-el-mundo-empresarial","status":"publish","type":"post","link":"https:\/\/empresas.infoempleo.com\/hrtrends\/el-pc-de-sobremesa-ya-es-historia-en-el-mundo-empresarial\/","title":{"rendered":"El PC de sobremesa ya es historia en el mundo empresarial"},"content":{"rendered":"<p><img loading=\"lazy\" decoding=\"async\" class=\"alignnone size-full wp-image-10497\" src=\"https:\/\/empresas.infoempleo.com\/hrtrends\/media\/2010\/07\/Opinion21.jpg\" alt=\"Cristina Mateos\" width=\"112\" height=\"137\" \/><\/p>\n<p><strong>Por Cristina Mateos, directora de Canal de NEC IT Platform Solutions en Espa\u00f1a y Portugal<\/strong><\/p>\n<p>Recordaremos 2010 como el a\u00f1o en el que el PC virtualizado despegar\u00e1 definitivamente. As\u00ed lo aseguran los informes de diversos analistas de las Tecnolog\u00edas de la Informaci\u00f3n y las Comunicaciones.<strong> En los \u00faltimos a\u00f1os hemos visto muchos casos de \u00e9xito relacionados con la virtualizaci\u00f3n del servidor, pero la aplicaci\u00f3n de esta tecnolog\u00eda al escritorio parec\u00eda ralentizada<\/strong> y se estaba haciendo de rogar a pesar de las m\u00faltiples ventajas que lleva asociada esta soluci\u00f3n: facilidad de gesti\u00f3n, reducci\u00f3n de costes, flexibilidad, movilidad, eficiencia energ\u00e9tica o aumento de la seguridad, entre otras.<\/p>\n<p>El hecho de que todav\u00eda no se hubiera producido la eclosi\u00f3n de la virtualizaci\u00f3n aplicada al puesto de trabajo podr\u00eda deberse a que, <strong>hasta ahora, no exist\u00eda una tecnolog\u00eda lo suficientemente avanzada y asequible que permitiera que la experiencia del usuario final fuera lo m\u00e1s parecida a manejar un PC f\u00edsico.<\/strong> Sin embargo, hoy en d\u00eda ya se ofrecen respuestas, no s\u00f3lo a los usuarios que realizan tareas b\u00e1sicas, sino tambi\u00e9n a aquellos que requieren un perfil m\u00e1s complejo con acceso a todo tipo de aplicaciones y dispositivos.<\/p>\n<p>Dos de los principales inconvenientes que presentaba hasta ahora la arquitectura VDI (Virtual Desktop Infrastructure), y que imped\u00edan considerarla como la aut\u00e9ntica sustituta de los actuales puestos de trabajo, eran la pobre experiencia en entornos multimedia, con una calidad de reproducci\u00f3n de v\u00eddeo y sonido inferior a la de un PC f\u00edsico, y la falta de integraci\u00f3n de sistemas de telefon\u00eda de Voz sobre IP (VoIP) en el escritorio virtual. <strong>En la actualidad, ya encontramos soluciones de Cliente Ligero (Thin Client) que poseen la capacidad de procesar gr\u00e1ficos de alta resoluci\u00f3n, v\u00eddeo o sonido<\/strong> como, por ejemplo, los sistemas que incorporan aceleradores multimedia que decodifican y gestionan el contenido multimedia en el terminal cliente en lugar de realizarlo en el servidor. Asimismo, este tipo de soluci\u00f3n permite la gesti\u00f3n de servicios de telefon\u00eda de Voz sobre IP de alta calidad, siendo ya posible que la extensi\u00f3n de tel\u00e9fono se mueva con el usuario dondequiera que \u00e9ste abra su sesi\u00f3n.<\/p>\n<p>Analistas como Gartner estiman que <strong>el n\u00famero de PCs virtualizados en 2011 estar\u00e1 en torno a los 660 millones<\/strong> y, dado el auge que las tecnolog\u00edas de \u201ccloud computing\u201d est\u00e1n experimentando, Gartner pronostica a su vez que la virtualizaci\u00f3n del escritorio como un servicio (DaaS \u2013 Desktop as a Service) har\u00e1 que aumente el mercado de este tipo de escritorio virtual (HVD \u2013 Hosted Virtual Desktop) hasta alcanzar los 49 millones de unidades en 2013 y un volumen de negocio cercano a los 65,7 billones de d\u00f3lares (el 40% del mercado mundial del PC profesional).<\/p>\n<p><strong>Sin duda estamos entrando en un momento de cambio significativo del puesto de trabajo tal y como se conoc\u00eda hasta ahora.<\/strong> El entorno econ\u00f3mico actual hace que la reducci\u00f3n de costes sea una de las principales prioridades de las empresas y el PC virtual se presenta como la soluci\u00f3n id\u00f3nea ante el enorme gasto que normalmente implica gestionar todo un parque de PCs f\u00edsicos (costes de despliegue de los equipos, administraci\u00f3n, soporte y helpdesk, consumo energ\u00e9tico, seguridad,\u2026). Adem\u00e1s, <strong>estamos en la era de las tecnolog\u00edas 3G y 4G, de la movilidad, donde se necesita que cualquier dato, voz, sonido o imagen se pueda transferir en cualquier momento y a cualquier lugar y dispositivo. Nuestro puesto de trabajo debe moverse con nosotros\u2026<\/strong><\/p>\n<p>Los elementos que componen una soluci\u00f3n de escritorio virtual de las caracter\u00edsticas que estamos mencionando ser\u00edan los siguientes:<\/p>\n<p>\u2022 <strong>Servidores en el Centro de Datos en los que se instala una capa de virtualizaci\u00f3n<\/strong> para permitir que cada usuario de un PC virtual acceda a su propio entorno alojado en el servidor como una m\u00e1quina virtual. Los datos del usuario se almacenan en los discos del servidor o en sistemas externos NAS o SAN.<\/p>\n<p>\u2022 <strong>Servidor de administraci\u00f3n para gestionar y monitorizar los servidores virtualizados<\/strong>, guardar las plantillas de los PCs virtuales, proporcionar alta disponibilidad, desplegar actualizaciones y parches, establecer pol\u00edticas de seguridad \u2026<\/p>\n<p>\u2022 <strong>Clientes Ligeros con capacidad multimedia y de integraci\u00f3n con sistemas de telefon\u00eda VoIP de alta calidad<\/strong> y que pueden decodificar los archivos de audio y v\u00eddeo en el propio terminal permitiendo que los contenidos multimedia viajen desde el servidor utilizando los actuales anchos de banda.<\/p>\n<p>\u2022 Opcionalmente, un servidor de telefon\u00eda IP para soportar Voz sobre IP (VoIP)<\/p>\n<p><strong>Estas nuevas soluciones van unidas a la consolidaci\u00f3n de servidores y almacenamiento, a la implantaci\u00f3n de unas comunicaciones adecuadas y a la capacidad de manejar estos entornos virtualizados<\/strong> mediante unas adecuadas herramientas de gesti\u00f3n que permitan administrar, de una manera sencilla y eficaz, toda la infraestructura f\u00edsica y virtual.<\/p>\n<p>Proveedores como NEC estamos ya preparados para dar respuesta a todas estas necesidades, por lo que podemos afirmar que la virtualizaci\u00f3n ya se puede aplicar a todos los niveles, incluyendo el puesto de trabajo.<\/p>\n","protected":false},"excerpt":{"rendered":"<p>Por Cristina Mateos, directora de Canal de NEC IT Platform Solutions en Espa\u00f1a y Portugal Recordaremos 2010 como<a class=\"moretag\" href=\"https:\/\/empresas.infoempleo.com\/hrtrends\/el-pc-de-sobremesa-ya-es-historia-en-el-mundo-empresarial\/\"> Leer m\u00e1s<\/a><\/p>\n","protected":false},"author":72,"featured_media":29665,"comment_status":"closed","ping_status":"open","sticky":false,"template":"","format":"standard","meta":{"footnotes":""},"categories":[3],"tags":[1933,2171,2172,2173,365,2174,2175,2176,2177,727,2178],"class_list":["post-10498","post","type-post","status-publish","format-standard","has-post-thumbnail","hentry","category-actualidad","tag-cloud-computing","tag-cristina-mateos","tag-multimedia","tag-nec","tag-opinion","tag-ordenador","tag-pc","tag-servidor","tag-telefonia-voip","tag-tic","tag-virtualizacion"],"yoast_head":"<!-- This site is optimized with the Yoast SEO plugin v26.1.1 - https:\/\/yoast.com\/wordpress\/plugins\/seo\/ -->\n<title>El PC de sobremesa ya es historia en el mundo empresarial | HRTRENDS<\/title>\n<meta name=\"robots\" content=\"index, follow, max-snippet:-1, max-image-preview:large, max-video-preview:-1\" \/>\n<link rel=\"canonical\" href=\"https:\/\/empresas.infoempleo.com\/hrtrends\/el-pc-de-sobremesa-ya-es-historia-en-el-mundo-empresarial\/\" \/>\n<meta property=\"og:locale\" content=\"es_ES\" \/>\n<meta property=\"og:type\" content=\"article\" \/>\n<meta property=\"og:title\" content=\"El PC de sobremesa ya es historia en el mundo empresarial | HRTRENDS\" \/>\n<meta property=\"og:description\" content=\"Por Cristina Mateos, directora de Canal de NEC IT Platform Solutions en Espa\u00f1a y Portugal Recordaremos 2010 como Leer m\u00e1s\" \/>\n<meta property=\"og:url\" content=\"https:\/\/empresas.infoempleo.com\/hrtrends\/el-pc-de-sobremesa-ya-es-historia-en-el-mundo-empresarial\/\" \/>\n<meta property=\"og:site_name\" content=\"HRTRENDS\" \/>\n<meta property=\"article:publisher\" content=\"https:\/\/www.facebook.com\/Infoempleo\" \/>\n<meta property=\"article:published_time\" content=\"2010-07-12T08:51:29+00:00\" \/>\n<meta property=\"article:modified_time\" content=\"2023-02-03T13:06:37+00:00\" \/>\n<meta property=\"og:image\" content=\"https:\/\/empresas.infoempleo.com\/hrtrends\/media\/2017\/05\/pexels-photo-205508.jpg\" \/>\n\t<meta property=\"og:image:width\" content=\"1280\" \/>\n\t<meta property=\"og:image:height\" content=\"960\" \/>\n\t<meta property=\"og:image:type\" content=\"image\/jpeg\" \/>\n<meta name=\"author\" content=\"infoempleo\" \/>\n<meta name=\"twitter:card\" content=\"summary_large_image\" \/>\n<meta name=\"twitter:creator\" content=\"@infoempleo\" \/>\n<meta name=\"twitter:site\" content=\"@infoempleo\" \/>\n<meta name=\"twitter:label1\" content=\"Escrito por\" \/>\n\t<meta name=\"twitter:data1\" content=\"infoempleo\" \/>\n\t<meta name=\"twitter:label2\" content=\"Tiempo de lectura\" \/>\n\t<meta name=\"twitter:data2\" content=\"4 minutos\" \/>\n<script type=\"application\/ld+json\" class=\"yoast-schema-graph\">{\"@context\":\"https:\/\/schema.org\",\"@graph\":[{\"@type\":\"NewsArticle\",\"@id\":\"https:\/\/empresas.infoempleo.com\/hrtrends\/el-pc-de-sobremesa-ya-es-historia-en-el-mundo-empresarial\/#article\",\"isPartOf\":{\"@id\":\"https:\/\/empresas.infoempleo.com\/hrtrends\/el-pc-de-sobremesa-ya-es-historia-en-el-mundo-empresarial\/\"},\"author\":{\"name\":\"infoempleo\",\"@id\":\"https:\/\/empresas.infoempleo.com\/hrtrends\/#\/schema\/person\/67d3e276ffcc8b3ae0ebec816daf775a\"},\"headline\":\"El PC de sobremesa ya es historia en el mundo empresarial\",\"datePublished\":\"2010-07-12T08:51:29+00:00\",\"dateModified\":\"2023-02-03T13:06:37+00:00\",\"mainEntityOfPage\":{\"@id\":\"https:\/\/empresas.infoempleo.com\/hrtrends\/el-pc-de-sobremesa-ya-es-historia-en-el-mundo-empresarial\/\"},\"wordCount\":885,\"publisher\":{\"@id\":\"https:\/\/empresas.infoempleo.com\/hrtrends\/#organization\"},\"image\":{\"@id\":\"https:\/\/empresas.infoempleo.com\/hrtrends\/el-pc-de-sobremesa-ya-es-historia-en-el-mundo-empresarial\/#primaryimage\"},\"thumbnailUrl\":\"https:\/\/empresas.infoempleo.com\/hrtrends\/media\/2017\/05\/pexels-photo-205508.jpg\",\"keywords\":[\"Cloud Computing\",\"Cristina Mateos\",\"multimedia\",\"NEC\",\"Opini\u00f3n\",\"ordenador\",\"PC\",\"servidor\",\"telefon\u00eda VoIP\",\"tic\",\"virtualizaci\u00f3n\"],\"articleSection\":[\"Actualidad\"],\"inLanguage\":\"es\",\"copyrightYear\":\"2010\",\"copyrightHolder\":{\"@id\":\"https:\/\/empresas.infoempleo.com\/hrtrends\/#organization\"}},{\"@type\":\"WebPage\",\"@id\":\"https:\/\/empresas.infoempleo.com\/hrtrends\/el-pc-de-sobremesa-ya-es-historia-en-el-mundo-empresarial\/\",\"url\":\"https:\/\/empresas.infoempleo.com\/hrtrends\/el-pc-de-sobremesa-ya-es-historia-en-el-mundo-empresarial\/\",\"name\":\"El PC de sobremesa ya es historia en el mundo empresarial | HRTRENDS\",\"isPartOf\":{\"@id\":\"https:\/\/empresas.infoempleo.com\/hrtrends\/#website\"},\"primaryImageOfPage\":{\"@id\":\"https:\/\/empresas.infoempleo.com\/hrtrends\/el-pc-de-sobremesa-ya-es-historia-en-el-mundo-empresarial\/#primaryimage\"},\"image\":{\"@id\":\"https:\/\/empresas.infoempleo.com\/hrtrends\/el-pc-de-sobremesa-ya-es-historia-en-el-mundo-empresarial\/#primaryimage\"},\"thumbnailUrl\":\"https:\/\/empresas.infoempleo.com\/hrtrends\/media\/2017\/05\/pexels-photo-205508.jpg\",\"datePublished\":\"2010-07-12T08:51:29+00:00\",\"dateModified\":\"2023-02-03T13:06:37+00:00\",\"breadcrumb\":{\"@id\":\"https:\/\/empresas.infoempleo.com\/hrtrends\/el-pc-de-sobremesa-ya-es-historia-en-el-mundo-empresarial\/#breadcrumb\"},\"inLanguage\":\"es\",\"potentialAction\":[{\"@type\":\"ReadAction\",\"target\":[\"https:\/\/empresas.infoempleo.com\/hrtrends\/el-pc-de-sobremesa-ya-es-historia-en-el-mundo-empresarial\/\"]}]},{\"@type\":\"ImageObject\",\"inLanguage\":\"es\",\"@id\":\"https:\/\/empresas.infoempleo.com\/hrtrends\/el-pc-de-sobremesa-ya-es-historia-en-el-mundo-empresarial\/#primaryimage\",\"url\":\"https:\/\/empresas.infoempleo.com\/hrtrends\/media\/2017\/05\/pexels-photo-205508-150x150.jpg\",\"contentUrl\":\"https:\/\/empresas.infoempleo.com\/hrtrends\/media\/2017\/05\/pexels-photo-205508-150x150.jpg\",\"width\":150,\"height\":150},{\"@type\":\"BreadcrumbList\",\"@id\":\"https:\/\/empresas.infoempleo.com\/hrtrends\/el-pc-de-sobremesa-ya-es-historia-en-el-mundo-empresarial\/#breadcrumb\",\"itemListElement\":[{\"@type\":\"ListItem\",\"position\":1,\"name\":\"Portada\",\"item\":\"https:\/\/empresas.infoempleo.com\/hrtrends\/\"},{\"@type\":\"ListItem\",\"position\":2,\"name\":\"El PC de sobremesa ya es historia en el mundo empresarial\"}]},{\"@type\":\"WebSite\",\"@id\":\"https:\/\/empresas.infoempleo.com\/hrtrends\/#website\",\"url\":\"https:\/\/empresas.infoempleo.com\/hrtrends\",\"name\":\"HRTrends by Infoempleo\",\"description\":\"\",\"publisher\":{\"@id\":\"https:\/\/empresas.infoempleo.com\/hrtrends\/#organization\"},\"potentialAction\":{\"@type\":\"SearchAction\",\"target\":\"https:\/\/empresas.infoempleo.com\/hrtrends\/?s={search_term_string}\",\"query-input\":\"required name=search_term_string\"},\"inLanguage\":\"es\"},{\"@type\":\"Organization\",\"@id\":\"https:\/\/empresas.infoempleo.com\/hrtrends\/#organization\",\"name\":\"Infoempleo\",\"url\":\"https:\/\/www.infoempleo.com\/\",\"logo\":{\"@type\":\"ImageObject\",\"@id\":\"https:\/\/empresas.infoempleo.com\/hrtrends\/#logo\",\"inLanguage\":\"es\",\"url\":\"https:\/\/cdnazure.infoempleo.com\/infoempleo\/assets\/style\/gfx\/logo.svg\",\"contentUrl\":\"https:\/\/cdnazure.infoempleo.com\/infoempleo\/assets\/style\/gfx\/logo.svg\",\"width\":150,\"height\":40,\"caption\":\"Infoempleo\"},\"image\":{\"@id\":\"https:\/\/empresas.infoempleo.com\/hrtrends\/#logo\"},\"sameAs\":[\"https:\/\/www.facebook.com\/Infoempleo\",\"https:\/\/x.com\/infoempleo\",\"http:\/\/instagram.com\/infoempleo\/\",\"http:\/\/www.linkedin.com\/groups\/Empleo-Espa\u00f1a-Infoempleocom-111276\",\"http:\/\/pinterest.com\/infoempleo\/\"],\"address\":{\"@type\":\"PostalAddress\",\"addressLocality\":\"Madrid\",\"postalCode\":\"28050\",\"streetAddress\":\"Avenida de Burgos 114\"},\"brand\":[\"Infoempleo\"]},{\"@type\":\"Person\",\"@id\":\"https:\/\/empresas.infoempleo.com\/hrtrends\/#\/schema\/person\/67d3e276ffcc8b3ae0ebec816daf775a\",\"name\":\"infoempleo\",\"image\":{\"@type\":\"ImageObject\",\"inLanguage\":\"es\",\"@id\":\"https:\/\/empresas.infoempleo.com\/hrtrends\/#\/schema\/person\/image\/\",\"url\":\"https:\/\/secure.gravatar.com\/avatar\/7b437777242fe67d2473c2a818da2344692d1ee91e91080ccffbd97bcd4a0975?s=96&d=mm&r=g\",\"contentUrl\":\"https:\/\/secure.gravatar.com\/avatar\/7b437777242fe67d2473c2a818da2344692d1ee91e91080ccffbd97bcd4a0975?s=96&d=mm&r=g\",\"caption\":\"infoempleo\"},\"url\":\"https:\/\/empresas.infoempleo.com\/hrtrends\/author\/infoempleo\/\"}]}<\/script>\n<!-- \/ Yoast SEO plugin. -->","yoast_head_json":{"title":"El PC de sobremesa ya es historia en el mundo empresarial | HRTRENDS","robots":{"index":"index","follow":"follow","max-snippet":"max-snippet:-1","max-image-preview":"max-image-preview:large","max-video-preview":"max-video-preview:-1"},"canonical":"https:\/\/empresas.infoempleo.com\/hrtrends\/el-pc-de-sobremesa-ya-es-historia-en-el-mundo-empresarial\/","og_locale":"es_ES","og_type":"article","og_title":"El PC de sobremesa ya es historia en el mundo empresarial | HRTRENDS","og_description":"Por Cristina Mateos, directora de Canal de NEC IT Platform Solutions en Espa\u00f1a y Portugal Recordaremos 2010 como Leer m\u00e1s","og_url":"https:\/\/empresas.infoempleo.com\/hrtrends\/el-pc-de-sobremesa-ya-es-historia-en-el-mundo-empresarial\/","og_site_name":"HRTRENDS","article_publisher":"https:\/\/www.facebook.com\/Infoempleo","article_published_time":"2010-07-12T08:51:29+00:00","article_modified_time":"2023-02-03T13:06:37+00:00","og_image":[{"width":1280,"height":960,"url":"https:\/\/empresas.infoempleo.com\/hrtrends\/media\/2017\/05\/pexels-photo-205508.jpg","type":"image\/jpeg"}],"author":"infoempleo","twitter_card":"summary_large_image","twitter_creator":"@infoempleo","twitter_site":"@infoempleo","twitter_misc":{"Escrito por":"infoempleo","Tiempo de lectura":"4 minutos"},"schema":{"@context":"https:\/\/schema.org","@graph":[{"@type":"NewsArticle","@id":"https:\/\/empresas.infoempleo.com\/hrtrends\/el-pc-de-sobremesa-ya-es-historia-en-el-mundo-empresarial\/#article","isPartOf":{"@id":"https:\/\/empresas.infoempleo.com\/hrtrends\/el-pc-de-sobremesa-ya-es-historia-en-el-mundo-empresarial\/"},"author":{"name":"infoempleo","@id":"https:\/\/empresas.infoempleo.com\/hrtrends\/#\/schema\/person\/67d3e276ffcc8b3ae0ebec816daf775a"},"headline":"El PC de sobremesa ya es historia en el mundo empresarial","datePublished":"2010-07-12T08:51:29+00:00","dateModified":"2023-02-03T13:06:37+00:00","mainEntityOfPage":{"@id":"https:\/\/empresas.infoempleo.com\/hrtrends\/el-pc-de-sobremesa-ya-es-historia-en-el-mundo-empresarial\/"},"wordCount":885,"publisher":{"@id":"https:\/\/empresas.infoempleo.com\/hrtrends\/#organization"},"image":{"@id":"https:\/\/empresas.infoempleo.com\/hrtrends\/el-pc-de-sobremesa-ya-es-historia-en-el-mundo-empresarial\/#primaryimage"},"thumbnailUrl":"https:\/\/empresas.infoempleo.com\/hrtrends\/media\/2017\/05\/pexels-photo-205508.jpg","keywords":["Cloud Computing","Cristina Mateos","multimedia","NEC","Opini\u00f3n","ordenador","PC","servidor","telefon\u00eda VoIP","tic","virtualizaci\u00f3n"],"articleSection":["Actualidad"],"inLanguage":"es","copyrightYear":"2010","copyrightHolder":{"@id":"https:\/\/empresas.infoempleo.com\/hrtrends\/#organization"}},{"@type":"WebPage","@id":"https:\/\/empresas.infoempleo.com\/hrtrends\/el-pc-de-sobremesa-ya-es-historia-en-el-mundo-empresarial\/","url":"https:\/\/empresas.infoempleo.com\/hrtrends\/el-pc-de-sobremesa-ya-es-historia-en-el-mundo-empresarial\/","name":"El PC de sobremesa ya es historia en el mundo empresarial | HRTRENDS","isPartOf":{"@id":"https:\/\/empresas.infoempleo.com\/hrtrends\/#website"},"primaryImageOfPage":{"@id":"https:\/\/empresas.infoempleo.com\/hrtrends\/el-pc-de-sobremesa-ya-es-historia-en-el-mundo-empresarial\/#primaryimage"},"image":{"@id":"https:\/\/empresas.infoempleo.com\/hrtrends\/el-pc-de-sobremesa-ya-es-historia-en-el-mundo-empresarial\/#primaryimage"},"thumbnailUrl":"https:\/\/empresas.infoempleo.com\/hrtrends\/media\/2017\/05\/pexels-photo-205508.jpg","datePublished":"2010-07-12T08:51:29+00:00","dateModified":"2023-02-03T13:06:37+00:00","breadcrumb":{"@id":"https:\/\/empresas.infoempleo.com\/hrtrends\/el-pc-de-sobremesa-ya-es-historia-en-el-mundo-empresarial\/#breadcrumb"},"inLanguage":"es","potentialAction":[{"@type":"ReadAction","target":["https:\/\/empresas.infoempleo.com\/hrtrends\/el-pc-de-sobremesa-ya-es-historia-en-el-mundo-empresarial\/"]}]},{"@type":"ImageObject","inLanguage":"es","@id":"https:\/\/empresas.infoempleo.com\/hrtrends\/el-pc-de-sobremesa-ya-es-historia-en-el-mundo-empresarial\/#primaryimage","url":"https:\/\/empresas.infoempleo.com\/hrtrends\/media\/2017\/05\/pexels-photo-205508-150x150.jpg","contentUrl":"https:\/\/empresas.infoempleo.com\/hrtrends\/media\/2017\/05\/pexels-photo-205508-150x150.jpg","width":150,"height":150},{"@type":"BreadcrumbList","@id":"https:\/\/empresas.infoempleo.com\/hrtrends\/el-pc-de-sobremesa-ya-es-historia-en-el-mundo-empresarial\/#breadcrumb","itemListElement":[{"@type":"ListItem","position":1,"name":"Portada","item":"https:\/\/empresas.infoempleo.com\/hrtrends\/"},{"@type":"ListItem","position":2,"name":"El PC de sobremesa ya es historia en el mundo empresarial"}]},{"@type":"WebSite","@id":"https:\/\/empresas.infoempleo.com\/hrtrends\/#website","url":"https:\/\/empresas.infoempleo.com\/hrtrends","name":"HRTrends by Infoempleo","description":"","publisher":{"@id":"https:\/\/empresas.infoempleo.com\/hrtrends\/#organization"},"potentialAction":{"@type":"SearchAction","target":"https:\/\/empresas.infoempleo.com\/hrtrends\/?s={search_term_string}","query-input":"required name=search_term_string"},"inLanguage":"es"},{"@type":"Organization","@id":"https:\/\/empresas.infoempleo.com\/hrtrends\/#organization","name":"Infoempleo","url":"https:\/\/www.infoempleo.com\/","logo":{"@type":"ImageObject","@id":"https:\/\/empresas.infoempleo.com\/hrtrends\/#logo","inLanguage":"es","url":"https:\/\/cdnazure.infoempleo.com\/infoempleo\/assets\/style\/gfx\/logo.svg","contentUrl":"https:\/\/cdnazure.infoempleo.com\/infoempleo\/assets\/style\/gfx\/logo.svg","width":150,"height":40,"caption":"Infoempleo"},"image":{"@id":"https:\/\/empresas.infoempleo.com\/hrtrends\/#logo"},"sameAs":["https:\/\/www.facebook.com\/Infoempleo","https:\/\/x.com\/infoempleo","http:\/\/instagram.com\/infoempleo\/","http:\/\/www.linkedin.com\/groups\/Empleo-Espa\u00f1a-Infoempleocom-111276","http:\/\/pinterest.com\/infoempleo\/"],"address":{"@type":"PostalAddress","addressLocality":"Madrid","postalCode":"28050","streetAddress":"Avenida de Burgos 114"},"brand":["Infoempleo"]},{"@type":"Person","@id":"https:\/\/empresas.infoempleo.com\/hrtrends\/#\/schema\/person\/67d3e276ffcc8b3ae0ebec816daf775a","name":"infoempleo","image":{"@type":"ImageObject","inLanguage":"es","@id":"https:\/\/empresas.infoempleo.com\/hrtrends\/#\/schema\/person\/image\/","url":"https:\/\/secure.gravatar.com\/avatar\/7b437777242fe67d2473c2a818da2344692d1ee91e91080ccffbd97bcd4a0975?s=96&d=mm&r=g","contentUrl":"https:\/\/secure.gravatar.com\/avatar\/7b437777242fe67d2473c2a818da2344692d1ee91e91080ccffbd97bcd4a0975?s=96&d=mm&r=g","caption":"infoempleo"},"url":"https:\/\/empresas.infoempleo.com\/hrtrends\/author\/infoempleo\/"}]}},"amp_enabled":true,"_links":{"self":[{"href":"https:\/\/empresas.infoempleo.com\/hrtrends\/wp-json\/wp\/v2\/posts\/10498","targetHints":{"allow":["GET"]}}],"collection":[{"href":"https:\/\/empresas.infoempleo.com\/hrtrends\/wp-json\/wp\/v2\/posts"}],"about":[{"href":"https:\/\/empresas.infoempleo.com\/hrtrends\/wp-json\/wp\/v2\/types\/post"}],"author":[{"embeddable":true,"href":"https:\/\/empresas.infoempleo.com\/hrtrends\/wp-json\/wp\/v2\/users\/72"}],"replies":[{"embeddable":true,"href":"https:\/\/empresas.infoempleo.com\/hrtrends\/wp-json\/wp\/v2\/comments?post=10498"}],"version-history":[{"count":1,"href":"https:\/\/empresas.infoempleo.com\/hrtrends\/wp-json\/wp\/v2\/posts\/10498\/revisions"}],"predecessor-version":[{"id":42563,"href":"https:\/\/empresas.infoempleo.com\/hrtrends\/wp-json\/wp\/v2\/posts\/10498\/revisions\/42563"}],"wp:featuredmedia":[{"embeddable":true,"href":"https:\/\/empresas.infoempleo.com\/hrtrends\/wp-json\/wp\/v2\/media\/29665"}],"wp:attachment":[{"href":"https:\/\/empresas.infoempleo.com\/hrtrends\/wp-json\/wp\/v2\/media?parent=10498"}],"wp:term":[{"taxonomy":"category","embeddable":true,"href":"https:\/\/empresas.infoempleo.com\/hrtrends\/wp-json\/wp\/v2\/categories?post=10498"},{"taxonomy":"post_tag","embeddable":true,"href":"https:\/\/empresas.infoempleo.com\/hrtrends\/wp-json\/wp\/v2\/tags?post=10498"}],"curies":[{"name":"wp","href":"https:\/\/api.w.org\/{rel}","templated":true}]}}