{"id":10467,"date":"2010-07-12T08:16:45","date_gmt":"2010-07-12T07:16:45","guid":{"rendered":"http:\/\/blog.infoempleo.com\/?p=10467"},"modified":"2023-02-03T15:06:37","modified_gmt":"2023-02-03T13:06:37","slug":"sos-no-me-quiero-ir-de-vacaciones","status":"publish","type":"post","link":"https:\/\/empresas.infoempleo.com\/hrtrends\/sos-no-me-quiero-ir-de-vacaciones\/","title":{"rendered":"\u00abSOS: no me quiero ir de vacaciones\u00bb"},"content":{"rendered":"<p style=\"text-align: center\"><img loading=\"lazy\" decoding=\"async\" class=\"aligncenter size-full wp-image-10469\" src=\"https:\/\/empresas.infoempleo.com\/hrtrends\/media\/2010\/07\/MikelCasal.Vacaciones1.jpg\" alt=\"MikelCasal.Vacaciones\" width=\"520\" height=\"156\" srcset=\"https:\/\/empresas.infoempleo.com\/hrtrends\/media\/2010\/07\/MikelCasal.Vacaciones1.jpg 866w, https:\/\/empresas.infoempleo.com\/hrtrends\/media\/2010\/07\/MikelCasal.Vacaciones1-300x90.jpg 300w, https:\/\/empresas.infoempleo.com\/hrtrends\/media\/2010\/07\/MikelCasal.Vacaciones1-768x231.jpg 768w\" sizes=\"auto, (max-width: 520px) 100vw, 520px\" \/><\/p>\n<p>Nada m\u00e1s dejar las maletas en el apartamento de Lanzarote que hab\u00eda alquilado, Juan Fern\u00e1ndez vio que su \u2018blackberry\u2019, que s\u00f3lo hab\u00eda desconectado en el avi\u00f3n, echaba humo. Ten\u00eda varias llamadas de su empresa y cuando las devolvi\u00f3 para preguntar qu\u00e9 suced\u00eda se encontr\u00f3 con una sorpresa poco agradable: deb\u00eda hacer un trabajo que le llevar\u00eda un par de d\u00edas. Maldita la gracia que le hizo el encargo, pero Juan \u2014nombre bajo que el que prefiere ocultarse este profesional, que sigue en su empresa\u2014 iba preparado para el contratiempo: se hab\u00eda llevado el port\u00e1til.<\/p>\n<p>Esta historia sucedi\u00f3 el verano pasado, pero otros tantos profesionales la reproducir\u00e1n \u00e9ste. <strong>Desde que las empresas reparten a discreci\u00f3n tel\u00e9fonos m\u00f3viles entre sus empleados, los l\u00edmites de la jornada laboral tienden a desdibujarse<\/strong>. Las nuevas tecnolog\u00edas, adem\u00e1s de propiciar el teletrabajo, han conseguido que la conveniencia de estar localizado \u2014que hasta hace unos a\u00f1os se restring\u00eda a ciertas profesiones, como los m\u00e9dicos o los periodistas, o a la alta direcci\u00f3n\u2014 se extienda a montones de puestos. \u00abHay que educar a las empresas, que tienen que saber cu\u00e1ndo pueden llamar e importunar a un trabajador en su tiempo libre, por muy cualificado que sea y por mucho que le pague\u00bb, sostiene <strong>Juan Manuel Romero<\/strong>, director de <a class=\"wp-caption-dd\" title=\"Adicciones Digitales\" href=\"https:\/\/www.adiccionesdigitales.es\/\" target=\"_blank\" rel=\"noopener\">Adicciones Digitales<\/a>, que ense\u00f1a en las organizaciones c\u00f3mo usar la tecnolog\u00eda para mejorar la gesti\u00f3n del tiempo.<\/p>\n<p>Porque, sin normas que regulen su uso, muchas veces son los propios trabajadores los que marcan los l\u00edmites. \u00c9ste es el consejo de <strong>Maite Finch<\/strong>, consultora de gesti\u00f3n del talento de Forintec, que, en v\u00edsperas de las vacaciones de verano, imparte el taller <strong>\u2018\u00bfQu\u00e9 haces despu\u00e9s del trabajo? Aprender a desconectar\u2019<\/strong>. \u00abEs muy importante aprovechar las vacaciones para descansar, porque luego se ven beneficiados el rendimiento, la capacidad de atenci\u00f3n y hasta la creatividad. Pero <strong>si est\u00e1s obligado a estar conectado, el tiempo de disponibilidad hay que delimitarlo<\/strong>; lo importante es planificar tanto el tiempo de ocio como el de deberes. Lo que m\u00e1s impide descansar es estar pendiente del m\u00f3vil las 24 horas del d\u00eda\u00bb, afirma Finch.<\/p>\n<p>Algunos, sin embargo, no saben cortar y entran en una peligrosa din\u00e1mica propia de un adicto. <strong>\u00abHay gente que consulta la \u2018blackberry\u2019 m\u00e1s de 400 veces al d\u00eda<\/strong>; en Estados Unidos llaman a esta adicci\u00f3n \u2018crackberry\u2019. Y si tienen Twitter y lo utilizan para su empresa, est\u00e1n todo el d\u00eda mandando mensajes. Piensan que si no lo hacen en agosto, en septiembre el trabajo no va a salir. Tienen que estar pendientes de los correos, sentir ese cord\u00f3n umbilical que les une a su empresa. Ah\u00ed se sienten seguros, pero no en casa\u00bb, destaca Romero.<\/p>\n<p>Investigadores de la Universidad Jaume I de Castell\u00f3n calculan que <strong>entre el 7% y el 12% de los trabajadores espa\u00f1oles son adictos al trabajo<\/strong>. Para ser catalogado as\u00ed no basta con pasar largas jornadas frente al ordenador. \u00ab<strong>S\u00f3lo es adicta la persona que, adem\u00e1s de trabajar muchas horas, lo hace de forma obsesiva<\/strong>; de tal modo que si algo le impide seguir trabajando se siente mal, es como si le faltara una droga. Ese malestar se manifiesta con inquietud, ansiedad, irritabilidad, y los efectos cada vez se hacen m\u00e1s severos. Mientras una persona normal se recupera despu\u00e9s de un pico de actividad, ellos van a m\u00e1s, porque no tienen tiempo de recuperaci\u00f3n\u00bb, explica <strong>Mario del L\u00edbano<\/strong>, que, junto a otros colegas de la Jaume I, ha confirmado la validez de la escala <a class=\"wp-caption-dd\" title=\"DUWAS\" href=\"http:\/\/www.want.uji.es\/\" target=\"_blank\" rel=\"noopener\">DUWAS<\/a>, que mide la adicci\u00f3n al trabajo, entre m\u00e1s de 1.500 espa\u00f1oles.<\/p>\n<p>La muestra, de la que tambi\u00e9n se han extra\u00eddo resultados por sectores, desvela que <strong>este tipo de trastorno es m\u00e1s frecuente en la universidad<\/strong> \u2014que, con un 12% de incidencia, alcanza el nivel m\u00e1s alto\u2014 que, por ejemplo, en la administraci\u00f3n p\u00fablica, que presenta uno de los m\u00e1s bajos. Por puestos, los m\u00e1s \u2018adictivos\u2019 ser\u00edan los de profesor universitario (con un 11% de adictos), arquitecto (9,5%), periodista (8,5%), ingeniero (8,2%) y profesional aut\u00f3nomo (6%). En general, se trata de personas con un buen nivel de instrucci\u00f3n. \u00abEl trabajo cualificado genera un disfrute, un placer que hace que el profesional dedique a \u00e9l m\u00e1s y m\u00e1s tiempo, hasta que el equilibrio recomendable se olvida\u00bb, subraya Del L\u00edbano.<\/p>\n<h3>Variedad de perfiles<\/h3>\n<p>La psiquiatra <strong>Rosa Sender<\/strong>, que acaba de publicar una edici\u00f3n revisada en formato digital de \u2018El trabajo como adicci\u00f3n\u2019, matiza que puede detectarse en perfiles tan poco afines como el de un pol\u00edtico \u2014\u00bbson adictos Jordi Pujol, que tiene 80 a\u00f1os y no para, y Fraga Iribarne\u00bb\u2014, un cient\u00edfico y un peque\u00f1o empresario. \u00abLo que los une, fundamentalmente, es que <strong>se trata de individuos cuya satisfacci\u00f3n est\u00e1 puesta en el mundo laboral<\/strong>. \u00bfQu\u00e9 quiere decir esto? Pues que se sienten mucho m\u00e1s en precario cuando tienen que hacer una vida social o familiar porque no encuentran motivaciones en ella. Tienen, adem\u00e1s, pocos recursos, como una restricci\u00f3n de intereses\u00bb, aclara Sender.<\/p>\n<p>La psiquiatra, sin embargo, se niega a relacionar, directamente, esa devoci\u00f3n desmedida con mayores problemas de salud \u2014\u00bbsi son individuos que todo lo hacen con satisfacci\u00f3n, suelen ser muy felices y su salud no es muy diferente a la del resto\u00bb\u2014, s\u00f3lo si va acompa\u00f1ada de otras actitudes y comportamientos se atreve a calificarla de patolog\u00eda. \u00abDe hecho, <strong>se habla espec\u00edficamente de patr\u00f3n \u2018A\u2019 de conducta cuando son sujetos adictos al trabajo, pero tambi\u00e9n hostiles e impacientes<\/strong>. Y eso s\u00ed que sienta mal al organismo\u00bb, asegura Sender.<\/p>\n<p><strong>Las primeras personas en las que se estudi\u00f3 los efectos de esta adicci\u00f3n en la salud fue en aquellas que hab\u00edan sufrido un infarto<\/strong>. Pese al susto, tuvieron suerte, porque los japoneses crearon el t\u00e9rmino <a class=\"wp-caption-dd\" title=\"karoshi\" href=\"https:\/\/es.wikipedia.org\/wiki\/Kar%C5%8Dshi\" target=\"_blank\" rel=\"noopener\">\u2018karoshi\u2019 <\/a>para definir las muertes \u00abpor sobreesfuerzo en el trabajo\u00bb que son provocadas por un ataque cardiaco. Sender trat\u00f3 a pacientes que respond\u00edan a ese patr\u00f3n \u2018A\u2019 de conducta y que, tras salir de la unidad de cuidados intensivos, le ped\u00edan ayuda para disminuir su nivel de hostilidad.<\/p>\n<p>Este verano, adem\u00e1s, la incertidumbre puede complicar a\u00fan m\u00e1s las cosas. Si usted se siente as\u00ed, tenga en cuenta estas palabras de Maite Finch, y cu\u00eddese, que \u00e9ste es su momento: \u00abNos merecemos un tiempo de descanso, porque la sociedad seguir\u00e1 su camino. <strong>Lo m\u00e1s importante es disfrutar de las cosas peque\u00f1as, y eso lo puede hacer todo el mundo\u00bb<\/strong>.<strong>\u00a0<\/strong><\/p>\n<h3>\u00bfSospecha que es un &#8216;trabaj\u00f3lico&#8217;?<\/h3>\n<p>Cuestionario de adicci\u00f3n al trabajo DUWAS adaptado por investigadores de la Universidad Jaume I:<\/p>\n<ul>\n<li>Parece que estoy en una carrera contrarreloj.<\/li>\n<li>Continuamente salgo del trabajo despu\u00e9s que mis compa\u00f1eros.<\/li>\n<li>Para m\u00ed, es importante trabajar duro, aunque no disfrute.<\/li>\n<li>Generalmente, estoy ocupado, tengo muchos asuntos entre manos.<\/li>\n<li>Una necesidad interna me lleva a trabajar duro.<\/li>\n<li>Dedico m\u00e1s tiempo a trabajar que a estar con amigos, a practicar \u2018hobbys\u2019&#8230;<\/li>\n<li>Me siento obligado a trabajar duro, incluso cuando no disfruto.<\/li>\n<li>Hago dos o tres cosas a la vez, como comer y tomar notas mientras hablo por tel\u00e9fono.<\/li>\n<li>Me siento culpable cuando tengo un d\u00eda libre.<\/li>\n<li>Me resulta dif\u00edcil relajarme cuando no trabajo.<\/li>\n<\/ul>\n","protected":false},"excerpt":{"rendered":"<p>La posibilidad de estar siempre conectados permite a los adictos saciar su &#8216;vicio&#8217;: trabajar por devoci\u00f3n.<\/p>\n","protected":false},"author":34,"featured_media":29665,"comment_status":"closed","ping_status":"open","sticky":false,"template":"","format":"standard","meta":{"footnotes":""},"categories":[3],"tags":[58,2142,2143,2144,2145,2146,2147,2148,2149,2150,2151,2152,66],"class_list":["post-10467","post","type-post","status-publish","format-standard","has-post-thumbnail","hentry","category-actualidad","tag-blackberry","tag-crackberry","tag-desconectar","tag-escala-duwas","tag-forintec","tag-juan-manuel-romero","tag-karoshi","tag-maite-finch","tag-mario-del-libano","tag-rosa-sender","tag-trabajolico","tag-universidad-jaime-i","tag-vacaciones"],"yoast_head":"<!-- This site is optimized with the Yoast SEO plugin v26.1.1 - https:\/\/yoast.com\/wordpress\/plugins\/seo\/ -->\n<title>&quot;SOS: no me quiero ir de vacaciones&quot; | HRTRENDS<\/title>\n<meta name=\"robots\" content=\"index, follow, max-snippet:-1, max-image-preview:large, max-video-preview:-1\" \/>\n<link rel=\"canonical\" href=\"https:\/\/empresas.infoempleo.com\/hrtrends\/sos-no-me-quiero-ir-de-vacaciones\/\" \/>\n<meta property=\"og:locale\" content=\"es_ES\" \/>\n<meta property=\"og:type\" content=\"article\" \/>\n<meta property=\"og:title\" content=\"&quot;SOS: no me quiero ir de vacaciones&quot; | HRTRENDS\" \/>\n<meta property=\"og:description\" content=\"La posibilidad de estar siempre conectados permite a los adictos saciar su &#039;vicio&#039;: trabajar por devoci\u00f3n.\" \/>\n<meta property=\"og:url\" content=\"https:\/\/empresas.infoempleo.com\/hrtrends\/sos-no-me-quiero-ir-de-vacaciones\/\" \/>\n<meta property=\"og:site_name\" content=\"HRTRENDS\" \/>\n<meta property=\"article:publisher\" content=\"https:\/\/www.facebook.com\/Infoempleo\" \/>\n<meta property=\"article:published_time\" content=\"2010-07-12T07:16:45+00:00\" \/>\n<meta property=\"article:modified_time\" content=\"2023-02-03T13:06:37+00:00\" \/>\n<meta property=\"og:image\" content=\"https:\/\/empresas.infoempleo.com\/hrtrends\/media\/2017\/05\/pexels-photo-205508.jpg\" \/>\n\t<meta property=\"og:image:width\" content=\"1280\" \/>\n\t<meta property=\"og:image:height\" content=\"960\" \/>\n\t<meta property=\"og:image:type\" content=\"image\/jpeg\" \/>\n<meta name=\"author\" content=\"Rosario Sep\u00falveda\" \/>\n<meta name=\"twitter:card\" content=\"summary_large_image\" \/>\n<meta name=\"twitter:creator\" content=\"@infoempleo\" \/>\n<meta name=\"twitter:site\" content=\"@infoempleo\" \/>\n<meta name=\"twitter:label1\" content=\"Escrito por\" \/>\n\t<meta name=\"twitter:data1\" content=\"Rosario Sep\u00falveda\" \/>\n\t<meta name=\"twitter:label2\" content=\"Tiempo de lectura\" \/>\n\t<meta name=\"twitter:data2\" content=\"6 minutos\" \/>\n<script type=\"application\/ld+json\" class=\"yoast-schema-graph\">{\"@context\":\"https:\/\/schema.org\",\"@graph\":[{\"@type\":\"NewsArticle\",\"@id\":\"https:\/\/empresas.infoempleo.com\/hrtrends\/sos-no-me-quiero-ir-de-vacaciones\/#article\",\"isPartOf\":{\"@id\":\"https:\/\/empresas.infoempleo.com\/hrtrends\/sos-no-me-quiero-ir-de-vacaciones\/\"},\"author\":{\"name\":\"Rosario Sep\u00falveda\",\"@id\":\"https:\/\/empresas.infoempleo.com\/hrtrends\/#\/schema\/person\/2a45835f1492cbc7fbce11ad398707a8\"},\"headline\":\"\u00abSOS: no me quiero ir de vacaciones\u00bb\",\"datePublished\":\"2010-07-12T07:16:45+00:00\",\"dateModified\":\"2023-02-03T13:06:37+00:00\",\"mainEntityOfPage\":{\"@id\":\"https:\/\/empresas.infoempleo.com\/hrtrends\/sos-no-me-quiero-ir-de-vacaciones\/\"},\"wordCount\":1261,\"publisher\":{\"@id\":\"https:\/\/empresas.infoempleo.com\/hrtrends\/#organization\"},\"image\":{\"@id\":\"https:\/\/empresas.infoempleo.com\/hrtrends\/sos-no-me-quiero-ir-de-vacaciones\/#primaryimage\"},\"thumbnailUrl\":\"https:\/\/empresas.infoempleo.com\/hrtrends\/media\/2017\/05\/pexels-photo-205508.jpg\",\"keywords\":[\"BlackBerry\",\"crackberry\",\"desconectar\",\"escala DUWAS\",\"Forintec\",\"Juan Manuel Romero\",\"karoshi\",\"Maite Finch\",\"Mario del L\u00edbano\",\"Rosa Sender\",\"trabaj\u00f3lico\",\"Universidad Jaime I\",\"vacaciones\"],\"articleSection\":[\"Actualidad\"],\"inLanguage\":\"es\",\"copyrightYear\":\"2010\",\"copyrightHolder\":{\"@id\":\"https:\/\/empresas.infoempleo.com\/hrtrends\/#organization\"}},{\"@type\":\"WebPage\",\"@id\":\"https:\/\/empresas.infoempleo.com\/hrtrends\/sos-no-me-quiero-ir-de-vacaciones\/\",\"url\":\"https:\/\/empresas.infoempleo.com\/hrtrends\/sos-no-me-quiero-ir-de-vacaciones\/\",\"name\":\"\\\"SOS: no me quiero ir de vacaciones\\\" | HRTRENDS\",\"isPartOf\":{\"@id\":\"https:\/\/empresas.infoempleo.com\/hrtrends\/#website\"},\"primaryImageOfPage\":{\"@id\":\"https:\/\/empresas.infoempleo.com\/hrtrends\/sos-no-me-quiero-ir-de-vacaciones\/#primaryimage\"},\"image\":{\"@id\":\"https:\/\/empresas.infoempleo.com\/hrtrends\/sos-no-me-quiero-ir-de-vacaciones\/#primaryimage\"},\"thumbnailUrl\":\"https:\/\/empresas.infoempleo.com\/hrtrends\/media\/2017\/05\/pexels-photo-205508.jpg\",\"datePublished\":\"2010-07-12T07:16:45+00:00\",\"dateModified\":\"2023-02-03T13:06:37+00:00\",\"breadcrumb\":{\"@id\":\"https:\/\/empresas.infoempleo.com\/hrtrends\/sos-no-me-quiero-ir-de-vacaciones\/#breadcrumb\"},\"inLanguage\":\"es\",\"potentialAction\":[{\"@type\":\"ReadAction\",\"target\":[\"https:\/\/empresas.infoempleo.com\/hrtrends\/sos-no-me-quiero-ir-de-vacaciones\/\"]}]},{\"@type\":\"ImageObject\",\"inLanguage\":\"es\",\"@id\":\"https:\/\/empresas.infoempleo.com\/hrtrends\/sos-no-me-quiero-ir-de-vacaciones\/#primaryimage\",\"url\":\"https:\/\/empresas.infoempleo.com\/hrtrends\/media\/2017\/05\/pexels-photo-205508-150x150.jpg\",\"contentUrl\":\"https:\/\/empresas.infoempleo.com\/hrtrends\/media\/2017\/05\/pexels-photo-205508-150x150.jpg\",\"width\":150,\"height\":150},{\"@type\":\"BreadcrumbList\",\"@id\":\"https:\/\/empresas.infoempleo.com\/hrtrends\/sos-no-me-quiero-ir-de-vacaciones\/#breadcrumb\",\"itemListElement\":[{\"@type\":\"ListItem\",\"position\":1,\"name\":\"Portada\",\"item\":\"https:\/\/empresas.infoempleo.com\/hrtrends\/\"},{\"@type\":\"ListItem\",\"position\":2,\"name\":\"\u00abSOS: no me quiero ir de vacaciones\u00bb\"}]},{\"@type\":\"WebSite\",\"@id\":\"https:\/\/empresas.infoempleo.com\/hrtrends\/#website\",\"url\":\"https:\/\/empresas.infoempleo.com\/hrtrends\",\"name\":\"HRTrends by Infoempleo\",\"description\":\"\",\"publisher\":{\"@id\":\"https:\/\/empresas.infoempleo.com\/hrtrends\/#organization\"},\"potentialAction\":{\"@type\":\"SearchAction\",\"target\":\"https:\/\/empresas.infoempleo.com\/hrtrends\/?s={search_term_string}\",\"query-input\":\"required name=search_term_string\"},\"inLanguage\":\"es\"},{\"@type\":\"Organization\",\"@id\":\"https:\/\/empresas.infoempleo.com\/hrtrends\/#organization\",\"name\":\"Infoempleo\",\"url\":\"https:\/\/www.infoempleo.com\/\",\"logo\":{\"@type\":\"ImageObject\",\"@id\":\"https:\/\/empresas.infoempleo.com\/hrtrends\/#logo\",\"inLanguage\":\"es\",\"url\":\"https:\/\/cdnazure.infoempleo.com\/infoempleo\/assets\/style\/gfx\/logo.svg\",\"contentUrl\":\"https:\/\/cdnazure.infoempleo.com\/infoempleo\/assets\/style\/gfx\/logo.svg\",\"width\":150,\"height\":40,\"caption\":\"Infoempleo\"},\"image\":{\"@id\":\"https:\/\/empresas.infoempleo.com\/hrtrends\/#logo\"},\"sameAs\":[\"https:\/\/www.facebook.com\/Infoempleo\",\"https:\/\/x.com\/infoempleo\",\"http:\/\/instagram.com\/infoempleo\/\",\"http:\/\/www.linkedin.com\/groups\/Empleo-Espa\u00f1a-Infoempleocom-111276\",\"http:\/\/pinterest.com\/infoempleo\/\"],\"address\":{\"@type\":\"PostalAddress\",\"addressLocality\":\"Madrid\",\"postalCode\":\"28050\",\"streetAddress\":\"Avenida de Burgos 114\"},\"brand\":[\"Infoempleo\"]},{\"@type\":\"Person\",\"@id\":\"https:\/\/empresas.infoempleo.com\/hrtrends\/#\/schema\/person\/2a45835f1492cbc7fbce11ad398707a8\",\"name\":\"Rosario Sep\u00falveda\",\"image\":{\"@type\":\"ImageObject\",\"inLanguage\":\"es\",\"@id\":\"https:\/\/empresas.infoempleo.com\/hrtrends\/#\/schema\/person\/image\/\",\"url\":\"https:\/\/secure.gravatar.com\/avatar\/01b4f37da8fd0cca9ded94ad0ab4a694814c54945a7c84e54495a93ea3a90e3b?s=96&d=mm&r=g\",\"contentUrl\":\"https:\/\/secure.gravatar.com\/avatar\/01b4f37da8fd0cca9ded94ad0ab4a694814c54945a7c84e54495a93ea3a90e3b?s=96&d=mm&r=g\",\"caption\":\"Rosario Sep\u00falveda\"},\"url\":\"https:\/\/empresas.infoempleo.com\/hrtrends\/author\/rosario-sepulveda\/\"}]}<\/script>\n<!-- \/ Yoast SEO plugin. -->","yoast_head_json":{"title":"\"SOS: no me quiero ir de vacaciones\" | HRTRENDS","robots":{"index":"index","follow":"follow","max-snippet":"max-snippet:-1","max-image-preview":"max-image-preview:large","max-video-preview":"max-video-preview:-1"},"canonical":"https:\/\/empresas.infoempleo.com\/hrtrends\/sos-no-me-quiero-ir-de-vacaciones\/","og_locale":"es_ES","og_type":"article","og_title":"\"SOS: no me quiero ir de vacaciones\" | HRTRENDS","og_description":"La posibilidad de estar siempre conectados permite a los adictos saciar su 'vicio': trabajar por devoci\u00f3n.","og_url":"https:\/\/empresas.infoempleo.com\/hrtrends\/sos-no-me-quiero-ir-de-vacaciones\/","og_site_name":"HRTRENDS","article_publisher":"https:\/\/www.facebook.com\/Infoempleo","article_published_time":"2010-07-12T07:16:45+00:00","article_modified_time":"2023-02-03T13:06:37+00:00","og_image":[{"width":1280,"height":960,"url":"https:\/\/empresas.infoempleo.com\/hrtrends\/media\/2017\/05\/pexels-photo-205508.jpg","type":"image\/jpeg"}],"author":"Rosario Sep\u00falveda","twitter_card":"summary_large_image","twitter_creator":"@infoempleo","twitter_site":"@infoempleo","twitter_misc":{"Escrito por":"Rosario Sep\u00falveda","Tiempo de lectura":"6 minutos"},"schema":{"@context":"https:\/\/schema.org","@graph":[{"@type":"NewsArticle","@id":"https:\/\/empresas.infoempleo.com\/hrtrends\/sos-no-me-quiero-ir-de-vacaciones\/#article","isPartOf":{"@id":"https:\/\/empresas.infoempleo.com\/hrtrends\/sos-no-me-quiero-ir-de-vacaciones\/"},"author":{"name":"Rosario Sep\u00falveda","@id":"https:\/\/empresas.infoempleo.com\/hrtrends\/#\/schema\/person\/2a45835f1492cbc7fbce11ad398707a8"},"headline":"\u00abSOS: no me quiero ir de vacaciones\u00bb","datePublished":"2010-07-12T07:16:45+00:00","dateModified":"2023-02-03T13:06:37+00:00","mainEntityOfPage":{"@id":"https:\/\/empresas.infoempleo.com\/hrtrends\/sos-no-me-quiero-ir-de-vacaciones\/"},"wordCount":1261,"publisher":{"@id":"https:\/\/empresas.infoempleo.com\/hrtrends\/#organization"},"image":{"@id":"https:\/\/empresas.infoempleo.com\/hrtrends\/sos-no-me-quiero-ir-de-vacaciones\/#primaryimage"},"thumbnailUrl":"https:\/\/empresas.infoempleo.com\/hrtrends\/media\/2017\/05\/pexels-photo-205508.jpg","keywords":["BlackBerry","crackberry","desconectar","escala DUWAS","Forintec","Juan Manuel Romero","karoshi","Maite Finch","Mario del L\u00edbano","Rosa Sender","trabaj\u00f3lico","Universidad Jaime I","vacaciones"],"articleSection":["Actualidad"],"inLanguage":"es","copyrightYear":"2010","copyrightHolder":{"@id":"https:\/\/empresas.infoempleo.com\/hrtrends\/#organization"}},{"@type":"WebPage","@id":"https:\/\/empresas.infoempleo.com\/hrtrends\/sos-no-me-quiero-ir-de-vacaciones\/","url":"https:\/\/empresas.infoempleo.com\/hrtrends\/sos-no-me-quiero-ir-de-vacaciones\/","name":"\"SOS: no me quiero ir de vacaciones\" | HRTRENDS","isPartOf":{"@id":"https:\/\/empresas.infoempleo.com\/hrtrends\/#website"},"primaryImageOfPage":{"@id":"https:\/\/empresas.infoempleo.com\/hrtrends\/sos-no-me-quiero-ir-de-vacaciones\/#primaryimage"},"image":{"@id":"https:\/\/empresas.infoempleo.com\/hrtrends\/sos-no-me-quiero-ir-de-vacaciones\/#primaryimage"},"thumbnailUrl":"https:\/\/empresas.infoempleo.com\/hrtrends\/media\/2017\/05\/pexels-photo-205508.jpg","datePublished":"2010-07-12T07:16:45+00:00","dateModified":"2023-02-03T13:06:37+00:00","breadcrumb":{"@id":"https:\/\/empresas.infoempleo.com\/hrtrends\/sos-no-me-quiero-ir-de-vacaciones\/#breadcrumb"},"inLanguage":"es","potentialAction":[{"@type":"ReadAction","target":["https:\/\/empresas.infoempleo.com\/hrtrends\/sos-no-me-quiero-ir-de-vacaciones\/"]}]},{"@type":"ImageObject","inLanguage":"es","@id":"https:\/\/empresas.infoempleo.com\/hrtrends\/sos-no-me-quiero-ir-de-vacaciones\/#primaryimage","url":"https:\/\/empresas.infoempleo.com\/hrtrends\/media\/2017\/05\/pexels-photo-205508-150x150.jpg","contentUrl":"https:\/\/empresas.infoempleo.com\/hrtrends\/media\/2017\/05\/pexels-photo-205508-150x150.jpg","width":150,"height":150},{"@type":"BreadcrumbList","@id":"https:\/\/empresas.infoempleo.com\/hrtrends\/sos-no-me-quiero-ir-de-vacaciones\/#breadcrumb","itemListElement":[{"@type":"ListItem","position":1,"name":"Portada","item":"https:\/\/empresas.infoempleo.com\/hrtrends\/"},{"@type":"ListItem","position":2,"name":"\u00abSOS: no me quiero ir de vacaciones\u00bb"}]},{"@type":"WebSite","@id":"https:\/\/empresas.infoempleo.com\/hrtrends\/#website","url":"https:\/\/empresas.infoempleo.com\/hrtrends","name":"HRTrends by Infoempleo","description":"","publisher":{"@id":"https:\/\/empresas.infoempleo.com\/hrtrends\/#organization"},"potentialAction":{"@type":"SearchAction","target":"https:\/\/empresas.infoempleo.com\/hrtrends\/?s={search_term_string}","query-input":"required name=search_term_string"},"inLanguage":"es"},{"@type":"Organization","@id":"https:\/\/empresas.infoempleo.com\/hrtrends\/#organization","name":"Infoempleo","url":"https:\/\/www.infoempleo.com\/","logo":{"@type":"ImageObject","@id":"https:\/\/empresas.infoempleo.com\/hrtrends\/#logo","inLanguage":"es","url":"https:\/\/cdnazure.infoempleo.com\/infoempleo\/assets\/style\/gfx\/logo.svg","contentUrl":"https:\/\/cdnazure.infoempleo.com\/infoempleo\/assets\/style\/gfx\/logo.svg","width":150,"height":40,"caption":"Infoempleo"},"image":{"@id":"https:\/\/empresas.infoempleo.com\/hrtrends\/#logo"},"sameAs":["https:\/\/www.facebook.com\/Infoempleo","https:\/\/x.com\/infoempleo","http:\/\/instagram.com\/infoempleo\/","http:\/\/www.linkedin.com\/groups\/Empleo-Espa\u00f1a-Infoempleocom-111276","http:\/\/pinterest.com\/infoempleo\/"],"address":{"@type":"PostalAddress","addressLocality":"Madrid","postalCode":"28050","streetAddress":"Avenida de Burgos 114"},"brand":["Infoempleo"]},{"@type":"Person","@id":"https:\/\/empresas.infoempleo.com\/hrtrends\/#\/schema\/person\/2a45835f1492cbc7fbce11ad398707a8","name":"Rosario Sep\u00falveda","image":{"@type":"ImageObject","inLanguage":"es","@id":"https:\/\/empresas.infoempleo.com\/hrtrends\/#\/schema\/person\/image\/","url":"https:\/\/secure.gravatar.com\/avatar\/01b4f37da8fd0cca9ded94ad0ab4a694814c54945a7c84e54495a93ea3a90e3b?s=96&d=mm&r=g","contentUrl":"https:\/\/secure.gravatar.com\/avatar\/01b4f37da8fd0cca9ded94ad0ab4a694814c54945a7c84e54495a93ea3a90e3b?s=96&d=mm&r=g","caption":"Rosario Sep\u00falveda"},"url":"https:\/\/empresas.infoempleo.com\/hrtrends\/author\/rosario-sepulveda\/"}]}},"amp_enabled":true,"_links":{"self":[{"href":"https:\/\/empresas.infoempleo.com\/hrtrends\/wp-json\/wp\/v2\/posts\/10467","targetHints":{"allow":["GET"]}}],"collection":[{"href":"https:\/\/empresas.infoempleo.com\/hrtrends\/wp-json\/wp\/v2\/posts"}],"about":[{"href":"https:\/\/empresas.infoempleo.com\/hrtrends\/wp-json\/wp\/v2\/types\/post"}],"author":[{"embeddable":true,"href":"https:\/\/empresas.infoempleo.com\/hrtrends\/wp-json\/wp\/v2\/users\/34"}],"replies":[{"embeddable":true,"href":"https:\/\/empresas.infoempleo.com\/hrtrends\/wp-json\/wp\/v2\/comments?post=10467"}],"version-history":[{"count":3,"href":"https:\/\/empresas.infoempleo.com\/hrtrends\/wp-json\/wp\/v2\/posts\/10467\/revisions"}],"predecessor-version":[{"id":42562,"href":"https:\/\/empresas.infoempleo.com\/hrtrends\/wp-json\/wp\/v2\/posts\/10467\/revisions\/42562"}],"wp:featuredmedia":[{"embeddable":true,"href":"https:\/\/empresas.infoempleo.com\/hrtrends\/wp-json\/wp\/v2\/media\/29665"}],"wp:attachment":[{"href":"https:\/\/empresas.infoempleo.com\/hrtrends\/wp-json\/wp\/v2\/media?parent=10467"}],"wp:term":[{"taxonomy":"category","embeddable":true,"href":"https:\/\/empresas.infoempleo.com\/hrtrends\/wp-json\/wp\/v2\/categories?post=10467"},{"taxonomy":"post_tag","embeddable":true,"href":"https:\/\/empresas.infoempleo.com\/hrtrends\/wp-json\/wp\/v2\/tags?post=10467"}],"curies":[{"name":"wp","href":"https:\/\/api.w.org\/{rel}","templated":true}]}}