{"id":10373,"date":"2010-07-02T15:36:56","date_gmt":"2010-07-02T14:36:56","guid":{"rendered":"http:\/\/blog.infoempleo.com\/?p=10373"},"modified":"2023-02-03T15:06:36","modified_gmt":"2023-02-03T13:06:36","slug":"barrichello-a-300-por-hora-me-parece-estar-en-mi-sofa","status":"publish","type":"post","link":"https:\/\/empresas.infoempleo.com\/hrtrends\/barrichello-a-300-por-hora-me-parece-estar-en-mi-sofa\/","title":{"rendered":"\u00abA 300 por hora me parece estar en mi sof\u00e1\u00bb"},"content":{"rendered":"<p><img loading=\"lazy\" decoding=\"async\" class=\"size-full wp-image-10390 aligncenter\" src=\"https:\/\/empresas.infoempleo.com\/hrtrends\/media\/2010\/07\/Barri1.jpg\" alt=\"Rubens Barrichello\" width=\"413\" height=\"315\" \/><\/p>\n<h3>Rubens\u00a0Barrichello\u00a0<\/h3>\n<p>No hay muchos puestos de trabajo en los que todo pase a mayor velocidad que en el estrecho \u2018cockpit\u2019 de un <a title=\"F\u00f3rmula 1\" href=\"https:\/\/www.formula1.com\/en.html\" target=\"_blank\" rel=\"noopener\">F\u00f3rmula 1<\/a>. Ni con plazos m\u00e1s cortos. El tiempo que cuenta en la pista es tan liviano que no suma m\u00e1s que unas pocas mil\u00e9simas. Sin embargo, los buenos resultados no siempre llegan deprisa en una profesi\u00f3n tan exigente. Dicho de otro modo, en realidad, la velocidad no siempre es lo primero.<\/p>\n<p>\u00abLo importante es que las cosas no lleguen tan f\u00e1cil. <strong>Yo entren\u00e9 dos a\u00f1os antes de mi primera carrera\u00bb<\/strong>. El consejo procede del piloto que m\u00e1s puntos ha logrado en la historia de la F1, <a title=\"Rubens Barrichello\" href=\"http:\/\/rubensbarrichello.com.br\/en\/\" target=\"_blank\" rel=\"noopener\">Rubens Barrichello<\/a> (S\u00e3o Paulo, 1972). \u00abVes a chicos que empiezan en \u2018karting\u2019, haciendo trazadas muy perfectas, pero no tan r\u00e1pidas, y otros que son muy r\u00e1pidos pero no hacen una vuelta igual a otra\u00b7, explica el brasile\u00f1o, este a\u00f1o con volante en el equipo <a title=\"Williams\" href=\"https:\/\/www.williamsf1.com\/\" target=\"_blank\" rel=\"noopener\">Williams<\/a>, que est\u00e1 patrocinado por <a title=\"Randstad\" href=\"https:\/\/www.randstad.es\/\" target=\"_blank\" rel=\"noopener\">Randstad<\/a>. Esta firma de recursos humanos organiz\u00f3 la semana pasada un encuentro con \u00e9l. Escucharle hablar del factor humano en un mundo en el que ha pasado casi dos d\u00e9cadas, sirve para borrar otras falsas creencias y comprobar que las claves del \u00e9xito no son tan distintas a las que se precisan fuera del circuito.<\/p>\n<p>Si no todo es velocidad, qu\u00e9 m\u00e1s hace falta. Junto al \u00abtalento de saber cu\u00e1ndo frenar y cu\u00e1ndo volver al acelerador\u00bb, hay que saber enfocar el objetivo a lograr y, despu\u00e9s, \u00abaprender con el tiempo\u00bb. Sorprende escucharle sugerir que las prisas no son buenas. <strong>\u00abHoy muchos j\u00f3venes llegan en poqu\u00edsimo tiempo<\/strong>. Con 19 a\u00f1os yo conduc\u00eda un F1, pero empec\u00e9 a correr a los seis. Tuve mucho tiempo para hacer todas las categor\u00edas y entrenar\u00bb.<\/p>\n<p>Pero, \u00bfes m\u00e1s decisivo el talento o las horas \u2018echadas\u2019 en la escuela de pilotaje? \u00abAlgunos dicen que con mucho entrenamiento puedes hacerlo igual de bien, pero creo que esa persona estar\u00eda limitada, podr\u00eda ganar, pero no con facilidad. <strong>El talento es m\u00e1s importante que lo dem\u00e1s\u00bb<\/strong>, zanja Rubens. A\u00fan as\u00ed, ese talento debe acompa\u00f1arse de \u2018extras\u2019. \u00abTienes que trabajar con una sonrisa y estar a gusto con tu vida\u00bb.<\/p>\n<p>Cabr\u00eda esperar que los equipos de alta competici\u00f3n entrenen tambi\u00e9n la mente del deportista. Pero el brasile\u00f1o afirma que es algo \u00abmuy personal, muy individual\u00bb.<strong> \u00abLa mente es lo m\u00e1s importante; hay que mantener el cuerpo fuerte para dejarla libre. Yo me preparo muy bien, tengo una concentraci\u00f3n muy f\u00e1cil\u00bb<\/strong>. No ve diferencias entre las escuder\u00edas en las que ha aparcado su b\u00f3lido. \u00abDe cinco a\u00f1os para ac\u00e1, ha cambiado un poco el mundo, se habla de \u2018coaching\u2019, pero en mis inicios, nada de esto exist\u00eda\u00bb.<\/p>\n<p>No hay que desde\u00f1ar el fracaso \u2014\u00bbes una de las mejores cosas que te pueden suceder\u00bb\u2014, ni el tiempo que puede pasar hasta tener a tiro la victoria: \u00abEstuve siete a\u00f1os en escuder\u00edas menores hasta que Ferrari me dio las condiciones para ganar. Lo que pas\u00f3 en ese tiempo me hizo una persona y un piloto mejor\u00bb. \u00c9l ha demostrado, adem\u00e1s, que se pueden ganar carreras siendo ya un veterano, \u00bfo tal vez por eso? <strong>El a\u00f1o pasado, con 37 a\u00f1os, acab\u00f3 tercero la temporada<\/strong>.<\/p>\n<p><strong>Quien crea que existe un truco para que el cerebro reaccione a tiempo en un F1 no lo escuchar\u00e1 de Barrichello<\/strong>. \u00abEs algo muy natural, igual que t\u00fa escribes mientras te hablo. Aunque vaya a 300 kil\u00f3metros por hora, me parece que estoy en el sof\u00e1 de casa\u00bb.<\/p>\n","protected":false},"excerpt":{"rendered":"<p>Los valores que cimentan el \u00e9xito en el automovilismo no son tan distintos a los que se precisan fuera de la pista. Barrichello nos revela esas claves.<\/p>\n","protected":false},"author":36,"featured_media":29665,"comment_status":"closed","ping_status":"open","sticky":false,"template":"","format":"standard","meta":{"footnotes":""},"categories":[3],"tags":[482,21,207,321,46,2132],"class_list":["post-10373","post","type-post","status-publish","format-standard","has-post-thumbnail","hentry","category-actualidad","tag-infoempleo","tag-liderazgo","tag-profesionales","tag-randstad","tag-trayectoria","tag-williams"],"yoast_head":"<!-- This site is optimized with the Yoast SEO plugin v26.1.1 - https:\/\/yoast.com\/wordpress\/plugins\/seo\/ -->\n<title>&quot;A 300 por hora me parece estar en mi sof\u00e1&quot; | HRTRENDS<\/title>\n<meta name=\"robots\" content=\"index, follow, max-snippet:-1, max-image-preview:large, max-video-preview:-1\" \/>\n<link rel=\"canonical\" href=\"https:\/\/empresas.infoempleo.com\/hrtrends\/barrichello-a-300-por-hora-me-parece-estar-en-mi-sofa\/\" \/>\n<meta property=\"og:locale\" content=\"es_ES\" \/>\n<meta property=\"og:type\" content=\"article\" \/>\n<meta property=\"og:title\" content=\"&quot;A 300 por hora me parece estar en mi sof\u00e1&quot; | HRTRENDS\" \/>\n<meta property=\"og:description\" content=\"Los valores que cimentan el \u00e9xito en el automovilismo no son tan distintos a los que se precisan fuera de la pista. Barrichello nos revela esas claves.\" \/>\n<meta property=\"og:url\" content=\"https:\/\/empresas.infoempleo.com\/hrtrends\/barrichello-a-300-por-hora-me-parece-estar-en-mi-sofa\/\" \/>\n<meta property=\"og:site_name\" content=\"HRTRENDS\" \/>\n<meta property=\"article:publisher\" content=\"https:\/\/www.facebook.com\/Infoempleo\" \/>\n<meta property=\"article:published_time\" content=\"2010-07-02T14:36:56+00:00\" \/>\n<meta property=\"article:modified_time\" content=\"2023-02-03T13:06:36+00:00\" \/>\n<meta property=\"og:image\" content=\"https:\/\/empresas.infoempleo.com\/hrtrends\/media\/2017\/05\/pexels-photo-205508.jpg\" \/>\n\t<meta property=\"og:image:width\" content=\"1280\" \/>\n\t<meta property=\"og:image:height\" content=\"960\" \/>\n\t<meta property=\"og:image:type\" content=\"image\/jpeg\" \/>\n<meta name=\"author\" content=\"oscar bordona\" \/>\n<meta name=\"twitter:card\" content=\"summary_large_image\" \/>\n<meta name=\"twitter:creator\" content=\"@infoempleo\" \/>\n<meta name=\"twitter:site\" content=\"@infoempleo\" \/>\n<meta name=\"twitter:label1\" content=\"Escrito por\" \/>\n\t<meta name=\"twitter:data1\" content=\"oscar bordona\" \/>\n\t<meta name=\"twitter:label2\" content=\"Tiempo de lectura\" \/>\n\t<meta name=\"twitter:data2\" content=\"3 minutos\" \/>\n<script type=\"application\/ld+json\" class=\"yoast-schema-graph\">{\"@context\":\"https:\/\/schema.org\",\"@graph\":[{\"@type\":\"NewsArticle\",\"@id\":\"https:\/\/empresas.infoempleo.com\/hrtrends\/barrichello-a-300-por-hora-me-parece-estar-en-mi-sofa\/#article\",\"isPartOf\":{\"@id\":\"https:\/\/empresas.infoempleo.com\/hrtrends\/barrichello-a-300-por-hora-me-parece-estar-en-mi-sofa\/\"},\"author\":{\"name\":\"oscar bordona\",\"@id\":\"https:\/\/empresas.infoempleo.com\/hrtrends\/#\/schema\/person\/b49a158d366f8a127e0cfa17870ac023\"},\"headline\":\"\u00abA 300 por hora me parece estar en mi sof\u00e1\u00bb\",\"datePublished\":\"2010-07-02T14:36:56+00:00\",\"dateModified\":\"2023-02-03T13:06:36+00:00\",\"mainEntityOfPage\":{\"@id\":\"https:\/\/empresas.infoempleo.com\/hrtrends\/barrichello-a-300-por-hora-me-parece-estar-en-mi-sofa\/\"},\"wordCount\":630,\"publisher\":{\"@id\":\"https:\/\/empresas.infoempleo.com\/hrtrends\/#organization\"},\"image\":{\"@id\":\"https:\/\/empresas.infoempleo.com\/hrtrends\/barrichello-a-300-por-hora-me-parece-estar-en-mi-sofa\/#primaryimage\"},\"thumbnailUrl\":\"https:\/\/empresas.infoempleo.com\/hrtrends\/media\/2017\/05\/pexels-photo-205508.jpg\",\"keywords\":[\"infoempleo\",\"liderazgo\",\"profesionales\",\"Randstad\",\"trayectoria\",\"Williams\"],\"articleSection\":[\"Actualidad\"],\"inLanguage\":\"es\",\"copyrightYear\":\"2010\",\"copyrightHolder\":{\"@id\":\"https:\/\/empresas.infoempleo.com\/hrtrends\/#organization\"}},{\"@type\":\"WebPage\",\"@id\":\"https:\/\/empresas.infoempleo.com\/hrtrends\/barrichello-a-300-por-hora-me-parece-estar-en-mi-sofa\/\",\"url\":\"https:\/\/empresas.infoempleo.com\/hrtrends\/barrichello-a-300-por-hora-me-parece-estar-en-mi-sofa\/\",\"name\":\"\\\"A 300 por hora me parece estar en mi sof\u00e1\\\" | HRTRENDS\",\"isPartOf\":{\"@id\":\"https:\/\/empresas.infoempleo.com\/hrtrends\/#website\"},\"primaryImageOfPage\":{\"@id\":\"https:\/\/empresas.infoempleo.com\/hrtrends\/barrichello-a-300-por-hora-me-parece-estar-en-mi-sofa\/#primaryimage\"},\"image\":{\"@id\":\"https:\/\/empresas.infoempleo.com\/hrtrends\/barrichello-a-300-por-hora-me-parece-estar-en-mi-sofa\/#primaryimage\"},\"thumbnailUrl\":\"https:\/\/empresas.infoempleo.com\/hrtrends\/media\/2017\/05\/pexels-photo-205508.jpg\",\"datePublished\":\"2010-07-02T14:36:56+00:00\",\"dateModified\":\"2023-02-03T13:06:36+00:00\",\"breadcrumb\":{\"@id\":\"https:\/\/empresas.infoempleo.com\/hrtrends\/barrichello-a-300-por-hora-me-parece-estar-en-mi-sofa\/#breadcrumb\"},\"inLanguage\":\"es\",\"potentialAction\":[{\"@type\":\"ReadAction\",\"target\":[\"https:\/\/empresas.infoempleo.com\/hrtrends\/barrichello-a-300-por-hora-me-parece-estar-en-mi-sofa\/\"]}]},{\"@type\":\"ImageObject\",\"inLanguage\":\"es\",\"@id\":\"https:\/\/empresas.infoempleo.com\/hrtrends\/barrichello-a-300-por-hora-me-parece-estar-en-mi-sofa\/#primaryimage\",\"url\":\"https:\/\/empresas.infoempleo.com\/hrtrends\/media\/2017\/05\/pexels-photo-205508-150x150.jpg\",\"contentUrl\":\"https:\/\/empresas.infoempleo.com\/hrtrends\/media\/2017\/05\/pexels-photo-205508-150x150.jpg\",\"width\":150,\"height\":150},{\"@type\":\"BreadcrumbList\",\"@id\":\"https:\/\/empresas.infoempleo.com\/hrtrends\/barrichello-a-300-por-hora-me-parece-estar-en-mi-sofa\/#breadcrumb\",\"itemListElement\":[{\"@type\":\"ListItem\",\"position\":1,\"name\":\"Portada\",\"item\":\"https:\/\/empresas.infoempleo.com\/hrtrends\/\"},{\"@type\":\"ListItem\",\"position\":2,\"name\":\"\u00abA 300 por hora me parece estar en mi sof\u00e1\u00bb\"}]},{\"@type\":\"WebSite\",\"@id\":\"https:\/\/empresas.infoempleo.com\/hrtrends\/#website\",\"url\":\"https:\/\/empresas.infoempleo.com\/hrtrends\",\"name\":\"HRTrends by Infoempleo\",\"description\":\"\",\"publisher\":{\"@id\":\"https:\/\/empresas.infoempleo.com\/hrtrends\/#organization\"},\"potentialAction\":{\"@type\":\"SearchAction\",\"target\":\"https:\/\/empresas.infoempleo.com\/hrtrends\/?s={search_term_string}\",\"query-input\":\"required name=search_term_string\"},\"inLanguage\":\"es\"},{\"@type\":\"Organization\",\"@id\":\"https:\/\/empresas.infoempleo.com\/hrtrends\/#organization\",\"name\":\"Infoempleo\",\"url\":\"https:\/\/www.infoempleo.com\/\",\"logo\":{\"@type\":\"ImageObject\",\"@id\":\"https:\/\/empresas.infoempleo.com\/hrtrends\/#logo\",\"inLanguage\":\"es\",\"url\":\"https:\/\/cdnazure.infoempleo.com\/infoempleo\/assets\/style\/gfx\/logo.svg\",\"contentUrl\":\"https:\/\/cdnazure.infoempleo.com\/infoempleo\/assets\/style\/gfx\/logo.svg\",\"width\":150,\"height\":40,\"caption\":\"Infoempleo\"},\"image\":{\"@id\":\"https:\/\/empresas.infoempleo.com\/hrtrends\/#logo\"},\"sameAs\":[\"https:\/\/www.facebook.com\/Infoempleo\",\"https:\/\/x.com\/infoempleo\",\"http:\/\/instagram.com\/infoempleo\/\",\"http:\/\/www.linkedin.com\/groups\/Empleo-Espa\u00f1a-Infoempleocom-111276\",\"http:\/\/pinterest.com\/infoempleo\/\"],\"address\":{\"@type\":\"PostalAddress\",\"addressLocality\":\"Madrid\",\"postalCode\":\"28050\",\"streetAddress\":\"Avenida de Burgos 114\"},\"brand\":[\"Infoempleo\"]},{\"@type\":\"Person\",\"@id\":\"https:\/\/empresas.infoempleo.com\/hrtrends\/#\/schema\/person\/b49a158d366f8a127e0cfa17870ac023\",\"name\":\"oscar bordona\",\"image\":{\"@type\":\"ImageObject\",\"inLanguage\":\"es\",\"@id\":\"https:\/\/empresas.infoempleo.com\/hrtrends\/#\/schema\/person\/image\/\",\"url\":\"https:\/\/secure.gravatar.com\/avatar\/?s=96&d=mm&r=g\",\"contentUrl\":\"https:\/\/secure.gravatar.com\/avatar\/?s=96&d=mm&r=g\",\"caption\":\"oscar bordona\"},\"url\":\"https:\/\/empresas.infoempleo.com\/hrtrends\/author\/oscar-bordona\/\"}]}<\/script>\n<!-- \/ Yoast SEO plugin. -->","yoast_head_json":{"title":"\"A 300 por hora me parece estar en mi sof\u00e1\" | HRTRENDS","robots":{"index":"index","follow":"follow","max-snippet":"max-snippet:-1","max-image-preview":"max-image-preview:large","max-video-preview":"max-video-preview:-1"},"canonical":"https:\/\/empresas.infoempleo.com\/hrtrends\/barrichello-a-300-por-hora-me-parece-estar-en-mi-sofa\/","og_locale":"es_ES","og_type":"article","og_title":"\"A 300 por hora me parece estar en mi sof\u00e1\" | HRTRENDS","og_description":"Los valores que cimentan el \u00e9xito en el automovilismo no son tan distintos a los que se precisan fuera de la pista. Barrichello nos revela esas claves.","og_url":"https:\/\/empresas.infoempleo.com\/hrtrends\/barrichello-a-300-por-hora-me-parece-estar-en-mi-sofa\/","og_site_name":"HRTRENDS","article_publisher":"https:\/\/www.facebook.com\/Infoempleo","article_published_time":"2010-07-02T14:36:56+00:00","article_modified_time":"2023-02-03T13:06:36+00:00","og_image":[{"width":1280,"height":960,"url":"https:\/\/empresas.infoempleo.com\/hrtrends\/media\/2017\/05\/pexels-photo-205508.jpg","type":"image\/jpeg"}],"author":"oscar bordona","twitter_card":"summary_large_image","twitter_creator":"@infoempleo","twitter_site":"@infoempleo","twitter_misc":{"Escrito por":"oscar bordona","Tiempo de lectura":"3 minutos"},"schema":{"@context":"https:\/\/schema.org","@graph":[{"@type":"NewsArticle","@id":"https:\/\/empresas.infoempleo.com\/hrtrends\/barrichello-a-300-por-hora-me-parece-estar-en-mi-sofa\/#article","isPartOf":{"@id":"https:\/\/empresas.infoempleo.com\/hrtrends\/barrichello-a-300-por-hora-me-parece-estar-en-mi-sofa\/"},"author":{"name":"oscar bordona","@id":"https:\/\/empresas.infoempleo.com\/hrtrends\/#\/schema\/person\/b49a158d366f8a127e0cfa17870ac023"},"headline":"\u00abA 300 por hora me parece estar en mi sof\u00e1\u00bb","datePublished":"2010-07-02T14:36:56+00:00","dateModified":"2023-02-03T13:06:36+00:00","mainEntityOfPage":{"@id":"https:\/\/empresas.infoempleo.com\/hrtrends\/barrichello-a-300-por-hora-me-parece-estar-en-mi-sofa\/"},"wordCount":630,"publisher":{"@id":"https:\/\/empresas.infoempleo.com\/hrtrends\/#organization"},"image":{"@id":"https:\/\/empresas.infoempleo.com\/hrtrends\/barrichello-a-300-por-hora-me-parece-estar-en-mi-sofa\/#primaryimage"},"thumbnailUrl":"https:\/\/empresas.infoempleo.com\/hrtrends\/media\/2017\/05\/pexels-photo-205508.jpg","keywords":["infoempleo","liderazgo","profesionales","Randstad","trayectoria","Williams"],"articleSection":["Actualidad"],"inLanguage":"es","copyrightYear":"2010","copyrightHolder":{"@id":"https:\/\/empresas.infoempleo.com\/hrtrends\/#organization"}},{"@type":"WebPage","@id":"https:\/\/empresas.infoempleo.com\/hrtrends\/barrichello-a-300-por-hora-me-parece-estar-en-mi-sofa\/","url":"https:\/\/empresas.infoempleo.com\/hrtrends\/barrichello-a-300-por-hora-me-parece-estar-en-mi-sofa\/","name":"\"A 300 por hora me parece estar en mi sof\u00e1\" | HRTRENDS","isPartOf":{"@id":"https:\/\/empresas.infoempleo.com\/hrtrends\/#website"},"primaryImageOfPage":{"@id":"https:\/\/empresas.infoempleo.com\/hrtrends\/barrichello-a-300-por-hora-me-parece-estar-en-mi-sofa\/#primaryimage"},"image":{"@id":"https:\/\/empresas.infoempleo.com\/hrtrends\/barrichello-a-300-por-hora-me-parece-estar-en-mi-sofa\/#primaryimage"},"thumbnailUrl":"https:\/\/empresas.infoempleo.com\/hrtrends\/media\/2017\/05\/pexels-photo-205508.jpg","datePublished":"2010-07-02T14:36:56+00:00","dateModified":"2023-02-03T13:06:36+00:00","breadcrumb":{"@id":"https:\/\/empresas.infoempleo.com\/hrtrends\/barrichello-a-300-por-hora-me-parece-estar-en-mi-sofa\/#breadcrumb"},"inLanguage":"es","potentialAction":[{"@type":"ReadAction","target":["https:\/\/empresas.infoempleo.com\/hrtrends\/barrichello-a-300-por-hora-me-parece-estar-en-mi-sofa\/"]}]},{"@type":"ImageObject","inLanguage":"es","@id":"https:\/\/empresas.infoempleo.com\/hrtrends\/barrichello-a-300-por-hora-me-parece-estar-en-mi-sofa\/#primaryimage","url":"https:\/\/empresas.infoempleo.com\/hrtrends\/media\/2017\/05\/pexels-photo-205508-150x150.jpg","contentUrl":"https:\/\/empresas.infoempleo.com\/hrtrends\/media\/2017\/05\/pexels-photo-205508-150x150.jpg","width":150,"height":150},{"@type":"BreadcrumbList","@id":"https:\/\/empresas.infoempleo.com\/hrtrends\/barrichello-a-300-por-hora-me-parece-estar-en-mi-sofa\/#breadcrumb","itemListElement":[{"@type":"ListItem","position":1,"name":"Portada","item":"https:\/\/empresas.infoempleo.com\/hrtrends\/"},{"@type":"ListItem","position":2,"name":"\u00abA 300 por hora me parece estar en mi sof\u00e1\u00bb"}]},{"@type":"WebSite","@id":"https:\/\/empresas.infoempleo.com\/hrtrends\/#website","url":"https:\/\/empresas.infoempleo.com\/hrtrends","name":"HRTrends by Infoempleo","description":"","publisher":{"@id":"https:\/\/empresas.infoempleo.com\/hrtrends\/#organization"},"potentialAction":{"@type":"SearchAction","target":"https:\/\/empresas.infoempleo.com\/hrtrends\/?s={search_term_string}","query-input":"required name=search_term_string"},"inLanguage":"es"},{"@type":"Organization","@id":"https:\/\/empresas.infoempleo.com\/hrtrends\/#organization","name":"Infoempleo","url":"https:\/\/www.infoempleo.com\/","logo":{"@type":"ImageObject","@id":"https:\/\/empresas.infoempleo.com\/hrtrends\/#logo","inLanguage":"es","url":"https:\/\/cdnazure.infoempleo.com\/infoempleo\/assets\/style\/gfx\/logo.svg","contentUrl":"https:\/\/cdnazure.infoempleo.com\/infoempleo\/assets\/style\/gfx\/logo.svg","width":150,"height":40,"caption":"Infoempleo"},"image":{"@id":"https:\/\/empresas.infoempleo.com\/hrtrends\/#logo"},"sameAs":["https:\/\/www.facebook.com\/Infoempleo","https:\/\/x.com\/infoempleo","http:\/\/instagram.com\/infoempleo\/","http:\/\/www.linkedin.com\/groups\/Empleo-Espa\u00f1a-Infoempleocom-111276","http:\/\/pinterest.com\/infoempleo\/"],"address":{"@type":"PostalAddress","addressLocality":"Madrid","postalCode":"28050","streetAddress":"Avenida de Burgos 114"},"brand":["Infoempleo"]},{"@type":"Person","@id":"https:\/\/empresas.infoempleo.com\/hrtrends\/#\/schema\/person\/b49a158d366f8a127e0cfa17870ac023","name":"oscar bordona","image":{"@type":"ImageObject","inLanguage":"es","@id":"https:\/\/empresas.infoempleo.com\/hrtrends\/#\/schema\/person\/image\/","url":"https:\/\/secure.gravatar.com\/avatar\/?s=96&d=mm&r=g","contentUrl":"https:\/\/secure.gravatar.com\/avatar\/?s=96&d=mm&r=g","caption":"oscar bordona"},"url":"https:\/\/empresas.infoempleo.com\/hrtrends\/author\/oscar-bordona\/"}]}},"amp_enabled":true,"_links":{"self":[{"href":"https:\/\/empresas.infoempleo.com\/hrtrends\/wp-json\/wp\/v2\/posts\/10373","targetHints":{"allow":["GET"]}}],"collection":[{"href":"https:\/\/empresas.infoempleo.com\/hrtrends\/wp-json\/wp\/v2\/posts"}],"about":[{"href":"https:\/\/empresas.infoempleo.com\/hrtrends\/wp-json\/wp\/v2\/types\/post"}],"author":[{"embeddable":true,"href":"https:\/\/empresas.infoempleo.com\/hrtrends\/wp-json\/wp\/v2\/users\/36"}],"replies":[{"embeddable":true,"href":"https:\/\/empresas.infoempleo.com\/hrtrends\/wp-json\/wp\/v2\/comments?post=10373"}],"version-history":[{"count":1,"href":"https:\/\/empresas.infoempleo.com\/hrtrends\/wp-json\/wp\/v2\/posts\/10373\/revisions"}],"predecessor-version":[{"id":42556,"href":"https:\/\/empresas.infoempleo.com\/hrtrends\/wp-json\/wp\/v2\/posts\/10373\/revisions\/42556"}],"wp:featuredmedia":[{"embeddable":true,"href":"https:\/\/empresas.infoempleo.com\/hrtrends\/wp-json\/wp\/v2\/media\/29665"}],"wp:attachment":[{"href":"https:\/\/empresas.infoempleo.com\/hrtrends\/wp-json\/wp\/v2\/media?parent=10373"}],"wp:term":[{"taxonomy":"category","embeddable":true,"href":"https:\/\/empresas.infoempleo.com\/hrtrends\/wp-json\/wp\/v2\/categories?post=10373"},{"taxonomy":"post_tag","embeddable":true,"href":"https:\/\/empresas.infoempleo.com\/hrtrends\/wp-json\/wp\/v2\/tags?post=10373"}],"curies":[{"name":"wp","href":"https:\/\/api.w.org\/{rel}","templated":true}]}}