{"id":1033,"date":"2009-06-01T11:06:11","date_gmt":"2009-06-01T10:06:11","guid":{"rendered":"http:\/\/blog.infoempleo.com\/?p=1033"},"modified":"2023-03-13T19:29:10","modified_gmt":"2023-03-13T17:29:10","slug":"buscar-lo-que-quieres-o-escapar-de-lo-que-temes","status":"publish","type":"post","link":"https:\/\/empresas.infoempleo.com\/hrtrends\/buscar-lo-que-quieres-o-escapar-de-lo-que-temes\/","title":{"rendered":"\u00bfBuscar lo que quieres o escapar de lo que temes?"},"content":{"rendered":"<p><strong><\/strong><\/p>\n<p><strong>Por Dr. Mario Alonso Puig, conferenciante de HSM y autor de &#8216;Vivir es un asunto urgente&#8217;<\/strong><\/p>\n<p>Nuestra \u00e9poca actual est\u00e1 marcada en gran medida por la incertidumbre, el bajo estado de \u00e1nimo y la desconfianza. A veces creemos que el llenarnos de tensi\u00f3n, condenando la dif\u00edcil situaci\u00f3n en la que nos encontramos, va a arreglar algo. <strong>Creo que es importante que nos reconciliemos con la realidad<\/strong> y que aceptemos que \u00e9ste es el campo en el que ahora todos tenemos que jugar.<\/p>\n<p>Aunque las personas no elijamos los temporales en los que nos vemos envueltos, s\u00ed tenemos algo o mucho que decir en la manera en la que vamos a pilotar nuestro velero, \u00bfverdad? A veces es nuestra obsesi\u00f3n por tener la raz\u00f3n la que nos lanza en una b\u00fasqueda compulsiva por encontrar los motivos que justifican nuestra falta de ilusi\u00f3n y de confianza en medio de la dificultad. Una conducta razonable no tiene por qu\u00e9 estar alineada con una conducta inteligente.<\/p>\n<p>Ante la adversidad, <strong>nuestras mentes se posicionan de una manera autom\u00e1tica en un patr\u00f3n de alarma y nos enfocamos mucho m\u00e1s en lo que tememos que en lo que queremos<\/strong>. No jugamos a ganar sino a no perder. Por eso, nuestros cerebros buscan con especial vehemencia el peligro, tanto que cuando no lo ven, sin darse cuenta lo generan.<\/p>\n<p>Cuando uno pone su atenci\u00f3n en la b\u00fasqueda de aquello que tiene el potencial de da\u00f1arnos, pero\u00a0no suele reparar en aquello que tienen la posibilidad de ayudarnos. En el interior del tronco del enc\u00e9falo, en las profundidades del tallo cerebral, hay una estructura de aspecto reticular, formado por unas neuronas muy especiales, tan especiales que son las encargadas en gran medida de mantener nuestro estado de alerta. Ellas dirigen \u00a0la atenci\u00f3n para que encontremos en el mundo y en nosotros mismos lo que m\u00e1s nos importa. Por eso, quien quiere comprarse un coche negro no para de ver coches negros y quien est\u00e1 embarazada, no para de ver embarazadas por la calle.<\/p>\n<p>Cuando lo que m\u00e1s nos importa es evitar el dolor, el sistema reticular activador ascendente, que as\u00ed se llama esta curiosa red neuronal, no para de buscar aquello que potencialmente es da\u00f1ino y, como podemos imaginar, potencialmente todo puede ser, al menos parcialmente o en alguna ocasi\u00f3n da\u00f1ino. <strong>Sinti\u00e9ndose de esta manera rodeado de peligros, el cerebro pierde claridad mental y perspectiva<\/strong>, capacidad de analizar el entorno y potencial creativo. El resultado es que donde hay una puerta, s\u00f3lo vemos un muro.<\/p>\n<p>Necesitamos personas que nos hablen mucho m\u00e1s de hacia d\u00f3nde queremos ir que no hacia d\u00f3nde no queremos ir. <strong>Necesitamos personas que pongan su atenci\u00f3n en las posibilidades y no tanto en los l\u00edmites o en las restricciones.<\/strong> Como dec\u00eda Thomas Alva Edison: \u00abLas personas que dicen que algo no puede ser hecho, no deber\u00edan permanecer en el camino de aquellas que lo est\u00e1n haciendo\u00bb.<\/p>\n<p>Hoy necesitamos personas que elijan ser sembradores de ilusi\u00f3n y no de desesperanza, ya que al fin y al cabo, <strong>lo que el coraz\u00f3n quiere sentir, la mente se lo acaba mostrando.<\/strong><\/p>\n","protected":false},"excerpt":{"rendered":"<p>Por Dr. Mario Alonso Puig, conferenciante de HSM y autor de &#8216;Vivir es un asunto urgente&#8217; Nuestra \u00e9poca<a class=\"moretag\" href=\"https:\/\/empresas.infoempleo.com\/hrtrends\/buscar-lo-que-quieres-o-escapar-de-lo-que-temes\/\"> Leer m\u00e1s<\/a><\/p>\n","protected":false},"author":72,"featured_media":29665,"comment_status":"closed","ping_status":"open","sticky":false,"template":"","format":"standard","meta":{"footnotes":""},"categories":[3],"tags":[],"class_list":["post-1033","post","type-post","status-publish","format-standard","has-post-thumbnail","hentry","category-actualidad"],"yoast_head":"<!-- This site is optimized with the Yoast SEO plugin v26.1.1 - https:\/\/yoast.com\/wordpress\/plugins\/seo\/ -->\n<title>\u00bfBuscar lo que quieres o escapar de lo que temes? | HRTRENDS<\/title>\n<meta name=\"robots\" content=\"index, follow, max-snippet:-1, max-image-preview:large, max-video-preview:-1\" \/>\n<link rel=\"canonical\" href=\"https:\/\/empresas.infoempleo.com\/hrtrends\/buscar-lo-que-quieres-o-escapar-de-lo-que-temes\/\" \/>\n<meta property=\"og:locale\" content=\"es_ES\" \/>\n<meta property=\"og:type\" content=\"article\" \/>\n<meta property=\"og:title\" content=\"\u00bfBuscar lo que quieres o escapar de lo que temes? | HRTRENDS\" \/>\n<meta property=\"og:description\" content=\"Por Dr. Mario Alonso Puig, conferenciante de HSM y autor de &#8216;Vivir es un asunto urgente&#8217; Nuestra \u00e9poca Leer m\u00e1s\" \/>\n<meta property=\"og:url\" content=\"https:\/\/empresas.infoempleo.com\/hrtrends\/buscar-lo-que-quieres-o-escapar-de-lo-que-temes\/\" \/>\n<meta property=\"og:site_name\" content=\"HRTRENDS\" \/>\n<meta property=\"article:publisher\" content=\"https:\/\/www.facebook.com\/Infoempleo\" \/>\n<meta property=\"article:published_time\" content=\"2009-06-01T10:06:11+00:00\" \/>\n<meta property=\"article:modified_time\" content=\"2023-03-13T17:29:10+00:00\" \/>\n<meta property=\"og:image\" content=\"https:\/\/empresas.infoempleo.com\/hrtrends\/media\/2017\/05\/pexels-photo-205508.jpg\" \/>\n\t<meta property=\"og:image:width\" content=\"1280\" \/>\n\t<meta property=\"og:image:height\" content=\"960\" \/>\n\t<meta property=\"og:image:type\" content=\"image\/jpeg\" \/>\n<meta name=\"author\" content=\"infoempleo\" \/>\n<meta name=\"twitter:card\" content=\"summary_large_image\" \/>\n<meta name=\"twitter:creator\" content=\"@infoempleo\" \/>\n<meta name=\"twitter:site\" content=\"@infoempleo\" \/>\n<meta name=\"twitter:label1\" content=\"Escrito por\" \/>\n\t<meta name=\"twitter:data1\" content=\"infoempleo\" \/>\n\t<meta name=\"twitter:label2\" content=\"Tiempo de lectura\" \/>\n\t<meta name=\"twitter:data2\" content=\"3 minutos\" \/>\n<script type=\"application\/ld+json\" class=\"yoast-schema-graph\">{\"@context\":\"https:\/\/schema.org\",\"@graph\":[{\"@type\":\"NewsArticle\",\"@id\":\"https:\/\/empresas.infoempleo.com\/hrtrends\/buscar-lo-que-quieres-o-escapar-de-lo-que-temes\/#article\",\"isPartOf\":{\"@id\":\"https:\/\/empresas.infoempleo.com\/hrtrends\/buscar-lo-que-quieres-o-escapar-de-lo-que-temes\/\"},\"author\":{\"name\":\"infoempleo\",\"@id\":\"https:\/\/empresas.infoempleo.com\/hrtrends\/#\/schema\/person\/67d3e276ffcc8b3ae0ebec816daf775a\"},\"headline\":\"\u00bfBuscar lo que quieres o escapar de lo que temes?\",\"datePublished\":\"2009-06-01T10:06:11+00:00\",\"dateModified\":\"2023-03-13T17:29:10+00:00\",\"mainEntityOfPage\":{\"@id\":\"https:\/\/empresas.infoempleo.com\/hrtrends\/buscar-lo-que-quieres-o-escapar-de-lo-que-temes\/\"},\"wordCount\":555,\"publisher\":{\"@id\":\"https:\/\/empresas.infoempleo.com\/hrtrends\/#organization\"},\"image\":{\"@id\":\"https:\/\/empresas.infoempleo.com\/hrtrends\/buscar-lo-que-quieres-o-escapar-de-lo-que-temes\/#primaryimage\"},\"thumbnailUrl\":\"https:\/\/empresas.infoempleo.com\/hrtrends\/media\/2017\/05\/pexels-photo-205508.jpg\",\"articleSection\":[\"Actualidad\"],\"inLanguage\":\"es\",\"copyrightYear\":\"2009\",\"copyrightHolder\":{\"@id\":\"https:\/\/empresas.infoempleo.com\/hrtrends\/#organization\"}},{\"@type\":\"WebPage\",\"@id\":\"https:\/\/empresas.infoempleo.com\/hrtrends\/buscar-lo-que-quieres-o-escapar-de-lo-que-temes\/\",\"url\":\"https:\/\/empresas.infoempleo.com\/hrtrends\/buscar-lo-que-quieres-o-escapar-de-lo-que-temes\/\",\"name\":\"\u00bfBuscar lo que quieres o escapar de lo que temes? | HRTRENDS\",\"isPartOf\":{\"@id\":\"https:\/\/empresas.infoempleo.com\/hrtrends\/#website\"},\"primaryImageOfPage\":{\"@id\":\"https:\/\/empresas.infoempleo.com\/hrtrends\/buscar-lo-que-quieres-o-escapar-de-lo-que-temes\/#primaryimage\"},\"image\":{\"@id\":\"https:\/\/empresas.infoempleo.com\/hrtrends\/buscar-lo-que-quieres-o-escapar-de-lo-que-temes\/#primaryimage\"},\"thumbnailUrl\":\"https:\/\/empresas.infoempleo.com\/hrtrends\/media\/2017\/05\/pexels-photo-205508.jpg\",\"datePublished\":\"2009-06-01T10:06:11+00:00\",\"dateModified\":\"2023-03-13T17:29:10+00:00\",\"breadcrumb\":{\"@id\":\"https:\/\/empresas.infoempleo.com\/hrtrends\/buscar-lo-que-quieres-o-escapar-de-lo-que-temes\/#breadcrumb\"},\"inLanguage\":\"es\",\"potentialAction\":[{\"@type\":\"ReadAction\",\"target\":[\"https:\/\/empresas.infoempleo.com\/hrtrends\/buscar-lo-que-quieres-o-escapar-de-lo-que-temes\/\"]}]},{\"@type\":\"ImageObject\",\"inLanguage\":\"es\",\"@id\":\"https:\/\/empresas.infoempleo.com\/hrtrends\/buscar-lo-que-quieres-o-escapar-de-lo-que-temes\/#primaryimage\",\"url\":\"https:\/\/empresas.infoempleo.com\/hrtrends\/media\/2017\/05\/pexels-photo-205508-150x150.jpg\",\"contentUrl\":\"https:\/\/empresas.infoempleo.com\/hrtrends\/media\/2017\/05\/pexels-photo-205508-150x150.jpg\",\"width\":150,\"height\":150},{\"@type\":\"BreadcrumbList\",\"@id\":\"https:\/\/empresas.infoempleo.com\/hrtrends\/buscar-lo-que-quieres-o-escapar-de-lo-que-temes\/#breadcrumb\",\"itemListElement\":[{\"@type\":\"ListItem\",\"position\":1,\"name\":\"Portada\",\"item\":\"https:\/\/empresas.infoempleo.com\/hrtrends\/\"},{\"@type\":\"ListItem\",\"position\":2,\"name\":\"\u00bfBuscar lo que quieres o escapar de lo que temes?\"}]},{\"@type\":\"WebSite\",\"@id\":\"https:\/\/empresas.infoempleo.com\/hrtrends\/#website\",\"url\":\"https:\/\/empresas.infoempleo.com\/hrtrends\",\"name\":\"HRTrends by Infoempleo\",\"description\":\"\",\"publisher\":{\"@id\":\"https:\/\/empresas.infoempleo.com\/hrtrends\/#organization\"},\"potentialAction\":{\"@type\":\"SearchAction\",\"target\":\"https:\/\/empresas.infoempleo.com\/hrtrends\/?s={search_term_string}\",\"query-input\":\"required name=search_term_string\"},\"inLanguage\":\"es\"},{\"@type\":\"Organization\",\"@id\":\"https:\/\/empresas.infoempleo.com\/hrtrends\/#organization\",\"name\":\"Infoempleo\",\"url\":\"https:\/\/www.infoempleo.com\/\",\"logo\":{\"@type\":\"ImageObject\",\"@id\":\"https:\/\/empresas.infoempleo.com\/hrtrends\/#logo\",\"inLanguage\":\"es\",\"url\":\"https:\/\/cdnazure.infoempleo.com\/infoempleo\/assets\/style\/gfx\/logo.svg\",\"contentUrl\":\"https:\/\/cdnazure.infoempleo.com\/infoempleo\/assets\/style\/gfx\/logo.svg\",\"width\":150,\"height\":40,\"caption\":\"Infoempleo\"},\"image\":{\"@id\":\"https:\/\/empresas.infoempleo.com\/hrtrends\/#logo\"},\"sameAs\":[\"https:\/\/www.facebook.com\/Infoempleo\",\"https:\/\/x.com\/infoempleo\",\"http:\/\/instagram.com\/infoempleo\/\",\"http:\/\/www.linkedin.com\/groups\/Empleo-Espa\u00f1a-Infoempleocom-111276\",\"http:\/\/pinterest.com\/infoempleo\/\"],\"address\":{\"@type\":\"PostalAddress\",\"addressLocality\":\"Madrid\",\"postalCode\":\"28050\",\"streetAddress\":\"Avenida de Burgos 114\"},\"brand\":[\"Infoempleo\"]},{\"@type\":\"Person\",\"@id\":\"https:\/\/empresas.infoempleo.com\/hrtrends\/#\/schema\/person\/67d3e276ffcc8b3ae0ebec816daf775a\",\"name\":\"infoempleo\",\"image\":{\"@type\":\"ImageObject\",\"inLanguage\":\"es\",\"@id\":\"https:\/\/empresas.infoempleo.com\/hrtrends\/#\/schema\/person\/image\/\",\"url\":\"https:\/\/secure.gravatar.com\/avatar\/7b437777242fe67d2473c2a818da2344692d1ee91e91080ccffbd97bcd4a0975?s=96&d=mm&r=g\",\"contentUrl\":\"https:\/\/secure.gravatar.com\/avatar\/7b437777242fe67d2473c2a818da2344692d1ee91e91080ccffbd97bcd4a0975?s=96&d=mm&r=g\",\"caption\":\"infoempleo\"},\"url\":\"https:\/\/empresas.infoempleo.com\/hrtrends\/author\/infoempleo\/\"}]}<\/script>\n<!-- \/ Yoast SEO plugin. -->","yoast_head_json":{"title":"\u00bfBuscar lo que quieres o escapar de lo que temes? | HRTRENDS","robots":{"index":"index","follow":"follow","max-snippet":"max-snippet:-1","max-image-preview":"max-image-preview:large","max-video-preview":"max-video-preview:-1"},"canonical":"https:\/\/empresas.infoempleo.com\/hrtrends\/buscar-lo-que-quieres-o-escapar-de-lo-que-temes\/","og_locale":"es_ES","og_type":"article","og_title":"\u00bfBuscar lo que quieres o escapar de lo que temes? | HRTRENDS","og_description":"Por Dr. Mario Alonso Puig, conferenciante de HSM y autor de &#8216;Vivir es un asunto urgente&#8217; Nuestra \u00e9poca Leer m\u00e1s","og_url":"https:\/\/empresas.infoempleo.com\/hrtrends\/buscar-lo-que-quieres-o-escapar-de-lo-que-temes\/","og_site_name":"HRTRENDS","article_publisher":"https:\/\/www.facebook.com\/Infoempleo","article_published_time":"2009-06-01T10:06:11+00:00","article_modified_time":"2023-03-13T17:29:10+00:00","og_image":[{"width":1280,"height":960,"url":"https:\/\/empresas.infoempleo.com\/hrtrends\/media\/2017\/05\/pexels-photo-205508.jpg","type":"image\/jpeg"}],"author":"infoempleo","twitter_card":"summary_large_image","twitter_creator":"@infoempleo","twitter_site":"@infoempleo","twitter_misc":{"Escrito por":"infoempleo","Tiempo de lectura":"3 minutos"},"schema":{"@context":"https:\/\/schema.org","@graph":[{"@type":"NewsArticle","@id":"https:\/\/empresas.infoempleo.com\/hrtrends\/buscar-lo-que-quieres-o-escapar-de-lo-que-temes\/#article","isPartOf":{"@id":"https:\/\/empresas.infoempleo.com\/hrtrends\/buscar-lo-que-quieres-o-escapar-de-lo-que-temes\/"},"author":{"name":"infoempleo","@id":"https:\/\/empresas.infoempleo.com\/hrtrends\/#\/schema\/person\/67d3e276ffcc8b3ae0ebec816daf775a"},"headline":"\u00bfBuscar lo que quieres o escapar de lo que temes?","datePublished":"2009-06-01T10:06:11+00:00","dateModified":"2023-03-13T17:29:10+00:00","mainEntityOfPage":{"@id":"https:\/\/empresas.infoempleo.com\/hrtrends\/buscar-lo-que-quieres-o-escapar-de-lo-que-temes\/"},"wordCount":555,"publisher":{"@id":"https:\/\/empresas.infoempleo.com\/hrtrends\/#organization"},"image":{"@id":"https:\/\/empresas.infoempleo.com\/hrtrends\/buscar-lo-que-quieres-o-escapar-de-lo-que-temes\/#primaryimage"},"thumbnailUrl":"https:\/\/empresas.infoempleo.com\/hrtrends\/media\/2017\/05\/pexels-photo-205508.jpg","articleSection":["Actualidad"],"inLanguage":"es","copyrightYear":"2009","copyrightHolder":{"@id":"https:\/\/empresas.infoempleo.com\/hrtrends\/#organization"}},{"@type":"WebPage","@id":"https:\/\/empresas.infoempleo.com\/hrtrends\/buscar-lo-que-quieres-o-escapar-de-lo-que-temes\/","url":"https:\/\/empresas.infoempleo.com\/hrtrends\/buscar-lo-que-quieres-o-escapar-de-lo-que-temes\/","name":"\u00bfBuscar lo que quieres o escapar de lo que temes? | HRTRENDS","isPartOf":{"@id":"https:\/\/empresas.infoempleo.com\/hrtrends\/#website"},"primaryImageOfPage":{"@id":"https:\/\/empresas.infoempleo.com\/hrtrends\/buscar-lo-que-quieres-o-escapar-de-lo-que-temes\/#primaryimage"},"image":{"@id":"https:\/\/empresas.infoempleo.com\/hrtrends\/buscar-lo-que-quieres-o-escapar-de-lo-que-temes\/#primaryimage"},"thumbnailUrl":"https:\/\/empresas.infoempleo.com\/hrtrends\/media\/2017\/05\/pexels-photo-205508.jpg","datePublished":"2009-06-01T10:06:11+00:00","dateModified":"2023-03-13T17:29:10+00:00","breadcrumb":{"@id":"https:\/\/empresas.infoempleo.com\/hrtrends\/buscar-lo-que-quieres-o-escapar-de-lo-que-temes\/#breadcrumb"},"inLanguage":"es","potentialAction":[{"@type":"ReadAction","target":["https:\/\/empresas.infoempleo.com\/hrtrends\/buscar-lo-que-quieres-o-escapar-de-lo-que-temes\/"]}]},{"@type":"ImageObject","inLanguage":"es","@id":"https:\/\/empresas.infoempleo.com\/hrtrends\/buscar-lo-que-quieres-o-escapar-de-lo-que-temes\/#primaryimage","url":"https:\/\/empresas.infoempleo.com\/hrtrends\/media\/2017\/05\/pexels-photo-205508-150x150.jpg","contentUrl":"https:\/\/empresas.infoempleo.com\/hrtrends\/media\/2017\/05\/pexels-photo-205508-150x150.jpg","width":150,"height":150},{"@type":"BreadcrumbList","@id":"https:\/\/empresas.infoempleo.com\/hrtrends\/buscar-lo-que-quieres-o-escapar-de-lo-que-temes\/#breadcrumb","itemListElement":[{"@type":"ListItem","position":1,"name":"Portada","item":"https:\/\/empresas.infoempleo.com\/hrtrends\/"},{"@type":"ListItem","position":2,"name":"\u00bfBuscar lo que quieres o escapar de lo que temes?"}]},{"@type":"WebSite","@id":"https:\/\/empresas.infoempleo.com\/hrtrends\/#website","url":"https:\/\/empresas.infoempleo.com\/hrtrends","name":"HRTrends by Infoempleo","description":"","publisher":{"@id":"https:\/\/empresas.infoempleo.com\/hrtrends\/#organization"},"potentialAction":{"@type":"SearchAction","target":"https:\/\/empresas.infoempleo.com\/hrtrends\/?s={search_term_string}","query-input":"required name=search_term_string"},"inLanguage":"es"},{"@type":"Organization","@id":"https:\/\/empresas.infoempleo.com\/hrtrends\/#organization","name":"Infoempleo","url":"https:\/\/www.infoempleo.com\/","logo":{"@type":"ImageObject","@id":"https:\/\/empresas.infoempleo.com\/hrtrends\/#logo","inLanguage":"es","url":"https:\/\/cdnazure.infoempleo.com\/infoempleo\/assets\/style\/gfx\/logo.svg","contentUrl":"https:\/\/cdnazure.infoempleo.com\/infoempleo\/assets\/style\/gfx\/logo.svg","width":150,"height":40,"caption":"Infoempleo"},"image":{"@id":"https:\/\/empresas.infoempleo.com\/hrtrends\/#logo"},"sameAs":["https:\/\/www.facebook.com\/Infoempleo","https:\/\/x.com\/infoempleo","http:\/\/instagram.com\/infoempleo\/","http:\/\/www.linkedin.com\/groups\/Empleo-Espa\u00f1a-Infoempleocom-111276","http:\/\/pinterest.com\/infoempleo\/"],"address":{"@type":"PostalAddress","addressLocality":"Madrid","postalCode":"28050","streetAddress":"Avenida de Burgos 114"},"brand":["Infoempleo"]},{"@type":"Person","@id":"https:\/\/empresas.infoempleo.com\/hrtrends\/#\/schema\/person\/67d3e276ffcc8b3ae0ebec816daf775a","name":"infoempleo","image":{"@type":"ImageObject","inLanguage":"es","@id":"https:\/\/empresas.infoempleo.com\/hrtrends\/#\/schema\/person\/image\/","url":"https:\/\/secure.gravatar.com\/avatar\/7b437777242fe67d2473c2a818da2344692d1ee91e91080ccffbd97bcd4a0975?s=96&d=mm&r=g","contentUrl":"https:\/\/secure.gravatar.com\/avatar\/7b437777242fe67d2473c2a818da2344692d1ee91e91080ccffbd97bcd4a0975?s=96&d=mm&r=g","caption":"infoempleo"},"url":"https:\/\/empresas.infoempleo.com\/hrtrends\/author\/infoempleo\/"}]}},"amp_enabled":true,"_links":{"self":[{"href":"https:\/\/empresas.infoempleo.com\/hrtrends\/wp-json\/wp\/v2\/posts\/1033","targetHints":{"allow":["GET"]}}],"collection":[{"href":"https:\/\/empresas.infoempleo.com\/hrtrends\/wp-json\/wp\/v2\/posts"}],"about":[{"href":"https:\/\/empresas.infoempleo.com\/hrtrends\/wp-json\/wp\/v2\/types\/post"}],"author":[{"embeddable":true,"href":"https:\/\/empresas.infoempleo.com\/hrtrends\/wp-json\/wp\/v2\/users\/72"}],"replies":[{"embeddable":true,"href":"https:\/\/empresas.infoempleo.com\/hrtrends\/wp-json\/wp\/v2\/comments?post=1033"}],"version-history":[{"count":1,"href":"https:\/\/empresas.infoempleo.com\/hrtrends\/wp-json\/wp\/v2\/posts\/1033\/revisions"}],"predecessor-version":[{"id":43151,"href":"https:\/\/empresas.infoempleo.com\/hrtrends\/wp-json\/wp\/v2\/posts\/1033\/revisions\/43151"}],"wp:featuredmedia":[{"embeddable":true,"href":"https:\/\/empresas.infoempleo.com\/hrtrends\/wp-json\/wp\/v2\/media\/29665"}],"wp:attachment":[{"href":"https:\/\/empresas.infoempleo.com\/hrtrends\/wp-json\/wp\/v2\/media?parent=1033"}],"wp:term":[{"taxonomy":"category","embeddable":true,"href":"https:\/\/empresas.infoempleo.com\/hrtrends\/wp-json\/wp\/v2\/categories?post=1033"},{"taxonomy":"post_tag","embeddable":true,"href":"https:\/\/empresas.infoempleo.com\/hrtrends\/wp-json\/wp\/v2\/tags?post=1033"}],"curies":[{"name":"wp","href":"https:\/\/api.w.org\/{rel}","templated":true}]}}