{"id":10289,"date":"2010-07-05T09:09:59","date_gmt":"2010-07-05T08:09:59","guid":{"rendered":"http:\/\/blog.infoempleo.com\/?p=10289"},"modified":"2024-08-29T17:41:42","modified_gmt":"2024-08-29T15:41:42","slug":"nuevos-profesionales-en-sus-puestos-49","status":"publish","type":"post","link":"https:\/\/empresas.infoempleo.com\/hrtrends\/nuevos-profesionales-en-sus-puestos-49\/","title":{"rendered":"Nuevos profesionales en sus puestos"},"content":{"rendered":"<p><img loading=\"lazy\" decoding=\"async\" class=\"alignnone size-full wp-image-10290\" src=\"https:\/\/empresas.infoempleo.com\/hrtrends\/media\/2010\/06\/nom151.jpg\" alt=\"Jose Sedano\" width=\"112\" height=\"137\" \/><\/p>\n<p><strong>Jos\u00e9 Sedano, director general de Diageo Iberia<\/strong><\/p>\n<p>Licenciado en ADE por la Universidad de Deusto, y m\u00e1ster en Administraci\u00f3n de planificaci\u00f3n regional- Universidad West Midlands de Coventry, en Reino Unido-, Jos\u00e9 Sedano lleva m\u00e1s de 22 a\u00f1os trabajando en la industria de bebidas espirituosas. Fue director general de Maxxium Espa\u00f1a\u00a0y director comercial de Allied Domecq.<\/p>\n<p>Se incorpor\u00f3 a Diageo hace cuatro a\u00f1os, como director domercial de Espa\u00f1a, cargo desde el que ha conseguido adaptar las nuevas necesidades de consumidor y cliente y relanzar el segmento de los espirituosos.<\/p>\n<p>\u00a0<\/p>\n<p><strong>Augusto M\u00e9ndez de Lugo, director de Desarrollo y Construcci\u00f3n para <a class=\"wp-caption-dd\" title=\"Burguer King\" href=\"https:\/\/www.burgerking.es\/home.htm\" target=\"_blank\" rel=\"noopener\">Burger King <\/a>Iberia<\/strong><\/p>\n<p>M\u00e9ndez de Lugo es licenciado en Derecho y m\u00e1ster en Asesor\u00eda Jur\u00eddica por el IE. Se incorpor\u00f3 a Burger King en 2003 y fue promocionado a director de la Divisi\u00f3n Mediterr\u00e1neo en 2006.<\/p>\n<p>Anteriormente, trabaj\u00f3\u00a0en el departamento jur\u00eddico del Grupo VIPS desde 2000 hasta 2003.<\/p>\n<p>\u00a0<\/p>\n<p><img loading=\"lazy\" decoding=\"async\" class=\"alignnone size-full wp-image-10292\" src=\"https:\/\/empresas.infoempleo.com\/hrtrends\/media\/2010\/06\/nom341.jpg\" alt=\"Eva Roman\" width=\"112\" height=\"137\" \/><\/p>\n<p><strong>Eva Roman, directora del \u00e1rea de Distribuci\u00f3n de IFO<\/strong><\/p>\n<p>Licenciada en Pedagog\u00eda por la Universidad Complutense de Madrid, Eva Roman Martos tiene una larga trayectoria profesional en el mundo de la ense\u00f1anza y las nuevas tecnolog\u00edas. Comenz\u00f3 trabajando como orientadora en el I.E.S Joaqu\u00edn Araujo y, posteriormente, se incorpor\u00f3 S.P. Formaci\u00f3n donde ejerci\u00f3 como profesora de tem\u00e1ticas relacionadas con las nuevas tecnolog\u00edas. Desde 2003 ha desempe\u00f1ado diferentes funciones dentro de las divisiones pedag\u00f3gicas y comerciales de IFO &#8211; Instituto de Formaci\u00f3n Online.<\/p>\n<p>\u00a0<\/p>\n<p><img loading=\"lazy\" decoding=\"async\" class=\"alignnone size-full wp-image-10293\" src=\"https:\/\/empresas.infoempleo.com\/hrtrends\/media\/2010\/06\/nom441.jpg\" alt=\"Jorge Yba\u00f1ez\" width=\"112\" height=\"137\" \/><\/p>\n<p><strong>Jorge Yb\u00e1\u00f1ez, director de Marketing y Estrategia de <a class=\"wp-caption-dd\" title=\"Sodexo\" href=\"https:\/\/es.sodexo.com\/home.html\" target=\"_blank\" rel=\"noopener\">Sodexo<\/a><\/strong><\/p>\n<p>Yb\u00e1\u00f1ez es licenciado en Ciencias Econ\u00f3micas y Empresariales por la Universidad de Alcal\u00e1 de Henares y posee una amplia formaci\u00f3n complementaria entre la que destaca el Programa de Direcci\u00f3n General cursado en IESE.<\/p>\n<p>Desde 2004 desempe\u00f1aba el cargo de director de Compras y Log\u00edstica en Sodexo. Adem\u00e1s cuenta con experiencia en desarrollo de marca, compras y estrategia en los sectores de turismo, hosteler\u00eda y retail.<\/p>\n","protected":false},"excerpt":{"rendered":"<p>Jos\u00e9 Sedano, director general de Diageo Iberia Licenciado en ADE por la Universidad de Deusto, y m\u00e1ster en<a class=\"moretag\" href=\"https:\/\/empresas.infoempleo.com\/hrtrends\/nuevos-profesionales-en-sus-puestos-49\/\"> Leer m\u00e1s<\/a><\/p>\n","protected":false},"author":72,"featured_media":29665,"comment_status":"closed","ping_status":"open","sticky":false,"template":"","format":"standard","meta":{"footnotes":""},"categories":[3],"tags":[177,1018,1057,178,70,553,46],"class_list":["post-10289","post","type-post","status-publish","format-standard","has-post-thumbnail","hentry","category-actualidad","tag-director","tag-ie","tag-ifo","tag-nombramientos","tag-rrhh","tag-sodexo","tag-trayectoria"],"yoast_head":"<!-- This site is optimized with the Yoast SEO plugin v26.1.1 - https:\/\/yoast.com\/wordpress\/plugins\/seo\/ -->\n<title>Nuevos profesionales en sus puestos | HRTRENDS<\/title>\n<meta name=\"robots\" content=\"index, follow, max-snippet:-1, max-image-preview:large, max-video-preview:-1\" \/>\n<link rel=\"canonical\" href=\"https:\/\/empresas.infoempleo.com\/hrtrends\/nuevos-profesionales-en-sus-puestos-49\/\" \/>\n<meta property=\"og:locale\" content=\"es_ES\" \/>\n<meta property=\"og:type\" content=\"article\" \/>\n<meta property=\"og:title\" content=\"Nuevos profesionales en sus puestos | HRTRENDS\" \/>\n<meta property=\"og:description\" content=\"Jos\u00e9 Sedano, director general de Diageo Iberia Licenciado en ADE por la Universidad de Deusto, y m\u00e1ster en Leer m\u00e1s\" \/>\n<meta property=\"og:url\" content=\"https:\/\/empresas.infoempleo.com\/hrtrends\/nuevos-profesionales-en-sus-puestos-49\/\" \/>\n<meta property=\"og:site_name\" content=\"HRTRENDS\" \/>\n<meta property=\"article:publisher\" content=\"https:\/\/www.facebook.com\/Infoempleo\" \/>\n<meta property=\"article:published_time\" content=\"2010-07-05T08:09:59+00:00\" \/>\n<meta property=\"article:modified_time\" content=\"2024-08-29T15:41:42+00:00\" \/>\n<meta property=\"og:image\" content=\"https:\/\/empresas.infoempleo.com\/hrtrends\/media\/2010\/06\/nom151.jpg\" \/>\n<meta name=\"author\" content=\"infoempleo\" \/>\n<meta name=\"twitter:card\" content=\"summary_large_image\" \/>\n<meta name=\"twitter:creator\" content=\"@infoempleo\" \/>\n<meta name=\"twitter:site\" content=\"@infoempleo\" \/>\n<meta name=\"twitter:label1\" content=\"Escrito por\" \/>\n\t<meta name=\"twitter:data1\" content=\"infoempleo\" \/>\n\t<meta name=\"twitter:label2\" content=\"Tiempo de lectura\" \/>\n\t<meta name=\"twitter:data2\" content=\"2 minutos\" \/>\n<script type=\"application\/ld+json\" class=\"yoast-schema-graph\">{\"@context\":\"https:\/\/schema.org\",\"@graph\":[{\"@type\":\"NewsArticle\",\"@id\":\"https:\/\/empresas.infoempleo.com\/hrtrends\/nuevos-profesionales-en-sus-puestos-49\/#article\",\"isPartOf\":{\"@id\":\"https:\/\/empresas.infoempleo.com\/hrtrends\/nuevos-profesionales-en-sus-puestos-49\/\"},\"author\":{\"name\":\"infoempleo\",\"@id\":\"https:\/\/empresas.infoempleo.com\/hrtrends\/#\/schema\/person\/67d3e276ffcc8b3ae0ebec816daf775a\"},\"headline\":\"Nuevos profesionales en sus puestos\",\"datePublished\":\"2010-07-05T08:09:59+00:00\",\"dateModified\":\"2024-08-29T15:41:42+00:00\",\"mainEntityOfPage\":{\"@id\":\"https:\/\/empresas.infoempleo.com\/hrtrends\/nuevos-profesionales-en-sus-puestos-49\/\"},\"wordCount\":342,\"publisher\":{\"@id\":\"https:\/\/empresas.infoempleo.com\/hrtrends\/#organization\"},\"image\":{\"@id\":\"https:\/\/empresas.infoempleo.com\/hrtrends\/nuevos-profesionales-en-sus-puestos-49\/#primaryimage\"},\"thumbnailUrl\":\"https:\/\/empresas.infoempleo.com\/hrtrends\/media\/2017\/05\/pexels-photo-205508.jpg\",\"keywords\":[\"director\",\"IE\",\"IFO\",\"Nombramientos\",\"RRHH\",\"Sodexo\",\"trayectoria\"],\"articleSection\":[\"Actualidad\"],\"inLanguage\":\"es\",\"copyrightYear\":\"2010\",\"copyrightHolder\":{\"@id\":\"https:\/\/empresas.infoempleo.com\/hrtrends\/#organization\"}},{\"@type\":\"WebPage\",\"@id\":\"https:\/\/empresas.infoempleo.com\/hrtrends\/nuevos-profesionales-en-sus-puestos-49\/\",\"url\":\"https:\/\/empresas.infoempleo.com\/hrtrends\/nuevos-profesionales-en-sus-puestos-49\/\",\"name\":\"Nuevos profesionales en sus puestos | HRTRENDS\",\"isPartOf\":{\"@id\":\"https:\/\/empresas.infoempleo.com\/hrtrends\/#website\"},\"primaryImageOfPage\":{\"@id\":\"https:\/\/empresas.infoempleo.com\/hrtrends\/nuevos-profesionales-en-sus-puestos-49\/#primaryimage\"},\"image\":{\"@id\":\"https:\/\/empresas.infoempleo.com\/hrtrends\/nuevos-profesionales-en-sus-puestos-49\/#primaryimage\"},\"thumbnailUrl\":\"https:\/\/empresas.infoempleo.com\/hrtrends\/media\/2017\/05\/pexels-photo-205508.jpg\",\"datePublished\":\"2010-07-05T08:09:59+00:00\",\"dateModified\":\"2024-08-29T15:41:42+00:00\",\"breadcrumb\":{\"@id\":\"https:\/\/empresas.infoempleo.com\/hrtrends\/nuevos-profesionales-en-sus-puestos-49\/#breadcrumb\"},\"inLanguage\":\"es\",\"potentialAction\":[{\"@type\":\"ReadAction\",\"target\":[\"https:\/\/empresas.infoempleo.com\/hrtrends\/nuevos-profesionales-en-sus-puestos-49\/\"]}]},{\"@type\":\"ImageObject\",\"inLanguage\":\"es\",\"@id\":\"https:\/\/empresas.infoempleo.com\/hrtrends\/nuevos-profesionales-en-sus-puestos-49\/#primaryimage\",\"url\":\"https:\/\/empresas.infoempleo.com\/hrtrends\/media\/2017\/05\/pexels-photo-205508-150x150.jpg\",\"contentUrl\":\"https:\/\/empresas.infoempleo.com\/hrtrends\/media\/2017\/05\/pexels-photo-205508-150x150.jpg\",\"width\":150,\"height\":150},{\"@type\":\"BreadcrumbList\",\"@id\":\"https:\/\/empresas.infoempleo.com\/hrtrends\/nuevos-profesionales-en-sus-puestos-49\/#breadcrumb\",\"itemListElement\":[{\"@type\":\"ListItem\",\"position\":1,\"name\":\"Portada\",\"item\":\"https:\/\/empresas.infoempleo.com\/hrtrends\/\"},{\"@type\":\"ListItem\",\"position\":2,\"name\":\"Nuevos profesionales en sus puestos\"}]},{\"@type\":\"WebSite\",\"@id\":\"https:\/\/empresas.infoempleo.com\/hrtrends\/#website\",\"url\":\"https:\/\/empresas.infoempleo.com\/hrtrends\",\"name\":\"HRTrends by Infoempleo\",\"description\":\"\",\"publisher\":{\"@id\":\"https:\/\/empresas.infoempleo.com\/hrtrends\/#organization\"},\"potentialAction\":{\"@type\":\"SearchAction\",\"target\":\"https:\/\/empresas.infoempleo.com\/hrtrends\/?s={search_term_string}\",\"query-input\":\"required name=search_term_string\"},\"inLanguage\":\"es\"},{\"@type\":\"Organization\",\"@id\":\"https:\/\/empresas.infoempleo.com\/hrtrends\/#organization\",\"name\":\"Infoempleo\",\"url\":\"https:\/\/www.infoempleo.com\/\",\"logo\":{\"@type\":\"ImageObject\",\"@id\":\"https:\/\/empresas.infoempleo.com\/hrtrends\/#logo\",\"inLanguage\":\"es\",\"url\":\"https:\/\/cdnazure.infoempleo.com\/infoempleo\/assets\/style\/gfx\/logo.svg\",\"contentUrl\":\"https:\/\/cdnazure.infoempleo.com\/infoempleo\/assets\/style\/gfx\/logo.svg\",\"width\":150,\"height\":40,\"caption\":\"Infoempleo\"},\"image\":{\"@id\":\"https:\/\/empresas.infoempleo.com\/hrtrends\/#logo\"},\"sameAs\":[\"https:\/\/www.facebook.com\/Infoempleo\",\"https:\/\/x.com\/infoempleo\",\"http:\/\/instagram.com\/infoempleo\/\",\"http:\/\/www.linkedin.com\/groups\/Empleo-Espa\u00f1a-Infoempleocom-111276\",\"http:\/\/pinterest.com\/infoempleo\/\"],\"address\":{\"@type\":\"PostalAddress\",\"addressLocality\":\"Madrid\",\"postalCode\":\"28050\",\"streetAddress\":\"Avenida de Burgos 114\"},\"brand\":[\"Infoempleo\"]},{\"@type\":\"Person\",\"@id\":\"https:\/\/empresas.infoempleo.com\/hrtrends\/#\/schema\/person\/67d3e276ffcc8b3ae0ebec816daf775a\",\"name\":\"infoempleo\",\"image\":{\"@type\":\"ImageObject\",\"inLanguage\":\"es\",\"@id\":\"https:\/\/empresas.infoempleo.com\/hrtrends\/#\/schema\/person\/image\/\",\"url\":\"https:\/\/secure.gravatar.com\/avatar\/7b437777242fe67d2473c2a818da2344692d1ee91e91080ccffbd97bcd4a0975?s=96&d=mm&r=g\",\"contentUrl\":\"https:\/\/secure.gravatar.com\/avatar\/7b437777242fe67d2473c2a818da2344692d1ee91e91080ccffbd97bcd4a0975?s=96&d=mm&r=g\",\"caption\":\"infoempleo\"},\"url\":\"https:\/\/empresas.infoempleo.com\/hrtrends\/author\/infoempleo\/\"}]}<\/script>\n<!-- \/ Yoast SEO plugin. -->","yoast_head_json":{"title":"Nuevos profesionales en sus puestos | HRTRENDS","robots":{"index":"index","follow":"follow","max-snippet":"max-snippet:-1","max-image-preview":"max-image-preview:large","max-video-preview":"max-video-preview:-1"},"canonical":"https:\/\/empresas.infoempleo.com\/hrtrends\/nuevos-profesionales-en-sus-puestos-49\/","og_locale":"es_ES","og_type":"article","og_title":"Nuevos profesionales en sus puestos | HRTRENDS","og_description":"Jos\u00e9 Sedano, director general de Diageo Iberia Licenciado en ADE por la Universidad de Deusto, y m\u00e1ster en Leer m\u00e1s","og_url":"https:\/\/empresas.infoempleo.com\/hrtrends\/nuevos-profesionales-en-sus-puestos-49\/","og_site_name":"HRTRENDS","article_publisher":"https:\/\/www.facebook.com\/Infoempleo","article_published_time":"2010-07-05T08:09:59+00:00","article_modified_time":"2024-08-29T15:41:42+00:00","og_image":[{"url":"https:\/\/empresas.infoempleo.com\/hrtrends\/media\/2010\/06\/nom151.jpg","type":"","width":"","height":""}],"author":"infoempleo","twitter_card":"summary_large_image","twitter_creator":"@infoempleo","twitter_site":"@infoempleo","twitter_misc":{"Escrito por":"infoempleo","Tiempo de lectura":"2 minutos"},"schema":{"@context":"https:\/\/schema.org","@graph":[{"@type":"NewsArticle","@id":"https:\/\/empresas.infoempleo.com\/hrtrends\/nuevos-profesionales-en-sus-puestos-49\/#article","isPartOf":{"@id":"https:\/\/empresas.infoempleo.com\/hrtrends\/nuevos-profesionales-en-sus-puestos-49\/"},"author":{"name":"infoempleo","@id":"https:\/\/empresas.infoempleo.com\/hrtrends\/#\/schema\/person\/67d3e276ffcc8b3ae0ebec816daf775a"},"headline":"Nuevos profesionales en sus puestos","datePublished":"2010-07-05T08:09:59+00:00","dateModified":"2024-08-29T15:41:42+00:00","mainEntityOfPage":{"@id":"https:\/\/empresas.infoempleo.com\/hrtrends\/nuevos-profesionales-en-sus-puestos-49\/"},"wordCount":342,"publisher":{"@id":"https:\/\/empresas.infoempleo.com\/hrtrends\/#organization"},"image":{"@id":"https:\/\/empresas.infoempleo.com\/hrtrends\/nuevos-profesionales-en-sus-puestos-49\/#primaryimage"},"thumbnailUrl":"https:\/\/empresas.infoempleo.com\/hrtrends\/media\/2017\/05\/pexels-photo-205508.jpg","keywords":["director","IE","IFO","Nombramientos","RRHH","Sodexo","trayectoria"],"articleSection":["Actualidad"],"inLanguage":"es","copyrightYear":"2010","copyrightHolder":{"@id":"https:\/\/empresas.infoempleo.com\/hrtrends\/#organization"}},{"@type":"WebPage","@id":"https:\/\/empresas.infoempleo.com\/hrtrends\/nuevos-profesionales-en-sus-puestos-49\/","url":"https:\/\/empresas.infoempleo.com\/hrtrends\/nuevos-profesionales-en-sus-puestos-49\/","name":"Nuevos profesionales en sus puestos | HRTRENDS","isPartOf":{"@id":"https:\/\/empresas.infoempleo.com\/hrtrends\/#website"},"primaryImageOfPage":{"@id":"https:\/\/empresas.infoempleo.com\/hrtrends\/nuevos-profesionales-en-sus-puestos-49\/#primaryimage"},"image":{"@id":"https:\/\/empresas.infoempleo.com\/hrtrends\/nuevos-profesionales-en-sus-puestos-49\/#primaryimage"},"thumbnailUrl":"https:\/\/empresas.infoempleo.com\/hrtrends\/media\/2017\/05\/pexels-photo-205508.jpg","datePublished":"2010-07-05T08:09:59+00:00","dateModified":"2024-08-29T15:41:42+00:00","breadcrumb":{"@id":"https:\/\/empresas.infoempleo.com\/hrtrends\/nuevos-profesionales-en-sus-puestos-49\/#breadcrumb"},"inLanguage":"es","potentialAction":[{"@type":"ReadAction","target":["https:\/\/empresas.infoempleo.com\/hrtrends\/nuevos-profesionales-en-sus-puestos-49\/"]}]},{"@type":"ImageObject","inLanguage":"es","@id":"https:\/\/empresas.infoempleo.com\/hrtrends\/nuevos-profesionales-en-sus-puestos-49\/#primaryimage","url":"https:\/\/empresas.infoempleo.com\/hrtrends\/media\/2017\/05\/pexels-photo-205508-150x150.jpg","contentUrl":"https:\/\/empresas.infoempleo.com\/hrtrends\/media\/2017\/05\/pexels-photo-205508-150x150.jpg","width":150,"height":150},{"@type":"BreadcrumbList","@id":"https:\/\/empresas.infoempleo.com\/hrtrends\/nuevos-profesionales-en-sus-puestos-49\/#breadcrumb","itemListElement":[{"@type":"ListItem","position":1,"name":"Portada","item":"https:\/\/empresas.infoempleo.com\/hrtrends\/"},{"@type":"ListItem","position":2,"name":"Nuevos profesionales en sus puestos"}]},{"@type":"WebSite","@id":"https:\/\/empresas.infoempleo.com\/hrtrends\/#website","url":"https:\/\/empresas.infoempleo.com\/hrtrends","name":"HRTrends by Infoempleo","description":"","publisher":{"@id":"https:\/\/empresas.infoempleo.com\/hrtrends\/#organization"},"potentialAction":{"@type":"SearchAction","target":"https:\/\/empresas.infoempleo.com\/hrtrends\/?s={search_term_string}","query-input":"required name=search_term_string"},"inLanguage":"es"},{"@type":"Organization","@id":"https:\/\/empresas.infoempleo.com\/hrtrends\/#organization","name":"Infoempleo","url":"https:\/\/www.infoempleo.com\/","logo":{"@type":"ImageObject","@id":"https:\/\/empresas.infoempleo.com\/hrtrends\/#logo","inLanguage":"es","url":"https:\/\/cdnazure.infoempleo.com\/infoempleo\/assets\/style\/gfx\/logo.svg","contentUrl":"https:\/\/cdnazure.infoempleo.com\/infoempleo\/assets\/style\/gfx\/logo.svg","width":150,"height":40,"caption":"Infoempleo"},"image":{"@id":"https:\/\/empresas.infoempleo.com\/hrtrends\/#logo"},"sameAs":["https:\/\/www.facebook.com\/Infoempleo","https:\/\/x.com\/infoempleo","http:\/\/instagram.com\/infoempleo\/","http:\/\/www.linkedin.com\/groups\/Empleo-Espa\u00f1a-Infoempleocom-111276","http:\/\/pinterest.com\/infoempleo\/"],"address":{"@type":"PostalAddress","addressLocality":"Madrid","postalCode":"28050","streetAddress":"Avenida de Burgos 114"},"brand":["Infoempleo"]},{"@type":"Person","@id":"https:\/\/empresas.infoempleo.com\/hrtrends\/#\/schema\/person\/67d3e276ffcc8b3ae0ebec816daf775a","name":"infoempleo","image":{"@type":"ImageObject","inLanguage":"es","@id":"https:\/\/empresas.infoempleo.com\/hrtrends\/#\/schema\/person\/image\/","url":"https:\/\/secure.gravatar.com\/avatar\/7b437777242fe67d2473c2a818da2344692d1ee91e91080ccffbd97bcd4a0975?s=96&d=mm&r=g","contentUrl":"https:\/\/secure.gravatar.com\/avatar\/7b437777242fe67d2473c2a818da2344692d1ee91e91080ccffbd97bcd4a0975?s=96&d=mm&r=g","caption":"infoempleo"},"url":"https:\/\/empresas.infoempleo.com\/hrtrends\/author\/infoempleo\/"}]}},"amp_enabled":true,"_links":{"self":[{"href":"https:\/\/empresas.infoempleo.com\/hrtrends\/wp-json\/wp\/v2\/posts\/10289","targetHints":{"allow":["GET"]}}],"collection":[{"href":"https:\/\/empresas.infoempleo.com\/hrtrends\/wp-json\/wp\/v2\/posts"}],"about":[{"href":"https:\/\/empresas.infoempleo.com\/hrtrends\/wp-json\/wp\/v2\/types\/post"}],"author":[{"embeddable":true,"href":"https:\/\/empresas.infoempleo.com\/hrtrends\/wp-json\/wp\/v2\/users\/72"}],"replies":[{"embeddable":true,"href":"https:\/\/empresas.infoempleo.com\/hrtrends\/wp-json\/wp\/v2\/comments?post=10289"}],"version-history":[{"count":3,"href":"https:\/\/empresas.infoempleo.com\/hrtrends\/wp-json\/wp\/v2\/posts\/10289\/revisions"}],"predecessor-version":[{"id":44850,"href":"https:\/\/empresas.infoempleo.com\/hrtrends\/wp-json\/wp\/v2\/posts\/10289\/revisions\/44850"}],"wp:featuredmedia":[{"embeddable":true,"href":"https:\/\/empresas.infoempleo.com\/hrtrends\/wp-json\/wp\/v2\/media\/29665"}],"wp:attachment":[{"href":"https:\/\/empresas.infoempleo.com\/hrtrends\/wp-json\/wp\/v2\/media?parent=10289"}],"wp:term":[{"taxonomy":"category","embeddable":true,"href":"https:\/\/empresas.infoempleo.com\/hrtrends\/wp-json\/wp\/v2\/categories?post=10289"},{"taxonomy":"post_tag","embeddable":true,"href":"https:\/\/empresas.infoempleo.com\/hrtrends\/wp-json\/wp\/v2\/tags?post=10289"}],"curies":[{"name":"wp","href":"https:\/\/api.w.org\/{rel}","templated":true}]}}