{"id":10167,"date":"2010-06-28T08:58:27","date_gmt":"2010-06-28T06:58:27","guid":{"rendered":"http:\/\/blog.infoempleo.com\/?p=10167"},"modified":"2023-02-03T15:06:35","modified_gmt":"2023-02-03T13:06:35","slug":"los-puntos-mas-calientes-de-la-reforma","status":"publish","type":"post","link":"https:\/\/empresas.infoempleo.com\/hrtrends\/los-puntos-mas-calientes-de-la-reforma\/","title":{"rendered":"Los puntos m\u00e1s calientes de la reforma"},"content":{"rendered":"<p style=\"text-align: center;\"><img loading=\"lazy\" decoding=\"async\" class=\"aligncenter wp-image-10197 size-full\" src=\"https:\/\/empresas.infoempleo.com\/hrtrends\/media\/2010\/06\/reforma-laboral1.jpg\" alt=\"ESPANA-SESION-CONTROL\" width=\"1000\" height=\"689\" srcset=\"https:\/\/empresas.infoempleo.com\/hrtrends\/media\/2010\/06\/reforma-laboral1.jpg 1000w, https:\/\/empresas.infoempleo.com\/hrtrends\/media\/2010\/06\/reforma-laboral1-300x207.jpg 300w, https:\/\/empresas.infoempleo.com\/hrtrends\/media\/2010\/06\/reforma-laboral1-768x529.jpg 768w\" sizes=\"auto, (max-width: 1000px) 100vw, 1000px\" \/><\/p>\n<p>Son 38 p\u00e1ginas del BOE. Cientos de reportajes en peri\u00f3dicos. Miles de art\u00edculos en Internet&#8230; Y, sin embargo, \u00bfqui\u00e9n no tiene dudas acerca de la <a class=\"wp-caption-dd\" title=\"Documento del BOE sobre la reforma laboral\" href=\"https:\/\/www.boe.es\/boe\/dias\/2010\/06\/17\/pdfs\/BOE-A-2010-9542.pdf\" target=\"_blank\" rel=\"noopener\">reciente reforma laboral<\/a>? Ser\u00eda imposible resolverlas todas, ya que adem\u00e1s el real decreto est\u00e1 pendiente de la tramitaci\u00f3n parlamentaria, durante la cual los grupos pol\u00edticos pueden condicionar su apoyo a la realizaci\u00f3n de cambios y enmiendas, pero aqu\u00ed ofrecemos los puntos m\u00e1s controvertidos del texto:<\/p>\n<p><strong>1. <span style=\"text-decoration: underline;\">Contrataci\u00f3n temporal:<\/span> <\/strong>Uno de los objetivos de la norma es reducir la tasa de temporalidad, que en nuestro pa\u00eds roza el 30%. Sin embargo, <a class=\"wp-caption-dd\" title=\"Fernandez Ordo\u00f1ez y la temporalidad\" href=\"https:\/\/www.ideal.es\/\/agencias\/20100622\/economia\/fernandez-ordonez-cuestiona-reforma-laboral_201006221153.html\" target=\"_blank\" rel=\"noopener\">no todos est\u00e1n conformes con la limitaci\u00f3n de los contratos temporales<\/a>. Estos son los principales cambios que, por el momento,\u00a0introduce la reforma:<\/p>\n<p>&#8211; Los contratos temporales por <strong>obra y servicio tendr\u00e1n una duraci\u00f3n m\u00e1xima de tres a\u00f1os<\/strong>, ampliable a 12 meses m\u00e1s por convenio.<br \/>\n&#8211; Los trabajadores que en un periodo de 30 meses hubieran estado contratados durante\u00a0m\u00e1s de\u00a024 meses, para el mismo o diferente puesto, encadenando dos o m\u00e1s contratos temporales, adquirir\u00e1n la condici\u00f3n de fijos.<br \/>\n&#8211; La indemnizaci\u00f3n en caso de extinci\u00f3n del contrato temporal, a excepci\u00f3n de los contratos\u00a0de interinidad y los formativos, se ir\u00e1 incrementando progresivamente. En principio ser\u00e1\u00a0de ocho d\u00edas por a\u00f1o trabajado hasta el 31 de diciembre de 2011. Posteriormente ir\u00e1 subiendo hasta llegar en 2015 a los 12 d\u00edas por a\u00f1o de indemnizaci\u00f3n.<br \/>\n&#8211; Contrato en pr\u00e1cticas: se podr\u00e1 firmar durante los cinco a\u00f1os siguientes a la fecha en la que se terminaron los estudios universitarios o de FP. Esta relaci\u00f3n laboral no podr\u00e1 durar m\u00e1s de dos a\u00f1os con la misma empresa.<br \/>\n&#8211; El contrato para la formaci\u00f3n se podr\u00e1 realizar a j\u00f3venes hasta los 24 a\u00f1os y cotizar\u00e1n por desempleo, por lo que tendr\u00e1n acceso a prestaci\u00f3n.<\/p>\n<p><strong>2. <span style=\"text-decoration: underline;\">Contrato de fomento de la contrataci\u00f3n indefinida<\/span>: <\/strong>A partir de ahora, esta modalidad de contrato, que se cre\u00f3 en 2001 con el objetivo de estimular el empleo estable s\u00f3lo en ciertos grupos, <strong>se abre a m\u00e1s colectivos<\/strong>:<\/p>\n<p>a) Trabajadores desempleados inscritos en la oficina de empleo que se encuentren en alguna de las siguientes situaciones:<br \/>\n&#8211; J\u00f3venes de 16 a 30 a\u00f1os de edad<br \/>\n&#8211; Mujeres, en profesiones con bajo \u00edndice de empleo femenino<br \/>\n&#8211; Personas con discapacidad<br \/>\n&#8211; Parados que lleven, al menos, tres meses inscritos ininterrumpidamente como demandantes de empleo<br \/>\n&#8211; Desempleados que, en los dos a\u00f1os anteriores,\u00a0hayan estado contratados exclusivamente mediante contratos temporales<\/p>\n<p>b) Trabajadores que ya estuvieran empleados en esa empresa mediante un contrato de duraci\u00f3n determinada, temporal o formativo, que puede haberse celebrado antes o despu\u00e9s del 18 de junio de 2010 (fecha en la que entr\u00f3 en vigor). La transformaci\u00f3n tendr\u00e1 que ser antes del 31 de diciembre de 2011.<\/p>\n<p>La duraci\u00f3n de este contrato es indefinida, sin embargo, cuando <strong>el trabajador sea despedido de forma improcedente recibir\u00e1 una indemnizaci\u00f3n de 33 d\u00edas por a\u00f1o trabajado<\/strong>. Es importante se\u00f1alar que no tiene car\u00e1cter retroactivo, es decir, no se podr\u00e1 aplicar a empleados que ya tengan firmado un contrato indefinido tradicional. De igual manera, esta modalidad seguir\u00e1 existiendo, pero quedar\u00e1 en manos de la empresa cuando incorpore nuevos empleados recurrir a ella o, al contrario, acogerse a esta otra.<br \/>\nTambi\u00e9n es esencial saber que el empresario no puede contratar a una persona mediante esta modalidad para cubrir el puesto de alguien que haya sido despedido, de forma improcedente, en los seis meses anteriores, siempre hablando a partir del 18 de junio de 2010. Es decir, si la extinci\u00f3n fue anterior a esta fecha, s\u00ed podr\u00eda efectuar contrataciones bajo esta figura.<\/p>\n<p><strong>3. <span style=\"text-decoration: underline;\">Despido por causas objetivas<\/span>: <\/strong>Hasta la fecha, las empresas acud\u00edan en contadas ocasiones a la figura del despido objetivo procedente (aquel que se llevaba a cabo por causas de producci\u00f3n, t\u00e9cnicas y\u00a0organizativas y <strong>que contempla una indemnizaci\u00f3n de 20 d\u00edas por a\u00f1o trabajado<\/strong>, con un m\u00e1ximo de 12 mensualidades) ya que requer\u00eda acudir a la autoridad judicial, pagar los\u00a0costos derivados\u00a0y demostrar los supuestos alegados. De hecho, en 2009\u00a0dos\u00a0de cada tres despidos\u00a0fueron reconocidos como improcedentes.\u00a0Con las modificaciones introducidas este despido, que en principio seguir\u00eda dependiendo de la decisi\u00f3n de un juez,\u00a0queda a\u00fan m\u00e1s ambig\u00fco y sigue sin haber baremos: \u00abSe entiende que concurren causas econ\u00f3micas cuando de los resultados de la empresa se desprenda una situaci\u00f3n econ\u00f3mica negativa [&#8230;]\u00bb<br \/>\nAunque se\u00a0 ha apuntado a los seis meses de p\u00e9rdidas como un requisito, todav\u00eda no hay nada cerrado. Mientras que <a class=\"wp-caption-dd\" title=\"La CEOE pide m\u00e1s concreci\u00f3n\" href=\"https:\/\/www.europapress.es\/economia\/noticia-ceoe-pide-mas-concrecion-despido-objetivo-20100617143530.html\" target=\"_blank\" rel=\"noopener\">la CEOE pide que se concreten m\u00e1s estos t\u00e9rminos<\/a>, los sindicatos temen que m\u00e1s empresas se acojan a esta f\u00f3rmula que, por supuesto, podr\u00eda afectar a los trabajadores que a d\u00eda de hoy cuenten con un contrato indefinido ordinario. Por su parte, el ministro de Trabajo, Celestino Corbacho, ha negado que sea m\u00e1s sencillo acogerse a este despido. En cualquier caso no parece que haya demasiados cambios a la hora de formalizarlo.<\/p>\n<p><strong>4.\u00a0\u00a0<span style=\"text-decoration: underline;\">Nuevo fondo para el despido<\/span>: <\/strong>Este fondo de capitalizaci\u00f3n, conocido tambi\u00e9n como <a class=\"wp-caption-dd\" title=\"Modelo austriaco\" href=\"https:\/\/www.20minutos.es\/noticia\/676104\/0\/modelo-austriaco\/gobierno\/reforma-laboral\/\" target=\"_blank\" rel=\"noopener\">&#8216;modelo austriaco&#8217;<\/a>, que\u00a0consiste en la creaci\u00f3n de una \u00abhucha\u00bb para cada empleado que se nutre con las aportaciones de las empresas en las que ha trabajado, no est\u00e1 previsto que est\u00e9 operativo hasta el 1 de enero de 2012. En su lugar, el Gobierno ha anunciado que el Fogasa (Fondo de Garant\u00eda Salarial) asumir\u00e1 el pago de ocho d\u00edas de la indemnizaci\u00f3n de trabajadores que sean despedidos de forma improcedente, tanto en el caso de los indefinidos como de los que tengan un contrato para fomento.\u00a0Sin embargo se ha advertido de que se trata de una medida muy llamativa pero ineficaz ya que<a class=\"wp-caption-dd broken_link\" title=\"Las limitaciones del Fogasa\" href=\"https:\/\/www.eleconomista.es\/legislacion\/noticias\/2256448\/06\/10\/El-pago-de-ocho-dias-del-despido-por-el-Fogasa-es-marketing-puro-y-duro.html\" target=\"_blank\" rel=\"noopener\"> cuenta con muchas restricciones<\/a>.<\/p>\n<p><strong>5. \u00a0<span style=\"text-decoration: underline;\">Bonificaciones de cuotas para la contrataci\u00f3n indefinida<\/span>: <\/strong>El importe de las bonificaciones es otro de los puntos que ha cambiado.<br \/>\n&#8211; 800 euros durante tres a\u00f1os para los contratos indefinidos a j\u00f3venes desempleados de 16 a 30 a\u00f1os que lleven al menos un a\u00f1o en paro y no tengan titulaci\u00f3n. (1.000 euros si son mujeres)<br \/>\n&#8211; 1.200 euros durante tres a\u00f1os si son desempleados mayores de 45 a\u00f1os inscritos en las Oficinas de Empleo al menos doce meses. (1.400 si son mujeres)<br \/>\n&#8211; 500 euros durante tres a\u00f1os por la transformaci\u00f3n de contratos formativos, de relevo y de sustituci\u00f3n por anticipaci\u00f3n de la edad de jubilaci\u00f3n en contratos indefinidos.<br \/>\n<strong>\u00a0<\/strong><\/p>\n","protected":false},"excerpt":{"rendered":"<p>Son 38 p\u00e1ginas del BOE. Cientos de reportajes en peri\u00f3dicos. Miles de art\u00edculos en Internet&#8230; Y, sin embargo,<a class=\"moretag\" href=\"https:\/\/empresas.infoempleo.com\/hrtrends\/los-puntos-mas-calientes-de-la-reforma\/\"> Leer m\u00e1s<\/a><\/p>\n","protected":false},"author":33,"featured_media":29665,"comment_status":"closed","ping_status":"open","sticky":false,"template":"","format":"standard","meta":{"footnotes":""},"categories":[3],"tags":[2086,783,14,897,2091,2036,1024],"class_list":["post-10167","post","type-post","status-publish","format-standard","has-post-thumbnail","hentry","category-actualidad","tag-bonificaciones","tag-contratos","tag-despido","tag-indemnizacion","tag-objetivo","tag-reforma-laboral","tag-sindicatos"],"yoast_head":"<!-- This site is optimized with the Yoast SEO plugin v26.1.1 - https:\/\/yoast.com\/wordpress\/plugins\/seo\/ -->\n<title>Los puntos m\u00e1s calientes de la reforma | HRTRENDS<\/title>\n<meta name=\"robots\" content=\"index, follow, max-snippet:-1, max-image-preview:large, max-video-preview:-1\" \/>\n<link rel=\"canonical\" href=\"https:\/\/empresas.infoempleo.com\/hrtrends\/los-puntos-mas-calientes-de-la-reforma\/\" \/>\n<meta property=\"og:locale\" content=\"es_ES\" \/>\n<meta property=\"og:type\" content=\"article\" \/>\n<meta property=\"og:title\" content=\"Los puntos m\u00e1s calientes de la reforma | HRTRENDS\" \/>\n<meta property=\"og:description\" content=\"Son 38 p\u00e1ginas del BOE. Cientos de reportajes en peri\u00f3dicos. Miles de art\u00edculos en Internet&#8230; Y, sin embargo, Leer m\u00e1s\" \/>\n<meta property=\"og:url\" content=\"https:\/\/empresas.infoempleo.com\/hrtrends\/los-puntos-mas-calientes-de-la-reforma\/\" \/>\n<meta property=\"og:site_name\" content=\"HRTRENDS\" \/>\n<meta property=\"article:publisher\" content=\"https:\/\/www.facebook.com\/Infoempleo\" \/>\n<meta property=\"article:published_time\" content=\"2010-06-28T06:58:27+00:00\" \/>\n<meta property=\"article:modified_time\" content=\"2023-02-03T13:06:35+00:00\" \/>\n<meta property=\"og:image\" content=\"https:\/\/empresas.infoempleo.com\/hrtrends\/media\/2017\/05\/pexels-photo-205508.jpg\" \/>\n\t<meta property=\"og:image:width\" content=\"1280\" \/>\n\t<meta property=\"og:image:height\" content=\"960\" \/>\n\t<meta property=\"og:image:type\" content=\"image\/jpeg\" \/>\n<meta name=\"author\" content=\"Cristina Mart\u00edn\" \/>\n<meta name=\"twitter:card\" content=\"summary_large_image\" \/>\n<meta name=\"twitter:creator\" content=\"@infoempleo\" \/>\n<meta name=\"twitter:site\" content=\"@infoempleo\" \/>\n<meta name=\"twitter:label1\" content=\"Escrito por\" \/>\n\t<meta name=\"twitter:data1\" content=\"Cristina Mart\u00edn\" \/>\n\t<meta name=\"twitter:label2\" content=\"Tiempo de lectura\" \/>\n\t<meta name=\"twitter:data2\" content=\"6 minutos\" \/>\n<script type=\"application\/ld+json\" class=\"yoast-schema-graph\">{\"@context\":\"https:\/\/schema.org\",\"@graph\":[{\"@type\":\"NewsArticle\",\"@id\":\"https:\/\/empresas.infoempleo.com\/hrtrends\/los-puntos-mas-calientes-de-la-reforma\/#article\",\"isPartOf\":{\"@id\":\"https:\/\/empresas.infoempleo.com\/hrtrends\/los-puntos-mas-calientes-de-la-reforma\/\"},\"author\":{\"name\":\"Cristina Mart\u00edn\",\"@id\":\"https:\/\/empresas.infoempleo.com\/hrtrends\/#\/schema\/person\/f211bd3f083559daff103f670fe968b8\"},\"headline\":\"Los puntos m\u00e1s calientes de la reforma\",\"datePublished\":\"2010-06-28T06:58:27+00:00\",\"dateModified\":\"2023-02-03T13:06:35+00:00\",\"mainEntityOfPage\":{\"@id\":\"https:\/\/empresas.infoempleo.com\/hrtrends\/los-puntos-mas-calientes-de-la-reforma\/\"},\"wordCount\":1117,\"publisher\":{\"@id\":\"https:\/\/empresas.infoempleo.com\/hrtrends\/#organization\"},\"image\":{\"@id\":\"https:\/\/empresas.infoempleo.com\/hrtrends\/los-puntos-mas-calientes-de-la-reforma\/#primaryimage\"},\"thumbnailUrl\":\"https:\/\/empresas.infoempleo.com\/hrtrends\/media\/2017\/05\/pexels-photo-205508.jpg\",\"keywords\":[\"bonificaciones\",\"contratos\",\"Despido\",\"indemnizaci\u00f3n\",\"objetivo\",\"reforma laboral\",\"sindicatos\"],\"articleSection\":[\"Actualidad\"],\"inLanguage\":\"es\",\"copyrightYear\":\"2010\",\"copyrightHolder\":{\"@id\":\"https:\/\/empresas.infoempleo.com\/hrtrends\/#organization\"}},{\"@type\":\"WebPage\",\"@id\":\"https:\/\/empresas.infoempleo.com\/hrtrends\/los-puntos-mas-calientes-de-la-reforma\/\",\"url\":\"https:\/\/empresas.infoempleo.com\/hrtrends\/los-puntos-mas-calientes-de-la-reforma\/\",\"name\":\"Los puntos m\u00e1s calientes de la reforma | HRTRENDS\",\"isPartOf\":{\"@id\":\"https:\/\/empresas.infoempleo.com\/hrtrends\/#website\"},\"primaryImageOfPage\":{\"@id\":\"https:\/\/empresas.infoempleo.com\/hrtrends\/los-puntos-mas-calientes-de-la-reforma\/#primaryimage\"},\"image\":{\"@id\":\"https:\/\/empresas.infoempleo.com\/hrtrends\/los-puntos-mas-calientes-de-la-reforma\/#primaryimage\"},\"thumbnailUrl\":\"https:\/\/empresas.infoempleo.com\/hrtrends\/media\/2017\/05\/pexels-photo-205508.jpg\",\"datePublished\":\"2010-06-28T06:58:27+00:00\",\"dateModified\":\"2023-02-03T13:06:35+00:00\",\"breadcrumb\":{\"@id\":\"https:\/\/empresas.infoempleo.com\/hrtrends\/los-puntos-mas-calientes-de-la-reforma\/#breadcrumb\"},\"inLanguage\":\"es\",\"potentialAction\":[{\"@type\":\"ReadAction\",\"target\":[\"https:\/\/empresas.infoempleo.com\/hrtrends\/los-puntos-mas-calientes-de-la-reforma\/\"]}]},{\"@type\":\"ImageObject\",\"inLanguage\":\"es\",\"@id\":\"https:\/\/empresas.infoempleo.com\/hrtrends\/los-puntos-mas-calientes-de-la-reforma\/#primaryimage\",\"url\":\"https:\/\/empresas.infoempleo.com\/hrtrends\/media\/2017\/05\/pexels-photo-205508-150x150.jpg\",\"contentUrl\":\"https:\/\/empresas.infoempleo.com\/hrtrends\/media\/2017\/05\/pexels-photo-205508-150x150.jpg\",\"width\":150,\"height\":150},{\"@type\":\"BreadcrumbList\",\"@id\":\"https:\/\/empresas.infoempleo.com\/hrtrends\/los-puntos-mas-calientes-de-la-reforma\/#breadcrumb\",\"itemListElement\":[{\"@type\":\"ListItem\",\"position\":1,\"name\":\"Portada\",\"item\":\"https:\/\/empresas.infoempleo.com\/hrtrends\/\"},{\"@type\":\"ListItem\",\"position\":2,\"name\":\"Los puntos m\u00e1s calientes de la reforma\"}]},{\"@type\":\"WebSite\",\"@id\":\"https:\/\/empresas.infoempleo.com\/hrtrends\/#website\",\"url\":\"https:\/\/empresas.infoempleo.com\/hrtrends\",\"name\":\"HRTrends by Infoempleo\",\"description\":\"\",\"publisher\":{\"@id\":\"https:\/\/empresas.infoempleo.com\/hrtrends\/#organization\"},\"potentialAction\":{\"@type\":\"SearchAction\",\"target\":\"https:\/\/empresas.infoempleo.com\/hrtrends\/?s={search_term_string}\",\"query-input\":\"required name=search_term_string\"},\"inLanguage\":\"es\"},{\"@type\":\"Organization\",\"@id\":\"https:\/\/empresas.infoempleo.com\/hrtrends\/#organization\",\"name\":\"Infoempleo\",\"url\":\"https:\/\/www.infoempleo.com\/\",\"logo\":{\"@type\":\"ImageObject\",\"@id\":\"https:\/\/empresas.infoempleo.com\/hrtrends\/#logo\",\"inLanguage\":\"es\",\"url\":\"https:\/\/cdnazure.infoempleo.com\/infoempleo\/assets\/style\/gfx\/logo.svg\",\"contentUrl\":\"https:\/\/cdnazure.infoempleo.com\/infoempleo\/assets\/style\/gfx\/logo.svg\",\"width\":150,\"height\":40,\"caption\":\"Infoempleo\"},\"image\":{\"@id\":\"https:\/\/empresas.infoempleo.com\/hrtrends\/#logo\"},\"sameAs\":[\"https:\/\/www.facebook.com\/Infoempleo\",\"https:\/\/x.com\/infoempleo\",\"http:\/\/instagram.com\/infoempleo\/\",\"http:\/\/www.linkedin.com\/groups\/Empleo-Espa\u00f1a-Infoempleocom-111276\",\"http:\/\/pinterest.com\/infoempleo\/\"],\"address\":{\"@type\":\"PostalAddress\",\"addressLocality\":\"Madrid\",\"postalCode\":\"28050\",\"streetAddress\":\"Avenida de Burgos 114\"},\"brand\":[\"Infoempleo\"]},{\"@type\":\"Person\",\"@id\":\"https:\/\/empresas.infoempleo.com\/hrtrends\/#\/schema\/person\/f211bd3f083559daff103f670fe968b8\",\"name\":\"Cristina Mart\u00edn\",\"image\":{\"@type\":\"ImageObject\",\"inLanguage\":\"es\",\"@id\":\"https:\/\/empresas.infoempleo.com\/hrtrends\/#\/schema\/person\/image\/\",\"url\":\"https:\/\/secure.gravatar.com\/avatar\/7a85ff01010a0d921dc9d1da42a82a70f74e2cd0329b7fc20ee2c1c08a97daed?s=96&d=mm&r=g\",\"contentUrl\":\"https:\/\/secure.gravatar.com\/avatar\/7a85ff01010a0d921dc9d1da42a82a70f74e2cd0329b7fc20ee2c1c08a97daed?s=96&d=mm&r=g\",\"caption\":\"Cristina Mart\u00edn\"},\"url\":\"https:\/\/empresas.infoempleo.com\/hrtrends\/author\/cristina-martin\/\"}]}<\/script>\n<!-- \/ Yoast SEO plugin. -->","yoast_head_json":{"title":"Los puntos m\u00e1s calientes de la reforma | HRTRENDS","robots":{"index":"index","follow":"follow","max-snippet":"max-snippet:-1","max-image-preview":"max-image-preview:large","max-video-preview":"max-video-preview:-1"},"canonical":"https:\/\/empresas.infoempleo.com\/hrtrends\/los-puntos-mas-calientes-de-la-reforma\/","og_locale":"es_ES","og_type":"article","og_title":"Los puntos m\u00e1s calientes de la reforma | HRTRENDS","og_description":"Son 38 p\u00e1ginas del BOE. Cientos de reportajes en peri\u00f3dicos. Miles de art\u00edculos en Internet&#8230; Y, sin embargo, Leer m\u00e1s","og_url":"https:\/\/empresas.infoempleo.com\/hrtrends\/los-puntos-mas-calientes-de-la-reforma\/","og_site_name":"HRTRENDS","article_publisher":"https:\/\/www.facebook.com\/Infoempleo","article_published_time":"2010-06-28T06:58:27+00:00","article_modified_time":"2023-02-03T13:06:35+00:00","og_image":[{"width":1280,"height":960,"url":"https:\/\/empresas.infoempleo.com\/hrtrends\/media\/2017\/05\/pexels-photo-205508.jpg","type":"image\/jpeg"}],"author":"Cristina Mart\u00edn","twitter_card":"summary_large_image","twitter_creator":"@infoempleo","twitter_site":"@infoempleo","twitter_misc":{"Escrito por":"Cristina Mart\u00edn","Tiempo de lectura":"6 minutos"},"schema":{"@context":"https:\/\/schema.org","@graph":[{"@type":"NewsArticle","@id":"https:\/\/empresas.infoempleo.com\/hrtrends\/los-puntos-mas-calientes-de-la-reforma\/#article","isPartOf":{"@id":"https:\/\/empresas.infoempleo.com\/hrtrends\/los-puntos-mas-calientes-de-la-reforma\/"},"author":{"name":"Cristina Mart\u00edn","@id":"https:\/\/empresas.infoempleo.com\/hrtrends\/#\/schema\/person\/f211bd3f083559daff103f670fe968b8"},"headline":"Los puntos m\u00e1s calientes de la reforma","datePublished":"2010-06-28T06:58:27+00:00","dateModified":"2023-02-03T13:06:35+00:00","mainEntityOfPage":{"@id":"https:\/\/empresas.infoempleo.com\/hrtrends\/los-puntos-mas-calientes-de-la-reforma\/"},"wordCount":1117,"publisher":{"@id":"https:\/\/empresas.infoempleo.com\/hrtrends\/#organization"},"image":{"@id":"https:\/\/empresas.infoempleo.com\/hrtrends\/los-puntos-mas-calientes-de-la-reforma\/#primaryimage"},"thumbnailUrl":"https:\/\/empresas.infoempleo.com\/hrtrends\/media\/2017\/05\/pexels-photo-205508.jpg","keywords":["bonificaciones","contratos","Despido","indemnizaci\u00f3n","objetivo","reforma laboral","sindicatos"],"articleSection":["Actualidad"],"inLanguage":"es","copyrightYear":"2010","copyrightHolder":{"@id":"https:\/\/empresas.infoempleo.com\/hrtrends\/#organization"}},{"@type":"WebPage","@id":"https:\/\/empresas.infoempleo.com\/hrtrends\/los-puntos-mas-calientes-de-la-reforma\/","url":"https:\/\/empresas.infoempleo.com\/hrtrends\/los-puntos-mas-calientes-de-la-reforma\/","name":"Los puntos m\u00e1s calientes de la reforma | HRTRENDS","isPartOf":{"@id":"https:\/\/empresas.infoempleo.com\/hrtrends\/#website"},"primaryImageOfPage":{"@id":"https:\/\/empresas.infoempleo.com\/hrtrends\/los-puntos-mas-calientes-de-la-reforma\/#primaryimage"},"image":{"@id":"https:\/\/empresas.infoempleo.com\/hrtrends\/los-puntos-mas-calientes-de-la-reforma\/#primaryimage"},"thumbnailUrl":"https:\/\/empresas.infoempleo.com\/hrtrends\/media\/2017\/05\/pexels-photo-205508.jpg","datePublished":"2010-06-28T06:58:27+00:00","dateModified":"2023-02-03T13:06:35+00:00","breadcrumb":{"@id":"https:\/\/empresas.infoempleo.com\/hrtrends\/los-puntos-mas-calientes-de-la-reforma\/#breadcrumb"},"inLanguage":"es","potentialAction":[{"@type":"ReadAction","target":["https:\/\/empresas.infoempleo.com\/hrtrends\/los-puntos-mas-calientes-de-la-reforma\/"]}]},{"@type":"ImageObject","inLanguage":"es","@id":"https:\/\/empresas.infoempleo.com\/hrtrends\/los-puntos-mas-calientes-de-la-reforma\/#primaryimage","url":"https:\/\/empresas.infoempleo.com\/hrtrends\/media\/2017\/05\/pexels-photo-205508-150x150.jpg","contentUrl":"https:\/\/empresas.infoempleo.com\/hrtrends\/media\/2017\/05\/pexels-photo-205508-150x150.jpg","width":150,"height":150},{"@type":"BreadcrumbList","@id":"https:\/\/empresas.infoempleo.com\/hrtrends\/los-puntos-mas-calientes-de-la-reforma\/#breadcrumb","itemListElement":[{"@type":"ListItem","position":1,"name":"Portada","item":"https:\/\/empresas.infoempleo.com\/hrtrends\/"},{"@type":"ListItem","position":2,"name":"Los puntos m\u00e1s calientes de la reforma"}]},{"@type":"WebSite","@id":"https:\/\/empresas.infoempleo.com\/hrtrends\/#website","url":"https:\/\/empresas.infoempleo.com\/hrtrends","name":"HRTrends by Infoempleo","description":"","publisher":{"@id":"https:\/\/empresas.infoempleo.com\/hrtrends\/#organization"},"potentialAction":{"@type":"SearchAction","target":"https:\/\/empresas.infoempleo.com\/hrtrends\/?s={search_term_string}","query-input":"required name=search_term_string"},"inLanguage":"es"},{"@type":"Organization","@id":"https:\/\/empresas.infoempleo.com\/hrtrends\/#organization","name":"Infoempleo","url":"https:\/\/www.infoempleo.com\/","logo":{"@type":"ImageObject","@id":"https:\/\/empresas.infoempleo.com\/hrtrends\/#logo","inLanguage":"es","url":"https:\/\/cdnazure.infoempleo.com\/infoempleo\/assets\/style\/gfx\/logo.svg","contentUrl":"https:\/\/cdnazure.infoempleo.com\/infoempleo\/assets\/style\/gfx\/logo.svg","width":150,"height":40,"caption":"Infoempleo"},"image":{"@id":"https:\/\/empresas.infoempleo.com\/hrtrends\/#logo"},"sameAs":["https:\/\/www.facebook.com\/Infoempleo","https:\/\/x.com\/infoempleo","http:\/\/instagram.com\/infoempleo\/","http:\/\/www.linkedin.com\/groups\/Empleo-Espa\u00f1a-Infoempleocom-111276","http:\/\/pinterest.com\/infoempleo\/"],"address":{"@type":"PostalAddress","addressLocality":"Madrid","postalCode":"28050","streetAddress":"Avenida de Burgos 114"},"brand":["Infoempleo"]},{"@type":"Person","@id":"https:\/\/empresas.infoempleo.com\/hrtrends\/#\/schema\/person\/f211bd3f083559daff103f670fe968b8","name":"Cristina Mart\u00edn","image":{"@type":"ImageObject","inLanguage":"es","@id":"https:\/\/empresas.infoempleo.com\/hrtrends\/#\/schema\/person\/image\/","url":"https:\/\/secure.gravatar.com\/avatar\/7a85ff01010a0d921dc9d1da42a82a70f74e2cd0329b7fc20ee2c1c08a97daed?s=96&d=mm&r=g","contentUrl":"https:\/\/secure.gravatar.com\/avatar\/7a85ff01010a0d921dc9d1da42a82a70f74e2cd0329b7fc20ee2c1c08a97daed?s=96&d=mm&r=g","caption":"Cristina Mart\u00edn"},"url":"https:\/\/empresas.infoempleo.com\/hrtrends\/author\/cristina-martin\/"}]}},"amp_enabled":true,"_links":{"self":[{"href":"https:\/\/empresas.infoempleo.com\/hrtrends\/wp-json\/wp\/v2\/posts\/10167","targetHints":{"allow":["GET"]}}],"collection":[{"href":"https:\/\/empresas.infoempleo.com\/hrtrends\/wp-json\/wp\/v2\/posts"}],"about":[{"href":"https:\/\/empresas.infoempleo.com\/hrtrends\/wp-json\/wp\/v2\/types\/post"}],"author":[{"embeddable":true,"href":"https:\/\/empresas.infoempleo.com\/hrtrends\/wp-json\/wp\/v2\/users\/33"}],"replies":[{"embeddable":true,"href":"https:\/\/empresas.infoempleo.com\/hrtrends\/wp-json\/wp\/v2\/comments?post=10167"}],"version-history":[{"count":1,"href":"https:\/\/empresas.infoempleo.com\/hrtrends\/wp-json\/wp\/v2\/posts\/10167\/revisions"}],"predecessor-version":[{"id":42544,"href":"https:\/\/empresas.infoempleo.com\/hrtrends\/wp-json\/wp\/v2\/posts\/10167\/revisions\/42544"}],"wp:featuredmedia":[{"embeddable":true,"href":"https:\/\/empresas.infoempleo.com\/hrtrends\/wp-json\/wp\/v2\/media\/29665"}],"wp:attachment":[{"href":"https:\/\/empresas.infoempleo.com\/hrtrends\/wp-json\/wp\/v2\/media?parent=10167"}],"wp:term":[{"taxonomy":"category","embeddable":true,"href":"https:\/\/empresas.infoempleo.com\/hrtrends\/wp-json\/wp\/v2\/categories?post=10167"},{"taxonomy":"post_tag","embeddable":true,"href":"https:\/\/empresas.infoempleo.com\/hrtrends\/wp-json\/wp\/v2\/tags?post=10167"}],"curies":[{"name":"wp","href":"https:\/\/api.w.org\/{rel}","templated":true}]}}