{"id":10138,"date":"2010-06-28T08:13:04","date_gmt":"2010-06-28T07:13:04","guid":{"rendered":"http:\/\/blog.infoempleo.com\/?p=10138"},"modified":"2023-02-03T15:06:34","modified_gmt":"2023-02-03T13:06:34","slug":"redes-sociales-las-palabras-ya-no-se-las-lleva-el-viento","status":"publish","type":"post","link":"https:\/\/empresas.infoempleo.com\/hrtrends\/redes-sociales-las-palabras-ya-no-se-las-lleva-el-viento\/","title":{"rendered":"Redes sociales, las palabras ya no se las lleva el viento"},"content":{"rendered":"<p>MyJobGroup realiz\u00f3 el mes pasado una encuesta sobre el uso que los empleados brit\u00e1nicos da a las redes sociales que, no por anecd\u00f3tico, deja de tener su miga. En \u00e9l, el 20% de los consultados reconoc\u00eda que usaba <a href=\"http:\/\/www.google.es\/search?q=Twitter&amp;ie=utf-8&amp;oe=utf-8&amp;aq=t&amp;rls=org.mozilla:es-ES:official&amp;client=firefox-a\" target=\"_blank\" rel=\"noopener\">Facebook<\/a> o <a href=\"https:\/\/twitter.com\/\" target=\"_blank\" rel=\"noopener\">Twitter<\/a> para quejarse de su jefe y que seis de cada diez entre estos \u00faltimos dejar\u00eda de hacerlo si el susodicho tuviera acceso a su perfil. La pregunta es: \u00bfcu\u00e1ndo el terreno personal se convierte en profesional y viceversa?, \u00bfqu\u00e9 ocurre si el boicoteado no es el superior sino nosotros mismos? Felipe Nav\u00edo, CEO y fundador de <a href=\"https:\/\/www.jobandtalent.com\/\" target=\"_blank\" rel=\"noopener\">Jobandtalent<\/a> advierte de la necesidad, m\u00e1s funcional que egoc\u00e9ntrica, de vigilar qu\u00e9 es lo que aparece de nosotros en internet:<strong> \u00abPuede haber informaci\u00f3n err\u00f3nea que perjudique tu trabajo y tu carrera profesional\u00a0 y tienes que intentar modificarlo. Tu identidad viaja contigo como si fuese una mochila\u00bb<\/strong>.\u00a0 Aqu\u00ed, los menos iniciados en la materia cuentan en ambos casos con ventaja ya que la cautela ante lo desconocido hace que sean mucho m\u00e1s precavidos. A los que no lo son un consejo del propio Nav\u00edo: \u00ab<strong>la web 2.0 es una extensi\u00f3n de nuestra vida real, en todos los sentidos\u00bb.<\/strong><\/p>\n","protected":false},"excerpt":{"rendered":"<p>Seg\u00fan un estudio de MyJobGroup, el 20% de los internautas reconoce poner mal a sus jefes en las redes sociales.<\/p>\n","protected":false},"author":35,"featured_media":29665,"comment_status":"closed","ping_status":"open","sticky":false,"template":"","format":"standard","meta":{"footnotes":""},"categories":[3],"tags":[2038,24,2053,509,517,2041,1642,419],"class_list":["post-10138","post","type-post","status-publish","format-standard","has-post-thumbnail","hentry","category-actualidad","tag-empleo-2-0","tag-facebook","tag-felipe-navio","tag-internet","tag-jefe","tag-jobandtalent","tag-twitter","tag-web-2-0"],"yoast_head":"<!-- This site is optimized with the Yoast SEO plugin v26.1.1 - https:\/\/yoast.com\/wordpress\/plugins\/seo\/ -->\n<title>Redes sociales, las palabras ya no se las lleva el viento | HRTRENDS<\/title>\n<meta name=\"robots\" content=\"index, follow, max-snippet:-1, max-image-preview:large, max-video-preview:-1\" \/>\n<link rel=\"canonical\" href=\"https:\/\/empresas.infoempleo.com\/hrtrends\/redes-sociales-las-palabras-ya-no-se-las-lleva-el-viento\/\" \/>\n<meta property=\"og:locale\" content=\"es_ES\" \/>\n<meta property=\"og:type\" content=\"article\" \/>\n<meta property=\"og:title\" content=\"Redes sociales, las palabras ya no se las lleva el viento | HRTRENDS\" \/>\n<meta property=\"og:description\" content=\"Seg\u00fan un estudio de MyJobGroup, el 20% de los internautas reconoce poner mal a sus jefes en las redes sociales.\" \/>\n<meta property=\"og:url\" content=\"https:\/\/empresas.infoempleo.com\/hrtrends\/redes-sociales-las-palabras-ya-no-se-las-lleva-el-viento\/\" \/>\n<meta property=\"og:site_name\" content=\"HRTRENDS\" \/>\n<meta property=\"article:publisher\" content=\"https:\/\/www.facebook.com\/Infoempleo\" \/>\n<meta property=\"article:published_time\" content=\"2010-06-28T07:13:04+00:00\" \/>\n<meta property=\"article:modified_time\" content=\"2023-02-03T13:06:34+00:00\" \/>\n<meta property=\"og:image\" content=\"https:\/\/empresas.infoempleo.com\/hrtrends\/media\/2017\/05\/pexels-photo-205508.jpg\" \/>\n\t<meta property=\"og:image:width\" content=\"1280\" \/>\n\t<meta property=\"og:image:height\" content=\"960\" \/>\n\t<meta property=\"og:image:type\" content=\"image\/jpeg\" \/>\n<meta name=\"author\" content=\"Laura de Cubas\" \/>\n<meta name=\"twitter:card\" content=\"summary_large_image\" \/>\n<meta name=\"twitter:creator\" content=\"@infoempleo\" \/>\n<meta name=\"twitter:site\" content=\"@infoempleo\" \/>\n<meta name=\"twitter:label1\" content=\"Escrito por\" \/>\n\t<meta name=\"twitter:data1\" content=\"Laura de Cubas\" \/>\n\t<meta name=\"twitter:label2\" content=\"Tiempo de lectura\" \/>\n\t<meta name=\"twitter:data2\" content=\"1 minuto\" \/>\n<script type=\"application\/ld+json\" class=\"yoast-schema-graph\">{\"@context\":\"https:\/\/schema.org\",\"@graph\":[{\"@type\":\"NewsArticle\",\"@id\":\"https:\/\/empresas.infoempleo.com\/hrtrends\/redes-sociales-las-palabras-ya-no-se-las-lleva-el-viento\/#article\",\"isPartOf\":{\"@id\":\"https:\/\/empresas.infoempleo.com\/hrtrends\/redes-sociales-las-palabras-ya-no-se-las-lleva-el-viento\/\"},\"author\":{\"name\":\"Laura de Cubas\",\"@id\":\"https:\/\/empresas.infoempleo.com\/hrtrends\/#\/schema\/person\/eee830fc2082cd3b52302e59ea0d2c05\"},\"headline\":\"Redes sociales, las palabras ya no se las lleva el viento\",\"datePublished\":\"2010-06-28T07:13:04+00:00\",\"dateModified\":\"2023-02-03T13:06:34+00:00\",\"mainEntityOfPage\":{\"@id\":\"https:\/\/empresas.infoempleo.com\/hrtrends\/redes-sociales-las-palabras-ya-no-se-las-lleva-el-viento\/\"},\"wordCount\":216,\"publisher\":{\"@id\":\"https:\/\/empresas.infoempleo.com\/hrtrends\/#organization\"},\"image\":{\"@id\":\"https:\/\/empresas.infoempleo.com\/hrtrends\/redes-sociales-las-palabras-ya-no-se-las-lleva-el-viento\/#primaryimage\"},\"thumbnailUrl\":\"https:\/\/empresas.infoempleo.com\/hrtrends\/media\/2017\/05\/pexels-photo-205508.jpg\",\"keywords\":[\"empleo 2.0\",\"Facebook\",\"Felipe Nav\u00edo\",\"Internet\",\"jefe\",\"Jobandtalent\",\"Twitter\",\"web 2.0\"],\"articleSection\":[\"Actualidad\"],\"inLanguage\":\"es\",\"copyrightYear\":\"2010\",\"copyrightHolder\":{\"@id\":\"https:\/\/empresas.infoempleo.com\/hrtrends\/#organization\"}},{\"@type\":\"WebPage\",\"@id\":\"https:\/\/empresas.infoempleo.com\/hrtrends\/redes-sociales-las-palabras-ya-no-se-las-lleva-el-viento\/\",\"url\":\"https:\/\/empresas.infoempleo.com\/hrtrends\/redes-sociales-las-palabras-ya-no-se-las-lleva-el-viento\/\",\"name\":\"Redes sociales, las palabras ya no se las lleva el viento | HRTRENDS\",\"isPartOf\":{\"@id\":\"https:\/\/empresas.infoempleo.com\/hrtrends\/#website\"},\"primaryImageOfPage\":{\"@id\":\"https:\/\/empresas.infoempleo.com\/hrtrends\/redes-sociales-las-palabras-ya-no-se-las-lleva-el-viento\/#primaryimage\"},\"image\":{\"@id\":\"https:\/\/empresas.infoempleo.com\/hrtrends\/redes-sociales-las-palabras-ya-no-se-las-lleva-el-viento\/#primaryimage\"},\"thumbnailUrl\":\"https:\/\/empresas.infoempleo.com\/hrtrends\/media\/2017\/05\/pexels-photo-205508.jpg\",\"datePublished\":\"2010-06-28T07:13:04+00:00\",\"dateModified\":\"2023-02-03T13:06:34+00:00\",\"breadcrumb\":{\"@id\":\"https:\/\/empresas.infoempleo.com\/hrtrends\/redes-sociales-las-palabras-ya-no-se-las-lleva-el-viento\/#breadcrumb\"},\"inLanguage\":\"es\",\"potentialAction\":[{\"@type\":\"ReadAction\",\"target\":[\"https:\/\/empresas.infoempleo.com\/hrtrends\/redes-sociales-las-palabras-ya-no-se-las-lleva-el-viento\/\"]}]},{\"@type\":\"ImageObject\",\"inLanguage\":\"es\",\"@id\":\"https:\/\/empresas.infoempleo.com\/hrtrends\/redes-sociales-las-palabras-ya-no-se-las-lleva-el-viento\/#primaryimage\",\"url\":\"https:\/\/empresas.infoempleo.com\/hrtrends\/media\/2017\/05\/pexels-photo-205508-150x150.jpg\",\"contentUrl\":\"https:\/\/empresas.infoempleo.com\/hrtrends\/media\/2017\/05\/pexels-photo-205508-150x150.jpg\",\"width\":150,\"height\":150},{\"@type\":\"BreadcrumbList\",\"@id\":\"https:\/\/empresas.infoempleo.com\/hrtrends\/redes-sociales-las-palabras-ya-no-se-las-lleva-el-viento\/#breadcrumb\",\"itemListElement\":[{\"@type\":\"ListItem\",\"position\":1,\"name\":\"Portada\",\"item\":\"https:\/\/empresas.infoempleo.com\/hrtrends\/\"},{\"@type\":\"ListItem\",\"position\":2,\"name\":\"Redes sociales, las palabras ya no se las lleva el viento\"}]},{\"@type\":\"WebSite\",\"@id\":\"https:\/\/empresas.infoempleo.com\/hrtrends\/#website\",\"url\":\"https:\/\/empresas.infoempleo.com\/hrtrends\",\"name\":\"HRTrends by Infoempleo\",\"description\":\"\",\"publisher\":{\"@id\":\"https:\/\/empresas.infoempleo.com\/hrtrends\/#organization\"},\"potentialAction\":{\"@type\":\"SearchAction\",\"target\":\"https:\/\/empresas.infoempleo.com\/hrtrends\/?s={search_term_string}\",\"query-input\":\"required name=search_term_string\"},\"inLanguage\":\"es\"},{\"@type\":\"Organization\",\"@id\":\"https:\/\/empresas.infoempleo.com\/hrtrends\/#organization\",\"name\":\"Infoempleo\",\"url\":\"https:\/\/www.infoempleo.com\/\",\"logo\":{\"@type\":\"ImageObject\",\"@id\":\"https:\/\/empresas.infoempleo.com\/hrtrends\/#logo\",\"inLanguage\":\"es\",\"url\":\"https:\/\/cdnazure.infoempleo.com\/infoempleo\/assets\/style\/gfx\/logo.svg\",\"contentUrl\":\"https:\/\/cdnazure.infoempleo.com\/infoempleo\/assets\/style\/gfx\/logo.svg\",\"width\":150,\"height\":40,\"caption\":\"Infoempleo\"},\"image\":{\"@id\":\"https:\/\/empresas.infoempleo.com\/hrtrends\/#logo\"},\"sameAs\":[\"https:\/\/www.facebook.com\/Infoempleo\",\"https:\/\/x.com\/infoempleo\",\"http:\/\/instagram.com\/infoempleo\/\",\"http:\/\/www.linkedin.com\/groups\/Empleo-Espa\u00f1a-Infoempleocom-111276\",\"http:\/\/pinterest.com\/infoempleo\/\"],\"address\":{\"@type\":\"PostalAddress\",\"addressLocality\":\"Madrid\",\"postalCode\":\"28050\",\"streetAddress\":\"Avenida de Burgos 114\"},\"brand\":[\"Infoempleo\"]},{\"@type\":\"Person\",\"@id\":\"https:\/\/empresas.infoempleo.com\/hrtrends\/#\/schema\/person\/eee830fc2082cd3b52302e59ea0d2c05\",\"name\":\"Laura de Cubas\",\"image\":{\"@type\":\"ImageObject\",\"inLanguage\":\"es\",\"@id\":\"https:\/\/empresas.infoempleo.com\/hrtrends\/#\/schema\/person\/image\/\",\"url\":\"https:\/\/secure.gravatar.com\/avatar\/c13d88dcd67943e13f74372e711c3ba2accf296b195ba5dd59566bd5f5df94c8?s=96&d=mm&r=g\",\"contentUrl\":\"https:\/\/secure.gravatar.com\/avatar\/c13d88dcd67943e13f74372e711c3ba2accf296b195ba5dd59566bd5f5df94c8?s=96&d=mm&r=g\",\"caption\":\"Laura de Cubas\"},\"url\":\"https:\/\/empresas.infoempleo.com\/hrtrends\/author\/laura-de-cubas\/\"}]}<\/script>\n<!-- \/ Yoast SEO plugin. -->","yoast_head_json":{"title":"Redes sociales, las palabras ya no se las lleva el viento | HRTRENDS","robots":{"index":"index","follow":"follow","max-snippet":"max-snippet:-1","max-image-preview":"max-image-preview:large","max-video-preview":"max-video-preview:-1"},"canonical":"https:\/\/empresas.infoempleo.com\/hrtrends\/redes-sociales-las-palabras-ya-no-se-las-lleva-el-viento\/","og_locale":"es_ES","og_type":"article","og_title":"Redes sociales, las palabras ya no se las lleva el viento | HRTRENDS","og_description":"Seg\u00fan un estudio de MyJobGroup, el 20% de los internautas reconoce poner mal a sus jefes en las redes sociales.","og_url":"https:\/\/empresas.infoempleo.com\/hrtrends\/redes-sociales-las-palabras-ya-no-se-las-lleva-el-viento\/","og_site_name":"HRTRENDS","article_publisher":"https:\/\/www.facebook.com\/Infoempleo","article_published_time":"2010-06-28T07:13:04+00:00","article_modified_time":"2023-02-03T13:06:34+00:00","og_image":[{"width":1280,"height":960,"url":"https:\/\/empresas.infoempleo.com\/hrtrends\/media\/2017\/05\/pexels-photo-205508.jpg","type":"image\/jpeg"}],"author":"Laura de Cubas","twitter_card":"summary_large_image","twitter_creator":"@infoempleo","twitter_site":"@infoempleo","twitter_misc":{"Escrito por":"Laura de Cubas","Tiempo de lectura":"1 minuto"},"schema":{"@context":"https:\/\/schema.org","@graph":[{"@type":"NewsArticle","@id":"https:\/\/empresas.infoempleo.com\/hrtrends\/redes-sociales-las-palabras-ya-no-se-las-lleva-el-viento\/#article","isPartOf":{"@id":"https:\/\/empresas.infoempleo.com\/hrtrends\/redes-sociales-las-palabras-ya-no-se-las-lleva-el-viento\/"},"author":{"name":"Laura de Cubas","@id":"https:\/\/empresas.infoempleo.com\/hrtrends\/#\/schema\/person\/eee830fc2082cd3b52302e59ea0d2c05"},"headline":"Redes sociales, las palabras ya no se las lleva el viento","datePublished":"2010-06-28T07:13:04+00:00","dateModified":"2023-02-03T13:06:34+00:00","mainEntityOfPage":{"@id":"https:\/\/empresas.infoempleo.com\/hrtrends\/redes-sociales-las-palabras-ya-no-se-las-lleva-el-viento\/"},"wordCount":216,"publisher":{"@id":"https:\/\/empresas.infoempleo.com\/hrtrends\/#organization"},"image":{"@id":"https:\/\/empresas.infoempleo.com\/hrtrends\/redes-sociales-las-palabras-ya-no-se-las-lleva-el-viento\/#primaryimage"},"thumbnailUrl":"https:\/\/empresas.infoempleo.com\/hrtrends\/media\/2017\/05\/pexels-photo-205508.jpg","keywords":["empleo 2.0","Facebook","Felipe Nav\u00edo","Internet","jefe","Jobandtalent","Twitter","web 2.0"],"articleSection":["Actualidad"],"inLanguage":"es","copyrightYear":"2010","copyrightHolder":{"@id":"https:\/\/empresas.infoempleo.com\/hrtrends\/#organization"}},{"@type":"WebPage","@id":"https:\/\/empresas.infoempleo.com\/hrtrends\/redes-sociales-las-palabras-ya-no-se-las-lleva-el-viento\/","url":"https:\/\/empresas.infoempleo.com\/hrtrends\/redes-sociales-las-palabras-ya-no-se-las-lleva-el-viento\/","name":"Redes sociales, las palabras ya no se las lleva el viento | HRTRENDS","isPartOf":{"@id":"https:\/\/empresas.infoempleo.com\/hrtrends\/#website"},"primaryImageOfPage":{"@id":"https:\/\/empresas.infoempleo.com\/hrtrends\/redes-sociales-las-palabras-ya-no-se-las-lleva-el-viento\/#primaryimage"},"image":{"@id":"https:\/\/empresas.infoempleo.com\/hrtrends\/redes-sociales-las-palabras-ya-no-se-las-lleva-el-viento\/#primaryimage"},"thumbnailUrl":"https:\/\/empresas.infoempleo.com\/hrtrends\/media\/2017\/05\/pexels-photo-205508.jpg","datePublished":"2010-06-28T07:13:04+00:00","dateModified":"2023-02-03T13:06:34+00:00","breadcrumb":{"@id":"https:\/\/empresas.infoempleo.com\/hrtrends\/redes-sociales-las-palabras-ya-no-se-las-lleva-el-viento\/#breadcrumb"},"inLanguage":"es","potentialAction":[{"@type":"ReadAction","target":["https:\/\/empresas.infoempleo.com\/hrtrends\/redes-sociales-las-palabras-ya-no-se-las-lleva-el-viento\/"]}]},{"@type":"ImageObject","inLanguage":"es","@id":"https:\/\/empresas.infoempleo.com\/hrtrends\/redes-sociales-las-palabras-ya-no-se-las-lleva-el-viento\/#primaryimage","url":"https:\/\/empresas.infoempleo.com\/hrtrends\/media\/2017\/05\/pexels-photo-205508-150x150.jpg","contentUrl":"https:\/\/empresas.infoempleo.com\/hrtrends\/media\/2017\/05\/pexels-photo-205508-150x150.jpg","width":150,"height":150},{"@type":"BreadcrumbList","@id":"https:\/\/empresas.infoempleo.com\/hrtrends\/redes-sociales-las-palabras-ya-no-se-las-lleva-el-viento\/#breadcrumb","itemListElement":[{"@type":"ListItem","position":1,"name":"Portada","item":"https:\/\/empresas.infoempleo.com\/hrtrends\/"},{"@type":"ListItem","position":2,"name":"Redes sociales, las palabras ya no se las lleva el viento"}]},{"@type":"WebSite","@id":"https:\/\/empresas.infoempleo.com\/hrtrends\/#website","url":"https:\/\/empresas.infoempleo.com\/hrtrends","name":"HRTrends by Infoempleo","description":"","publisher":{"@id":"https:\/\/empresas.infoempleo.com\/hrtrends\/#organization"},"potentialAction":{"@type":"SearchAction","target":"https:\/\/empresas.infoempleo.com\/hrtrends\/?s={search_term_string}","query-input":"required name=search_term_string"},"inLanguage":"es"},{"@type":"Organization","@id":"https:\/\/empresas.infoempleo.com\/hrtrends\/#organization","name":"Infoempleo","url":"https:\/\/www.infoempleo.com\/","logo":{"@type":"ImageObject","@id":"https:\/\/empresas.infoempleo.com\/hrtrends\/#logo","inLanguage":"es","url":"https:\/\/cdnazure.infoempleo.com\/infoempleo\/assets\/style\/gfx\/logo.svg","contentUrl":"https:\/\/cdnazure.infoempleo.com\/infoempleo\/assets\/style\/gfx\/logo.svg","width":150,"height":40,"caption":"Infoempleo"},"image":{"@id":"https:\/\/empresas.infoempleo.com\/hrtrends\/#logo"},"sameAs":["https:\/\/www.facebook.com\/Infoempleo","https:\/\/x.com\/infoempleo","http:\/\/instagram.com\/infoempleo\/","http:\/\/www.linkedin.com\/groups\/Empleo-Espa\u00f1a-Infoempleocom-111276","http:\/\/pinterest.com\/infoempleo\/"],"address":{"@type":"PostalAddress","addressLocality":"Madrid","postalCode":"28050","streetAddress":"Avenida de Burgos 114"},"brand":["Infoempleo"]},{"@type":"Person","@id":"https:\/\/empresas.infoempleo.com\/hrtrends\/#\/schema\/person\/eee830fc2082cd3b52302e59ea0d2c05","name":"Laura de Cubas","image":{"@type":"ImageObject","inLanguage":"es","@id":"https:\/\/empresas.infoempleo.com\/hrtrends\/#\/schema\/person\/image\/","url":"https:\/\/secure.gravatar.com\/avatar\/c13d88dcd67943e13f74372e711c3ba2accf296b195ba5dd59566bd5f5df94c8?s=96&d=mm&r=g","contentUrl":"https:\/\/secure.gravatar.com\/avatar\/c13d88dcd67943e13f74372e711c3ba2accf296b195ba5dd59566bd5f5df94c8?s=96&d=mm&r=g","caption":"Laura de Cubas"},"url":"https:\/\/empresas.infoempleo.com\/hrtrends\/author\/laura-de-cubas\/"}]}},"amp_enabled":true,"_links":{"self":[{"href":"https:\/\/empresas.infoempleo.com\/hrtrends\/wp-json\/wp\/v2\/posts\/10138","targetHints":{"allow":["GET"]}}],"collection":[{"href":"https:\/\/empresas.infoempleo.com\/hrtrends\/wp-json\/wp\/v2\/posts"}],"about":[{"href":"https:\/\/empresas.infoempleo.com\/hrtrends\/wp-json\/wp\/v2\/types\/post"}],"author":[{"embeddable":true,"href":"https:\/\/empresas.infoempleo.com\/hrtrends\/wp-json\/wp\/v2\/users\/35"}],"replies":[{"embeddable":true,"href":"https:\/\/empresas.infoempleo.com\/hrtrends\/wp-json\/wp\/v2\/comments?post=10138"}],"version-history":[{"count":1,"href":"https:\/\/empresas.infoempleo.com\/hrtrends\/wp-json\/wp\/v2\/posts\/10138\/revisions"}],"predecessor-version":[{"id":42539,"href":"https:\/\/empresas.infoempleo.com\/hrtrends\/wp-json\/wp\/v2\/posts\/10138\/revisions\/42539"}],"wp:featuredmedia":[{"embeddable":true,"href":"https:\/\/empresas.infoempleo.com\/hrtrends\/wp-json\/wp\/v2\/media\/29665"}],"wp:attachment":[{"href":"https:\/\/empresas.infoempleo.com\/hrtrends\/wp-json\/wp\/v2\/media?parent=10138"}],"wp:term":[{"taxonomy":"category","embeddable":true,"href":"https:\/\/empresas.infoempleo.com\/hrtrends\/wp-json\/wp\/v2\/categories?post=10138"},{"taxonomy":"post_tag","embeddable":true,"href":"https:\/\/empresas.infoempleo.com\/hrtrends\/wp-json\/wp\/v2\/tags?post=10138"}],"curies":[{"name":"wp","href":"https:\/\/api.w.org\/{rel}","templated":true}]}}