{"id":10110,"date":"2010-06-28T09:29:04","date_gmt":"2010-06-28T08:29:04","guid":{"rendered":"http:\/\/blog.infoempleo.com\/?p=10110"},"modified":"2023-02-03T15:06:33","modified_gmt":"2023-02-03T13:06:33","slug":"nuevos-profesionales-en-sus-puestos-48","status":"publish","type":"post","link":"https:\/\/empresas.infoempleo.com\/hrtrends\/nuevos-profesionales-en-sus-puestos-48\/","title":{"rendered":"Nuevos profesionales en sus puestos"},"content":{"rendered":"<p><img loading=\"lazy\" decoding=\"async\" class=\"alignnone size-full wp-image-10112\" src=\"https:\/\/empresas.infoempleo.com\/hrtrends\/media\/2010\/06\/nom141.jpg\" alt=\"Carlos Dominguez\" width=\"112\" height=\"137\" \/><\/p>\n<p><strong>Carlos Dom\u00ednguez, director general comercial de <a class=\"wp-caption-dd\" title=\"Sanitas\" href=\"https:\/\/www.sanitas.es\/\" target=\"_blank\" rel=\"noopener\">Sanitas<\/a><\/strong><\/p>\n<p>Dom\u00ednguez,\u00a0que es licenciado en Administraci\u00f3n y Direcci\u00f3n de Empresas por ESERP y Executive MBA por el IE,\u00a0cuenta con una larga carrera profesional en Sanitas, donde empez\u00f3 a trabajar en 1986. Desde entonces ha desempe\u00f1ado los cargos de\u00a0director Provincial de Madrid-Sur, director del Canal Venta Directa, adjunto a la Direcci\u00f3n Territorial y director Provincial de Madrid.<\/p>\n<p>En 2004 fue nombrado director territorial de la zona Centro y Canarias,\u00a0 hasta convertirse en director ejecutivo de Canales y Coordinaci\u00f3n Comercial. Antes de su actual nombramiento, ocupaba el cargo de director ejecutivo de Servicios de Salud y Desarrollo de Negocio de Sanitas.<\/p>\n<p><img loading=\"lazy\" decoding=\"async\" class=\"alignnone size-full wp-image-10113\" src=\"https:\/\/empresas.infoempleo.com\/hrtrends\/media\/2010\/06\/nom231.jpg\" alt=\"Nieves Segovia\" width=\"112\" height=\"137\" \/><\/p>\n<p><strong>Nieves Segovia, presidenta de la <a class=\"wp-caption-dd\" title=\"SEK\" href=\"https:\/\/www.sek.es\/\" target=\"_blank\" rel=\"noopener\">Instituci\u00f3n Educativa SEK<\/a><\/strong><\/p>\n<p>El Consejo Directivo de la Instituci\u00f3n Educativa SEK aprob\u00f3 en la sesi\u00f3n del mes de junio y por unanimidad que Nieves Segovia Bonet, anterior Directora General desde 1990, pasase a ocupar la Presidencia de la Instituci\u00f3n.<\/p>\n<p>Adem\u00e1s, Segovia es vicepresidenta de la Fundaci\u00f3n Instituci\u00f3n Educativa SEK, iniciativa creada para profundizar en el conocimiento y el intercambio de experiencias en el \u00e1mbito de la Educaci\u00f3n y de la Cultura.<\/p>\n<p><img loading=\"lazy\" decoding=\"async\" class=\"alignnone size-full wp-image-10114\" src=\"https:\/\/empresas.infoempleo.com\/hrtrends\/media\/2010\/06\/nom331.jpg\" alt=\"Lorena Rojas\" width=\"112\" height=\"137\" \/><\/p>\n<p><strong>Lorena Rojas, gerente general de SGAIM en Per\u00fa<\/strong><\/p>\n<p>Antes de ser nombrada Gerente General de SGAIM Per\u00fa SAC, Lorena Rojas trabajaba como directora de Administraci\u00f3n y Sistemas en la entidad educativa SENATI en Per\u00fa, con responsabilidad en m\u00e1s de 63 sedes a nivel nacional.<\/p>\n<p>Con anterioridad, ha ocupado cargos como directora de Calidad del Grupo Telef\u00f3nica para Per\u00fa y Ecuador y la direcci\u00f3n de Organizaci\u00f3n y Sistemas dentro del mismo grupo, tras su paso por el Grupo Telef\u00f3nica en Espa\u00f1a como jefe de proyectos internacionales de consultor\u00eda.<\/p>\n<p><img loading=\"lazy\" decoding=\"async\" class=\"alignnone size-full wp-image-10116\" src=\"https:\/\/empresas.infoempleo.com\/hrtrends\/media\/2010\/06\/nom431.jpg\" alt=\"Rafael Ripoll\" width=\"112\" height=\"137\" \/><\/p>\n<p><strong>Rafael Ripoll, responsable de Marketing de<a class=\"wp-caption-dd\" title=\"Ahora soluciones\" href=\"https:\/\/www.ahora.es\/\" target=\"_blank\" rel=\"noopener\"> Ahora Soluciones<\/a><\/strong><\/p>\n<p>Ripoll dispone de amplia experiencia en el mundo industrial y est\u00e1 dando sus primeros pasos en el mundo TIC. A lo largo de su carrera profesional ha desarrollado puestos de responsabilidad, tanto en el \u00e1rea Comercial, como de Comunicaci\u00f3n y Marketing, principalmente en el sector juguetero o recientemente en moda pret a p\u00f2rter.<\/p>\n","protected":false},"excerpt":{"rendered":"<p>Carlos Dom\u00ednguez, director general comercial de Sanitas Dom\u00ednguez,\u00a0que es licenciado en Administraci\u00f3n y Direcci\u00f3n de Empresas por ESERP<a class=\"moretag\" href=\"https:\/\/empresas.infoempleo.com\/hrtrends\/nuevos-profesionales-en-sus-puestos-48\/\"> Leer m\u00e1s<\/a><\/p>\n","protected":false},"author":72,"featured_media":29665,"comment_status":"closed","ping_status":"open","sticky":false,"template":"","format":"standard","meta":{"footnotes":""},"categories":[3],"tags":[1018,227,178,207,70,877,2033,2034,46],"class_list":["post-10110","post","type-post","status-publish","format-standard","has-post-thumbnail","hentry","category-actualidad","tag-ie","tag-marketing","tag-nombramientos","tag-profesionales","tag-rrhh","tag-sanitas","tag-sek","tag-sgaim","tag-trayectoria"],"yoast_head":"<!-- This site is optimized with the Yoast SEO plugin v26.1.1 - https:\/\/yoast.com\/wordpress\/plugins\/seo\/ -->\n<title>Nuevos profesionales en sus puestos | HRTRENDS<\/title>\n<meta name=\"robots\" content=\"index, follow, max-snippet:-1, max-image-preview:large, max-video-preview:-1\" \/>\n<link rel=\"canonical\" href=\"https:\/\/empresas.infoempleo.com\/hrtrends\/nuevos-profesionales-en-sus-puestos-48\/\" \/>\n<meta property=\"og:locale\" content=\"es_ES\" \/>\n<meta property=\"og:type\" content=\"article\" \/>\n<meta property=\"og:title\" content=\"Nuevos profesionales en sus puestos | HRTRENDS\" \/>\n<meta property=\"og:description\" content=\"Carlos Dom\u00ednguez, director general comercial de Sanitas Dom\u00ednguez,\u00a0que es licenciado en Administraci\u00f3n y Direcci\u00f3n de Empresas por ESERP Leer m\u00e1s\" \/>\n<meta property=\"og:url\" content=\"https:\/\/empresas.infoempleo.com\/hrtrends\/nuevos-profesionales-en-sus-puestos-48\/\" \/>\n<meta property=\"og:site_name\" content=\"HRTRENDS\" \/>\n<meta property=\"article:publisher\" content=\"https:\/\/www.facebook.com\/Infoempleo\" \/>\n<meta property=\"article:published_time\" content=\"2010-06-28T08:29:04+00:00\" \/>\n<meta property=\"article:modified_time\" content=\"2023-02-03T13:06:33+00:00\" \/>\n<meta property=\"og:image\" content=\"https:\/\/empresas.infoempleo.com\/hrtrends\/media\/2017\/05\/pexels-photo-205508.jpg\" \/>\n\t<meta property=\"og:image:width\" content=\"1280\" \/>\n\t<meta property=\"og:image:height\" content=\"960\" \/>\n\t<meta property=\"og:image:type\" content=\"image\/jpeg\" \/>\n<meta name=\"author\" content=\"infoempleo\" \/>\n<meta name=\"twitter:card\" content=\"summary_large_image\" \/>\n<meta name=\"twitter:creator\" content=\"@infoempleo\" \/>\n<meta name=\"twitter:site\" content=\"@infoempleo\" \/>\n<meta name=\"twitter:label1\" content=\"Escrito por\" \/>\n\t<meta name=\"twitter:data1\" content=\"infoempleo\" \/>\n\t<meta name=\"twitter:label2\" content=\"Tiempo de lectura\" \/>\n\t<meta name=\"twitter:data2\" content=\"2 minutos\" \/>\n<script type=\"application\/ld+json\" class=\"yoast-schema-graph\">{\"@context\":\"https:\/\/schema.org\",\"@graph\":[{\"@type\":\"NewsArticle\",\"@id\":\"https:\/\/empresas.infoempleo.com\/hrtrends\/nuevos-profesionales-en-sus-puestos-48\/#article\",\"isPartOf\":{\"@id\":\"https:\/\/empresas.infoempleo.com\/hrtrends\/nuevos-profesionales-en-sus-puestos-48\/\"},\"author\":{\"name\":\"infoempleo\",\"@id\":\"https:\/\/empresas.infoempleo.com\/hrtrends\/#\/schema\/person\/67d3e276ffcc8b3ae0ebec816daf775a\"},\"headline\":\"Nuevos profesionales en sus puestos\",\"datePublished\":\"2010-06-28T08:29:04+00:00\",\"dateModified\":\"2023-02-03T13:06:33+00:00\",\"mainEntityOfPage\":{\"@id\":\"https:\/\/empresas.infoempleo.com\/hrtrends\/nuevos-profesionales-en-sus-puestos-48\/\"},\"wordCount\":358,\"publisher\":{\"@id\":\"https:\/\/empresas.infoempleo.com\/hrtrends\/#organization\"},\"image\":{\"@id\":\"https:\/\/empresas.infoempleo.com\/hrtrends\/nuevos-profesionales-en-sus-puestos-48\/#primaryimage\"},\"thumbnailUrl\":\"https:\/\/empresas.infoempleo.com\/hrtrends\/media\/2017\/05\/pexels-photo-205508.jpg\",\"keywords\":[\"IE\",\"marketing\",\"Nombramientos\",\"profesionales\",\"RRHH\",\"Sanitas\",\"SEK\",\"SGAIM\",\"trayectoria\"],\"articleSection\":[\"Actualidad\"],\"inLanguage\":\"es\",\"copyrightYear\":\"2010\",\"copyrightHolder\":{\"@id\":\"https:\/\/empresas.infoempleo.com\/hrtrends\/#organization\"}},{\"@type\":\"WebPage\",\"@id\":\"https:\/\/empresas.infoempleo.com\/hrtrends\/nuevos-profesionales-en-sus-puestos-48\/\",\"url\":\"https:\/\/empresas.infoempleo.com\/hrtrends\/nuevos-profesionales-en-sus-puestos-48\/\",\"name\":\"Nuevos profesionales en sus puestos | HRTRENDS\",\"isPartOf\":{\"@id\":\"https:\/\/empresas.infoempleo.com\/hrtrends\/#website\"},\"primaryImageOfPage\":{\"@id\":\"https:\/\/empresas.infoempleo.com\/hrtrends\/nuevos-profesionales-en-sus-puestos-48\/#primaryimage\"},\"image\":{\"@id\":\"https:\/\/empresas.infoempleo.com\/hrtrends\/nuevos-profesionales-en-sus-puestos-48\/#primaryimage\"},\"thumbnailUrl\":\"https:\/\/empresas.infoempleo.com\/hrtrends\/media\/2017\/05\/pexels-photo-205508.jpg\",\"datePublished\":\"2010-06-28T08:29:04+00:00\",\"dateModified\":\"2023-02-03T13:06:33+00:00\",\"breadcrumb\":{\"@id\":\"https:\/\/empresas.infoempleo.com\/hrtrends\/nuevos-profesionales-en-sus-puestos-48\/#breadcrumb\"},\"inLanguage\":\"es\",\"potentialAction\":[{\"@type\":\"ReadAction\",\"target\":[\"https:\/\/empresas.infoempleo.com\/hrtrends\/nuevos-profesionales-en-sus-puestos-48\/\"]}]},{\"@type\":\"ImageObject\",\"inLanguage\":\"es\",\"@id\":\"https:\/\/empresas.infoempleo.com\/hrtrends\/nuevos-profesionales-en-sus-puestos-48\/#primaryimage\",\"url\":\"https:\/\/empresas.infoempleo.com\/hrtrends\/media\/2017\/05\/pexels-photo-205508-150x150.jpg\",\"contentUrl\":\"https:\/\/empresas.infoempleo.com\/hrtrends\/media\/2017\/05\/pexels-photo-205508-150x150.jpg\",\"width\":150,\"height\":150},{\"@type\":\"BreadcrumbList\",\"@id\":\"https:\/\/empresas.infoempleo.com\/hrtrends\/nuevos-profesionales-en-sus-puestos-48\/#breadcrumb\",\"itemListElement\":[{\"@type\":\"ListItem\",\"position\":1,\"name\":\"Portada\",\"item\":\"https:\/\/empresas.infoempleo.com\/hrtrends\/\"},{\"@type\":\"ListItem\",\"position\":2,\"name\":\"Nuevos profesionales en sus puestos\"}]},{\"@type\":\"WebSite\",\"@id\":\"https:\/\/empresas.infoempleo.com\/hrtrends\/#website\",\"url\":\"https:\/\/empresas.infoempleo.com\/hrtrends\",\"name\":\"HRTrends by Infoempleo\",\"description\":\"\",\"publisher\":{\"@id\":\"https:\/\/empresas.infoempleo.com\/hrtrends\/#organization\"},\"potentialAction\":{\"@type\":\"SearchAction\",\"target\":\"https:\/\/empresas.infoempleo.com\/hrtrends\/?s={search_term_string}\",\"query-input\":\"required name=search_term_string\"},\"inLanguage\":\"es\"},{\"@type\":\"Organization\",\"@id\":\"https:\/\/empresas.infoempleo.com\/hrtrends\/#organization\",\"name\":\"Infoempleo\",\"url\":\"https:\/\/www.infoempleo.com\/\",\"logo\":{\"@type\":\"ImageObject\",\"@id\":\"https:\/\/empresas.infoempleo.com\/hrtrends\/#logo\",\"inLanguage\":\"es\",\"url\":\"https:\/\/cdnazure.infoempleo.com\/infoempleo\/assets\/style\/gfx\/logo.svg\",\"contentUrl\":\"https:\/\/cdnazure.infoempleo.com\/infoempleo\/assets\/style\/gfx\/logo.svg\",\"width\":150,\"height\":40,\"caption\":\"Infoempleo\"},\"image\":{\"@id\":\"https:\/\/empresas.infoempleo.com\/hrtrends\/#logo\"},\"sameAs\":[\"https:\/\/www.facebook.com\/Infoempleo\",\"https:\/\/x.com\/infoempleo\",\"http:\/\/instagram.com\/infoempleo\/\",\"http:\/\/www.linkedin.com\/groups\/Empleo-Espa\u00f1a-Infoempleocom-111276\",\"http:\/\/pinterest.com\/infoempleo\/\"],\"address\":{\"@type\":\"PostalAddress\",\"addressLocality\":\"Madrid\",\"postalCode\":\"28050\",\"streetAddress\":\"Avenida de Burgos 114\"},\"brand\":[\"Infoempleo\"]},{\"@type\":\"Person\",\"@id\":\"https:\/\/empresas.infoempleo.com\/hrtrends\/#\/schema\/person\/67d3e276ffcc8b3ae0ebec816daf775a\",\"name\":\"infoempleo\",\"image\":{\"@type\":\"ImageObject\",\"inLanguage\":\"es\",\"@id\":\"https:\/\/empresas.infoempleo.com\/hrtrends\/#\/schema\/person\/image\/\",\"url\":\"https:\/\/secure.gravatar.com\/avatar\/7b437777242fe67d2473c2a818da2344692d1ee91e91080ccffbd97bcd4a0975?s=96&d=mm&r=g\",\"contentUrl\":\"https:\/\/secure.gravatar.com\/avatar\/7b437777242fe67d2473c2a818da2344692d1ee91e91080ccffbd97bcd4a0975?s=96&d=mm&r=g\",\"caption\":\"infoempleo\"},\"url\":\"https:\/\/empresas.infoempleo.com\/hrtrends\/author\/infoempleo\/\"}]}<\/script>\n<!-- \/ Yoast SEO plugin. -->","yoast_head_json":{"title":"Nuevos profesionales en sus puestos | HRTRENDS","robots":{"index":"index","follow":"follow","max-snippet":"max-snippet:-1","max-image-preview":"max-image-preview:large","max-video-preview":"max-video-preview:-1"},"canonical":"https:\/\/empresas.infoempleo.com\/hrtrends\/nuevos-profesionales-en-sus-puestos-48\/","og_locale":"es_ES","og_type":"article","og_title":"Nuevos profesionales en sus puestos | HRTRENDS","og_description":"Carlos Dom\u00ednguez, director general comercial de Sanitas Dom\u00ednguez,\u00a0que es licenciado en Administraci\u00f3n y Direcci\u00f3n de Empresas por ESERP Leer m\u00e1s","og_url":"https:\/\/empresas.infoempleo.com\/hrtrends\/nuevos-profesionales-en-sus-puestos-48\/","og_site_name":"HRTRENDS","article_publisher":"https:\/\/www.facebook.com\/Infoempleo","article_published_time":"2010-06-28T08:29:04+00:00","article_modified_time":"2023-02-03T13:06:33+00:00","og_image":[{"width":1280,"height":960,"url":"https:\/\/empresas.infoempleo.com\/hrtrends\/media\/2017\/05\/pexels-photo-205508.jpg","type":"image\/jpeg"}],"author":"infoempleo","twitter_card":"summary_large_image","twitter_creator":"@infoempleo","twitter_site":"@infoempleo","twitter_misc":{"Escrito por":"infoempleo","Tiempo de lectura":"2 minutos"},"schema":{"@context":"https:\/\/schema.org","@graph":[{"@type":"NewsArticle","@id":"https:\/\/empresas.infoempleo.com\/hrtrends\/nuevos-profesionales-en-sus-puestos-48\/#article","isPartOf":{"@id":"https:\/\/empresas.infoempleo.com\/hrtrends\/nuevos-profesionales-en-sus-puestos-48\/"},"author":{"name":"infoempleo","@id":"https:\/\/empresas.infoempleo.com\/hrtrends\/#\/schema\/person\/67d3e276ffcc8b3ae0ebec816daf775a"},"headline":"Nuevos profesionales en sus puestos","datePublished":"2010-06-28T08:29:04+00:00","dateModified":"2023-02-03T13:06:33+00:00","mainEntityOfPage":{"@id":"https:\/\/empresas.infoempleo.com\/hrtrends\/nuevos-profesionales-en-sus-puestos-48\/"},"wordCount":358,"publisher":{"@id":"https:\/\/empresas.infoempleo.com\/hrtrends\/#organization"},"image":{"@id":"https:\/\/empresas.infoempleo.com\/hrtrends\/nuevos-profesionales-en-sus-puestos-48\/#primaryimage"},"thumbnailUrl":"https:\/\/empresas.infoempleo.com\/hrtrends\/media\/2017\/05\/pexels-photo-205508.jpg","keywords":["IE","marketing","Nombramientos","profesionales","RRHH","Sanitas","SEK","SGAIM","trayectoria"],"articleSection":["Actualidad"],"inLanguage":"es","copyrightYear":"2010","copyrightHolder":{"@id":"https:\/\/empresas.infoempleo.com\/hrtrends\/#organization"}},{"@type":"WebPage","@id":"https:\/\/empresas.infoempleo.com\/hrtrends\/nuevos-profesionales-en-sus-puestos-48\/","url":"https:\/\/empresas.infoempleo.com\/hrtrends\/nuevos-profesionales-en-sus-puestos-48\/","name":"Nuevos profesionales en sus puestos | HRTRENDS","isPartOf":{"@id":"https:\/\/empresas.infoempleo.com\/hrtrends\/#website"},"primaryImageOfPage":{"@id":"https:\/\/empresas.infoempleo.com\/hrtrends\/nuevos-profesionales-en-sus-puestos-48\/#primaryimage"},"image":{"@id":"https:\/\/empresas.infoempleo.com\/hrtrends\/nuevos-profesionales-en-sus-puestos-48\/#primaryimage"},"thumbnailUrl":"https:\/\/empresas.infoempleo.com\/hrtrends\/media\/2017\/05\/pexels-photo-205508.jpg","datePublished":"2010-06-28T08:29:04+00:00","dateModified":"2023-02-03T13:06:33+00:00","breadcrumb":{"@id":"https:\/\/empresas.infoempleo.com\/hrtrends\/nuevos-profesionales-en-sus-puestos-48\/#breadcrumb"},"inLanguage":"es","potentialAction":[{"@type":"ReadAction","target":["https:\/\/empresas.infoempleo.com\/hrtrends\/nuevos-profesionales-en-sus-puestos-48\/"]}]},{"@type":"ImageObject","inLanguage":"es","@id":"https:\/\/empresas.infoempleo.com\/hrtrends\/nuevos-profesionales-en-sus-puestos-48\/#primaryimage","url":"https:\/\/empresas.infoempleo.com\/hrtrends\/media\/2017\/05\/pexels-photo-205508-150x150.jpg","contentUrl":"https:\/\/empresas.infoempleo.com\/hrtrends\/media\/2017\/05\/pexels-photo-205508-150x150.jpg","width":150,"height":150},{"@type":"BreadcrumbList","@id":"https:\/\/empresas.infoempleo.com\/hrtrends\/nuevos-profesionales-en-sus-puestos-48\/#breadcrumb","itemListElement":[{"@type":"ListItem","position":1,"name":"Portada","item":"https:\/\/empresas.infoempleo.com\/hrtrends\/"},{"@type":"ListItem","position":2,"name":"Nuevos profesionales en sus puestos"}]},{"@type":"WebSite","@id":"https:\/\/empresas.infoempleo.com\/hrtrends\/#website","url":"https:\/\/empresas.infoempleo.com\/hrtrends","name":"HRTrends by Infoempleo","description":"","publisher":{"@id":"https:\/\/empresas.infoempleo.com\/hrtrends\/#organization"},"potentialAction":{"@type":"SearchAction","target":"https:\/\/empresas.infoempleo.com\/hrtrends\/?s={search_term_string}","query-input":"required name=search_term_string"},"inLanguage":"es"},{"@type":"Organization","@id":"https:\/\/empresas.infoempleo.com\/hrtrends\/#organization","name":"Infoempleo","url":"https:\/\/www.infoempleo.com\/","logo":{"@type":"ImageObject","@id":"https:\/\/empresas.infoempleo.com\/hrtrends\/#logo","inLanguage":"es","url":"https:\/\/cdnazure.infoempleo.com\/infoempleo\/assets\/style\/gfx\/logo.svg","contentUrl":"https:\/\/cdnazure.infoempleo.com\/infoempleo\/assets\/style\/gfx\/logo.svg","width":150,"height":40,"caption":"Infoempleo"},"image":{"@id":"https:\/\/empresas.infoempleo.com\/hrtrends\/#logo"},"sameAs":["https:\/\/www.facebook.com\/Infoempleo","https:\/\/x.com\/infoempleo","http:\/\/instagram.com\/infoempleo\/","http:\/\/www.linkedin.com\/groups\/Empleo-Espa\u00f1a-Infoempleocom-111276","http:\/\/pinterest.com\/infoempleo\/"],"address":{"@type":"PostalAddress","addressLocality":"Madrid","postalCode":"28050","streetAddress":"Avenida de Burgos 114"},"brand":["Infoempleo"]},{"@type":"Person","@id":"https:\/\/empresas.infoempleo.com\/hrtrends\/#\/schema\/person\/67d3e276ffcc8b3ae0ebec816daf775a","name":"infoempleo","image":{"@type":"ImageObject","inLanguage":"es","@id":"https:\/\/empresas.infoempleo.com\/hrtrends\/#\/schema\/person\/image\/","url":"https:\/\/secure.gravatar.com\/avatar\/7b437777242fe67d2473c2a818da2344692d1ee91e91080ccffbd97bcd4a0975?s=96&d=mm&r=g","contentUrl":"https:\/\/secure.gravatar.com\/avatar\/7b437777242fe67d2473c2a818da2344692d1ee91e91080ccffbd97bcd4a0975?s=96&d=mm&r=g","caption":"infoempleo"},"url":"https:\/\/empresas.infoempleo.com\/hrtrends\/author\/infoempleo\/"}]}},"amp_enabled":true,"_links":{"self":[{"href":"https:\/\/empresas.infoempleo.com\/hrtrends\/wp-json\/wp\/v2\/posts\/10110","targetHints":{"allow":["GET"]}}],"collection":[{"href":"https:\/\/empresas.infoempleo.com\/hrtrends\/wp-json\/wp\/v2\/posts"}],"about":[{"href":"https:\/\/empresas.infoempleo.com\/hrtrends\/wp-json\/wp\/v2\/types\/post"}],"author":[{"embeddable":true,"href":"https:\/\/empresas.infoempleo.com\/hrtrends\/wp-json\/wp\/v2\/users\/72"}],"replies":[{"embeddable":true,"href":"https:\/\/empresas.infoempleo.com\/hrtrends\/wp-json\/wp\/v2\/comments?post=10110"}],"version-history":[{"count":1,"href":"https:\/\/empresas.infoempleo.com\/hrtrends\/wp-json\/wp\/v2\/posts\/10110\/revisions"}],"predecessor-version":[{"id":42534,"href":"https:\/\/empresas.infoempleo.com\/hrtrends\/wp-json\/wp\/v2\/posts\/10110\/revisions\/42534"}],"wp:featuredmedia":[{"embeddable":true,"href":"https:\/\/empresas.infoempleo.com\/hrtrends\/wp-json\/wp\/v2\/media\/29665"}],"wp:attachment":[{"href":"https:\/\/empresas.infoempleo.com\/hrtrends\/wp-json\/wp\/v2\/media?parent=10110"}],"wp:term":[{"taxonomy":"category","embeddable":true,"href":"https:\/\/empresas.infoempleo.com\/hrtrends\/wp-json\/wp\/v2\/categories?post=10110"},{"taxonomy":"post_tag","embeddable":true,"href":"https:\/\/empresas.infoempleo.com\/hrtrends\/wp-json\/wp\/v2\/tags?post=10110"}],"curies":[{"name":"wp","href":"https:\/\/api.w.org\/{rel}","templated":true}]}}