{"id":10109,"date":"2010-06-28T08:41:40","date_gmt":"2010-06-28T07:41:40","guid":{"rendered":"http:\/\/blog.infoempleo.com\/?p=10109"},"modified":"2024-08-29T17:41:39","modified_gmt":"2024-08-29T15:41:39","slug":"el-sufrimiento-no-es-util-para-el-ser-humano","status":"publish","type":"post","link":"https:\/\/empresas.infoempleo.com\/hrtrends\/el-sufrimiento-no-es-util-para-el-ser-humano\/","title":{"rendered":"\u00abEl sufrimiento no es \u00fatil para el ser humano\u00bb"},"content":{"rendered":"<p style=\"text-align: center\">\u00a0<\/p>\n<p>\u2013Mam\u00e1, cuando mueras, \u00bfquieres que te enterremos o te incineremos?<\/p>\n<p>\u2013Luis, sorpr\u00e9ndeme.<\/p>\n<p>Esta an\u00e9cdota tuvo por protagonistas a <a class=\"wp-caption-dd\" title=\"Luis Rojas Marcos\" href=\"https:\/\/luisrojasmarcos.com\/\" target=\"_blank\" rel=\"noopener\">Luis Rojas Marcos <\/a>(Sevilla, 1943) y a su madre y se desarroll\u00f3 unos a\u00f1os antes de que \u00e9sta muriera. El psiquiatra la cont\u00f3 el pasado lunes a los cientos de antiguos alumnos del <a class=\"wp-caption-dd\" title=\"IE Business School\" href=\"https:\/\/www.ie.edu\/\/\" target=\"_blank\" rel=\"noopener\">IE Business School<\/a> que se reunieron en Madrid para celebrar su conferencia anual. Se trataba de demostrar con un ejemplo, real e incardinado en sus recuerdos familiares, que <strong>incluso un tema tan delicado y doloroso como la muerte se puede abordar con sentido del humor<\/strong>.<\/p>\n<p>Al modo de afrontar las desgracias que acontecen en todas las vidas \u2014Rojas Marcos estima que, por t\u00e9rmino medio, cada persona se enfrenta a dos crisis graves en el transcurso de su existencia\u2014, el prestigioso psiquiatra dedica su \u00faltimo libro: \u2018Superar la adversidad. El poder de la resiliencia\u2019 (Espasa). El autor ha rescatado un concepto de la f\u00edsica, \u2018resiliencia\u2019, para hacer referencia a una cualidad que combina la resistencia con la flexibilidad y que, seg\u00fan \u00e9l, es innata a la naturaleza humana. \u00ab<strong>Hay una fuerza natural, gen\u00e9tica, que nos ayuda de forma espont\u00e1nea a sobrevivir\u00bb<\/strong>, coment\u00f3 en una entrevista celebrada poco antes de su conferencia.<\/p>\n<p>Visto as\u00ed, pudiera parecer que los reveses son \u00fatiles, hasta deseables. M\u00e1xime en un contexto donde se repite, casi como un mantra, aquello de que crisis significa tambi\u00e9n oportunidad. \u00bfDe verdad merece la pena pasar por malas rachas por el poso de aprendizaje que nos puedan dejar? \u00abCreo que no. El sufrimiento en s\u00ed no es \u00fatil para el ser humano. Lo que sucede es que la lucha para superar esa adversidad nos ayuda a descubrir aspectos que tenemos y que desconoc\u00edamos. A menudo te dicen \u2018yo de aquella enfermedad, o del d\u00eda en que me despidieron del trabajo, aprend\u00ed que era m\u00e1s fuerte de lo que cre\u00eda\u2019. Pero esa idea, que tambi\u00e9n abunda, de que nos hacemos fuertes porque nos enfrentamos a desgracias, no es real. De hecho, <strong>el ser humano tiene un l\u00edmite, y las personas que tienen m\u00e1s dificultades para levantarse tras una crisis es que ya han tenido otras<\/strong>. Cuando estudiamos hoy qui\u00e9n se repuso antes del _11-S en Nueva York, comprobamos que aquellos que, por ejemplo, ya hab\u00edan padecido la muerte de un ser querido, han tenido m\u00e1s problemas en su recuperaci\u00f3n que aquellos otros que, con el atentado, encajaron su primer golpe\u00bb, explica el psiquiatra, que vive afincado en Nueva York desde hace 42 a\u00f1os y era responsable de los hospitales p\u00fablicos de la ciudad aquel 11 de septiembre de 2001, d\u00eda de los ataques terroristas contra las Torres Gemelas.<\/p>\n<h3>Los m\u00e1s flexibles<\/h3>\n<p>A modo de lema o declaraci\u00f3n de principios, hay una frase de Darwin que encabeza el \u00faltimo t\u00edtulo de Rojas Marcos. \u00abNo son los m\u00e1s fuertes de la especie los que sobreviven, ni los m\u00e1s inteligentes. <strong>Sobreviven los m\u00e1s flexibles y adaptables a los cambios\u00bb<\/strong>, dec\u00eda el autor de <a class=\"wp-caption-dd\" title=\"Darwin\" href=\"https:\/\/es.wikipedia.org\/wiki\/El_origen_de_las_especies\" target=\"_blank\" rel=\"noopener\">\u2018El origen de las especies\u2019<\/a>. Y en un contexto como el actual, donde los cambios en el mundo laboral son constantes, la sentencia cobra un renovado valor. El psiquiatra lo sabe, y relaciona la adversidad con el nuevo signo de los tiempos, la incertidumbre. \u00abPor lo menos las dos terceras partes de nuestras conversaciones tienen que ver con el futuro. Si nuestro sentido del futuro, que forma parte de nuestra definici\u00f3n como especie, se ve amenazado, nos sentimos muy vulnerables\u00bb.<\/p>\n<p>En medio de las turbulencias, hay profesionales que identifican el \u00e9xito de su vida con el trabajo. Ya dec\u00eda el psiquiatra Carlos Castilla del Pino que \u00abel gran fracaso es no poder realizarse\u00bb. Rojas Marcos admite que<strong> \u00abel desequilibrio entre aspiraciones y oportunidades es una causa muy frecuente de estr\u00e9s que afecta a la autoestima\u00bb<\/strong>, aunque tambi\u00e9n advierte de que esas aspiraciones deben estar a la altura de las aptitudes del profesional y sus probabilidades reales de \u00e9xito.\u00a0<\/p>\n<h3>Para encajar los golpes:<\/h3>\n<p style=\"padding-left: 30px\"><strong>Relaci\u00f3nese.<\/strong> \u00abLas personas que forman parte de un grupo, que est\u00e1n conectadas afectivamente a otras, superan mejor la adversidad\u00bb.<\/p>\n<p style=\"padding-left: 30px\"><strong>Practique el autocontrol.<\/strong> En situaciones extremas, como cat\u00e1strofes naturales, aquellos que\u00a0sienten un control sobre la situaci\u00f3n, tienen m\u00e1s posibilidades de sobrevivir. \u00abLa idea &#8216;que sea lo que Dios quiera&#8217; no es \u00fatil\u00bb.<\/p>\n<p style=\"padding-left: 30px\"><strong>Porque yo lo valgo.<\/strong> \u00abAyuda tener una autoestima razonable\u00bb.<\/p>\n<p style=\"padding-left: 30px\"><strong>Arriba ese \u00e1nimo.<\/strong> \u00abEl optimismo se asienta sobre el presente, el pasado y el futuro\u00bb.<\/p>\n<p style=\"padding-left: 30px\"><strong>Tengo un p\u00e1lpito<\/strong>. Ante la sospecha de un acontecimiento aciago, \u00abla intuici\u00f3n es m\u00e1s recomendable que dejarse llevar\u00bb.<\/p>\n<p style=\"padding-left: 30px\"><strong>R\u00edase.<\/strong> \u00abEl sentido del humor nos ayuda a ver las cosas con cierta perspectiva\u00bb.<\/p>\n","protected":false},"excerpt":{"rendered":"<p>En su \u00faltimo libro, el psiquiatra Luis Rojas Marcos ahonda en la capacidad de la especie para superar las crisis m\u00e1s graves.<\/p>\n","protected":false},"author":34,"featured_media":29665,"comment_status":"closed","ping_status":"open","sticky":false,"template":"","format":"standard","meta":{"footnotes":""},"categories":[3],"tags":[2027,2028,2029,1171,2030,2031,589],"class_list":["post-10109","post","type-post","status-publish","format-standard","has-post-thumbnail","hentry","category-actualidad","tag-adversidad","tag-carlos-castilla-del-pino","tag-darwin","tag-ie-business-school","tag-luis-rojas-marcos","tag-psiquiatria","tag-resiliencia"],"yoast_head":"<!-- This site is optimized with the Yoast SEO plugin v26.1.1 - https:\/\/yoast.com\/wordpress\/plugins\/seo\/ -->\n<title>&quot;El sufrimiento no es \u00fatil para el ser humano&quot; | HRTRENDS<\/title>\n<meta name=\"robots\" content=\"index, follow, max-snippet:-1, max-image-preview:large, max-video-preview:-1\" \/>\n<link rel=\"canonical\" href=\"https:\/\/empresas.infoempleo.com\/hrtrends\/el-sufrimiento-no-es-util-para-el-ser-humano\/\" \/>\n<meta property=\"og:locale\" content=\"es_ES\" \/>\n<meta property=\"og:type\" content=\"article\" \/>\n<meta property=\"og:title\" content=\"&quot;El sufrimiento no es \u00fatil para el ser humano&quot; | HRTRENDS\" \/>\n<meta property=\"og:description\" content=\"En su \u00faltimo libro, el psiquiatra Luis Rojas Marcos ahonda en la capacidad de la especie para superar las crisis m\u00e1s graves.\" \/>\n<meta property=\"og:url\" content=\"https:\/\/empresas.infoempleo.com\/hrtrends\/el-sufrimiento-no-es-util-para-el-ser-humano\/\" \/>\n<meta property=\"og:site_name\" content=\"HRTRENDS\" \/>\n<meta property=\"article:publisher\" content=\"https:\/\/www.facebook.com\/Infoempleo\" \/>\n<meta property=\"article:published_time\" content=\"2010-06-28T07:41:40+00:00\" \/>\n<meta property=\"article:modified_time\" content=\"2024-08-29T15:41:39+00:00\" \/>\n<meta name=\"author\" content=\"Rosario Sep\u00falveda\" \/>\n<meta name=\"twitter:card\" content=\"summary_large_image\" \/>\n<meta name=\"twitter:creator\" content=\"@infoempleo\" \/>\n<meta name=\"twitter:site\" content=\"@infoempleo\" \/>\n<meta name=\"twitter:label1\" content=\"Escrito por\" \/>\n\t<meta name=\"twitter:data1\" content=\"Rosario Sep\u00falveda\" \/>\n\t<meta name=\"twitter:label2\" content=\"Tiempo de lectura\" \/>\n\t<meta name=\"twitter:data2\" content=\"4 minutos\" \/>\n<script type=\"application\/ld+json\" class=\"yoast-schema-graph\">{\"@context\":\"https:\/\/schema.org\",\"@graph\":[{\"@type\":\"NewsArticle\",\"@id\":\"https:\/\/empresas.infoempleo.com\/hrtrends\/el-sufrimiento-no-es-util-para-el-ser-humano\/#article\",\"isPartOf\":{\"@id\":\"https:\/\/empresas.infoempleo.com\/hrtrends\/el-sufrimiento-no-es-util-para-el-ser-humano\/\"},\"author\":{\"name\":\"Rosario Sep\u00falveda\",\"@id\":\"https:\/\/empresas.infoempleo.com\/hrtrends\/#\/schema\/person\/2a45835f1492cbc7fbce11ad398707a8\"},\"headline\":\"\u00abEl sufrimiento no es \u00fatil para el ser humano\u00bb\",\"datePublished\":\"2010-06-28T07:41:40+00:00\",\"dateModified\":\"2024-08-29T15:41:39+00:00\",\"mainEntityOfPage\":{\"@id\":\"https:\/\/empresas.infoempleo.com\/hrtrends\/el-sufrimiento-no-es-util-para-el-ser-humano\/\"},\"wordCount\":808,\"publisher\":{\"@id\":\"https:\/\/empresas.infoempleo.com\/hrtrends\/#organization\"},\"image\":{\"@id\":\"https:\/\/empresas.infoempleo.com\/hrtrends\/el-sufrimiento-no-es-util-para-el-ser-humano\/#primaryimage\"},\"thumbnailUrl\":\"https:\/\/empresas.infoempleo.com\/hrtrends\/media\/2017\/05\/pexels-photo-205508.jpg\",\"keywords\":[\"adversidad\",\"Carlos Castilla del Pino\",\"Darwin\",\"IE Business School\",\"Luis Rojas Marcos\",\"psiquiatr\u00eda\",\"Resiliencia\"],\"articleSection\":[\"Actualidad\"],\"inLanguage\":\"es\",\"copyrightYear\":\"2010\",\"copyrightHolder\":{\"@id\":\"https:\/\/empresas.infoempleo.com\/hrtrends\/#organization\"}},{\"@type\":\"WebPage\",\"@id\":\"https:\/\/empresas.infoempleo.com\/hrtrends\/el-sufrimiento-no-es-util-para-el-ser-humano\/\",\"url\":\"https:\/\/empresas.infoempleo.com\/hrtrends\/el-sufrimiento-no-es-util-para-el-ser-humano\/\",\"name\":\"\\\"El sufrimiento no es \u00fatil para el ser humano\\\" | HRTRENDS\",\"isPartOf\":{\"@id\":\"https:\/\/empresas.infoempleo.com\/hrtrends\/#website\"},\"primaryImageOfPage\":{\"@id\":\"https:\/\/empresas.infoempleo.com\/hrtrends\/el-sufrimiento-no-es-util-para-el-ser-humano\/#primaryimage\"},\"image\":{\"@id\":\"https:\/\/empresas.infoempleo.com\/hrtrends\/el-sufrimiento-no-es-util-para-el-ser-humano\/#primaryimage\"},\"thumbnailUrl\":\"https:\/\/empresas.infoempleo.com\/hrtrends\/media\/2017\/05\/pexels-photo-205508.jpg\",\"datePublished\":\"2010-06-28T07:41:40+00:00\",\"dateModified\":\"2024-08-29T15:41:39+00:00\",\"breadcrumb\":{\"@id\":\"https:\/\/empresas.infoempleo.com\/hrtrends\/el-sufrimiento-no-es-util-para-el-ser-humano\/#breadcrumb\"},\"inLanguage\":\"es\",\"potentialAction\":[{\"@type\":\"ReadAction\",\"target\":[\"https:\/\/empresas.infoempleo.com\/hrtrends\/el-sufrimiento-no-es-util-para-el-ser-humano\/\"]}]},{\"@type\":\"ImageObject\",\"inLanguage\":\"es\",\"@id\":\"https:\/\/empresas.infoempleo.com\/hrtrends\/el-sufrimiento-no-es-util-para-el-ser-humano\/#primaryimage\",\"url\":\"https:\/\/empresas.infoempleo.com\/hrtrends\/media\/2017\/05\/pexels-photo-205508-150x150.jpg\",\"contentUrl\":\"https:\/\/empresas.infoempleo.com\/hrtrends\/media\/2017\/05\/pexels-photo-205508-150x150.jpg\",\"width\":150,\"height\":150},{\"@type\":\"BreadcrumbList\",\"@id\":\"https:\/\/empresas.infoempleo.com\/hrtrends\/el-sufrimiento-no-es-util-para-el-ser-humano\/#breadcrumb\",\"itemListElement\":[{\"@type\":\"ListItem\",\"position\":1,\"name\":\"Portada\",\"item\":\"https:\/\/empresas.infoempleo.com\/hrtrends\/\"},{\"@type\":\"ListItem\",\"position\":2,\"name\":\"\u00abEl sufrimiento no es \u00fatil para el ser humano\u00bb\"}]},{\"@type\":\"WebSite\",\"@id\":\"https:\/\/empresas.infoempleo.com\/hrtrends\/#website\",\"url\":\"https:\/\/empresas.infoempleo.com\/hrtrends\",\"name\":\"HRTrends by Infoempleo\",\"description\":\"\",\"publisher\":{\"@id\":\"https:\/\/empresas.infoempleo.com\/hrtrends\/#organization\"},\"potentialAction\":{\"@type\":\"SearchAction\",\"target\":\"https:\/\/empresas.infoempleo.com\/hrtrends\/?s={search_term_string}\",\"query-input\":\"required name=search_term_string\"},\"inLanguage\":\"es\"},{\"@type\":\"Organization\",\"@id\":\"https:\/\/empresas.infoempleo.com\/hrtrends\/#organization\",\"name\":\"Infoempleo\",\"url\":\"https:\/\/www.infoempleo.com\/\",\"logo\":{\"@type\":\"ImageObject\",\"@id\":\"https:\/\/empresas.infoempleo.com\/hrtrends\/#logo\",\"inLanguage\":\"es\",\"url\":\"https:\/\/cdnazure.infoempleo.com\/infoempleo\/assets\/style\/gfx\/logo.svg\",\"contentUrl\":\"https:\/\/cdnazure.infoempleo.com\/infoempleo\/assets\/style\/gfx\/logo.svg\",\"width\":150,\"height\":40,\"caption\":\"Infoempleo\"},\"image\":{\"@id\":\"https:\/\/empresas.infoempleo.com\/hrtrends\/#logo\"},\"sameAs\":[\"https:\/\/www.facebook.com\/Infoempleo\",\"https:\/\/x.com\/infoempleo\",\"http:\/\/instagram.com\/infoempleo\/\",\"http:\/\/www.linkedin.com\/groups\/Empleo-Espa\u00f1a-Infoempleocom-111276\",\"http:\/\/pinterest.com\/infoempleo\/\"],\"address\":{\"@type\":\"PostalAddress\",\"addressLocality\":\"Madrid\",\"postalCode\":\"28050\",\"streetAddress\":\"Avenida de Burgos 114\"},\"brand\":[\"Infoempleo\"]},{\"@type\":\"Person\",\"@id\":\"https:\/\/empresas.infoempleo.com\/hrtrends\/#\/schema\/person\/2a45835f1492cbc7fbce11ad398707a8\",\"name\":\"Rosario Sep\u00falveda\",\"image\":{\"@type\":\"ImageObject\",\"inLanguage\":\"es\",\"@id\":\"https:\/\/empresas.infoempleo.com\/hrtrends\/#\/schema\/person\/image\/\",\"url\":\"https:\/\/secure.gravatar.com\/avatar\/01b4f37da8fd0cca9ded94ad0ab4a694814c54945a7c84e54495a93ea3a90e3b?s=96&d=mm&r=g\",\"contentUrl\":\"https:\/\/secure.gravatar.com\/avatar\/01b4f37da8fd0cca9ded94ad0ab4a694814c54945a7c84e54495a93ea3a90e3b?s=96&d=mm&r=g\",\"caption\":\"Rosario Sep\u00falveda\"},\"url\":\"https:\/\/empresas.infoempleo.com\/hrtrends\/author\/rosario-sepulveda\/\"}]}<\/script>\n<!-- \/ Yoast SEO plugin. -->","yoast_head_json":{"title":"\"El sufrimiento no es \u00fatil para el ser humano\" | HRTRENDS","robots":{"index":"index","follow":"follow","max-snippet":"max-snippet:-1","max-image-preview":"max-image-preview:large","max-video-preview":"max-video-preview:-1"},"canonical":"https:\/\/empresas.infoempleo.com\/hrtrends\/el-sufrimiento-no-es-util-para-el-ser-humano\/","og_locale":"es_ES","og_type":"article","og_title":"\"El sufrimiento no es \u00fatil para el ser humano\" | HRTRENDS","og_description":"En su \u00faltimo libro, el psiquiatra Luis Rojas Marcos ahonda en la capacidad de la especie para superar las crisis m\u00e1s graves.","og_url":"https:\/\/empresas.infoempleo.com\/hrtrends\/el-sufrimiento-no-es-util-para-el-ser-humano\/","og_site_name":"HRTRENDS","article_publisher":"https:\/\/www.facebook.com\/Infoempleo","article_published_time":"2010-06-28T07:41:40+00:00","article_modified_time":"2024-08-29T15:41:39+00:00","author":"Rosario Sep\u00falveda","twitter_card":"summary_large_image","twitter_creator":"@infoempleo","twitter_site":"@infoempleo","twitter_misc":{"Escrito por":"Rosario Sep\u00falveda","Tiempo de lectura":"4 minutos"},"schema":{"@context":"https:\/\/schema.org","@graph":[{"@type":"NewsArticle","@id":"https:\/\/empresas.infoempleo.com\/hrtrends\/el-sufrimiento-no-es-util-para-el-ser-humano\/#article","isPartOf":{"@id":"https:\/\/empresas.infoempleo.com\/hrtrends\/el-sufrimiento-no-es-util-para-el-ser-humano\/"},"author":{"name":"Rosario Sep\u00falveda","@id":"https:\/\/empresas.infoempleo.com\/hrtrends\/#\/schema\/person\/2a45835f1492cbc7fbce11ad398707a8"},"headline":"\u00abEl sufrimiento no es \u00fatil para el ser humano\u00bb","datePublished":"2010-06-28T07:41:40+00:00","dateModified":"2024-08-29T15:41:39+00:00","mainEntityOfPage":{"@id":"https:\/\/empresas.infoempleo.com\/hrtrends\/el-sufrimiento-no-es-util-para-el-ser-humano\/"},"wordCount":808,"publisher":{"@id":"https:\/\/empresas.infoempleo.com\/hrtrends\/#organization"},"image":{"@id":"https:\/\/empresas.infoempleo.com\/hrtrends\/el-sufrimiento-no-es-util-para-el-ser-humano\/#primaryimage"},"thumbnailUrl":"https:\/\/empresas.infoempleo.com\/hrtrends\/media\/2017\/05\/pexels-photo-205508.jpg","keywords":["adversidad","Carlos Castilla del Pino","Darwin","IE Business School","Luis Rojas Marcos","psiquiatr\u00eda","Resiliencia"],"articleSection":["Actualidad"],"inLanguage":"es","copyrightYear":"2010","copyrightHolder":{"@id":"https:\/\/empresas.infoempleo.com\/hrtrends\/#organization"}},{"@type":"WebPage","@id":"https:\/\/empresas.infoempleo.com\/hrtrends\/el-sufrimiento-no-es-util-para-el-ser-humano\/","url":"https:\/\/empresas.infoempleo.com\/hrtrends\/el-sufrimiento-no-es-util-para-el-ser-humano\/","name":"\"El sufrimiento no es \u00fatil para el ser humano\" | HRTRENDS","isPartOf":{"@id":"https:\/\/empresas.infoempleo.com\/hrtrends\/#website"},"primaryImageOfPage":{"@id":"https:\/\/empresas.infoempleo.com\/hrtrends\/el-sufrimiento-no-es-util-para-el-ser-humano\/#primaryimage"},"image":{"@id":"https:\/\/empresas.infoempleo.com\/hrtrends\/el-sufrimiento-no-es-util-para-el-ser-humano\/#primaryimage"},"thumbnailUrl":"https:\/\/empresas.infoempleo.com\/hrtrends\/media\/2017\/05\/pexels-photo-205508.jpg","datePublished":"2010-06-28T07:41:40+00:00","dateModified":"2024-08-29T15:41:39+00:00","breadcrumb":{"@id":"https:\/\/empresas.infoempleo.com\/hrtrends\/el-sufrimiento-no-es-util-para-el-ser-humano\/#breadcrumb"},"inLanguage":"es","potentialAction":[{"@type":"ReadAction","target":["https:\/\/empresas.infoempleo.com\/hrtrends\/el-sufrimiento-no-es-util-para-el-ser-humano\/"]}]},{"@type":"ImageObject","inLanguage":"es","@id":"https:\/\/empresas.infoempleo.com\/hrtrends\/el-sufrimiento-no-es-util-para-el-ser-humano\/#primaryimage","url":"https:\/\/empresas.infoempleo.com\/hrtrends\/media\/2017\/05\/pexels-photo-205508-150x150.jpg","contentUrl":"https:\/\/empresas.infoempleo.com\/hrtrends\/media\/2017\/05\/pexels-photo-205508-150x150.jpg","width":150,"height":150},{"@type":"BreadcrumbList","@id":"https:\/\/empresas.infoempleo.com\/hrtrends\/el-sufrimiento-no-es-util-para-el-ser-humano\/#breadcrumb","itemListElement":[{"@type":"ListItem","position":1,"name":"Portada","item":"https:\/\/empresas.infoempleo.com\/hrtrends\/"},{"@type":"ListItem","position":2,"name":"\u00abEl sufrimiento no es \u00fatil para el ser humano\u00bb"}]},{"@type":"WebSite","@id":"https:\/\/empresas.infoempleo.com\/hrtrends\/#website","url":"https:\/\/empresas.infoempleo.com\/hrtrends","name":"HRTrends by Infoempleo","description":"","publisher":{"@id":"https:\/\/empresas.infoempleo.com\/hrtrends\/#organization"},"potentialAction":{"@type":"SearchAction","target":"https:\/\/empresas.infoempleo.com\/hrtrends\/?s={search_term_string}","query-input":"required name=search_term_string"},"inLanguage":"es"},{"@type":"Organization","@id":"https:\/\/empresas.infoempleo.com\/hrtrends\/#organization","name":"Infoempleo","url":"https:\/\/www.infoempleo.com\/","logo":{"@type":"ImageObject","@id":"https:\/\/empresas.infoempleo.com\/hrtrends\/#logo","inLanguage":"es","url":"https:\/\/cdnazure.infoempleo.com\/infoempleo\/assets\/style\/gfx\/logo.svg","contentUrl":"https:\/\/cdnazure.infoempleo.com\/infoempleo\/assets\/style\/gfx\/logo.svg","width":150,"height":40,"caption":"Infoempleo"},"image":{"@id":"https:\/\/empresas.infoempleo.com\/hrtrends\/#logo"},"sameAs":["https:\/\/www.facebook.com\/Infoempleo","https:\/\/x.com\/infoempleo","http:\/\/instagram.com\/infoempleo\/","http:\/\/www.linkedin.com\/groups\/Empleo-Espa\u00f1a-Infoempleocom-111276","http:\/\/pinterest.com\/infoempleo\/"],"address":{"@type":"PostalAddress","addressLocality":"Madrid","postalCode":"28050","streetAddress":"Avenida de Burgos 114"},"brand":["Infoempleo"]},{"@type":"Person","@id":"https:\/\/empresas.infoempleo.com\/hrtrends\/#\/schema\/person\/2a45835f1492cbc7fbce11ad398707a8","name":"Rosario Sep\u00falveda","image":{"@type":"ImageObject","inLanguage":"es","@id":"https:\/\/empresas.infoempleo.com\/hrtrends\/#\/schema\/person\/image\/","url":"https:\/\/secure.gravatar.com\/avatar\/01b4f37da8fd0cca9ded94ad0ab4a694814c54945a7c84e54495a93ea3a90e3b?s=96&d=mm&r=g","contentUrl":"https:\/\/secure.gravatar.com\/avatar\/01b4f37da8fd0cca9ded94ad0ab4a694814c54945a7c84e54495a93ea3a90e3b?s=96&d=mm&r=g","caption":"Rosario Sep\u00falveda"},"url":"https:\/\/empresas.infoempleo.com\/hrtrends\/author\/rosario-sepulveda\/"}]}},"amp_enabled":true,"_links":{"self":[{"href":"https:\/\/empresas.infoempleo.com\/hrtrends\/wp-json\/wp\/v2\/posts\/10109","targetHints":{"allow":["GET"]}}],"collection":[{"href":"https:\/\/empresas.infoempleo.com\/hrtrends\/wp-json\/wp\/v2\/posts"}],"about":[{"href":"https:\/\/empresas.infoempleo.com\/hrtrends\/wp-json\/wp\/v2\/types\/post"}],"author":[{"embeddable":true,"href":"https:\/\/empresas.infoempleo.com\/hrtrends\/wp-json\/wp\/v2\/users\/34"}],"replies":[{"embeddable":true,"href":"https:\/\/empresas.infoempleo.com\/hrtrends\/wp-json\/wp\/v2\/comments?post=10109"}],"version-history":[{"count":3,"href":"https:\/\/empresas.infoempleo.com\/hrtrends\/wp-json\/wp\/v2\/posts\/10109\/revisions"}],"predecessor-version":[{"id":44844,"href":"https:\/\/empresas.infoempleo.com\/hrtrends\/wp-json\/wp\/v2\/posts\/10109\/revisions\/44844"}],"wp:featuredmedia":[{"embeddable":true,"href":"https:\/\/empresas.infoempleo.com\/hrtrends\/wp-json\/wp\/v2\/media\/29665"}],"wp:attachment":[{"href":"https:\/\/empresas.infoempleo.com\/hrtrends\/wp-json\/wp\/v2\/media?parent=10109"}],"wp:term":[{"taxonomy":"category","embeddable":true,"href":"https:\/\/empresas.infoempleo.com\/hrtrends\/wp-json\/wp\/v2\/categories?post=10109"},{"taxonomy":"post_tag","embeddable":true,"href":"https:\/\/empresas.infoempleo.com\/hrtrends\/wp-json\/wp\/v2\/tags?post=10109"}],"curies":[{"name":"wp","href":"https:\/\/api.w.org\/{rel}","templated":true}]}}